{"id":1953,"date":"2026-06-05T05:35:24","date_gmt":"2026-06-04T21:35:24","guid":{"rendered":"https:\/\/regencargobikes.com\/porsche-exits-ebike-market-2026\/"},"modified":"2026-06-05T05:35:24","modified_gmt":"2026-06-04T21:35:24","slug":"porsche-exits-ebike-market-2026","status":"publish","type":"post","link":"https:\/\/regencargobikes.com\/fi\/porsche-exits-ebike-market-2026\/","title":{"rendered":"Porsche sulkee s\u00e4hk\u00f6py\u00f6r\u00e4liiketoimintansa osana laajempaa uudelleenj\u00e4rjestely\u00e4"},"content":{"rendered":"<p>Porsche vet\u00e4ytyy yhdest\u00e4 n\u00e4kyvimmist\u00e4 s\u00e4hk\u00f6py\u00f6r\u00e4teknologiapanostuksistaan. Yhti\u00f6 sulkee Porsche eBike Performance GmbH:n, yksik\u00f6n, joka rakennettiin sen vuonna 2022 hankkiman Fazua-k\u00e4ytt\u00f6j\u00e4rjestelm\u00e4liiketoiminnan ymp\u00e4rille.<\/p>\n<figure class=\"wp-block-image size-full\"><img decoding=\"async\" src=\"https:\/\/regencargobikes.com\/wp-content\/uploads\/2026\/06\/porsche-techcrunch-macan-getty.jpg\" alt=\"Porschen s\u00e4hk\u00f6autojen tuotantokuva k\u00e4ytetty TechCrunchin kattauksessa Porschen uudelleenj\u00e4rjestelyst\u00e4\"\/><figcaption>Kuvan l\u00e4hde: TechCrunch; valokuva: Sebastian Gollnow\/picture alliance Getty Imagesin kautta.<\/figcaption><\/figure>\n<p>P\u00e4\u00e4t\u00f6s ei rajoitu s\u00e4hk\u00f6py\u00f6riin. Porsche sulkee my\u00f6s Cellforce Groupin, suorituskykyisten akkujen tyt\u00e4ryhti\u00f6n, sek\u00e4 Cetitecin, ohjelmistoyrityksen. Yhteens\u00e4 sulkemiset vaikuttavat yli 500 ty\u00f6ntekij\u00e4\u00e4n.<\/p>\n<p>Lyhyt versio on t\u00e4m\u00e4: Porsche keskittyy uudelleen ydintoiminta-alueisiinsa, kun useat kunnianhimoiset teknologiapanostukset ovat tulleet vaikeammiksi perustella viilentyneill\u00e4 markkinoilla.<\/p><div id=\"regen-1338852367\" class=\"regen-test-placement-from-wizard-2878267818 regen-entity-placement\"><script async src=\"https:\/\/pagead2.googlesyndication.com\/pagead\/js\/adsbygoogle.js?client=ca-pub-1076230867169041\"\n     crossorigin=\"anonymous\"><\/script><\/div><div id=\"regen-1262756780\" class=\"regen-test-placement-from-wizard-1604397851 regen-entity-placement\"><script async src=\"https:\/\/pagead2.googlesyndication.com\/pagead\/js\/adsbygoogle.js?client=ca-pub-1076230867169041\"\n     crossorigin=\"anonymous\"><\/script><\/div>\n<h2>Mit\u00e4 Porsche ilmoitti<\/h2>\n<p>TechCrunchin, BikeRadarin ja Bicycle Retailer and Industry Newsin raporttien mukaan Porsche sulkee kolme tyt\u00e4ryhti\u00f6t\u00e4:<\/p>\n<table>\n<thead>\n<tr>\n<th>Tyt\u00e4ryhti\u00f6<\/th>\n<th>P\u00e4\u00e4toimiala<\/th>\n<th>Keskeiset sijainnit<\/th>\n<\/tr>\n<\/thead>\n<tbody>\n<tr>\n<td>Porsche eBike Performance GmbH<\/td>\n<td>S\u00e4hk\u00f6py\u00f6r\u00e4n k\u00e4ytt\u00f6j\u00e4rjestelm\u00e4t<\/td>\n<td>Saksa ja Kroatia<\/td>\n<\/tr>\n<tr>\n<td>Cellforce Group GmbH<\/td>\n<td>Suorituskykyisten akkujen kehitys<\/td>\n<td>Saksa<\/td>\n<\/tr>\n<tr>\n<td>Cetitec GmbH<\/td>\n<td>Autoteollisuuden ohjelmistot<\/td>\n<td>Saksa<\/td>\n<\/tr>\n<\/tbody>\n<\/table>\n<p>Porsche eBike Performance perustettiin sen j\u00e4lkeen, kun Porsche hankki Fazuan, saksalaisen s\u00e4hk\u00f6py\u00f6r\u00e4n k\u00e4ytt\u00f6j\u00e4rjestelm\u00e4asiantuntijan, joka tunnetaan kevyist\u00e4 j\u00e4rjestelmist\u00e4, jotka on suunniteltu s\u00e4ilytt\u00e4m\u00e4\u00e4n luonnollinen ajotuntuma.<\/p>\n<p>Tuolloin hankinta n\u00e4ytti vakavalta sitoutumiselta premium-s\u00e4hk\u00f6py\u00f6r\u00e4teknologiaan. Porschell\u00e4 oli jo omia s\u00e4hk\u00f6py\u00f6r\u00e4tuotteita yhteisty\u00f6ss\u00e4 muiden valmistajien kanssa, ja Fazua antoi yhti\u00f6lle syvemm\u00e4n hallinnan k\u00e4ytt\u00f6j\u00e4rjestelm\u00e4kerrokseen.<\/p>\n<p>T\u00e4m\u00e4 luku on nyt p\u00e4\u00e4ttym\u00e4ss\u00e4.<\/p>\n<h2>Miksi Porsche vet\u00e4ytyy<\/h2>\n<p>Porsche kuvaili s\u00e4hk\u00f6py\u00f6r\u00e4n k\u00e4ytt\u00f6j\u00e4rjestelm\u00e4markkinoita perustavanlaatuisesti muuttuneiksi. Yksinkertaisesti sanottuna markkina, joka n\u00e4ytti houkuttelevalta s\u00e4hk\u00f6py\u00f6r\u00e4buumin aikana, on tullut vaikeammaksi.<\/p>\n<p>Useat paineet osuvat kategoriaan samanaikaisesti:<\/p>\n<ul>\n<li>heikompi kysynt\u00e4 osissa Eurooppaa<\/li>\n<li>korkeat varastotasot koko py\u00f6r\u00e4teollisuudessa<\/li>\n<li>kovempi kilpailu halvemmista merkeist\u00e4<\/li>\n<li>paine premium-harkinnanvaraisiin tuotteisiin<\/li>\n<li>tiukempi tarkastelu ydinliiketoiminnan ulkopuolisille yksik\u00f6ille<\/li>\n<\/ul>\n<p>Porschelle p\u00e4\u00e4t\u00f6s sopii my\u00f6s laajempaan strategiseen uudelleenj\u00e4rjestelyyn. Yhti\u00f6 on k\u00e4ynyt l\u00e4pi sijoituksiaan ja keskitt\u00e4nyt resursseja alueille, jotka ovat l\u00e4hemp\u00e4n\u00e4 sen p\u00e4\u00e4asiallista autoliiketoimintaa.<\/p>\n<h2>Mit\u00e4 Fazualle tapahtuu<\/h2>\n<p>Fazua on t\u00e4rkein nimi monille s\u00e4hk\u00f6py\u00f6r\u00e4ilij\u00f6ille.<\/p>\n<p>Ennen Porschen hankintaa Fazua oli vahva maine kevyiss\u00e4 s\u00e4hk\u00f6py\u00f6r\u00e4j\u00e4rjestelmiss\u00e4, erityisesti ajajien keskuudessa, jotka halusivat hienovaraista avustusta raskaan, tehokkaan tuntuman sijaan. T\u00e4m\u00e4 teki siit\u00e4 merkityksellisen kevyille s\u00e4hk\u00f6maastopy\u00f6rille, suorituskykyisille kaupunkipy\u00f6rille ja br\u00e4ndeille, jotka pyrkiv\u00e4t pit\u00e4m\u00e4\u00e4n s\u00e4hk\u00f6py\u00f6r\u00e4t l\u00e4hell\u00e4 perinteisten polkupy\u00f6rien k\u00e4sitelt\u00e4vyytt\u00e4.<\/p>\n<p>Sulkeminen her\u00e4tt\u00e4\u00e4 k\u00e4yt\u00e4nn\u00f6n kysymyksi\u00e4 nykyisille Fazua-k\u00e4ytt\u00e4jille ja py\u00f6r\u00e4br\u00e4ndeille, jotka luottivat j\u00e4rjestelm\u00e4\u00e4n:<\/p>\n<ul>\n<li>kuinka kauan osien ja huoltopalvelun tuki jatkuu<\/li>\n<li>myyd\u00e4\u00e4nk\u00f6 Fazua-br\u00e4ndi tai -teknologia<\/li>\n<li>miten OEM-asiakkaat siirt\u00e4v\u00e4t tulevat mallit<\/li>\n<li>t\u00e4ytt\u00e4v\u00e4tk\u00f6 kilpailevat k\u00e4ytt\u00f6j\u00e4rjestelm\u00e4toimittajat aukon<\/li>\n<\/ul>\n<p>T\u00e4ss\u00e4 mainittujen raporttien mukaan Porsche ei ollut julkisesti kertonut Fazuan pitk\u00e4n aikav\u00e4lin tulevaisuudesta itsen\u00e4isen\u00e4 br\u00e4ndin\u00e4.<\/p>\n<h2>Mit\u00e4 se tarkoittaa s\u00e4hk\u00f6py\u00f6r\u00e4teollisuudelle<\/h2>\n<p>Porschen poistuminen ei ole merkki siit\u00e4, ett\u00e4 s\u00e4hk\u00f6py\u00f6r\u00e4t katoaisivat. Se on merkki siit\u00e4, ett\u00e4 markkina kypsyy.<\/p>\n<p>Buumin vuosina monet yritykset kohtelivat s\u00e4hk\u00f6py\u00f6ri\u00e4 nopeasti kasvavana teknologiakategoriana. T\u00e4m\u00e4 houkutteli p\u00e4\u00e4omaa, yritysostoja ja kunnianhimoisia tuotesuunnitelmia. Vuonna 2026 ymp\u00e4rist\u00f6 on vaativampi. Br\u00e4ndit tarvitsevat mittakaavaa, huoltoverkostoja, komponenttien saatavuutta ja hinnoittelukuria.<\/p>\n<p>Ajajille p\u00e4\u00e4kysymys on tuki. Jokaisen Fazua-k\u00e4ytt\u00f6ist\u00e4 py\u00f6r\u00e4\u00e4 k\u00e4ytt\u00e4v\u00e4n tulisi seurata virallisia huoltop\u00e4ivityksi\u00e4 ja varaosien vaihto-ohjeita.<\/p>\n<p>Kilpaileville k\u00e4ytt\u00f6j\u00e4rjestelm\u00e4toimittajille sulkeminen voi luoda mahdollisuuksia. Bosch, Shimano, Brose ja muut vakiintuneet toimijat voisivat hy\u00f6ty\u00e4, jos py\u00f6r\u00e4br\u00e4ndit p\u00e4\u00e4tt\u00e4v\u00e4t tarvitsevansa ennustettavampaa pitk\u00e4aikaista tukea.<\/p>\n<p>Suurempi teollisuuden opetus on selv\u00e4: premium-asemointi ei yksin\u00e4\u00e4n riit\u00e4. Jopa vahva br\u00e4ndi tarvitsee kest\u00e4v\u00e4n liiketoimintamallin, kun laitteistokatteet, varastoriski ja j\u00e4lkimarkkinavelvoitteet ovat mukana.<\/p>\n<h2>L\u00e4hteet<\/h2>\n<ul>\n<li>TechCrunch: <a href=\"https:\/\/techcrunch.com\/2026\/05\/08\/porsche-shutters-e-bike-battery-software-subsidiaries-as-part-of-company-overhaul\/\" target=\"_blank\" rel=\"noopener\">Porsche sulkee s\u00e4hk\u00f6py\u00f6r\u00e4-, akku- ja ohjelmistotyt\u00e4ryhti\u00f6t osana yhti\u00f6n uudelleenj\u00e4rjestely\u00e4<\/a><\/li>\n<li>BikeRadar: <a href=\"https:\/\/www.bikeradar.com\/news\/porsche-ebike-performance-discontinued\" target=\"_blank\" rel=\"noopener\">Porsche eBike Performance lopetetaan<\/a><\/li>\n<li>Bicycle Retailer and Industry News: <a href=\"https:\/\/www.bicycleretailer.com\/international\/2026\/05\/08\/porsche-closing-its-ebike-performance-group\" target=\"_blank\" rel=\"noopener\">Porsche sulkee eBike Performance -ryhm\u00e4ns\u00e4<\/a><\/li>\n<\/ul>","protected":false},"excerpt":{"rendered":"<p>Porsche is shutting down Porsche eBike Performance GmbH, along with battery and software subsidiaries, as part of a wider restructuring. The move affects more than 500 employees and marks a sharp reversal from the company&#8217;s 2022 push into high-performance e-bike drive systems through Fazua.<\/p>","protected":false},"author":2,"featured_media":1951,"comment_status":"","ping_status":"","sticky":false,"template":"","format":"standard","meta":{"footnotes":""},"categories":[33],"tags":[],"class_list":["post-1953","post","type-post","status-publish","format-standard","has-post-thumbnail","hentry","category-ebike-news"],"_links":{"self":[{"href":"https:\/\/regencargobikes.com\/fi\/wp-json\/wp\/v2\/posts\/1953","targetHints":{"allow":["GET"]}}],"collection":[{"href":"https:\/\/regencargobikes.com\/fi\/wp-json\/wp\/v2\/posts"}],"about":[{"href":"https:\/\/regencargobikes.com\/fi\/wp-json\/wp\/v2\/types\/post"}],"author":[{"embeddable":true,"href":"https:\/\/regencargobikes.com\/fi\/wp-json\/wp\/v2\/users\/2"}],"replies":[{"embeddable":true,"href":"https:\/\/regencargobikes.com\/fi\/wp-json\/wp\/v2\/comments?post=1953"}],"version-history":[{"count":0,"href":"https:\/\/regencargobikes.com\/fi\/wp-json\/wp\/v2\/posts\/1953\/revisions"}],"wp:featuredmedia":[{"embeddable":true,"href":"https:\/\/regencargobikes.com\/fi\/wp-json\/wp\/v2\/media\/1951"}],"wp:attachment":[{"href":"https:\/\/regencargobikes.com\/fi\/wp-json\/wp\/v2\/media?parent=1953"}],"wp:term":[{"taxonomy":"category","embeddable":true,"href":"https:\/\/regencargobikes.com\/fi\/wp-json\/wp\/v2\/categories?post=1953"},{"taxonomy":"post_tag","embeddable":true,"href":"https:\/\/regencargobikes.com\/fi\/wp-json\/wp\/v2\/tags?post=1953"}],"curies":[{"name":"wp","href":"https:\/\/api.w.org\/{rel}","templated":true}]}}