{"id":1956,"date":"2026-06-05T05:36:11","date_gmt":"2026-06-04T21:36:11","guid":{"rendered":"https:\/\/regencargobikes.com\/rad-power-bikes-life-ev-acquisition\/"},"modified":"2026-06-05T05:36:11","modified_gmt":"2026-06-04T21:36:11","slug":"rad-power-bikes-life-ev-acquisition","status":"publish","type":"post","link":"https:\/\/regencargobikes.com\/fi\/rad-power-bikes-life-ev-acquisition\/","title":{"rendered":"Rad Power Bikes -br\u00e4ndi jatkaa Life EV -yrityskaupan j\u00e4lkeen"},"content":{"rendered":"<p>Rad Power Bikes jatkaa uuden omistajan alaisuudena yhden Pohjois-Amerikan s\u00e4hk\u00f6py\u00f6r\u00e4markkinoiden dramaattisimman laskusuhdanteen j\u00e4lkeen.<\/p>\n<figure class=\"wp-block-image size-full\"><img decoding=\"async\" src=\"https:\/\/regencargobikes.com\/wp-content\/uploads\/2026\/06\/rad-life-ev-official-banner-original.png\" alt=\"Rad Power Bikesin virallinen hankintailmoituksen kuva\"\/><figcaption>Kuvan l\u00e4hde: Rad Power Bikesin virallinen ilmoitus, \"Life EV suorittaa Rad Power Bikesin omaisuuden hankinnan loppuun.\"<\/figcaption><\/figure>\n<p>Life Electric Vehicles, joka tunnetaan my\u00f6s nimell\u00e4 Life EV, on saattanut p\u00e4\u00e4t\u00f6kseen tuomioistuimen hyv\u00e4ksym\u00e4n Rad Power Bikesin omaisuuden hankinnan. Kauppa sis\u00e4lt\u00e4\u00e4 br\u00e4ndin, immateriaalioikeudet, varaston ja siihen liittyv\u00e4t toimintaomaisuudet.<\/p>\n<p>Ilmoitettu hinta oli noin 13,2 miljoonaa Yhdysvaltain dollaria. Luku on silmiinpist\u00e4v\u00e4, koska Rad Power Bikes oli aikoinaan arvoltaan yli 1,6 miljardia dollaria s\u00e4hk\u00f6py\u00f6r\u00e4buumin aikana.<\/p><div id=\"regen-4183994867\" class=\"regen-test-placement-from-wizard-2878267818 regen-entity-placement\"><script async src=\"https:\/\/pagead2.googlesyndication.com\/pagead\/js\/adsbygoogle.js?client=ca-pub-1076230867169041\"\n     crossorigin=\"anonymous\"><\/script><\/div><div id=\"regen-532609609\" class=\"regen-test-placement-from-wizard-1604397851 regen-entity-placement\"><script async src=\"https:\/\/pagead2.googlesyndication.com\/pagead\/js\/adsbygoogle.js?client=ca-pub-1076230867169041\"\n     crossorigin=\"anonymous\"><\/script><\/div>\n<p>Lyhyt vastaus on, ett\u00e4 Rad ei ole katoamassa, mutta se ei ole en\u00e4\u00e4 sama nopean kasvun startup-tarina. Se on nyt k\u00e4\u00e4nneyhti\u00f6.<\/p>\n<h2>Mit\u00e4 tapahtui<\/h2>\n<p>Rad Power Bikes haki konkurssisuojaa vuosien taloudellisen paineen j\u00e4lkeen. Life EV nousi voittajaksi myyntiprosessissa ja on nyt saattanut hankinnan p\u00e4\u00e4t\u00f6kseen.<\/p>\n<p>GeekWiren, Bicycle Retailer and Industry Newsin ja Radin oman ilmoituksen mukaan Life EV aikoo pit\u00e4\u00e4 Rad Power Bikes -br\u00e4ndin toiminnassa.<\/p>\n<p>Uusi omistaja on ilmoittanut yll\u00e4pit\u00e4v\u00e4ns\u00e4 Yhdysvaltojen v\u00e4hitt\u00e4ismyyntitoimintaa ja t\u00e4ytt\u00e4v\u00e4ns\u00e4 tietyt asiakasvelvoitteet, mukaan lukien oston yhteydess\u00e4 sovellettavat takuu- ja lahjakorttisitoumukset.<\/p>\n<h2>Miksi Rad putosi niin alas<\/h2>\n<p>Rad Power Bikesist\u00e4 tuli yksi Pohjois-Amerikan tunnetuimmista suoraan kuluttajille myyvist\u00e4 s\u00e4hk\u00f6py\u00f6r\u00e4br\u00e4ndeist\u00e4 myym\u00e4ll\u00e4 k\u00e4yt\u00e4nn\u00f6llisi\u00e4 kaupunki- ja hy\u00f6typy\u00f6ri\u00e4 edulliseen hintaan.<\/p>\n<p>Pandemian py\u00f6r\u00e4ilybuumin aikana malli toimi eritt\u00e4in hyvin. Kysynt\u00e4 kasvoi, sijoittajat kaatoivat p\u00e4\u00e4omaa, ja Rad laajeni nopeasti.<\/p>\n<p>Mutta sama kasvumalli muuttui vaikeammaksi hallita, kun olosuhteet muuttuivat:<\/p>\n<ul>\n<li>pandemian j\u00e4lkeinen kysynt\u00e4 viileni<\/li>\n<li>varaston tasapainottaminen vaikeutui<\/li>\n<li>tullit ja toimitusketjun kustannukset puristivat katteita<\/li>\n<li>takuu- ja turvallisuusvelvoitteet kallistuivat<\/li>\n<li>suoraan kuluttajille suunnattu huoltotuki vaikeutui mittakaavassa<\/li>\n<\/ul>\n<p>N\u00e4kyvin kontrasti on arvostus. Rad ker\u00e4si satoja miljoonia dollareita ja saavutti huippuarvoltaan noin 1,65 miljardia dollaria. Lopullinen omaisuuden myyntihinta oli noin 13,2 miljoonaa dollaria.<\/p>\n<h2>Mit\u00e4 Life EV aikoo tehd\u00e4<\/h2>\n<p>Life EV ei ole uusi s\u00e4hk\u00f6py\u00f6r\u00e4br\u00e4ndien hankinnoissa. Se hankki aiemmin Serial 1:n, Harley-Davidsonin alun perin lanseeraaman premium-s\u00e4hk\u00f6py\u00f6r\u00e4br\u00e4ndin.<\/p>\n<p>Radin kohdalla Life EV on viestinyt toimintakeskeisemm\u00e4st\u00e4 l\u00e4hestymistavasta. Yhti\u00f6 sanoo haluavansa s\u00e4ilytt\u00e4\u00e4 br\u00e4ndin ja rakentaa sen uudelleen huollon, toimitusketjun hallinnan ja Yhdysvaltoihin perustuvan toiminnan ymp\u00e4rille.<\/p>\n<p>Yksi t\u00e4rke\u00e4 osa suunnitelmaa on kotimainen kokoonpano. Life EV ja siihen liittyv\u00e4t valmistustoiminnot ovat viitanneet Tennesseehen tulevana Yhdysvaltojen kokoonpanotoiminnan tukikohtana.<\/p>\n<p>T\u00e4m\u00e4 voisi auttaa v\u00e4hent\u00e4m\u00e4\u00e4n tullialtistusta ja antaa yhti\u00f6lle enemm\u00e4n hallintaa laadusta, osavirrasta ja asiakastuesta.<\/p>\n<h2>Mit\u00e4 asiakkaiden tulisi tiet\u00e4\u00e4<\/h2>\n<p>Nykyisten Rad Power Bikes -omistajien ei tulisi olettaa, ett\u00e4 br\u00e4ndi on kadonnut. Yhti\u00f6 sanoo br\u00e4ndin jatkuvan, mutta asiakkaiden on silti tarkistettava yksityiskohdat siit\u00e4, mit\u00e4 tukea heid\u00e4n tiettyyn ostokseensa sovelletaan.<\/p>\n<p>Keskeiset kohdat ovat:<\/p>\n<ul>\n<li>Radin v\u00e4hitt\u00e4ismyyntitoiminnan odotetaan jatkuvan<\/li>\n<li>osa takuuvelvoitteista voidaan t\u00e4ytt\u00e4\u00e4 ostosopimuksen mukaisesti<\/li>\n<li>kelvolliset lahjakortit voivat olla edelleen k\u00e4ytett\u00e4viss\u00e4<\/li>\n<li>osien saatavuus ja huoltok\u00e4yt\u00e4nn\u00f6t tulisi tarkistaa virallisten Rad-kanavien kautta<\/li>\n<\/ul>\n<p>Asiakkaille t\u00e4rke\u00e4 kysymys ei ole vain se, selvi\u00e4\u00e4k\u00f6 br\u00e4ndin nimi. Se on se, tulevatko osat, huolto ja takuutuki j\u00e4lleen ennustettaviksi.<\/p>\n<h2>Toimialan johtop\u00e4\u00e4t\u00f6s<\/h2>\n<p>Radin tarina on varoitus laitteistokasvusta.<\/p>\n<p>S\u00e4hk\u00f6py\u00f6r\u00e4yritys voi kasvaa nopeasti, kun kysynt\u00e4 on kuumaa, mutta pitk\u00e4aikainen selviytyminen riippuu varastokurista, laadunvalvonnasta, j\u00e4lkimarkkinahuollosta ja kassanhallinnasta. N\u00e4m\u00e4 ovat vaikeampia kuin asiakashankinta ja varainkeruu.<\/p>\n<p>Life EV:n hankinta antaa Radille tien eteenp\u00e4in. Siit\u00e4, tuleeko siit\u00e4 kest\u00e4v\u00e4 paluu, riippuu toteutuksesta: parempi tuki, parempi toimitusketjun hallinta ja tuotevalikoima, joka sopii nykyiseen markkinaan pandemiabuumin sijaan.<\/p>\n<h2>L\u00e4hteet<\/h2>\n<ul>\n<li>GeekWire: <a href=\"https:\/\/www.geekwire.com\/2026\/rad-power-bikes-brand-will-live-on-as-life-ev-completes-acquisition-of-seattle-e-bike-makers-assets\/\" target=\"_blank\" rel=\"noopener\">Rad Power Bikes -br\u00e4ndi el\u00e4\u00e4 edelleen, kun Life EV suorittaa hankinnan loppuun<\/a><\/li>\n<li>Bicycle Retailer and Industry News: <a href=\"https:\/\/www.bicycleretailer.com\/industry-news\/2026\/03\/06\/rad-power-bikes-sale-life-ev-completed\" target=\"_blank\" rel=\"noopener\">Rad Power Bikesin myynti Life EV:lle saatettu p\u00e4\u00e4t\u00f6kseen<\/a><\/li>\n<li>Rad Power Bikes: <a href=\"https:\/\/www.radpowerbikes.com\/blogs\/the-scenic-route\/life-ev-completes-rad-power-bikes-asset-acquisition\" target=\"_blank\" rel=\"noopener\">Life EV suorittaa Rad Power Bikesin omaisuuden hankinnan loppuun<\/a><\/li>\n<\/ul>","protected":false},"excerpt":{"rendered":"<p>Life Electric Vehicles has completed its court-approved acquisition of Rad Power Bikes assets, keeping the once-dominant North American e-bike brand alive after bankruptcy. The deal values Rad&#8217;s remaining assets at about USD 13.2 million, far below the company&#8217;s pandemic-era valuation.<\/p>","protected":false},"author":2,"featured_media":1954,"comment_status":"","ping_status":"","sticky":false,"template":"","format":"standard","meta":{"footnotes":""},"categories":[33],"tags":[],"class_list":["post-1956","post","type-post","status-publish","format-standard","has-post-thumbnail","hentry","category-ebike-news"],"_links":{"self":[{"href":"https:\/\/regencargobikes.com\/fi\/wp-json\/wp\/v2\/posts\/1956","targetHints":{"allow":["GET"]}}],"collection":[{"href":"https:\/\/regencargobikes.com\/fi\/wp-json\/wp\/v2\/posts"}],"about":[{"href":"https:\/\/regencargobikes.com\/fi\/wp-json\/wp\/v2\/types\/post"}],"author":[{"embeddable":true,"href":"https:\/\/regencargobikes.com\/fi\/wp-json\/wp\/v2\/users\/2"}],"replies":[{"embeddable":true,"href":"https:\/\/regencargobikes.com\/fi\/wp-json\/wp\/v2\/comments?post=1956"}],"version-history":[{"count":0,"href":"https:\/\/regencargobikes.com\/fi\/wp-json\/wp\/v2\/posts\/1956\/revisions"}],"wp:featuredmedia":[{"embeddable":true,"href":"https:\/\/regencargobikes.com\/fi\/wp-json\/wp\/v2\/media\/1954"}],"wp:attachment":[{"href":"https:\/\/regencargobikes.com\/fi\/wp-json\/wp\/v2\/media?parent=1956"}],"wp:term":[{"taxonomy":"category","embeddable":true,"href":"https:\/\/regencargobikes.com\/fi\/wp-json\/wp\/v2\/categories?post=1956"},{"taxonomy":"post_tag","embeddable":true,"href":"https:\/\/regencargobikes.com\/fi\/wp-json\/wp\/v2\/tags?post=1956"}],"curies":[{"name":"wp","href":"https:\/\/api.w.org\/{rel}","templated":true}]}}