{"id":1145,"date":"2025-05-03T17:19:43","date_gmt":"2025-05-03T09:19:43","guid":{"rendered":"https:\/\/regencargobikes.com\/?p=1145"},"modified":"2025-05-07T21:31:08","modified_gmt":"2025-05-07T13:31:08","slug":"2025-austin-cargo-bike-festival","status":"publish","type":"post","link":"https:\/\/regencargobikes.com\/fr\/2025-austin-cargo-bike-festival\/","title":{"rendered":"Festival du v\u00e9lo cargo d&#039;Austin 2025"},"content":{"rendered":"<p>Le <strong>Festival du v\u00e9lo cargo d&#039;Austin 2025<\/strong> offre la possibilit\u00e9 d'exp\u00e9rimenter directement les avantages pratiques des v\u00e9los-cargos et des solutions de transport l\u00e9ger en milieu urbain. L'\u00e9v\u00e9nement aura lieu le <strong>Samedi 3 mai 2025<\/strong>, \u00e0 partir de <strong>11 heures \u00e0 15 heures<\/strong> \u00e0 <strong>900 Springdale Road, Austin, TX<\/strong>Cet \u00e9v\u00e9nement est gratuit pour le public et se concentre sur les applications concr\u00e8tes des v\u00e9los-cargos et des solutions de micro-mobilit\u00e9 pour la vie urbaine.<\/p>\n\n\n\n<h2 class=\"wp-block-heading\"><strong>&nbsp;D\u00e9tails de l&#039;\u00e9v\u00e9nement<\/strong><\/h2>\n\n\n\n<ul class=\"wp-block-list\">\n<li><strong>Date et heure<\/strong>: Samedi 3 mai 2025 | 11h00 - 15h00<\/li>\n\n\n\n<li><strong>Emplacement<\/strong>Adresse : 900 Springdale Road, Austin, TX 78702<\/li>\n\n\n\n<li><strong>Admission<\/strong>: Gratuit<\/li>\n\n\n\n<li><strong>Organisateur<\/strong>: <a href=\"https:\/\/www.biketexas.org\/uncategorized\/2025-austin-cargo-bike-festival\/\" target=\"_blank\" rel=\"noopener\">BikeTexas<\/a><\/li>\n<\/ul>\n\n\n\n<figure class=\"wp-block-image size-full\"><img fetchpriority=\"high\" decoding=\"async\" width=\"600\" height=\"400\" src=\"https:\/\/regencargobikes.com\/wp-content\/uploads\/2025\/05\/Fun-at-ACBF-1.jpg\" alt=\"\" class=\"wp-image-1146\" srcset=\"https:\/\/regencargobikes.com\/wp-content\/uploads\/2025\/05\/Fun-at-ACBF-1.jpg 600w, https:\/\/regencargobikes.com\/wp-content\/uploads\/2025\/05\/Fun-at-ACBF-1-300x200.jpg 300w, https:\/\/regencargobikes.com\/wp-content\/uploads\/2025\/05\/Fun-at-ACBF-1-18x12.jpg 18w\" sizes=\"(max-width: 600px) 100vw, 600px\" \/><\/figure>\n\n\n\n<h2 class=\"wp-block-heading\"><strong>\u00c0 quoi s\u2019attendre<\/strong><\/h2>\n\n\n\n<ul class=\"wp-block-list\">\n<li><strong>Essais routiers<\/strong>: Les participants auront l'occasion d'essayer divers v\u00e9los-cargos et v\u00e9hicules de micro-mobilit\u00e9 dans des conditions r\u00e9elles.<\/li>\n\n\n\n<li><strong>Parade de v\u00e9los cargo d\u00e9cor\u00e9s<\/strong>: Les participants peuvent se joindre \u00e0 la parade pour pr\u00e9senter leurs v\u00e9los cargo personnalis\u00e9s de mani\u00e8re cr\u00e9ative.<\/li>\n\n\n\n<li><strong>Nourriture et divertissements locaux<\/strong>: Le festival proposera de la nourriture provenant de vendeurs locaux et des divertissements pour les participants de tous \u00e2ges.<\/li>\n\n\n\n<li><strong>Engagement communautaire<\/strong>: Cet \u00e9v\u00e9nement est l'occasion d'entrer en contact avec des r\u00e9sidents et des entreprises locales qui utilisent des v\u00e9los-cargos pour r\u00e9pondre \u00e0 leurs besoins en mati\u00e8re de transport.<\/li>\n<\/ul>\n\n\n\n<h2 class=\"wp-block-heading\"><strong>Qui devrait y assister ?<\/strong><\/h2>\n\n\n\n<ul class=\"wp-block-list\">\n<li><strong>Passionn\u00e9s de cyclisme<\/strong>: Cet \u00e9v\u00e9nement est id\u00e9al pour les personnes souhaitant en savoir plus sur les utilisations et les avantages des v\u00e9los-cargos.<\/li>\n\n\n\n<li><strong>Familles<\/strong>: Le festival propose des activit\u00e9s ludiques et \u00e9ducatives pour tous les \u00e2ges.<\/li>\n\n\n\n<li><strong>Urbanistes et d\u00e9cideurs politiques<\/strong>: L'\u00e9v\u00e9nement permettra de comprendre comment les v\u00e9los-cargos peuvent contribuer \u00e0 r\u00e9duire les embouteillages et \u00e0 am\u00e9liorer la mobilit\u00e9 urbaine.<\/li>\n\n\n\n<li><strong>Entreprises locales<\/strong>: Les entreprises peuvent \u00e9tudier la mani\u00e8re dont les v\u00e9los-cargos peuvent \u00eatre int\u00e9gr\u00e9s dans leurs activit\u00e9s pour les livraisons et autres besoins logistiques.<\/li>\n<\/ul>\n\n\n\n<h2 class=\"wp-block-heading\"><strong>Conseils aux visiteurs<\/strong><\/h2>\n\n\n\n<ul class=\"wp-block-list\">\n<li><strong>Arriver t\u00f4t<\/strong>: Pour profiter au maximum de votre temps \u00e0 l'\u00e9v\u00e9nement, pensez \u00e0 arriver t\u00f4t pour essayer les v\u00e9los-cargos.<\/li>\n\n\n\n<li><strong>Amener la famille et les amis<\/strong>: Il s'agit d'un \u00e9v\u00e9nement familial et c'est une excellente occasion d'apprendre et de s'amuser ensemble.<\/li>\n\n\n\n<li><strong>S'habiller confortablement<\/strong>: L'\u00e9v\u00e9nement se d\u00e9roulant en plein air, il est conseill\u00e9 de porter des v\u00eatements et des chaussures confortables, adapt\u00e9s \u00e0 la marche et \u00e0 la participation aux activit\u00e9s.<\/li>\n\n\n\n<li><strong>S'engager avec les exposants<\/strong>: Prenez le temps de discuter avec les exposants pour apprendre comment les v\u00e9los-cargos peuvent \u00eatre utilis\u00e9s pour diverses applications pratiques dans votre vie ou votre entreprise.<\/li>\n<\/ul>","protected":false},"excerpt":{"rendered":"<p>The 2025 Austin Cargo Bike Festival offers a chance to experience firsthand the practical advantages of cargo bikes and light transport solutions in urban settings. Taking place on Saturday, May 3, 2025, from 11 AM to 3 PM at 900 Springdale Road, Austin, TX, this event is free to the public and focuses on real-world [&hellip;]<\/p>\n","protected":false},"author":2,"featured_media":1147,"comment_status":"open","ping_status":"open","sticky":false,"template":"","format":"standard","meta":{"footnotes":""},"categories":[36],"tags":[],"class_list":["post-1145","post","type-post","status-publish","format-standard","has-post-thumbnail","hentry","category-event-expo"],"_links":{"self":[{"href":"https:\/\/regencargobikes.com\/fr\/wp-json\/wp\/v2\/posts\/1145","targetHints":{"allow":["GET"]}}],"collection":[{"href":"https:\/\/regencargobikes.com\/fr\/wp-json\/wp\/v2\/posts"}],"about":[{"href":"https:\/\/regencargobikes.com\/fr\/wp-json\/wp\/v2\/types\/post"}],"author":[{"embeddable":true,"href":"https:\/\/regencargobikes.com\/fr\/wp-json\/wp\/v2\/users\/2"}],"replies":[{"embeddable":true,"href":"https:\/\/regencargobikes.com\/fr\/wp-json\/wp\/v2\/comments?post=1145"}],"version-history":[{"count":1,"href":"https:\/\/regencargobikes.com\/fr\/wp-json\/wp\/v2\/posts\/1145\/revisions"}],"predecessor-version":[{"id":1148,"href":"https:\/\/regencargobikes.com\/fr\/wp-json\/wp\/v2\/posts\/1145\/revisions\/1148"}],"wp:featuredmedia":[{"embeddable":true,"href":"https:\/\/regencargobikes.com\/fr\/wp-json\/wp\/v2\/media\/1147"}],"wp:attachment":[{"href":"https:\/\/regencargobikes.com\/fr\/wp-json\/wp\/v2\/media?parent=1145"}],"wp:term":[{"taxonomy":"category","embeddable":true,"href":"https:\/\/regencargobikes.com\/fr\/wp-json\/wp\/v2\/categories?post=1145"},{"taxonomy":"post_tag","embeddable":true,"href":"https:\/\/regencargobikes.com\/fr\/wp-json\/wp\/v2\/tags?post=1145"}],"curies":[{"name":"wp","href":"https:\/\/api.w.org\/{rel}","templated":true}]}}