{"id":1553,"date":"2025-06-17T23:53:39","date_gmt":"2025-06-17T15:53:39","guid":{"rendered":"https:\/\/regencargobikes.com\/?p=1553"},"modified":"2025-06-19T02:54:51","modified_gmt":"2025-06-18T18:54:51","slug":"nyc-e%e2%80%91bike-speed-cap-globe-haul-recall-vanmoof-s6-launch","status":"publish","type":"post","link":"https:\/\/regencargobikes.com\/fr\/nyc-e%e2%80%91bike-speed-cap-globe-haul-recall-vanmoof-s6-launch\/","title":{"rendered":"Limitation de vitesse des v\u00e9los \u00e9lectriques \u00e0 New York, rappel et lancement du VanMoof S6"},"content":{"rendered":"<p>Voici un tour d'horizon d\u00e9taill\u00e9 de trois \u00e9v\u00e9nements cl\u00e9s : la nouvelle limite de vitesse pour les v\u00e9los \u00e9lectriques dans la ville de New York, un projet de loi sur la s\u00e9curit\u00e9 routi\u00e8re et la protection de l'environnement, ainsi qu'un projet de loi sur la protection de l'environnement.<\/p>\n\n\n\n<p>Le monde de la micromobilit\u00e9 est en pleine transformation, et la premi\u00e8re moiti\u00e9 du mois de juin 2025 a \u00e9t\u00e9 marqu\u00e9e par trois \u00e9volutions majeures. Ces changements - r\u00e9glementaires, techniques et commerciaux - red\u00e9finissent la mani\u00e8re dont les villes g\u00e8rent la mobilit\u00e9 \u00e9lectrique, dont les entreprises r\u00e9pondent aux probl\u00e8mes de s\u00e9curit\u00e9 et dont les marques de v\u00e9los \u00e9lectriques haut de gamme ciblent les citadins. Que vous soyez un d\u00e9cideur politique, un op\u00e9rateur de flotte ou un d\u00e9taillant, il est essentiel de rester inform\u00e9 de ces tendances pour comprendre l'orientation de ce secteur en pleine \u00e9volution. Cette mise \u00e0 jour aborde le nouveau plafond de vitesse impos\u00e9 par la ville de New York aux v\u00e9los \u00e9lectriques, le rappel de produits par Specialized et le retour de VanMoof avec sa s\u00e9rie haut de gamme S6. Il ne s'agit pas d'histoires isol\u00e9es ; au contraire, elles signalent collectivement un changement plus large dans la mani\u00e8re dont les villes et les entreprises g\u00e8rent la s\u00e9curit\u00e9, l'innovation et la culture de la mobilit\u00e9.<\/p>\n\n\n\n<hr class=\"wp-block-separator has-alpha-channel-opacity\"\/>\n\n\n\n<h3 class=\"wp-block-heading\">1. La ville de New York impose une limitation de vitesse \u00e0 15 mph pour les v\u00e9los \u00e9lectriques<\/h3>\n\n\n\n<p>La ville de New York a introduit une r\u00e9glementation radicale qui impose une limite de vitesse de 15 mph (environ 24 km\/h) pour tous les v\u00e9los et scooters \u00e9lectriques \u00e0 p\u00e9dalage assist\u00e9 circulant sur son territoire. Annonc\u00e9e par le maire Eric Adams, cette initiative vise \u00e0 am\u00e9liorer la s\u00e9curit\u00e9 des pi\u00e9tons et \u00e0 r\u00e9duire les collisions dans l'un des environnements urbains les plus dens\u00e9ment peupl\u00e9s au monde. Il est important de noter que cette r\u00e9glementation s'applique aussi bien aux v\u00e9hicules personnels qu'aux v\u00e9hicules commerciaux, et qu'elle est d\u00e9j\u00e0 mise en \u0153uvre par les principales plateformes de location comme Citi Bike.<\/p><div class=\"regen-test-placement-from-wizard-1604397851\" id=\"regen-3581561968\"><script async src=\"https:\/\/pagead2.googlesyndication.com\/pagead\/js\/adsbygoogle.js?client=ca-pub-1076230867169041\"\n     crossorigin=\"anonymous\"><\/script><\/div><div class=\"regen-test-placement-from-wizard-2878267818\" id=\"regen-3750445874\"><script async src=\"https:\/\/pagead2.googlesyndication.com\/pagead\/js\/adsbygoogle.js?client=ca-pub-1076230867169041\"\n     crossorigin=\"anonymous\"><\/script><\/div>\n\n\n\n<p>Cette \u00e9volution a plusieurs implications :<\/p>\n\n\n\n<ul class=\"wp-block-list\">\n<li><strong>Champ d'application et fondement juridique :<\/strong> Le maire Adams revendique l'autorit\u00e9 d'appliquer cette r\u00e8gle en vertu de la \"loi de Sammy\", un outil l\u00e9gislatif destin\u00e9 \u00e0 abaisser les limites de vitesse \u00e0 l'\u00e9chelle de la ville sans l'approbation de l'ensemble du conseil municipal. Toutefois, cette mesure a \u00e9t\u00e9 repouss\u00e9e par les l\u00e9gislateurs locaux, qui estiment qu'un consensus plus large et l'adoption formelle d'un projet de loi sont n\u00e9cessaires.<\/li>\n\n\n\n<li><strong>Impact op\u00e9rationnel :<\/strong> Pour des entreprises comme Citi Bike, la r\u00e9ponse a \u00e9t\u00e9 rapide. Leurs v\u00e9los \u00e0 p\u00e9dalage assist\u00e9 sont d\u00e9j\u00e0 reprogramm\u00e9s pour respecter le nouveau seuil de vitesse. Toutefois, l'application de la loi reste probl\u00e9matique. De nombreux v\u00e9los ne sont pas \u00e9quip\u00e9s de compteurs de vitesse visibles, et les cyclistes s'appuient souvent sur des mesures de performance bas\u00e9es sur des applications, qui peuvent \u00eatre inexactes ou difficiles \u00e0 v\u00e9rifier en temps r\u00e9el.<\/li>\n\n\n\n<li><strong>Application et \u00e9quit\u00e9 :<\/strong> La police de New York a commenc\u00e9 \u00e0 d\u00e9livrer des citations \u00e0 compara\u00eetre en cas d'infraction, mais une grande partie d'entre elles auraient \u00e9t\u00e9 rejet\u00e9es par les tribunaux. Cette situation soul\u00e8ve des inqui\u00e9tudes quant \u00e0 l'\u00e9quit\u00e9 de l'application de la loi et aux difficult\u00e9s pratiques li\u00e9es \u00e0 l'application d'une r\u00e8gle uniforme \u00e0 un groupe d'utilisateurs aussi diversifi\u00e9.<\/li>\n\n\n\n<li><strong>Sentiment du public et alternatives :<\/strong> Les d\u00e9fenseurs de la s\u00e9curit\u00e9 soutiennent largement la mesure, citant son potentiel de r\u00e9duction des blessures. Cependant, les livreurs et les d\u00e9fenseurs de la mobilit\u00e9 soutiennent que cette politique cible injustement les cyclistes \u00e0 faible revenu et les travailleurs itin\u00e9rants qui d\u00e9pendent des v\u00e9los \u00e9lectriques pour leur rapidit\u00e9 et leur efficacit\u00e9. Certains sugg\u00e8rent que la ville devrait plut\u00f4t se concentrer sur la r\u00e9duction de la vitesse des v\u00e9hicules et l'expansion des infrastructures cyclables.<\/li>\n<\/ul>\n\n\n\n<p>Ce que cela signifie pour l'avenir : attendez-vous \u00e0 de nouveaux d\u00e9bats sur la l\u00e9galit\u00e9 de la r\u00e9glementation, \u00e0 des appels \u00e0 l'investissement dans des voies de livraison s\u00e9par\u00e9es, et peut-\u00eatre \u00e0 l'introduction d'une technologie de contr\u00f4le de la vitesse d\u00e9livr\u00e9e par la ville ou de mod\u00e8les de v\u00e9los \u00e9lectriques certifi\u00e9s.<\/p>\n\n\n\n<hr class=\"wp-block-separator has-alpha-channel-opacity\"\/>\n\n\n\n<h3 class=\"wp-block-heading\">2. Rappels sp\u00e9cialis\u00e9s Mod\u00e8les Globe Haul ST et LT<\/h3>\n\n\n\n<p>Specialized Bicycle Components, l'un des fabricants les plus respect\u00e9s de l'industrie, a annonc\u00e9 le rappel volontaire d'environ 11 100 mod\u00e8les de v\u00e9los \u00e9lectriques Globe Haul ST et LT. Le rappel a \u00e9t\u00e9 initi\u00e9 apr\u00e8s que l'entreprise ait re\u00e7u 13 rapports de d\u00e9faillance des tiges de selle t\u00e9lescopiques des v\u00e9los, dont deux ont entra\u00een\u00e9 des blessures mineures telles que des \u00e9gratignures et des ecchymoses. Les mod\u00e8les concern\u00e9s ont \u00e9t\u00e9 vendus entre janvier 2023 et mars 2025 et leur prix se situe entre $2,500 et $3,500.<\/p>\n\n\n\n<p>Cette d\u00e9cision repr\u00e9sente \u00e0 la fois une mesure de s\u00e9curit\u00e9 et une action strat\u00e9gique pour la marque :<\/p>\n\n\n\n<ul class=\"wp-block-list\">\n<li><strong>D\u00e9tails du rappel :<\/strong> Le probl\u00e8me r\u00e9side dans l'int\u00e9grit\u00e9 structurelle de la tige de selle t\u00e9lescopique de 13 pouces. Lorsqu'elle est compl\u00e8tement d\u00e9ploy\u00e9e, la tige peut se fracturer sous le poids du cycliste, en particulier lors d'une acc\u00e9l\u00e9ration ou sur une route irr\u00e9guli\u00e8re. Specialized a conseill\u00e9 \u00e0 ses clients de cesser imm\u00e9diatement d'utiliser les v\u00e9los et de se rendre chez un revendeur agr\u00e9\u00e9 pour un remplacement gratuit de la tige de selle.<\/li>\n\n\n\n<li><strong>Responsabilit\u00e9s du d\u00e9taillant :<\/strong> Ce rappel pose des d\u00e9fis logistiques aux magasins de v\u00e9los et aux partenaires de Specialized. Les concessionnaires doivent inspecter les mod\u00e8les concern\u00e9s, effectuer les r\u00e9parations ou les remplacements et rassurer les clients, ce qui peut mettre \u00e0 mal la disponibilit\u00e9 des pi\u00e8ces et les d\u00e9lais d'intervention en magasin.<\/li>\n\n\n\n<li><strong>R\u00e9action des consommateurs et confiance dans la marque :<\/strong> Malgr\u00e9 les inconv\u00e9nients, l'approche transparente de Specialized peut contribuer \u00e0 maintenir la confiance des consommateurs. Le rappel d\u00e9montre la volont\u00e9 de l'entreprise d'agir rapidement et de donner la priorit\u00e9 \u00e0 la s\u00e9curit\u00e9 - une proposition de valeur de plus en plus importante \u00e0 mesure que le march\u00e9 des v\u00e9los \u00e9lectriques se d\u00e9veloppe.<\/li>\n\n\n\n<li><strong>Des implications plus larges :<\/strong> Cet incident souligne l'importance d'un contr\u00f4le de qualit\u00e9 et d'une tra\u00e7abilit\u00e9 rigoureux, en particulier pour les composants \u00e0 couple \u00e9lev\u00e9 tels que les tiges de selle et les cadres. Il pourrait \u00e9galement influencer la r\u00e9glementation future, en exigeant des tests de produits plus stricts ou une certification des composants dans l'ensemble de l'industrie de la micromobilit\u00e9.<\/li>\n<\/ul>\n\n\n\n<p>\u00c0 une \u00e9poque o\u00f9 les v\u00e9los \u00e9lectriques sont de plus en plus pris\u00e9s, de tels rappels rappellent aux consommateurs et aux autorit\u00e9s de r\u00e9glementation que la s\u00e9curit\u00e9 n'est pas facultative, mais fondamentale.<\/p>\n\n\n\n<hr class=\"wp-block-separator has-alpha-channel-opacity\"\/>\n\n\n\n<h3 class=\"wp-block-heading\">3. VanMoof revient avec la s\u00e9rie Premium S6<\/h3>\n\n\n\n<p>Le pionnier n\u00e9erlandais du v\u00e9lo \u00e9lectrique VanMoof a fait un retour en force avec le lancement de ses nouveaux mod\u00e8les S6 et S6 Open, marquant un nouveau chapitre audacieux apr\u00e8s sa faillite et son acquisition par McLaren Applied Technologies. Ces nouveaux mod\u00e8les visent \u00e0 r\u00e9tablir la r\u00e9putation de VanMoof en mati\u00e8re d'innovation, de s\u00e9curit\u00e9 et d'excellence du design urbain.<\/p>\n\n\n\n<p>Caract\u00e9ristiques principales et strat\u00e9gie de march\u00e9 :<\/p>\n\n\n\n<ul class=\"wp-block-list\">\n<li><strong>Sp\u00e9cifications techniques :<\/strong> La gamme S6 est \u00e9quip\u00e9e d'un moteur \u00e0 moyeu avant de 250 W et du syst\u00e8me de changement de vitesse AutoShift \u00e0 3 rapports, propre \u00e0 VanMoof. La batterie int\u00e9gr\u00e9e de 487 Wh offre une autonomie r\u00e9elle de 150 km (en fonction du mode d'utilisation et du terrain), avec un temps de charge complet d'environ 6,5 heures.<\/li>\n\n\n\n<li><strong>Syst\u00e8me de s\u00e9curit\u00e9 :<\/strong> S'appuyant sur l'h\u00e9ritage de VanMoof, le S6 est \u00e9quip\u00e9 d'un syst\u00e8me de verrouillage int\u00e9gr\u00e9, d'une alarme sonore et d'un abonnement d'un an pour la r\u00e9cup\u00e9ration des objets vol\u00e9s. Cette triple approche est con\u00e7ue pour d\u00e9courager le vol et assurer la tranquillit\u00e9 d'esprit des utilisateurs urbains.<\/li>\n\n\n\n<li><strong>Options de conception :<\/strong> Le S6 est disponible en deux styles de cadre - step-over et step-through (S6 Open) - et p\u00e8se entre 22 et 23,5 kg. Les v\u00e9los sont vendus au prix de 3 298 \u20ac (environ $3 825), avec un acompte de 150 \u20ac pour les pr\u00e9commandes.<\/li>\n\n\n\n<li><strong>Public cible et positionnement :<\/strong> VanMoof vise clairement les navetteurs urbains haut de gamme et les cyclistes soucieux de leur style de vie. Le prix et les caract\u00e9ristiques du S6 le placent en concurrence avec les mod\u00e8les haut de gamme de Cowboy, Stromer et Riese &amp; M\u00fcller.<\/li>\n\n\n\n<li><strong>Strat\u00e9gie en mati\u00e8re de commerce de d\u00e9tail et de soutien :<\/strong> L'entreprise promet une assistance apr\u00e8s-vente \u00e9largie, des garanties plus longues et une disponibilit\u00e9 par le biais d'une combinaison de ventes directes et de magasins partenaires certifi\u00e9s, en r\u00e9ponse aux critiques formul\u00e9es dans le pass\u00e9 concernant la m\u00e9diocrit\u00e9 du service apr\u00e8s-vente.<\/li>\n<\/ul>\n\n\n\n<p>En associant des caract\u00e9ristiques haut de gamme \u00e0 des fonctions de s\u00e9curit\u00e9 avanc\u00e9es, VanMoof esp\u00e8re r\u00e9tablir non seulement son activit\u00e9, mais aussi la confiance des consommateurs. Avec le pedigree d'ing\u00e9nierie de McLaren en arri\u00e8re-plan, la S6 pourrait bien \u00e9tablir une nouvelle r\u00e9f\u00e9rence en mati\u00e8re de micromobilit\u00e9 urbaine.<\/p>\n\n\n\n<h3 class=\"wp-block-heading\">Tableau r\u00e9capitulatif<\/h3>\n\n\n\n<figure class=\"wp-block-table\"><table class=\"has-fixed-layout\"><tbody><tr><td><strong>Sujet<\/strong><\/td><td><strong>Changement de cl\u00e9<\/strong><\/td><td><strong>Implications pour l'industrie<\/strong><\/td><\/tr><tr><td>Limitation de vitesse \u00e0 15 mph dans la ville de New York<\/td><td>Vitesse limit\u00e9e \u00e0 15 mph dans toute la ville<\/td><td>N\u00e9cessit\u00e9 d'une mise en \u0153uvre ; peut r\u00e9duire les blessures ; cr\u00e9e une disparit\u00e9<\/td><\/tr><tr><td>Rappel de Globe Haul<\/td><td>Arr\u00eat de 11 100 unit\u00e9s ; remplacement gratuit des tiges de selle<\/td><td>Logistique de d\u00e9tail touch\u00e9e ; test de r\u00e9putation de la marque<\/td><\/tr><tr><td>Lancement du VanMoof S6<\/td><td>Nouveaux mod\u00e8les avec AutoShift, alarme, autonomie de 150 km<\/td><td>Positionnement haut de gamme ; r\u00e9orientation de la location et de la vente au d\u00e9tail<\/td><\/tr><\/tbody><\/table><\/figure>\n\n\n\n<hr class=\"wp-block-separator has-alpha-channel-opacity\"\/>\n\n\n\n<h3 class=\"wp-block-heading\">Conclusion : Un paysage de la micromobilit\u00e9 en pleine transformation<\/h3>\n\n\n\n<p>Ensemble, ces trois mises \u00e0 jour r\u00e9sument l'\u00e9volution dynamique de la micromobilit\u00e9 en milieu urbain. Des initiatives de s\u00e9curit\u00e9 men\u00e9es par les villes aux rappels de fabricants et aux r\u00e9inventions de marques, nous assistons \u00e0 une convergence de la r\u00e9glementation, de la responsabilit\u00e9 et de l'innovation. La limitation de vitesse \u00e0 New York vise \u00e0 prot\u00e9ger les usagers vuln\u00e9rables de la route, mais soul\u00e8ve des questions sur la meilleure fa\u00e7on de faire respecter ces r\u00e8gles. Le rappel de Specialized d\u00e9montre l'importance d'une assurance qualit\u00e9 permanente sur le march\u00e9 en pleine \u00e9volution des v\u00e9los \u00e9lectriques. Par ailleurs, le renouveau du produit VanMoof repr\u00e9sente une avanc\u00e9e audacieuse vers des v\u00e9los \u00e9lectriques de qualit\u00e9 sup\u00e9rieure et s\u00e9curis\u00e9s qui peuvent red\u00e9finir les attentes des utilisateurs.<\/p>\n\n\n\n<p>Pour les d\u00e9taillants, il s'agit d'\u00e9duquer les clients non seulement sur les caract\u00e9ristiques des produits, mais aussi sur leur conformit\u00e9 \u00e0 la l\u00e9gislation. Pour les autorit\u00e9s municipales, il s'agit de trouver un \u00e9quilibre entre la s\u00e9curit\u00e9 et les besoins de mobilit\u00e9. Pour les services de livraison, les rappels de produits et les limitations de vitesse sont des risques op\u00e9rationnels qui n\u00e9cessitent une adaptation. Et pour les consommateurs, la confiance - dans les marques, dans les infrastructures, dans la gouvernance - devient la pierre angulaire de l'adoption.<\/p>\n\n\n\n<p>Le secteur ne se contente pas de cro\u00eetre, il m\u00fbrit. Et cela signifie que chaque partie prenante doit \u00e9voluer avec elle.<\/p>\n\n\n\n<h2 class=\"wp-block-heading\">Avis de non-responsabilit\u00e9 concernant les droits d&#039;auteur des images<\/h2>\n\n\n\n<p>Certaines images utilis\u00e9es sur ce site web\/article proviennent d&#039;Internet et sont uniquement destin\u00e9es \u00e0 des fins d&#039;illustration et d&#039;\u00e9ducation afin d&#039;am\u00e9liorer la compr\u00e9hension du contenu. Nous respectons les droits de propri\u00e9t\u00e9 intellectuelle des cr\u00e9ateurs originaux et nous effor\u00e7ons de citer leurs sources le cas \u00e9ch\u00e9ant.<\/p>\n\n\n\n<p>Si vous \u00eates le propri\u00e9taire l\u00e9gitime d&#039;une image affich\u00e9e ici et pensez que son utilisation constitue une violation du droit d&#039;auteur, veuillez nous contacter \u00e0 <a href=\"mailto:info@regencargobikes.com\" target=\"_Blank\" rel=\"noreferrer noopener\">info@regencargobikes.com<\/a>Apr\u00e8s v\u00e9rification, nous supprimerons rapidement l&#039;image ou fournirons une attribution appropri\u00e9e.<\/p>\n\n\n\n<p>Merci pour votre compr\u00e9hension.<\/p>\n\n\n\n<p>\u00a9 Regen Technology Co., Ltd.<\/p>\n\n\n\n<h2 class=\"wp-block-heading\"><\/h2>","protected":false},"excerpt":{"rendered":"<p>Here\u2019s a detailed roundup of three key developments\u2014New York City&#8217;s new e-bike speed limit, a maIntroduction The world of micromobility is undergoing a transformation, and the first half of June 2025 has brought three major developments to the forefront. These changes\u2014regulatory, technical, and commercial\u2014are redefining how cities manage electric mobility, how companies respond to safety [&hellip;]<\/p>\n","protected":false},"author":2,"featured_media":1554,"comment_status":"open","ping_status":"open","sticky":false,"template":"","format":"standard","meta":{"footnotes":""},"categories":[33],"tags":[],"class_list":["post-1553","post","type-post","status-publish","format-standard","has-post-thumbnail","hentry","category-ebike-news"],"_links":{"self":[{"href":"https:\/\/regencargobikes.com\/fr\/wp-json\/wp\/v2\/posts\/1553","targetHints":{"allow":["GET"]}}],"collection":[{"href":"https:\/\/regencargobikes.com\/fr\/wp-json\/wp\/v2\/posts"}],"about":[{"href":"https:\/\/regencargobikes.com\/fr\/wp-json\/wp\/v2\/types\/post"}],"author":[{"embeddable":true,"href":"https:\/\/regencargobikes.com\/fr\/wp-json\/wp\/v2\/users\/2"}],"replies":[{"embeddable":true,"href":"https:\/\/regencargobikes.com\/fr\/wp-json\/wp\/v2\/comments?post=1553"}],"version-history":[{"count":2,"href":"https:\/\/regencargobikes.com\/fr\/wp-json\/wp\/v2\/posts\/1553\/revisions"}],"predecessor-version":[{"id":1556,"href":"https:\/\/regencargobikes.com\/fr\/wp-json\/wp\/v2\/posts\/1553\/revisions\/1556"}],"wp:featuredmedia":[{"embeddable":true,"href":"https:\/\/regencargobikes.com\/fr\/wp-json\/wp\/v2\/media\/1554"}],"wp:attachment":[{"href":"https:\/\/regencargobikes.com\/fr\/wp-json\/wp\/v2\/media?parent=1553"}],"wp:term":[{"taxonomy":"category","embeddable":true,"href":"https:\/\/regencargobikes.com\/fr\/wp-json\/wp\/v2\/categories?post=1553"},{"taxonomy":"post_tag","embeddable":true,"href":"https:\/\/regencargobikes.com\/fr\/wp-json\/wp\/v2\/tags?post=1553"}],"curies":[{"name":"wp","href":"https:\/\/api.w.org\/{rel}","templated":true}]}}