{"id":1557,"date":"2025-06-19T04:11:32","date_gmt":"2025-06-18T20:11:32","guid":{"rendered":"https:\/\/regencargobikes.com\/?p=1557"},"modified":"2025-06-19T04:11:34","modified_gmt":"2025-06-18T20:11:34","slug":"top-10-cargo-bike-rental-services-in-germany","status":"publish","type":"post","link":"https:\/\/regencargobikes.com\/fr\/top-10-cargo-bike-rental-services-in-germany\/","title":{"rendered":"Top 10 des services de location de v\u00e9los cargo en Allemagne"},"content":{"rendered":"<p>L'\u00e9cosyst\u00e8me allemand de location de v\u00e9los-cargos est florissant. Les villes, les startups et les entreprises de logistique adoptent de plus en plus les v\u00e9los-cargos pour r\u00e9duire les \u00e9missions, att\u00e9nuer les embouteillages et am\u00e9liorer la mobilit\u00e9. Ces services s'adressent \u00e0 une grande vari\u00e9t\u00e9 d'utilisateurs - familles, navetteurs, entreprises et collectivit\u00e9s locales - et d\u00e9montrent la polyvalence des v\u00e9los utilitaires. Non seulement ils remplacent les courts trajets en voiture, mais ils contribuent \u00e9galement aux programmes de mobilit\u00e9 partag\u00e9e, \u00e0 la logistique durable et aux initiatives de quartier. Dans ce contexte, dix marques cl\u00e9s se distinguent \u00e0 travers le pays. Sans les classer, cet article pr\u00e9sente le mod\u00e8le, les services et les cas d'utilisation de chaque marque, offrant ainsi des informations aux \u00e9quipes charg\u00e9es des achats, aux autorit\u00e9s publiques et aux planificateurs logistiques qui \u00e9valuent les partenariats avec des v\u00e9los-cargos pour des programmes publics ou des op\u00e9rations commerciales.<\/p>\n\n\n\n<hr class=\"wp-block-separator has-alpha-channel-opacity\"\/>\n\n\n\n<h2 class=\"wp-block-heading\">1. <strong>Sigo - Partage de cargaisons \u00e9lectroniques dans les gares<\/strong><\/h2>\n\n\n\n<p>Bas\u00e9 \u00e0 Darmstadt, <strong>Sigo<\/strong> est un pionnier du partage de cargaisons \u00e9lectroniques dans les gares, en utilisant des v\u00e9los-cargos \u00e9lectriques \u00e0 deux roues construits sur mesure et amarr\u00e9s \u00e0 des centres de recharge par induction. Depuis son lancement en 2020, Sigo a op\u00e9r\u00e9 un mod\u00e8le B2B2C, collaborant avec des associations de logement, des municipalit\u00e9s et des entit\u00e9s de transport public. Les utilisateurs localisent, d\u00e9verrouillent, utilisent et restituent les v\u00e9los via une application mobile. La recharge se fait de mani\u00e8re transparente \u00e0 la station, assurant environ 50 \u00e0 70 km par charge.<\/p>\n\n\n\n<ul class=\"wp-block-list\">\n<li><strong>Flotte et technologie<\/strong>: V\u00e9los personnalis\u00e9s avec contr\u00f4le par application et charge rapide par induction.<\/li>\n\n\n\n<li><strong>Cas d'utilisation<\/strong>: Id\u00e9al pour les pilotes publics, le partage communautaire et les livraisons localis\u00e9es.<\/li>\n\n\n\n<li><strong>Projet phare<\/strong>: Le programme \"Lastenrad\" de Bavi\u00e8re - 133 v\u00e9los dans 55 villes, 95 000 km parcourus, et plus de la moiti\u00e9 des trajets remplac\u00e9s par des trajets en voiture.<\/li>\n<\/ul>\n\n\n\n<figure class=\"wp-block-image size-full\"><img fetchpriority=\"high\" decoding=\"async\" width=\"900\" height=\"600\" src=\"https:\/\/regencargobikes.com\/wp-content\/uploads\/2025\/06\/Sigo_Eurobike2019.webp\" alt=\"\" class=\"wp-image-1558\" srcset=\"https:\/\/regencargobikes.com\/wp-content\/uploads\/2025\/06\/Sigo_Eurobike2019.webp 900w, https:\/\/regencargobikes.com\/wp-content\/uploads\/2025\/06\/Sigo_Eurobike2019-300x200.webp 300w, https:\/\/regencargobikes.com\/wp-content\/uploads\/2025\/06\/Sigo_Eurobike2019-768x512.webp 768w, https:\/\/regencargobikes.com\/wp-content\/uploads\/2025\/06\/Sigo_Eurobike2019-18x12.webp 18w\" sizes=\"(max-width: 900px) 100vw, 900px\" \/><\/figure>\n\n\n\n<p>Le mod\u00e8le de Sigo montre comment une infrastructure robuste, l'automatisation et les partenariats peuvent faire du partage des cargaisons \u00e9lectroniques une solution urbaine \u00e9volutive. Il \u00e9limine l'anxi\u00e9t\u00e9 li\u00e9e \u00e0 l'autonomie, minimise la maintenance et r\u00e9duit les besoins en personnel. Les responsables des achats peuvent consid\u00e9rer Sigo comme un partenaire cl\u00e9 en main offrant des op\u00e9rations fiables, des r\u00e9sultats respectueux du climat et l'int\u00e9gration de l'infrastructure, tout en tenant compte des crit\u00e8res de planification de la communaut\u00e9 et de la flotte. Ce projet est un mod\u00e8le pour les villes qui cherchent \u00e0 d\u00e9ployer la mobilit\u00e9 avec un minimum de perturbations et un maximum d'avantages pour le public.<\/p><div class=\"regen-test-placement-from-wizard-1604397851\" id=\"regen-1978738062\"><script async src=\"https:\/\/pagead2.googlesyndication.com\/pagead\/js\/adsbygoogle.js?client=ca-pub-1076230867169041\"\n     crossorigin=\"anonymous\"><\/script><\/div><div class=\"regen-test-placement-from-wizard-2878267818\" id=\"regen-716094935\"><script async src=\"https:\/\/pagead2.googlesyndication.com\/pagead\/js\/adsbygoogle.js?client=ca-pub-1076230867169041\"\n     crossorigin=\"anonymous\"><\/script><\/div>\n\n\n\n<hr class=\"wp-block-separator has-alpha-channel-opacity\"\/>\n\n\n\n<h2 class=\"wp-block-heading\">2. <strong>Nextbike (Tier Mobility) - R\u00e9seau de v\u00e9los partag\u00e9s Int\u00e9gration du fret<\/strong><\/h2>\n\n\n\n<p><strong>V\u00e9lo suivant<\/strong>Nextbike, sous l'\u00e9gide de Tier Mobility, am\u00e9liore le partage des v\u00e9los en ville gr\u00e2ce \u00e0 l'int\u00e9gration du fret. Dans des villes allemandes comme Leipzig et Cologne, Nextbike a ajout\u00e9 des v\u00e9los e-cargo (par ex, <strong>Urban Arrow Cargo L<\/strong>), accessibles via la m\u00eame application et le m\u00eame syst\u00e8me d'amarrage. Cette strat\u00e9gie s'appuie sur les infrastructures existantes et les habitudes des utilisateurs, faisant des v\u00e9los-cargos une extension des syst\u00e8mes de v\u00e9los en libre-service les plus r\u00e9pandus, ce qui am\u00e9liore la visibilit\u00e9.<\/p>\n\n\n\n<ul class=\"wp-block-list\">\n<li><strong>Tarification<\/strong>: ~1\u20ac d\u00e9bloquer, \u20ac0.05-0.10 par minute.<\/li>\n\n\n\n<li><strong>Utilisations<\/strong>: Id\u00e9al pour les courses en famille, le transport des enfants ou la logistique urbaine l\u00e9g\u00e8re.<\/li>\n\n\n\n<li><strong>Mod\u00e8le<\/strong>: Urban Arrow Cargo L pour une conduite stable et une capacit\u00e9 de chargement.<\/li>\n<\/ul>\n\n\n\n<p>L'int\u00e9gration r\u00e9duit les frais g\u00e9n\u00e9raux : m\u00eame facturation, m\u00eame assistance et m\u00eame disponibilit\u00e9 des stations. Elle \u00e9largit la diversit\u00e9 de la flotte avec un investissement minimal et permet aux villes de surveiller l'utilisation des v\u00e9los-cargos gr\u00e2ce \u00e0 des donn\u00e9es partag\u00e9es. Les usagers se familiarisent avec le syst\u00e8me sans avoir besoin de nouvelles applications ou d'inscriptions. Cependant, les petites flottes peuvent signifier une disponibilit\u00e9 limit\u00e9e et une fiabilit\u00e9 bas\u00e9e sur la demande. L'acc\u00e8s la nuit ou le week-end peut varier. N\u00e9anmoins, l'approche de Nextbike montre comment les villes peuvent int\u00e9grer rapidement des options de transport de marchandises, non pas en construisant des syst\u00e8mes distincts, mais en am\u00e9liorant les syst\u00e8mes existants. Pour les \u00e9quipes charg\u00e9es de la logistique et de l'approvisionnement, il s'agit d'une option de fret \u00e0 faible risque et facilement accessible dans des cadres connus.<\/p>\n\n\n\n<hr class=\"wp-block-separator has-alpha-channel-opacity\"\/>\n\n\n\n<h2 class=\"wp-block-heading\">3. <strong>Freie Lastenr\u00e4der - Pr\u00eat gratuit \u00e0 l'initiative de la communaut\u00e9<\/strong><\/h2>\n\n\n\n<p>Le <strong>Les doigts de gant libres<\/strong> Le r\u00e9seau, aliment\u00e9 par des ONG et des clubs locaux, s'\u00e9tend aujourd'hui \u00e0 l'ensemble de l'Europe. <strong>179+ villes allemandes<\/strong> (par exemple, fLotte \u00e0 Berlin, Kasimir \u00e0 Cologne). Un habitant peut r\u00e9server un v\u00e9lo cargo en ligne, le r\u00e9cup\u00e9rer dans un lieu communautaire et le rendre apr\u00e8s utilisation, gratuitement ou moyennant un don.<\/p>\n\n\n\n<ul class=\"wp-block-list\">\n<li><strong>La flotte<\/strong>: V\u00e9los \u00e0 bo\u00eete manuels et \u00e9lectriques, trikes ; \u00e0 charge de l'utilisateur s'ils sont \u00e9lectriques.<\/li>\n\n\n\n<li><strong>Cas d'utilisation<\/strong>: Courses, transport de marchandises, sorties en famille.<\/li>\n\n\n\n<li><strong>Mod\u00e8le<\/strong>: Approche d\u00e9mocratique reposant sur des h\u00f4tes b\u00e9n\u00e9voles.<\/li>\n<\/ul>\n\n\n\n<p>Ces programmes suscitent la bonne volont\u00e9 du public, d\u00e9veloppent la coh\u00e9sion de la communaut\u00e9 et renforcent le soutien de la population \u00e0 la mobilit\u00e9 durable. Les limites sont les heures de service non commerciales, les ressources d'entretien limit\u00e9es et la variabilit\u00e9 entre les lieux. Cependant, l'impact social est significatif : ils mod\u00e8lent la responsabilit\u00e9 des utilisateurs, r\u00e9duisent la d\u00e9pendance \u00e0 l'\u00e9gard de la voiture et valident l'utilisation des cargaisons publiques. Pour les planificateurs et les \u00e9quipes de RSE des entreprises, ces programmes peuvent compl\u00e9ter les services payants, piloter l'expansion des infrastructures ou attirer les citoyens vers des syst\u00e8mes partag\u00e9s. Ils permettent \u00e9galement de tester le comportement des utilisateurs dans des environnements peu co\u00fbteux et peu contraignants.<\/p>\n\n\n\n<hr class=\"wp-block-separator has-alpha-channel-opacity\"\/>\n\n\n\n<h2 class=\"wp-block-heading\">4. <strong>CYCLE.eco - Location d'abonnements commerciaux<\/strong><\/h2>\n\n\n\n<p><strong>CYCLE.eco<\/strong> (anciennement GetHenry) loue des v\u00e9los e-cargo aux travailleurs occasionnels, aux PME et aux entreprises sur la base de contrats mensuels tout compris (159-199 \u20ac), couvrant l'entretien et l'assurance. Active \u00e0 Berlin, Hambourg, Cologne et au-del\u00e0, elle utilise des mod\u00e8les comme Urban Arrow et Radkutsche long-tails, robustes et con\u00e7us pour un usage intensif.<\/p>\n\n\n\n<ul class=\"wp-block-list\">\n<li><strong>La flotte<\/strong>: Mod\u00e8les haut de gamme \u00e0 queue longue \u00e9quip\u00e9s de syst\u00e8mes d'entra\u00eenement Bosch.<\/li>\n\n\n\n<li><strong>Abonnement<\/strong>: Une redevance mensuelle comprend le service, l'assurance et les pi\u00e8ces d\u00e9tach\u00e9es.<\/li>\n\n\n\n<li><strong>Cas d'utilisation<\/strong>: Livraison de nourriture, logistique de messagerie, transport B2B du dernier kilom\u00e8tre.<\/li>\n<\/ul>\n\n\n\n<figure class=\"wp-block-image size-full\"><img decoding=\"async\" width=\"900\" height=\"600\" src=\"https:\/\/regencargobikes.com\/wp-content\/uploads\/2025\/06\/\u5fae\u4fe1\u56fe\u7247_20250619032435.webp\" alt=\"\" class=\"wp-image-1560\" srcset=\"https:\/\/regencargobikes.com\/wp-content\/uploads\/2025\/06\/\u5fae\u4fe1\u56fe\u7247_20250619032435.webp 900w, https:\/\/regencargobikes.com\/wp-content\/uploads\/2025\/06\/\u5fae\u4fe1\u56fe\u7247_20250619032435-300x200.webp 300w, https:\/\/regencargobikes.com\/wp-content\/uploads\/2025\/06\/\u5fae\u4fe1\u56fe\u7247_20250619032435-768x512.webp 768w, https:\/\/regencargobikes.com\/wp-content\/uploads\/2025\/06\/\u5fae\u4fe1\u56fe\u7247_20250619032435-18x12.webp 18w\" sizes=\"(max-width: 900px) 100vw, 900px\" \/><\/figure>\n\n\n\n<p>Les entreprises \u00e9vitent les co\u00fbts initiaux importants et peuvent faire \u00e9voluer leurs flottes de mani\u00e8re flexible. La pr\u00e9visibilit\u00e9 des d\u00e9penses d'exploitation facilite la budg\u00e9tisation de la logistique. L'assistance \u00e0 la maintenance augmente le temps de fonctionnement et r\u00e9duit les interruptions. Les services d'approvisionnement peuvent contr\u00f4ler l'utilisation, les co\u00fbts et le retour sur investissement. La disponibilit\u00e9 peut fluctuer en cas de forte demande, et la location mensuelle peut d\u00e9passer les co\u00fbts de propri\u00e9t\u00e9 en cas d'utilisation intensive. CYCLE.eco offre n\u00e9anmoins une solution presque cl\u00e9 en main pour les flottes, id\u00e9ale pour celles qui ne disposent pas d'\u00e9quipes de maintenance des v\u00e9los ou qui n'ont pas d'investissement \u00e0 faire.<\/p>\n\n\n\t\t<div data-elementor-type=\"section\" data-elementor-id=\"1530\" class=\"elementor elementor-1530\" data-elementor-post-type=\"elementor_library\">\n\t\t\t<div class=\"elementor-element elementor-element-303061a0 e-flex e-con-boxed e-con e-parent\" data-id=\"303061a0\" data-element_type=\"container\" data-e-type=\"container\" data-settings=\"{&quot;background_background&quot;:&quot;classic&quot;,&quot;ekit_has_onepagescroll_dot&quot;:&quot;yes&quot;}\">\n\t\t\t\t\t<div class=\"e-con-inner\">\n\t\t<div class=\"elementor-element elementor-element-2b5c3a71 e-con-full e-flex e-con e-child\" data-id=\"2b5c3a71\" data-element_type=\"container\" data-e-type=\"container\" data-settings=\"{&quot;ekit_has_onepagescroll_dot&quot;:&quot;yes&quot;}\">\n\t\t\t\t<div class=\"elementor-element elementor-element-272f1e87 elementor-widget elementor-widget-elementskit-heading\" data-id=\"272f1e87\" data-element_type=\"widget\" data-e-type=\"widget\" data-widget_type=\"elementskit-heading.default\">\n\t\t\t\t<div class=\"elementor-widget-container\">\n\t\t\t\t\t<div class=\"ekit-wid-con\" ><div class=\"ekit-heading elementskit-section-title-wraper text_left   ekit_heading_tablet-   ekit_heading_mobile-text_center\"><h2 class=\"ekit-heading--title elementskit-section-title\">Vous souhaitez cr\u00e9er votre propre flotte de location de v\u00e9los cargo ?<\/h2>\t\t\t\t<div class='ekit-heading__description'>\n\t\t\t\t\t<p>Regen a aid\u00e9 des dizaines d'op\u00e9rateurs d\u00e9butants \u00e0 surmonter les obstacles techniques et de production. Notre \u00e9quipe d'experts facilite la conception, la production et la mise \u00e0 l'\u00e9chelle d'une flotte pr\u00eate \u00e0 \u00eatre lou\u00e9e, le tout sous votre marque.<\/p>\n\t\t\t\t<\/div>\n\t\t\t<\/div><\/div>\t\t\t\t<\/div>\n\t\t\t\t<\/div>\n\t\t\t\t<div class=\"elementor-element elementor-element-4ac735db elementor-widget-mobile__width-auto elementor-widget elementor-widget-elementskit-dual-button\" data-id=\"4ac735db\" data-element_type=\"widget\" data-e-type=\"widget\" data-widget_type=\"elementskit-dual-button.default\">\n\t\t\t\t<div class=\"elementor-widget-container\">\n\t\t\t\t\t<div class=\"ekit-wid-con\" >\n                <div class=\"ekit-element-align-wrapper\">\n                    <div class=\"ekit_double_button\">                <a class=\"ekit-double-btn ekit-double-btn-one\" href=\"https:\/\/regencargobikes.com\/fr\/contact\/\">\n                    Demander un devis                <\/a>\n            \n            <a class=\"ekit-double-btn ekit-double-btn-two\" href=\"https:\/\/regencargobikes.com\/fr\/service-center\/\">\n                    Centre de services                <\/a>\n                  <\/div>\n                <\/div>\n            <\/div>\t\t\t\t<\/div>\n\t\t\t\t<\/div>\n\t\t\t\t<\/div>\n\t\t<div class=\"elementor-element elementor-element-19753a4e e-con-full e-flex e-con e-child\" data-id=\"19753a4e\" data-element_type=\"container\" data-e-type=\"container\" data-settings=\"{&quot;background_background&quot;:&quot;classic&quot;,&quot;ekit_has_onepagescroll_dot&quot;:&quot;yes&quot;}\">\n\t\t\t\t<div class=\"elementor-element elementor-element-17eaa8b elementor-widget elementor-widget-html\" data-id=\"17eaa8b\" data-element_type=\"widget\" data-e-type=\"widget\" data-widget_type=\"html.default\">\n\t\t\t\t<div class=\"elementor-widget-container\">\n\t\t\t\t\t<script async src=\"https:\/\/pagead2.googlesyndication.com\/pagead\/js\/adsbygoogle.js?client=ca-pub-1076230867169041\"\n     crossorigin=\"anonymous\"><\/script>\n<!-- \u6b63\u65b9\u5f62 -->\n<ins class=\"adsbygoogle\"\n     style=\"display:block\"\n     data-ad-client=\"ca-pub-1076230867169041\"\n     data-ad-slot=\"7340675255\"\n     data-ad-format=\"auto\"\n     data-full-width-responsive=\"true\"><\/ins>\n<script>\n     (adsbygoogle = window.adsbygoogle || []).push({});\n<\/script>\t\t\t\t<\/div>\n\t\t\t\t<\/div>\n\t\t\t\t<\/div>\n\t\t\t\t\t<\/div>\n\t\t\t\t<\/div>\n\t\t\t\t<\/div>\n\t\t\n\n\n\n<hr class=\"wp-block-separator has-alpha-channel-opacity\"\/>\n\n\n\n<h2 class=\"wp-block-heading\">5. <strong>ListNRide - Agr\u00e9gateur de location de v\u00e9hicules priv\u00e9s et d'ateliers<\/strong><\/h2>\n\n\n\n<p><strong>ListeNRide<\/strong> fonctionne comme une plateforme mettant en relation les propri\u00e9taires priv\u00e9s et les petits magasins de location, offrant environ <strong>80-90 v\u00e9los cargo<\/strong> dans toute l'Allemagne. On y trouve des mod\u00e8les d'e-cargo tels que Bakfiets et Babboe, lou\u00e9s \u00e0 l'heure ou \u00e0 la journ\u00e9e, qui conviennent aux familles, aux touristes ou aux projets ponctuels.<\/p>\n\n\n\n<ul class=\"wp-block-list\">\n<li><strong>Taille de la flotte<\/strong>: Annonces actives dans les grandes villes et les villes de taille moyenne.<\/li>\n\n\n\n<li><strong>Cas d'utilisation<\/strong>: Vacances familiales de courte dur\u00e9e, \u00e9v\u00e9nements, tests.<\/li>\n\n\n\n<li><strong>Exemples<\/strong>: Bakfiets pour le d\u00e9m\u00e9nagement de cartons ou d'enfants.<\/li>\n<\/ul>\n\n\n\n<p>ListNRide offre une grande flexibilit\u00e9 - pas de contrat \u00e0 long terme ni d'engagement dans le syst\u00e8me. La qualit\u00e9 varie, mais elle est id\u00e9ale pour les pilotes d'approvisionnement, les partenaires touristiques et les services sociaux offrant un acc\u00e8s ad hoc aux v\u00e9los-cargos. Le prix peut \u00eatre plus \u00e9lev\u00e9 pour les locations individuelles. Les op\u00e9rateurs b\u00e9n\u00e9ficient d'une visibilit\u00e9 et d'une infrastructure de r\u00e9servation gr\u00e2ce \u00e0 la plateforme, sans avoir \u00e0 investir dans leur propre portail web. C'est un point d'entr\u00e9e pr\u00e9cieux pour tester la demande ou fournir une logistique de type pop-up.<\/p>\n\n\n\n<hr class=\"wp-block-separator has-alpha-channel-opacity\"\/>\n\n\n\n<h2 class=\"wp-block-heading\">6. <strong>Urban Arrow (via les concessionnaires) - Leasing &amp; Fleet Sales<\/strong><\/h2>\n\n\n\n<p><strong>Fl\u00e8che urbaine<\/strong> v\u00e9los - comme le <strong>Cargo L Performance<\/strong> et <strong>Plateau L<\/strong>-constituent l'\u00e9pine dorsale mat\u00e9rielle de nombreux parcs de v\u00e9hicules B2B et d'abonnements logistiques. Dans toute l'Allemagne, des concessionnaires proposent des services de location et de gestion compl\u00e8te de flotte, prenant en charge le d\u00e9ploiement, la maintenance et les mises \u00e0 niveau de la flotte.<\/p>\n\n\n\n<ul class=\"wp-block-list\">\n<li><strong>Mod\u00e8les<\/strong>: Cargo L avec caisse, Flatbed L pour les travaux lourds.<\/li>\n\n\n\n<li><strong>Cas d'utilisation<\/strong>: Livraison, soci\u00e9t\u00e9s de location, flottes publiques.<\/li>\n\n\n\n<li><strong>Soutien<\/strong>: Les forfaits de services du concessionnaire et les garanties du fabricant.<\/li>\n<\/ul>\n\n\n\n<p>Bien qu'Urban Arrow ne loue pas directement, elle met \u00e0 la disposition des loueurs et des op\u00e9rateurs de flottes des v\u00e9los cargos haut de gamme. Les performances sont bien adapt\u00e9es aux besoins des entreprises, \u00e0 la navigation sur les routes de la ville et \u00e0 la manutention de charges utiles. La location permet d'\u00e9viter les risques li\u00e9s \u00e0 la propri\u00e9t\u00e9 et \u00e0 l'investissement dans les stocks. Les villes en profitent \u00e9galement, car ces v\u00e9los s'int\u00e8grent \u00e0 des programmes publics ou \u00e0 des conversions de flottes. Les agents d'approvisionnement qui \u00e9valuent les options mat\u00e9rielles reconna\u00eetront la r\u00e9putation d'Urban Arrow en mati\u00e8re d'\u00e9tablissement de normes et le soutien \u00e9tendu de ses concessionnaires.<\/p>\n\n\n\n<hr class=\"wp-block-separator has-alpha-channel-opacity\"\/>\n\n\n\n<h2 class=\"wp-block-heading\">7. <strong>R\u00e9publique de l'\u00e2ne - Mise en \u0153uvre d'un projet pilote de fret<\/strong><\/h2>\n\n\n\n<p><strong>R\u00e9publique des \u00e2nes<\/strong> a ajout\u00e9 des mod\u00e8les cargo \u00e0 son application de location sans quai \u00e0 Berlin et dans certaines villes. Ces v\u00e9los, \u00e9quip\u00e9s de si\u00e8ges pour enfants et de bo\u00eetes de chargement, sont int\u00e9gr\u00e9s de mani\u00e8re transparente aux offres de v\u00e9los standard dans l'application - aucune inscription ou caution sp\u00e9ciale n'est n\u00e9cessaire.<\/p>\n\n\n\n<ul class=\"wp-block-list\">\n<li><strong>D\u00e9verrouillage par application<\/strong>: Une exp\u00e9rience famili\u00e8re pour les cavaliers.<\/li>\n\n\n\n<li><strong>Cas d'utilisation<\/strong>: Sorties en famille, d\u00e9p\u00f4t \u00e0 l'\u00e9cole, courses l\u00e9g\u00e8res.<\/li>\n\n\n\n<li><strong>B\u00e9n\u00e9fice<\/strong>: Adoption occasionnelle sans engagement.<\/li>\n<\/ul>\n\n\n\n<figure class=\"wp-block-image size-full\"><img decoding=\"async\" width=\"900\" height=\"600\" src=\"https:\/\/regencargobikes.com\/wp-content\/uploads\/2025\/06\/eT21-07552_02-de.webp\" alt=\"\" class=\"wp-image-1559\" srcset=\"https:\/\/regencargobikes.com\/wp-content\/uploads\/2025\/06\/eT21-07552_02-de.webp 900w, https:\/\/regencargobikes.com\/wp-content\/uploads\/2025\/06\/eT21-07552_02-de-300x200.webp 300w, https:\/\/regencargobikes.com\/wp-content\/uploads\/2025\/06\/eT21-07552_02-de-768x512.webp 768w, https:\/\/regencargobikes.com\/wp-content\/uploads\/2025\/06\/eT21-07552_02-de-18x12.webp 18w\" sizes=\"(max-width: 900px) 100vw, 900px\" \/><\/figure>\n\n\n\n<p>L'approche de Donkey abaisse les barri\u00e8res \u00e0 l'entr\u00e9e, permettant aux familles d'essayer les v\u00e9los cargo sans effort. L'int\u00e9gration de l'application permet une facturation directe et un suivi de la localisation. Cependant, elle se caract\u00e9rise par des flottes \u00e0 petite \u00e9chelle, une disponibilit\u00e9 incertaine et un service d'assistance limit\u00e9 par rapport aux locations en station. Elle convient aux projets pilotes de tourisme et de micro-mobilit\u00e9, et est id\u00e9ale pour les responsables des achats dans les villes qui souhaitent introduire des v\u00e9los-cargos dans les syst\u00e8mes de mobilit\u00e9 partag\u00e9e existants.<\/p>\n\n\n\n<hr class=\"wp-block-separator has-alpha-channel-opacity\"\/>\n\n\n\n<h2 class=\"wp-block-heading\">8. <strong>Call a Bike (DB) - Cargo pilote pour la connaissance des donn\u00e9es<\/strong><\/h2>\n\n\n\n<p><strong>Appeler un v\u00e9lo<\/strong>exploit\u00e9 par la Deutsche Bahn, organise occasionnellement des essais de v\u00e9los-cargos en partenariat avec des villes comme Francfort. Ces v\u00e9los s'int\u00e8grent \u00e0 l'infrastructure existante et sont int\u00e9gr\u00e9s \u00e0 des projets de recherche explorant le comportement des utilisateurs et les habitudes de d\u00e9placement.<\/p>\n\n\n\n<ul class=\"wp-block-list\">\n<li><strong>Caract\u00e9ristiques<\/strong>: Si\u00e8ges enfants, coffres arri\u00e8re, int\u00e9gration d'applications.<\/li>\n\n\n\n<li><strong>Cas d'utilisation<\/strong>: Essais de mobilit\u00e9 urbaine et li\u00e9e au transport en commun.<\/li>\n\n\n\n<li><strong>Objectif<\/strong>: Collecte de donn\u00e9es pour l'\u00e9laboration de politiques.<\/li>\n<\/ul>\n\n\n\n<p>Les projets pilotes \"Call a Bike\" aident les autorit\u00e9s \u00e0 \u00e9valuer la demande, les sch\u00e9mas de d\u00e9placement et la substitution de trajets sans investissement majeur. Ils mettent en \u00e9vidence le r\u00f4le du fret dans les syst\u00e8mes de transport urbain multimodaux. L'inconv\u00e9nient est que la disponibilit\u00e9 est limit\u00e9e aux espaces nominatifs des pilotes, et non au grand public. Toutefois, les responsables des achats et les agences de planification peuvent utiliser les r\u00e9sultats pour justifier des investissements plus importants ou la mise \u00e0 l'\u00e9chelle du syst\u00e8me.<\/p>\n\n\n\n<hr class=\"wp-block-separator has-alpha-channel-opacity\"\/>\n\n\n\n<h2 class=\"wp-block-heading\">9. <strong>Frachtfreunde - Flotte logistique des ONG<\/strong><\/h2>\n\n\n\n<p><strong>Les amis de l'eau<\/strong> est une organisation \u00e0 but non lucratif qui fait don d'une flotte de v\u00e9los cargo \u00e0 des ONG et \u00e0 des entreprises sociales, permettant ainsi une logistique durable \u00e0 faible co\u00fbt. Les v\u00e9los - souvent des trikes lourds - sont pr\u00eat\u00e9s \u00e0 long terme pour des missions \u00e0 but non lucratif, la logistique d'\u00e9v\u00e9nements ou des programmes communautaires.<\/p>\n\n\n\n<ul class=\"wp-block-list\">\n<li><strong>La flotte<\/strong>: Trikes \u00e9lectriques de transport de marchandises, avec une capacit\u00e9 de charge de 120+ kg.<\/li>\n\n\n\n<li><strong>Cas d'utilisation<\/strong>: Sensibilisation de la communaut\u00e9, \u00e9v\u00e9nements caritatifs, logistique de l'aide d'urgence.<\/li>\n\n\n\n<li><strong>Financement<\/strong>: Dons et subventions financ\u00e9s par la foule.<\/li>\n<\/ul>\n\n\n\n<p>Ce mod\u00e8le permet d'\u00e9tendre les v\u00e9los-cargos aux secteurs sous-financ\u00e9s sans contraintes commerciales. Les d\u00e9fis \u00e0 relever sont le financement de la maintenance et la garantie de la responsabilit\u00e9. N\u00e9anmoins, il montre comment les v\u00e9los peuvent constituer une solution logistique de base. Les municipalit\u00e9s peuvent s'associer \u00e0 des ONG comme Frachtfreunde pour renforcer les capacit\u00e9s de la communaut\u00e9 et atteindre les objectifs de durabilit\u00e9, tandis que les flottes d\u00e9montrent leur capacit\u00e9 r\u00e9elle \u00e0 soutenir les missions civiques.<\/p>\n\n\n\n<hr class=\"wp-block-separator has-alpha-channel-opacity\"\/>\n\n\n\n<h2 class=\"wp-block-heading\">10. <strong>Velogista - Service de messagerie \u00e0 v\u00e9lo<\/strong><\/h2>\n\n\n\n<p><strong>Velogista<\/strong>une soci\u00e9t\u00e9 de messagerie bas\u00e9e \u00e0 Berlin, assure la logistique contractuelle \u00e0 l'aide de trikes \u00e9lectriques. Avec des nacelles de chargement \u00e9tanches et une capacit\u00e9 de charge de plus de 250 kg, leur mod\u00e8le s'adresse aux entreprises qui ont besoin de livraisons agiles et respectueuses de l'environnement sans poss\u00e9der de flotte.<\/p>\n\n\n\n<ul class=\"wp-block-list\">\n<li><strong>Service<\/strong>: Livraison contractuelle B2B avec enl\u00e8vements programm\u00e9s.<\/li>\n\n\n\n<li><strong>La flotte<\/strong>: Trikes cargo sur mesure avec GPS, bacs modulaires.<\/li>\n\n\n\n<li><strong>Clients cibles<\/strong>: D\u00e9taillants, bureaux, cha\u00eenes d'approvisionnement pour les \u00e9v\u00e9nements.<\/li>\n<\/ul>\n\n\n\n<p>Velogista \u00e9limine la gestion de la flotte et la charge des \u00e9missions, ce qui permet aux clients de red\u00e9ployer leurs ressources internes. Ils offrent une fiabilit\u00e9 et des avantages mesurables en mati\u00e8re de d\u00e9veloppement durable. Parmi les d\u00e9fis \u00e0 relever, citons la rotation des conducteurs et la variabilit\u00e9 des conditions m\u00e9t\u00e9orologiques. N\u00e9anmoins, ils repr\u00e9sentent un mod\u00e8le de livraison enti\u00e8rement externalis\u00e9 et sans \u00e9mission de carbone, int\u00e9ressant pour les planificateurs logistiques et les responsables du d\u00e9veloppement durable des entreprises.<\/p>\n\n\n\n<hr class=\"wp-block-separator has-alpha-channel-opacity\"\/>\n\n\n\n<h2 class=\"wp-block-heading\">Conclusion : Perspectives strat\u00e9giques pour les parties prenantes<\/h2>\n\n\n\n<p>Le vaste paysage allemand des v\u00e9los-cargos offre des solutions sur mesure pour les utilisations publiques et commerciales. Parmi dix marques :<\/p>\n\n\n\n<ul class=\"wp-block-list\">\n<li><strong>Sigo<\/strong>offre un partage robuste bas\u00e9 sur des stations avec chargement automatique.<\/li>\n\n\n\n<li><strong>V\u00e9lo suivant<\/strong> et <strong>Appeler un v\u00e9lo<\/strong> int\u00e9grer le fret dans les r\u00e9seaux urbains.<\/li>\n\n\n\n<li><strong>Les doigts de gant libres<\/strong> et <strong>Les amis de l'eau<\/strong> permettre \u00e0 la base et aux organisations \u00e0 but non lucratif d'avoir acc\u00e8s \u00e0 l'information.<\/li>\n\n\n\n<li><strong>CYCLE.eco<\/strong>, <strong>Velogista<\/strong>, et <strong>Urban Arrow leasing<\/strong> r\u00e9pondre aux besoins logistiques des entreprises.<\/li>\n\n\n\n<li><strong>ListeNRide<\/strong> et <strong>R\u00e9publique des \u00e2nes<\/strong> soutenir les pilotes consommateurs et l'entr\u00e9e dans le tourisme.<\/li>\n<\/ul>\n\n\n\n<p>Pour les responsables des achats, de la politique ou de la logistique, les \u00e9l\u00e9ments cl\u00e9s \u00e0 prendre en compte sont les suivants :<\/p>\n\n\n\n<ul class=\"wp-block-list\">\n<li><strong>Pr\u00e9paration de l'infrastructure<\/strong>-Les syst\u00e8mes avec ou sans station.<\/li>\n\n\n\n<li><strong>Besoins en mati\u00e8re de niveau de service<\/strong>-acc\u00e8s \u00e0 court terme, abonnements ou soutien logistique.<\/li>\n\n\n\n<li><strong>Mod\u00e8les de maintenance<\/strong>-La location \u00e0 temps plein diff\u00e8re des programmes g\u00e9r\u00e9s par la communaut\u00e9.<\/li>\n<\/ul>\n\n\n\n<p>Chaque mod\u00e8le offre une mobilit\u00e9 \u00e9volutive et durable, conforme aux r\u00e9glementations et aux mandats de d\u00e9veloppement durable. Avec l'int\u00e9r\u00eat croissant pour la r\u00e9duction des \u00e9missions, les v\u00e9los-cargos sont pass\u00e9s du statut de service boutique \u00e0 celui de moyen de transport urbain courant. Les services allemands associent la technologie, l'engagement civique et la r\u00e9flexion commerciale, offrant ainsi une feuille de route aux autres pays d\u00e9sireux d'int\u00e9grer les v\u00e9los-cargos dans leurs \u00e9cosyst\u00e8mes de mobilit\u00e9.<\/p>\n\n\n\n<hr class=\"wp-block-separator has-alpha-channel-opacity\"\/>\n\n\n\n<p><strong>R\u00e9f\u00e9rences :<\/strong><\/p>\n\n\n\n<ol class=\"wp-block-list\">\n<li><strong>Sigo<\/strong> - Chargement en station et mod\u00e8le de partage B2B2C <a href=\"https:\/\/sigo.green\" target=\"_Blank\" rel=\"noreferrer noopener\">sigo.green<\/a><\/li>\n\n\n\n<li><strong>Projet \"Lastenrad\" en Bavi\u00e8re<\/strong> - R\u00e9sultats du d\u00e9ploiement et donn\u00e9es d'utilisation <a href=\"\/fr\/sigo.green\/news\/lastenrad-bavaria\/\" target=\"_Blank\" rel=\"noreferrer noopener\">sigo.green\/news\/lastenrad-bavaria<\/a><\/li>\n\n\n\n<li><strong>Nextbike (Mobilit\u00e9 de niveau)<\/strong> - Int\u00e9gration du fret et partage par application <a href=\"https:\/\/nextbike.de\" target=\"_Blank\" rel=\"noreferrer noopener\">nextbike.de<\/a><\/li>\n\n\n\n<li><strong>Freie Lastenr\u00e4der (Frachtfreunde)<\/strong> - R\u00e9seau communautaire de pr\u00eats gratuits <a href=\"https:\/\/lastenrad.frachtfreunde.de\" target=\"_Blank\" rel=\"noreferrer noopener\">lastenrad.frachtfreunde.de<\/a><\/li>\n\n\n\n<li><strong>CYCLE.eco (anciennement GetHenry)<\/strong> - D\u00e9tails du plan d'abonnement et couverture de la flotte <a href=\"https:\/\/cycle.eco\" target=\"_Blank\" rel=\"noreferrer noopener\">cycle.eco<\/a><\/li>\n\n\n\n<li><strong>ListeNRide<\/strong> - Plateforme d'agr\u00e9gation avec des annonces de v\u00e9los cargo <a href=\"https:\/\/listnride.com\" target=\"_Blank\" rel=\"noreferrer noopener\">listnride.com<\/a><\/li>\n\n\n\n<li><strong>Fl\u00e8che urbaine<\/strong> - Utilisation de programmes de leasing par l'interm\u00e9diaire de concessionnaires allemands <a href=\"https:\/\/urbanarrow.com\" target=\"_Blank\" rel=\"noreferrer noopener\">urbanarrow.com<\/a><\/li>\n\n\n\n<li><strong>R\u00e9publique des \u00e2nes<\/strong> - D\u00e9ploiements pilotes de v\u00e9los-cargos <a href=\"https:\/\/donkey.bike\" target=\"_Blank\" rel=\"noreferrer noopener\">\u00e2ne.v\u00e9lo<\/a><\/li>\n\n\n\n<li><strong>Appeler un v\u00e9lo par la Deutsche Bahn<\/strong> - Pilotes de recherche sur les v\u00e9los-cargos <a href=\"https:\/\/callabike.de\" target=\"_Blank\" rel=\"noreferrer noopener\">callabike.de<\/a><\/li>\n\n\n\n<li><strong>Les amis de l'eau<\/strong> - Logistique des ONG et dons de v\u00e9los cargo <a href=\"https:\/\/frachtfreunde.de\" target=\"_Blank\" rel=\"noreferrer noopener\">frachtfreunde.de<\/a><\/li>\n\n\n\n<li><strong>Velogista<\/strong> - Mod\u00e8le de service de messagerie Cargo Trike <a href=\"https:\/\/velogista.de\" target=\"_Blank\" rel=\"noreferrer noopener\">velogista.de<\/a><\/li>\n<\/ol>","protected":false},"excerpt":{"rendered":"<p>Germany\u2019s cargo bike rental ecosystem is thriving. Cities, startups, and logistics firms are increasingly adopting e-cargo bikes to reduce emissions, ease congestion, and improve mobility. These services serve a variety of users\u2014families, commuters, businesses, and local governments\u2014showcasing the versatility of e-cargo bikes. Not only do they replace short car trips, but they also contribute to [&hellip;]<\/p>\n","protected":false},"author":2,"featured_media":1563,"comment_status":"open","ping_status":"open","sticky":false,"template":"","format":"standard","meta":{"footnotes":""},"categories":[2],"tags":[],"class_list":["post-1557","post","type-post","status-publish","format-standard","has-post-thumbnail","hentry","category-knowledge"],"_links":{"self":[{"href":"https:\/\/regencargobikes.com\/fr\/wp-json\/wp\/v2\/posts\/1557","targetHints":{"allow":["GET"]}}],"collection":[{"href":"https:\/\/regencargobikes.com\/fr\/wp-json\/wp\/v2\/posts"}],"about":[{"href":"https:\/\/regencargobikes.com\/fr\/wp-json\/wp\/v2\/types\/post"}],"author":[{"embeddable":true,"href":"https:\/\/regencargobikes.com\/fr\/wp-json\/wp\/v2\/users\/2"}],"replies":[{"embeddable":true,"href":"https:\/\/regencargobikes.com\/fr\/wp-json\/wp\/v2\/comments?post=1557"}],"version-history":[{"count":1,"href":"https:\/\/regencargobikes.com\/fr\/wp-json\/wp\/v2\/posts\/1557\/revisions"}],"predecessor-version":[{"id":1565,"href":"https:\/\/regencargobikes.com\/fr\/wp-json\/wp\/v2\/posts\/1557\/revisions\/1565"}],"wp:featuredmedia":[{"embeddable":true,"href":"https:\/\/regencargobikes.com\/fr\/wp-json\/wp\/v2\/media\/1563"}],"wp:attachment":[{"href":"https:\/\/regencargobikes.com\/fr\/wp-json\/wp\/v2\/media?parent=1557"}],"wp:term":[{"taxonomy":"category","embeddable":true,"href":"https:\/\/regencargobikes.com\/fr\/wp-json\/wp\/v2\/categories?post=1557"},{"taxonomy":"post_tag","embeddable":true,"href":"https:\/\/regencargobikes.com\/fr\/wp-json\/wp\/v2\/tags?post=1557"}],"curies":[{"name":"wp","href":"https:\/\/api.w.org\/{rel}","templated":true}]}}