{"id":1600,"date":"2025-06-22T04:17:36","date_gmt":"2025-06-21T20:17:36","guid":{"rendered":"https:\/\/regencargobikes.com\/?p=1600"},"modified":"2025-06-22T04:17:38","modified_gmt":"2025-06-21T20:17:38","slug":"how-fast-can-your-electric-cargo-bike-go","status":"publish","type":"post","link":"https:\/\/regencargobikes.com\/fr\/how-fast-can-your-electric-cargo-bike-go\/","title":{"rendered":"\u00c0 quelle vitesse votre v\u00e9lo cargo \u00e9lectrique peut-il aller\u00a0?"},"content":{"rendered":"<p>Chez Regen, on nous pose souvent une question d&#039;une simplicit\u00e9 trompeuse :<\/p>\n\n\n\n<p><strong>\u00ab \u00c0 quelle vitesse votre <a href=\"https:\/\/regencargobikes.com\/fr\/what-is-a-cargo-bike\/\" data-type=\"post\" data-id=\"1179\">v\u00e9lo cargo \u00e9lectrique<\/a> aller?&quot;<\/strong><\/p>\n\n\n\n<p>C&#039;est une question l\u00e9gitime et importante. Que vous vous d\u00e9placiez au travail, livriez des marchandises ou rouliez pour le plaisir, la vitesse influence non seulement l&#039;efficacit\u00e9, mais aussi la l\u00e9galit\u00e9, la s\u00e9curit\u00e9 et le confort de conduite. Aujourd&#039;hui, nous vous emmenons au guidon et nous plongeons dans les donn\u00e9es. Nous explorerons les statistiques de vitesse r\u00e9elles, les limites l\u00e9gales et <strong>ce qui affecte la vitesse de votre v\u00e9lo cargo.<\/strong><\/p><div class=\"regen-test-placement-from-wizard-1604397851\" id=\"regen-643365883\"><script async src=\"https:\/\/pagead2.googlesyndication.com\/pagead\/js\/adsbygoogle.js?client=ca-pub-1076230867169041\"\n     crossorigin=\"anonymous\"><\/script><\/div><div class=\"regen-test-placement-from-wizard-2878267818\" id=\"regen-896097664\"><script async src=\"https:\/\/pagead2.googlesyndication.com\/pagead\/js\/adsbygoogle.js?client=ca-pub-1076230867169041\"\n     crossorigin=\"anonymous\"><\/script><\/div>\n\n\n\n<hr class=\"wp-block-separator has-alpha-channel-opacity\"\/>\n\n\n\n<h2 class=\"wp-block-heading\"><strong>Limitations de vitesse dans le monde<\/strong><\/h2>\n\n\n\n<p>Commen\u00e7ons par les bases : <strong>les vitesses maximales l\u00e9gales varient selon la r\u00e9gion<\/strong>La plupart des v\u00e9los cargo \u00e9lectriques appartiennent \u00e0 l&#039;une des deux cat\u00e9gories suivantes\u00a0:<\/p>\n\n\n\n<figure class=\"wp-block-table\"><table class=\"has-fixed-layout\"><thead><tr><th><strong>R\u00e9gion<\/strong><\/th><th><strong>Vitesse maximale l\u00e9gale (km\/h)<\/strong><\/th><th><strong>Vitesse maximale (mph)<\/strong><\/th><th><strong>Notes de cours<\/strong><\/th><\/tr><\/thead><tbody><tr><td>UE<\/td><td>25<\/td><td>15.5<\/td><td>Pedelec (moteur 250W max)<\/td><\/tr><tr><td>UE (Speed-P)<\/td><td>45<\/td><td>28<\/td><td>V\u00e9lo \u00e9lectrique rapide, enregistrement n\u00e9cessaire<\/td><\/tr><tr><td>USA<\/td><td>32<\/td><td>20<\/td><td>V\u00e9los \u00e9lectriques de classe 1 et 2 (limite de moteur de 750 W)<\/td><\/tr><tr><td>Canada<\/td><td>32<\/td><td>20<\/td><td>Moteurs de 500 W maximum<\/td><\/tr><\/tbody><\/table><\/figure>\n\n\n\n<p>Dans la plupart des pays europ\u00e9ens, nos v\u00e9los cargo sont <strong>limit\u00e9 \u00e0 25 km\/h<\/strong> pour \u00eatre consid\u00e9r\u00e9s comme des v\u00e9los au sens du code de la route\u00a0; aucun permis ni assurance n&#039;est requis. Aux \u00c9tats-Unis et au Canada, le plafond est fix\u00e9 \u00e0 <strong>32 km\/h<\/strong>. Certains v\u00e9los d\u00e9passent cette vitesse (jusqu&#039;\u00e0 45 km\/h) sous un <strong>v\u00e9lo \u00e9lectrique rapide<\/strong> classification, qui n\u00e9cessite g\u00e9n\u00e9ralement le port d&#039;un casque, une assurance et m\u00eame une plaque d&#039;immatriculation.<\/p>\n\n\n\n<p><br>\ud83d\udc49 Lien vers : <strong><a href=\"https:\/\/regencargobikes.com\/fr\/electric-cargo-bike-motor-power-system-faq\/\" data-type=\"post\" data-id=\"1310\">FAQ sur le syst\u00e8me de moteur et l&#039;alimentation des v\u00e9los cargo \u00e9lectriques<\/a><\/strong><\/p>\n\n\n\n<hr class=\"wp-block-separator has-alpha-channel-opacity\"\/>\n\n\n\n<h2 class=\"wp-block-heading\"><strong>Quelles vitesses atteignent r\u00e9ellement les cyclistes ?<\/strong><\/h2>\n\n\n\n<p>C&#039;est ici que la th\u00e9orie rencontre le macadam. <a href=\"https:\/\/regencargobikes.com\/fr\/long-john-cargo-bike-regen-02\/\" data-type=\"page\" data-id=\"1395\">V\u00e9los cargo \u00e9lectriques Regen<\/a> naviguez confortablement autour de :<\/p>\n\n\n\n<ul class=\"wp-block-list\">\n<li><strong>20\u201325 km\/h (12\u201315,5 mph)<\/strong> sous assistance au p\u00e9dalage standard<\/li>\n\n\n\n<li><strong>40 \u00e0 45 km\/h (25 \u00e0 28 mph)<\/strong> pour les mod\u00e8les de VAE haute puissance ou de vitesse<\/li>\n<\/ul>\n\n\n\n<p>Mais n&#039;oubliez pas : la vitesse n&#039;est pas seulement une question de sp\u00e9cifications. C&#039;est une question <strong>charge, terrain, intervention du pilote<\/strong>, et bien s\u00fbr, <strong>force motrice<\/strong>.<\/p>\n\n\n\t\t<div data-elementor-type=\"section\" data-elementor-id=\"1414\" class=\"elementor elementor-1414\" data-elementor-post-type=\"elementor_library\">\n\t\t\t<div class=\"elementor-element elementor-element-7bf5eb01 e-flex e-con-boxed e-con e-parent\" data-id=\"7bf5eb01\" data-element_type=\"container\" data-e-type=\"container\" data-settings=\"{&quot;background_background&quot;:&quot;classic&quot;,&quot;ekit_has_onepagescroll_dot&quot;:&quot;yes&quot;}\">\n\t\t\t\t\t<div class=\"e-con-inner\">\n\t\t<div class=\"elementor-element elementor-element-9fc34e2 e-con-full e-flex e-con e-child\" data-id=\"9fc34e2\" data-element_type=\"container\" data-e-type=\"container\" data-settings=\"{&quot;background_background&quot;:&quot;classic&quot;,&quot;ekit_has_onepagescroll_dot&quot;:&quot;yes&quot;}\">\n\t\t\t\t<div class=\"elementor-element elementor-element-af4e700 elementor-absolute elementor-widget elementor-widget-image\" data-id=\"af4e700\" data-element_type=\"widget\" data-e-type=\"widget\" data-settings=\"{&quot;_position&quot;:&quot;absolute&quot;}\" data-widget_type=\"image.default\">\n\t\t\t\t<div class=\"elementor-widget-container\">\n\t\t\t\t\t\t\t\t\t\t\t\t\t\t\t<img fetchpriority=\"high\" decoding=\"async\" width=\"800\" height=\"422\" src=\"https:\/\/regencargobikes.com\/wp-content\/uploads\/2025\/05\/regen-02-electric-cargo-bike-.webp\" class=\"attachment-large size-large wp-image-1398\" alt=\"v\u00e9lo cargo \u00e9lectrique regen 02\" srcset=\"https:\/\/regencargobikes.com\/wp-content\/uploads\/2025\/05\/regen-02-electric-cargo-bike-.webp 1000w, https:\/\/regencargobikes.com\/wp-content\/uploads\/2025\/05\/regen-02-electric-cargo-bike--300x158.webp 300w, https:\/\/regencargobikes.com\/wp-content\/uploads\/2025\/05\/regen-02-electric-cargo-bike--768x405.webp 768w, https:\/\/regencargobikes.com\/wp-content\/uploads\/2025\/05\/regen-02-electric-cargo-bike--18x9.webp 18w\" sizes=\"(max-width: 800px) 100vw, 800px\" \/>\t\t\t\t\t\t\t\t\t\t\t\t\t\t\t<\/div>\n\t\t\t\t<\/div>\n\t\t\t\t<\/div>\n\t\t<div class=\"elementor-element elementor-element-7de8cd9d e-con-full e-flex e-con e-child\" data-id=\"7de8cd9d\" data-element_type=\"container\" data-e-type=\"container\" data-settings=\"{&quot;ekit_has_onepagescroll_dot&quot;:&quot;yes&quot;}\">\n\t\t\t\t<div class=\"elementor-element elementor-element-308b8d20 elementor-widget elementor-widget-elementskit-heading\" data-id=\"308b8d20\" data-element_type=\"widget\" data-e-type=\"widget\" data-widget_type=\"elementskit-heading.default\">\n\t\t\t\t<div class=\"elementor-widget-container\">\n\t\t\t\t\t<div class=\"ekit-wid-con\" ><div class=\"ekit-heading elementskit-section-title-wraper text_left   ekit_heading_tablet-   ekit_heading_mobile-text_center\"><h3 class=\"elementskit-section-subtitle\">\n\t\t\t\t\t\tV\u00e9lo cargo \u00e9lectrique Regen 02\n\t\t\t\t\t<\/h3><h2 class=\"ekit-heading--title elementskit-section-title\">Vous recherchez un chargeur frontal compact et personnalisable pour votre marque\u00a0?<\/h2>\t\t\t\t<div class='ekit-heading__description'>\n\t\t\t\t\t<p class=\"p1\">Test\u00e9 par le T\u00dcV lors de projets personnalis\u00e9s ant\u00e9rieurs. Mod\u00e8le accessible au public\u00a0: configurable, \u00e9prouv\u00e9 et pr\u00eat \u00e0 \u00e9voluer.<\/p>\n\t\t\t\t<\/div>\n\t\t\t<\/div><\/div>\t\t\t\t<\/div>\n\t\t\t\t<\/div>\n\t\t\t\t<div class=\"elementor-element elementor-element-bf516c8 elementor-align-left elementor-align--mobilecenter elementor-widget elementor-widget-elementskit-button\" data-id=\"bf516c8\" data-element_type=\"widget\" data-e-type=\"widget\" data-widget_type=\"elementskit-button.default\">\n\t\t\t\t<div class=\"elementor-widget-container\">\n\t\t\t\t\t<div class=\"ekit-wid-con\" >\t\t<div class=\"ekit-btn-wraper\">\n\t\t\t\t\t\t\t<a href=\"https:\/\/regencargobikes.com\/fr\/long-john-cargo-bike-regen-02\/\" class=\"elementskit-btn  whitespace--normal\" id=\"\">\n\t\t\t\t\tApprendre encore plus\t\t\t\t<\/a>\n\t\t\t\t\t<\/div>\n        <\/div>\t\t\t\t<\/div>\n\t\t\t\t<\/div>\n\t\t\t\t<\/div>\n\t\t\t\t\t<\/div>\n\t\t\t\t<\/div>\n\t\t\t\t<\/div>\n\t\t\n\n\n\n<hr class=\"wp-block-separator has-alpha-channel-opacity\"\/>\n\n\n\n<h3 class=\"wp-block-heading\"><strong> Exemple concret<\/strong><\/h3>\n\n\n\n<p>L&#039;un de nos clients en Allemagne utilise un v\u00e9lo cargo speed-pedelec \u00e9quip\u00e9 de deux batteries et d&#039;un moteur de 750 W. Sur les routes plates en ville, il roule toujours \u00e0 une vitesse constante. <strong>42 km\/h<\/strong>, m\u00eame avec une charge utile de 60 kg. Cela dit, pour un usage familial quotidien ou des livraisons municipales, la plupart des clients Regen trouvent le <strong>limite de 25 km\/h<\/strong> parfaitement adapt\u00e9 et s\u00fbr.<\/p>\n\n\n\n<hr class=\"wp-block-separator has-alpha-channel-opacity\"\/>\n\n\n\n<h2 class=\"wp-block-heading\"><strong>Quels facteurs affectent la vitesse du v\u00e9lo cargo \u00e9lectrique\u00a0?<\/strong><\/h2>\n\n\n\n<p>Nous avons test\u00e9 des dizaines de configurations sur nos mod\u00e8les \u00e0 chargement frontal et \u00e0 longue queue. Voici ce qui influence r\u00e9ellement la vitesse de pointe\u00a0:<\/p>\n\n\n\n<figure class=\"wp-block-table\"><table class=\"has-fixed-layout\"><thead><tr><th><strong>Facteur<\/strong><\/th><th><strong>Effet sur la vitesse<\/strong><\/th><\/tr><\/thead><tbody><tr><td><strong>Puissance du moteur<\/strong><\/td><td>Plus de watts = vitesse de pointe plus \u00e9lev\u00e9e. 250 W \u2248 25 km\/h, 750 W \u2248 32+ km\/h<\/td><\/tr><tr><td><strong>Capacit\u00e9 de la batterie<\/strong><\/td><td>Une tension et des amp\u00e8res-heures plus \u00e9lev\u00e9s am\u00e9liorent la vitesse de pointe soutenue<\/td><\/tr><tr><td><strong>Conception de v\u00e9lo<\/strong><\/td><td>Les longtails sont plus rapides et plus agiles que les tricycles ou les v\u00e9los \u00e0 caisse haute.<\/td><\/tr><tr><td><strong><a href=\"https:\/\/regencargobikes.com\/wp-content\/uploads\/2025\/04\/10-key-facts-affect-cargo-bike-load-capacity.jpg\" data-type=\"attachment\" data-id=\"1061\">Poids de la charge<\/a><\/strong><\/td><td>Plus de chargement = acc\u00e9l\u00e9ration plus faible et vitesse de pointe r\u00e9duite<\/td><\/tr><tr><td><strong>Terrain et vent<\/strong><\/td><td>Les mont\u00e9es et les vents contraires peuvent vous ralentir consid\u00e9rablement<\/td><\/tr><tr><td><strong>Pression des pneus<\/strong><\/td><td>Des pneus sous-gonfl\u00e9s r\u00e9duisent la vitesse et l&#039;autonomie<\/td><\/tr><\/tbody><\/table><\/figure>\n\n\n\n<p>Lectures compl\u00e9mentaires \uff1a<a href=\"https:\/\/regencargobikes.com\/fr\/cargo-bike-frame-geometry\/\" data-type=\"post\" data-id=\"374\">Comprendre la g\u00e9om\u00e9trie du cadre des v\u00e9los cargo et son influence sur les performances de conduite<\/a><\/p>\n\n\n\n<h2 class=\"wp-block-heading\"><strong>Vitesse vs s\u00e9curit\u00e9\u00a0: quel est le risque\u00a0?<\/strong><\/h2>\n\n\n\n<p>Soyons honn\u00eates\u00a0: les v\u00e9los cargo ne sont pas des v\u00e9los de course. Nous concevons nos cadres pour <strong>stabilit\u00e9 et manutention du fret<\/strong>, pas pour les vitesses fulgurantes.<\/p>\n\n\n\n<p>\u00c0 <strong>plus de 30 mph (~48 km\/h)<\/strong>M\u00eame de l\u00e9gers mouvements de direction peuvent devenir dangereux. La distance d&#039;arr\u00eat augmente consid\u00e9rablement avec le poids. C&#039;est pourquoi tous les v\u00e9los cargo Regen sont \u00e9quip\u00e9s\u00a0:<\/p>\n\n\n\n<ul class=\"wp-block-list\">\n<li><strong>Freins \u00e0 disque hydrauliques<\/strong> con\u00e7u pour des charges totales de 200 kg et plus<\/li>\n\n\n\n<li><strong>Fourches \u00e0 suspension ou tiges de selle<\/strong> pour la stabilit\u00e9 sur les routes cahoteuses<\/li>\n\n\n\n<li><strong>Cadres en aluminium robustes<\/strong> qui r\u00e9sistent \u00e0 la flexion \u00e0 grande vitesse<\/li>\n<\/ul>\n\n\n\n<p>Le r\u00e9sultat final ? <strong>La vitesse est passionnante, mais la s\u00e9curit\u00e9 passe toujours en premier.<\/strong><\/p>\n\n\n\n<ul class=\"wp-block-list\">\n<li>Voir notre comparaison : <a href=\"https:\/\/regencargobikes.com\/fr\/mechanical-disc-brakes-vs-hydraulic-disc-brakes-in-ecargo-bikes\/\" data-type=\"post\" data-id=\"1047\">Freins \u00e0 disque m\u00e9caniques et freins \u00e0 disque hydrauliques sur v\u00e9los \u00e9lectriques et v\u00e9los cargo<\/a> <\/li>\n\n\n\n<li>En savoir plus sur <a href=\"https:\/\/regencargobikes.com\/fr\/frame-strength-what-determines-durability\/\" data-type=\"post\" data-id=\"1160\">R\u00e9sistance du cadre : qu\u2019est-ce qui d\u00e9termine la durabilit\u00e9 ?<\/a><\/li>\n<\/ul>\n\n\n\n<h2 class=\"wp-block-heading\"><strong>Comparaison des v\u00e9los cargo \u00e9lectriques les plus populaires (y compris le n\u00f4tre)<\/strong><\/h2>\n\n\n\n<p>Voici un comparatif des v\u00e9los cargo les plus vendus\u00a0:<\/p>\n\n\n\n<figure class=\"wp-block-table\"><table class=\"has-fixed-layout\"><thead><tr><th><strong>Mod\u00e8le<\/strong><\/th><th><strong>Moteur (W)<\/strong><\/th><th><strong>Vitesse de pointe<\/strong><\/th><th><strong>Classe<\/strong><\/th><th><strong>Notes<\/strong><\/th><\/tr><\/thead><tbody><tr><td><strong>Gunai GN66<\/strong><\/td><td>1,000<\/td><td>~45 km\/h<\/td><td>Speed-pedelec<\/td><td>Haute puissance, adapt\u00e9 aux chemins priv\u00e9s ou aux flottes de livraison<\/td><\/tr><tr><td><strong>Riese &amp; M\u00fcller Charge 75<\/strong><\/td><td>500\u2013850<\/td><td>Jusqu&#039;\u00e0 45 km\/h<\/td><td>Speed-pedelec<\/td><td>Double suspension, double batterie<\/td><\/tr><tr><td><strong>Longtail 750 Pro<\/strong><\/td><td>750<\/td><td>32\u201338 km\/h<\/td><td>Classe 2\/Vitesse-P<\/td><td>Meilleure autonomie et meilleure acc\u00e9l\u00e9ration de sa cat\u00e9gorie<\/td><\/tr><tr><td><strong>\u00c9dition Lectric XP<\/strong><\/td><td>750<\/td><td>32 km\/h<\/td><td>Classe 2<\/td><td>Pneus larges, abordables pour les familles<\/td><\/tr><tr><td><strong>D\u00e9cathlon R500E<\/strong><\/td><td>250<\/td><td>25 km\/h<\/td><td>V\u00e9lo \u00e9lectrique europ\u00e9en<\/td><td>Excellente option d&#039;entr\u00e9e de gamme<\/td><\/tr><\/tbody><\/table><\/figure>\n\n\n\n<p>Vous ne savez pas quel type de v\u00e9lo cargo vous convient\u00a0? Voir\u00a0: <a href=\"https:\/\/regencargobikes.com\/fr\/types-of-cargo-bike\/\" data-type=\"post\" data-id=\"376\">Combien de types diff\u00e9rents de v\u00e9los cargo ?<\/a><\/p>\n\n\n\n<h2 class=\"wp-block-heading\"><strong>Vitesse du v\u00e9lo et cas d&#039;utilisation (r\u00e9sum\u00e9 visuel)<\/strong><\/h2>\n\n\n\n<figure class=\"wp-block-table\"><table class=\"has-fixed-layout\"><thead><tr><th><strong>Plage de vitesse<\/strong><\/th><th><strong>Cours de v\u00e9lo<\/strong><\/th><th><strong>Cas d&#039;utilisation courants<\/strong><\/th><\/tr><\/thead><tbody><tr><td>\u2264 25 km\/h<\/td><td>V\u00e9lo \u00e9lectrique<\/td><td>Courses scolaires, courses, courses urbaines<\/td><\/tr><tr><td>25\u201332 km\/h<\/td><td>Classe 2 \/ 750W<\/td><td>Livraison de marchandises l\u00e9g\u00e8res, d\u00e9placements en banlieue<\/td><\/tr><tr><td>32\u201345 km\/h<\/td><td>V\u00e9lo \u00e9lectrique rapide<\/td><td>Services de messagerie, livraison longue distance<\/td><\/tr><\/tbody><\/table><\/figure>\n\n\n\n<h2 class=\"wp-block-heading\"><strong>Conseils de Regen\u00a0: comment aller plus vite, en toute s\u00e9curit\u00e9<\/strong><\/h2>\n\n\n\n<p>Vous souhaitez augmenter la vitesse de votre v\u00e9lo cargo \u00e9lectrique tout en respectant les limites de s\u00e9curit\u00e9\u00a0? Voici nos conseils\u00a0:<\/p>\n\n\n\n<ul class=\"wp-block-list\">\n<li><strong>Mise \u00e0 niveau vers un moteur \u00e0 entra\u00eenement central de 750 W<\/strong> si les lois locales le permettent<\/li>\n\n\n\n<li><strong>Utiliser activement l&#039;assistance au p\u00e9dalage<\/strong> pour aller au-del\u00e0 des vitesses r\u00e9serv\u00e9es au moteur<\/li>\n\n\n\n<li><strong>Investissez dans des pneus et des syst\u00e8mes de freinage appropri\u00e9s<\/strong>\u2014surtout avec des cargaisons plus lourdes<\/li>\n\n\n\n<li><strong>Utiliser une configuration de charge simplifi\u00e9e<\/strong> (pas de caissons en surplomb ni de panneaux hauts)<\/li>\n\n\n\n<li><strong>Ne surchargez pas le porte-bagages arri\u00e8re<\/strong>\u2014l&#039;\u00e9quilibre est important \u00e0 des vitesses plus \u00e9lev\u00e9es<\/li>\n<\/ul>\n\n\n\n<p>Nous avons vu les \u00e9quipes de livraison augmenter l&#039;efficacit\u00e9 des itin\u00e9raires de <strong>35%<\/strong> simplement en optimisant la pression des pneus, le poids de la cargaison et la technique de conduite, sans changer du tout le moteur.<\/p>\n\n\n\n<hr class=\"wp-block-separator has-alpha-channel-opacity\"\/>\n\n\n\n<h2 class=\"wp-block-heading\"><strong> Points cl\u00e9s \u00e0 retenir<\/strong><\/h2>\n\n\n\n<ul class=\"wp-block-list\">\n<li>La plupart des v\u00e9los cargo \u00e9lectriques sont l\u00e9galement limit\u00e9s \u00e0 <strong>25\u201332 km\/h<\/strong> selon votre emplacement<\/li>\n\n\n\n<li>Avec la bonne configuration, des vitesses de <strong>45 km\/h<\/strong> sont r\u00e9alisables, mais n\u00e9cessitent une classification de VAE rapide<\/li>\n\n\n\n<li>Les vitesses de croisi\u00e8re r\u00e9elles se situent g\u00e9n\u00e9ralement autour de <strong>20\u201328 km\/h<\/strong>, qui \u00e9quilibre la vitesse avec la s\u00e9curit\u00e9 et la maniabilit\u00e9<\/li>\n\n\n\n<li>La configuration du v\u00e9lo, la charge de chargement, le terrain et m\u00eame le poids du cycliste jouent tous un r\u00f4le<\/li>\n\n\n\n<li>Chez Regen, nous concevons des v\u00e9los non pas pour la vitesse brute, mais pour <strong>un transport s\u00fbr et efficace qui permet \u00e0 votre entreprise ou \u00e0 votre mode de vie de se d\u00e9rouler sans probl\u00e8me<\/strong><\/li>\n<\/ul>\n\n\n\n<h2 class=\"wp-block-heading\"><strong>R\u00e9f\u00e9rences<\/strong><\/h2>\n\n\n\n<ol start=\"1\" class=\"wp-block-list\">\n<li><a href=\"https:\/\/eur-lex.europa.eu\/legal-content\/EN\/TXT\/?uri=CELEX%3A32013R0168\" target=\"_blank\" rel=\"noopener\">R\u00e8glement UE n\u00b0 168\/2013<\/a><\/li>\n\n\n\n<li><a href=\"https:\/\/www.peopleforbikes.org\/electric-bikes\/policies\" target=\"_blank\" rel=\"noopener\">PeopleForBikes \u2013 Cours de v\u00e9lo \u00e9lectrique<\/a><\/li>\n\n\n\n<li><a href=\"https:\/\/www.decathlon.co.uk\/p\/longtail-cargo-e-bike-r500-electric\/_\/R-p-336237\" target=\"_blank\" rel=\"noopener\">Sp\u00e9cifications du Decathlon R500E<\/a><\/li>\n\n\n\n<li><a href=\"https:\/\/cleantechnica.com\/2023\/06\/15\/lectric-xpedition-cargo-ebike-review\/\" target=\"_blank\" rel=\"noopener\">Test de CleanTechnica sur Lectric XPedition<\/a><\/li>\n\n\n\n<li><a href=\"https:\/\/www.bikeradar.com\/news\/yamaha-electric-cargo-bike\/\" target=\"_blank\" rel=\"noopener\">Lancement du v\u00e9lo cargo \u00e9lectrique Giant\/Yamaha<\/a><\/li>\n\n\n\n<li><a href=\"https:\/\/urbanarrow.com\" target=\"_blank\" rel=\"noopener\">Cas d&#039;utilisation de la flotte de tenders Urban Arrow<\/a><\/li>\n\n\n\n<li><a href=\"https:\/\/www.alibaba.com\/product-detail\/1000w-cargo-bike_1600780935471.html\" target=\"_blank\" rel=\"noopener\">Liste des produits Gunai GN66<\/a><\/li>\n\n\n\n<li><a href=\"https:\/\/www.r-m.de\/en-us\/models\/load-75\/\" target=\"_blank\" rel=\"noopener\">Sp\u00e9cifications du Riese &amp; M\u00fcller Load 75<\/a><\/li>\n<\/ol>\n\n\n\n<hr class=\"wp-block-separator has-alpha-channel-opacity\"\/>\n\n\n\n<p><strong>Vous souhaitez en savoir plus ou tester les derniers mod\u00e8les longtail ou trike de Regen ?<\/strong><\/p>\n\n\n\n<p>Contactez-nous \u00e0 tout moment : notre \u00e9quipe d&#039;ing\u00e9nieurs se fera un plaisir de vous expliquer quelle configuration de vitesse convient \u00e0 votre itin\u00e9raire, \u00e0 votre terrain et aux lois locales.<\/p>\n\n\n\t\t<div data-elementor-type=\"section\" data-elementor-id=\"1591\" class=\"elementor elementor-1591\" data-elementor-post-type=\"elementor_library\">\n\t\t\t<div class=\"elementor-element elementor-element-8afca32 e-flex e-con-boxed e-con e-parent\" data-id=\"8afca32\" data-element_type=\"container\" data-e-type=\"container\" data-settings=\"{&quot;background_background&quot;:&quot;classic&quot;,&quot;ekit_has_onepagescroll_dot&quot;:&quot;yes&quot;}\">\n\t\t\t\t\t<div class=\"e-con-inner\">\n\t\t<div class=\"elementor-element elementor-element-24ec346 e-con-full e-flex e-con e-child\" data-id=\"24ec346\" data-element_type=\"container\" data-e-type=\"container\" data-settings=\"{&quot;background_background&quot;:&quot;classic&quot;,&quot;ekit_has_onepagescroll_dot&quot;:&quot;yes&quot;}\">\n\t\t\t\t<div class=\"elementor-element elementor-element-6b475eec elementor-absolute elementor-widget elementor-widget-image\" data-id=\"6b475eec\" data-element_type=\"widget\" data-e-type=\"widget\" data-settings=\"{&quot;_position&quot;:&quot;absolute&quot;}\" data-widget_type=\"image.default\">\n\t\t\t\t<div class=\"elementor-widget-container\">\n\t\t\t\t\t\t\t\t\t\t\t\t\t\t\t<img decoding=\"async\" width=\"800\" height=\"450\" src=\"https:\/\/regencargobikes.com\/wp-content\/uploads\/2025\/03\/RT.651.webp\" class=\"attachment-large size-large wp-image-1522\" alt=\"\" srcset=\"https:\/\/regencargobikes.com\/wp-content\/uploads\/2025\/03\/RT.651.webp 1000w, https:\/\/regencargobikes.com\/wp-content\/uploads\/2025\/03\/RT.651-300x169.webp 300w, https:\/\/regencargobikes.com\/wp-content\/uploads\/2025\/03\/RT.651-768x432.webp 768w, https:\/\/regencargobikes.com\/wp-content\/uploads\/2025\/03\/RT.651-18x10.webp 18w\" sizes=\"(max-width: 800px) 100vw, 800px\" \/>\t\t\t\t\t\t\t\t\t\t\t\t\t\t\t<\/div>\n\t\t\t\t<\/div>\n\t\t\t\t<div class=\"elementor-element elementor-element-48fc00c2 elementor-widget elementor-widget-image\" data-id=\"48fc00c2\" data-element_type=\"widget\" data-e-type=\"widget\" data-widget_type=\"image.default\">\n\t\t\t\t<div class=\"elementor-widget-container\">\n\t\t\t\t\t\t\t\t\t\t\t\t\t\t\t<img decoding=\"async\" width=\"533\" height=\"330\" src=\"https:\/\/regencargobikes.com\/wp-content\/uploads\/2025\/04\/New-1.png\" class=\"attachment-large size-large wp-image-436\" alt=\"\" srcset=\"https:\/\/regencargobikes.com\/wp-content\/uploads\/2025\/04\/New-1.png 533w, https:\/\/regencargobikes.com\/wp-content\/uploads\/2025\/04\/New-1-300x186.png 300w\" sizes=\"(max-width: 533px) 100vw, 533px\" \/>\t\t\t\t\t\t\t\t\t\t\t\t\t\t\t<\/div>\n\t\t\t\t<\/div>\n\t\t\t\t<\/div>\n\t\t<div class=\"elementor-element elementor-element-25aa7a08 e-con-full e-flex e-con e-child\" data-id=\"25aa7a08\" data-element_type=\"container\" data-e-type=\"container\" data-settings=\"{&quot;ekit_has_onepagescroll_dot&quot;:&quot;yes&quot;}\">\n\t\t\t\t<div class=\"elementor-element elementor-element-3d854eb8 elementor-widget elementor-widget-elementskit-heading\" data-id=\"3d854eb8\" data-element_type=\"widget\" data-e-type=\"widget\" data-widget_type=\"elementskit-heading.default\">\n\t\t\t\t<div class=\"elementor-widget-container\">\n\t\t\t\t\t<div class=\"ekit-wid-con\" ><div class=\"ekit-heading elementskit-section-title-wraper text_left   ekit_heading_tablet-   ekit_heading_mobile-text_center\"><p class=\"elementskit-section-subtitle\">\n\t\t\t\t\t\tSeulement 20 v\u00e9los MOQ pour commencer \n\t\t\t\t\t<\/p><p class=\"ekit-heading--title elementskit-section-title\">V\u00e9lo cargo \u00e9lectrique personnalisable - RS01 <\/p>\t\t\t\t<div class='ekit-heading__description'>\n\t\t\t\t\t<p class=\"p2\">Que vous soyez une marque en pleine croissance ou un commerce de proximit\u00e9, nos v\u00e9los cargo robustes vous permettent d&#039;acc\u00e9der au monde en plein essor de la livraison \u00e9cologique. C&#039;est parti\u00a0!<\/p>\n\t\t\t\t<\/div>\n\t\t\t<\/div><\/div>\t\t\t\t<\/div>\n\t\t\t\t<\/div>\n\t\t\t\t<div class=\"elementor-element elementor-element-137412e2 elementor-align-left elementor-align--mobilecenter elementor-widget elementor-widget-elementskit-button\" data-id=\"137412e2\" data-element_type=\"widget\" data-e-type=\"widget\" data-widget_type=\"elementskit-button.default\">\n\t\t\t\t<div class=\"elementor-widget-container\">\n\t\t\t\t\t<div class=\"ekit-wid-con\" >\t\t<div class=\"ekit-btn-wraper\">\n\t\t\t\t\t\t\t<a href=\"#elementor-action%3Aaction%3Dpopup%3Aopen%26settings%3DeyJpZCI6IjczNCIsInRvZ2dsZSI6ZmFsc2V9\" class=\"elementskit-btn  whitespace--normal\" id=\"\">\n\t\t\t\t\tDemander un devis\t\t\t\t<\/a>\n\t\t\t\t\t<\/div>\n        <\/div>\t\t\t\t<\/div>\n\t\t\t\t<\/div>\n\t\t\t\t<\/div>\n\t\t\t\t\t<\/div>\n\t\t\t\t<\/div>\n\t\t\t\t<\/div>","protected":false},"excerpt":{"rendered":"<p>At Regen, we often get asked a deceptively simple question: \u201cHow fast can your electric cargo bike go?\u201d It\u2019s a fair question\u2014and an important one. Whether you\u2019re commuting, delivering goods, or riding for leisure, speed affects not just efficiency, but legality, safety, and riding comfort. So today, we\u2019re taking you behind the handlebars and into [&hellip;]<\/p>\n","protected":false},"author":2,"featured_media":1595,"comment_status":"open","ping_status":"closed","sticky":false,"template":"","format":"standard","meta":{"footnotes":""},"categories":[2,30],"tags":[],"class_list":["post-1600","post","type-post","status-publish","format-standard","has-post-thumbnail","hentry","category-knowledge","category-blog"],"_links":{"self":[{"href":"https:\/\/regencargobikes.com\/fr\/wp-json\/wp\/v2\/posts\/1600","targetHints":{"allow":["GET"]}}],"collection":[{"href":"https:\/\/regencargobikes.com\/fr\/wp-json\/wp\/v2\/posts"}],"about":[{"href":"https:\/\/regencargobikes.com\/fr\/wp-json\/wp\/v2\/types\/post"}],"author":[{"embeddable":true,"href":"https:\/\/regencargobikes.com\/fr\/wp-json\/wp\/v2\/users\/2"}],"replies":[{"embeddable":true,"href":"https:\/\/regencargobikes.com\/fr\/wp-json\/wp\/v2\/comments?post=1600"}],"version-history":[{"count":2,"href":"https:\/\/regencargobikes.com\/fr\/wp-json\/wp\/v2\/posts\/1600\/revisions"}],"predecessor-version":[{"id":1602,"href":"https:\/\/regencargobikes.com\/fr\/wp-json\/wp\/v2\/posts\/1600\/revisions\/1602"}],"wp:featuredmedia":[{"embeddable":true,"href":"https:\/\/regencargobikes.com\/fr\/wp-json\/wp\/v2\/media\/1595"}],"wp:attachment":[{"href":"https:\/\/regencargobikes.com\/fr\/wp-json\/wp\/v2\/media?parent=1600"}],"wp:term":[{"taxonomy":"category","embeddable":true,"href":"https:\/\/regencargobikes.com\/fr\/wp-json\/wp\/v2\/categories?post=1600"},{"taxonomy":"post_tag","embeddable":true,"href":"https:\/\/regencargobikes.com\/fr\/wp-json\/wp\/v2\/tags?post=1600"}],"curies":[{"name":"wp","href":"https:\/\/api.w.org\/{rel}","templated":true}]}}