{"id":1739,"date":"2025-07-17T17:23:16","date_gmt":"2025-07-17T09:23:16","guid":{"rendered":"https:\/\/regencargobikes.com\/?p=1739"},"modified":"2025-07-17T17:23:19","modified_gmt":"2025-07-17T09:23:19","slug":"cargo-bike-front-light-guide","status":"publish","type":"post","link":"https:\/\/regencargobikes.com\/fr\/cargo-bike-front-light-guide\/","title":{"rendered":"Guide de l'\u00e9clairage avant du v\u00e9lo cargo : Luminosit\u00e9, couleur et s\u00e9curit\u00e9 expliqu\u00e9es"},"content":{"rendered":"<p>Chez Regen, o\u00f9 nous concevons et fabriquons des syst\u00e8mes complets de v\u00e9los-cargos pour les familles et les flottes, on nous pose souvent la question de l'\u00e9clairage avant, en particulier lorsque les cyclistes commencent \u00e0 se rendre au travail \u00e0 la tomb\u00e9e de la nuit, \u00e0 naviguer dans les all\u00e9es peu \u00e9clair\u00e9es des villes ou \u00e0 effectuer des livraisons sur des routes rurales plus sombres. L'\u00e9clairage n'est pas seulement une question de visibilit\u00e9 ; c'est aussi une question de l\u00e9galit\u00e9 routi\u00e8re, de s\u00e9curit\u00e9 du cycliste et m\u00eame d'efficacit\u00e9 de la batterie.<\/p>\n\n\n\n<p>Dans ce guide, nous r\u00e9pondons aux questions les plus courantes concernant les feux avant pour v\u00e9los cargo, qu'il s'agisse du nombre de lumens dont vous avez r\u00e9ellement besoin ou de la question de savoir si 4000 lumens est excessif - le tout \u00e9tay\u00e9 par des normes et des cas d'utilisation r\u00e9els.<\/p>\n\n\n\n<h2 class=\"wp-block-heading\"><strong><font style=\"vertical-align: inherit;\"><font style=\"vertical-align: inherit;\"><strong>Qu'est-ce qu'un feu avant sur un v\u00e9lo cargo ?<\/strong><\/font><\/font><\/strong><\/h2>\n\n\n\n<p>UN <strong>lumi\u00e8re avant pour v\u00e9lo cargo<\/strong> est un dispositif d'\u00e9clairage orient\u00e9 vers l'avant, mont\u00e9 sur le guidon, la t\u00eate de fourche ou le porte-bagages. Il est con\u00e7u pour :<\/p><div class=\"regen-test-placement-from-wizard-1604397851\" id=\"regen-3245038418\"><script async src=\"https:\/\/pagead2.googlesyndication.com\/pagead\/js\/adsbygoogle.js?client=ca-pub-1076230867169041\"\n     crossorigin=\"anonymous\"><\/script><\/div><div class=\"regen-test-placement-from-wizard-2878267818\" id=\"regen-3223065835\"><script async src=\"https:\/\/pagead2.googlesyndication.com\/pagead\/js\/adsbygoogle.js?client=ca-pub-1076230867169041\"\n     crossorigin=\"anonymous\"><\/script><\/div>\n\n\n\n<ul class=\"wp-block-list\">\n<li><strong>\u00c9clairage actif<\/strong> (pour \u00e9clairer le chemin du cavalier)<\/li>\n\n\n\n<li><strong>Visibilit\u00e9 passive<\/strong> (pour avertir les autres de votre pr\u00e9sence)<\/li>\n<\/ul>\n\n\n\n<p>Contrairement aux v\u00e9los de banlieue, les v\u00e9los-cargos peuvent transporter des passagers ou des marchandises, et sont souvent soumis \u00e0 des charges et \u00e0 des vitesses plus \u00e9lev\u00e9es. Un \u00e9clairage avant fiable n'est donc pas seulement utile, mais essentiel pour <strong>la l\u00e9galit\u00e9 routi\u00e8re et la s\u00e9curit\u00e9 des conducteurs<\/strong>.<\/p>\n\n\n\n<figure class=\"wp-block-table\"><table class=\"has-fixed-layout\"><thead><tr><th><strong>Facteur<\/strong><\/th><th><strong>Utilisation urbaine<\/strong><\/th><th><strong>Utilisation en milieu rural ou sur les sentiers<\/strong><\/th><th><strong>V\u00e9los cargo<\/strong><\/th><\/tr><\/thead><tbody><tr><td><strong>Lumens<\/strong><\/td><td>300-500<\/td><td>800-2000+<\/td><td>500-1500<\/td><\/tr><tr><td><strong>Mod\u00e8le de faisceau<\/strong><\/td><td>Large, court<\/td><td>Longues, cibl\u00e9es<\/td><td>Large + milieu de gamme<\/td><\/tr><tr><td><strong>Montage<\/strong><\/td><td>Guidon<\/td><td>Fourche \/ Casque<\/td><td>A la fourche ou int\u00e9gr\u00e9 dans le rack<\/td><\/tr><tr><td><strong>Type de batterie<\/strong><\/td><td>Rechargeable par USB<\/td><td>Pack externe de grande capacit\u00e9<\/td><td>Int\u00e9gr\u00e9 \u00e0 la batterie principale (pour les v\u00e9los e-cargo)<\/td><\/tr><\/tbody><\/table><\/figure>\n\n\n\n<p>Pour les v\u00e9los cargo, nous recommandons un <strong>faisceau \u00e0 grand angle<\/strong> qui \u00e9claire \u00e0 la fois la route et les c\u00f4t\u00e9s - en particulier avec un long coffre avant qui peut projeter des ombres. Les feux int\u00e9gr\u00e9s qui sont aliment\u00e9s par la batterie principale du v\u00e9lo \u00e9lectrique sont fiables et pratiques.<\/p>\n\n\n\n<h2 class=\"wp-block-heading\"><strong>Avez-vous vraiment besoin d'un feu avant sur un v\u00e9lo ?<\/strong><\/h2>\n\n\n\n<p>Oui, tant sur le plan juridique que pratique, un feu avant est indispensable.<\/p>\n\n\n\n<ul class=\"wp-block-list\">\n<li><a href=\"https:\/\/regencargobikes.com\/fr\/cargo-bike-safety-standard-en-17860\/\" data-type=\"post\" data-id=\"416\"><strong>Exigence l\u00e9gale<\/strong>: Dans la plupart des pays de l'UE et au Royaume-Uni, un feu avant blanc est obligatoire pour rouler de nuit ou dans des conditions de faible visibilit\u00e9 (EN 15194 et code de la route local en vigueur).<\/a><\/li>\n\n\n\n<li><strong>N\u00e9cessit\u00e9 pratique<\/strong>: Il permet aux autres usagers de la route de vous voir et vous aide \u00e0 voir la route devant vous, en particulier les nids-de-poule, les bordures ou les d\u00e9bris - ce qui est particuli\u00e8rement important sur un v\u00e9lo cargo charg\u00e9.<\/li>\n<\/ul>\n\n\n\n<blockquote class=\"wp-block-quote is-layout-flow wp-block-quote-is-layout-flow\">\n<p><strong>Cas r\u00e9el d'utilisation<\/strong>: Les livreurs urbains signalent souvent que sans un \u00e9clairage avant appropri\u00e9, la visibilit\u00e9 diminue de plus de 50% apr\u00e8s le coucher du soleil, m\u00eame dans les rues bien \u00e9clair\u00e9es.<\/p>\n\n\n\n<h2 class=\"wp-block-heading\"><strong>Un v\u00e9lo cargo doit-il \u00eatre \u00e9quip\u00e9 d'un feu avant ?<\/strong><\/h2>\n\n\n\n<p>Oui, dans la plupart des pays europ\u00e9ens et au Royaume-Uni, <strong>les feux avant sont l\u00e9galement obligatoires<\/strong> pour les v\u00e9los utilis\u00e9s la nuit ou par mauvaise visibilit\u00e9.<\/p>\n\n\n\n<p>Selon le <strong>R\u00e9glementation europ\u00e9enne EN 15194<\/strong> (pour les cycles \u00e0 p\u00e9dales \u00e0 assistance \u00e9lectrique) :<\/p>\n\n\n\n<ul class=\"wp-block-list\">\n<li>UN <strong>feu avant blanc ou jaune s\u00e9lectif<\/strong> doit \u00eatre mis en place.<\/li>\n\n\n\n<li>La lumi\u00e8re doit \u00eatre visible \u00e0 partir d'au moins <strong>100 m\u00e8tres<\/strong>.<\/li>\n\n\n\n<li>Pour l'homologation routi\u00e8re, le faisceau lumineux ne doit pas \u00e9blouir les autres usagers de la route (faisceau de coupure).<\/li>\n<\/ul>\n\n\n\n<p>En Allemagne, la <strong>StVZO (Stra\u00dfenverkehrs-Zulassungs-Ordnung)<\/strong> impose des exigences sp\u00e9cifiques en mati\u00e8re de forme du faisceau, de luminosit\u00e9 et de stabilit\u00e9 de la source d'alimentation, en particulier pour les v\u00e9los \u00e9lectriques.<\/p>\n<\/blockquote>\n\n\n\n<h2 class=\"wp-block-heading\"><strong>Quelle couleur de feu devrait \u00eatre plac\u00e9e \u00e0 l'avant d'un v\u00e9lo ?<\/strong><\/h2>\n\n\n\n<p>Le <strong>couleur correcte pour un feu avant<\/strong> est soit<\/p>\n\n\n\n<p><strong>Jaune s\u00e9lectif<\/strong> (moins courant, utilis\u00e9 dans le brouillard ou dans des conditions de faible contraste)<\/p>\n\n\n\n<p><strong>Blanc<\/strong> (le plus courant et le plus l\u00e9gal dans toutes les r\u00e9gions)<\/p>\n\n\n\n<p>Les r\u00e9glementations europ\u00e9enne et britannique (EN 15194, StVZO en Allemagne, Road Vehicles Lighting Regulations au Royaume-Uni) pr\u00e9cisent que le feu avant doit \u00e9mettre une lumi\u00e8re fixe ou clignotante. <strong>faisceau blanc<\/strong>.<\/p>\n\n\n\n<blockquote class=\"wp-block-quote is-layout-flow wp-block-quote-is-layout-flow\">\n<p><strong>Important<\/strong>: Les feux bleus ou color\u00e9s \u00e0 l'avant sont souvent ill\u00e9gaux et peuvent \u00eatre confondus avec des v\u00e9hicules d'urgence ou causer des probl\u00e8mes de visibilit\u00e9 pour les autres usagers de la route.<\/p>\n<\/blockquote>\n\n\n\n<p><strong>Conseil<\/strong>: Les lumi\u00e8res blanc chaud (temp\u00e9rature de couleur 4000-5000K) sont plus confortables pour la conduite de nuit que les LED bleut\u00e9es.<\/p>\n\n\n\n<h2 class=\"wp-block-heading\"><strong>Combien de lumens doit avoir une lampe frontale de v\u00e9lo ?<\/strong><\/h2>\n\n\n\n<p><br>La luminosit\u00e9 est mesur\u00e9e en <strong>lumens<\/strong>qui quantifient la quantit\u00e9 totale de lumi\u00e8re visible \u00e9mise.<\/p>\n\n\n\n<figure class=\"wp-block-table\"><table class=\"has-fixed-layout\"><thead><tr><th><strong>Situation de conduite<\/strong><\/th><th><strong>Lumens minimums recommand\u00e9s<\/strong><\/th><\/tr><\/thead><tbody><tr><td>Visibilit\u00e9 de jour (mode clignotant)<\/td><td>200-300 lumens<\/td><\/tr><tr><td>Rouler en ville la nuit<\/td><td>400-600 lumens<\/td><\/tr><tr><td>Routes rurales ou non \u00e9clair\u00e9es<\/td><td>800-1500 lumens<\/td><\/tr><tr><td>Descente \u00e0 grande vitesse \/ charge lourde<\/td><td>1500-2000+ lumens<\/td><\/tr><\/tbody><\/table><\/figure>\n\n\n\n<p>Pour <strong>v\u00e9los cargo<\/strong>Nous recommandons g\u00e9n\u00e9ralement <strong>600-1200 lumens<\/strong>, en fonction de :<\/p>\n\n\n\n<ul class=\"wp-block-list\">\n<li>Que vous rouliez de nuit<\/li>\n\n\n\n<li>Conditions d'\u00e9clairage des routes<\/li>\n\n\n\n<li>Vitesse et poids de la cargaison (qui influent sur le temps d'arr\u00eat)<\/li>\n<\/ul>\n\n\n\n<p><strong>Conseil de pro<\/strong>: Choisissez une lampe dont la luminosit\u00e9 est r\u00e9glable (par exemple, faible-moyenne-\u00e9lev\u00e9e) afin d'\u00e9quilibrer la consommation d'\u00e9nergie et la visibilit\u00e9.<\/p>\n\n\n\n<h2 class=\"wp-block-heading\"><strong>1000 \/ 3000 \/ 4000 Lumens, est-ce trop lumineux pour une lampe de v\u00e9lo ?<\/strong><\/h2>\n\n\n\n<p>Cela d\u00e9pend, mais oui <em>peut \u00eatre<\/em> trop lumineux dans certaines conditions.<\/p>\n\n\n\n<figure class=\"wp-block-table\"><table class=\"has-fixed-layout\"><thead><tr><th><strong>Niveau de lumen<\/strong><\/th><th><strong>Cas d&#039;utilisation<\/strong><\/th><th><strong>Trop lumineux ?<\/strong><\/th><\/tr><\/thead><tbody><tr><td><strong>1000 lumens<\/strong><\/td><td>Excellent pour les v\u00e9los cargos et pour une utilisation polyvalente<\/td><td>\u2705 S\u00fbre et id\u00e9ale<\/td><\/tr><tr><td><strong>3000 lumens<\/strong><\/td><td>Convient pour le tout-terrain ou les zones tr\u00e8s sombres<\/td><td>\u26a0\ufe0f Risque d'\u00e9blouir les autres<\/td><\/tr><tr><td><strong>4000+ lumens<\/strong><\/td><td>Luminosit\u00e9 extr\u00eame ; utilisation en VTT ou sur sentier<\/td><td>\ud83d\udeab Surdimensionn\u00e9 pour une utilisation sur route<\/td><\/tr><\/tbody><\/table><\/figure>\n\n\n\n<p><strong>Pourquoi une luminosit\u00e9 excessive peut-elle poser probl\u00e8me ?<\/strong><\/p>\n\n\n\n<ul class=\"wp-block-list\">\n<li>Eblouit les conducteurs ou les cyclistes venant en sens inverse<\/li>\n\n\n\n<li>Peut enfreindre les normes l\u00e9gales dans des pays comme l'Allemagne (les feux conformes \u00e0 la norme StVZO limitent l'intensit\u00e9 du faisceau).<\/li>\n\n\n\n<li>Gaspille de l'\u00e9nergie - vide plus rapidement la batterie de votre v\u00e9lo \u00e9lectrique ou de votre pack d'\u00e9clairage externe<\/li>\n<\/ul>\n\n\n\n<p><strong>Solution<\/strong>: Recherchez des feux dot\u00e9s de lentilles anti-\u00e9blouissement ou d'un faisceau de coupure - ils dirigent la lumi\u00e8re vers le bas, \u00e9clairant ainsi la route sans aveugler les autres.<\/p>\n\n\n\n<h2 class=\"wp-block-heading\"><strong>Types de <a href=\"https:\/\/regencargobikes.com\/fr\/what-is-a-cargo-bike\/\" data-type=\"post\" data-id=\"1179\">V\u00e9lo cargo<\/a> Feux avant par source d'alimentation<\/strong><\/h2>\n\n\n\n<figure class=\"wp-block-table\"><table class=\"has-fixed-layout\"><thead><tr><th><strong>Taper<\/strong><\/th><th><strong>Description<\/strong><\/th><th><strong>Convient pour<\/strong><\/th><\/tr><\/thead><tbody><tr><td><strong>Alimentation par batterie<\/strong><\/td><td>Cellule lithium-ion int\u00e9gr\u00e9e, rechargeable par USB<\/td><td>Installations l\u00e9g\u00e8res, utilisation occasionnelle en ville<\/td><\/tr><tr><td><strong>Aliment\u00e9 par une dynamo<\/strong><\/td><td>Alimentation par concentrateur, efficacit\u00e9 \u00e9nerg\u00e9tique, autonomie infinie<\/td><td>V\u00e9los utilitaires, sans recharge<\/td><\/tr><tr><td><strong>Syst\u00e8me de v\u00e9lo \u00e9lectrique aliment\u00e9<\/strong><\/td><td>Connect\u00e9 \u00e0 la batterie principale du v\u00e9lo \u00e9lectrique par l'interm\u00e9diaire d'un contr\u00f4leur<\/td><td>La plupart des v\u00e9los cargo modernes avec batterie centrale<\/td><\/tr><\/tbody><\/table><\/figure>\n\n\n\n<h2 class=\"wp-block-heading\"><strong>Caract\u00e9ristiques suppl\u00e9mentaires \u00e0 rechercher dans une lampe frontale pour v\u00e9lo cargo<\/strong><\/h2>\n\n\n\n<ul class=\"wp-block-list\">\n<li><strong>Syst\u00e8me de montage int\u00e9gr\u00e9<\/strong>: Particuli\u00e8rement important pour les v\u00e9los cargo \u00e0 chargement frontal. Une lumi\u00e8re mont\u00e9e sur la fourche ou int\u00e9gr\u00e9e au support r\u00e9duit les vibrations et am\u00e9liore la stabilit\u00e9 du faisceau.<\/li>\n\n\n\n<li><strong>Indice d'imperm\u00e9abilit\u00e9<\/strong>: Au moins IPX4 pour les trajets sous la pluie.<\/li>\n\n\n\n<li><strong>Mode de fonctionnement diurne<\/strong>: Am\u00e9liore la visibilit\u00e9 en plein jour, ce qui est de plus en plus fr\u00e9quent dans les flottes de livraison de marchandises.<\/li>\n\n\n\n<li><strong>Int\u00e9gration de la batterie<\/strong>: Pour les v\u00e9los e-cargo, l'id\u00e9al est d'utiliser un feu avant aliment\u00e9 par la batterie principale du v\u00e9lo, ce qui r\u00e9duit le nombre de composants \u00e0 charger ou \u00e0 g\u00e9rer.<\/li>\n\n\n\n<li><strong>Fonction d'\u00e9clairage d'appoint<\/strong>: Certaines dynamos haut de gamme ou lampes int\u00e9gr\u00e9es restent allum\u00e9es pendant quelques minutes apr\u00e8s l'arr\u00eat - utile pour les feux rouges ou les arr\u00eats de courte dur\u00e9e.<\/li>\n<\/ul>\n\n\n\n<h2 class=\"wp-block-heading\"><strong>Normes juridiques et de s\u00e9curit\u00e9 \u00e0 prendre en compte<\/strong><\/h2>\n\n\n\n<p>Lors de l'achat ou de l'int\u00e9gration d'un syst\u00e8me d'\u00e9clairage avant, v\u00e9rifiez qu'il est conforme aux dispositions de la directive :<\/p>\n\n\n\n<ul class=\"wp-block-list\">\n<li><strong>EN 15194<\/strong> - Le r\u00e8glement europ\u00e9en sur la s\u00e9curit\u00e9 des v\u00e9los \u00e9lectriques inclut des exigences en mati\u00e8re d'\u00e9clairage<\/li>\n\n\n\n<li><strong>StVZO<\/strong> - Norme allemande relative \u00e0 l'\u00e9clairage routier (en cas d'exportation ou de vente en Allemagne)<\/li>\n\n\n\n<li><strong>CEE-ONU R113<\/strong> - Pour les faisceaux et la diffusion de la lumi\u00e8re, en particulier pour les v\u00e9hicules \u00e9lectriques de grande taille<\/li>\n\n\n\n<li><strong>RoHS \/ CE<\/strong> - S\u00e9curit\u00e9 des composants \u00e9lectriques et conformit\u00e9 environnementale<\/li>\n<\/ul>\n\n\n\n<hr class=\"wp-block-separator has-alpha-channel-opacity\"\/>\n\n\n\t\t<div data-elementor-type=\"section\" data-elementor-id=\"1414\" class=\"elementor elementor-1414\" data-elementor-post-type=\"elementor_library\">\n\t\t\t<div class=\"elementor-element elementor-element-7bf5eb01 e-flex e-con-boxed e-con e-parent\" data-id=\"7bf5eb01\" data-element_type=\"container\" data-e-type=\"container\" data-settings=\"{&quot;background_background&quot;:&quot;classic&quot;,&quot;ekit_has_onepagescroll_dot&quot;:&quot;yes&quot;}\">\n\t\t\t\t\t<div class=\"e-con-inner\">\n\t\t<div class=\"elementor-element elementor-element-9fc34e2 e-con-full e-flex e-con e-child\" data-id=\"9fc34e2\" data-element_type=\"container\" data-e-type=\"container\" data-settings=\"{&quot;background_background&quot;:&quot;classic&quot;,&quot;ekit_has_onepagescroll_dot&quot;:&quot;yes&quot;}\">\n\t\t\t\t<div class=\"elementor-element elementor-element-af4e700 elementor-absolute elementor-widget elementor-widget-image\" data-id=\"af4e700\" data-element_type=\"widget\" data-e-type=\"widget\" data-settings=\"{&quot;_position&quot;:&quot;absolute&quot;}\" data-widget_type=\"image.default\">\n\t\t\t\t<div class=\"elementor-widget-container\">\n\t\t\t\t\t\t\t\t\t\t\t\t\t\t\t<img fetchpriority=\"high\" decoding=\"async\" width=\"800\" height=\"422\" src=\"https:\/\/regencargobikes.com\/wp-content\/uploads\/2025\/05\/regen-02-electric-cargo-bike-.webp\" class=\"attachment-large size-large wp-image-1398\" alt=\"v\u00e9lo cargo \u00e9lectrique regen 02\" srcset=\"https:\/\/regencargobikes.com\/wp-content\/uploads\/2025\/05\/regen-02-electric-cargo-bike-.webp 1000w, https:\/\/regencargobikes.com\/wp-content\/uploads\/2025\/05\/regen-02-electric-cargo-bike--300x158.webp 300w, https:\/\/regencargobikes.com\/wp-content\/uploads\/2025\/05\/regen-02-electric-cargo-bike--768x405.webp 768w, https:\/\/regencargobikes.com\/wp-content\/uploads\/2025\/05\/regen-02-electric-cargo-bike--18x9.webp 18w\" sizes=\"(max-width: 800px) 100vw, 800px\" \/>\t\t\t\t\t\t\t\t\t\t\t\t\t\t\t<\/div>\n\t\t\t\t<\/div>\n\t\t\t\t<\/div>\n\t\t<div class=\"elementor-element elementor-element-7de8cd9d e-con-full e-flex e-con e-child\" data-id=\"7de8cd9d\" data-element_type=\"container\" data-e-type=\"container\" data-settings=\"{&quot;ekit_has_onepagescroll_dot&quot;:&quot;yes&quot;}\">\n\t\t\t\t<div class=\"elementor-element elementor-element-308b8d20 elementor-widget elementor-widget-elementskit-heading\" data-id=\"308b8d20\" data-element_type=\"widget\" data-e-type=\"widget\" data-widget_type=\"elementskit-heading.default\">\n\t\t\t\t<div class=\"elementor-widget-container\">\n\t\t\t\t\t<div class=\"ekit-wid-con\" ><div class=\"ekit-heading elementskit-section-title-wraper text_left   ekit_heading_tablet-   ekit_heading_mobile-text_center\"><h3 class=\"elementskit-section-subtitle\">\n\t\t\t\t\t\tV\u00e9lo cargo \u00e9lectrique Regen 02\n\t\t\t\t\t<\/h3><h2 class=\"ekit-heading--title elementskit-section-title\">Vous recherchez un chargeur frontal compact et personnalisable pour votre marque\u00a0?<\/h2>\t\t\t\t<div class='ekit-heading__description'>\n\t\t\t\t\t<p class=\"p1\">Test\u00e9 par le T\u00dcV lors de projets personnalis\u00e9s ant\u00e9rieurs. Mod\u00e8le accessible au public\u00a0: configurable, \u00e9prouv\u00e9 et pr\u00eat \u00e0 \u00e9voluer.<\/p>\n\t\t\t\t<\/div>\n\t\t\t<\/div><\/div>\t\t\t\t<\/div>\n\t\t\t\t<\/div>\n\t\t\t\t<div class=\"elementor-element elementor-element-bf516c8 elementor-align-left elementor-align--mobilecenter elementor-widget elementor-widget-elementskit-button\" data-id=\"bf516c8\" data-element_type=\"widget\" data-e-type=\"widget\" data-widget_type=\"elementskit-button.default\">\n\t\t\t\t<div class=\"elementor-widget-container\">\n\t\t\t\t\t<div class=\"ekit-wid-con\" >\t\t<div class=\"ekit-btn-wraper\">\n\t\t\t\t\t\t\t<a href=\"https:\/\/regencargobikes.com\/fr\/long-john-cargo-bike-regen-02\/\" class=\"elementskit-btn  whitespace--normal\" id=\"\">\n\t\t\t\t\tApprendre encore plus\t\t\t\t<\/a>\n\t\t\t\t\t<\/div>\n        <\/div>\t\t\t\t<\/div>\n\t\t\t\t<\/div>\n\t\t\t\t<\/div>\n\t\t\t\t\t<\/div>\n\t\t\t\t<\/div>\n\t\t\t\t<\/div>\n\t\t\n\n\n\n<h2 class=\"wp-block-heading\"><strong>Qu'est-ce qui fait un bon feu avant pour v\u00e9lo cargo ?<\/strong><\/h2>\n\n\n\n<p>Un bon \u00e9clairage avant pour v\u00e9lo cargo est essentiel pour la s\u00e9curit\u00e9, surtout si l'on tient compte de la taille g\u00e9n\u00e9ralement plus grande et des charges plus lourdes des v\u00e9los cargo. Voici un aper\u00e7u de ce qui fait l'efficacit\u00e9 d'un \u00e9clairage :<\/p>\n\n\n\n<h3 class=\"wp-block-heading\"><strong>1. Luminosit\u00e9 (Lumen\/Lux Output) :<\/strong><\/h3>\n\n\n\n<ul class=\"wp-block-list\">\n<li><strong>Haute luminosit\u00e9 :<\/strong> Les v\u00e9los cargos ont besoin d'une puissance lumineuse importante pour \u00e9clairer le chemin devant eux, en particulier lorsqu'ils transportent des charges lourdes qui risquent d'obscurcir la route ou lorsqu'ils circulent dans des zones o\u00f9 l'\u00e9clairage public est limit\u00e9. Alors qu'un minimum de 100 \u00e0 200 lumens est souvent cit\u00e9 pour les v\u00e9los ordinaires, les v\u00e9los cargos b\u00e9n\u00e9ficient grandement de puissances lumineuses plus \u00e9lev\u00e9es, souvent de l'ordre de 100 \u00e0 200 lumens. <strong>Gamme de 500-1000+ lumens<\/strong>L'\u00e9clairage des v\u00e9los \u00e9lectriques est tr\u00e8s efficace, en particulier sur les routes et les sentiers non \u00e9clair\u00e9s. Certaines lampes sp\u00e9cifiques aux v\u00e9los \u00e9lectriques peuvent m\u00eame atteindre 1800 lumens ou plus.<\/li>\n\n\n\n<li><strong>Lux vs. Lumens :<\/strong> Alors que les lumens mesurent la puissance lumineuse totale, les lux mesurent l'intensit\u00e9 de la lumi\u00e8re \u00e0 une distance et dans une zone sp\u00e9cifiques. Les lampes con\u00e7ues avec un bon faisceau (voir ci-dessous) peuvent avoir des lumens plus faibles mais fournir un excellent \u00e9clairage l\u00e0 o\u00f9 il est le plus n\u00e9cessaire gr\u00e2ce \u00e0 l'optimisation des lux.<\/li>\n<\/ul>\n\n\n\n<h3 class=\"wp-block-heading\"><strong>2. Mod\u00e8le de faisceau :<\/strong><\/h3>\n\n\n\n<ul class=\"wp-block-list\">\n<li><strong>Une diffusion large et r\u00e9guli\u00e8re :<\/strong> Contrairement aux v\u00e9los de route qui peuvent b\u00e9n\u00e9ficier d'un faisceau plus cibl\u00e9 pour am\u00e9liorer leur vitesse, les v\u00e9los cargos ont besoin d'un faisceau large et homog\u00e8ne pour \u00e9clairer la zone la plus large devant le v\u00e9lo, y compris la zone de chargement et les obstacles potentiels sur les c\u00f4t\u00e9s.<\/li>\n\n\n\n<li><strong>Faisceau de coupure (conforme \u00e0 la norme StVZO) :<\/strong> Il est fortement recommand\u00e9 d'utiliser des feux avec un faisceau de coupure horizontal, surtout si vous roulez dans la circulation. Cette conception permet de diriger la lumi\u00e8re sur la route et d'\u00e9viter d'aveugler les cyclistes et les conducteurs venant en sens inverse. Il s'agit d'une caract\u00e9ristique commune aux feux conformes aux normes europ\u00e9ennes (StVZO).<\/li>\n\n\n\n<li><strong>Pas de points chauds :<\/strong> Un bon faisceau doit \u00eatre r\u00e9gulier et constant, sans points chauds trop lumineux qui peuvent cr\u00e9er des ombres et r\u00e9duire la visibilit\u00e9 globale.<\/li>\n<\/ul>\n\n\n\n<h3 class=\"wp-block-heading\"><strong>3. Source d'\u00e9nergie et dur\u00e9e d'ex\u00e9cution :<\/strong><\/h3>\n\n\n\n<ul class=\"wp-block-list\">\n<li><strong>Alimentation par batterie (rechargeable) :<\/strong> De nombreuses lampes modernes pour v\u00e9los cargo sont rechargeables par USB. Recherchez des dur\u00e9es d'utilisation longues, en particulier si vous faites des trajets prolong\u00e9s ou si vous oubliez souvent de recharger. L'USB-C est une norme de chargement pratique.<\/li>\n\n\n\n<li><strong>Aliment\u00e9 par un moyeu \u00e0 dynamo :<\/strong> Pour un confort ultime et un \u00e9clairage \"toujours allum\u00e9\", un moyeu dynamo int\u00e9gr\u00e9 \u00e0 votre roue avant est une excellente option. Il g\u00e9n\u00e8re de l'\u00e9nergie au fur et \u00e0 mesure que vous roulez, \u00e9liminant ainsi le besoin de recharger la batterie. Ce type de moyeu est particuli\u00e8rement populaire sur les v\u00e9los-cargos europ\u00e9ens.<\/li>\n\n\n\n<li><strong>V\u00e9lo \u00e9lectrique int\u00e9gr\u00e9 :<\/strong> Si vous poss\u00e9dez un v\u00e9lo utilitaire \u00e9lectrique, recherchez des \u00e9clairages con\u00e7us pour s'int\u00e9grer directement au syst\u00e8me de batterie de votre v\u00e9lo utilitaire \u00e9lectrique. Ces \u00e9clairages offrent souvent un rendement plus \u00e9lev\u00e9 et une puissance constante sans n\u00e9cessiter de batteries s\u00e9par\u00e9es. Veillez \u00e0 ce que la tension de l'\u00e9clairage corresponde au syst\u00e8me de votre v\u00e9lo \u00e9lectrique (par exemple, 12V, 24V, 36V, 48V).<\/li>\n<\/ul>\n\n\n\n<h3 class=\"wp-block-heading\"><strong>4. Options de montage :<\/strong><\/h3>\n\n\n\n<ul class=\"wp-block-list\">\n<li><strong>S\u00fbre et stable :<\/strong> Les v\u00e9los cargos subissent souvent des vibrations et des chocs plus importants. Le feu doit \u00eatre solidement fix\u00e9 pour r\u00e9sister \u00e0 ces forces et conserver son orientation.<\/li>\n\n\n\n<li><strong>Placement appropri\u00e9 :<\/strong> R\u00e9fl\u00e9chissez \u00e0 l'endroit o\u00f9 la lumi\u00e8re sera mont\u00e9e sur votre v\u00e9lo cargo. Certains v\u00e9los cargo disposent de points de fixation sp\u00e9cifiques, tandis que d'autres peuvent n\u00e9cessiter des solutions cr\u00e9atives. Un point de fixation plus \u00e9lev\u00e9 peut souvent am\u00e9liorer la visibilit\u00e9 pour le conducteur et les autres usagers de la route.<\/li>\n\n\n\n<li><strong>Effacement :<\/strong> Veillez \u00e0 ce que la lumi\u00e8re n'interf\u00e8re pas avec le chargement, la direction ou d'autres accessoires.<\/li>\n<\/ul>\n\n\n\n<h3 class=\"wp-block-heading\"><strong>5. Durabilit\u00e9 et r\u00e9sistance aux intemp\u00e9ries :<\/strong><\/h3>\n\n\n\n<ul class=\"wp-block-list\">\n<li><strong>Construction robuste :<\/strong> Une lampe pour v\u00e9lo cargo doit \u00eatre con\u00e7ue pour durer, avec un bo\u00eetier durable (souvent en aluminium) pour r\u00e9sister \u00e0 l'utilisation quotidienne et aux chocs \u00e9ventuels.<\/li>\n\n\n\n<li><strong>R\u00e9sistant \u00e0 l'eau et aux intemp\u00e9ries :<\/strong> Recherchez un indice IPX4 ou sup\u00e9rieur pour vous assurer que la lampe peut r\u00e9sister \u00e0 la pluie et aux \u00e9claboussures.<\/li>\n<\/ul>\n\n\n\n<h3 class=\"wp-block-heading\"><strong>6. Caract\u00e9ristiques suppl\u00e9mentaires :<\/strong><\/h3>\n\n\n\n<ul class=\"wp-block-list\">\n<li><strong>Modes multiples :<\/strong> Si un faisceau puissant et constant est essentiel pour voir, les modes clignotants peuvent accro\u00eetre votre visibilit\u00e9 pendant la journ\u00e9e ou dans les environnements urbains tr\u00e8s fr\u00e9quent\u00e9s. Certaines lampes proposent \u00e9galement un mode \"adaptatif\" qui r\u00e8gle la luminosit\u00e9 en fonction de la lumi\u00e8re ambiante.<\/li>\n\n\n\n<li><strong>\u00c9clairage de jour (DRL) :<\/strong> Des \u00e9tudes montrent que l'utilisation des feux pendant la journ\u00e9e peut r\u00e9duire de mani\u00e8re significative le risque de collision. Un mode DRL d\u00e9di\u00e9, souvent un flash moins intense mais tr\u00e8s visible, est une caract\u00e9ristique pr\u00e9cieuse.<\/li>\n\n\n\n<li><strong>Visibilit\u00e9 lat\u00e9rale :<\/strong> Les feux dot\u00e9s de d\u00e9coupes lat\u00e9rales ou de LED suppl\u00e9mentaires orient\u00e9es vers les c\u00f4t\u00e9s peuvent am\u00e9liorer votre visibilit\u00e9 sous d'autres angles que celui de l'avant, ce qui est important pour la s\u00e9curit\u00e9 aux intersections.<\/li>\n\n\n\n<li><strong>Banque d'alimentation Fonctionnalit\u00e9 :<\/strong> Certaines lampes \u00e0 piles font \u00e9galement office de banques d'\u00e9nergie, ce qui vous permet de recharger votre t\u00e9l\u00e9phone ou d'autres appareils pendant vos d\u00e9placements.<\/li>\n\n\n\n<li><strong>Interface utilisateur simple :<\/strong> Les boutons simples, adapt\u00e9s aux gants, et la s\u00e9lection claire des modes sont un plus.<\/li>\n\n\n\n<li><\/li>\n<\/ul>\n\n\n\n<h2 class=\"wp-block-heading\"><strong>O\u00f9 doit-on monter le feu avant ?<\/strong><\/h2>\n\n\n\n<p>Un positionnement correct garantit la s\u00e9curit\u00e9 et \u00e9vite les ombres. Voici les options les plus courantes :<\/p>\n\n\n\n<figure class=\"wp-block-table\"><table class=\"has-fixed-layout\"><thead><tr><th><strong>Position de montage<\/strong><\/th><th><strong>Avantages<\/strong><\/th><th><strong>Inconv\u00e9nients<\/strong><\/th><\/tr><\/thead><tbody><tr><td><strong>Mont\u00e9 sur le guidon<\/strong><\/td><td>Facile \u00e0 installer et \u00e0 r\u00e9gler<\/td><td>Peut cr\u00e9er des ombres vers l'avant si la cargaison est obstru\u00e9e.<\/td><\/tr><tr><td><strong>Couronne de fourche<\/strong><\/td><td>\u00c9clairage r\u00e9gulier, faible \u00e9blouissement<\/td><td>Peut trembler sur un terrain accident\u00e9<\/td><\/tr><tr><td><strong>Porte-bagages ou tube de direction<\/strong><\/td><td>S'aligne sur la hauteur du chargement<\/td><td>N\u00e9cessite des supports personnalis\u00e9s<\/td><\/tr><\/tbody><\/table><\/figure>\n\n\n\n<p>Pour les v\u00e9los cargo \u00e0 chargement frontal, <strong>l'\u00e9clairage du guidon peut \u00eatre insuffisant<\/strong>. Nous recommandons souvent <strong>syst\u00e8mes d'\u00e9clairage doubles<\/strong>:<\/p>\n\n\n\n<ul class=\"wp-block-list\">\n<li>Lumi\u00e8re primaire allum\u00e9e <strong>porte-bagages ou cadre<\/strong><\/li>\n\n\n\n<li>Voyant secondaire allum\u00e9 <strong>guidon<\/strong><\/li>\n<\/ul>\n\n\n\n<h2 class=\"wp-block-heading\"><strong>Comment <a href=\"https:\/\/regencargobikes.com\/fr\/about\/\" data-type=\"page\" data-id=\"171\">Regen <\/a>Aides : \u00c9clairage modulaire, alimentation int\u00e9gr\u00e9e et conformit\u00e9<\/strong><\/h2>\n\n\n\n<p>Nous concevons les v\u00e9los cargo Regen en tenant compte de l'int\u00e9gration de l'\u00e9clairage :<\/p>\n\n\n\n<ul class=\"wp-block-list\">\n<li><strong>Montage personnalis\u00e9 de l'\u00e9clairage<\/strong> pour Long Johns, trikes et step-throughs<\/li>\n\n\n\n<li><strong>C\u00e2blage \u00e9tanche<\/strong> (IP65+) et faisceau de c\u00e2blage pr\u00e9-fusible<\/li>\n\n\n\n<li><strong>Gestion de l'\u00e9nergie au niveau du syst\u00e8me<\/strong> pour \u00e9viter l'\u00e9puisement de la batterie<\/li>\n\n\n\n<li><strong>Options conformes aux normes StVZO et EN 15194<\/strong> pour les clients de l'UE<\/li>\n\n\n\n<li>Facultatif <strong>DRL, feux de route\/feux de croisement commutables<\/strong>, et <strong>d\u00e9tecteurs de lumi\u00e8re automatique<\/strong><\/li>\n<\/ul>\n\n\n\n<p>Et pour les partenaires OEM\/ODM, nous proposons <strong>int\u00e9gration de l'\u00e9clairage frontal sur mesure<\/strong> en fonction de la g\u00e9om\u00e9trie du cadre, de l'esth\u00e9tique de la marque et des sc\u00e9narios d'utilisation.<\/p>\n\n\n\n<p>\ud83d\udce9 <a href=\"https:\/\/regencargobikes.com\/fr\/contact\/\" data-type=\"page\" data-id=\"177\"><strong>Contactez-nous<\/strong><\/a> pour discuter de votre projet.<\/p>\n\n\n\n<hr class=\"wp-block-separator has-alpha-channel-opacity\"\/>\n\n\n\n<h2 class=\"wp-block-heading\"><strong>R\u00e9f\u00e9rences<\/strong><\/h2>\n\n\n\n<ul class=\"wp-block-list\">\n<li>Comit\u00e9 europ\u00e9en de normalisation (CEN). (2021). <em>EN 15194 : Cycles \u00e0 assistance \u00e9lectrique (CAE) - CAE - Exigences de s\u00e9curit\u00e9 et m\u00e9thodes d'essai.<\/em><\/li>\n\n\n\n<li>Minist\u00e8re f\u00e9d\u00e9ral des transports et de l'infrastructure num\u00e9rique (Allemagne). (2022). <em>StVZO - Stra\u00dfenverkehrs-Zulassungs-Ordnung.<\/em><\/li>\n\n\n\n<li>Bicycle Light Beam Patterns and Safety Study - F\u00e9d\u00e9ration allemande des cyclistes (ADFC), 2020.<\/li>\n<\/ul>","protected":false},"excerpt":{"rendered":"<p>At Regen, where we design and manufacture complete cargo bike systems for families and fleets, we often get asked about front lighting \u2014 especially as riders begin commuting at dusk, navigating low-light city alleys, or delivering across darker rural routes. Lighting is not just about visibility; it\u2019s about road legality, rider safety, and even battery [&hellip;]<\/p>\n","protected":false},"author":2,"featured_media":1740,"comment_status":"open","ping_status":"closed","sticky":false,"template":"","format":"standard","meta":{"footnotes":""},"categories":[2],"tags":[],"class_list":["post-1739","post","type-post","status-publish","format-standard","has-post-thumbnail","hentry","category-knowledge"],"_links":{"self":[{"href":"https:\/\/regencargobikes.com\/fr\/wp-json\/wp\/v2\/posts\/1739","targetHints":{"allow":["GET"]}}],"collection":[{"href":"https:\/\/regencargobikes.com\/fr\/wp-json\/wp\/v2\/posts"}],"about":[{"href":"https:\/\/regencargobikes.com\/fr\/wp-json\/wp\/v2\/types\/post"}],"author":[{"embeddable":true,"href":"https:\/\/regencargobikes.com\/fr\/wp-json\/wp\/v2\/users\/2"}],"replies":[{"embeddable":true,"href":"https:\/\/regencargobikes.com\/fr\/wp-json\/wp\/v2\/comments?post=1739"}],"version-history":[{"count":1,"href":"https:\/\/regencargobikes.com\/fr\/wp-json\/wp\/v2\/posts\/1739\/revisions"}],"predecessor-version":[{"id":1741,"href":"https:\/\/regencargobikes.com\/fr\/wp-json\/wp\/v2\/posts\/1739\/revisions\/1741"}],"wp:featuredmedia":[{"embeddable":true,"href":"https:\/\/regencargobikes.com\/fr\/wp-json\/wp\/v2\/media\/1740"}],"wp:attachment":[{"href":"https:\/\/regencargobikes.com\/fr\/wp-json\/wp\/v2\/media?parent=1739"}],"wp:term":[{"taxonomy":"category","embeddable":true,"href":"https:\/\/regencargobikes.com\/fr\/wp-json\/wp\/v2\/categories?post=1739"},{"taxonomy":"post_tag","embeddable":true,"href":"https:\/\/regencargobikes.com\/fr\/wp-json\/wp\/v2\/tags?post=1739"}],"curies":[{"name":"wp","href":"https:\/\/api.w.org\/{rel}","templated":true}]}}