{"id":1763,"date":"2025-07-29T02:36:57","date_gmt":"2025-07-28T18:36:57","guid":{"rendered":"https:\/\/regencargobikes.com\/?p=1763"},"modified":"2025-07-29T02:37:00","modified_gmt":"2025-07-28T18:37:00","slug":"the-strategic-imperative-of-cargo-bikes-in-european-urban-mobility","status":"publish","type":"post","link":"https:\/\/regencargobikes.com\/fr\/the-strategic-imperative-of-cargo-bikes-in-european-urban-mobility\/","title":{"rendered":"L'imp\u00e9ratif strat\u00e9gique des v\u00e9los-cargos dans la mobilit\u00e9 urbaine europ\u00e9enne"},"content":{"rendered":"<p>Les villes europ\u00e9ennes connaissent une profonde transformation de leur approche du transport urbain et de la logistique. Autrefois consid\u00e9r\u00e9s comme une solution de niche, les v\u00e9los-cargos - en particulier les v\u00e9los-cargos \u00e9lectriques (e-cargo bikes) - ont rapidement \u00e9volu\u00e9 pour devenir un pilier strat\u00e9gique de la mobilit\u00e9 durable, rentable et centr\u00e9e sur les personnes. Ils ne sont pas simplement une alternative aux camionnettes ou camions de livraison traditionnels ; ils sont plut\u00f4t un catalyseur pour des environnements urbains plus sains, plus s\u00fbrs et plus r\u00e9silients.<\/p>\n\n\n\n<p>Dans toute l'Europe, les v\u00e9los-cargos contribuent \u00e0 la r\u00e9alisation d'objectifs climatiques ambitieux, \u00e0 la lutte contre la congestion urbaine et \u00e0 la r\u00e9duction des co\u00fbts soci\u00e9taux li\u00e9s aux paysages urbains domin\u00e9s par la voiture. Cette transition est soutenue par une forte croissance du march\u00e9, des politiques de soutien et des avanc\u00e9es technologiques qui rendent les v\u00e9los-cargos de plus en plus comp\u00e9titifs.<\/p>\n\n\n\n<blockquote class=\"wp-block-quote is-layout-flow wp-block-quote-is-layout-flow\">\n<p><\/p>\n<\/blockquote>\n\n\n\n<hr class=\"wp-block-separator has-alpha-channel-opacity\"\/>\n\n\n\n<h2 class=\"wp-block-heading\"><strong>D\u00e9finition des v\u00e9los-cargos et de leurs multiples avantages<\/strong><\/h2>\n\n\n\n<p>Les v\u00e9los cargo sont des v\u00e9los ou des tricycles con\u00e7us pour transporter des marchandises, des passagers ou des \u00e9quipements au-del\u00e0 de ce qu'un v\u00e9lo classique peut supporter. Leurs variantes \u00e9lectriques (e-cargo bikes) int\u00e8grent une assistance au p\u00e9dalage aliment\u00e9e par une batterie, ce qui leur permet de transporter des charges plus lourdes et de parcourir de plus longues distances avec moins d'effort physique.<\/p><div class=\"regen-test-placement-from-wizard-1604397851\" id=\"regen-992995950\"><script async src=\"https:\/\/pagead2.googlesyndication.com\/pagead\/js\/adsbygoogle.js?client=ca-pub-1076230867169041\"\n     crossorigin=\"anonymous\"><\/script><\/div><div class=\"regen-test-placement-from-wizard-2878267818\" id=\"regen-4032059190\"><script async src=\"https:\/\/pagead2.googlesyndication.com\/pagead\/js\/adsbygoogle.js?client=ca-pub-1076230867169041\"\n     crossorigin=\"anonymous\"><\/script><\/div>\n\n\n\n<p>Autrefois limit\u00e9s aux petits pilotes de livraison urbaine ou \u00e0 l'usage familial, les v\u00e9los-cargos jouent aujourd'hui un r\u00f4le central dans la logistique et la mobilit\u00e9 urbaines. Leur attrait r\u00e9side dans une combinaison d'avantages environnementaux, \u00e9conomiques, op\u00e9rationnels et sociaux qui s'\u00e9tendent bien au-del\u00e0 du secteur des transports.<\/p>\n\n\n\n<hr class=\"wp-block-separator has-alpha-channel-opacity\"\/>\n\n\n\n<p><\/p>\n\n\n\n<h3 class=\"wp-block-heading\"><strong>Avantages pour l'environnement : Fret urbain \u00e0 z\u00e9ro \u00e9mission<\/strong><\/h3>\n\n\n\n<p>Les v\u00e9los-cargos r\u00e9pondent directement au besoin urgent de d\u00e9carbonisation des transports urbains. Contrairement aux camionnettes diesel conventionnelles, les v\u00e9los de transport fonctionnent sans \u00e9missions de gaz d'\u00e9chappement, ce qui r\u00e9duit consid\u00e9rablement l'empreinte carbone.<\/p>\n\n\n\n<ul class=\"wp-block-list\">\n<li>Une \u00e9tude londonienne a montr\u00e9 que les v\u00e9los-cargos produisent <strong>96% moins d'\u00e9missions de CO\u2082 par kilom\u00e8tre que les fourgonnettes \u00e9lectriques<\/strong> et jusqu'\u00e0 <strong>90% moins que les camionnettes diesel<\/strong>.<\/li>\n\n\n\n<li>\u00c0 Amsterdam, la ville de <em>Logistique du cycle<\/em> projet remplac\u00e9 <strong>7% de trajets en camionnettes commerciales<\/strong>, d\u00e9coupage <strong>16 000 tonnes d'\u00e9missions annuelles de CO\u2082.<\/strong>-l'\u00e9quivalent d'une suppression <strong>3 500 voitures<\/strong> de la rue.<\/li>\n<\/ul>\n\n\n\n<p>Ces avantages environnementaux ont des effets en cascade. Un air plus pur contribue \u00e0 am\u00e9liorer les r\u00e9sultats en mati\u00e8re de sant\u00e9 publique, tandis qu'une r\u00e9duction de la pollution sonore am\u00e9liore l'habitabilit\u00e9 urbaine.<\/p>\n\n\n\n<blockquote class=\"wp-block-quote is-layout-flow wp-block-quote-is-layout-flow\">\n<figure class=\"wp-block-image size-large\"><img fetchpriority=\"high\" decoding=\"async\" width=\"1024\" height=\"471\" src=\"https:\/\/regencargobikes.com\/wp-content\/uploads\/2025\/07\/In-Amsterdam-the-citys-Cycle-Logistics-project-replaced-7-of-commercial-van-trips-cutting-16000-tonnes-of-annual-CO\u2082-emissions\u2014the-equivalent-of-removing-3500-cars-from-the-streets-1024x471.webp\" alt=\"\" class=\"wp-image-1764\" srcset=\"https:\/\/regencargobikes.com\/wp-content\/uploads\/2025\/07\/In-Amsterdam-the-citys-Cycle-Logistics-project-replaced-7-of-commercial-van-trips-cutting-16000-tonnes-of-annual-CO\u2082-emissions\u2014the-equivalent-of-removing-3500-cars-from-the-streets-1024x471.webp 1024w, https:\/\/regencargobikes.com\/wp-content\/uploads\/2025\/07\/In-Amsterdam-the-citys-Cycle-Logistics-project-replaced-7-of-commercial-van-trips-cutting-16000-tonnes-of-annual-CO\u2082-emissions\u2014the-equivalent-of-removing-3500-cars-from-the-streets-300x138.webp 300w, https:\/\/regencargobikes.com\/wp-content\/uploads\/2025\/07\/In-Amsterdam-the-citys-Cycle-Logistics-project-replaced-7-of-commercial-van-trips-cutting-16000-tonnes-of-annual-CO\u2082-emissions\u2014the-equivalent-of-removing-3500-cars-from-the-streets-768x353.webp 768w, https:\/\/regencargobikes.com\/wp-content\/uploads\/2025\/07\/In-Amsterdam-the-citys-Cycle-Logistics-project-replaced-7-of-commercial-van-trips-cutting-16000-tonnes-of-annual-CO\u2082-emissions\u2014the-equivalent-of-removing-3500-cars-from-the-streets-1536x706.webp 1536w, https:\/\/regencargobikes.com\/wp-content\/uploads\/2025\/07\/In-Amsterdam-the-citys-Cycle-Logistics-project-replaced-7-of-commercial-van-trips-cutting-16000-tonnes-of-annual-CO\u2082-emissions\u2014the-equivalent-of-removing-3500-cars-from-the-streets-18x8.webp 18w, https:\/\/regencargobikes.com\/wp-content\/uploads\/2025\/07\/In-Amsterdam-the-citys-Cycle-Logistics-project-replaced-7-of-commercial-van-trips-cutting-16000-tonnes-of-annual-CO\u2082-emissions\u2014the-equivalent-of-removing-3500-cars-from-the-streets.webp 1766w\" sizes=\"(max-width: 1024px) 100vw, 1024px\" \/><\/figure>\n<\/blockquote>\n\n\n\n<hr class=\"wp-block-separator has-alpha-channel-opacity\"\/>\n\n\n\n<p><\/p>\n\n\n\n<h3 class=\"wp-block-heading\"><strong>Efficacit\u00e9 \u00e9conomique et op\u00e9rationnelle : Red\u00e9finir les livraisons urbaines<\/strong><\/h3>\n\n\n\n<p>D'un point de vue commercial, les v\u00e9los-cargos pr\u00e9sentent des avantages \u00e9conomiques ind\u00e9niables. De nombreuses \u00e9tudes et projets pilotes ont d\u00e9montr\u00e9 que les v\u00e9los-cargos sont plus performants que les camionnettes dans les environnements urbains denses.<\/p>\n\n\n\n<ul class=\"wp-block-list\">\n<li>Les v\u00e9los-cargos peuvent r\u00e9duire les co\u00fbts de livraison <strong>jusqu'\u00e0 90%<\/strong> en tenant compte du carburant, du stationnement et de l'entretien.<\/li>\n\n\n\n<li>\u00c0 Milan, un programme pilote a montr\u00e9 une <strong>23% r\u00e9duction des d\u00e9lais de livraison<\/strong> et un <strong>40% diminution des co\u00fbts op\u00e9rationnels<\/strong> pour la logistique du dernier kilom\u00e8tre par rapport aux camionnettes.<\/li>\n\n\n\n<li>Dans les centres urbains encombr\u00e9s, les v\u00e9los-cargos livrent des colis <strong>30% plus rapide<\/strong> et peut compl\u00e9ter <strong>20-25 livraisons par heure<\/strong>contre seulement <strong>12 livraisons par heure<\/strong> pour les camionnettes.<\/li>\n<\/ul>\n\n\n\n<p>La capacit\u00e9 des v\u00e9los-cargos \u00e0 maintenir des temps de service pr\u00e9visibles, m\u00eame dans les zones \u00e0 forte densit\u00e9 de circulation, permet aux entreprises d'optimiser les horaires de livraison et d'am\u00e9liorer la satisfaction des clients.<\/p>\n\n\n\n<blockquote class=\"wp-block-quote is-layout-flow wp-block-quote-is-layout-flow\">\n<p><\/p>\n<\/blockquote>\n\n\n\n<hr class=\"wp-block-separator has-alpha-channel-opacity\"\/>\n\n\n\n<p><\/p>\n\n\n\n<h3 class=\"wp-block-heading\"><strong>R\u00e9duction de la congestion et am\u00e9lioration de l'acc\u00e8s aux villes<\/strong><\/h3>\n\n\n\n<p>Les v\u00e9los-cargos sont particuli\u00e8rement adapt\u00e9s pour circuler dans les rues encombr\u00e9es des villes, les zones pi\u00e9tonnes et les zones \u00e0 faibles \u00e9missions (LEZ), o\u00f9 les v\u00e9hicules de plus grande taille font l'objet de p\u00e9nalit\u00e9s ou de restrictions.<\/p>\n\n\n\n<p>Leur taille compacte leur permet de contourner les files d'attente et d'acc\u00e9der aux trottoirs sans bloquer les routes ou les pistes cyclables. En rempla\u00e7ant les camionnettes, les v\u00e9los-cargos lib\u00e8rent un espace urbain pr\u00e9cieux, r\u00e9duisent les incidents li\u00e9s au stationnement en double file et att\u00e9nuent les embouteillages, un avantage auquel les villes et les entreprises attachent une grande importance.<\/p>\n\n\n\n<hr class=\"wp-block-separator has-alpha-channel-opacity\"\/>\n\n\n\n<p><\/p>\n\n\n\n<h3 class=\"wp-block-heading\"><strong>Avantages sociaux et sanitaires : Des villes plus s\u00fbres et plus actives<\/strong><\/h3>\n\n\n\n<p>Au-del\u00e0 des gains environnementaux et \u00e9conomiques, les v\u00e9los-cargos g\u00e9n\u00e8rent d'importants avantages sociaux :<\/p>\n\n\n\n<ol start=\"1\" class=\"wp-block-list\">\n<li><strong>Promouvoir les d\u00e9placements actifs :<\/strong> L'augmentation de la pratique du v\u00e9lo favorise des modes de vie plus sains et cr\u00e9e une culture du v\u00e9lo dans les villes.<\/li>\n\n\n\n<li><strong>Des rues plus s\u00fbres :<\/strong> Les v\u00e9los-cargos circulent \u00e0 une vitesse inf\u00e9rieure \u00e0 celle des v\u00e9hicules motoris\u00e9s, ce qui r\u00e9duit le risque et la gravit\u00e9 des collisions.<\/li>\n\n\n\n<li><strong>Sant\u00e9 publique :<\/strong> Un air plus pur et une pollution sonore moindre contribuent \u00e0 am\u00e9liorer le bien-\u00eatre de la communaut\u00e9.<\/li>\n<\/ol>\n\n\n\n<p>Londres <strong>Vision z\u00e9ro<\/strong> La strat\u00e9gie de s\u00e9curit\u00e9 de l'UE, par exemple, s'aligne \u00e9troitement sur l'adoption des v\u00e9los-cargos, car ces v\u00e9hicules r\u00e9duisent les risques de circulation pour les pi\u00e9tons et les autres cyclistes.<\/p>\n\n\n\n<blockquote class=\"wp-block-quote is-layout-flow wp-block-quote-is-layout-flow\">\n<p><\/p>\n<\/blockquote>\n\n\n\n<hr class=\"wp-block-separator has-alpha-channel-opacity\"\/>\n\n\n\n<p><\/p>\n\n\n\n<h3 class=\"wp-block-heading\"><strong>Un cycle d'avantages qui se renforce lui-m\u00eame<\/strong><\/h3>\n\n\n\n<p>Ces avantages \u00e0 multiples facettes fonctionnent en synergie. Les entreprises r\u00e9investissent les \u00e9conomies r\u00e9alis\u00e9es gr\u00e2ce aux livraisons \u00e0 v\u00e9lo-cargo dans l'expansion de leurs flottes vertes, ce qui r\u00e9duit encore les embouteillages et les \u00e9missions. Des rues plus propres et plus s\u00fbres encouragent un plus grand nombre de personnes \u00e0 faire du v\u00e9lo, ce qui stimule la demande d'infrastructures cyclables et normalise l'utilisation des v\u00e9los-cargos.<\/p>\n\n\n\n<p>Les politiques urbaines visant \u00e0 promouvoir les v\u00e9los-cargos devraient donc prendre en compte les besoins de la population. <strong>approche holistique<\/strong>L'objectif est de tirer parti des avantages environnementaux, \u00e9conomiques et sociaux de mani\u00e8re simultan\u00e9e afin de maximiser l'impact.<\/p>\n\n\n\n<hr class=\"wp-block-separator has-alpha-channel-opacity\"\/>\n\n\n\n<p><\/p>\n\n\n\n<h2 class=\"wp-block-heading\"><strong>Aper\u00e7u du march\u00e9 europ\u00e9en des v\u00e9los E-Cargo : Situation actuelle et projections de croissance (2024-2034)<\/strong><\/h2>\n\n\n\n<p>Le march\u00e9 europ\u00e9en des v\u00e9los utilitaires \u00e9lectriques est entr\u00e9 dans une p\u00e9riode de croissance explosive, refl\u00e9tant son importance croissante dans les strat\u00e9gies de mobilit\u00e9 urbaine.<\/p>\n\n\n\n<ul class=\"wp-block-list\">\n<li><strong>Valeur du march\u00e9 en 2024 :<\/strong> USD <strong>2,01 milliards d'euros<\/strong><\/li>\n\n\n\n<li><strong>Valeur marchande pr\u00e9vue en 2034 :<\/strong> USD <strong>37,24 milliards d'euros<\/strong><\/li>\n\n\n\n<li><strong>CAGR :<\/strong> <strong>33.90% (2024-2034)<\/strong><\/li>\n<\/ul>\n\n\n\n<p>Une analyse distincte pr\u00e9voit que le march\u00e9 passera de <strong>1,16 milliard d'USD en 2025 \u00e0 1,6 milliard d'USD en 2029<\/strong>, ce qui repr\u00e9sente un taux plus conservateur mais n\u00e9anmoins significatif. <strong>8.51% CAGR<\/strong>.<\/p>\n\n\n\n<p>Cette trajectoire ascendante est aliment\u00e9e par plusieurs forces convergentes :<\/p>\n\n\n\n<ol start=\"1\" class=\"wp-block-list\">\n<li><strong>Priorit\u00e9s en mati\u00e8re de mobilit\u00e9 durable :<\/strong> Les villes et les entreprises accordent la priorit\u00e9 aux transports \u00e0 faible \u00e9mission de carbone.<\/li>\n\n\n\n<li><strong>Pression r\u00e9glementaire :<\/strong> Des normes environnementales plus strictes, telles que le Green Deal europ\u00e9en, acc\u00e9l\u00e8rent l'\u00e9lectrification des flottes.<\/li>\n\n\n\n<li><strong>Une logistique rentable :<\/strong> La demande de solutions abordables pour la livraison du dernier kilom\u00e8tre n'a jamais \u00e9t\u00e9 aussi forte.<\/li>\n<\/ol>\n\n\n\n<blockquote class=\"wp-block-quote is-layout-flow wp-block-quote-is-layout-flow\">\n<p><\/p>\n<\/blockquote>\n\n\n\n<hr class=\"wp-block-separator has-alpha-channel-opacity\"\/>\n\n\n\n<p><\/p>\n\n\n\n<h3 class=\"wp-block-heading\"><strong>Leaders r\u00e9gionaux : L'Europe occidentale \u00e0 l'avant-garde<\/strong><\/h3>\n\n\n\n<p>L'Europe occidentale domine le march\u00e9 des v\u00e9los utilitaires \u00e9lectriques, l'Allemagne, les Pays-Bas, le Danemark et la France \u00e9tant en t\u00eate de l'adoption.<\/p>\n\n\n\n<ul class=\"wp-block-list\">\n<li><strong>Allemagne :<\/strong> Tenue <strong>44% du march\u00e9 europ\u00e9en (2024)<\/strong>Gr\u00e2ce \u00e0 de fortes traditions cyclistes, \u00e0 des politiques climatiques ambitieuses et \u00e0 des investissements dans des infrastructures cyclables telles que des voies prot\u00e9g\u00e9es et des parkings s\u00e9curis\u00e9s.<\/li>\n\n\n\n<li><strong>Pays-Bas et Danemark :<\/strong> Ces pays cyclistes b\u00e9n\u00e9ficient de d\u00e9cennies de d\u00e9veloppement des infrastructures, ce qui en fait des environnements id\u00e9aux pour l'utilisation g\u00e9n\u00e9ralis\u00e9e des v\u00e9los \u00e0 cargaison \u00e9lectronique.<\/li>\n\n\n\n<li><strong>France :<\/strong> Paris et d'autres villes fran\u00e7aises d\u00e9veloppent rapidement des initiatives de v\u00e9los-cargos dans le cadre de strat\u00e9gies plus larges de mobilit\u00e9 et de lutte contre le changement climatique.<\/li>\n<\/ul>\n\n\n\n<hr class=\"wp-block-separator has-alpha-channel-opacity\"\/>\n\n\n\n<p><\/p>\n\n\n\n<h3 class=\"wp-block-heading\"><strong>Paysage de l'industrie : La diversit\u00e9 des acteurs au service de l'innovation<\/strong><\/h3>\n\n\n\n<p>Le march\u00e9 est constitu\u00e9 d'un m\u00e9lange dynamique de fabricants de v\u00e9los \u00e9tablis, de startups sp\u00e9cialis\u00e9es dans la mobilit\u00e9 \u00e9lectrique et de producteurs sp\u00e9cialis\u00e9s dans les v\u00e9los-cargos. Les principales entreprises sont les suivantes :<\/p>\n\n\n\n<ul class=\"wp-block-list\">\n<li><strong>Fl\u00e8che urbaine<\/strong><\/li>\n\n\n\n<li><strong>Riese &amp; M\u00fcller<\/strong><\/li>\n\n\n\n<li><strong>Bicyclettes Tern<\/strong><\/li>\n\n\n\n<li><strong>Bouchers et v\u00e9los<\/strong><\/li>\n\n\n\n<li><strong>V\u00e9los Rad Power<\/strong><\/li>\n\n\n\n<li><strong>Babboe<\/strong><\/li>\n<\/ul>\n\n\n\n<p>Ces marques investissent massivement dans <strong>diversification des produits<\/strong>qui propose des mod\u00e8les tels que<\/p>\n\n\n\n<ol start=\"1\" class=\"wp-block-list\">\n<li><strong><a href=\"https:\/\/regencargobikes.com\/fr\/what-is-a-long-john-cargo-bike\/\" data-type=\"post\" data-id=\"1411\">V\u00e9los cargo \u00e0 longue queue<\/a>:<\/strong> Porte-bagages arri\u00e8re allong\u00e9s pour le transport de plusieurs enfants ou d'objets encombrants.<\/li>\n\n\n\n<li><strong><a href=\"https:\/\/regencargobikes.com\/fr\/rs01-e-cargo-bike\/\" data-type=\"page\" data-id=\"933\">Conception des chargeurs frontaux (Bakfiets)<\/a>:<\/strong> De grandes bo\u00eetes \u00e0 l'avant pour les marchandises plus lourdes ou plus d\u00e9licates.<\/li>\n\n\n\n<li><strong>Trikes \u00e0 trois roues :<\/strong> Capacit\u00e9 de charge et stabilit\u00e9 accrues, id\u00e9ales pour le fret commercial.<\/li>\n<\/ol>\n\n\n\n<p>Progr\u00e8s en mati\u00e8re de <strong>la technologie des batteries, les moteurs \u00e9lectriques et les cadres l\u00e9gers<\/strong> rendent les v\u00e9los-cargos plus durables, plus fiables et plus polyvalents que jamais.<\/p>\n\n\n\n<blockquote class=\"wp-block-quote is-layout-flow wp-block-quote-is-layout-flow\">\n<p><strong>Suggestion d'image :<\/strong> Un collage \u00e9tiquet\u00e9 montrant diff\u00e9rents mod\u00e8les de v\u00e9los e-cargo (\u00e0 queue longue, \u00e0 chargement frontal et tricycle) des principales marques europ\u00e9ennes.<\/p>\n<\/blockquote>\n\n\n\n<hr class=\"wp-block-separator has-alpha-channel-opacity\"\/>\n\n\n\n<p><\/p>\n\n\n\n<h3 class=\"wp-block-heading\"><strong>\u00c9volution du march\u00e9 et sp\u00e9cialisation<\/strong><\/h3>\n\n\n\n<p>Le secteur des v\u00e9los-cargos est en train de devenir un segment autonome, distinct de l'industrie du v\u00e9lo au sens large. Cette \u00e9volution est illustr\u00e9e par le lancement de la marque <strong>Mobifuture<\/strong>Le salon de l'\u00e9lectricit\u00e9 et de la mobilit\u00e9 urbaine se tiendra au m\u00eame endroit que le salon de l'environnement. <strong>Eurobike<\/strong> \u00e0 partir de 2026.<\/p>\n\n\n\n<p>Ce nouvel \u00e9v\u00e9nement mettra en lumi\u00e8re les v\u00e9los-cargos en tant qu'\u00e9l\u00e9ment cl\u00e9 de l'avenir de la mobilit\u00e9 en Europe, en mettant en relation les fabricants, les d\u00e9cideurs politiques et les exploitants de flottes. \u00c0 mesure que les investissements priv\u00e9s augmentent et que les \u00e9conomies d'\u00e9chelle s'installent, le secteur devrait devenir de plus en plus autonome, ce qui r\u00e9duira la d\u00e9pendance \u00e0 l'\u00e9gard des subventions publiques.<\/p>\n\n\n\n<blockquote class=\"wp-block-quote is-layout-flow wp-block-quote-is-layout-flow\">\n<p><strong>Suggestion d'image :<\/strong> Photo d'un hall d'exposition Eurobike en pleine effervescence, pr\u00e9sentant des mod\u00e8les de v\u00e9los cargo innovants et permettant aux professionnels du secteur de nouer des contacts.<\/p>\n<\/blockquote>\n\n\n\n<hr class=\"wp-block-separator has-alpha-channel-opacity\"\/>\n\n\n\n<p><\/p>\n\n\n\n<h2 class=\"wp-block-heading\"><strong>Conclusion : Les v\u00e9los-cargos, pierre angulaire de la mobilit\u00e9 urbaine europ\u00e9enne<\/strong><\/h2>\n\n\n\n<p>Les v\u00e9los-cargos ont des effets transformateurs pour les villes, les entreprises et les communaut\u00e9s. Ils r\u00e9duisent consid\u00e9rablement les \u00e9missions de gaz \u00e0 effet de serre, diminuent les co\u00fbts logistiques et am\u00e9liorent la qualit\u00e9 de vie dans les villes gr\u00e2ce \u00e0 des rues plus s\u00fbres et \u00e0 des espaces publics am\u00e9lior\u00e9s.<\/p>\n\n\n\n<p>Le march\u00e9 europ\u00e9en des v\u00e9los utilitaires \u00e9lectriques est sur une trajectoire ascendante, avec une croissance de <strong>2,01 milliards d'USD en 2024 \u00e0 37,24 milliards d'USD en 2034<\/strong>. Cette expansion est le fruit de politiques avant-gardistes, d'innovations technologiques et d'un changement d'attitude du public \u00e0 l'\u00e9gard du transport durable.<\/p>\n\n\n\n<p>Pour les d\u00e9cideurs politiques, investir dans des infrastructures et des mesures incitatives en faveur des v\u00e9los-cargos n'est pas seulement un geste \u00e9cologique, c'est une d\u00e9cision strat\u00e9gique en mati\u00e8re de mobilit\u00e9 urbaine, avec des dividendes sociaux et \u00e9conomiques \u00e0 long terme. Pour les entreprises, l'adoption des v\u00e9los-cargos constitue un avantage concurrentiel \u00e9vident pour r\u00e9pondre aux attentes des clients en mati\u00e8re de livraisons rapides, fiables et respectueuses de l'environnement.<\/p>\n\n\n\n<p>Alors que les villes continuent de lutter contre les embouteillages, le changement climatique et les probl\u00e8mes de sant\u00e9 publique, les v\u00e9los-cargos apparaissent comme une solution \u00e9prouv\u00e9e et \u00e9volutive, capable de remodeler la mobilit\u00e9 urbaine europ\u00e9enne pour les d\u00e9cennies \u00e0 venir.<\/p>\n\n\n\n<p><\/p>","protected":false},"excerpt":{"rendered":"<p>European cities are undergoing a profound transformation in how they approach urban transportation and logistics. Once regarded as a niche solution, cargo bikes\u2014particularly electric cargo bikes (e-cargo bikes)\u2014have rapidly evolved into a strategic pillar for sustainable, cost-effective, and people-centric mobility. They are not merely an alternative to traditional delivery vans or trucks; rather, they are [&hellip;]<\/p>\n","protected":false},"author":2,"featured_media":1630,"comment_status":"closed","ping_status":"closed","sticky":false,"template":"","format":"standard","meta":{"footnotes":""},"categories":[2],"tags":[],"class_list":["post-1763","post","type-post","status-publish","format-standard","has-post-thumbnail","hentry","category-knowledge"],"_links":{"self":[{"href":"https:\/\/regencargobikes.com\/fr\/wp-json\/wp\/v2\/posts\/1763","targetHints":{"allow":["GET"]}}],"collection":[{"href":"https:\/\/regencargobikes.com\/fr\/wp-json\/wp\/v2\/posts"}],"about":[{"href":"https:\/\/regencargobikes.com\/fr\/wp-json\/wp\/v2\/types\/post"}],"author":[{"embeddable":true,"href":"https:\/\/regencargobikes.com\/fr\/wp-json\/wp\/v2\/users\/2"}],"replies":[{"embeddable":true,"href":"https:\/\/regencargobikes.com\/fr\/wp-json\/wp\/v2\/comments?post=1763"}],"version-history":[{"count":1,"href":"https:\/\/regencargobikes.com\/fr\/wp-json\/wp\/v2\/posts\/1763\/revisions"}],"predecessor-version":[{"id":1765,"href":"https:\/\/regencargobikes.com\/fr\/wp-json\/wp\/v2\/posts\/1763\/revisions\/1765"}],"wp:featuredmedia":[{"embeddable":true,"href":"https:\/\/regencargobikes.com\/fr\/wp-json\/wp\/v2\/media\/1630"}],"wp:attachment":[{"href":"https:\/\/regencargobikes.com\/fr\/wp-json\/wp\/v2\/media?parent=1763"}],"wp:term":[{"taxonomy":"category","embeddable":true,"href":"https:\/\/regencargobikes.com\/fr\/wp-json\/wp\/v2\/categories?post=1763"},{"taxonomy":"post_tag","embeddable":true,"href":"https:\/\/regencargobikes.com\/fr\/wp-json\/wp\/v2\/tags?post=1763"}],"curies":[{"name":"wp","href":"https:\/\/api.w.org\/{rel}","templated":true}]}}