{"id":1950,"date":"2026-06-05T05:34:42","date_gmt":"2026-06-04T21:34:42","guid":{"rendered":"https:\/\/regencargobikes.com\/specialized-turbo-levo-price-cut-2026\/"},"modified":"2026-06-05T05:34:42","modified_gmt":"2026-06-04T21:34:42","slug":"specialized-turbo-levo-price-cut-2026","status":"publish","type":"post","link":"https:\/\/regencargobikes.com\/fr\/specialized-turbo-levo-price-cut-2026\/","title":{"rendered":"Specialized r\u00e9duit d\u00e9finitivement les prix des VTT \u00e9lectriques Turbo Levo en Am\u00e9rique du Nord"},"content":{"rendered":"<p>Specialized a r\u00e9alis\u00e9 un mouvement de prix majeur sur le march\u00e9 nord-am\u00e9ricain du v\u00e9lo de montagne \u00e9lectrique. D\u00e9but mai 2026, la soci\u00e9t\u00e9 a inform\u00e9 les d\u00e9taillants aux \u00c9tats-Unis et au Canada qu'elle r\u00e9duirait d\u00e9finitivement les prix de d\u00e9tail sur une grande partie de la gamme Turbo Levo.<\/p>\n<figure class=\"wp-block-image size-full\"><img decoding=\"async\" src=\"https:\/\/regencargobikes.com\/wp-content\/uploads\/2026\/06\/specialized-levo-brain.jpg\" alt=\"Image du produit v\u00e9lo de montagne \u00e9lectrique Specialized Turbo Levo utilis\u00e9e dans la couverture de Bicycle Retailer\"\/><figcaption>Source de l'image : Bicycle Retailer and Industry News, utilisant des images de produits Specialized.<\/figcaption><\/figure>\n<p>Le chiffre principal est important : certains mod\u00e8les sont d\u00e9sormais jusqu'\u00e0 27 % moins chers qu'avant. Pour les cyclistes qui observaient les eMTB haut de gamme de loin, ce n'est pas une vente saisonni\u00e8re. C'est une nouvelle structure de prix.<\/p>\n<p>La signification pratique est simple. Les v\u00e9los de montagne \u00e9lectriques haut de gamme entrent dans une phase plus sensible aux prix, et m\u00eame les marques \u00e9tablies s'adaptent \u00e0 un march\u00e9 o\u00f9 les acheteurs ont plus d'alternatives et des attentes plus fortes en mati\u00e8re de valeur.<\/p><div id=\"regen-2060195533\" class=\"regen-test-placement-from-wizard-2878267818 regen-entity-placement\"><script async src=\"https:\/\/pagead2.googlesyndication.com\/pagead\/js\/adsbygoogle.js?client=ca-pub-1076230867169041\"\n     crossorigin=\"anonymous\"><\/script><\/div><div id=\"regen-1434869103\" class=\"regen-test-placement-from-wizard-1604397851 regen-entity-placement\"><script async src=\"https:\/\/pagead2.googlesyndication.com\/pagead\/js\/adsbygoogle.js?client=ca-pub-1076230867169041\"\n     crossorigin=\"anonymous\"><\/script><\/div>\n<h2>Ce qui a chang\u00e9<\/h2>\n<p>Selon Bicycle Retailer and Industry News, Specialized a abaiss\u00e9 les prix de d\u00e9tail sugg\u00e9r\u00e9s sur les mod\u00e8les Turbo Levo en Am\u00e9rique du Nord de 6 % \u00e0 27 %, avec des prix de gros \u00e9galement r\u00e9duits.<\/p>\n<p>La plus grande r\u00e9duction concernerait le Levo R S-Works. Son prix de d\u00e9tail sugg\u00e9r\u00e9 est pass\u00e9 de 15 650 USD \u00e0 11 500 USD, soit une r\u00e9duction de 4 150 USD.<\/p>\n<p>Tous les mod\u00e8les n'ont pas chang\u00e9. Les rapports indiquent que le Levo 4 LTD et le Levo 4 Comp Carbon n'ont pas \u00e9t\u00e9 inclus dans le m\u00eame ajustement de prix.<\/p>\n<p>Le changement s'applique aux \u00c9tats-Unis et au Canada. Les prix europ\u00e9ens n'ont pas \u00e9t\u00e9 affect\u00e9s par cette mise \u00e0 jour nord-am\u00e9ricaine.<\/p>\n<h2>Pourquoi Specialized r\u00e9duit les prix<\/h2>\n<p>Specialized a pr\u00e9sent\u00e9 la d\u00e9cision comme un ajustement structurel des prix plut\u00f4t qu'une promotion \u00e0 court terme.<\/p>\n<p>La soci\u00e9t\u00e9 a cit\u00e9 des am\u00e9liorations de la cha\u00eene d'approvisionnement et des co\u00fbts de production sur la plateforme Levo, tout en reconnaissant que le march\u00e9 est devenu plus concurrentiel.<\/p>\n<p>Ce deuxi\u00e8me point est important. La cat\u00e9gorie des eMTB haut de gamme est sous pression de la part de marques plus r\u00e9centes offrant des sp\u00e9cifications solides \u00e0 des prix inf\u00e9rieurs. Les acheteurs comparent d\u00e9sormais la suspension, la puissance du moteur, la capacit\u00e9 de la batterie, les logiciels et le support apr\u00e8s-vente plus agressivement qu'il y a quelques ann\u00e9es.<\/p>\n<p>Pour une marque \u00e9tablie, une r\u00e9duction de prix peut servir deux objectifs \u00e0 la fois :<\/p>\n<ul>\n<li>abaisser la barri\u00e8re d'entr\u00e9e pour les cyclistes envisageant un eMTB haute performance<\/li>\n<li>maintenir la rotation des stocks des d\u00e9taillants sans donner l'impression que le produit est un article de liquidation temporaire<\/li>\n<li>d\u00e9fendre la position sur le march\u00e9 contre de nouveaux concurrents agressifs<\/li>\n<li>r\u00e9initialiser les attentes des acheteurs avant le prochain cycle de produits<\/li>\n<\/ul>\n<h2>Les acheteurs existants et les d\u00e9taillants re\u00e7oivent un soutien<\/h2>\n<p>Specialized a \u00e9galement cr\u00e9\u00e9 des programmes de soutien pour les acheteurs et les d\u00e9taillants affect\u00e9s par le calendrier du changement.<\/p>\n<p>Les d\u00e9taillants qui ont achet\u00e9 des stocks concern\u00e9s entre le 1er f\u00e9vrier et le 7 mai 2026 peuvent participer \u00e0 un programme de cr\u00e9dit d'inventaire. Les consommateurs qui ont achet\u00e9 un Turbo Levo entre le 1er janvier et le 7 mai 2026 peuvent \u00e9galement \u00eatre \u00e9ligibles \u00e0 un cr\u00e9dit pour de nouveaux produits Specialized.<\/p>\n<p>Cela est important car les r\u00e9ductions de prix permanentes peuvent frustrer les premiers acheteurs et laisser les d\u00e9taillants avec des stocks achet\u00e9s aux anciens prix. Les programmes de compensation sont un moyen de r\u00e9duire cette friction.<\/p>\n<h2>Ce que cela signifie pour le march\u00e9 des E-MTB<\/h2>\n<p>Le Turbo Levo est depuis longtemps l'une des plateformes eMTB haut de gamme les plus connues. Lorsqu'une marque \u00e0 ce niveau r\u00e9duit d\u00e9finitivement ses prix, cela envoie un signal plus large au march\u00e9.<\/p>\n<p>Le message probable est que les eMTB haut de gamme ne peuvent plus compter uniquement sur la force de la marque et des listes de sp\u00e9cifications \u00e9lev\u00e9es. Les acheteurs veulent le package complet : performance, fiabilit\u00e9, support des d\u00e9taillants et un prix qui semble d\u00e9fendable face aux concurrents plus r\u00e9cents.<\/p>\n<p>Pour les cyclistes, le r\u00e9sultat est positif \u00e0 court terme. Un prix plus bas rend la performance de trail haut de gamme plus accessible. Pour les d\u00e9taillants, le changement peut aider \u00e0 convertir les acheteurs qui aimaient le Levo mais ne pouvaient pas justifier l'ancien prix.<\/p>\n<p>Pour l'industrie, c'est un autre signe que le boom du v\u00e9lo \u00e9lectrique devient plus disciplin\u00e9. Les marques sont pouss\u00e9es \u00e0 aligner leur ambition produit avec des prix r\u00e9alistes, un meilleur contr\u00f4le des stocks et une valeur plus claire.<\/p>\n<h2>Sources d'information<\/h2>\n<ul>\n<li>Bicycle Retailer and Industry News : <a href=\"https:\/\/www.bicycleretailer.com\/industry-news\/2026\/05\/07\/specialized-unveils-drastic-price-reduction-plan-retailers-turbo-levo\" target=\"_blank\" rel=\"noopener\">Specialized d\u00e9voile un plan de r\u00e9duction drastique des prix pour les d\u00e9taillants sur le Turbo Levo<\/a><\/li>\n<li>Singletracks : <a href=\"https:\/\/www.singletracks.com\/mtb-gear\/specialized-drops-us-prices-on-turbo-levo-emtbs-in-permanent-shift\/\" target=\"_blank\" rel=\"noopener\">Specialized baisse les prix am\u00e9ricains sur les eMTB Turbo Levo dans un changement permanent<\/a><\/li>\n<\/ul>","protected":false},"excerpt":{"rendered":"<p>Specialized a d\u00e9finitivement abaiss\u00e9 les prix en Am\u00e9rique du Nord sur une grande partie de sa gamme de VTT \u00e9lectriques Turbo Levo, certains mod\u00e8les \u00e9tant r\u00e9duits jusqu'\u00e0 27 pour cent. Cette d\u00e9cision refl\u00e8te des co\u00fbts de plateforme plus faibles, une pression croissante sur les prix dans la cat\u00e9gorie des VTT \u00e9lectriques, et un march\u00e9 plus concurrentiel pour les VTT \u00e9lectriques haut de gamme.<\/p>","protected":false},"author":2,"featured_media":1948,"comment_status":"","ping_status":"","sticky":false,"template":"","format":"standard","meta":{"footnotes":""},"categories":[33],"tags":[],"class_list":["post-1950","post","type-post","status-publish","format-standard","has-post-thumbnail","hentry","category-ebike-news"],"_links":{"self":[{"href":"https:\/\/regencargobikes.com\/fr\/wp-json\/wp\/v2\/posts\/1950","targetHints":{"allow":["GET"]}}],"collection":[{"href":"https:\/\/regencargobikes.com\/fr\/wp-json\/wp\/v2\/posts"}],"about":[{"href":"https:\/\/regencargobikes.com\/fr\/wp-json\/wp\/v2\/types\/post"}],"author":[{"embeddable":true,"href":"https:\/\/regencargobikes.com\/fr\/wp-json\/wp\/v2\/users\/2"}],"replies":[{"embeddable":true,"href":"https:\/\/regencargobikes.com\/fr\/wp-json\/wp\/v2\/comments?post=1950"}],"version-history":[{"count":0,"href":"https:\/\/regencargobikes.com\/fr\/wp-json\/wp\/v2\/posts\/1950\/revisions"}],"wp:featuredmedia":[{"embeddable":true,"href":"https:\/\/regencargobikes.com\/fr\/wp-json\/wp\/v2\/media\/1948"}],"wp:attachment":[{"href":"https:\/\/regencargobikes.com\/fr\/wp-json\/wp\/v2\/media?parent=1950"}],"wp:term":[{"taxonomy":"category","embeddable":true,"href":"https:\/\/regencargobikes.com\/fr\/wp-json\/wp\/v2\/categories?post=1950"},{"taxonomy":"post_tag","embeddable":true,"href":"https:\/\/regencargobikes.com\/fr\/wp-json\/wp\/v2\/tags?post=1950"}],"curies":[{"name":"wp","href":"https:\/\/api.w.org\/{rel}","templated":true}]}}