{"id":1953,"date":"2026-06-05T05:35:24","date_gmt":"2026-06-04T21:35:24","guid":{"rendered":"https:\/\/regencargobikes.com\/porsche-exits-ebike-market-2026\/"},"modified":"2026-06-05T05:35:24","modified_gmt":"2026-06-04T21:35:24","slug":"porsche-exits-ebike-market-2026","status":"publish","type":"post","link":"https:\/\/regencargobikes.com\/fr\/porsche-exits-ebike-market-2026\/","title":{"rendered":"Porsche ferme son activit\u00e9 de performance VAE dans le cadre d'une restructuration plus large"},"content":{"rendered":"<p>Porsche se retire de l'un de ses paris les plus visibles sur la technologie des v\u00e9los \u00e9lectriques. L'entreprise ferme Porsche eBike Performance GmbH, l'unit\u00e9 construite autour de l'activit\u00e9 de syst\u00e8mes d'entra\u00eenement Fazua qu'elle a acquise en 2022.<\/p>\n<figure class=\"wp-block-image size-full\"><img decoding=\"async\" src=\"https:\/\/regencargobikes.com\/wp-content\/uploads\/2026\/06\/porsche-techcrunch-macan-getty.jpg\" alt=\"Image de production de v\u00e9hicules \u00e9lectriques Porsche utilis\u00e9e dans la couverture de TechCrunch sur la restructuration de Porsche\"\/><figcaption>Source de l'image : TechCrunch ; photo de Sebastian Gollnow\/picture alliance via Getty Images.<\/figcaption><\/figure>\n<p>La d\u00e9cision ne se limite pas aux v\u00e9los \u00e9lectriques. Porsche ferme \u00e9galement Cellforce Group, une filiale de batteries haute performance, et Cetitec, une soci\u00e9t\u00e9 de logiciels. Ensemble, ces fermetures affectent plus de 500 employ\u00e9s.<\/p>\n<p>La version courte est la suivante : Porsche se recentre sur ses activit\u00e9s principales apr\u00e8s que plusieurs paris technologiques ambitieux sont devenus plus difficiles \u00e0 justifier dans un march\u00e9 plus froid.<\/p><div id=\"regen-688619120\" class=\"regen-test-placement-from-wizard-2878267818 regen-entity-placement\"><script async src=\"https:\/\/pagead2.googlesyndication.com\/pagead\/js\/adsbygoogle.js?client=ca-pub-1076230867169041\"\n     crossorigin=\"anonymous\"><\/script><\/div><div id=\"regen-155664658\" class=\"regen-test-placement-from-wizard-1604397851 regen-entity-placement\"><script async src=\"https:\/\/pagead2.googlesyndication.com\/pagead\/js\/adsbygoogle.js?client=ca-pub-1076230867169041\"\n     crossorigin=\"anonymous\"><\/script><\/div>\n<h2>Ce que Porsche a annonc\u00e9<\/h2>\n<p>Des rapports de TechCrunch, BikeRadar et Bicycle Retailer and Industry News indiquent que Porsche ferme trois filiales :<\/p>\n<table>\n<thead>\n<tr>\n<th>Filiale<\/th>\n<th>Domaine principal<\/th>\n<th>Sites cl\u00e9s<\/th>\n<\/tr>\n<\/thead>\n<tbody>\n<tr>\n<td>Porsche eBike Performance GmbH<\/td>\n<td>Syst\u00e8mes d'entra\u00eenement pour v\u00e9los \u00e9lectriques<\/td>\n<td>Allemagne et Croatie<\/td>\n<\/tr>\n<tr>\n<td>Cellforce Group GmbH<\/td>\n<td>D\u00e9veloppement de batteries haute performance<\/td>\n<td>Allemagne<\/td>\n<\/tr>\n<tr>\n<td>Cetitec GmbH<\/td>\n<td>Logiciels automobiles<\/td>\n<td>Allemagne<\/td>\n<\/tr>\n<\/tbody>\n<\/table>\n<p>Porsche eBike Performance a \u00e9t\u00e9 cr\u00e9\u00e9 apr\u00e8s que Porsche a acquis Fazua, un sp\u00e9cialiste allemand des syst\u00e8mes d'entra\u00eenement pour v\u00e9los \u00e9lectriques, connu pour ses syst\u00e8mes l\u00e9gers con\u00e7us pour pr\u00e9server une sensation de conduite naturelle.<\/p>\n<p>\u00c0 l'\u00e9poque, l'acquisition semblait \u00eatre un engagement s\u00e9rieux envers la technologie haut de gamme des v\u00e9los \u00e9lectriques. Porsche avait d\u00e9j\u00e0 des produits de v\u00e9los \u00e9lectriques de marque en partenariat avec d'autres fabricants, et Fazua a donn\u00e9 \u00e0 l'entreprise un contr\u00f4le plus profond sur la couche des syst\u00e8mes d'entra\u00eenement.<\/p>\n<p>Ce chapitre se referme maintenant.<\/p>\n<h2>Pourquoi Porsche se retire<\/h2>\n<p>Porsche a d\u00e9crit le march\u00e9 des syst\u00e8mes d'entra\u00eenement pour v\u00e9los \u00e9lectriques comme ayant fondamentalement chang\u00e9. En termes simples, le march\u00e9 qui semblait attrayant pendant le boom des v\u00e9los \u00e9lectriques est devenu plus difficile.<\/p>\n<p>Plusieurs pressions frappent la cat\u00e9gorie en m\u00eame temps :<\/p>\n<ul>\n<li>une demande plus douce dans certaines parties de l'Europe<\/li>\n<li>des stocks \u00e9lev\u00e9s dans toute l'industrie du v\u00e9lo<\/li>\n<li>une concurrence plus rude de la part de marques \u00e0 bas co\u00fbt<\/li>\n<li>une pression sur les produits discr\u00e9tionnaires haut de gamme<\/li>\n<li>un examen plus strict des unit\u00e9s commerciales non essentielles<\/li>\n<\/ul>\n<p>Pour Porsche, la d\u00e9cision s'inscrit \u00e9galement dans une refonte strat\u00e9gique plus large. L'entreprise a revu ses investissements et recentr\u00e9 ses ressources sur des domaines plus proches de son activit\u00e9 automobile principale.<\/p>\n<h2>Qu'advient-il de Fazua<\/h2>\n<p>Fazua est le nom le plus important pour de nombreux cyclistes de v\u00e9los \u00e9lectriques.<\/p>\n<p>Avant que Porsche ne l'acqui\u00e8re, Fazua avait une solide r\u00e9putation dans les syst\u00e8mes l\u00e9gers pour v\u00e9los \u00e9lectriques, en particulier aupr\u00e8s des cyclistes qui voulaient une assistance subtile plut\u00f4t qu'une sensation lourde et puissante. Cela l'a rendu pertinent pour les eMTB l\u00e9gers, les v\u00e9los urbains performants et les marques essayant de garder les v\u00e9los \u00e9lectriques proches de la maniabilit\u00e9 des v\u00e9los traditionnels.<\/p>\n<p>La fermeture soul\u00e8ve des questions pratiques pour les utilisateurs existants de Fazua et les marques de v\u00e9los qui d\u00e9pendaient du syst\u00e8me :<\/p>\n<ul>\n<li>combien de temps le support des pi\u00e8ces et du service continuera<\/li>\n<li>si la marque ou la technologie Fazua sera vendue<\/li>\n<li>comment les clients OEM transitionneront les futurs mod\u00e8les<\/li>\n<li>si des fournisseurs concurrents de syst\u00e8mes d'entra\u00eenement combleront le vide<\/li>\n<\/ul>\n<p>Selon les rapports cit\u00e9s ici, Porsche n'avait pas publiquement d\u00e9taill\u00e9 un avenir \u00e0 long terme pour Fazua en tant que marque ind\u00e9pendante.<\/p>\n<h2>Ce que cela signifie pour l'industrie du v\u00e9lo \u00e9lectrique<\/h2>\n<p>La sortie de Porsche n'est pas un signe que les v\u00e9los \u00e9lectriques disparaissent. C'est un signe que le march\u00e9 m\u00fbrit.<\/p>\n<p>Pendant les ann\u00e9es de boom, de nombreuses entreprises ont trait\u00e9 les v\u00e9los \u00e9lectriques comme une cat\u00e9gorie technologique \u00e0 croissance rapide. Cela a attir\u00e9 des capitaux, des acquisitions et des plans de produits ambitieux. En 2026, l'environnement est plus exigeant. Les marques ont besoin d'\u00e9chelle, de r\u00e9seaux de service, de disponibilit\u00e9 des composants et de discipline tarifaire.<\/p>\n<p>Pour les cyclistes, le principal probl\u00e8me est le support. Toute personne utilisant un v\u00e9lo \u00e9quip\u00e9 de Fazua devrait surveiller les mises \u00e0 jour officielles du service et les conseils sur les pi\u00e8ces de rechange.<\/p>\n<p>Pour les fournisseurs concurrents de syst\u00e8mes d'entra\u00eenement, la fermeture pourrait cr\u00e9er des opportunit\u00e9s. Bosch, Shimano, Brose et d'autres acteurs \u00e9tablis pourraient en b\u00e9n\u00e9ficier si les marques de v\u00e9los d\u00e9cident qu'elles ont besoin d'un support \u00e0 long terme plus pr\u00e9visible.<\/p>\n<p>La le\u00e7on plus large de l'industrie est claire : le positionnement haut de gamme ne suffit pas \u00e0 lui seul. M\u00eame une marque puissante a besoin d'un mod\u00e8le \u00e9conomique durable lorsque les marges mat\u00e9rielles, le risque d'inventaire et les obligations apr\u00e8s-vente sont en jeu.<\/p>\n<h2>Sources d'information<\/h2>\n<ul>\n<li>TechCrunch : <a href=\"https:\/\/techcrunch.com\/2026\/05\/08\/porsche-shutters-e-bike-battery-software-subsidiaries-as-part-of-company-overhaul\/\" target=\"_blank\" rel=\"noopener\">Porsche ferme ses filiales de v\u00e9los \u00e9lectriques, batteries et logiciels dans le cadre d'une refonte de l'entreprise<\/a><\/li>\n<li>BikeRadar : <a href=\"https:\/\/www.bikeradar.com\/news\/porsche-ebike-performance-discontinued\" target=\"_blank\" rel=\"noopener\">Porsche eBike Performance abandonn\u00e9<\/a><\/li>\n<li>Bicycle Retailer and Industry News : <a href=\"https:\/\/www.bicycleretailer.com\/international\/2026\/05\/08\/porsche-closing-its-ebike-performance-group\" target=\"_blank\" rel=\"noopener\">Porsche ferme son groupe eBike Performance<\/a><\/li>\n<\/ul>","protected":false},"excerpt":{"rendered":"<p>Porsche is shutting down Porsche eBike Performance GmbH, along with battery and software subsidiaries, as part of a wider restructuring. The move affects more than 500 employees and marks a sharp reversal from the company&#8217;s 2022 push into high-performance e-bike drive systems through Fazua.<\/p>","protected":false},"author":2,"featured_media":1951,"comment_status":"","ping_status":"","sticky":false,"template":"","format":"standard","meta":{"footnotes":""},"categories":[33],"tags":[],"class_list":["post-1953","post","type-post","status-publish","format-standard","has-post-thumbnail","hentry","category-ebike-news"],"_links":{"self":[{"href":"https:\/\/regencargobikes.com\/fr\/wp-json\/wp\/v2\/posts\/1953","targetHints":{"allow":["GET"]}}],"collection":[{"href":"https:\/\/regencargobikes.com\/fr\/wp-json\/wp\/v2\/posts"}],"about":[{"href":"https:\/\/regencargobikes.com\/fr\/wp-json\/wp\/v2\/types\/post"}],"author":[{"embeddable":true,"href":"https:\/\/regencargobikes.com\/fr\/wp-json\/wp\/v2\/users\/2"}],"replies":[{"embeddable":true,"href":"https:\/\/regencargobikes.com\/fr\/wp-json\/wp\/v2\/comments?post=1953"}],"version-history":[{"count":0,"href":"https:\/\/regencargobikes.com\/fr\/wp-json\/wp\/v2\/posts\/1953\/revisions"}],"wp:featuredmedia":[{"embeddable":true,"href":"https:\/\/regencargobikes.com\/fr\/wp-json\/wp\/v2\/media\/1951"}],"wp:attachment":[{"href":"https:\/\/regencargobikes.com\/fr\/wp-json\/wp\/v2\/media?parent=1953"}],"wp:term":[{"taxonomy":"category","embeddable":true,"href":"https:\/\/regencargobikes.com\/fr\/wp-json\/wp\/v2\/categories?post=1953"},{"taxonomy":"post_tag","embeddable":true,"href":"https:\/\/regencargobikes.com\/fr\/wp-json\/wp\/v2\/tags?post=1953"}],"curies":[{"name":"wp","href":"https:\/\/api.w.org\/{rel}","templated":true}]}}