{"id":1956,"date":"2026-06-05T05:36:11","date_gmt":"2026-06-04T21:36:11","guid":{"rendered":"https:\/\/regencargobikes.com\/rad-power-bikes-life-ev-acquisition\/"},"modified":"2026-06-05T05:36:11","modified_gmt":"2026-06-04T21:36:11","slug":"rad-power-bikes-life-ev-acquisition","status":"publish","type":"post","link":"https:\/\/regencargobikes.com\/fr\/rad-power-bikes-life-ev-acquisition\/","title":{"rendered":"La marque Rad Power Bikes va continuer apr\u00e8s l'acquisition par Life EV"},"content":{"rendered":"<p>Rad Power Bikes continuera sous une nouvelle propri\u00e9t\u00e9 apr\u00e8s l'un des d\u00e9clins les plus spectaculaires du march\u00e9 nord-am\u00e9ricain du v\u00e9lo \u00e9lectrique.<\/p>\n<figure class=\"wp-block-image size-full\"><img decoding=\"async\" src=\"https:\/\/regencargobikes.com\/wp-content\/uploads\/2026\/06\/rad-life-ev-official-banner-original.png\" alt=\"Image de l&#039;annonce officielle d&#039;acquisition de Rad Power Bikes\"\/><figcaption>Source de l'image : annonce officielle de Rad Power Bikes, \" Life EV compl\u00e8te l'acquisition des actifs de Rad Power Bikes. \"<\/figcaption><\/figure>\n<p>Life Electric Vehicles, \u00e9galement connu sous le nom de Life EV, a compl\u00e9t\u00e9 une acquisition approuv\u00e9e par le tribunal des actifs de Rad Power Bikes. L'accord comprend la marque, la propri\u00e9t\u00e9 intellectuelle, les stocks et les actifs op\u00e9rationnels associ\u00e9s.<\/p>\n<p>Le prix annonc\u00e9 \u00e9tait d'environ 13,2 millions USD. Ce chiffre est frappant car Rad Power Bikes \u00e9tait autrefois valoris\u00e9 \u00e0 plus de 1,6 milliard USD pendant le boom du v\u00e9lo \u00e9lectrique.<\/p><div id=\"regen-3136241695\" class=\"regen-test-placement-from-wizard-2878267818 regen-entity-placement\"><script async src=\"https:\/\/pagead2.googlesyndication.com\/pagead\/js\/adsbygoogle.js?client=ca-pub-1076230867169041\"\n     crossorigin=\"anonymous\"><\/script><\/div><div id=\"regen-159549107\" class=\"regen-test-placement-from-wizard-1604397851 regen-entity-placement\"><script async src=\"https:\/\/pagead2.googlesyndication.com\/pagead\/js\/adsbygoogle.js?client=ca-pub-1076230867169041\"\n     crossorigin=\"anonymous\"><\/script><\/div>\n<p>La r\u00e9ponse courte est que Rad ne dispara\u00eet pas, mais ce n'est plus la m\u00eame histoire de startup \u00e0 forte croissance. C'est d\u00e9sormais un cas de redressement.<\/p>\n<h2>Ce qui s'est pass\u00e9<\/h2>\n<p>Rad Power Bikes a d\u00e9pos\u00e9 une demande de protection contre la faillite apr\u00e8s des ann\u00e9es de pression financi\u00e8re. Life EV est sorti comme le soumissionnaire gagnant dans le processus de vente et a maintenant compl\u00e9t\u00e9 l'acquisition.<\/p>\n<p>Selon GeekWire, Bicycle Retailer and Industry News et la propre annonce de Rad, Life EV pr\u00e9voit de maintenir la marque Rad Power Bikes en activit\u00e9.<\/p>\n<p>Le nouveau propri\u00e9taire a d\u00e9clar\u00e9 qu'il maintiendrait les op\u00e9rations de vente au d\u00e9tail aux \u00c9tats-Unis et honorerait certaines obligations envers les clients, y compris les engagements \u00e9ligibles en mati\u00e8re de garantie et de cartes-cadeaux dans le cadre de l'accord d'achat.<\/p>\n<h2>Pourquoi Rad est tomb\u00e9 si bas<\/h2>\n<p>Rad Power Bikes est devenu l'une des marques de v\u00e9los \u00e9lectriques en vente directe au consommateur les plus connues en Am\u00e9rique du Nord en vendant des v\u00e9los \u00e9lectriques urbains et utilitaires pratiques \u00e0 des prix abordables.<\/p>\n<p>Pendant le boom du cyclisme li\u00e9 \u00e0 la pand\u00e9mie, ce mod\u00e8le a extr\u00eamement bien fonctionn\u00e9. La demande a grimp\u00e9, les investisseurs ont inject\u00e9 des capitaux et Rad s'est d\u00e9velopp\u00e9 rapidement.<\/p>\n<p>Mais ce m\u00eame mod\u00e8le de croissance est devenu plus difficile \u00e0 g\u00e9rer lorsque les conditions ont chang\u00e9 :<\/p>\n<ul>\n<li>la demande post-pand\u00e9mique s'est refroidie<\/li>\n<li>les stocks sont devenus plus difficiles \u00e0 \u00e9quilibrer<\/li>\n<li>les tarifs douaniers et les co\u00fbts de la cha\u00eene d'approvisionnement ont comprim\u00e9 les marges<\/li>\n<li>les obligations de garantie et de s\u00e9curit\u00e9 sont devenues plus co\u00fbteuses<\/li>\n<li>le support de service en vente directe au consommateur est devenu plus difficile \u00e0 grande \u00e9chelle<\/li>\n<\/ul>\n<p>Le contraste le plus visible est la valorisation. Rad a lev\u00e9 des centaines de millions de dollars et a atteint une valorisation maximale d'environ 1,65 milliard USD. Le prix final de la vente d'actifs \u00e9tait d'environ 13,2 millions USD.<\/p>\n<h2>Ce que Life EV pr\u00e9voit de faire<\/h2>\n<p>Life EV n'en est pas \u00e0 sa premi\u00e8re acquisition de marque de v\u00e9los \u00e9lectriques. Elle a pr\u00e9c\u00e9demment acquis Serial 1, la marque premium de v\u00e9los \u00e9lectriques initialement lanc\u00e9e par Harley-Davidson.<\/p>\n<p>Pour Rad, Life EV a signal\u00e9 une approche plus ax\u00e9e sur les op\u00e9rations. L'entreprise d\u00e9clare vouloir pr\u00e9server la marque tout en se reconstruisant autour du service, du contr\u00f4le de la cha\u00eene d'approvisionnement et des op\u00e9rations bas\u00e9es aux \u00c9tats-Unis.<\/p>\n<p>Une partie importante de ce plan est l'assemblage national. Life EV et les op\u00e9rations de fabrication associ\u00e9es ont d\u00e9sign\u00e9 le Tennessee comme future base pour les activit\u00e9s d'assemblage aux \u00c9tats-Unis.<\/p>\n<p>Cela pourrait aider \u00e0 r\u00e9duire l'exposition aux tarifs douaniers et donner \u00e0 l'entreprise plus de contr\u00f4le sur la qualit\u00e9, le flux de pi\u00e8ces et le support client.<\/p>\n<h2>Ce que les clients doivent savoir<\/h2>\n<p>Les propri\u00e9taires actuels de Rad Power Bikes ne doivent pas supposer que la marque a disparu. L'entreprise d\u00e9clare que la marque continuera, mais les clients doivent toujours v\u00e9rifier les d\u00e9tails du support applicable \u00e0 leur achat sp\u00e9cifique.<\/p>\n<p>Les points cl\u00e9s sont :<\/p>\n<ul>\n<li>l'activit\u00e9 de vente au d\u00e9tail de Rad devrait se poursuivre<\/li>\n<li>certaines obligations de garantie peuvent \u00eatre honor\u00e9es dans le cadre de l'accord d'achat<\/li>\n<li>les cartes-cadeaux \u00e9ligibles peuvent encore \u00eatre utilisables<\/li>\n<li>la disponibilit\u00e9 des pi\u00e8ces et les politiques de service doivent \u00eatre v\u00e9rifi\u00e9es via les canaux officiels de Rad<\/li>\n<\/ul>\n<p>Pour les clients, la question importante n'est pas seulement de savoir si le nom de la marque survit. C'est de savoir si les pi\u00e8ces, le service et le support de garantie redeviennent pr\u00e9visibles.<\/p>\n<h2>Le\u00e7on pour l'industrie<\/h2>\n<p>L'histoire de Rad est un avertissement sur la croissance du mat\u00e9riel.<\/p>\n<p>Une entreprise de v\u00e9los \u00e9lectriques peut cro\u00eetre rapidement lorsque la demande est forte, mais la survie \u00e0 long terme d\u00e9pend de la discipline des stocks, du contr\u00f4le qualit\u00e9, du service apr\u00e8s-vente et de la gestion de la tr\u00e9sorerie. Ces \u00e9l\u00e9ments sont plus difficiles que l'acquisition de clients et la lev\u00e9e de fonds.<\/p>\n<p>L'acquisition par Life EV donne \u00e0 Rad une voie vers l'avant. Qu'elle devienne un retour durable d\u00e9pend de l'ex\u00e9cution : un meilleur support, un meilleur contr\u00f4le de la cha\u00eene d'approvisionnement et une gamme de produits adapt\u00e9e au march\u00e9 actuel plut\u00f4t qu'au boom pand\u00e9mique.<\/p>\n<h2>Sources d'information<\/h2>\n<ul>\n<li>GeekWire : <a href=\"https:\/\/www.geekwire.com\/2026\/rad-power-bikes-brand-will-live-on-as-life-ev-completes-acquisition-of-seattle-e-bike-makers-assets\/\" target=\"_blank\" rel=\"noopener\">La marque Rad Power Bikes perdurera alors que Life EV compl\u00e8te l'acquisition<\/a><\/li>\n<li>Bicycle Retailer and Industry News : <a href=\"https:\/\/www.bicycleretailer.com\/industry-news\/2026\/03\/06\/rad-power-bikes-sale-life-ev-completed\" target=\"_blank\" rel=\"noopener\">La vente de Rad Power Bikes \u00e0 Life EV est compl\u00e9t\u00e9e<\/a><\/li>\n<li>Rad Power Bikes : <a href=\"https:\/\/www.radpowerbikes.com\/blogs\/the-scenic-route\/life-ev-completes-rad-power-bikes-asset-acquisition\" target=\"_blank\" rel=\"noopener\">Life EV compl\u00e8te l'acquisition des actifs de Rad Power Bikes<\/a><\/li>\n<\/ul>","protected":false},"excerpt":{"rendered":"<p>Life Electric Vehicles has completed its court-approved acquisition of Rad Power Bikes assets, keeping the once-dominant North American e-bike brand alive after bankruptcy. The deal values Rad&#8217;s remaining assets at about USD 13.2 million, far below the company&#8217;s pandemic-era valuation.<\/p>","protected":false},"author":2,"featured_media":1954,"comment_status":"","ping_status":"","sticky":false,"template":"","format":"standard","meta":{"footnotes":""},"categories":[33],"tags":[],"class_list":["post-1956","post","type-post","status-publish","format-standard","has-post-thumbnail","hentry","category-ebike-news"],"_links":{"self":[{"href":"https:\/\/regencargobikes.com\/fr\/wp-json\/wp\/v2\/posts\/1956","targetHints":{"allow":["GET"]}}],"collection":[{"href":"https:\/\/regencargobikes.com\/fr\/wp-json\/wp\/v2\/posts"}],"about":[{"href":"https:\/\/regencargobikes.com\/fr\/wp-json\/wp\/v2\/types\/post"}],"author":[{"embeddable":true,"href":"https:\/\/regencargobikes.com\/fr\/wp-json\/wp\/v2\/users\/2"}],"replies":[{"embeddable":true,"href":"https:\/\/regencargobikes.com\/fr\/wp-json\/wp\/v2\/comments?post=1956"}],"version-history":[{"count":0,"href":"https:\/\/regencargobikes.com\/fr\/wp-json\/wp\/v2\/posts\/1956\/revisions"}],"wp:featuredmedia":[{"embeddable":true,"href":"https:\/\/regencargobikes.com\/fr\/wp-json\/wp\/v2\/media\/1954"}],"wp:attachment":[{"href":"https:\/\/regencargobikes.com\/fr\/wp-json\/wp\/v2\/media?parent=1956"}],"wp:term":[{"taxonomy":"category","embeddable":true,"href":"https:\/\/regencargobikes.com\/fr\/wp-json\/wp\/v2\/categories?post=1956"},{"taxonomy":"post_tag","embeddable":true,"href":"https:\/\/regencargobikes.com\/fr\/wp-json\/wp\/v2\/tags?post=1956"}],"curies":[{"name":"wp","href":"https:\/\/api.w.org\/{rel}","templated":true}]}}