{"id":1077,"date":"2025-05-01T10:29:29","date_gmt":"2025-05-01T02:29:29","guid":{"rendered":"https:\/\/regencargobikes.com\/?p=1077"},"modified":"2025-05-06T11:47:35","modified_gmt":"2025-05-06T03:47:35","slug":"china-cycle-2025-shanghai-china","status":"publish","type":"post","link":"https:\/\/regencargobikes.com\/hu\/china-cycle-2025-shanghai-china\/","title":{"rendered":"China Cycle 2025 Sanghajban, K\u00edn\u00e1ban"},"content":{"rendered":"<p>A 33. K\u00ednai Nemzetk\u00f6zi Ker\u00e9kp\u00e1rv\u00e1s\u00e1r, a China Cycle 2025, 2025. m\u00e1jus 5. \u00e9s 8. k\u00f6z\u00f6tt ker\u00fcl megrendez\u00e9sre a Sanghaji \u00daj Nemzetk\u00f6zi Ki\u00e1ll\u00edt\u00e1si K\u00f6zpontban (SNIEC). A glob\u00e1lis ker\u00e9kp\u00e1ros ipar\u00e1g egyik legnagyobb \u00e9s legbefoly\u00e1sosabb esem\u00e9nyek\u00e9nt ez a ki\u00e1ll\u00edt\u00e1s a vil\u00e1g minden t\u00e1j\u00e1r\u00f3l gy\u0171jti \u00f6ssze a vezet\u0151 gy\u00e1rt\u00f3kat, ipar\u00e1gi vezet\u0151ket \u00e9s innov\u00e1torokat. Ak\u00e1r ker\u00e9kp\u00e1ros rajong\u00f3, ak\u00e1r \u00fczleti szakember, ak\u00e1r gy\u00e1rt\u00f3, a China Cycle 2025 egyed\u00fcl\u00e1ll\u00f3 lehet\u0151s\u00e9get k\u00edn\u00e1l arra, hogy megtapasztalja a ker\u00e9kp\u00e1r- \u00e9s elektromos ker\u00e9kp\u00e1r-\u00e1gazat j\u00f6v\u0151j\u00e9t meghat\u00e1roz\u00f3 leg\u00fajabb term\u00e9keket, technol\u00f3gi\u00e1kat \u00e9s trendeket.<\/p>\n\n\n\n<p>A nagy teljes\u00edtm\u00e9ny\u0171 elektromos ker\u00e9kp\u00e1rokt\u00f3l \u00e9s az innovat\u00edv ker\u00e9kp\u00e1r-diz\u00e1jnokt\u00f3l kezdve a fejlett gy\u00e1rt\u00e1si megold\u00e1sokon \u00e1t a legmodernebb technol\u00f3gi\u00e1kig, az esem\u00e9ny az ipar\u00e1g fejleszt\u00e9seinek teljes spektrum\u00e1t bemutatja. Kihagyhatatlan esem\u00e9ny mindenkinek, aki r\u00e9szt vesz a ker\u00e9kp\u00e1roz\u00e1sban, vagy szenved\u00e9lyesen rajong \u00e9rte.<\/p>\n\n\n\n<hr class=\"wp-block-separator has-alpha-channel-opacity\"\/>\n\n\n\n<h2 class=\"wp-block-heading\"><strong>Esem\u00e9ny r\u00e9szletei<\/strong><\/h2>\n\n\n\n<ul class=\"wp-block-list\">\n<li><strong>D\u00e1tumok<\/strong>2025. m\u00e1jus 5\u20138.<\/li>\n\n\n\n<li><strong>Helysz\u00edn<\/strong>Sanghaji \u00daj Nemzetk\u00f6zi Ki\u00e1ll\u00edt\u00e1si K\u00f6zpont (SNIEC)\n<ul class=\"wp-block-list\">\n<li><strong>C\u00edm<\/strong>2345 Longyang Road, Pudong New District, Sanghaj, K\u00edna<\/li>\n<\/ul>\n<\/li>\n\n\n\n<li><strong>Szervez\u0151<\/strong>K\u00ednai Ker\u00e9kp\u00e1ros Sz\u00f6vets\u00e9g<\/li>\n\n\n\n<li><strong>Ki\u00e1ll\u00edt\u00e1si ter\u00fclet<\/strong>K\u00f6r\u00fclbel\u00fcl 160 000 n\u00e9gyzetm\u00e9ter<\/li>\n\n\n\n<li><strong>V\u00e1rhat\u00f3 ki\u00e1ll\u00edt\u00f3k<\/strong>T\u00f6bb mint 1400<\/li>\n\n\n\n<li><strong>V\u00e1rhat\u00f3 l\u00e1togat\u00f3k<\/strong>K\u00f6r\u00fclbel\u00fcl 120 000<\/li>\n<\/ul>\n\n\n\n<p><strong>L\u00e1togat\u00e1si id\u0151<\/strong><\/p><div class=\"regen-test-placement-from-wizard-1604397851\" id=\"regen-3447343172\"><script async src=\"https:\/\/pagead2.googlesyndication.com\/pagead\/js\/adsbygoogle.js?client=ca-pub-1076230867169041\"\n     crossorigin=\"anonymous\"><\/script><\/div><div class=\"regen-test-placement-from-wizard-2878267818\" id=\"regen-3628512260\"><script async src=\"https:\/\/pagead2.googlesyndication.com\/pagead\/js\/adsbygoogle.js?client=ca-pub-1076230867169041\"\n     crossorigin=\"anonymous\"><\/script><\/div>\n\n\n\n<ul class=\"wp-block-list\">\n<li>M\u00e1jus 5. (h\u00e9tf\u0151) 9:00\u201317:30<\/li>\n\n\n\n<li>M\u00e1jus 6. (kedd) 9:00\u201317:30<\/li>\n\n\n\n<li>M\u00e1jus 7. (szerda) 9:00\u201317:30<\/li>\n\n\n\n<li>M\u00e1jus 8. (cs\u00fct\u00f6rt\u00f6k) 9:00\u201315:00<\/li>\n<\/ul>\n\n\n\n<p><strong>Ki\u00e1ll\u00edt\u00e1si hat\u00f3k\u00f6r<\/strong><\/p>\n\n\n\n<ul class=\"wp-block-list\">\n<li><strong>E1<\/strong> Komplett J\u00e1rm\u0171 M\u00e1rk\u00e1k Csarnoka<\/li>\n\n\n\n<li><strong>E2<\/strong> Ker\u00e9kp\u00e1ralkatr\u00e9sz-csarnok<\/li>\n\n\n\n<li><strong>E3<\/strong> Ker\u00e9kp\u00e1ralkatr\u00e9sz-csarnok<\/li>\n\n\n\n<li><strong>E4<\/strong> Gumiabroncs \u00e9s Ker\u00e9kp\u00e1ralkatr\u00e9sz Csarnok<\/li>\n\n\n\n<li><strong>E5<\/strong> Elektromos Ker\u00e9kp\u00e1r Alkatr\u00e9szek Csarnoka<\/li>\n\n\n\n<li><strong>E6<\/strong> Elektromos Ker\u00e9kp\u00e1rok \u00e9s Alkatr\u00e9sz Csarnok<\/li>\n\n\n\n<li><strong>E7<\/strong> Elektromos Ker\u00e9kp\u00e1rok \u00e9s Alkatr\u00e9sz Csarnok<\/li>\n\n\n\n<li><strong>W1<\/strong> Nemzetk\u00f6zi M\u00e1rkacsarnok<\/li>\n\n\n\n<li><strong>W2<\/strong> Komplett J\u00e1rm\u0171vek \u00e9s Alkatr\u00e9sz Csarnok<\/li>\n\n\n\n<li><strong>W3<\/strong> Gyermekker\u00e9kp\u00e1r-csarnok<\/li>\n\n\n\n<li><strong>W4<\/strong> K\u00fclt\u00e9ri ker\u00e9kp\u00e1ros felszerel\u00e9sek csarnoka<\/li>\n\n\n\n<li><strong>W5<\/strong> Elektromos motorker\u00e9kp\u00e1rok, alkatr\u00e9szek \u00e9s k\u00e9tkerek\u0171 innov\u00e1ci\u00f3s m\u00e1rkacsarnok<\/li>\n<\/ul>\n\n\n\n<figure class=\"wp-block-image size-large\"><img fetchpriority=\"high\" decoding=\"async\" width=\"757\" height=\"1024\" src=\"https:\/\/regencargobikes.com\/wp-content\/uploads\/2025\/05\/image-757x1024.png\" alt=\"\" class=\"wp-image-1154\" srcset=\"https:\/\/regencargobikes.com\/wp-content\/uploads\/2025\/05\/image-757x1024.png 757w, https:\/\/regencargobikes.com\/wp-content\/uploads\/2025\/05\/image-222x300.png 222w, https:\/\/regencargobikes.com\/wp-content\/uploads\/2025\/05\/image-768x1038.png 768w, https:\/\/regencargobikes.com\/wp-content\/uploads\/2025\/05\/image-9x12.png 9w, https:\/\/regencargobikes.com\/wp-content\/uploads\/2025\/05\/image.png 1046w\" sizes=\"(max-width: 757px) 100vw, 757px\" \/><\/figure>\n\n\n\n<iframe \n    src=\"https:\/\/www.google.com\/maps\/embed?pb=!1m18!1m12!1m3!1d3651.9230734066716!2d121.57601811541345!3d31.23000021615968!2m3!1f0!2f0!3f0!3m2!1i1024!2i768!4f13.1!3m3!1m2!1s0x35b269d319b17707%3A0xd1f5c175b5e2a6a6!2sShanghai%20New%20International%20Expo%20Centre%20(SNIEC)!5e0!3m2!1sen!2sus!4v1672270423080!5m2!1sen!2sus\" \n    width=\"600\" \n    height=\"450\" \n    style=\"border:0;\" \n    allowfullscreen=\"\" \n    loading=\"lazy\"><\/iframe>\n\n\n\n<p><strong>Transzferszolg\u00e1ltat\u00e1sok \u00e9s aj\u00e1nlott \u00fatvonal<\/strong><\/p>\n\n\n\n<p>A ki\u00e1ll\u00edt\u00e1si ter\u00fcleten transzferkocsik \u00e1llnak rendelkez\u00e9sre, hogy a l\u00e1togat\u00f3k energi\u00e1t \u00e9s id\u0151t takar\u00edtsanak meg. K\u00e9t f\u0151 \u00fatvonalon k\u00f6zlekednek transzferek:<\/p>\n\n\n\n<ul class=\"wp-block-list\">\n<li><strong>1. \u00fatvonal:<\/strong> W1 \u2192 W3 \u2192 W5<\/li>\n\n\n\n<li><strong>2. \u00fatvonal:<\/strong> E1 \u2192 E3 \u2192 E5 \u2192 E7<\/li>\n<\/ul>\n\n\n\n<p><\/p>\n\n\n\n<h2 class=\"wp-block-heading\"><strong>Hivatalos weboldal \u00e9s regisztr\u00e1ci\u00f3<\/strong><\/h2>\n\n\n\n<ul class=\"wp-block-list\">\n<li><strong>Hivatalos weboldal<\/strong>: <a href=\"http:\/\/www.e-chinacycle.com\/en\" target=\"_blank\" rel=\"noopener\">K\u00ednai ciklus 2025<\/a><\/li>\n\n\n\n<li><strong>L\u00e1togat\u00f3i regisztr\u00e1ci\u00f3<\/strong>: <a href=\"https:\/\/wx-chinacycle.tonggao.info\/EN\/Customer\/Index\" target=\"_blank\" rel=\"noopener\">Regisztr\u00e1ljon itt<\/a><\/li>\n<\/ul>\n\n\n\n<p><\/p>\n\n\n\n<h2 class=\"wp-block-heading\"><strong>Kinek \u00e9rdemes r\u00e9szt vennie a 2025-\u00f6s China Cycle rendezv\u00e9nyen?<\/strong><\/h2>\n\n\n\n<p>Ez az esem\u00e9ny mindenkinek sz\u00f3l, aki a ker\u00e9kp\u00e1riparban tev\u00e9kenykedik, vagy szenved\u00e9lyesen \u00e9rdekl\u0151dik ir\u00e1nta. Az al\u00e1bbiakban felsoroljuk azokat a szem\u00e9lyeket \u00e9s szervezeteket, akik sz\u00e1m\u00e1ra k\u00fcl\u00f6n\u00f6sen \u00e9rt\u00e9kes lesz az esem\u00e9ny:<\/p>\n\n\n\n<h3 class=\"wp-block-heading\"><strong>Ker\u00e9kp\u00e1rgy\u00e1rt\u00f3k \u00e9s besz\u00e1ll\u00edt\u00f3k<\/strong>:<\/h3>\n\n\n\n<p>Ha ker\u00e9kp\u00e1rok, elektromos ker\u00e9kp\u00e1rok vagy kieg\u00e9sz\u00edt\u0151k gy\u00e1rt\u00e1s\u00e1val foglalkozik, ez egy kiv\u00e1l\u00f3 lehet\u0151s\u00e9g \u00faj technol\u00f3gi\u00e1k felfedez\u00e9s\u00e9re, besz\u00e1ll\u00edt\u00f3kkal val\u00f3 tal\u00e1lkoz\u00e1sra \u00e9s a j\u00f6v\u0151beli trendek megismer\u00e9s\u00e9re.<\/p>\n\n\n\n<h3 class=\"wp-block-heading\"><strong>Kiskeresked\u0151k \u00e9s forgalmaz\u00f3k<\/strong>:<\/h3>\n\n\n\n<p>Az esem\u00e9nyen val\u00f3 r\u00e9szv\u00e9tel lehet\u0151s\u00e9get ad arra, hogy k\u00f6zvetlen\u00fcl kapcsolatba l\u00e9pjen a gy\u00e1rt\u00f3kkal, megtekintse a leg\u00fajabb term\u00e9keket, \u00e9s \u00faj term\u00e9keket szerezzen be \u00fczlete vagy online \u00e1ruh\u00e1za sz\u00e1m\u00e1ra.<\/p>\n\n\n\n<h3 class=\"wp-block-heading\"><strong>Elektromos ker\u00e9kp\u00e1r rajong\u00f3k \u00e9s szakemberek<\/strong>:<\/h3>\n\n\n\n<p>Az esem\u00e9nyen k\u00fcl\u00f6n hely lesz az elektromos ker\u00e9kp\u00e1roknak \u00e9s tartoz\u00e9kaiknak. Kihagyhatatlan l\u00e1tnival\u00f3 mindenkinek, aki szeretn\u00e9 felfedezni az e-mobilit\u00e1s leg\u00fajabb fejleszt\u00e9seit.<\/p>\n\n\n\n<h3 class=\"wp-block-heading\"><strong>Tervez\u0151k \u00e9s m\u00e9rn\u00f6k\u00f6k<\/strong>:<\/h3>\n\n\n\n<p>A ker\u00e9kp\u00e1rok \u00e9s a ker\u00e9kp\u00e1roz\u00e1ssal kapcsolatos term\u00e9kek tervez\u00e9s\u00e9ben \u00e9s kivitelez\u00e9s\u00e9ben r\u00e9szt vev\u0151k profit\u00e1lhatnak az innovat\u00edv formatervez\u00e9sb\u0151l \u00e9s alkatr\u00e9szekb\u0151l, amelyek alak\u00edthatj\u00e1k az ipar\u00e1g j\u00f6v\u0151j\u00e9t.<\/p>\n\n\n\n<h3 class=\"wp-block-heading\"><strong>Befektet\u0151k \u00e9s v\u00e1llalkoz\u00f3k<\/strong>:<\/h3>\n\n\n\n<p>Ez az esem\u00e9ny \u00faj \u00fczleti lehet\u0151s\u00e9geket, befektet\u00e9si trendeket \u00e9s a legfrissebb piaci fejlem\u00e9nyeket emel ki. A v\u00e1llalkoz\u00f3k potenci\u00e1lis partnereket tal\u00e1lhatnak \u00e9s egy\u00fcttm\u0171k\u00f6d\u00e9si lehet\u0151s\u00e9geket fedezhetnek fel.<\/p>\n\n\n\n<h3 class=\"wp-block-heading\"><strong>Korm\u00e1nytisztvisel\u0151k \u00e9s ipar\u00e1gi sz\u00f6vets\u00e9gek<\/strong>:<\/h3>\n\n\n\n<p>Ha r\u00e9szt veszel a politikai d\u00f6nt\u00e9shozatalban vagy ker\u00e9kp\u00e1roz\u00e1ssal kapcsolatos szervezeteket k\u00e9pviselsz, ez egy kiv\u00e1l\u00f3 platform a szab\u00e1lyoz\u00e1sok, ipar\u00e1gi szabv\u00e1nyok \u00e9s bev\u00e1lt gyakorlatok megvitat\u00e1s\u00e1ra.<\/p>\n\n\n\n<hr class=\"wp-block-separator has-alpha-channel-opacity\"\/>\n\n\n\n<h2 class=\"wp-block-heading\"><strong>Helysz\u00edninform\u00e1ci\u00f3k<\/strong><\/h2>\n\n\n\n<ul class=\"wp-block-list\">\n<li><strong>Helysz\u00edn neve<\/strong>Sanghaji \u00daj Nemzetk\u00f6zi Ki\u00e1ll\u00edt\u00e1si K\u00f6zpont (SNIEC)<\/li>\n\n\n\n<li><strong>C\u00edm<\/strong>2345 Longyang Road, Pudong New District, Sanghaj, K\u00edna<\/li>\n\n\n\n<li><strong>Weboldal<\/strong>: <a href=\"https:\/\/www.sniec.net\/en\/\" target=\"_blank\" rel=\"noopener\">SNIEC hivatalos oldala<\/a><\/li>\n<\/ul>\n\n\n\n<h2 class=\"wp-block-heading\"><strong>Tov\u00e1bbi forr\u00e1sok<\/strong><\/h2>\n\n\n\n<ul class=\"wp-block-list\">\n<li><strong>Esem\u00e9ny\u00e1ttekint\u00e9s<\/strong>: <a href=\"https:\/\/www.bicycleretailer.com\/calendar\/china-cycle-2025\" target=\"_blank\" rel=\"noopener\">Ker\u00e9kp\u00e1r-kiskeresked\u0151 \u00e9s ipar\u00e1gi h\u00edrek<\/a><\/li>\n\n\n\n<li><strong>Esem\u00e9ny kiemelt esem\u00e9nyei<\/strong>: <a href=\"https:\/\/www.prnewswire.com\/news-releases\/china-cycle-2025-to-propel-industry-evolution-with-new-innovations-in-shanghai-302313970.html\" target=\"_blank\" rel=\"noopener\">PR H\u00edr\u00fcgyn\u00f6ks\u00e9g<\/a><\/li>\n\n\n\n<li><strong>Ki\u00e1ll\u00edt\u00e1s r\u00e9szletei<\/strong>: <a href=\"https:\/\/www.globalexhibition.org\/en\/sub\/exhibition_view.php?cat_no=&amp;idx=9008&amp;offset=\" target=\"_blank\" rel=\"noopener\">Glob\u00e1lis Ki\u00e1ll\u00edt\u00e1s<\/a><\/li>\n<\/ul>\n\n\n\n<hr class=\"wp-block-separator has-alpha-channel-opacity\"\/>\n\n\n\n<h2 class=\"wp-block-heading\"><strong>Tippek a 2025-\u00f6s China Cycle ki\u00e1ll\u00edt\u00e1son val\u00f3 r\u00e9szv\u00e9telhez<\/strong><\/h2>\n\n\n\n<ol start=\"1\" class=\"wp-block-list\">\n<li><strong>Regisztr\u00e1ljon kor\u00e1n<\/strong>:\n<ul class=\"wp-block-list\">\n<li>A hossz\u00fa sorban \u00e1ll\u00e1s elker\u00fcl\u00e9se \u00e9s az esem\u00e9nyre val\u00f3 bejut\u00e1s biztos\u00edt\u00e1sa \u00e9rdek\u00e9ben mindenk\u00e9ppen regisztr\u00e1ljon el\u0151re. Regisztr\u00e1lhat a hivatalos weboldalon kereszt\u00fcl.<\/li>\n<\/ul>\n<\/li>\n\n\n\n<li><strong>Tervezze meg l\u00e1togat\u00e1s\u00e1t<\/strong>:\n<ul class=\"wp-block-list\">\n<li>T\u00f6bb mint 1400 ki\u00e1ll\u00edt\u00f3val \u00e9s hatalmas ki\u00e1ll\u00edt\u00e1si ter\u00fclettel fontos el\u0151re tervezni. Tekintse \u00e1t az esem\u00e9nyt\u00e9rk\u00e9pet \u00e9s a ki\u00e1ll\u00edt\u00f3k list\u00e1j\u00e1t, hogy rangsorolja l\u00e1togat\u00e1sait.<\/li>\n<\/ul>\n<\/li>\n\n\n\n<li><strong>Viseljen k\u00e9nyelmes cip\u0151t<\/strong>:\n<ul class=\"wp-block-list\">\n<li>Sok\u00e1ig fogsz gyalogolni \u00e9s \u00e1llni, ez\u00e9rt mindenk\u00e9ppen viselj k\u00e9nyelmes cip\u0151t, hogy eg\u00e9sz nap energikus maradj.<\/li>\n<\/ul>\n<\/li>\n\n\n\n<li><strong>Hozz magaddal n\u00e9vjegyk\u00e1rty\u00e1kat<\/strong>:\n<ul class=\"wp-block-list\">\n<li>Ha kapcsolat\u00e9p\u00edt\u00e9si vagy \u00fczleti c\u00e9lb\u00f3l veszel r\u00e9szt, ne felejts el n\u00e9vjegyk\u00e1rty\u00e1t hozni. A China Cycle fantasztikus hely a potenci\u00e1lis partnerekkel, \u00fcgyfelekkel \u00e9s besz\u00e1ll\u00edt\u00f3kkal val\u00f3 tal\u00e1lkoz\u00e1sra.<\/li>\n<\/ul>\n<\/li>\n\n\n\n<li><strong>Vegyen r\u00e9szt h\u00e1l\u00f3zat\u00e9p\u00edt\u0151 esem\u00e9nyeken \u00e9s workshopokon<\/strong>:\n<ul class=\"wp-block-list\">\n<li>Figyelj a rendezv\u00e9ny alatti workshopokra, networking esem\u00e9nyekre \u00e9s panelbesz\u00e9lget\u00e9sekre. Ezek nagyszer\u0171 lehet\u0151s\u00e9geket k\u00edn\u00e1lnak az ipar\u00e1gi ismereteid b\u0151v\u00edt\u00e9s\u00e9re \u00e9s a hasonl\u00f3 gondolkod\u00e1s\u00fa szakemberekkel val\u00f3 kapcsolatteremt\u00e9sre.<\/li>\n<\/ul>\n<\/li>\n\n\n\n<li><strong>Maradjon naprak\u00e9sz az ipar\u00e1gi trendekkel kapcsolatban<\/strong>:\n<ul class=\"wp-block-list\">\n<li>A China Cycle a ker\u00e9kp\u00e1ros \u00e9s elektromos ker\u00e9kp\u00e1r ipar\u00e1gak leg\u00fajabb innov\u00e1ci\u00f3inak k\u00f6zpontja. Haszn\u00e1lja ki a lehet\u0151s\u00e9get, hogy megismerje a felt\u00f6rekv\u0151 technol\u00f3gi\u00e1kat \u00e9s trendeket, amelyek hat\u00e1ssal lehetnek v\u00e1llalkoz\u00e1s\u00e1ra.<\/li>\n<\/ul>\n<\/li>\n\n\n\n<li><strong>Sz\u00e1ll\u00e1sterv<\/strong>:\n<ul class=\"wp-block-list\">\n<li>Sanghaj egy nagyv\u00e1ros, ez\u00e9rt aj\u00e1nlott id\u0151ben lefoglalni a sz\u00e1ll\u00e1st. Sok sz\u00e1lloda k\u00fcl\u00f6nleges \u00e1rakat k\u00edn\u00e1l a China Cycle r\u00e9sztvev\u0151inek, ez\u00e9rt \u00e9rdemes a hivatalos weboldalon t\u00e1j\u00e9koz\u00f3dni az aj\u00e1nl\u00e1sokr\u00f3l.<\/li>\n<\/ul>\n<\/li>\n\n\n\n<li><strong>Fedezze fel Sanghajt<\/strong>:\n<ul class=\"wp-block-list\">\n<li>Ha az id\u0151 engedi, ragadja meg a lehet\u0151s\u00e9get, hogy felfedezze Sanghajt. A modernit\u00e1s \u00e9s a hagyom\u00e1ny egyed\u00fcl\u00e1ll\u00f3 kever\u00e9k\u00e9r\u0151l ismert Sanghaj sz\u00e1mos l\u00e1tnival\u00f3t k\u00edn\u00e1l, az ikonikus Bundt\u00f3l a vil\u00e1gh\u00edr\u0171 Sanghaji Toronyig.<\/li>\n<\/ul>\n<\/li>\n<\/ol>\n\n\n\n<h2 class=\"wp-block-heading\"><strong>Hogyan juthat el a helysz\u00ednre<\/strong><\/h2>\n\n\n\n<p><strong>1. Metr\u00f3val<\/strong><\/p>\n\n\n\n<p>Vesz <strong>7-es metr\u00f3vonal<\/strong> \u00e9s sz\u00e1lljon le <strong>Huamu \u00fati \u00e1llom\u00e1s<\/strong>Az \u00e1llom\u00e1s k\u00f6zvetlen hozz\u00e1f\u00e9r\u00e9st biztos\u00edt a ki\u00e1ll\u00edt\u00e1si helysz\u00ednhez (SNIEC).<\/p>\n\n\n\n<p><strong>2. Busszal<\/strong><\/p>\n\n\n\n<p>T\u00f6bb buszj\u00e1rat is meg\u00e1ll a helysz\u00edn k\u00f6zel\u00e9ben, t\u00f6bbek k\u00f6z\u00f6tt:<\/p>\n\n\n\n<p><strong>989 (r\u00f6vid \u00fatvonal)<\/strong>, <strong>Daqiao Line 5<\/strong>, <strong>Daqiao 6-os vonal (r\u00f6vid \u00fatvonal)<\/strong>, <strong>Fangchuan k\u00fcl\u00f6nleges vonal<\/strong>, <strong>Dongchuan k\u00fcl\u00f6nleges vonal<\/strong>, <strong>Huamu 1. vonal<\/strong>, <strong>3-as rep\u00fcl\u0151t\u00e9ri vonal<\/strong>, <strong>6-os rep\u00fcl\u0151t\u00e9ri vonal<\/strong>, <strong>975<\/strong>, <strong>976<\/strong>, \u00e9s m\u00e9g sok m\u00e1s.<\/p>\n\n\n\n<p>Seg\u00edts\u00e9g\u00e9rt h\u00edvja a buszszolg\u00e1lat forr\u00f3dr\u00f3tj\u00e1t: <strong>160881603<\/strong>.<\/p>\n\n\n\n<p><strong>3. Aut\u00f3val<\/strong><\/p>\n\n\n\n<p>A <strong>Sanghaji \u00daj Nemzetk\u00f6zi Ki\u00e1ll\u00edt\u00e1si K\u00f6zpont (SNIEC)<\/strong> keresztez\u0151d\u00e9s\u00e9ben tal\u00e1lhat\u00f3. <strong>Longyang \u00fat<\/strong> \u00e9s <strong>Luoshan \u00fat<\/strong>, z\u00f6kken\u0151mentes megk\u00f6zel\u00edthet\u0151s\u00e9ggel a belv\u00e1rosb\u00f3l a <strong>Nanpu h\u00edd<\/strong> vagy <strong>Yangpu h\u00edd<\/strong>.<\/p>\n\n\n\n<ul class=\"wp-block-list\">\n<li><strong>Parkol\u00f3helyek sz\u00e1ma \u00f6sszesen:<\/strong> 4,603<\/li>\n\n\n\n<li><strong>Parkol\u00e1si d\u00edj:<\/strong> 5 jen \u00f3r\u00e1nk\u00e9nt; napi maximum: 40 jen <em>(Az \u00e1rak a szem\u00e9lyg\u00e9pkocsikra \u00e9s m\u00e1s k\u00f6nny\u0171 j\u00e1rm\u0171vekre vonatkoznak.)<\/em><\/li>\n<\/ul>\n\n\n\n<p><strong>4. Vas\u00fat\u00e1llom\u00e1sokr\u00f3l<\/strong><\/p>\n\n\n\n<ul class=\"wp-block-list\">\n<li><strong>A sanghaji vas\u00fat\u00e1llom\u00e1sr\u00f3l<\/strong>\n<ul class=\"wp-block-list\">\n<li><strong>Taxival:<\/strong> ~16 km, kb. 45 jen<\/li>\n\n\n\n<li><strong>Metr\u00f3val:<\/strong> 1-es vonal \u2192 N\u00e9p tere \u2192 2-es vonal \u2192 Longyang \u00fat \u2192 Gyalog vagy \u00e1tsz\u00e1ll\u00e1s n\u00e9lk\u00fcl a 7-es vonalra \u2192 Huamu \u00fati \u00e1llom\u00e1s (~35 perc)<\/li>\n<\/ul>\n<\/li>\n\n\n\n<li><strong>Sanghaj D\u00e9li P\u00e1lyaudvarr\u00f3l<\/strong>\n<ul class=\"wp-block-list\">\n<li><strong>Taxival:<\/strong> ~20 km, kb. 55 jen<\/li>\n\n\n\n<li><strong>Metr\u00f3val:<\/strong> 1-es vonal \u2192 N\u00e9p tere \u2192 2-es vonal \u2192 Longyang \u00fat \u2192 Gyalog vagy \u00e1tsz\u00e1ll\u00e1s a 7-es vonalra \u2192 Huamu \u00fati \u00e1llom\u00e1s (~45 perc)<\/li>\n<\/ul>\n<\/li>\n\n\n\n<li><strong>A sanghaji Hongqiao vas\u00fat\u00e1llom\u00e1sr\u00f3l<\/strong>\n<ul class=\"wp-block-list\">\n<li><strong>Taxival:<\/strong> ~35 km, kb. 100 jen<\/li>\n\n\n\n<li><strong>Metr\u00f3val:<\/strong> 2-es vonal \u2192 Longyang \u00fat \u2192 Gyalog vagy \u00e1tsz\u00e1ll\u00e1s n\u00e9lk\u00fcl a 7-es vonalra \u2192 Huamu \u00fati \u00e1llom\u00e1s (~50 perc)<\/li>\n<\/ul>\n<\/li>\n<\/ul>\n\n\n\n<hr class=\"wp-block-separator has-alpha-channel-opacity\"\/>","protected":false},"excerpt":{"rendered":"<p>China Cycle 2025, the 33rd China International Bicycle Fair, will be held from May 5 to 8, 2025, at the Shanghai New International Expo Centre (SNIEC). As one of the largest and most influential events in the global cycling industry, this exhibition gathers top manufacturers, industry leaders, and innovators from around the world. Whether you [&hellip;]<\/p>\n","protected":false},"author":2,"featured_media":1123,"comment_status":"open","ping_status":"open","sticky":false,"template":"","format":"standard","meta":{"footnotes":""},"categories":[36],"tags":[45],"class_list":["post-1077","post","type-post","status-publish","format-standard","has-post-thumbnail","hentry","category-event-expo","tag-china-bike-events"],"_links":{"self":[{"href":"https:\/\/regencargobikes.com\/hu\/wp-json\/wp\/v2\/posts\/1077","targetHints":{"allow":["GET"]}}],"collection":[{"href":"https:\/\/regencargobikes.com\/hu\/wp-json\/wp\/v2\/posts"}],"about":[{"href":"https:\/\/regencargobikes.com\/hu\/wp-json\/wp\/v2\/types\/post"}],"author":[{"embeddable":true,"href":"https:\/\/regencargobikes.com\/hu\/wp-json\/wp\/v2\/users\/2"}],"replies":[{"embeddable":true,"href":"https:\/\/regencargobikes.com\/hu\/wp-json\/wp\/v2\/comments?post=1077"}],"version-history":[{"count":3,"href":"https:\/\/regencargobikes.com\/hu\/wp-json\/wp\/v2\/posts\/1077\/revisions"}],"predecessor-version":[{"id":1155,"href":"https:\/\/regencargobikes.com\/hu\/wp-json\/wp\/v2\/posts\/1077\/revisions\/1155"}],"wp:featuredmedia":[{"embeddable":true,"href":"https:\/\/regencargobikes.com\/hu\/wp-json\/wp\/v2\/media\/1123"}],"wp:attachment":[{"href":"https:\/\/regencargobikes.com\/hu\/wp-json\/wp\/v2\/media?parent=1077"}],"wp:term":[{"taxonomy":"category","embeddable":true,"href":"https:\/\/regencargobikes.com\/hu\/wp-json\/wp\/v2\/categories?post=1077"},{"taxonomy":"post_tag","embeddable":true,"href":"https:\/\/regencargobikes.com\/hu\/wp-json\/wp\/v2\/tags?post=1077"}],"curies":[{"name":"wp","href":"https:\/\/api.w.org\/{rel}","templated":true}]}}