{"id":1140,"date":"2025-05-03T17:12:39","date_gmt":"2025-05-03T09:12:39","guid":{"rendered":"https:\/\/regencargobikes.com\/?p=1140"},"modified":"2025-05-03T17:12:41","modified_gmt":"2025-05-03T09:12:41","slug":"taipei-cycle-2025-in-taiwan-china","status":"publish","type":"post","link":"https:\/\/regencargobikes.com\/hu\/taipei-cycle-2025-in-taiwan-china\/","title":{"rendered":"Taipei Cycle 2025 Tajvanon, K\u00edn\u00e1ban"},"content":{"rendered":"<p><br>A <strong><a href=\"https:\/\/www.taipeicycle.com.tw\/en\/news\/014A2B7E23BB4630\/info.html\" target=\"_blank\" rel=\"noopener\">Tajpej Ker\u00e9kp\u00e1rki\u00e1ll\u00edt\u00e1s 2025<\/a><\/strong> a glob\u00e1lis ker\u00e9kp\u00e1ros ipar\u00e1g egyik legfontosabb esem\u00e9nye, amely a ker\u00e9kp\u00e1rok, elektromos ker\u00e9kp\u00e1rok \u00e9s mikromobilit\u00e1si megold\u00e1sok leg\u00fajabb fejleszt\u00e9seit mutatja be. T\u00f6bb mint 980 ki\u00e1ll\u00edt\u00f3val 35 orsz\u00e1gb\u00f3l, ez a szakki\u00e1ll\u00edt\u00e1s egyed\u00fcl\u00e1ll\u00f3 lehet\u0151s\u00e9get k\u00edn\u00e1l a szakembereknek, hogy felfedezz\u00e9k a legmodernebb technol\u00f3gi\u00e1kat, kapcsolatba l\u00e9pjenek az ipar\u00e1g vezet\u0151ivel \u00e9s felfedezz\u00e9k a fenntarthat\u00f3 k\u00f6zleked\u00e9si megold\u00e1sokat. Ak\u00e1r OEM-gy\u00e1rt\u00f3, kiskeresked\u0151, v\u00e1rosrendez\u0151 vagy ker\u00e9kp\u00e1ros rajong\u00f3, a Taipei Cycle 2025 k\u00f6telez\u0151 esem\u00e9ny mindenkinek, akit \u00e9rdekel a ker\u00e9kp\u00e1roz\u00e1s j\u00f6v\u0151je.<\/p>\n\n\n\n<ul class=\"wp-block-list\">\n<li><strong>D\u00e1tumok:<\/strong> 2025. m\u00e1rcius 26\u201329.<\/li>\n\n\n\n<li><strong>Helysz\u00edn:<\/strong> Taipei Nangang Ki\u00e1ll\u00edt\u00e1si K\u00f6zpont (TaiNEX 1 &amp; 2), Tajvan<\/li>\n\n\n\n<li><strong>Szervez\u0151:<\/strong> Tajvani K\u00fclkereskedelmi Fejleszt\u00e9si Tan\u00e1cs (TAITRA)<\/li>\n\n\n\n<li><strong>Ki\u00e1ll\u00edt\u00f3k:<\/strong> K\u00f6r\u00fclbel\u00fcl 950 f\u0151 35 orsz\u00e1gb\u00f3l<\/li>\n\n\n\n<li><strong>Standok:<\/strong> T\u00f6bb mint 3500<\/li>\n\n\n\n<li><strong>T\u00e9m\u00e1k:<\/strong> Okos ker\u00e9kp\u00e1roz\u00e1s, innov\u00e1ci\u00f3s lend\u00fclet, z\u00f6ld el\u0151rel\u00e9p\u00e9s, ker\u00e9kp\u00e1ros \u00f6kosziszt\u00e9ma<\/li>\n\n\n\n<li><strong>Regisztr\u00e1ci\u00f3s link<\/strong>: <a href=\"https:\/\/www.taipeicycle.com.tw\/en\/menu\/3CFE9CE7F418118DD0636733C6861689\/info.html\" target=\"_blank\" rel=\"noopener\">Taipei Cycle 2025 l\u00e1togat\u00f3i el\u0151zetes regisztr\u00e1ci\u00f3<\/a><br><\/li>\n<\/ul>\n\n\n\n<h2 class=\"wp-block-heading\"><strong>Kinek \u00e9rdemes r\u00e9szt vennie?<\/strong><\/h2>\n\n\n\n<p>A Taipei Ker\u00e9kp\u00e1rki\u00e1ll\u00edt\u00e1s ide\u00e1lis a k\u00f6vetkez\u0151k sz\u00e1m\u00e1ra:<\/p>\n\n\n\n<ul class=\"wp-block-list\">\n<li><strong>OEM gy\u00e1rt\u00f3k \u00e9s besz\u00e1ll\u00edt\u00f3k<\/strong>: Fedezzen fel \u00faj alkatr\u00e9szeket \u00e9s technol\u00f3gi\u00e1kat.<\/li>\n\n\n\n<li><strong>Tervez\u0151k \u00e9s m\u00e9rn\u00f6k\u00f6k<\/strong>Fedezzen fel innovat\u00edv megold\u00e1sokat \u00e9s anyagokat.<\/li>\n\n\n\n<li><strong>V\u00e1rostervez\u0151k \u00e9s d\u00f6nt\u00e9shoz\u00f3k<\/strong>Ismerje meg a fenntarthat\u00f3 k\u00f6zleked\u00e9si lehet\u0151s\u00e9geket.<\/li>\n\n\n\n<li><strong>Kiskeresked\u0151k \u00e9s forgalmaz\u00f3k<\/strong>: \u00daj term\u00e9kek \u00e9s besz\u00e1ll\u00edt\u00f3k azonos\u00edt\u00e1sa.<\/li>\n\n\n\n<li><strong>Befektet\u0151k<\/strong>: Keressen felt\u00f6rekv\u0151 startupokat \u00e9s technol\u00f3gi\u00e1kat.<\/li>\n\n\n\n<li><strong>Ker\u00e9kp\u00e1ros rajong\u00f3k<\/strong>Tapasztalja meg a leg\u00fajabb ker\u00e9kp\u00e1ros innov\u00e1ci\u00f3kat.\u00a0<\/li>\n<\/ul>\n\n\n\n<h2 class=\"wp-block-heading\"><strong>Mire sz\u00e1m\u00edthat<\/strong> ezen az E-bike Exp\u00f3n<\/h2>\n\n\n\n<h3 class=\"wp-block-heading\"><strong>Elektromos ker\u00e9kp\u00e1rok \u00e9s meghajt\u00f3egys\u00e9gek<\/strong><\/h3>\n\n\n\n<ul class=\"wp-block-list\">\n<li>Vezet\u0151 m\u00e1rk\u00e1k, mint p\u00e9ld\u00e1ul <strong>\u00d3ri\u00e1s<\/strong>, <strong>M\u00e9rida<\/strong>, <strong>Shimano<\/strong>, \u00e9s <strong>SRAM<\/strong> bemutatj\u00e1k leg\u00fajabb e-bike rendszereiket \u00e9s alkatr\u00e9szeiket.<\/li>\n\n\n\n<li>A <strong>E-Bike \u00e9s Meghajt\u00f3egys\u00e9gek Z\u00f3na<\/strong> \u00e9lvonalbeli technol\u00f3gi\u00e1kat fog alkalmazni az elektromos meghajt\u00e1s \u00e9s az akkumul\u00e1torrendszerek ter\u00e9n.\u00a0<\/li>\n<\/ul>\n\n\n\n<h3 class=\"wp-block-heading\"><strong><a href=\"https:\/\/regencargobikes.com\/hu\/rs01-e-cargo-bike\/\" data-type=\"page\" data-id=\"933\">Teheraut\u00f3k<\/a> &amp; Mikromobilit\u00e1s<\/strong><\/h3>\n\n\n\n<ul class=\"wp-block-list\">\n<li>Egy elk\u00f6telezett <strong>Teherker\u00e9kp\u00e1r \u00e9s Mikromobilit\u00e1si Z\u00f3na<\/strong> kiemeli a v\u00e1rosi k\u00f6zleked\u00e9si megold\u00e1sokat, bele\u00e9rtve a teherbicikliket, az elektromos rollereket \u00e9s m\u00e1s k\u00f6nny\u0171 elektromos j\u00e1rm\u0171veket.\u00a0<\/li>\n<\/ul>\n\n\n\n<h3 class=\"wp-block-heading\"><strong> Innov\u00e1ci\u00f3 \u00e9s startupok<\/strong><\/h3>\n\n\n\n<p>A <strong>d&amp;i D\u00edjak<\/strong> kiemelked\u0151 formaterveket d\u00edjaz k\u00fcl\u00f6nb\u00f6z\u0151 kateg\u00f3ri\u00e1kban, bele\u00e9rtve a fenntarthat\u00f3s\u00e1got \u00e9s az innov\u00e1ci\u00f3t. \u00a0<\/p><div class=\"regen-test-placement-from-wizard-1604397851\" id=\"regen-1098046660\"><script async src=\"https:\/\/pagead2.googlesyndication.com\/pagead\/js\/adsbygoogle.js?client=ca-pub-1076230867169041\"\n     crossorigin=\"anonymous\"><\/script><\/div><div class=\"regen-test-placement-from-wizard-2878267818\" id=\"regen-957734772\"><script async src=\"https:\/\/pagead2.googlesyndication.com\/pagead\/js\/adsbygoogle.js?client=ca-pub-1076230867169041\"\n     crossorigin=\"anonymous\"><\/script><\/div>\n\n\n\n<p>A <strong>Ker\u00e9kp\u00e1ros v\u00edzi\u00f3<\/strong> ter\u00fcleten startupok \u00e9s innovat\u00edv v\u00e1llalatok mutatnak be \u00faj term\u00e9keket \u00e9s koncepci\u00f3kat.<\/p>\n\n\n\n<h2 class=\"wp-block-heading\"><strong>F\u0151bb jellemz\u0151k<\/strong><\/h2>\n\n\n\n<ul class=\"wp-block-list\">\n<li><strong>Ker\u00e9kp\u00e1rbemutat\u00f3 ter\u00fclet<\/strong>Tesztelje a leg\u00fajabb elektromos \u00e9s teherbicikliket.<\/li>\n\n\n\n<li><strong>Z\u00f6ld El\u0151re T\u00fara<\/strong>Fedezze fel a fenntarthat\u00f3s\u00e1g \u00e9s a k\u00f6rnyezetbar\u00e1t gyakorlatok ir\u00e1nt elk\u00f6telezett ki\u00e1ll\u00edt\u00f3kat.<\/li>\n\n\n\n<li><strong>TAIPEI CYCLE F\u00f3rum<\/strong>Vegyen r\u00e9szt olyan t\u00e9m\u00e1kr\u00f3l sz\u00f3l\u00f3 besz\u00e9lget\u00e9seken, mint az okos ker\u00e9kp\u00e1roz\u00e1s, az innov\u00e1ci\u00f3 \u00e9s a mobilit\u00e1s j\u00f6v\u0151je.<\/li>\n<\/ul>\n\n\n\n<h2 class=\"wp-block-heading\"><strong>Tippek l\u00e1togat\u00f3knak<\/strong><\/h2>\n\n\n\n<ul class=\"wp-block-list\">\n<li><strong>El\u0151regisztr\u00e1ci\u00f3<\/strong>Id\u0151megtakar\u00edt\u00e1s \u00e9s a bel\u00e9p\u00e9s biztos\u00edt\u00e1sa \u00e9rdek\u00e9ben regisztr\u00e1ljon el\u0151re online.<\/li>\n\n\n\n<li><strong>Tervezz el\u0151re<\/strong>: Tekintse \u00e1t a ki\u00e1ll\u00edt\u00f3i list\u00e1t \u00e9s az alaprajzot, hogy rangsorolja a legfontosabb standokat.<\/li>\n\n\n\n<li><strong>Viseljen k\u00e9nyelmes cip\u0151t<\/strong>A rendezv\u00e9ny alatt sok gyalogl\u00e1sra lesz sz\u00fcks\u00e9g.<\/li>\n\n\n\n<li><strong>Hozz magaddal n\u00e9vjegyk\u00e1rty\u00e1kat<\/strong>: H\u00e1l\u00f3zat\u00e9p\u00edt\u00e9si lehet\u0151s\u00e9gek el\u0151seg\u00edt\u00e9se.<\/li>\n\n\n\n<li><strong>Maradjon naprak\u00e9sz<\/strong>: T\u00f6ltsd le a hivatalos m\u0171soralkalmaz\u00e1st val\u00f3s idej\u0171 inform\u00e1ci\u00f3k\u00e9rt \u00e9s friss\u00edt\u00e9sek\u00e9rt.\u00a0<\/li>\n<\/ul>\n\n\n\n<h2 class=\"wp-block-heading\"><strong>Utaz\u00e1si tippek<\/strong><\/h2>\n\n\n\n<ul class=\"wp-block-list\">\n<li><strong>Visa<\/strong>: Ellen\u0151rizze Tajvan v\u00edzumk\u00f6vetelm\u00e9nyeit az \u00d6n orsz\u00e1g\u00e1ban.<\/li>\n\n\n\n<li><strong>Sz\u00e1ll\u00e1s<\/strong>A k\u00e9nyelem \u00e9rdek\u00e9ben foglaljon sz\u00e1llod\u00e1t a Taipei Nangang Ki\u00e1ll\u00edt\u00e1si K\u00f6zpont k\u00f6zel\u00e9ben.<\/li>\n\n\n\n<li><strong>Sz\u00e1ll\u00edt\u00e1s<\/strong>: Haszn\u00e1lja Tajpej hat\u00e9kony MRT rendszer\u00e9t a helysz\u00edn el\u00e9r\u00e9s\u00e9hez.<\/li>\n\n\n\n<li><strong>Helyi l\u00e1tnival\u00f3k<\/strong>Fedezze fel Tajpej gazdag kult\u00far\u00e1j\u00e1t, gasztron\u00f3mi\u00e1j\u00e1t \u00e9s nevezetess\u00e9geit tart\u00f3zkod\u00e1sa alatt.<\/li>\n<\/ul>\n\n\n\n<p><br>Tov\u00e1bbi inform\u00e1ci\u00f3k\u00e9rt \u00e9s regisztr\u00e1ci\u00f3hoz l\u00e1togassa meg a <a href=\"https:\/\/www.taipeicycle.com.tw\/en\/index.html\" target=\"_blank\" rel=\"noopener\">A Taipei Cycle Show hivatalos weboldala<\/a>.<\/p>","protected":false},"excerpt":{"rendered":"<p>The Taipei Cycle Show 2025 is one of the most important events for the global cycling industry, showcasing the latest advancements in bicycles, e-bikes, and micro-mobility solutions. With over 980 exhibitors from 35 countries, this trade show offers a unique opportunity for professionals to explore cutting-edge technologies, network with industry leaders, and discover sustainable transportation [&hellip;]<\/p>\n","protected":false},"author":2,"featured_media":1142,"comment_status":"open","ping_status":"open","sticky":false,"template":"","format":"standard","meta":{"footnotes":""},"categories":[36],"tags":[45],"class_list":["post-1140","post","type-post","status-publish","format-standard","has-post-thumbnail","hentry","category-event-expo","tag-china-bike-events"],"_links":{"self":[{"href":"https:\/\/regencargobikes.com\/hu\/wp-json\/wp\/v2\/posts\/1140","targetHints":{"allow":["GET"]}}],"collection":[{"href":"https:\/\/regencargobikes.com\/hu\/wp-json\/wp\/v2\/posts"}],"about":[{"href":"https:\/\/regencargobikes.com\/hu\/wp-json\/wp\/v2\/types\/post"}],"author":[{"embeddable":true,"href":"https:\/\/regencargobikes.com\/hu\/wp-json\/wp\/v2\/users\/2"}],"replies":[{"embeddable":true,"href":"https:\/\/regencargobikes.com\/hu\/wp-json\/wp\/v2\/comments?post=1140"}],"version-history":[{"count":2,"href":"https:\/\/regencargobikes.com\/hu\/wp-json\/wp\/v2\/posts\/1140\/revisions"}],"predecessor-version":[{"id":1144,"href":"https:\/\/regencargobikes.com\/hu\/wp-json\/wp\/v2\/posts\/1140\/revisions\/1144"}],"wp:featuredmedia":[{"embeddable":true,"href":"https:\/\/regencargobikes.com\/hu\/wp-json\/wp\/v2\/media\/1142"}],"wp:attachment":[{"href":"https:\/\/regencargobikes.com\/hu\/wp-json\/wp\/v2\/media?parent=1140"}],"wp:term":[{"taxonomy":"category","embeddable":true,"href":"https:\/\/regencargobikes.com\/hu\/wp-json\/wp\/v2\/categories?post=1140"},{"taxonomy":"post_tag","embeddable":true,"href":"https:\/\/regencargobikes.com\/hu\/wp-json\/wp\/v2\/tags?post=1140"}],"curies":[{"name":"wp","href":"https:\/\/api.w.org\/{rel}","templated":true}]}}