{"id":1145,"date":"2025-05-03T17:19:43","date_gmt":"2025-05-03T09:19:43","guid":{"rendered":"https:\/\/regencargobikes.com\/?p=1145"},"modified":"2025-05-07T21:31:08","modified_gmt":"2025-05-07T13:31:08","slug":"2025-austin-cargo-bike-festival","status":"publish","type":"post","link":"https:\/\/regencargobikes.com\/hu\/2025-austin-cargo-bike-festival\/","title":{"rendered":"2025-\u00f6s Austini Tehermotor Fesztiv\u00e1l"},"content":{"rendered":"<p>A <strong>2025-\u00f6s Austini Tehermotor Fesztiv\u00e1l<\/strong> lehet\u0151s\u00e9get k\u00edn\u00e1l arra, hogy els\u0151 k\u00e9zb\u0151l tapasztaljuk meg a teherker\u00e9kp\u00e1rok \u00e9s a k\u00f6nny\u0171 k\u00f6zleked\u00e9si megold\u00e1sok gyakorlati el\u0151nyeit v\u00e1rosi k\u00f6rnyezetben. Helysz\u00edn: <strong>2025. m\u00e1jus 3., szombat<\/strong>, -t\u00f3l\/-t\u0151l <strong>11:00-15:00<\/strong> a <strong>900 Springdale Road, Austin, TX<\/strong>Ez az esem\u00e9ny ingyenes a nagyk\u00f6z\u00f6ns\u00e9g sz\u00e1m\u00e1ra, \u00e9s a teherker\u00e9kp\u00e1rok, valamint a v\u00e1rosi \u00e9lethez kapcsol\u00f3d\u00f3 mikromobilit\u00e1si megold\u00e1sok val\u00f3s alkalmaz\u00e1saira \u00f6sszpontos\u00edt.<\/p>\n\n\n\n<h2 class=\"wp-block-heading\"><strong>&nbsp;Esem\u00e9ny r\u00e9szletei<\/strong><\/h2>\n\n\n\n<ul class=\"wp-block-list\">\n<li><strong>D\u00e1tum \u00e9s id\u0151<\/strong>2025. m\u00e1jus 3., szombat | 11:00 \u2013 15:00<\/li>\n\n\n\n<li><strong>Elhelyezked\u00e9s<\/strong>900 Springdale Road, Austin, TX 78702<\/li>\n\n\n\n<li><strong>Bel\u00e9p\u00e9s<\/strong>Ingyenes<\/li>\n\n\n\n<li><strong>Szervez\u0151<\/strong>: <a href=\"https:\/\/www.biketexas.org\/uncategorized\/2025-austin-cargo-bike-festival\/\" target=\"_blank\" rel=\"noopener\">BikeTexas<\/a><\/li>\n<\/ul>\n\n\n\n<figure class=\"wp-block-image size-full\"><img fetchpriority=\"high\" decoding=\"async\" width=\"600\" height=\"400\" src=\"https:\/\/regencargobikes.com\/wp-content\/uploads\/2025\/05\/Fun-at-ACBF-1.jpg\" alt=\"\" class=\"wp-image-1146\" srcset=\"https:\/\/regencargobikes.com\/wp-content\/uploads\/2025\/05\/Fun-at-ACBF-1.jpg 600w, https:\/\/regencargobikes.com\/wp-content\/uploads\/2025\/05\/Fun-at-ACBF-1-300x200.jpg 300w, https:\/\/regencargobikes.com\/wp-content\/uploads\/2025\/05\/Fun-at-ACBF-1-18x12.jpg 18w\" sizes=\"(max-width: 600px) 100vw, 600px\" \/><\/figure>\n\n\n\n<h2 class=\"wp-block-heading\"><strong>Mire sz\u00e1m\u00edthat<\/strong><\/h2>\n\n\n\n<ul class=\"wp-block-list\">\n<li><strong>Tesztt\u00far\u00e1k<\/strong>A r\u00e9sztvev\u0151knek lehet\u0151s\u00e9g\u00fck lesz kipr\u00f3b\u00e1lni k\u00fcl\u00f6nf\u00e9le teherbicikliket \u00e9s mikromobilit\u00e1si j\u00e1rm\u0171veket val\u00f3s k\u00f6r\u00fclm\u00e9nyek k\u00f6z\u00f6tt.<\/li>\n\n\n\n<li><strong>Feld\u00edsz\u00edtett teherbicikli-felvonul\u00e1s<\/strong>A r\u00e9sztvev\u0151k csatlakozhatnak a felvonul\u00e1shoz, hogy bemutass\u00e1k kreat\u00edvan testreszabott teherbiciklijeiket.<\/li>\n\n\n\n<li><strong>Helyi \u00e9telek \u00e9s sz\u00f3rakoz\u00e1s<\/strong>A fesztiv\u00e1lon helyi \u00e1rusok \u00e9telei \u00e9s sz\u00f3rakoztat\u00f3 programok v\u00e1rj\u00e1k a r\u00e9sztvev\u0151ket minden koroszt\u00e1ly sz\u00e1m\u00e1ra.<\/li>\n\n\n\n<li><strong>K\u00f6z\u00f6ss\u00e9gi szerepv\u00e1llal\u00e1s<\/strong>A rendezv\u00e9ny lehet\u0151s\u00e9get ad arra, hogy kapcsolatba l\u00e9pjenek a helyi lakosokkal \u00e9s v\u00e1llalkoz\u00e1sokkal, akik teherbicikliket haszn\u00e1lnak sz\u00e1ll\u00edt\u00e1si ig\u00e9nyeik kiel\u00e9g\u00edt\u00e9s\u00e9re.<\/li>\n<\/ul>\n\n\n\n<h2 class=\"wp-block-heading\"><strong>Kinek \u00e9rdemes r\u00e9szt vennie?<\/strong><\/h2>\n\n\n\n<ul class=\"wp-block-list\">\n<li><strong>Ker\u00e9kp\u00e1ros rajong\u00f3k<\/strong>Ez az esem\u00e9ny ide\u00e1lis azok sz\u00e1m\u00e1ra, akik t\u00f6bbet szeretn\u00e9nek megtudni a teherbiciklik haszn\u00e1lat\u00e1r\u00f3l \u00e9s el\u0151nyeir\u0151l.<\/li>\n\n\n\n<li><strong>Csal\u00e1dok<\/strong>A fesztiv\u00e1l minden koroszt\u00e1ly sz\u00e1m\u00e1ra sz\u00f3rakoztat\u00f3 \u00e9s tanuls\u00e1gos programokat k\u00edn\u00e1l.<\/li>\n\n\n\n<li><strong>V\u00e1rostervez\u0151k \u00e9s d\u00f6nt\u00e9shoz\u00f3k<\/strong>Az esem\u00e9ny betekint\u00e9st ny\u00fajt abba, hogyan seg\u00edthetnek a teherker\u00e9kp\u00e1rok a forgalmi torl\u00f3d\u00e1sok cs\u00f6kkent\u00e9s\u00e9ben \u00e9s a v\u00e1rosi mobilit\u00e1s jav\u00edt\u00e1s\u00e1ban.<\/li>\n\n\n\n<li><strong>Helyi v\u00e1llalkoz\u00e1sok<\/strong>A v\u00e1llalkoz\u00e1sok felfedezhetik, hogyan integr\u00e1lhat\u00f3k a teherbiciklik a m\u0171k\u00f6d\u00e9s\u00fckbe a sz\u00e1ll\u00edt\u00e1sok \u00e9s egy\u00e9b logisztikai ig\u00e9nyek kiel\u00e9g\u00edt\u00e9se \u00e9rdek\u00e9ben.<\/li>\n<\/ul>\n\n\n\n<h2 class=\"wp-block-heading\"><strong>Tippek l\u00e1togat\u00f3knak<\/strong><\/h2>\n\n\n\n<ul class=\"wp-block-list\">\n<li><strong>\u00c9rkez\u00e9s kor\u00e1n<\/strong>A rendezv\u00e9nyen elt\u00f6lt\u00f6tt id\u0151 maxim\u00e1lis kihaszn\u00e1l\u00e1sa \u00e9rdek\u00e9ben \u00e9rdemes kor\u00e1n \u00e9rkezni, hogy kipr\u00f3b\u00e1lhasd a teherbicikliket.<\/li>\n\n\n\n<li><strong>Hozd el a csal\u00e1dodat \u00e9s a bar\u00e1taidat<\/strong>Ez egy csal\u00e1di program, remek lehet\u0151s\u00e9g a k\u00f6z\u00f6s tanul\u00e1sra \u00e9s sz\u00f3rakoz\u00e1sra.<\/li>\n\n\n\n<li><strong>\u00d6lt\u00f6zz\u00f6n k\u00e9nyelmesen<\/strong>Mivel a rendezv\u00e9ny szabadt\u00e9ri, k\u00e9rj\u00fck, viseljen k\u00e9nyelmes ruh\u00e1zatot \u00e9s l\u00e1bbelit, amely alkalmas a s\u00e9t\u00e1l\u00e1shoz \u00e9s a tev\u00e9kenys\u00e9gekben val\u00f3 r\u00e9szv\u00e9telhez.<\/li>\n\n\n\n<li><strong>Kapcsolatfelv\u00e9tel a ki\u00e1ll\u00edt\u00f3kkal<\/strong>Sz\u00e1njon id\u0151t arra, hogy besz\u00e9ljen a ki\u00e1ll\u00edt\u00f3kkal, \u00e9s megtudja, hogyan haszn\u00e1lhat\u00f3k a teherker\u00e9kp\u00e1rok a saj\u00e1t \u00e9let\u00e9ben vagy v\u00e1llalkoz\u00e1s\u00e1ban k\u00fcl\u00f6nf\u00e9le gyakorlati alkalmaz\u00e1sokban.<\/li>\n<\/ul>","protected":false},"excerpt":{"rendered":"<p>The 2025 Austin Cargo Bike Festival offers a chance to experience firsthand the practical advantages of cargo bikes and light transport solutions in urban settings. Taking place on Saturday, May 3, 2025, from 11 AM to 3 PM at 900 Springdale Road, Austin, TX, this event is free to the public and focuses on real-world [&hellip;]<\/p>\n","protected":false},"author":2,"featured_media":1147,"comment_status":"open","ping_status":"open","sticky":false,"template":"","format":"standard","meta":{"footnotes":""},"categories":[36],"tags":[],"class_list":["post-1145","post","type-post","status-publish","format-standard","has-post-thumbnail","hentry","category-event-expo"],"_links":{"self":[{"href":"https:\/\/regencargobikes.com\/hu\/wp-json\/wp\/v2\/posts\/1145","targetHints":{"allow":["GET"]}}],"collection":[{"href":"https:\/\/regencargobikes.com\/hu\/wp-json\/wp\/v2\/posts"}],"about":[{"href":"https:\/\/regencargobikes.com\/hu\/wp-json\/wp\/v2\/types\/post"}],"author":[{"embeddable":true,"href":"https:\/\/regencargobikes.com\/hu\/wp-json\/wp\/v2\/users\/2"}],"replies":[{"embeddable":true,"href":"https:\/\/regencargobikes.com\/hu\/wp-json\/wp\/v2\/comments?post=1145"}],"version-history":[{"count":1,"href":"https:\/\/regencargobikes.com\/hu\/wp-json\/wp\/v2\/posts\/1145\/revisions"}],"predecessor-version":[{"id":1148,"href":"https:\/\/regencargobikes.com\/hu\/wp-json\/wp\/v2\/posts\/1145\/revisions\/1148"}],"wp:featuredmedia":[{"embeddable":true,"href":"https:\/\/regencargobikes.com\/hu\/wp-json\/wp\/v2\/media\/1147"}],"wp:attachment":[{"href":"https:\/\/regencargobikes.com\/hu\/wp-json\/wp\/v2\/media?parent=1145"}],"wp:term":[{"taxonomy":"category","embeddable":true,"href":"https:\/\/regencargobikes.com\/hu\/wp-json\/wp\/v2\/categories?post=1145"},{"taxonomy":"post_tag","embeddable":true,"href":"https:\/\/regencargobikes.com\/hu\/wp-json\/wp\/v2\/tags?post=1145"}],"curies":[{"name":"wp","href":"https:\/\/api.w.org\/{rel}","templated":true}]}}