{"id":1310,"date":"2025-05-13T03:58:04","date_gmt":"2025-05-12T19:58:04","guid":{"rendered":"https:\/\/regencargobikes.com\/?p=1310"},"modified":"2025-05-13T04:11:11","modified_gmt":"2025-05-12T20:11:11","slug":"electric-cargo-bike-motor-power-system-faq","status":"publish","type":"post","link":"https:\/\/regencargobikes.com\/hu\/electric-cargo-bike-motor-power-system-faq\/","title":{"rendered":"GYIK az elektromos teherker\u00e9kp\u00e1r motorrendszer\u00e9r\u0151l \u00e9s teljes\u00edtm\u00e9ny\u00e9r\u0151l"},"content":{"rendered":"<p>\u00dcdv\u00f6z\u00f6lj\u00fck az Regen \u00e1tfog\u00f3 \u00fatmutat\u00f3j\u00e1ban a k\u00f6vetkez\u0151 t\u00e9m\u00e1kban <a href=\"https:\/\/regencargobikes.com\/hu\/what-is-a-cargo-bike\/\" data-type=\"post\" data-id=\"1179\">elektromos teherbicikli<\/a> energiarendszerek. A leggyakoribb k\u00e9rd\u00e9seket kateg\u00f3ri\u00e1kba rendezt\u00fck - motort\u00edpusok, teljes\u00edtm\u00e9ny \u00e9s teljes\u00edtm\u00e9ny, akkumul\u00e1tor \u00e9s hat\u00f3t\u00e1vols\u00e1g, terhel\u00e9skezel\u00e9s, val\u00f3s felhaszn\u00e1l\u00e1si esetek \u00e9s alapvet\u0151 probl\u00e9m\u00e1k -, amelyeket b\u0151v\u00edtett, m\u00e9lyrehat\u00f3 t\u00e9m\u00e1k k\u00f6vetnek. <\/p>\n\n\n\n<div class=\"wp-block-rank-math-toc-block\" id=\"rank-math-toc\"><h2>Tartalomjegyz\u00e9k<\/h2><nav><ul><li><a href=\"#motor-types\">Elektromos Cargo Bike motor<\/a><ul><li><a href=\"#1-what-motor-is-best-for-a-cargo-bike\">1. Milyen motor a legjobb egy teherbiciklihez?<\/a><\/li><li><a href=\"#2-mid-drive-vs-hub-motor-for-cargo-bike\">2. K\u00f6zepes meghajt\u00e1s\u00fa vs hub motor teher ker\u00e9kp\u00e1rhoz<\/a><\/li><li><a href=\"#18-is-a-mid-drive-motor-better-for-heavy-loads-and-hills\">3. A k\u00f6z\u00e9phajt\u00e1s\u00fa motor jobb neh\u00e9z terhel\u00e9sekhez \u00e9s dombokra?<\/a><\/li><li><a href=\"#19-is-a-hub-motor-better-for-everyday-urban-riding\">4. Jobb-e egy ker\u00e9kagymotor a mindennapi v\u00e1rosi motoroz\u00e1shoz?<\/a><\/li><li><a href=\"#26-which-motor-brands-are-most-reliable-e-g-bosch-bafang-shimano\">5. Melyik motorm\u00e1rka a legmegb\u00edzhat\u00f3bb (pl. Bosch, Bafang, Shimano)?<\/a><\/li><\/ul><\/li><li><a href=\"#power-performance\">Teljes\u00edtm\u00e9ny \u00e9s teljes\u00edtm\u00e9ny<\/a><ul><li><a href=\"#3-how-much-power-do-i-need-for-an-electric-cargo-bike\">6. Mekkora teljes\u00edtm\u00e9nyre van sz\u00fcks\u00e9gem egy elektromos teherbring\u00e1hoz?<\/a><\/li><li><a href=\"#4-is-250-w-enough-for-a-cargo-bike\">4. El\u00e9g 250W egy teherbiciklihez?<\/a><\/li><li><a href=\"#5-how-powerful-should-a-cargo-e-bike-be\">5. Milyen teljes\u00edtm\u00e9ny\u0171 legyen egy tehersz\u00e1ll\u00edt\u00f3 e-bike?<\/a><\/li><li><a href=\"#6-best-motor-for-climbing-hills-with-a-cargo-bike\">6. Befoly\u00e1solja-e a motor a teherbringa sebess\u00e9g\u00e9t?\n<\/a><\/li><li><a href=\"#16-is-a-250-w-motor-enough-for-starting-and-climbing\">7. El\u00e9g egy 250W-os motor az indul\u00e1shoz \u00e9s a m\u00e1sz\u00e1shoz?<\/a><\/li><li><a href=\"#17-when-should-i-consider-upgrading-to-a-500-w-or-750-w-system\">8. Mikor \u00e9rdemes 500 vagy 750 W-os rendszerre friss\u00edteni?<\/a><\/li><\/ul><\/li><li><a href=\"#battery-range\">Akkumul\u00e1tor \u00e9s hat\u00f3t\u00e1vols\u00e1g<\/a><ul><li><a href=\"#7-how-far-can-an-electric-cargo-bike-go\">9. Milyen messzire mehet egy elektromos teherbicikli?<\/a><\/li><li><a href=\"#8-what-is-the-battery-range-of-a-cargo-e-bike\">10. Mekkora az akkumul\u00e1tor hat\u00f3t\u00e1vols\u00e1ga egy teher e-bike eset\u00e9ben?<\/a><\/li><li><a href=\"#9-how-long-does-it-take-to-charge-a-cargo-bike-battery\">11. Mennyi ideig tart egy teherbicikli akkumul\u00e1tor\u00e1nak felt\u00f6lt\u00e9se?<\/a><\/li><li><a href=\"#22-what-is-the-range-of-a-cargo-bike-when-fully-loaded\">12. Mekkora a hat\u00f3t\u00e1vols\u00e1ga egy teherbiciklinek, ha teljesen meg van terhelve?<\/a><\/li><li><a href=\"#23-how-does-battery-size-wh-affect-real-world-usage\">13. Hogyan befoly\u00e1solja az akkumul\u00e1tor m\u00e9rete (Wh) a val\u00f3s haszn\u00e1latot?<\/a><\/li><\/ul><\/li><li><a href=\"#load-handling\">Terhel\u00e9s kezel\u00e9se<\/a><ul><li><a href=\"#10-can-electric-cargo-bikes-carry-heavy-loads\">14. Az elektromos teherbiciklik k\u00e9pesek neh\u00e9z terheket sz\u00e1ll\u00edtani?<\/a><\/li><li><a href=\"#11-whats-the-maximum-weight-a-cargo-e-bike-can-carry-with-power-support\">15. Mekkora a maxim\u00e1lis s\u00faly, amit egy teher e-bike el tud vinni elektromos t\u00e1mogat\u00e1ssal?<\/a><\/li><li><a href=\"#12-how-does-load-affect-cargo-bike-performance\">16. Hogyan befoly\u00e1solja a terhel\u00e9s a teherbicikli teljes\u00edtm\u00e9ny\u00e9t?<\/a><\/li><li><a href=\"#20-does-heavy-load-cause-faster-motor-wear\">17. A nagy terhel\u00e9s gyorsabb motorkop\u00e1st okoz?<\/a><\/li><li><a href=\"#21-does-maximum-load-affect-range-and-safety\">18. Befoly\u00e1solja-e a maxim\u00e1lis terhel\u00e9s a hat\u00f3t\u00e1vols\u00e1got \u00e9s a biztons\u00e1got?<\/a><\/li><\/ul><\/li><li><a href=\"#real-world-use-cases\">Val\u00f3s vil\u00e1gbeli felhaszn\u00e1l\u00e1si esetek<\/a><ul><li><a href=\"#13-best-e-cargo-bike-for-hilly-areas\">19. A legjobb e-cargo ker\u00e9kp\u00e1r dombos ter\u00fcletekre<\/a><\/li><li><a href=\"#14-electric-cargo-bike-for-child-transport-is-the-power-enough\">20. Elektromos teherbicikli gyermeksz\u00e1ll\u00edt\u00e1sra - el\u00e9g az er\u0151?<\/a><\/li><li><a href=\"#15-how-well-do-cargo-e-bikes-perform-in-bad-weather-or-wind\">21. Mennyire j\u00f3l teljes\u00edtenek a teherb\u00edr\u00e1s\u00fa e-bike-ok rossz id\u0151j\u00e1r\u00e1s vagy sz\u00e9l eset\u00e9n?<\/a><\/li><\/ul><\/li><li><a href=\"#core-concerns\">Alapvet\u0151 aggodalmak<\/a><ul><li><a href=\"#24-are-electric-drive-systems-expensive-to-maintain\">22. Dr\u00e1ga az elektromos hajt\u00e1srendszerek karbantart\u00e1sa?<\/a><\/li><li><a href=\"#25-are-motors-controllers-and-batteries-easy-to-replace-or-repair\">23. A motorok, vez\u00e9rl\u0151k \u00e9s akkumul\u00e1torok k\u00f6nnyen cser\u00e9lhet\u0151k vagy jav\u00edthat\u00f3k?<\/a><\/li><\/ul><\/li><li><a href=\"#extended-topics\">B\u0151v\u00edtett t\u00e9m\u00e1k<\/a><ul><li><a href=\"#hub-motor-vs-mid-drive-full-comparison-for-cargo-bikes\">Hubmotor vs. k\u00f6z\u00e9phajt\u00e1s: Teljes \u00f6sszehasonl\u00edt\u00e1s a teherforgalmi ker\u00e9kp\u00e1rok sz\u00e1m\u00e1ra<\/a><\/li><li><a href=\"#how-to-choose-the-right-motor-power-for-your-terrain\">Hogyan v\u00e1lasszuk ki a megfelel\u0151 motorteljes\u00edtm\u00e9nyt az \u00d6n terepviszonyaihoz?<\/a><\/li><li><a href=\"#explaining-the-link-between-battery-capacity-load-and-range\">Az akkumul\u00e1tor kapacit\u00e1sa, terhelhet\u0151s\u00e9ge \u00e9s hat\u00f3t\u00e1vols\u00e1ga k\u00f6z\u00f6tti kapcsolat magyar\u00e1zata<\/a><\/li><\/ul><\/li><\/ul><\/nav><\/div>\n\n\n\n<h2 class=\"wp-block-heading\" id=\"motor-types\">Elektromos teherbicikli <strong>Motor<\/strong><\/h2>\n\n\n\n<figure class=\"wp-block-image size-full\"><img fetchpriority=\"high\" decoding=\"async\" width=\"560\" height=\"500\" src=\"https:\/\/regencargobikes.com\/wp-content\/uploads\/2025\/05\/WechatIMG943.jpg\" alt=\"A ker\u00e9kp\u00e1r ped\u00e1ljai mell\u00e9 szerelt k\u00f6z\u00e9phajt\u00e1s\u00fa motor (Bosch Active Line). Az ilyen k\u00f6z\u00e9phajt\u00e1s\u00fa egys\u00e9gek n\u00e9pszer\u0171ek a tehersz\u00e1ll\u00edt\u00f3 e-bring\u00e1kon a kiegyens\u00falyozott s\u00falyeloszt\u00e1s \u00e9s a hat\u00e9kony energiafelhaszn\u00e1l\u00e1s miatt.\" class=\"wp-image-1314\" srcset=\"https:\/\/regencargobikes.com\/wp-content\/uploads\/2025\/05\/WechatIMG943.jpg 560w, https:\/\/regencargobikes.com\/wp-content\/uploads\/2025\/05\/WechatIMG943-300x268.jpg 300w, https:\/\/regencargobikes.com\/wp-content\/uploads\/2025\/05\/WechatIMG943-13x12.jpg 13w\" sizes=\"(max-width: 560px) 100vw, 560px\" \/><\/figure>\n\n\n\n<p><em>\u00c1bra: A ker\u00e9kp\u00e1r ped\u00e1ljai mell\u00e9 szerelt k\u00f6z\u00e9phajt\u00e1s\u00fa motor (Bosch Active Line). Az ehhez hasonl\u00f3 k\u00f6z\u00e9phajt\u00e1s\u00fa egys\u00e9gek a tehersz\u00e1ll\u00edt\u00f3 e-bike-okn\u00e1l n\u00e9pszer\u0171ek a kiegyens\u00falyozott s\u00falyeloszt\u00e1s \u00e9s a hat\u00e9kony energiafelhaszn\u00e1l\u00e1s miatt.<\/em><\/p>\n\n\n\n<h3 class=\"wp-block-heading\" id=\"1-what-motor-is-best-for-a-cargo-bike\"><strong>1. Milyen motor a legjobb egy teherbiciklihez?<\/strong><\/h3>\n\n\n\n<p>Az Regen-n\u00e9l szerzett tapasztalataim szerint a \"legjobb\" motor egy teherbiciklihez att\u00f3l f\u00fcgg, hogyan fogja haszn\u00e1lni a ker\u00e9kp\u00e1rt. \u00c1ltal\u00e1ban k\u00e9t f\u0151 motort\u00edpus l\u00e9tezik: <strong>k\u00f6z\u00e9phajt\u00e1s\u00fa motorok<\/strong> (a ped\u00e1lokn\u00e1l\/kurblikn\u00e1l tal\u00e1lhat\u00f3) \u00e9s <strong>agymotorok<\/strong> (az egyik ker\u00e9kben tal\u00e1lhat\u00f3). <\/p><div class=\"regen-test-placement-from-wizard-1604397851\" id=\"regen-1251588189\"><script async src=\"https:\/\/pagead2.googlesyndication.com\/pagead\/js\/adsbygoogle.js?client=ca-pub-1076230867169041\"\n     crossorigin=\"anonymous\"><\/script><\/div><div class=\"regen-test-placement-from-wizard-2878267818\" id=\"regen-3582184207\"><script async src=\"https:\/\/pagead2.googlesyndication.com\/pagead\/js\/adsbygoogle.js?client=ca-pub-1076230867169041\"\n     crossorigin=\"anonymous\"><\/script><\/div>\n\n\n\n<p>Neh\u00e9z rakom\u00e1nyok vagy dombos ter\u00fcletek eset\u00e9n a k\u00f6vetkez\u0151ket tal\u00e1ljuk <a href=\"https:\/\/regencargobikes.com\/hu\/what-is-a-mid-drive-motor-definition-types\/\" data-type=\"post\" data-id=\"248\">k\u00f6z\u00e9phajt\u00e1s\u00fa motorok<\/a> ide\u00e1lisak, mert a ker\u00e9kp\u00e1r fogaskerekeit kihaszn\u00e1lva megsokszorozz\u00e1k a nyomat\u00e9kot. Egy min\u0151s\u00e9gi k\u00f6z\u00e9phajt\u00e1s (mint p\u00e9ld\u00e1ul a Bosch Cargo Line vagy a Shimano STEPS) nagyon term\u00e9szetesnek \u00e9s er\u0151teljesnek \u00e9rezhet\u0151, er\u0151s h\u00faz\u00e1st biztos\u00edt m\u00e9g meredek emelked\u0151k\u00f6n is. M\u00e1sr\u00e9szt, ha a ker\u00e9kp\u00e1roz\u00e1s t\u00f6bbnyire s\u00edk v\u00e1rosi utc\u00e1kon t\u00f6rt\u00e9nik, \u00e9s \u00e9rt\u00e9keli az egyszer\u0171s\u00e9get, egy <strong>hajt\u00f3m\u0171ves agymotor<\/strong> nagyszer\u0171en m\u0171k\u00f6dhet. A ker\u00e9kagymotorok k\u00f6zvetlen\u00fcl a ker\u00e9kre t\u00e1pl\u00e1lj\u00e1k az \u00e1ramot, \u00e9s gyakran rendelkeznek fojt\u00f3szelep-opci\u00f3kkal, \u00edgy a meg\u00e1ll\u00e1s \u00e9s a v\u00e1rosi k\u00f6zleked\u00e9s egyszer\u0171v\u00e9 v\u00e1lik. Ezek \u00e1ltal\u00e1ban kev\u00e9sb\u00e9 karbantartj\u00e1k a hajt\u00e1sl\u00e1ncot (mivel nem terhelik a l\u00e1ncot), \u00e9s megfizethet\u0151bbek lehetnek. <\/p>\n\n\n\n<p>\u00d6sszefoglalva, <strong>a legt\u00f6bb jelent\u0151s terhel\u00e9st sz\u00e1ll\u00edt\u00f3 teherbring\u00e1hoz a k\u00f6z\u00e9phajt\u00e1s gyakran a \"legjobb\" a nagy nyomat\u00e9k \u00e9s a hat\u00e9konys\u00e1g miatt.<\/strong>, m\u00edg a ker\u00e9kagymotor egyszer\u0171s\u00e9ge \u00e9s k\u00f6lts\u00e9ghat\u00e9konys\u00e1ga miatt a legjobb v\u00e1laszt\u00e1s lehet k\u00f6nnyebb v\u00e1rosi haszn\u00e1latra. Mi az Regen-n\u00e9l mindig felm\u00e9rj\u00fck a motoros ig\u00e9nyeit: ha meredek dombokon h\u00fazza fel a gyerekeket, a k\u00f6z\u00e9phajt\u00e1s a mi v\u00e1laszt\u00e1sunk, de a sima v\u00e1rosi \u00fcgyint\u00e9z\u00e9shez elegend\u0151 lehet a hub motor. <\/p>\n\n\n\n<p><strong>Referenci\u00e1k:<\/strong> <a href=\"https:\/\/forums.electricbikereview.com\/threads\/cargo-bike-for-hills-hub-vs-mid-drive-eunorau-g20-blix-or.45216\/#:~:text=Hi%20and%20Welcome%21%20It%20is,am%20not%20going%20to%20tell\" target=\"_blank\" rel=\"noopener\">K\u00f6z\u00e9phajt\u00e1s el\u0151nyei<\/a> ; <a href=\"https:\/\/www.gazellebikes.com\/en-us\/blog\/ebike-hub-vs-mid-drive#:~:text=Pros\" target=\"_blank\" rel=\"noopener\">Hub meghajt\u00f3 el\u0151nyei\/ellen\u00e9rvei<\/a> .<\/p>\n\n\n\n<p><strong>Kapcsol\u00f3d\u00f3 olvasm\u00e1nyok:<\/strong><\/p>\n\n\n\n<p><a href=\"https:\/\/regencargobikes.com\/hu\/motor-and-battery-maintenance-tips\/\">Motor- \u00e9s akkumul\u00e1torkarbantart\u00e1si tippek<\/a><\/p>\n\n\n\n<p><\/p>\n\n\n\n<h3 class=\"wp-block-heading\" id=\"2-mid-drive-vs-hub-motor-for-cargo-bike\"><strong>2. <a href=\"https:\/\/regencargobikes.com\/hu\/mid-drive-vs-hub-motor-which-is-better\/\" data-type=\"post\" data-id=\"235\">K\u00f6z\u00e9phajt\u00e1s vs. hub motor<\/a> cargo ker\u00e9kp\u00e1rhoz<\/strong><\/h3>\n\n\n\n<p>Gyakran k\u00e9rdezik t\u0151l\u00fcnk, hogy mi a k\u00fcl\u00f6nbs\u00e9g a k\u00f6z\u00e9phajt\u00e1s\u00fa \u00e9s a hub motorok k\u00f6z\u00f6tt a teher e-ker\u00e9kp\u00e1rok eset\u00e9ben. <strong>K\u00f6z\u00e9phajt\u00e1s\u00fa motorok<\/strong> (az als\u00f3 konzolra szerelve) hajtj\u00e1k a ped\u00e1lokat \u00e9s haszn\u00e1lj\u00e1k a ker\u00e9kp\u00e1r v\u00e1lt\u00f3rendszer\u00e9t. Ez nagy el\u0151nyt jelent a nyomat\u00e9k \u00e9s a hegym\u00e1sz\u00e1s ter\u00e9n: alacsony fokozatba kapcsolva a motor gyorsabban tud p\u00f6r\u00f6gni, \u00e9s mechanikai er\u0151t nyerhet a meredek emelked\u0151k\u00f6n . A k\u00f6z\u00e9phajt\u00e1sok a s\u00falyt is k\u00f6z\u00e9pen \u00e9s alacsonyan tartj\u00e1k a ker\u00e9kp\u00e1ron, ami jav\u00edtja az egyens\u00falyt - ez fontos, ha rakom\u00e1nyt sz\u00e1ll\u00edtunk. <strong>Hub motorok<\/strong> (a ker\u00e9kagyban) k\u00f6zvetlen\u00fcl a kereket t\u00e1pl\u00e1lja. Ezek sokkal \"nyom\u00f3gombosabb\" \u00e9rz\u00e9st ny\u00fajtanak (k\u00fcl\u00f6n\u00f6sen, ha van g\u00e1zped\u00e1l), \u00e9s nem kell annyit gondolkodni a sebess\u00e9gv\u00e1lt\u00f3kon. <\/p>\n\n\n\n<p>Teherbring\u00e1k eset\u00e9ben a h\u00e1ts\u00f3 ker\u00e9kagymotor s\u00edk terepen, m\u00e9rs\u00e9kelt terhel\u00e9ssel j\u00f3l m\u0171k\u00f6dhet, <strong>de nagyon meredek emelked\u0151k\u00f6n vagy nagy s\u00faly eset\u00e9n a ker\u00e9kagymotor t\u00falmelegedhet vagy t\u00falmelegedhet, ha nem nagy teljes\u00edtm\u00e9ny\u0171.<\/strong> . Hub motorok \u00e1ltal\u00e1ban kev\u00e9sb\u00e9 bonyolult a szolg\u00e1ltat\u00e1s (cser\u00e9je egy ker\u00e9k k\u00f6nnyebb, mint a szervizel\u00e9s egy k\u00f6zepes meghajt\u00f3) \u00e9s nem kopik a l\u00e1nc vagy fogaskerekek. Azonban a ker\u00e9kp\u00e1rt h\u00e1tul neh\u00e9znek \u00e9rezhetik, \u00e9s bizonyos esetekben megterhelhetik a k\u00fcll\u0151ket (ritk\u00e1n a nagy nyomat\u00e9k meglaz\u00edthatja vagy elt\u00f6rheti a k\u00fcll\u0151ket a ker\u00e9kben) . <\/p>\n\n\n\n<p>\u00d6sszefoglalva, <strong>a k\u00f6z\u00e9phajt\u00e1sok jellemz\u0151en jobbak a dombokkal vagy neh\u00e9z terhekkel szemben\u00e9z\u0151 teherforgalmi ker\u00e9kp\u00e1rokhoz (hat\u00e9kony energiafelhaszn\u00e1l\u00e1s, nagy nyomat\u00e9k, term\u00e9szetes \u00e9rz\u00e9s), m\u00edg a hub motorok t\u00f6k\u00e9letesen megfelelnek a mindennapi s\u00edk ing\u00e1z\u00e1shoz vagy k\u00f6nnyebb terhekhez (egyszer\u0171bbek \u00e9s gyakran olcs\u00f3bbak).<\/strong> . Mi itt az Regen-n\u00e9l a k\u00f6z\u00e9phajt\u00e1s fel\u00e9 hajlunk a csal\u00e1di \u00e9s tehersz\u00e1ll\u00edt\u00e1sra orient\u00e1lt modelljeink eset\u00e9ben, de elismerj\u00fck, hogy egy robusztus hubmotoros rendszer (k\u00fcl\u00f6n\u00f6sen egy nagy nyomat\u00e9k\u00fa, 500-750 W k\u00f6r\u00fcli fogaskerekes hub) j\u00f3l haszn\u00e1lhat\u00f3 a s\u00edk terepen t\u00f6rt\u00e9n\u0151 v\u00e1rosi sz\u00e1ll\u00edt\u00e1shoz. <\/p>\n\n\n\n<p><\/p>\n\n\n\n<h3 class=\"wp-block-heading\" id=\"18-is-a-mid-drive-motor-better-for-heavy-loads-and-hills\"><strong>3. A k\u00f6z\u00e9phajt\u00e1s\u00fa motor jobb neh\u00e9z terhel\u00e9sekhez \u00e9s dombokra?<\/strong><\/h3>\n\n\n\n<p>V\u00e9lem\u00e9ny\u00fcnk szerint, <strong>igen - a k\u00f6z\u00e9phajt\u00e1s\u00fa motorok \u00e1ltal\u00e1ban jobban megfelelnek neh\u00e9z terhel\u00e9sekhez \u00e9s dombos terephez<\/strong>. Az ok az, hogy hogyan szolg\u00e1ltatj\u00e1k az energi\u00e1t. A k\u00f6z\u00e9phajt\u00e1s\u00fa motor a ker\u00e9kp\u00e1r l\u00e1nc\u00e1n kereszt\u00fcl k\u00fcldi a teljes\u00edtm\u00e9nyt, \u00edgy a ker\u00e9kp\u00e1r \u00e1tt\u00e9telez\u00e9s\u00e9t haszn\u00e1lhatja. Amikor alacsony sebess\u00e9gbe kapcsol, a k\u00f6z\u00e9phajt\u00e1s\u00fa motor gyorsabban tud p\u00f6r\u00f6gni, \u00e9s nagyobb nyomat\u00e9kot ad a h\u00e1ts\u00f3 ker\u00e9knek, \u00edgy k\u00f6nnyebb\u00e9 teszi az emelked\u0151ket. P\u00e9ld\u00e1ul a Bosch Cargo Line k\u00f6z\u00e9phajt\u00e1s (amelyet sz\u00e1mos teherbring\u00e1n haszn\u00e1lnak) ak\u00e1r 85 Nm nyomat\u00e9kot is lead, \u00e9s kifejezetten a hegyre val\u00f3 felfel\u00e9 vontat\u00e1sra van hangolva. Ez azt jelenti, hogy a k\u00f6z\u00e9phajt\u00e1s m\u00e9g egy gyermekkel vagy \u00e9lelmiszerekkel a fed\u00e9lzeten is k\u00e9pes egyenletes temp\u00f3ban lek\u00fczdeni a meredek emelked\u0151ket. <\/p>\n\n\n\n<p>Ezenk\u00edv\u00fcl a k\u00f6z\u00e9phajt\u00e1sok k\u00f6z\u00e9pen helyezkednek el, ami a ker\u00e9kp\u00e1r egyens\u00falyban tartja a s\u00falyt. Teljesen megrakott, k\u00f6z\u00e9phajt\u00e1s\u00fa teherbiciklikkel hajtottam fel meredek lejt\u0151k\u00f6n, \u00e9s azt tapasztaltam, hogy am\u00edg a megfelel\u0151 sebess\u00e9gfokozatban vagyok, megb\u00edzhat\u00f3an, t\u00falmeleged\u00e9s n\u00e9lk\u00fcl m\u00e1sznak. Ezzel szemben egy ugyanilyen terhel\u00e9s alatt \u00e1ll\u00f3 hubmotor lelassulhat vagy melegedhet egy hosszabb emelked\u0151n, ha nem t\u00fal er\u0151s . A k\u00f6z\u00e9phajt\u00e1sok j\u00f3l kezelik a neh\u00e9z teherrel val\u00f3 stop-and-go-t is - alacsony sebess\u00e9gfokozatot is k\u00e9pesek kihaszn\u00e1lni, hogy a ker\u00e9kp\u00e1rt \u00e1ll\u00f3 helyzetb\u0151l mozg\u00e1sba hozz\u00e1k (egyes modelleknek m\u00e9g \"boost\" is van az ind\u00edt\u00e1shoz). <\/p>\n\n\n\n<p>Mindez sim\u00e1bb \u00e9lm\u00e9nyt jelent, ha gyerekeket vagy sok rakom\u00e1nyt sz\u00e1ll\u00edt dombos ter\u00fcleteken. Sz\u00f3val, <strong>neh\u00e9z terhek \u00e9s emelked\u0151k eset\u00e9n \u00e1ltal\u00e1ban a k\u00f6z\u00e9phajt\u00e1s a jobb v\u00e1laszt\u00e1s.<\/strong> - ez az oka annak, hogy z\u00e1szl\u00f3shaj\u00f3 tehersz\u00e1ll\u00edt\u00f3 modelljeinket nagy nyomat\u00e9k\u00fa k\u00f6z\u00e9phajt\u00e1s\u00fa egys\u00e9gekkel szerelj\u00fck fel. <\/p>\n\n\n\n<p><strong>Referenci\u00e1k:<\/strong> <a href=\"https:\/\/letrigo.com\/blogs\/news\/best-electric-cargo-bikes-for-mountainous-terrain?srsltid=AfmBOopSQzgloeSptpZ7DW3GIxEOCIGJ1ZFYI0FbouYbsjgOyjn2mgjD#:~:text=%2A%20Mid,easier%20to%20tackle%20different%20gradients\" target=\"_blank\" rel=\"noopener\">A k\u00f6z\u00e9pmotorok er\u0151sek a dombokon<\/a> ; <a href=\"https:\/\/www.clevercycles.com\/urban-arrow-family-electric-cargo-bike-performance.html?srsltid=AfmBOorS0NBkgQXAOBn5aLpizBSzAtybW9-MwcOP3zE-PmfgJmzkw1h7#:~:text=Bosch%20Cargo%20Line%20\u2013%2085,climbing%20steep%20hills%20with%20ease\" target=\"_blank\" rel=\"noopener\">P\u00e9lda 85 Nm-es cargo k\u00f6z\u00e9phajt\u00e1sra meredek emelked\u0151kh\u00f6z <\/a>.<\/p>\n\n\n\n<h3 class=\"wp-block-heading\" id=\"19-is-a-hub-motor-better-for-everyday-urban-riding\"><strong>4. Jobb-e egy ker\u00e9kagymotor a mindennapi v\u00e1rosi motoroz\u00e1shoz?<\/strong><\/h3>\n\n\n\n<p>A mindennapi v\u00e1rosi k\u00f6zleked\u00e9shez teherbiciklivel (k\u00fcl\u00f6n\u00f6sen a t\u00f6bbnyire s\u00edk terepen) nagyon praktikus v\u00e1laszt\u00e1s lehet a ker\u00e9kagymotor. Gyakran mondjuk, hogy <strong>A hubmotorok a rendszeres v\u00e1rosi ing\u00e1z\u00e1sban \u00e9s a stop-and-go forgalomban is remekelnek<\/strong>. Mi\u00e9rt? El\u0151sz\u00f6r is, a hubmotorok egyszer\u0171ek \u00e9s felhaszn\u00e1l\u00f3bar\u00e1tok. Csak megnyomja a ped\u00e1lt (vagy csavarja a g\u00e1zt, ha van), \u00e9s a ker\u00e9kben l\u00e9v\u0151 motor egyenletes l\u00f6k\u00e9st ad. Egy s\u00edk v\u00e1rosi k\u00f6rnyezetben egy 500 vagy 750 W-os v\u00e1lt\u00f3s ker\u00e9kagymotor k\u00f6nnyed\u00e9n l\u00e9p\u00e9st tarthat a forgalommal, \u00e9s gond n\u00e9lk\u00fcl sz\u00e1ll\u00edthat m\u00e9rs\u00e9kelt rakom\u00e1nyt. Sok v\u00e1rosi motoros \u00e9rt\u00e9keli, hogy a hubmotorok minim\u00e1lis interakci\u00f3t ig\u00e9nyelnek a ker\u00e9kp\u00e1r sebess\u00e9gv\u00e1lt\u00f3ival - nem felt\u00e9tlen\u00fcl kell minden piros l\u00e1mp\u00e1n\u00e1l visszav\u00e1ltani, mivel a motor nem f\u00fcgg a sebess\u00e9gfokozatt\u00f3l. Emellett a hub rendszerek gyakran rendelkeznek g\u00e1zkarral azokon a piacokon, amelyek lehet\u0151v\u00e9 teszik, ami azt jelenti, hogy meg\u00e1ll\u00e1sb\u00f3l gyorsan elindulhat (hasznos a forgalmas keresztez\u0151d\u00e9sekben). <\/p>\n\n\n\n<p>Egy m\u00e1sik v\u00e1rosi el\u0151ny a karbantart\u00e1s: a h\u00e1ts\u00f3 ker\u00e9kagymotor nem terheli a l\u00e1ncot vagy a v\u00e1lt\u00f3t, \u00edgy ezek az alkatr\u00e9szek hosszabb ideig tarthatnak. Vannak olyan \u00fcgyfeleink, akik szeretik, hogy a hubmotoros teherbring\u00e1ik \u00fagy \u00e9rzik magukat, mint a \"twist-and-go\" robog\u00f3k a v\u00e1rosi \u00fcgyint\u00e9z\u00e9shez. Ez azt jelenti, hogy egy dolog, amit szem el\u0151tt kell tartani, a s\u00falyeloszt\u00e1s - a hubmotorok s\u00falyt adnak a ker\u00e9khez, \u00edgy a ker\u00e9kp\u00e1r kezel\u00e9se egy kicsit m\u00e1s (kiss\u00e9 h\u00e1tulr\u00f3l neh\u00e9znek \u00e9rezheti mag\u00e1t, ha h\u00e1ts\u00f3 hubr\u00f3l van sz\u00f3). De \u00f6sszess\u00e9g\u00e9ben, <strong>a mindennapi v\u00e1rosi, viszonylag s\u00edk terepen t\u00f6rt\u00e9n\u0151 motoroz\u00e1shoz egy j\u00f3 hub motor val\u00f3ban nagyszer\u0171, k\u00e9nyelmes megold\u00e1s.<\/strong>, gyakran alacsonyabb \u00e1ron, mint a k\u00f6z\u00e9phajt\u00e1sok. <\/p>\n\n\n\n<p>A mi \u00f6ssze\u00e1ll\u00edt\u00e1sunkban a hub meghajt\u00f3kat azoknak a versenyz\u0151knek aj\u00e1nljuk, akik t\u00f6bbnyire s\u00edk v\u00e1rosi ing\u00e1z\u00e1st v\u00e9geznek, \u00e9rt\u00e9kelik az egyszer\u0171s\u00e9get, \u00e9s nem haszn\u00e1lj\u00e1k ki rendszeresen a rakod\u00f3kapacit\u00e1st. <\/p>\n\n\n\n<p><strong>Referenci\u00e1k:<\/strong> <a href=\"https:\/\/www.gazellebikes.com\/en-us\/blog\/ebike-hub-vs-mid-drive#:~:text=,Less%20overall%20stress%20on%20gears\" target=\"_blank\" rel=\"noopener\">Hubmotor el\u0151nyei (kisebb hajt\u00e1skop\u00e1s, k\u00f6lts\u00e9g) <\/a><\/p>\n\n\n\n<h3 class=\"wp-block-heading\" id=\"26-which-motor-brands-are-most-reliable-e-g-bosch-bafang-shimano\"><strong>5. Melyik motorm\u00e1rka a legmegb\u00edzhat\u00f3bb (pl. Bosch, Bafang, Shimano)?<\/strong><\/h3>\n\n\n\n<p>Az Regen-n\u00e9l sz\u00e1mos motorm\u00e1rk\u00e1val dolgoztunk m\u00e1r egy\u00fctt, \u00e9s n\u00e9h\u00e1ny k\u00f6z\u00fcl\u00fck kiemelkedik a megb\u00edzhat\u00f3s\u00e1g tekintet\u00e9ben. A k\u00f6z\u00e9phajt\u00e1s kateg\u00f3ri\u00e1ban, <strong><a href=\"https:\/\/www.bosch-ebike.com\/\" target=\"_blank\" rel=\"noopener\">Bosch<\/a><\/strong> gyakran tekintik arany standardnak. A Bosch motorok (mint a Cargo Line, Performance Line stb.) a robusztus tervez\u00e9sr\u0151l \u00e9s a hossz\u00fa \u00e9lettartamr\u00f3l ismertek - a Bosch k\u00f6z\u00e9pmotorok \u00e1ltal\u00e1ban t\u00f6bb ezer kilom\u00e9tert (5.000-20.000+ km) b\u00edrnak minim\u00e1lis probl\u00e9m\u00e1kkal. A Bosch emellett \u00e9vekig t\u00e1mogatja a rendszereit (v\u00e1llalja, hogy legal\u00e1bb 10 \u00e9vig sz\u00e1ll\u00edt p\u00f3talkatr\u00e9szeket), ami tov\u00e1bb n\u00f6veli a val\u00f3s megb\u00edzhat\u00f3s\u00e1got. <\/p>\n\n\n\n<p><a href=\"https:\/\/bike.shimano.com\/en-NA\/home.html\" target=\"_blank\" rel=\"noopener\"><strong>Shimano<\/strong> <\/a>(a STEPS k\u00f6z\u00e9phajt\u00e1s\u00fa rendszerekkel) egy m\u00e1sik cs\u00facsm\u00e1rka. A Shimano motorok tapasztalataink szerint nagyon sim\u00e1k \u00e9s meglehet\u0151sen megb\u00edzhat\u00f3ak is, er\u0151s szervizh\u00e1l\u00f3zattal rendelkeznek Eur\u00f3p\u00e1ban. Lehet, hogy nem rendelkeznek a Bosch Cargo Line nyers nyomat\u00e9k\u00e1val, de szil\u00e1rd, tart\u00f3san meg\u00e9p\u00edtett egys\u00e9gek. <\/p>\n\n\n\n<p><strong><a href=\"https:\/\/bafang-e.com\/en\/oem-area\/components\/motor\" target=\"_blank\" rel=\"noopener\">Bafang<\/a><\/strong> n\u00e9pszer\u0171 m\u00e1rka, k\u00fcl\u00f6n\u00f6sen a ker\u00e9kagymotorok \u00e9s a bark\u00e1cs k\u00f6z\u00e9phajt\u00e1s ter\u00fclet\u00e9n. A Bafang a kis 250W-os motorokt\u00f3l kezdve a nagy teljes\u00edtm\u00e9ny\u0171 1000W-os \u00f6ssze\u00e1ll\u00edt\u00e1sokig mindent k\u00edn\u00e1l. \u00c1ltal\u00e1ban \"munkag\u00e9p\" motoroknak tekintik \u0151ket - \u00e9sszer\u0171en tart\u00f3sak \u00e9s megfizethet\u0151ek . L\u00e1ttunk m\u00e1r Bafang v\u00e1lt\u00f3s hub motorokat, amelyek j\u00f3val 5000 m\u00e9rf\u00f6ld (8000 km) ut\u00e1n is elviszik a motorokat nagyobb probl\u00e9m\u00e1k n\u00e9lk\u00fcl. Az anekdotikus adatok azonban azt sugallj\u00e1k, hogy \u00e1tlagosan a Bosch \u00e9s a Yamaha k\u00f6z\u00e9phajt\u00e1s\u00fa motorok a hossz\u00fa t\u00e1v\u00fa megb\u00edzhat\u00f3s\u00e1g tekintet\u00e9ben n\u00e9mi el\u0151nyt \u00e9lveznek a Bafang egyes k\u00f6z\u00e9phajt\u00e1s\u00fa egys\u00e9geivel szemben. <\/p>\n\n\n\n<p><strong><a href=\"https:\/\/yamaha-motor.com\/\" target=\"_blank\" rel=\"noopener\">Yamaha<\/a><\/strong> egy m\u00e1sik megb\u00edzhat\u00f3 k\u00f6z\u00e9phajt\u00e1s\u00fa m\u00e1rka, amelyet \u00e9rdemes megeml\u00edteni: a PW sorozat\u00fa motorjaikat gyakran haszn\u00e1lj\u00e1k teherbiciklikben, \u00e9s j\u00f3 h\u00edrn\u00e9vnek \u00f6rvendenek (nagy nyomat\u00e9k \u00e9s megb\u00edzhat\u00f3s\u00e1g). <\/p>\n\n\n\n<p>\u00d6sszefoglalva, <strong>A Bosch \u00e9s a Shimano (\u00e9s a Yamaha) a megb\u00edzhat\u00f3s\u00e1g \u00e9s a t\u00e1mogat\u00e1s ter\u00e9n a legjobbak.<\/strong>, amelyet gyakran v\u00e1lasztanak a pr\u00e9mium eur\u00f3pai e-cargo ker\u00e9kp\u00e1r gy\u00e1rt\u00f3k. <strong>Bafang<\/strong> szint\u00e9n el\u00e9g megb\u00edzhat\u00f3, k\u00fcl\u00f6n\u00f6sen figyelembe v\u00e9ve, hogy milyen sz\u00e9les k\u00f6rben haszn\u00e1lj\u00e1k a motorjaikat - nagyszer\u0171 \u00e9rt\u00e9ket \u00e9s szil\u00e1rd teljes\u00edtm\u00e9nyt k\u00edn\u00e1lnak, b\u00e1r a t\u00e1mogat\u00e1s a ker\u00e9kp\u00e1r gy\u00e1rt\u00f3j\u00e1t\u00f3l f\u00fcgg. Az Regen ker\u00e9kp\u00e1rokban a cs\u00facskateg\u00f3ri\u00e1s modellekhez a Bosch \u00e9s a Shimano, n\u00e9h\u00e1ny \u00e9rt\u00e9korient\u00e1lt modellhez pedig a Bafangot haszn\u00e1ljuk, b\u00edzva abban, hogy megfelel\u0151 haszn\u00e1lat mellett mindegyik nagyon megb\u00edzhat\u00f3 lehet. <strong>Referenci\u00e1k:<\/strong> Bosch hossz\u00fa \u00e9lettartam adatok ; Megb\u00edzhat\u00f3s\u00e1gi \u00f6sszehasonl\u00edt\u00e1sok (Bosch vs. m\u00e1sok) ; Bafang h\u00edrn\u00e9v .<\/p>\n\n\n\n<h2 class=\"wp-block-heading\" id=\"power-performance\"><strong>Teljes\u00edtm\u00e9ny \u00e9s teljes\u00edtm\u00e9ny<\/strong><\/h2>\n\n\n\n<h3 class=\"wp-block-heading\" id=\"3-how-much-power-do-i-need-for-an-electric-cargo-bike\"><strong>6. Mekkora teljes\u00edtm\u00e9nyre van sz\u00fcks\u00e9gem egy elektromos teherbring\u00e1hoz?<\/strong><\/h3>\n\n\n\n<p>A sz\u00fcks\u00e9ges teljes\u00edtm\u00e9ny a tipikus terhel\u00e9st\u0151l \u00e9s a terepviszonyokt\u00f3l f\u00fcgg. Eur\u00f3p\u00e1ban a legt\u00f6bb e-cargo ker\u00e9kp\u00e1r a t\u00f6rv\u00e9nyi korl\u00e1toz\u00e1sok miatt 250W-os motort haszn\u00e1l, de ne t\u00e9vesszen meg ez a sz\u00e1m - egy j\u00f3 min\u0151s\u00e9g\u0171 250W-os k\u00f6z\u00e9phajt\u00e1s\u00fa ker\u00e9kp\u00e1r nagy seg\u00edts\u00e9get ny\u00fajthat (gyakran 250W-n\u00e1l sokkal nagyobb teljes\u00edtm\u00e9nyt is el\u00e9rhet r\u00f6vid szakaszokban) . S\u00edk v\u00e1rosi motoroz\u00e1shoz k\u00f6nny\u0171 vagy k\u00f6zepes teherrel, <strong>250W \u00e1ltal\u00e1ban elegend\u0151<\/strong>, k\u00fcl\u00f6n\u00f6sen, ha ez egy k\u00f6z\u00e9phajt\u00e1s olyan m\u00e1rk\u00e1kb\u00f3l, mint a Bosch, a Shimano vagy a Yamaha . Ezek a rendszerek okosan haszn\u00e1lj\u00e1k a fogaskerekeket a nyomat\u00e9k maximaliz\u00e1l\u00e1sa \u00e9rdek\u00e9ben, \u00edgy a teljes\u00edtm\u00e9nykateg\u00f3ri\u00e1juk felett \"\u00fctnek\". P\u00e9ld\u00e1ul a 250 W-os k\u00f6z\u00e9phajt\u00e1s\u00fa Regen ker\u00e9kp\u00e1rjaink k\u00e9t gyereket \u00e9s \u00e9lelmiszert tudnak vinni s\u00edk terepen vagy enyhe emelked\u0151k\u00f6n is gond n\u00e9lk\u00fcl. <\/p>\n\n\n\n<p>Ha rendszeresen meredek dombokat k\u00fczd meg, vagy a ker\u00e9kp\u00e1r maxim\u00e1lis terhel\u00e9s\u00e9nek k\u00f6zel\u00e9ben j\u00e1r, akkor el\u0151fordulhat, hogy a standard 250 W-os teljes\u00edtm\u00e9ny kiss\u00e9 neh\u00e9zkes lesz. Ebben az esetben b\u00f6lcs dolog nagyobb teljes\u00edtm\u00e9ny\u0171 opci\u00f3kat keresni (ha a r\u00e9gi\u00f3ja lehet\u0151v\u00e9 teszi). Az Egyes\u00fclt \u00c1llamokban vagy m\u00e1s ter\u00fcleteken a teher e-bike-ok gyakran rendelkeznek <strong>500W vagy 750W-os motorok<\/strong>, amelyek er\u0151sebb gyorsul\u00e1st biztos\u00edtanak, \u00e9s jobban tartj\u00e1k a sebess\u00e9get a dombokon. \u00d6k\u00f6lszab\u00e1lyk\u00e9nt azt mondom a motorosoknak: <em>dombos ter\u00fcletek vagy nagyon neh\u00e9z rakom\u00e1ny (150+ kg \u00f6sszt\u00f6meg) eset\u00e9n c\u00e9lszer\u0171 a magasabb teljes\u00edtm\u00e9nyt v\u00e1lasztani (500-750 W).<\/em> \u00edgy a motor nem alulmotoriz\u00e1lt. Ezzel szemben a t\u00f6bbnyire s\u00edk terepen \u00e9s k\u00f6nnyebb terhel\u00e9sekn\u00e9l 250W \u00e9s 500W k\u00f6z\u00f6tt b\u0151ven elegend\u0151. <\/p>\n\n\n\n<p>A nyomat\u00e9kr\u00f3l is sz\u00f3 van: a motor nyomat\u00e9ka (newtonm\u00e9terben m\u00e9rve) d\u00f6nt\u0151 fontoss\u00e1g\u00fa a rakom\u00e1ny mozgat\u00e1s\u00e1hoz. Egy 250 W-os k\u00f6z\u00e9phajt\u00e1s 80 Nm nyomat\u00e9kkal fel\u00fclm\u00falja egy 500 W-os, 40 Nm nyomat\u00e9k\u00fa hubmotor teljes\u00edtm\u00e9ny\u00e9t a dombokon. A legt\u00f6bb tehersz\u00e1ll\u00edt\u00f3 e-bike nagy nyomat\u00e9k\u00fa, 70-90 Nm-es motorral rendelkezik. <\/p>\n\n\n\n<p>\u00d6sszefoglalva, <strong>A 250W elegend\u0151 sok mindennapi tehersz\u00e1ll\u00edt\u00e1si ig\u00e9nyhez (k\u00fcl\u00f6n\u00f6sen egy j\u00f3 k\u00f6z\u00e9phajt\u00e1ssal), de ha meredek hegyekkel kell szemben\u00e9znie, vagy extra sebess\u00e9gre \u00e9s gyorsul\u00e1sra van sz\u00fcks\u00e9ge, fontolja meg az 500W vagy 750W teljes\u00edtm\u00e9nyt.<\/strong>. Az Regen-n\u00e9l biztos\u00edtjuk, hogy 250 W-os rendszereink nagy nyomat\u00e9kkal rendelkezzenek, \u00e9s azok sz\u00e1m\u00e1ra, akiknek t\u00f6bbre van sz\u00fcks\u00e9g\u00fck, ahol ez t\u00f6rv\u00e9nyes, tov\u00e1bbfejlesztett motorokat k\u00edn\u00e1lunk. <strong>Referenci\u00e1k:<\/strong> K\u00f6zepes hat\u00e9konys\u00e1g\u00fa meghajt\u00e1s (250W vs. 750W hub) ; Nagy teljes\u00edtm\u00e9ny\u0171 aj\u00e1nl\u00e1s meredek emelked\u0151kh\u00f6z .<\/p>\n\n\n\n<h3 class=\"wp-block-heading\" id=\"4-is-250-w-enough-for-a-cargo-bike\"><strong>4. El\u00e9g 250W egy teherbiciklihez?<\/strong><\/h3>\n\n\n\n<p>Lehet, hogy meglep\u0151, de <strong>250W val\u00f3ban el\u00e9g lehet egy teherbiciklihez.<\/strong> sz\u00e1mos helyzetben. A kulcs a rendszer kialak\u00edt\u00e1sa \u00e9s min\u0151s\u00e9ge. Az eur\u00f3pai el\u0151\u00edr\u00e1sok 250 W-os folyamatos teljes\u00edtm\u00e9nyre korl\u00e1tozz\u00e1k a motorokat, ez\u00e9rt a m\u00e1rk\u00e1k ezeket a motorokat \u00fagy optimaliz\u00e1lt\u00e1k, hogy leny\u0171g\u00f6z\u0151 teljes\u00edtm\u00e9nyt ny\u00fajtsanak. P\u00e9ld\u00e1ul egy 250W-os Bosch vagy Shimano k\u00f6z\u00e9phajt\u00e1s nagy cs\u00facsteljes\u00edtm\u00e9nyt \u00e9s ak\u00e1r ~85 Nm nyomat\u00e9kot is k\u00e9pes leadni, ami a gyakorlatban hat\u00e9konyan h\u00fazza fel a terheket a hegyekbe . Az Regen-n\u00e9l a 250W-os teherbiciklijeink rendszeresen k\u00e9t gyermeket \u00e9s csomagokat sz\u00e1ll\u00edtanak. S\u00edk terepen vagy enyhe emelked\u0151k\u00f6n sim\u00e1n cirk\u00e1lnak. M\u00e9g a meredekebb dombokon is, ha alacsony fokozatba kapcsol, egy j\u00f3 250W-os k\u00f6z\u00e9phajt\u00e1s felviszi \u00d6nt (b\u00e1r a nagyon meredek r\u00e9szeken lassan haladhat, de felm\u00e1szik) . A \"250W\" kifejez\u00e9s f\u00e9lrevezet\u0151 lehet, mert ez egy n\u00e9vleges folyamatos teljes\u00edtm\u00e9ny. <\/p>\n\n\n\n<p>Sok 250W-os k\u00f6z\u00e9phajt\u00e1s\u00fa rendszer r\u00f6vid id\u0151re 500W+-ot h\u00faz, ha sz\u00fcks\u00e9ges (a jogi seg\u00edts\u00e9gny\u00fajt\u00e1si hat\u00e1r\u00e9rt\u00e9keken bel\u00fcl). A felhaszn\u00e1l\u00f3k gyakran jelentik, hogy ezek az e-bike-ok sokkal er\u0151sebbnek \"\u00e9rzik\" magukat, mint amennyit a sz\u00e1m sugall. Van azonban n\u00e9h\u00e1ny fenntart\u00e1s: ha ez egy <strong>250W-os hub motor<\/strong> (k\u00f6z\u00f6s egyes piacokon), ez lehet k\u00fczdeni t\u00f6bb dombon neh\u00e9z rakom\u00e1ny, mivel a hub motorok nem tudnak kihaszn\u00e1lni fogaskerekek. Ezekben az esetekben a ker\u00e9kp\u00e1rosoknak n\u00e9ha er\u0151sebben kell ped\u00e1lozniuk, vagy nagyon lassan kell felmenni\u00fck a meredek szakaszokon. <\/p>\n\n\n\n<p>T\u00f6bbnyire s\u00edk v\u00e1rosi haszn\u00e1latra egy 250W-os hub is j\u00f3, de nagy dombokon, maxim\u00e1lis terhel\u00e9ssel m\u00e1r hat\u00e1reset lehet. Teh\u00e1t, ha egy dombos r\u00e9gi\u00f3ban van, \u00e9s a t\u00f6rv\u00e9ny \u00e1ltal 250W-ra korl\u00e1toz\u00f3dik, er\u0151sen aj\u00e1nlom a k\u00f6z\u00e9phajt\u00e1st a legjobb \u00e9lm\u00e9ny \u00e9rdek\u00e9ben. Mindent egybevetve, <strong>A 250W el\u00e9g egy teherbringa sz\u00e1m\u00e1ra a tipikus mindennapi motoroz\u00e1shoz (k\u00fcl\u00f6n\u00f6sen egy min\u0151s\u00e9gi k\u00f6z\u00e9phajt\u00e1s\u00fa rendszerrel) , de extr\u00e9m emelked\u0151k\u00f6n vagy k\u00f6zel maxim\u00e1lis s\u00faly mellett el\u00e9ri a hat\u00e1rait.<\/strong> EU-konform motorjainkat \u00fagy tervezz\u00fck, hogy a nyomat\u00e9k maximaliz\u00e1l\u00e1s\u00e1val \u00e9s a megfelel\u0151 \u00e1tt\u00e9telez\u00e9ssel e hat\u00e1r\u00e9rt\u00e9keken bel\u00fcl teljes\u00edtsenek. <strong>Referenci\u00e1k:<\/strong> Nagy teljes\u00edtm\u00e9ny\u0171 250W-os k\u00f6z\u00e9phajt\u00e1sok ; 250W vs 750W val\u00f3s \u00f6sszehasonl\u00edt\u00e1s .<\/p>\n\n\n\n<h3 class=\"wp-block-heading\" id=\"5-how-powerful-should-a-cargo-e-bike-be\"><strong>5. Milyen teljes\u00edtm\u00e9ny\u0171 legyen egy tehersz\u00e1ll\u00edt\u00f3 e-bike?<\/strong><\/h3>\n\n\n\n<p>A gyakorlatban egy teher e-bike-nak a k\u00f6vetkez\u0151knek kell lennie <em>olyan er\u0151s, amennyire csak sz\u00fcks\u00e9ges a tipikus terhel\u00e9s \u00e9s terepviszonyok k\u00e9nyelmes kezel\u00e9s\u00e9hez<\/em>. A legt\u00f6bb eur\u00f3pai ember sz\u00e1m\u00e1ra ez egy 250W-os motort jelent nagy nyomat\u00e9kkal (mivel ez a t\u00f6rv\u00e9nyes hat\u00e1r\u00e9rt\u00e9k egy nem regisztr\u00e1lt e-bike sz\u00e1m\u00e1ra) - \u00e9s szerencs\u00e9re ez a szint, ha j\u00f3l megtervezik, el\u00e9g er\u0151s sok felhaszn\u00e1l\u00e1si esethez. Ha gyakran sz\u00e1ll\u00edtasz mondjuk 100 kg rakom\u00e1nyt k\u00f6zepes emelked\u0151k\u00f6n, akkor olyan motort akarsz, amely er\u0151s alacsony nyomat\u00e9kot (70+ Nm) tud biztos\u00edtani. A legjobb tehersz\u00e1ll\u00edt\u00f3 e-bike-ok k\u00f6z\u00fcl sokan kifejezetten magas asszisztenci\u00e1ra hangolt motorokat haszn\u00e1lnak, mint p\u00e9ld\u00e1ul a Bosch Cargo Line (85 Nm) vagy a Shimano EP8 Cargo (85 Nm), amelyek n\u00e9vlegesen 250 W-osak, de ak\u00e1r 400% seg\u00edts\u00e9get ny\u00fajtanak a motorosnak . <\/p>\n\n\n\n<p>Ezek haszn\u00e1lat k\u00f6zben nagyon er\u0151snek \u00e9rz\u0151dnek. M\u00e1sr\u00e9szt, ha van lehet\u0151s\u00e9ged (\u00e9s t\u00f6rv\u00e9nyes enged\u00e9lyed) nagyobb teljes\u00edtm\u00e9nyre - p\u00e9ld\u00e1ul ha \u00c9szak-Amerik\u00e1ban vagy a ker\u00e9kp\u00e1rt nem k\u00f6z\u00faton haszn\u00e1lod -, egy 500 vagy 750 W-os motor extra teljes\u00edtm\u00e9nyt biztos\u00edthat. Egy 750W-os ker\u00e9kagymotor p\u00e9ld\u00e1ul nagyobb sebess\u00e9get tud fenntartani a dombokon an\u00e9lk\u00fcl, hogy annyira le kellene kapcsolnia, egyszer\u0171en a teljes\u00edtm\u00e9ny nyers erej\u00e9vel. Teh\u00e1t milyen er\u0151snek \"kell\" lennie? <strong>El\u00e9gg\u00e9 ahhoz, hogy ritk\u00e1n tal\u00e1lja mag\u00e1t k\u00fcszk\u00f6dni.<\/strong> Sok csal\u00e1di motoros sz\u00e1m\u00e1ra ez legal\u00e1bb egy szil\u00e1rd 250 W-os k\u00f6z\u00e9phajt\u00e1st jelent. Nagy teherb\u00edr\u00e1s\u00fa kereskedelmi teherforgalomban vagy nagyon meredek terepen az 500-1000 W-os tartom\u00e1nyba es\u0151 motorok (gyakran a Bafang M620-hoz hasonl\u00f3 k\u00f6z\u00e9pmotorok, amelyek teljes\u00edtm\u00e9nye meghaladja a 750 W-ot \u00e9s a 160 Nm-t) megfelel\u0151ek lehetnek, b\u00e1r ezek az EU-ban regisztr\u00e1ci\u00f3 n\u00e9lk\u00fcl nem enged\u00e9lyezettek az utc\u00e1n.<\/p>\n\n\n\n<p> \u00d6sszefoglalva, <strong>egy j\u00f3 ir\u00e1nymutat\u00e1s a 250W (~80Nm nyomat\u00e9kkal) minimum s\u00edk\/\u00e1tlagos k\u00f6r\u00fclm\u00e9nyek k\u00f6z\u00f6tt, 500W+ dombos vagy ig\u00e9nyes k\u00f6r\u00fclm\u00e9nyek k\u00f6z\u00f6tt.<\/strong>. Biztos\u00edtjuk, hogy ker\u00e9kp\u00e1rjaink megfeleljenek ezeknek az ig\u00e9nyeknek: EU-s modelljeink nagy nyomat\u00e9k\u00fa, 250 W-os rendszereket haszn\u00e1lnak, USA-s modelljeink pedig 750 W-ot k\u00edn\u00e1lnak az extra izomer\u0151 \u00e9rdek\u00e9ben. <strong>Referenci\u00e1k:<\/strong> Bosch Cargo Line 85Nm (nagy teljes\u00edtm\u00e9ny\u0171 asszisztens) ; Hub vs. k\u00f6z\u00e9ps\u0151 val\u00f3s teljes\u00edtm\u00e9nyig\u00e9ny .<\/p>\n\n\n\n<h3 class=\"wp-block-heading\" id=\"6-best-motor-for-climbing-hills-with-a-cargo-bike\"><strong>6. <strong>Befoly\u00e1solja a motor a teherbicikli halad\u00e1si sebess\u00e9g\u00e9t?<\/strong><br><\/strong><\/h3>\n\n\n\n<p>Igen, de csak egy bizonyos pontig. A legt\u00f6bb eur\u00f3pai orsz\u00e1gban az elektromos teherbicikliket a t\u00f6rv\u00e9ny szerint csak egy <strong>maxim\u00e1lis t\u00e1mogatott sebess\u00e9g 25 km\/h<\/strong> (15,5 mph). Ez azt jelenti, hogy a motor le\u00e1ll\u00edtja a seg\u00edts\u00e9gny\u00fajt\u00e1st, amint el\u00e9ri ezt a sebess\u00e9get. Ped\u00e1loz\u00e1ssal vagy lejt\u0151n val\u00f3 halad\u00e1skor m\u00e9g mindig gyorsabban haladhat, de a motor nem seg\u00edt a megengedett hat\u00e1r\u00e9rt\u00e9k felett.<\/p>\n\n\n\n<p>Ez a sebess\u00e9gkorl\u00e1toz\u00e1s a motor teljes\u00edtm\u00e9ny\u00e9t\u0151l f\u00fcggetlen\u00fcl \u00e9rv\u00e9nyes. Ak\u00e1r 250 W-os, ak\u00e1r 500 W-os motort haszn\u00e1l, a t\u00e1mogatott v\u00e9gsebess\u00e9g 25 km\/h marad. Teh\u00e1t a motor nem szab\u00e1lyozza, hogy milyen gyorsan haladjon. <em>lehet<\/em> \u00f6sszess\u00e9g\u00e9ben - ez befoly\u00e1solja, hogy <em>gyorsan<\/em> eljutsz oda, milyen k\u00f6nnyen m\u00e1szod meg a dombokat, \u00e9s mennyire j\u00f3l kezeli a ker\u00e9kp\u00e1r a neh\u00e9z terheket.<\/p>\n\n\n\n<p>A legt\u00f6bb v\u00e1rosi sz\u00e1ll\u00edt\u00e1si vagy csal\u00e1di sz\u00e1ll\u00edt\u00e1si ig\u00e9nyt egy <strong>A 250W-os motor t\u00f6bb mint elegend\u0151<\/strong>. Sima gyorsul\u00e1st, stabil al\u00e1t\u00e1maszt\u00e1st biztos\u00edt terhel\u00e9s alatt, \u00e9s megfelel a k\u00f6z\u00fati haszn\u00e1latra vonatkoz\u00f3 uni\u00f3s el\u0151\u00edr\u00e1soknak. Az er\u0151sebb motorok extra nyomat\u00e9kot k\u00edn\u00e1lhatnak, de nem n\u00f6velik a v\u00e9gsebess\u00e9get, kiv\u00e9ve, ha m\u00e1s j\u00e1rm\u0171kateg\u00f3ri\u00e1t haszn\u00e1l, p\u00e9ld\u00e1ul S-pedelecet (amelyre k\u00fcl\u00f6n szab\u00e1lyok vonatkoznak, \u00e9s regisztr\u00e1ci\u00f3hoz k\u00f6t\u00f6tt).<\/p>\n\n\n\n<h3 class=\"wp-block-heading\" id=\"16-is-a-250-w-motor-enough-for-starting-and-climbing\"><strong>7. El\u00e9g egy 250W-os motor az indul\u00e1shoz \u00e9s a m\u00e1sz\u00e1shoz?<\/strong><\/h3>\n\n\n\n<p>Ezt az aggodalmat gyakran halljuk, \u00e9s a j\u00f3 h\u00edr az, hogy <strong>egy j\u00f3l megtervezett 250W-os rendszer k\u00e9pes kezelni a meg\u00e1ll\u00e1sb\u00f3l val\u00f3 elindul\u00e1st \u00e9s a m\u00e1sz\u00e1st, k\u00fcl\u00f6n\u00f6sen egy k\u00f6z\u00e9phajt\u00e1s\u00fa rendszerrel.<\/strong>. P\u00e9ld\u00e1ul a Bosch k\u00f6z\u00e9phajt\u00e1s\u00fa motorok (250W n\u00e9vleges teljes\u00edtm\u00e9ny) \u00fagy vannak programozva, hogy alacsony fordulatsz\u00e1mon extra lend\u00fcletet adjanak - a Bosch Cargo Line \u00e9s Performance Line motorjai nagyon er\u0151s ind\u00edt\u00e1si nyomat\u00e9kkal rendelkeznek, amit kifejezetten \"rendk\u00edv\u00fcl er\u0151teljes ind\u00edt\u00e1si jellemz\u0151k\"-k\u00e9nt jegyeznek meg. A gyakorlatban ez azt jelenti, hogy amikor \u00e1ll\u00f3 helyzetb\u0151l ped\u00e1lozni kezd\u00fcnk, a motor azonnal egy l\u00f6k\u00e9snyi energi\u00e1t ad, hogy a ker\u00e9kp\u00e1r m\u00e9g terhel\u00e9ssel is gurulni kezdjen. <\/p>\n\n\n\n<p>\u00dagy tapasztaltam, hogy az Regen 250W-os k\u00f6z\u00e9phajt\u00e1s\u00fa teherbring\u00e1mmal k\u00e9t gyerekkel a fed\u00e9lzeten a legalacsonyabb sebess\u00e9gfokozat \u00e9s a motor asszisztense seg\u00edts\u00e9g\u00e9vel elindulhatok emelked\u0151n; sim\u00e1n, le\u00e1ll\u00e1s n\u00e9lk\u00fcl h\u00faz el. A kulcs a megfelel\u0151 sebess\u00e9gfokozat haszn\u00e1lata - a k\u00f6z\u00e9phajt\u00e1s\u00fa ker\u00e9kp\u00e1rok arra t\u00e1maszkodnak, hogy az indul\u00e1shoz vagy a m\u00e1sz\u00e1shoz k\u00f6nny\u0171 fokozatba kapcsoljon. Ha ezt megteszi, a 250W (nagy nyomat\u00e9kkibocs\u00e1t\u00e1ssal) elegend\u0151 a s\u00edk \u00faton \u00e9s \u00e9sszer\u0171 emelked\u0151k\u00f6n val\u00f3 elindul\u00e1shoz. A nagyon meredek emelked\u0151k\u00f6n a motor mellett m\u00e9g mindig el\u00e9g nagy ped\u00e1ler\u0151vel kell haladnia (nincs ingyen eb\u00e9d!), de a motor jelent\u0151sen cs\u00f6kkenti a terhel\u00e9st. Egy dolgot \u00e9rdemes megjegyezni: sok e-ker\u00e9kp\u00e1rhoz tartozik egy <strong>\"s\u00e9ta-seg\u00edt\u0151\" vagy start-seg\u00edt\u0151 funkci\u00f3<\/strong> amely seg\u00edthet a ker\u00e9kp\u00e1r mozgat\u00e1s\u00e1ban ~6 km\/h sebess\u00e9ggel egy gombnyom\u00e1sra, hasznos, ha null\u00e1r\u00f3l kell elindulni egy dombon. Ha a ker\u00e9kp\u00e1rod rendelkezik ilyennel, akkor gyakorlatilag megv\u00e1laszolja ezt a k\u00e9rd\u00e9st - m\u00e9g egy 250W-os rendszer is k\u00e9pes lassan, ped\u00e1loz\u00e1s n\u00e9lk\u00fcl hajtani a ker\u00e9kp\u00e1rt, hogy elindulj. <\/p>\n\n\n\n<p>A hubmotorok eset\u00e9ben a 250W egy kicsit hat\u00e1reset a meredek elindul\u00e1sokn\u00e1l; lehet, hogy t\u00f6bb munk\u00e1t kell v\u00e9geznie, am\u00edg a ker\u00e9kp\u00e1r felgyorsul, mert a hubmotoroknak kisebb a nyomat\u00e9ka nulla fordulatsz\u00e1mon. \u00d6sszefoglalva, <strong>igen, a 250W (k\u00fcl\u00f6n\u00f6sen a k\u00f6z\u00e9phajt\u00e1s) a legt\u00f6bb esetben elegend\u0151 az indul\u00e1shoz \u00e9s a m\u00e1sz\u00e1shoz, de a technika (\u00e1tt\u00e9telez\u00e9s stb.) sz\u00e1m\u00edt.<\/strong> . Biztos\u00edtjuk, hogy a 250W-os ker\u00e9kp\u00e1rjainkat \u00fagy programozzuk, hogy m\u00e1r az els\u0151 pillanatban er\u0151s asszisztenci\u00e1t ny\u00fajtsanak. <strong>Referenci\u00e1k:<\/strong> 250 W-os k\u00f6z\u00e9phajt\u00e1s, amely er\u0151s ind\u00edt\u00e1st biztos\u00edt (85 Nm nyomat\u00e9k emelked\u0151n val\u00f3 ind\u00edt\u00e1shoz) ; Walk-assist az emelked\u0151n val\u00f3 ind\u00edt\u00e1shoz .<\/p>\n\n\n\n<h3 class=\"wp-block-heading\" id=\"17-when-should-i-consider-upgrading-to-a-500-w-or-750-w-system\"><strong>8. Mikor \u00e9rdemes 500 vagy 750 W-os rendszerre friss\u00edteni?<\/strong><\/h3>\n\n\n\n<p>\u00c9rdemes megfontolni egy er\u0151sebb motort (500W, 750W, stb.) <strong>ha \u00fagy tal\u00e1lja, hogy a 250W-os szabv\u00e1nyos rendszer nem felel meg az ig\u00e9nyeinek.<\/strong>. Sz\u00e1mos forgat\u00f3k\u00f6nyv jut eszembe: <\/p>\n\n\n\n<p>(1) <strong>Gyakoriak a meredek dombok neh\u00e9z rakom\u00e1nyokkal<\/strong> - ha gyakran szlalomozol hossz\u00fa, meredek emelked\u0151k\u00f6n, \u00e9s a ker\u00e9kp\u00e1r lassul, vagy nagyon meg kell er\u0151lk\u00f6dn\u00f6d, akkor a 250W lehet, hogy m\u00e1r a maximumon van. Az 500W-ra vagy 750W-ra t\u00f6rt\u00e9n\u0151 friss\u00edt\u00e9s nagyobb folyamatos nyomat\u00e9kot biztos\u00edt, \u00e9s gyorsabban haladhat az emelked\u0151k\u00f6n. <\/p>\n\n\n\n<p>(2) <strong>Nagyobb sebess\u00e9g vagy gyorsul\u00e1s ir\u00e1nti v\u00e1gy<\/strong> - Azokban a r\u00e9gi\u00f3kban, ahol nagyobb seg\u00e9dsebess\u00e9g megengedett, a 750 W-os motor 25 km\/h f\u00f6l\u00f6tt is seg\u00edthet, \u00e9s gyorsabb gyorsul\u00e1st biztos\u00edthat a s\u00falyt hordozva. Az USA-ban p\u00e9ld\u00e1ul a 3. oszt\u00e1ly\u00fa e-ker\u00e9kp\u00e1rok 45 km\/h (~28 mph) sebess\u00e9ggel haladhatnak asszisztenssel; egy megrakott teherbiciklivel ez \u00e1ltal\u00e1ban &gt;500W-os teljes\u00edtm\u00e9nyt ig\u00e9nyel. <\/p>\n\n\n\n<p>(3) <strong>Legnagyobb terhel\u00e9s vagy vontat\u00e1s<\/strong> - Ha rendszeresen a ker\u00e9kp\u00e1r hasznos terhelhet\u0151s\u00e9gi hat\u00e1r\u00e1n van (mondjuk 180-200 kg \u00f6sszt\u00f6meggel, bele\u00e9rtve a lovast is), vagy egy teherp\u00f3tkocsit h\u00faz r\u00e1ad\u00e1sul, akkor a t\u00f6bb watt teljes\u00edtm\u00e9ny biztos\u00edtja a sz\u00fcks\u00e9ges terhelhet\u0151s\u00e9get, \u00edgy a motor nem folyamatosan teljes teljes\u00edtm\u00e9nyen van (cs\u00f6kkentve a r\u00e1 nehezed\u0151 stresszt). <\/p>\n\n\n\n<p>A gyakorlatban a viszonylag s\u00edk ter\u00fcleteken \u00e9l\u0151 felhaszn\u00e1l\u00f3ink k\u00f6z\u00fcl sokan t\u00f6k\u00e9letesen megfelelnek a 250 W-os k\u00f6z\u00e9pmotorokkal - a nagyobb teljes\u00edtm\u00e9nyt ig\u00e9nyl\u0151 k\u00f6r\u00fclm\u00e9nyek \u00e1ltal\u00e1ban a dombos terep vagy a sebess\u00e9g ir\u00e1nti ig\u00e9ny. \u00c9rdemes megjegyezni, hogy Eur\u00f3p\u00e1ban a 250W feletti teljes\u00edtm\u00e9ny azt jelenti, hogy a ker\u00e9kp\u00e1r m\u00e1shogyan lesz besorolva (L1e-A vagy L1e-B mopedek), \u00e9s regisztr\u00e1ci\u00f3ra\/biztos\u00edt\u00e1sra van sz\u00fcks\u00e9g. De egy priv\u00e1t \u00e1talak\u00edt\u00e1shoz vagy terepj\u00e1r\u00f3hoz a fenti okokb\u00f3l 500W\/750W-ra lehet friss\u00edteni. <\/p>\n\n\n\n<p><strong>\u00c1ltal\u00e1ban azt tan\u00e1csoljuk<\/strong>: ha gyakran haszn\u00e1lja a legmagasabb asszisztencia szintet, \u00e9s m\u00e9gis t\u00f6bbet szeretne, vagy ha a motor gyakran t\u00falmelegszik vagy le\u00e1ll a dombokon (ez annak a jele, hogy t\u00falterhelt) , akkor indokolt a magasabb teljes\u00edtm\u00e9ny\u0171 rendszerre val\u00f3 friss\u00edt\u00e9s. \u00c9n a felhaszn\u00e1l\u00f3 s\u00faly\u00e1t is figyelembe venn\u00e9m: egy nagyon neh\u00e9z motoros plusz a rakom\u00e1ny el\u0151ny\u00e9re v\u00e1lhat a teljes\u00edtm\u00e9ny fenntart\u00e1s\u00e1hoz sz\u00fcks\u00e9ges t\u00f6bblet teljes\u00edtm\u00e9ny. \u00d6sszefoglalva, <strong>fontolja meg az 500W\/750W-os teljes\u00edtm\u00e9nyt, ha nagy terhel\u00e9ssel vagy meredek emelked\u0151kkel k\u00f6zlekedik, amelyek egy 250W-os rendszer hat\u00e1rait feszegetik, vagy ha 25 km\/h-n\u00e1l magasabb sebess\u00e9ghat\u00e1rokat szeretne el\u00e9rni az ing\u00e1z\u00e1s sor\u00e1n.<\/strong> . Az Regen-n\u00e9l ragaszkodunk a 250 W-os teljes\u00edtm\u00e9nyhez az EU-jogszer\u0171 ker\u00e9kp\u00e1rok eset\u00e9ben, de speci\u00e1lis felhaszn\u00e1l\u00e1si esetekben nagyobb teljes\u00edtm\u00e9ny\u0171 k\u00e9szleteket k\u00edn\u00e1lunk azoknak az \u00fcgyfeleknek, akiknek extra teljes\u00edtm\u00e9nyre van sz\u00fcks\u00e9g\u00fck. <\/p>\n\n\n\n<p><strong>Referenci\u00e1k:<\/strong> <a href=\"https:\/\/letrigo.com\/blogs\/news\/best-electric-cargo-bikes-for-mountainous-terrain?srsltid=AfmBOopSQzgloeSptpZ7DW3GIxEOCIGJ1ZFYI0FbouYbsjgOyjn2mgjD#:~:text=to%20consider%20include%20motor%20type%2C,landscapes%2C%20even%20with%20heavy%20cargo\" target=\"_blank\" rel=\"noopener\">750W-ra van sz\u00fcks\u00e9g meredek\/\u00e1tmenetes terepen<\/a> ; <a href=\"https:\/\/letrigo.com\/blogs\/knowledge\/ebike-hub-motor-life-expectancy?srsltid=AfmBOop3585JXux6GmfH5moAosbTg9eBjWT7niv1oaZKRJLgEKcf-BXP#:~:text=duration%20high%20stress%20,protection%20that%20will%20shut%20them\" target=\"_blank\" rel=\"noopener\">Motoros stresszjelek emelked\u0151k\u00f6n (t\u00falmeleged\u00e9s)<\/a> .<\/p>\n\n\n\n<h2 class=\"wp-block-heading\" id=\"battery-range\"><strong>Akkumul\u00e1tor \u00e9s hat\u00f3t\u00e1vols\u00e1g<\/strong><\/h2>\n\n\n\n<h3 class=\"wp-block-heading\" id=\"7-how-far-can-an-electric-cargo-bike-go\"><strong>9. Milyen messzire mehet egy elektromos teherbicikli?<\/strong><\/h3>\n\n\n\n<p>Az elektromos teherbring\u00e1k hat\u00f3t\u00e1vols\u00e1ga nagym\u00e9rt\u00e9kben v\u00e1ltozhat olyan t\u00e9nyez\u0151k f\u00fcggv\u00e9ny\u00e9ben, mint az akkumul\u00e1tor kapacit\u00e1sa, az asszisztencia szintje, a terep, a ker\u00e9kp\u00e1ros s\u00falya \u00e9s a rakom\u00e1ny terhel\u00e9se. \u00c1ltal\u00e1noss\u00e1gban elmondhat\u00f3, hogy a legt\u00f6bb modern e-cargo ker\u00e9kp\u00e1r egy szabv\u00e1nyos ~500 Wh-s akkumul\u00e1torral a k\u00f6vetkez\u0151 sebess\u00e9ggel k\u00e9pes haladni <strong>valahol 30 \u00e9s 60 km (20 \u00e9s 40 m\u00e9rf\u00f6ld) k\u00f6z\u00f6tt.<\/strong> egy t\u00f6lt\u00e9ssel, m\u00e9rs\u00e9kelt terhel\u00e9s mellett, val\u00f3s haszn\u00e1latban. Ha alacsonyabb asszisztencia-be\u00e1ll\u00edt\u00e1st haszn\u00e1l, \u00e9s s\u00edk terepen \u00f3vatosan halad, akkor ez ak\u00e1r 80+ km is lehet. Ezzel szemben, ha maxim\u00e1lis r\u00e1seg\u00edt\u00e9st haszn\u00e1l, \u00e9s neh\u00e9z rakom\u00e1nyt sz\u00e1ll\u00edt felfel\u00e9, a hat\u00f3t\u00e1vols\u00e1g 20 km-re vagy m\u00e9g kevesebbre cs\u00f6kkenhet. Sok teherbringa k\u00edn\u00e1lja a kett\u0151s akkumul\u00e1torok lehet\u0151s\u00e9g\u00e9t a nagyobb hat\u00f3t\u00e1vols\u00e1g \u00e9rdek\u00e9ben. P\u00e9ld\u00e1ul a Tern GSD (egy n\u00e9pszer\u0171 teherbringa) k\u00e9t 500 Wh-s akkumul\u00e1torral (\u00f6sszesen 1000 Wh) k\u00f6r\u00fclbel\u00fcl 102-206 km (63-128 m\u00e9rf\u00f6ld) hat\u00f3t\u00e1vols\u00e1got hirdetett meg ide\u00e1lis k\u00f6r\u00fclm\u00e9nyek k\u00f6z\u00f6tt - re\u00e1lisan tal\u00e1n ~80-100 km vegyes haszn\u00e1lat mellett. L\u00e1ttuk, hogy az egy akkumul\u00e1torral rendelkez\u0151 \u00fcgyfeleink egy eg\u00e9sz napos (~50 km) \u00fcgyint\u00e9z\u00e9st tudtak megoldani k\u00fcl\u00f6nb\u00f6z\u0151 asszisztenciaszintekkel, miel\u0151tt \u00fajrat\u00f6lt\u00e9sre lett volna sz\u00fcks\u00e9g\u00fck. <\/p>\n\n\n\n<p>M\u00e1sr\u00e9szt, amikor egyszer egy nagyon neh\u00e9z rakom\u00e1nyt vittem fel meredek dombokra maxim\u00e1lis turb\u00f3 \u00fczemm\u00f3dban, k\u00f6r\u00fclbel\u00fcl 25 km alatt lemer\u00edtettem egy 500 Wh-s akkumul\u00e1tort. Teh\u00e1t att\u00f3l f\u00fcgg, hogy \"meddig\". Tervez\u00e9si c\u00e9lokra gyakran mondom az embereknek: tegy\u00fck fel, hogy <strong>nagyj\u00e1b\u00f3l 1 km per 10 Wh<\/strong> akkumul\u00e1tor vegyes k\u00f6r\u00fclm\u00e9nyek k\u00f6z\u00f6tt, n\u00e9mi rakom\u00e1nnyal. Teh\u00e1t egy 500 Wh-s akkumul\u00e1tor ~ 50 km, egy 700 Wh-s ~ 70 km, stb., mint alapszint. K\u00f6nnyebb terhel\u00e9s vagy eco \u00fczemm\u00f3d megdupl\u00e1zhatja ezt; neh\u00e9z terhel\u00e9s vagy turb\u00f3 fel\u00e9re cs\u00f6kkentheti. \u00c9rdemes megjegyezni, hogy a sz\u00e9l \u00e9s a hideg id\u0151j\u00e1r\u00e1s is befoly\u00e1solhatja a hat\u00f3t\u00e1vols\u00e1got (az er\u0151s ellensz\u00e9l vagy az alacsony h\u0151m\u00e9rs\u00e9klet miatt a motor kem\u00e9nyebben dolgozik, ami cs\u00f6kkenti a t\u00e1vols\u00e1got). A legt\u00f6bb e-bike kijelz\u0151je menet k\u00f6zben becs\u00fcli meg a hat\u00f3t\u00e1vols\u00e1got, ami seg\u00edt. <\/p>\n\n\n\n<p>\u00d6sszefoglalva, <strong>egy tipikus e-cargo ker\u00e9kp\u00e1r 30-60 km-t tud megtenni egy felt\u00f6lt\u00e9ssel, egy akkumul\u00e1torral.<\/strong> , de a m\u00e9rf\u00f6ldek sz\u00e1ma a haszn\u00e1lat f\u00fcggv\u00e9ny\u00e9ben v\u00e1ltozik (sz\u00f3viccnek sz\u00e1nt\u00e1k). Ha a nagy hat\u00f3t\u00e1vols\u00e1g d\u00f6nt\u0151 fontoss\u00e1g\u00fa, fontolja meg egy extra akkumul\u00e1tor vagy egy nagyobb kapacit\u00e1s\u00fa akkumul\u00e1tor friss\u00edt\u00e9s\u00e9t. <\/p>\n\n\n\n<p><strong>Referenci\u00e1k:<\/strong> P\u00e9ldat\u00e1vols\u00e1gok (Tern GSD: 50-101 km 500 Wh-val, 102-206 km 1000 Wh-val) .<\/p>\n\n\n\n<h3 class=\"wp-block-heading\" id=\"8-what-is-the-battery-range-of-a-cargo-e-bike\"><strong>10. Mekkora az akkumul\u00e1tor hat\u00f3t\u00e1vols\u00e1ga egy teher e-bike eset\u00e9ben?<\/strong><\/h3>\n\n\n\n<p>A teherb\u00edr\u00e1s\u00fa e-bike akkumul\u00e1tor\u00e1nak hat\u00f3t\u00e1vols\u00e1ga azt jelenti, hogy milyen messzire lehet eljutni az akkumul\u00e1tor egyetlen felt\u00f6lt\u00e9s\u00e9vel. \u00c1ltal\u00e1noss\u00e1gban elmondhat\u00f3, hogy a legt\u00f6bb k\u00f6zepes m\u00e9ret\u0171 (mondjuk 500 watt\u00f3ra k\u00f6r\u00fcli) akkumul\u00e1torral felszerelt teher-E-bike hat\u00f3t\u00e1vols\u00e1ga a k\u00f6vetkez\u0151 \u00e9rt\u00e9keket \u00e9ri el <strong>kb. 50 km (30 m\u00e9rf\u00f6ld) plusz-m\u00ednusz.<\/strong> tipikus haszn\u00e1lat mellett . Ez t\u00f6bb t\u00e9nyez\u0151t\u0151l f\u00fcgg\u0151en n\u00f6vekedhet vagy cs\u00f6kkenhet:<\/p>\n\n\n\n<ul class=\"wp-block-list\">\n<li><strong>Az akkumul\u00e1tor kapacit\u00e1sa (Wh)<\/strong>: A nagyobb akkumul\u00e1tor t\u00f6bb energi\u00e1t t\u00e1rol, \u00edgy a hat\u00f3t\u00e1vols\u00e1g nagyj\u00e1b\u00f3l line\u00e1risan n\u00f6vekszik. P\u00e9ld\u00e1ul, ha 500 Wh ~50 km-t ad, akkor egy 625 Wh-s akkumul\u00e1tor ~62 km-t adhat hasonl\u00f3 k\u00f6r\u00fclm\u00e9nyek k\u00f6z\u00f6tt, \u00e9s egy kett\u0151s 1000 Wh-s akkumul\u00e1torral ~100+ km-t adhat.<\/li>\n\n\n\n<li><strong>Asszisztensi szint<\/strong>: Az Eco \u00fczemm\u00f3d haszn\u00e1lat\u00e1val a hat\u00f3t\u00e1vols\u00e1g megdupl\u00e1zhat\u00f3 a Turbo \u00fczemm\u00f3dhoz k\u00e9pest. Ha a teherbring\u00e1mat a legalacsonyabb asszisztenci\u00e1val hajtom, csak hogy levegyem a l\u00e1bamr\u00f3l a fesz\u00fclts\u00e9get, m\u00e1ris t\u00fall\u00e9ptem a 80 km-t egy t\u00f6lt\u00e9ssel. Ha a legnagyobb asszisztenci\u00e1val robbanok a teherrel, akkor lehet, hogy csak 30 km-t tudok megtenni.<\/li>\n\n\n\n<li><strong>Terep \u00e9s sebess\u00e9g<\/strong>: A dombos terep vagy a nagy sebess\u00e9ggel val\u00f3 vezet\u00e9s gyorsabban lemer\u00edti az akkumul\u00e1tort. Az emelked\u0151k gyorsan felem\u00e9sztik a watt\u00f3r\u00e1kat, mivel a motor hosszabb ideig dolgozik k\u00f6zel teljes teljes\u00edtm\u00e9nyen.<\/li>\n\n\n\n<li><strong>A rakom\u00e1ny s\u00falya<\/strong>: A nagyobb terhel\u00e9s azt jelenti, hogy a motornak nagyobb teljes\u00edtm\u00e9nyt kell leadnia a sebess\u00e9g fenntart\u00e1s\u00e1hoz, ami cs\u00f6kkenti a hat\u00f3t\u00e1vols\u00e1got (egyes becsl\u00e9sek alapj\u00e1n nagyj\u00e1b\u00f3l 10-20% hat\u00f3t\u00e1vols\u00e1g-cs\u00f6kken\u00e9s minden tov\u00e1bbi 30-40 kg terhel\u00e9s eset\u00e9n).<\/li>\n\n\n\n<li><strong>Sz\u00e9l \u00e9s id\u0151j\u00e1r\u00e1s<\/strong>: Az er\u0151s ellensz\u00e9l olyan, mintha folyamatosan felfel\u00e9 menn\u00e9nk - cs\u00f6kkenti a hat\u00f3t\u00e1vols\u00e1got. A hideg h\u0151m\u00e9rs\u00e9klet is cs\u00f6kkentheti \u00e1tmenetileg az akkumul\u00e1tor kapacit\u00e1s\u00e1t.<\/li>\n<\/ul>\n\n\n\n<p>A gy\u00e1rt\u00f3k gyakran nagy hat\u00f3t\u00e1vols\u00e1got adnak meg (p\u00e9ld\u00e1ul \"ak\u00e1r 100 km\"), mert ez nagyon v\u00e1ltoz\u00f3. P\u00e9ld\u00e1ul az egyik Regen t\u00edpus\u00fa, 700 Wh-s akkumul\u00e1torral felszerelt hossz\u00fah\u00e1t\u00fa teherbring\u00e1nkat a k\u00f6vetkez\u0151 \u00e9rt\u00e9ken tesztelt\u00e9k <em>ak\u00e1r<\/em> ~120 km s\u00edk terepen, minim\u00e1lis seg\u00edts\u00e9ggel. De kih\u00edv\u00e1st jelent\u0151 helyzetekben ez ak\u00e1r 40 km is lehet. Gyakorlati v\u00e1laszk\u00e9nt: <strong>egy 500 Wh-s akkumul\u00e1tort\u00f3l vegyes k\u00f6r\u00fclm\u00e9nyek k\u00f6z\u00f6tt ~50 km-t v\u00e1rjon, \u00e9s onnant\u00f3l kezdve az akkumul\u00e1tor m\u00e9rete \u00e9s a vezet\u00e9si st\u00edlusa alapj\u00e1n \u00e1ll\u00edtsa be.<\/strong> . Sok csal\u00e1di haszn\u00e1latra sz\u00e1nt teher e-ker\u00e9kp\u00e1rt \u00fagy terveztek, hogy egy t\u00f6lt\u00e9ssel k\u00f6nnyed\u00e9n lefedje a napi tipikus megb\u00edz\u00e1sokat vagy az ing\u00e1z\u00e1st. Ha enn\u00e9l t\u00f6bbre van sz\u00fcks\u00e9ge, akkor egy tartal\u00e9k akkumul\u00e1torral (vagy kett\u0151s akkumul\u00e1torral rendelkez\u0151 modellel) n\u00f6velheti a hat\u00f3t\u00e1vols\u00e1got. <\/p>\n\n\n\n<p><strong>Referenci\u00e1k:<\/strong> <a href=\"https:\/\/www.ternbicycles.com\/us\/bikes\/472\/gsd-s00-lx#:~:text=Range%3A\" target=\"_blank\" rel=\"noopener\">P\u00e9lda val\u00f3s hat\u00f3t\u00e1vols\u00e1gra (500 Wh ~50-101 km)<\/a> ; <a href=\"https:\/\/dohenybike.com\/blogs\/folding-e-bikes\/electric-cargo-bike-capacity-how-much-can-you-haul-1?srsltid=AfmBOoqf40sbmuZ5B8_l1EsbgaiL-LLja_YYeDe14eqyVqKvEJNj3OGG#:~:text=The%20amount%20of%20weight%20you%27re,which%20drains%20the%20battery%20faster\" target=\"_blank\" rel=\"noopener\">A terhel\u00e9s hat\u00e1sa a hat\u00f3t\u00e1vols\u00e1gra<\/a> .<\/p>\n\n\n\n<h3 class=\"wp-block-heading\" id=\"9-how-long-does-it-take-to-charge-a-cargo-bike-battery\"><strong>11. Mennyi ideig tart egy teherbicikli akkumul\u00e1tor\u00e1nak felt\u00f6lt\u00e9se?<\/strong><\/h3>\n\n\n\n<p>A t\u00f6lt\u00e9si id\u0151 az akkumul\u00e1tor kapacit\u00e1s\u00e1t\u00f3l \u00e9s a t\u00f6lt\u0151 sebess\u00e9g\u00e9t\u0151l f\u00fcgg\u0151en v\u00e1ltozhat, de \u00e1ltal\u00e1ban egy szabv\u00e1nyos e-bike akkumul\u00e1tor (400-600 Wh) t\u00f6lt\u00e9si ideje kb. <strong>3-6 \u00f3ra<\/strong> teljesen felt\u00f6lteni az \u00fcres t\u00f6lt\u00e9sb\u0151l. P\u00e9ld\u00e1ul a legt\u00f6bb 500 Wh-s akkumul\u00e1tor egy tipikus 4A-s t\u00f6lt\u0151vel 0%-r\u0151l 100%-re nagyj\u00e1b\u00f3l 4,5-5 \u00f3ra alatt megy fel. Ha csak felt\u00f6lti mondjuk 50%-r\u0151l a teljes t\u00f6lt\u00f6tts\u00e9gi szintre, akkor ez gyorsabb lesz (2-3 \u00f3ra). Itt van egy bont\u00e1s \u00e1ltal\u00e1nos sz\u00e1mokkal:<\/p>\n\n\n\n<ul class=\"wp-block-list\">\n<li>Egy <strong>300-400 Wh akkumul\u00e1tor<\/strong> lehet t\u00f6lteni ~2.5-4 \u00f3ra alatt egy szabv\u00e1nyos t\u00f6lt\u0151vel.<\/li>\n\n\n\n<li>Egy <strong>500 Wh akkumul\u00e1tor<\/strong> gyakran ~4-6 \u00f3r\u00e1t vesz ig\u00e9nybe.<\/li>\n\n\n\n<li>Egy <strong>700 Wh akkumul\u00e1tor<\/strong> norm\u00e1l t\u00f6lt\u0151vel ~6-8 \u00f3r\u00e1t vehet ig\u00e9nybe.<\/li>\n\n\n\n<li>Ezek felt\u00e9telezik a ker\u00e9kp\u00e1rokhoz mell\u00e9kelt 2A-4A t\u00f6lt\u0151ket. Egyes t\u00f6lt\u0151k gyorsabbak: a Bosch p\u00e9ld\u00e1ul 6A-s \"gyorst\u00f6lt\u0151t\" k\u00edn\u00e1l, amely egy 500 Wh-s ker\u00e9kp\u00e1rt k\u00f6r\u00fclbel\u00fcl 3 \u00f3ra alatt k\u00e9pes felt\u00f6lteni.<\/li>\n<\/ul>\n\n\n\n<p>Az Regen k\u00edn\u00e1lat\u00e1ban a t\u00f6lt\u0151ink jellemz\u0151en 4 amper teljes\u00edtm\u00e9ny\u0171ek. Teh\u00e1t egy 500 Wh (0,5 kWh) akkumul\u00e1tor eset\u00e9ben: 0,5 kWh \/ (4A \u00d7 36V) \u2248 3,5 \u00f3ra plusz n\u00e9mi extra a v\u00e9gs\u0151 kiegyens\u00falyoz\u00e1si f\u00e1zisra - a gyakorlatban nagyj\u00e1b\u00f3l 4,5 \u00f3ra. Azt tan\u00e1csoljuk az \u00fcgyfeleknek, hogy <strong>az \u00e9jszakai t\u00f6lt\u00e9s \u00e1ltal\u00e1ban elegend\u0151 az akkumul\u00e1tor felt\u00f6lt\u00e9s\u00e9hez<\/strong>. Ha kett\u0151s akkumul\u00e1torral rendelkezik, akkor \u00e1ltal\u00e1ban k\u00fcl\u00f6n-k\u00fcl\u00f6n t\u00f6lti \u0151ket (vagy egym\u00e1s ut\u00e1n, vagy k\u00e9t t\u00f6lt\u0151vel) - \u00edgy megdupl\u00e1zza az id\u0151t, ha egym\u00e1s ut\u00e1n t\u00f6lti \u0151ket. Vegye figyelembe azt is, hogy az akkumul\u00e1torok k\u00f6r\u00fclbel\u00fcl 80%-ig gyorsabban t\u00f6lt\u0151dnek, majd az utols\u00f3 20%-ig lelassulnak (a cellakiegyenl\u00edt\u00e9s miatt). \u00cdgy el\u0151fordulhat, hogy 3 \u00f3ra alatt el\u00e9ri a 80%-t, \u00e9s a marad\u00e9k 20% tov\u00e1bbi 1,5 \u00f3r\u00e1t vesz ig\u00e9nybe. K\u00e9nyszerhelyzetben m\u00e9g egy 1 \u00f3r\u00e1s r\u00e9szleges t\u00f6lt\u00e9s is tisztess\u00e9ges t\u00e1vols\u00e1got adhat (tal\u00e1n 10+ km-t, az akkumul\u00e1tort\u00f3l \u00e9s a t\u00f6lt\u0151t\u0151l f\u00fcgg\u0151en). <\/p>\n\n\n\n<p><strong>\u00d6sszefoglalva:<\/strong> egy tipikus teher e-bike akkumul\u00e1tor teljes felt\u00f6lt\u00e9s\u00e9re 4-5 \u00f3ra, a legnagyobb akkumul\u00e1torok eset\u00e9ben ak\u00e1r 6-8 \u00f3ra is lehet, hacsak nincs gyorst\u00f6lt\u0151je. Ha ennek megfelel\u0151en tervezel, ritk\u00e1n fogsz lemaradni - sok motoros csak minden este t\u00f6lti fel. <\/p>\n\n\n\n<p><strong>Referenci\u00e1k:<\/strong> <a href=\"https:\/\/leoguarbikes.com\/blogs\/news\/ebike-charge-time-guide?srsltid=AfmBOoqgv_brouOtINwW-jTQHLo9jCk-_Swa_bzuKskxi8BFKpNqqCuf#:~:text=Battery%20Capacity%20,8%2B%20hours%20Heavy%20use\" target=\"_blank\" rel=\"noopener\">\u00c1ltal\u00e1nos t\u00f6lt\u00e9si id\u0151k kapacit\u00e1s szerint<\/a> ; <\/p>\n\n\n\n<h3 class=\"wp-block-heading\" id=\"22-what-is-the-range-of-a-cargo-bike-when-fully-loaded\"><strong>12. Mekkora a hat\u00f3t\u00e1vols\u00e1ga egy teherbiciklinek, ha teljesen meg van terhelve?<\/strong><\/h3>\n\n\n\n<p>Ha egy teherbringa teljesen meg van terhelve (azaz k\u00f6zel a maxim\u00e1lis n\u00e9vleges hasznos teherb\u00edr\u00e1shoz), a hat\u00f3t\u00e1vols\u00e1g \u00e1ltal\u00e1ban cs\u00f6kken az \u00fcres ker\u00e9kp\u00e1roz\u00e1shoz k\u00e9pest. <strong>Durva becsl\u00e9sk\u00e9nt, teljes terhel\u00e9s mellett 15-25% hat\u00f3t\u00e1vols\u00e1g-cs\u00f6kken\u00e9st tapasztalhat.<\/strong> k\u00f6nny\u0171 terhel\u00e9ssel szemben. P\u00e9ld\u00e1ul, ha egy ker\u00e9kp\u00e1r \u00e1ltal\u00e1ban 50 km-t tesz meg egy t\u00f6lt\u00e9ssel, ha csak a ker\u00e9kp\u00e1ros van rajta, ez a teljes\u00edtm\u00e9ny 35-40 km-re cs\u00f6kkenhet, ha neh\u00e9z gyerekeket vagy rakom\u00e1nyt sz\u00e1ll\u00edt. Mi\u00e9rt ez a cs\u00f6kken\u00e9s? A nagyobb s\u00faly azt jelenti, hogy a motornak kem\u00e9nyebben kell dolgoznia, k\u00fcl\u00f6n\u00f6sen gyors\u00edt\u00e1skor \u00e9s emelked\u0151n, \u00edgy kilom\u00e9terenk\u00e9nt t\u00f6bb energi\u00e1t haszn\u00e1l fel. <\/p>\n\n\n\n<p>Val\u00f3j\u00e1ban az ipar\u00e1gi vit\u00e1kban eml\u00edtett egyik \u00f6k\u00f6lszab\u00e1ly az, hogy kb. <em>10-20% minden tov\u00e1bbi 100 font (~45 kg) t\u00f6meggel kisebb hat\u00f3t\u00e1vols\u00e1g<\/em> . Gyakorlatilag ezt tapasztaltam: a teherbring\u00e1mon csak \u00e9n vagyok (rakom\u00e1ny n\u00e9lk\u00fcl), \u00e9s egy r\u00f6vid \u00fat sor\u00e1n az akku alig csorbul, de ha k\u00e9t gyereket \u00e9s \u00e9lelmiszert pakolok fel (mondjuk +50 kg), akkor ugyanazon az \u00fatvonalon gyorsabban cs\u00f6kken az akkumul\u00e1tor t\u00f6lt\u00f6tts\u00e9gi mutat\u00f3ja. A ker\u00e9kp\u00e1r m\u00e9g mindig j\u00f3l teljes\u00edt, csak t\u00f6bb watt\u00f3r\u00e1t fogyaszt kilom\u00e9terenk\u00e9nt. Teh\u00e1t egy teljesen megrakott \u00fat, amely 40 km-es k\u00f6r\u00fat lehet, az akkumul\u00e1tor k\u00f6zel \u00fcresre mehet, m\u00edg rakom\u00e1ny n\u00e9lk\u00fcl tal\u00e1n 30% maradna. Azt is \u00e9rdemes megjegyezni, hogy <strong>a teljes terhel\u00e9s alatti hat\u00f3t\u00e1vols\u00e1got befoly\u00e1solhatja az, hogy hogyan vezetsz<\/strong>: ha a s\u00falyt magasabb r\u00e1seg\u00edt\u00e9ssel vagy nagyobb g\u00e1zad\u00e1ssal kompenz\u00e1lja, tov\u00e1bb cs\u00f6kkenti a hat\u00f3t\u00e1vols\u00e1got. Az olyan j\u00f3 gyakorlatok, mint a megfelel\u0151 guminyom\u00e1s fenntart\u00e1sa (a g\u00f6rd\u00fcl\u00e9si ellen\u00e1ll\u00e1s cs\u00f6kkent\u00e9se \u00e9rdek\u00e9ben) \u00e9s az alacsonyabb sebess\u00e9gfokozat haszn\u00e1lata (a motor hat\u00e9konys\u00e1g\u00e1nak meg\u0151rz\u00e9se \u00e9rdek\u00e9ben) seg\u00edthetnek a hat\u00f3t\u00e1vols\u00e1g maximaliz\u00e1l\u00e1s\u00e1ban m\u00e9g terhel\u00e9s eset\u00e9n is. <\/p>\n\n\n\n<p>Egyes gy\u00e1rt\u00f3k online hat\u00f3t\u00e1vols\u00e1g-kalkul\u00e1torokat k\u00edn\u00e1lnak (a Bosch rendelkezik ilyennel), ahol megadhatja a s\u00falyt, \u00e9s a becs\u00fclt \u00e9rt\u00e9ket be\u00e1ll\u00edtja. Ezek gyakran mutatj\u00e1k a hat\u00f3t\u00e1vols\u00e1g \u00e9szrevehet\u0151 cs\u00f6kken\u00e9s\u00e9t a hasznos teher n\u00f6veked\u00e9s\u00e9vel. \u00d6sszefoglalva, <strong>egy teljesen megrakott tehersz\u00e1ll\u00edt\u00f3 e-ker\u00e9kp\u00e1rnak r\u00f6videbb lesz a hat\u00f3t\u00e1vols\u00e1ga - tal\u00e1n 25-40%-vel r\u00f6videbb -, mint ha enyh\u00e9n meg van rakva.<\/strong> . Ennek megfelel\u0151en tervezzen: ha gyakran teker teljes terhel\u00e9ssel hossz\u00fa t\u00e1vokon, akkor \u00e9rdemes nagyobb akkumul\u00e1tort vagy egy m\u00e1sodik akkumul\u00e1tort beszerezni, hogy biztos\u00edtsa, hogy legyen el\u00e9g energi\u00e1ja a haza\u00fatra. <\/p>\n\n\n\n<p><strong>Referenci\u00e1k:<\/strong> <a href=\"https:\/\/dohenybike.com\/blogs\/folding-e-bikes\/electric-cargo-bike-capacity-how-much-can-you-haul-1?srsltid=AfmBOoqf40sbmuZ5B8_l1EsbgaiL-LLja_YYeDe14eqyVqKvEJNj3OGG#:~:text=The%20amount%20of%20weight%20you%27re,which%20drains%20the%20battery%20faster\" target=\"_blank\" rel=\"noopener\">A s\u00faly hat\u00e1sa a hat\u00f3t\u00e1vols\u00e1gra (10-20% cs\u00f6kken\u00e9s tov\u00e1bbi 45 kg-onk\u00e9nt)<\/a> ; <a href=\"https:\/\/dohenybike.com\/blogs\/folding-e-bikes\/electric-cargo-bike-capacity-how-much-can-you-haul-1?srsltid=AfmBOoqf40sbmuZ5B8_l1EsbgaiL-LLja_YYeDe14eqyVqKvEJNj3OGG#:~:text=The%20amount%20of%20weight%20you%27re,which%20drains%20the%20battery%20faster\" target=\"_blank\" rel=\"noopener\">P\u00e9lda: 40 m\u00e9rf\u00f6ld norm\u00e1lis lehet ~32 m\u00e9rf\u00f6ld teljes terhel\u00e9ssel (20% csepp) .<\/a><\/p>\n\n\n\n<h3 class=\"wp-block-heading\" id=\"23-how-does-battery-size-wh-affect-real-world-usage\"><strong>13. Hogyan befoly\u00e1solja az akkumul\u00e1tor m\u00e9rete (Wh) a val\u00f3s haszn\u00e1latot?<\/strong><\/h3>\n\n\n\n<p>Az akkumul\u00e1tor m\u00e9rete, watt\u00f3r\u00e1ban (Wh) m\u00e9rve, l\u00e9nyeg\u00e9ben az e-cargo ker\u00e9kp\u00e1r \u00fczemanyagtart\u00e1lya. A nagyobb Wh-s akkumul\u00e1tor nagyobb hat\u00f3t\u00e1vols\u00e1got jelent - messzebbre utazhat, vagy hosszabb ideig haszn\u00e1lhatja a nagyobb teljes\u00edtm\u00e9nyt. <strong>A val\u00f3s haszn\u00e1lat sor\u00e1n a nagyobb kapacit\u00e1s\u00fa akkumul\u00e1tor nagyobb szabads\u00e1got biztos\u00edt:<\/strong> hosszabb utakat vagy t\u00f6bb megb\u00edz\u00e1st is teljes\u00edthet egy nap alatt felt\u00f6lt\u00e9s n\u00e9lk\u00fcl, \u00e9s kev\u00e9sb\u00e9 val\u00f3sz\u00edn\u0171, hogy \"hat\u00f3t\u00e1vols\u00e1g-szorong\u00e1st\" tapasztal. Ha p\u00e9ld\u00e1ul egy 400 Wh-s akkumul\u00e1torr\u00f3l egy 600 Wh-s akkumul\u00e1torra v\u00e1lt (ez 50%-tel nagyobb kapacit\u00e1s), akkor nagyj\u00e1b\u00f3l 50%-tel nagyobb t\u00e1vols\u00e1gra sz\u00e1m\u00edthat egy felt\u00f6lt\u00e9ssel . \u00cdgy tal\u00e1n 40 km-r\u0151l 60 km-re n\u0151 a t\u00f6lt\u00e9senk\u00e9nti megtett \u00fat hasonl\u00f3 k\u00f6r\u00fclm\u00e9nyek k\u00f6z\u00f6tt. Ez meglehet\u0151sen line\u00e1risan sk\u00e1l\u00e1z\u00f3dik: az akkumul\u00e1tor kapacit\u00e1s\u00e1nak megdupl\u00e1z\u00e1sa nagyj\u00e1b\u00f3l megdupl\u00e1zza a hat\u00f3t\u00e1vols\u00e1got. De a hat\u00f3t\u00e1vols\u00e1gon t\u00fal az akkumul\u00e1tor m\u00e9rete azt is befoly\u00e1solja, hogy mennyire k\u00e9nyelmes a seg\u00e9deszk\u00f6z haszn\u00e1lata. <\/p>\n\n\n\n<p>Egy kis akkumul\u00e1torral \u00e9rdemes konzervat\u00edvnak lenni, \u00e9s gyakrabban haszn\u00e1lni az Eco \u00fczemm\u00f3dot, hogy elker\u00fclje annak lemer\u00fcl\u00e9s\u00e9t. Nagy akkumul\u00e1torral viszont szabadon haszn\u00e1lhatja a Turbo \u00fczemm\u00f3dot, ha sz\u00fcks\u00e9ges, mert tudja, hogy b\u0151s\u00e9ges tartal\u00e9kai vannak. Megfigyeltem, hogy a kett\u0151s akkumul\u00e1torral (p\u00e9ld\u00e1ul \u00f6sszesen 1000 Wh) rendelkez\u0151 motorosok b\u0151kez\u0171en haszn\u00e1lj\u00e1k a magas asszisztenst m\u00e9g r\u00f6vid emelked\u0151k\u00f6n is, mert tudj\u00e1k, hogy nem fog lemer\u00fclni. Az akkumul\u00e1tor m\u00e9rete is befoly\u00e1solja a teljes\u00edtm\u00e9nyt nagyon hossz\u00fa vagy meredek emelked\u0151k\u00f6n - egy nagyobb akkumul\u00e1tor hosszabb ideig k\u00e9pes fenntartani a nagy teljes\u00edtm\u00e9nyt, miel\u0151tt a fesz\u00fclts\u00e9g cs\u00f6kkenni kezd. Ez fenntarthatja a teljes\u00edtm\u00e9nyt a menet v\u00e9ge fel\u00e9. Egyetlen kompromisszum: a nagyobb akkumul\u00e1torok kicsit nehezebbek \u00e9s terjedelmesebbek, \u00e9s term\u00e9szetesen dr\u00e1g\u00e1bbak is. De egy teherbiciklin a s\u00falycs\u00f6kken\u00e9s \u00e1ltal\u00e1ban nem jelent nagy probl\u00e9m\u00e1t, tekintve a ker\u00e9kp\u00e1r am\u00fagy is massz\u00edv fel\u00e9p\u00edt\u00e9s\u00e9t.<\/p>\n\n\n\n<p> \u00d6sszefoglalva, <strong>a nagyobb Wh-s akkumul\u00e1tor n\u00f6veli a hat\u00f3t\u00e1vols\u00e1got, \u00e9s lehet\u0151v\u00e9 teszi a magasabb asszisztencia-szintek nagyobb m\u00e9rt\u00e9k\u0171 haszn\u00e1lat\u00e1t<\/strong>. Ez az egyik legegyszer\u0171bb m\u00f3dja az e-cargo ker\u00e9kp\u00e1r val\u00f3s haszn\u00e1lhat\u00f3s\u00e1g\u00e1nak jav\u00edt\u00e1s\u00e1ra. P\u00e9ld\u00e1ul egy 500 Wh-s akkumul\u00e1torral a haszn\u00e1latt\u00f3l f\u00fcgg\u0151en 50-100 km-t tehet meg, m\u00edg egy 1000 Wh-s (kett\u0151s) akkumul\u00e1torral 100-200 km-t is megtehet, \u00edgy ak\u00e1r egy eg\u00e9sz napos neh\u00e9z teker\u00e9st is megtehet. Az Regen-n\u00e9l gyakran aj\u00e1nlunk egy extra akkumul\u00e1tort azoknak a felhaszn\u00e1l\u00f3knak, akik rendszeresen hossz\u00fa utakat tesznek meg, vagy neh\u00e9z terheket cipelnek, hogy mindig legyen egy extra puffer. <\/p>\n\n\n\n<p><strong>Referenci\u00e1k:<\/strong> <a href=\"https:\/\/www.ternbicycles.com\/us\/bikes\/472\/gsd-s00-lx#:~:text=Range%3A\" target=\"_blank\" rel=\"noopener\">A hat\u00f3t\u00e1vols\u00e1g line\u00e1risan n\u0151 a Wh-val (500 Wh ~50-101 km vs 1000 Wh ~102-206 km)<\/a> ; <\/p>\n\n\n\n<h2 class=\"wp-block-heading\" id=\"load-handling\"><strong>Terhel\u00e9s kezel\u00e9se<\/strong><\/h2>\n\n\n\n<h3 class=\"wp-block-heading\" id=\"10-can-electric-cargo-bikes-carry-heavy-loads\"><strong>14. Az elektromos teherbiciklik k\u00e9pesek neh\u00e9z terheket sz\u00e1ll\u00edtani?<\/strong><\/h3>\n\n\n\n<p>Teljes m\u00e9rt\u00e9kben - az elektromos teherbring\u00e1kat kifejezetten neh\u00e9z terhek sz\u00e1ll\u00edt\u00e1s\u00e1ra tervezt\u00e9k, \u00e9s az elektromos asszisztens praktikuss\u00e1 teszi azt. Sok e-cargo ker\u00e9kp\u00e1r k\u00e9pes sz\u00e1ll\u00edtani <strong>t\u00f6bb sz\u00e1z font<\/strong>. P\u00e9ld\u00e1ul, ez gyakori, hogy egy teher ker\u00e9kp\u00e1r, hogy a teljes teherb\u00edr\u00e1s k\u00f6r\u00fcl 400 font (kb. 180 kg) bele\u00e9rtve a lovas \u00e9s a rakom\u00e1ny. Ez azt jelenti, hogy ha a lovas s\u00falya 70 kg, a ker\u00e9kp\u00e1r ~ 110 kg rakom\u00e1nyt tud kezelni. N\u00e9h\u00e1ny nagy teherb\u00edr\u00e1s\u00fa teherbringa (k\u00fcl\u00f6n\u00f6sen trike vagy longjohn st\u00edlus\u00fa) m\u00e9g t\u00f6bbet is elb\u00edr, ak\u00e1r 600+ lbs (272 kg) \u00f6sszs\u00falyt is. H\u00e9tk\u00f6znapi \u00e9rtelemben igen, sz\u00e1ll\u00edthatod a gyerekeidet, a bev\u00e1s\u00e1rl\u00e1st \u00e9s m\u00e9g sok m\u00e1st is. Vannak el\u00f6l rakodhat\u00f3 dobozos ker\u00e9kp\u00e1rok, amelyeken 2-4 gyerek elf\u00e9r (ez k\u00f6nnyen 40-80 kg gyerek), \u00e9s hossz\u00fafark\u00fa ker\u00e9kp\u00e1rok, amelyek h\u00e1tulj\u00e1n k\u00e9t nagyobb gyerek is elf\u00e9r. <\/p>\n\n\n\n<p>Az e-seg\u00edts\u00e9g biztos\u00edtja, hogy mindezt \u00fagy tudod megtenni, hogy a l\u00e1baid nem adj\u00e1k fel. Rutinszer\u0171en cipelem a k\u00e9t gyermekemet (egy\u00fctt ~50 kg) plusz a h\u00e1tizs\u00e1kokat az elektromos teherbiciklin - neh\u00e9z, de a ker\u00e9kp\u00e1r erre \u00e9p\u00fclt, \u00e9s stabilnak \u00e9rzem. Egy dolgot \u00e9rdemes szem el\u0151tt tartani: <strong>stabilit\u00e1s \u00e9s f\u00e9kez\u00e9s.<\/strong> A teherbring\u00e1knak er\u0151s\u00edtett v\u00e1zuk, er\u0151s f\u00e9kjeik \u00e9s gyakran olyan funkci\u00f3kkal rendelkeznek, mint a kett\u0151s \u00e1llv\u00e1nyok, hogy biztons\u00e1gosan kezelj\u00e9k a neh\u00e9z terheket. A stabilit\u00e1s \u00e9rdek\u00e9ben alacsony s\u00falyponttal vagy ak\u00e1r h\u00e1romkerek\u0171 kialak\u00edt\u00e1ssal is rendelkeznek. Teh\u00e1t igen, k\u00e9pesek neh\u00e9z terheket sz\u00e1ll\u00edtani. <em>megfelel\u0151 haszn\u00e1lat mellett<\/em>. Mindig tartsa be a gy\u00e1rt\u00f3 \u00e1ltal megadott s\u00falyhat\u00e1rt; annak t\u00fall\u00e9p\u00e9se megterhelheti az alkatr\u00e9szeket, vagy megingathatja a kezel\u00e9st. De a specifik\u00e1ci\u00f3n bel\u00fcl meg fog lep\u0151dni, hogy ezek a motorok mit tudnak sz\u00e1ll\u00edtani.<\/p>\n\n\n\n<p>Egy gyors p\u00e9lda: az Regen teherhord\u00f3 trike modell\u00fcnk 100 kg-ot k\u00e9pes sz\u00e1ll\u00edtani az els\u0151 dobozban a vezet\u0151n k\u00edv\u00fcl, \u00e9s vannak \u00fcgyfeleink, akik ezt haszn\u00e1lj\u00e1k term\u00e9nyl\u00e1d\u00e1k stb. sz\u00e1ll\u00edt\u00e1s\u00e1ra. Az elektromos asszisztens ezekben a helyzetekben igaz\u00e1n ragyog, \u00e9s m\u00e9g teljes terhel\u00e9s eset\u00e9n is \u00e9sszer\u0171 sebess\u00e9get tart. <\/p>\n\n\n\n<p>\u00d6sszefoglalva, <strong>az elektromos teherbiciklik nagyon alkalmasak a teherhord\u00e1sra<\/strong> - gondoljon r\u00e1juk \u00fagy, mint a ker\u00e9kp\u00e1rvil\u00e1g pickup teheraut\u00f3ira, csak ne feledje, hogy egyenletesen ossza el a s\u00falyt, \u00e9s \u00f3vatosan k\u00f6zlekedjen, ha meg van terhelve. <\/p>\n\n\n\n<p><strong>Referenci\u00e1k:<\/strong> <a href=\"https:\/\/www.ternbicycles.com\/us\/bikes\/472\/gsd-s00-lx#:~:text=Range%3A\" target=\"_blank\" rel=\"noopener\">Tipikus teherb\u00edr\u00e1s (300-600 font, bele\u00e9rtve a lovast is)<\/a> ; <a href=\"https:\/\/leoguarbikes.com\/blogs\/news\/ebike-charge-time-guide?srsltid=AfmBOoqgv_brouOtINwW-jTQHLo9jCk-_Swa_bzuKskxi8BFKpNqqCuf#:~:text=Battery%20Capacity%20,8%2B%20hours%20Heavy%20use\" target=\"_blank\" rel=\"noopener\">P\u00e9lda: azaz ~250 font rakom\u00e1ny, ha a lovas ~150 font.<\/a><\/p>\n\n\n\n<h3 class=\"wp-block-heading\" id=\"11-whats-the-maximum-weight-a-cargo-e-bike-can-carry-with-power-support\"><strong>15. Mekkora a maxim\u00e1lis s\u00faly, amit egy teher e-bike el tud vinni elektromos t\u00e1mogat\u00e1ssal?<\/strong><\/h3>\n\n\n\n<p>A maxim\u00e1lis s\u00faly (hasznos teherb\u00edr\u00e1s) modellenk\u00e9nt v\u00e1ltozik, de sok tehersz\u00e1ll\u00edt\u00f3 e-bike a k\u00f6vetkez\u0151 \u00e9rt\u00e9kekre van m\u00e9retezve <strong>valahol 150-200 kg k\u00f6r\u00fcli \u00f6sszs\u00faly (lovassal egy\u00fctt)<\/strong> . Ezt lebontva: ha maga a ker\u00e9kp\u00e1r s\u00falya ~30 kg, \u00e9s a motoros s\u00falya mondjuk 70 kg, akkor marad kb. 50-100 kg rakom\u00e1ny. P\u00e9ld\u00e1ul egy gyakori el\u0151\u00edr\u00e1s a \"max. terhel\u00e9s 180 kg\" - ez egy ker\u00e9kp\u00e1ros plusz 100 kg rakom\u00e1nyt jelenthet. N\u00e9h\u00e1ny p\u00e9lda: az Urban Arrow Family (egy el\u00fcls\u0151 rakod\u00f3) maxim\u00e1lis brutt\u00f3 t\u00f6mege 275 kg k\u00f6r\u00fcl van (a ker\u00e9kp\u00e1rral egy\u00fctt), ami a ker\u00e9kp\u00e1r \u00e9s a ker\u00e9kp\u00e1ros figyelembev\u00e9tele ut\u00e1n nagyj\u00e1b\u00f3l 125 kg hasznos terhet jelent. A Tern GSD 200 kg \u00f6sszt\u00f6meg\u0171, ker\u00e9kp\u00e1rral egy\u00fctt (teh\u00e1t nagyj\u00e1b\u00f3l 180 kg, bele\u00e9rtve a ker\u00e9kp\u00e1rost \u00e9s a rakom\u00e1nyt), \u00e9s az emberek rendszeresen k\u00e9t gyereket + \u00e9lelmiszert sz\u00e1ll\u00edtanak rajta. <\/p>\n\n\n\n<p>A legsz\u00e9ls\u0151s\u00e9gesebb esetben bizonyos <strong>kereskedelmi teherbring\u00e1k<\/strong> vagy triciklivel t\u00f6bbet tudnak sz\u00e1ll\u00edtani. L\u00e1ttam olyan specifik\u00e1ci\u00f3kat <strong>300 kg vagy ann\u00e1l nagyobb \u00f6sszt\u00f6meg<\/strong> a neh\u00e9z tehersz\u00e1ll\u00edt\u00f3 triciklikhez . Egyes teherhord\u00f3 triciklik p\u00e9ld\u00e1ul egyed\u00fcl 250 kg rakom\u00e1nyt is elb\u00edrnak (gyakran kett\u0151s akkumul\u00e1torral \u00e9s nagyon er\u0151s v\u00e1zzal). De ezek speci\u00e1lisak. A k\u00e9rd\u00e9s val\u00f3sz\u00edn\u0171leg a tipikus fogyaszt\u00f3i tehersz\u00e1ll\u00edt\u00f3 e-ker\u00e9kp\u00e1rokra \u00f6sszpontos\u00edt: amelyek, mint eml\u00edtett\u00fck, ~100-125 kg rakom\u00e1ny \u00e1ltal\u00e1ban a fels\u0151 hat\u00e1r. \u00c9rdemes megjegyezni, hogy a \"teljes\u00edtm\u00e9nyt\u00e1mogat\u00e1ssal\" azt jelenti, hogy a motor ezen s\u00falyokig hat\u00e9konyan seg\u00edt. \u00c9s val\u00f3ban, a tehersz\u00e1ll\u00edt\u00f3-specifikus motorok (mint p\u00e9ld\u00e1ul a Bosch Cargo Line) \u00fagy vannak be\u00e1ll\u00edtva, hogy alacsony fordulatsz\u00e1mon is nagy nyomat\u00e9kot adjanak le, hogy nagy terheket mozgathassanak meg\u00e1ll\u00e1sb\u00f3l. A motorosok sikeresen sz\u00e1ll\u00edtottak m\u00e1r hihetetlen dolgokat - h\u00e1ztart\u00e1si g\u00e9peket, t\u00f6bb gyereket, s\u0151t m\u00e9g egy m\u00e1sik feln\u0151tt utast is n\u00e9h\u00e1ny longtail-en. A longtail ker\u00e9kp\u00e1rok p\u00e9ld\u00e1ul gyakran ~80 kg-ot adnak meg a h\u00e1ts\u00f3 csomagtart\u00f3n (ami el\u00e9g egy feln\u0151tt utasnak). <\/p>\n\n\n\n<p><strong>Mindig ellen\u0151rizze a ker\u00e9kp\u00e1r k\u00e9zik\u00f6nyv\u00e9t<\/strong> a maxim\u00e1lis s\u00falyra vonatkoz\u00f3 ir\u00e1nymutat\u00e1sok, mivel a stabilit\u00e1s \u00e9s a v\u00e1z integrit\u00e1sa att\u00f3l f\u00fcgg, hogy ezeket nem l\u00e9pj\u00fck-e t\u00fal. Teh\u00e1t, hogy k\u00f6zvetlen\u00fcl v\u00e1laszoljak: <strong>sok tehersz\u00e1ll\u00edt\u00f3 e-ker\u00e9kp\u00e1r 100 kg-os nagys\u00e1grend\u0171 rakom\u00e1nyt tud sz\u00e1ll\u00edtani (a ker\u00e9kp\u00e1roson k\u00edv\u00fcl).<\/strong>, a legstrapab\u00edr\u00f3bb modellek magasabbak (150+ kg rakom\u00e1ny). Az elektromos asszisztenst \u00fagy tervezt\u00e9k, hogy biztons\u00e1gos sebess\u00e9ggel tudja kezelni ezeket a terheket. <\/p>\n\n\n\n<p><\/p>\n\n\n\n<h3 class=\"wp-block-heading\" id=\"12-how-does-load-affect-cargo-bike-performance\"><strong>16. Hogyan befoly\u00e1solja a terhel\u00e9s a teherbicikli teljes\u00edtm\u00e9ny\u00e9t?<\/strong><\/h3>\n\n\n\n<p>Ha egy teherbiciklire rakod a terhel\u00e9st, a teljes\u00edtm\u00e9ny t\u00f6bb aspektus\u00e1ban is v\u00e1ltoz\u00e1st fogsz tapasztalni: <strong>gyorsul\u00e1s, f\u00e9kez\u00e9s, kezelhet\u0151s\u00e9g \u00e9s hat\u00f3t\u00e1vols\u00e1g<\/strong>.<\/p>\n\n\n\n<ul class=\"wp-block-list\">\n<li><strong>Gyorsul\u00e1s \u00e9s emelked\u00e9s:<\/strong> A nagyobb terhel\u00e9s azt jelenti, hogy a ker\u00e9kp\u00e1r lassabban gyorsul, \u00e9s a motornak kem\u00e9nyebben kell dolgoznia az emelked\u0151k\u00f6n. Elektromos asszisztenssel ez enyh\u00fcl, de m\u00e9g mindig \u00fagy \u00e9rezheti, hogy a ker\u00e9kp\u00e1r lass\u00fabb, mint \u00fcres \u00e1llapotban. P\u00e9ld\u00e1ul a meg\u00e1ll\u00e1sb\u00f3l val\u00f3 elindul\u00e1s neh\u00e9z terhel\u00e9ssel egy kicsit t\u00f6bb t\u00fcrelmet (\u00e9s alacsony sebess\u00e9gfokozatot) ig\u00e9nyelhet, mivel a rendszer felgyorsul. Lehet, hogy emelked\u0151k\u00f6n magasabb asszisztenciaszintet kell haszn\u00e1lnia, vagy lassabb temp\u00f3t kell elfogadnia, ha meg van terhelve.<\/li>\n\n\n\n<li><strong>F\u00e9kez\u00e9s:<\/strong> Nagyobb s\u00faly = hosszabb f\u00e9k\u00fat. A tehersz\u00e1ll\u00edt\u00f3 ker\u00e9kp\u00e1rok \u00e1ltal\u00e1ban er\u0151s t\u00e1rcsaf\u00e9kekkel rendelkeznek, hogy kompenz\u00e1lj\u00e1k ezt, de mindig sz\u00e1molnod kell az extra lend\u00fclettel. Sokkal \u00f3vatosabban vezetek, amikor a gyerekeimet sz\u00e1ll\u00edtom, mint sz\u00f3l\u00f3ban, mert tudom, hogy a ker\u00e9kp\u00e1r nehezebb, \u00e9s kicsit nagyobb t\u00e1vols\u00e1gra van sz\u00fcks\u00e9ge a biztons\u00e1gos meg\u00e1ll\u00e1shoz.<\/li>\n\n\n\n<li><strong>Kezel\u00e9s:<\/strong> A ker\u00e9kp\u00e1r neh\u00e9z terhel\u00e9ssel \"m\u00e1snak\" \u00e9rezheti mag\u00e1t. A k\u00e9tkerek\u0171 teherbring\u00e1k eset\u00e9ben a neh\u00e9z h\u00e1ts\u00f3 terhel\u00e9s hat\u00e1s\u00e1ra az els\u0151t k\u00f6nny\u0171nek vagy ingatagnak \u00e9rezheti, am\u00edg hozz\u00e1 nem szokik. Egy el\u00f6l dobozos (bakfites) ker\u00e9kp\u00e1r, amelynek s\u00falya el\u00f6l van, lomh\u00e1bbnak \u00e9rezheti a korm\u00e1nyz\u00e1st. Ha a terhel\u00e9s j\u00f3l elosztott \u00e9s alacsony, a ker\u00e9kp\u00e1r meglehet\u0151sen stabil marad (a formatervek ezt el\u0151revet\u00edtik). De az \u00e9les kanyarokat \u00e9s a gyors man\u0151vereket \u00f3vatosan kell v\u00e9grehajtani terhelt \u00e1llapotban. Ha h\u00e1romkerek\u0171 teherhord\u00f3 triciklije van, a neh\u00e9z terhek egy bizonyos pontig val\u00f3ban jav\u00edthatj\u00e1k a stabilit\u00e1st, de a billen\u00e9s elker\u00fcl\u00e9se \u00e9rdek\u00e9ben lassan kell kanyarodni. \u00d6sszess\u00e9g\u00e9ben alkalmazkodj a vezet\u00e9shez - lassabb kanyarok, sim\u00e1bb bevitel.<\/li>\n\n\n\n<li><strong>Hat\u00f3t\u00e1vols\u00e1g \u00e9s akkumul\u00e1tor<\/strong>: A 22. k\u00e9rd\u00e9sben t\u00e1rgyaltak szerint a nagyobb terhel\u00e9s cs\u00f6kkenti a hat\u00f3t\u00e1vols\u00e1got, mivel a motornak t\u00f6bb energi\u00e1t kell leadnia a gravit\u00e1ci\u00f3 \u00e9s a g\u00f6rd\u00fcl\u00e9si ellen\u00e1ll\u00e1s lek\u00fczd\u00e9s\u00e9hez. Lehet, hogy az akkumul\u00e1tor gyorsabban lemer\u00fcl egy terhelt ker\u00e9kp\u00e1rral (tal\u00e1n 15-25%-vel kevesebb a hat\u00f3t\u00e1vols\u00e1g egy teljesen terhelt helyzetben).<\/li>\n\n\n\n<li><strong>Kop\u00e1s \u00e9s elhaszn\u00e1l\u00f3d\u00e1s:<\/strong> K\u00f6zvetett m\u00f3don a neh\u00e9z terhek k\u00f6vetkezetes sz\u00e1ll\u00edt\u00e1sa gyorsabb kop\u00e1st jelenthet az olyan alkatr\u00e9szeken, mint a f\u00e9kbet\u00e9tek (gyorsabban kopnak a nagyobb t\u00f6meg meg\u00e1ll\u00edt\u00e1sakor) \u00e9s a gumiabroncsok (a megn\u00f6vekedett s\u00faly n\u00f6velheti a gumiabroncsok kop\u00e1s\u00e1t vagy a defekt kock\u00e1zat\u00e1t, ha nem megfelel\u0151en van felf\u00fajva). A hajt\u00e1sl\u00e1nc is nagyobb ig\u00e9nybev\u00e9telnek van kit\u00e9ve, k\u00fcl\u00f6n\u00f6sen, ha neh\u00e9z teherrel nyomja a ped\u00e1lokat - tartsa tiszt\u00e1n a l\u00e1ncot, \u00e9s fontolja meg az er\u0151sebb e-bike min\u0151s\u00edt\u00e9s\u0171 l\u00e1ncok haszn\u00e1lat\u00e1t, ha gyakran sz\u00e1ll\u00edt.<\/li>\n<\/ul>\n\n\n\n<p>Az elektromos asszisztens azonban nagym\u00e9rt\u00e9kben kompenz\u00e1lja a s\u00falyt, mivel a <em>lovagolhat\u00f3<\/em>. Asszisztens n\u00e9lk\u00fcl egy neh\u00e9z teherbicikli nagyon lassan indul el. Asszisztenssel \u00fagy tal\u00e1lja, hogy s\u00edk \u00faton is k\u00e9pes lesz tartani a norm\u00e1l ing\u00e1z\u00e1si sebess\u00e9get. Csak a meredek dombokra val\u00f3 felkapaszkod\u00e1sn\u00e1l lehet, hogy jobban visszavesz a sebess\u00e9gb\u0151l. \u00d6sszefoglalva, <strong>a terhel\u00e9s hat\u00e1s\u00e1ra a ker\u00e9kp\u00e1r kicsit lassabban indul, lassabban \u00e1ll meg, \u00e9s t\u00f6bb akkumul\u00e1tort haszn\u00e1l, ez\u00e9rt ennek megfelel\u0151en kell be\u00e1ll\u00edtania a vezet\u00e9si st\u00edlus\u00e1t.<\/strong> . De a modern tehersz\u00e1ll\u00edt\u00f3 e-ker\u00e9kp\u00e1rokat erre tervezt\u00e9k, \u00edgy b\u00e1r \u00e9rezni a k\u00fcl\u00f6nbs\u00e9get, terhel\u00e9s alatt is el\u00e9gg\u00e9 alkalmasak maradnak. <\/p>\n\n\n\n<p><\/p>\n\n\n\n<h3 class=\"wp-block-heading\" id=\"20-does-heavy-load-cause-faster-motor-wear\"><strong>17. A nagy terhel\u00e9s gyorsabb motorkop\u00e1st okoz?<\/strong><\/h3>\n\n\n\n<p>A neh\u00e9z terhek sz\u00e1ll\u00edt\u00e1sa nagyobb terhel\u00e9st jelent a motorra \u00e9s a kapcsol\u00f3d\u00f3 alkatr\u00e9szekre, de egy min\u0151s\u00e9gi motor \u00fagy van meg\u00e9p\u00edtve, hogy \u00e9sszer\u0171 keretek k\u00f6z\u00f6tt b\u00edrja. <strong>\u00c1ltal\u00e1noss\u00e1gban elmondhat\u00f3, hogy az e-cargo ker\u00e9kp\u00e1r rendszeres haszn\u00e1lata a terhelhet\u0151s\u00e9gen vagy annak k\u00f6zel\u00e9ben a motor \u00e9s a hajt\u00e1sl\u00e1nc id\u0151vel valamivel nagyobb kop\u00e1st \u00e9s elhaszn\u00e1l\u00f3d\u00e1st okoz, mint a nagyon k\u00f6nny\u0171 haszn\u00e1lat.<\/strong>. A motornak nagyobb teljes\u00edtm\u00e9nyen kell dolgoznia, amikor neh\u00e9z terheket sz\u00e1ll\u00edt, ami magasabb \u00fczemi h\u0151m\u00e9rs\u00e9kletet eredm\u00e9nyezhet. A hosszan tart\u00f3 magas h\u0151m\u00e9rs\u00e9klet\u0171 m\u0171k\u00f6d\u00e9s hossz\u00fa t\u00e1von hat\u00e1ssal lehet olyan dolgokra, mint az elektronikus alkatr\u00e9szek vagy a csap\u00e1gyak ken\u00e9se. A legt\u00f6bb j\u00f3 h\u00edr\u0171 e-bike motor azonban rendelkezik h\u0151v\u00e9delemmel - cs\u00f6kkentik a teljes\u00edtm\u00e9nyt vagy lekapcsolnak, ha t\u00fal melegek, kifejezetten a k\u00e1rosod\u00e1s megel\u0151z\u00e9se \u00e9rdek\u00e9ben. Teh\u00e1t ha neh\u00e9z terhel\u00e9st tolsz fel egy hossz\u00fa dombon, \u00e9s a motor elkezd t\u00falmelegedni, akkor meg kell v\u00e9denie mag\u00e1t (lehet, hogy \u00e9rzed a teljes\u00edtm\u00e9nycs\u00f6kken\u00e9st, am\u00edg le nem h\u0171l). Ez a biztons\u00e1g azt jelenti, hogy a t\u00e9nyleges motor <em>hiba<\/em> a nagy terhel\u00e9s miatt ritk\u00e1n fordul el\u0151, ha figyelembe veszi a figyelmeztet\u00e9seket.<\/p>\n\n\n\n<p>Azt l\u00e1tjuk, hogy <strong>a t\u00e1mogat\u00f3 alkatr\u00e9szek gyorsabban kophatnak<\/strong>: a k\u00f6z\u00e9phajt\u00e1sok eset\u00e9ben a l\u00e1nc \u00e9s a fogaskerekek gyorsabban kopnak nagy terhel\u00e9s \u00e9s nagy nyomat\u00e9k eset\u00e9n (a motor l\u00e9nyeg\u00e9ben egy er\u0151s \"lovas\", amely a l\u00e1ncot terheli). A hubmotorok eset\u00e9ben a nagy terhel\u00e9s nagyobb ig\u00e9nybev\u00e9telt jelent a ker\u00e9kre (k\u00fcll\u0151kre) \u00e9s esetleg a motor bels\u0151 tengelykapcsol\u00f3j\u00e1ra\/fogaskerek\u00e9re, ha ez egy fogaskerekes hub. De ism\u00e9tlem, ezeket az alkatr\u00e9szeket \u00e1ltal\u00e1ban a tehersz\u00e1ll\u00edt\u00f3specifikus kialak\u00edt\u00e1sokban meger\u0151s\u00edtik.<\/p>\n\n\n\n<p>Ha rendszeresen a maximum k\u00f6zel\u00e9ben sz\u00e1ll\u00edtasz, akkor j\u00f3, ha:<\/p>\n\n\n\n<ul class=\"wp-block-list\">\n<li>Tartsa a motort <strong>a hat\u00e9kony fordulatsz\u00e1m-tartom\u00e1nyban<\/strong> (alacsony sebess\u00e9gre v\u00e1lt\u00e1s a dombokn\u00e1l), \u00edgy nem h\u00fazza alacsony sebess\u00e9gn\u00e9l hatalmas terhel\u00e9s alatt (ez az, ami a legt\u00f6bb h\u0151t termeli).<\/li>\n\n\n\n<li>Ker\u00fclje a hossz\u00fa, lass\u00fa k\u00fasz\u00e1st nagy sebess\u00e9ggel \u00e9s nagy s\u00fallyal (a motorh\u0151 szempontj\u00e1b\u00f3l a legrosszabb esetben).<\/li>\n\n\n\n<li>Ha sz\u00fcks\u00e9ges, hagyja a motort id\u0151nk\u00e9nt pihenni a szuper hossz\u00fa emelked\u0151k\u00f6n (a legt\u00f6bbsz\u00f6r nem lesz erre sz\u00fcks\u00e9g, de csak a biztons\u00e1g kedv\u00e9\u00e9rt).<\/li>\n<\/ul>\n\n\n\n<p>Hossz\u00fa \u00e9lettartam szempontj\u00e1b\u00f3l egy er\u0151sen haszn\u00e1lt Bosch vagy Bafang motor sok ezer kilom\u00e9ter megt\u00e9tele ut\u00e1n csap\u00e1gy- vagy fogasker\u00e9kcser\u00e9re szorulhat - de ezek cser\u00e9lhet\u0151 alkatr\u00e9szek, \u00e9s a nagy ig\u00e9nybev\u00e9tel n\u00e9mileg felgyors\u00edtja az id\u0151t\u00e1vot. Egy bizony\u00edt\u00e9k: a felhaszn\u00e1l\u00f3k adatai szerint a teherbiciklikben l\u00e9v\u0151 k\u00f6z\u00e9phajt\u00e1s\u00fa motorok 5 000-10 000+ km-t b\u00edrnak ki gond n\u00e9lk\u00fcl, de ha valaki folyamatosan maxim\u00e1lis terhet cipel a hegyekbe (mint egy fut\u00e1r), akkor hamarabb el\u00e9rheti ezeket a szervizintervallumokat.<\/p>\n\n\n\n<p>R\u00f6viden v\u00e1laszolva: <strong>a nagy terhel\u00e9s n\u00f6veli a motor munkaterhel\u00e9s\u00e9t, ami t\u00f6bb h\u0151t \u00e9s esetlegesen gyorsabb kop\u00e1st eredm\u00e9nyezhet, de a min\u0151s\u00e9gi motorokat erre tervezt\u00e9k, \u00e9s nem fognak id\u0151 el\u0151tt meghib\u00e1sodni, am\u00edg a motort megfelel\u0151en \u00fczemeltetj\u00fck.<\/strong> . A rendszeres karbantart\u00e1s (\u00e9s esetleg a kiss\u00e9 gyakoribb ellen\u0151rz\u00e9sek) tan\u00e1csos, ha mindig a hat\u00e1rokat feszegeted. A gyakorlatban val\u00f3sz\u00edn\u0171leg hamarabb elhaszn\u00e1l\u00f3dnak a f\u00e9kbet\u00e9tek \u00e9s a l\u00e1ncok, mint maga a motor. <\/p>\n\n\n\n<h3 class=\"wp-block-heading\" id=\"21-does-maximum-load-affect-range-and-safety\"><strong>18. Befoly\u00e1solja-e a maxim\u00e1lis terhel\u00e9s a hat\u00f3t\u00e1vols\u00e1got \u00e9s a biztons\u00e1got?<\/strong><\/h3>\n\n\n\n<p><strong>Igen, a maxim\u00e1lis terhel\u00e9s sz\u00e1ll\u00edt\u00e1sa a teher e-ker\u00e9kp\u00e1rral befoly\u00e1solja a hat\u00f3t\u00e1vols\u00e1got \u00e9s bizonyos biztons\u00e1gi megfontol\u00e1sokat is.<\/strong> Az al\u00e1bbiak tekintet\u00e9ben <strong>tartom\u00e1ny<\/strong>, mint m\u00e1r eml\u00edtett\u00fck, egy er\u0151sen megterhelt ker\u00e9kp\u00e1rnak t\u00f6bb energi\u00e1ra van sz\u00fcks\u00e9ge a mozg\u00e1shoz, \u00edgy az akkumul\u00e1tor gyorsabban lemer\u00fcl. A maxim\u00e1lis terhel\u00e9sn\u00e9l a hat\u00f3t\u00e1vols\u00e1g jelent\u0151sen cs\u00f6kkenhet - gyakran 20% vagy ann\u00e1l is kevesebb t\u00e1vols\u00e1got tesz meg, mintha terhel\u00e9s n\u00e9lk\u00fcl tekern\u00e9l. P\u00e9ld\u00e1ul, ha norm\u00e1l esetben 60 km-t tesz meg egy t\u00f6lt\u00e9ssel k\u00f6nny\u0171 terhel\u00e9ssel, akkor maxim\u00e1lis terhel\u00e9ssel csak ~45 km-t tehet meg, miel\u0151tt az akkumul\u00e1tor lemer\u00fclne. Ez az\u00e9rt van, mert a motor kem\u00e9nyebben dolgozik a t\u00f6bblets\u00faly ellen, \u00e9s esetleg az\u00e9rt, mert magasabb asszisztencia szintet haszn\u00e1l, hogy kompenz\u00e1lja. B\u00f6lcs dolog r\u00f6videbb utakat tervezni, vagy lehet\u0151s\u00e9get biztos\u00edtani a felt\u00f6lt\u00e9sre, ha rendszeresen maxim\u00e1lis terhel\u00e9ssel k\u00f6zlekedik.<\/p>\n\n\n\n<p>A  c\u00edmmel kapcsolatban <strong>biztons\u00e1g<\/strong>, n\u00e9h\u00e1ny pont felmer\u00fcl:<\/p>\n\n\n\n<ul class=\"wp-block-list\">\n<li><strong>F\u00e9kez\u00e9s \u00e9s kezel\u00e9s:<\/strong> A maxim\u00e1lis terhel\u00e9s\u0171 ker\u00e9kp\u00e1rnak hosszabb lesz a f\u00e9k\u00fatja (nagyobb a lend\u00fclet), \u00e9s lassabban kezelhet\u0151. Ez azt jelenti, hogy lassabban kell tekernie, \u00e9s t\u00f6bb helyet kell hagynia mag\u00e1nak a f\u00e9kez\u00e9shez. Fontos, hogy a f\u00e9kjeid kiv\u00e1l\u00f3 \u00e1llapotban legyenek, ha nagy terhel\u00e9st cipelsz. A legt\u00f6bb teherbringa megfelel\u0151 f\u00e9kkel (pl. 4 dugatty\u00fas hidraulik\u00e1val) rendelkezik, hogy kezelni tudja, de a vezet\u0151nek m\u00e9gis figyelnie kell. Emellett a ker\u00e9kp\u00e1r egyens\u00falya is elt\u00e9r\u0151 lehet - p\u00e9ld\u00e1ul a korm\u00e1nyz\u00e1s nehezebb lehet. Ha a s\u00faly nagyon aszimmetrikus vagy magasan van, az megn\u00f6velheti a billen\u00e9s kock\u00e1zat\u00e1t, ha \u00e9les kanyarban fordul. A megfelel\u0151 s\u00falyeloszt\u00e1s (a neh\u00e9z elemek alacsonyan \u00e9s k\u00f6z\u00e9pen tart\u00e1sa) kulcsfontoss\u00e1g\u00fa a biztons\u00e1g szempontj\u00e1b\u00f3l .<\/li>\n\n\n\n<li><strong>Keret integrit\u00e1s:<\/strong> Az abszol\u00fat maxim\u00e1lis terhel\u00e9ssel val\u00f3 vezet\u00e9s, k\u00fcl\u00f6n\u00f6sen a durva utakon, jobban megterheli a v\u00e1zat \u00e9s az alkatr\u00e9szeket. A gy\u00e1rt\u00f3k biztons\u00e1gi tartal\u00e9kot sz\u00e1molnak be, de a maxim\u00e1lis terhel\u00e9st meghalad\u00f3 k\u00f6vetkezetes t\u00falterhel\u00e9s a v\u00e1z vagy a fogasl\u00e9c meghib\u00e1sod\u00e1s\u00e1t kock\u00e1ztatja. Tartsa be a n\u00e9vleges hat\u00e1r\u00e9rt\u00e9ket - az a biztons\u00e1gos m\u0171k\u00f6d\u00e9s \u00e9rdek\u00e9ben van.<\/li>\n\n\n\n<li><strong>Guminyom\u00e1s \u00e9s gumiabroncsok:<\/strong> Maxim\u00e1lis terhel\u00e9s eset\u00e9n a gumiabroncsokat a tartom\u00e1nyuk fels\u0151 hat\u00e1r\u00e1n kell felf\u00fajni, hogy elker\u00fclje a defektet vagy a g\u00f6rcs\u00f6s kezelhet\u0151s\u00e9get. A j\u00f3 min\u0151s\u00e9g\u0171, nagy teherb\u00edr\u00e1s\u00fa gumiabroncsok elengedhetetlenek a biztons\u00e1g \u00e9rdek\u00e9ben nagy s\u00faly mellett.<\/li>\n\n\n\n<li><strong>Stabilit\u00e1s:<\/strong> Egyes ker\u00e9kp\u00e1rok teljes terhel\u00e9sn\u00e9l (k\u00fcl\u00f6n\u00f6sen az el\u00f6lr\u0151l rakod\u00f3 ker\u00e9kp\u00e1rok, amelyekn\u00e9l sok s\u00faly van a dobozban) m\u00e1sk\u00e9pp kezelik a ker\u00e9kp\u00e1rt. A biztons\u00e1got n\u00f6velheti, ha biztons\u00e1gos helyen gyakorolsz, hogy r\u00e1\u00e9rezz a teljes terhel\u00e9s\u0171 kezel\u00e9sre. A h\u00e1romkerek\u0171 teherbring\u00e1k nem billenhetnek meg a s\u00falyt\u00f3l, de terhelt \u00e1llapotban \u00f3vatos kanyarod\u00e1sra van sz\u00fcks\u00e9g\u00fck, hogy elker\u00fclj\u00e9k a ker\u00e9k felemelked\u00e9s\u00e9t.<\/li>\n<\/ul>\n\n\n\n<p>Egy gyakran figyelmen k\u00edv\u00fcl hagyott szempont: <strong>biztos\u00edtsa a rakom\u00e1nyt<\/strong>. Ha van egy maxim\u00e1lis rakom\u00e1nya (p\u00e9ld\u00e1ul dobozok vagy t\u00e1rgyak), gondoskodjon arr\u00f3l, hogy azok le legyenek sz\u00edjazva. A rakom\u00e1ny elmozdul\u00e1sa felbor\u00edthatja az egyens\u00falyt, vagy meglephet egy fordul\u00f3 sor\u00e1n. A gyermek utasokat mindig be kell csatolni.<\/p>\n\n\n\n<p>\u00d6sszefoglalva, a maxim\u00e1lis terhel\u00e9s <strong>cs\u00f6kkenti a hat\u00f3t\u00e1vols\u00e1got<\/strong> (erre tervezzenek) \u00e9s <strong>fokozott \u00f3vatoss\u00e1got ig\u00e9nyel a biztons\u00e1g \u00e9rdek\u00e9ben<\/strong> - lassabb sebess\u00e9gek, hosszabb f\u00e9kt\u00e1vols\u00e1gok \u00e9s gondos s\u00falyeloszt\u00e1s . A motort erre tervezt\u00e9k, de a motoros viselked\u00e9se az, ami biztons\u00e1gban tartja. Ha betartja az ir\u00e1nyelveket, biztons\u00e1gosan k\u00f6zlekedhet maxim\u00e1lis terhel\u00e9ssel - sok csal\u00e1di ker\u00e9kp\u00e1ros \u00e9s fut\u00e1r ezt teszi naponta. <\/p>\n\n\n\n<p><\/p>\n\n\n\n<h2 class=\"wp-block-heading\" id=\"real-world-use-cases\"><strong>Val\u00f3s vil\u00e1gbeli felhaszn\u00e1l\u00e1si esetek<\/strong><\/h2>\n\n\n\n<h3 class=\"wp-block-heading\" id=\"13-best-e-cargo-bike-for-hilly-areas\"><strong>19. A legjobb e-cargo ker\u00e9kp\u00e1r dombos ter\u00fcletekre<\/strong><\/h3>\n\n\n\n<p>A dombos ter\u00fcletekhez a legjobb e-cargo ker\u00e9kp\u00e1r az, amelyik kombin\u00e1lja a <strong>nagy teljes\u00edtm\u00e9ny\u0171 k\u00f6z\u00e9phajt\u00e1s\u00fa motor, nagy nyomat\u00e9k \u00e9s alacsony \u00e1tt\u00e9telez\u00e9s<\/strong>, valamint az emelked\u0151k \u00e9s lejt\u0151k kezel\u00e9s\u00e9hez sz\u00fcks\u00e9ges stabil kialak\u00edt\u00e1ssal. A gyakorlatban a ker\u00e9kp\u00e1rok, amelyek a <strong>Bosch Cargo Line motor (85 Nm)<\/strong> vagy hasonl\u00f3 nagy nyomat\u00e9k\u00fa rendszerek ragyognak a hegyekben . Az olyan modelleket, mint a Riese &amp; M\u00fcller Load, a Tern GSD S00, vagy ak\u00e1r az Urban Arrow csal\u00e1d (Performance CX vagy Cargo Line v\u00e1ltozat) gyakran eml\u00edtik, mint a dombok legjobb v\u00e1laszt\u00e1sai. Ezek mind k\u00f6z\u00e9phajt\u00e1s\u00fa motorokat haszn\u00e1lnak, amelyek automatikusan visszav\u00e1ltanak, vagy k\u00f6nny\u0171 sebess\u00e9gv\u00e1lt\u00e1st tesznek lehet\u0151v\u00e9 a lejt\u0151k lek\u00fczd\u00e9s\u00e9hez. P\u00e9ld\u00e1ul a Bosch-\u00fczem\u0171 longtailek \u00e9s az el\u0151laposok el\u00e9gg\u00e9 fel tudnak k\u00faszni a meredek emelked\u0151k\u00f6n, mik\u00f6zben gyerekeket sz\u00e1ll\u00edtanak - olyan dombos v\u00e1rosokban \u00e9l\u0151 felhaszn\u00e1l\u00f3kt\u00f3l hallottam, mint Seattle vagy San Francisco, hogy ezek a ker\u00e9kp\u00e1rok kor\u00e1bban lehetetlen \u00fatvonalakat tesznek j\u00e1rhat\u00f3v\u00e1. A <strong>Tern GSD<\/strong> k\u00fcl\u00f6n\u00f6sen a Bosch-motorral \u00e9s a kett\u0151s akkumul\u00e1torok hozz\u00e1ad\u00e1s\u00e1nak lehet\u0151s\u00e9g\u00e9vel (hasznos, mert a dombok t\u00f6bb energi\u00e1t fogyasztanak) egy viszonylag kompakt csomagban l\u00e9v\u0151 hegym\u00e1sz\u00f3 fenevad h\u00edrnev\u00e9t \u00f6regb\u00edti. Ha \u00e1talak\u00edt\u00e1sr\u00f3l vagy k\u00e9szletr\u0151l besz\u00e9l\u00fcnk, egy teherbicikli egy <strong>Bafang BBSHD 1000W k\u00f6z\u00e9phajt\u00e1s<\/strong> (off-road\/mag\u00e1nhaszn\u00e1latra dombos vid\u00e9ki ter\u00fcleteken) egy abszol\u00fat traktor a dombokon - de az EU-ban az utcai haszn\u00e1latra enged\u00e9lyezett, 250W-os k\u00f6z\u00e9pmotorok, mint a Bosch\/Yamaha, amelyek a tesztek szerint a sebess\u00e9gv\u00e1lt\u00f3nak k\u00f6sz\u00f6nhet\u0151en a meredek emelked\u0151k\u00f6n fel\u00fclm\u00falj\u00e1k a nagyobb teljes\u00edtm\u00e9ny\u0171 hubmotorokat.<\/p>\n\n\n\n<p><strong>Keresend\u0151 t\u00e9nyez\u0151k:<\/strong> Alacsony \u00e1tt\u00e9tel (egyes teherbring\u00e1k Enviolo fokozatmentes v\u00e1lt\u00f3csap\u00e1gyakkal vagy nagyon nagy kazett\u00e1s fogasker\u00e9kkel ell\u00e1tott v\u00e1lt\u00f3val vannak felszerelve, \u00edgy k\u00f6nnyed\u00e9n fel tudsz p\u00f6r\u00f6gni a dombokon), \u00e9s ide\u00e1lis esetben <strong>kett\u0151s akkumul\u00e1tor<\/strong> ha a dombok hossz\u00faak vagy sokan vannak (\u00edgy nem fogy ki az er\u0151d f\u00e9l\u00faton). Az er\u0151s f\u00e9kek is fontosak a vissza\u00fasz\u00e1shoz! \u00dcgyfeleink k\u00f6z\u00fcl az Alpokban vagy a nagyon dombos vid\u00e9ken \u00e9l\u0151k a k\u00f6z\u00e9phajt\u00e1s\u00fa teherbring\u00e1k fel\u00e9 h\u00faznak, olyan nevekkel, mint R&amp;M, Tern, Urban Arrow, Yuba (a Spicy Curry modell nagy nyomat\u00e9k\u00fa Shimano vagy Bosch motorral rendelkezik, \u00e9s hegymenetre val\u00f3 alkalmass\u00e1g\u00e1r\u00f3l ismert). Ha konkr\u00e9t aj\u00e1nl\u00e1st szeretn\u00e9l: <strong>a Riese &amp; M\u00fcller Multicharger vagy Load-sorozat<\/strong> a Bosch Cargo Line motorokkal gyakran a legjobbak k\u00f6z\u00f6tt tartj\u00e1k sz\u00e1mon a dombos terepen - dr\u00e1g\u00e1k, de \u00fagy m\u00e1sznak, mint a hegyi kecsk\u00e9k, \u00e9s egyes esetekben teljes felf\u00fcggeszt\u00e9ssel rendelkeznek (a Load h\u00e1ts\u00f3 felf\u00fcggeszt\u00e9ssel rendelkezik, ami j\u00f3 a d\u00f6c\u00f6g\u0151s emelked\u0151k\u00f6n \u00e9s a stabilit\u00e1s \u00e9rdek\u00e9ben).<\/p>\n\n\n\n<p>\u00d6sszefoglalva, <strong>keressen egy tehersz\u00e1ll\u00edt\u00f3 e-bike-ot fels\u0151 kateg\u00f3ri\u00e1s k\u00f6z\u00e9phajt\u00e1ssal (85 Nm oszt\u00e1ly) \u00e9s megfelel\u0151 \u00e1tt\u00e9telez\u00e9ssel.<\/strong> - ezek lesznek a legjobbak a dombok sz\u00e1m\u00e1ra. Az olyan m\u00e1rk\u00e1k, mint az R&amp;M, Tern, Urban Arrow, Yuba megfelelnek ennek. <\/p>\n\n\n\n<h3 class=\"wp-block-heading\" id=\"14-electric-cargo-bike-for-child-transport-is-the-power-enough\"><strong>20. Elektromos teherbicikli gyermeksz\u00e1ll\u00edt\u00e1sra - el\u00e9g az er\u0151?<\/strong><\/h3>\n\n\n\n<p>A gyermekek sz\u00e1ll\u00edt\u00e1sa az e-cargo ker\u00e9kp\u00e1rok egyik els\u0151dleges felhaszn\u00e1l\u00e1si ter\u00fclete, \u00e9s a gy\u00e1rt\u00f3k \u00fagy hangolt\u00e1k ezeket a ker\u00e9kp\u00e1rokat, hogy ezt a feladatot is el tudj\u00e1k l\u00e1tni. <strong>Igen, a teljes\u00edtm\u00e9ny \u00e1ltal\u00e1ban el\u00e9g ahhoz, hogy a gyerekeket elviselje.<\/strong>, m\u00e9g hegynek felfel\u00e9 is, felt\u00e9ve, hogy a ker\u00e9kp\u00e1rt erre tervezt\u00e9k (ami a legt\u00f6bb esetben \u00edgy van). Egy tipikus forgat\u00f3k\u00f6nyv: egy lovas plusz k\u00e9t gyerek (tal\u00e1n 30-50 kg gyerek) - gyakorlatilag minden elektromos teherbicikli a piacon k\u00e9pes ezt kezelni s\u00edk \u00e9s m\u00e9rs\u00e9kelt emelked\u0151k\u00f6n egy 250 W-os k\u00f6z\u00e9phajt\u00e1s\u00fa motorral. \u00c9n ezt naponta csin\u00e1lom a saj\u00e1t ker\u00e9kp\u00e1rommal. Az asszisztens olyan \u00e9rz\u00e9st kelt, mintha tal\u00e1n csak egyed\u00fcl tekern\u00e9l egy neh\u00e9z biciklivel, nem pedig val\u00f3ban k\u00e9t zizeg\u0151 utas teljes s\u00faly\u00e1t \u00e9rezn\u00e9d. Meredekebb emelked\u0151k\u00f6n m\u00e9g mindig \u00e9rezni fogod a gyerekek s\u00faly\u00e1t egy kicsit, de ha a ker\u00e9kp\u00e1rnak er\u0151s motorja van (Bosch, Shimano, Yamaha stb.), akkor m\u00e9g mindig hat\u00e9konyan feljut a hegyre. P\u00e9ld\u00e1ul a <strong>Babboe Curve Mountain<\/strong> (egy n\u00e9pszer\u0171 csal\u00e1di e-cargo trike) Yamaha k\u00f6z\u00e9pmotoros meghajt\u00e1st haszn\u00e1l, \u00e9s kifejezetten \u00fagy forgalmazz\u00e1k, hogy k\u00e9pes lek\u00fczdeni a dombokat gyerekekkel a fed\u00e9lzeten. A Babboe azt \u00e1ll\u00edtja, hogy \"lehet\u0151v\u00e9 teszi a k\u00f6nnyed utaz\u00e1st dombos ter\u00fcleteken, m\u00e9g akkor is, ha a gyerekek a dobozban utaznak\" . Ez megegyezik a mi tapasztalatainkkal: a min\u0151s\u00e9gi k\u00f6z\u00e9phajt\u00e1s extra teljes\u00edtm\u00e9nye a legt\u00f6bb ter\u00fcleten gyereksz\u00e1ll\u00edt\u00e1st tesz gyerekj\u00e1t\u00e9kk\u00e1.<\/p>\n\n\n\n<p>Hol jelenthet probl\u00e9m\u00e1t az energiaell\u00e1t\u00e1s? Ha van egy bel\u00e9p\u0151 szint\u0171 tehersz\u00e1ll\u00edt\u00f3 e-bring\u00e1d gyeng\u00e9bb hubmotorral (mondjuk 250 W-os hubmotorral), \u00e9s nagyon dombos k\u00f6rny\u00e9ken laksz, akkor k\u00e9t id\u0151sebb gyerekkel neh\u00e9zs\u00e9gekbe \u00fctk\u00f6zhet egy meredek emelked\u0151n, hacsak nem seg\u00edtesz kem\u00e9ny ped\u00e1loz\u00e1ssal. De a legt\u00f6bb csal\u00e1dbar\u00e1t ker\u00e9kp\u00e1r ezt j\u00f3 motorok haszn\u00e1lat\u00e1val elker\u00fcli. Egy m\u00e1sik t\u00e9nyez\u0151 a meg\u00e1ll\u00e1sb\u00f3l val\u00f3 elindul\u00e1s - de az olyan motorok, mint a Bosch, nyomat\u00e9k\u00e9rz\u00e9kel\u0151kkel rendelkeznek, amelyek ind\u00edt\u00e1skor nagy lend\u00fcletet adnak, \u00edgy a z\u00f6ld l\u00e1mp\u00e1n\u00e1l val\u00f3 elindul\u00e1s m\u00e9g k\u00e9t gyerekkel a fed\u00e9lzeten is rendben van. Szerintem a stabilit\u00e1s (egyens\u00faly) ink\u00e1bb korl\u00e1toz\u00f3 t\u00e9nyez\u0151, mint a nyers teljes\u00edtm\u00e9ny, ha gyerekeket sz\u00e1ll\u00edtunk, \u00e9s ehhez csak egy kis gyakorl\u00e1sra van sz\u00fcks\u00e9g (\u00e9s arra, hogy a gyerekek megtanuljanak nyugodtan \u00fclni az emelked\u0151k\u00f6n!).<\/p>\n\n\n\n<p>R\u00f6viden, <strong>a modern e-cargo ker\u00e9kp\u00e1rok \u00e1ltal biztos\u00edtott teljes\u00edtm\u00e9ny elegend\u0151 a gyermekek sz\u00e1ll\u00edt\u00e1s\u00e1ra<\/strong>. \u0150k erre lettek tervezve. Csak \u00fcgyeljen az \u00f6sszs\u00falyra, ha nem csak gyerekeket, hanem olyan dolgokat is sz\u00e1ll\u00edt, mint a h\u00e1tizs\u00e1kok stb., amelyek \u00f6sszead\u00f3dhatnak - de m\u00e9g akkor is, a motoros seg\u00edts\u00e9g nagym\u00e9rt\u00e9kben kompenz\u00e1l. Sok csal\u00e1d cser\u00e9lte le az aut\u00f3kat ezekre a berendez\u00e9sekre, ami nem lenne megval\u00f3s\u00edthat\u00f3, ha a teljes\u00edtm\u00e9ny nem felelne meg a feladatnak. Az Regen ker\u00e9kp\u00e1rjaink p\u00e9ld\u00e1ul ugyanazokat a motorokat haszn\u00e1lj\u00e1k, ak\u00e1r gyerekeket, ak\u00e1r rakom\u00e1nyt sz\u00e1ll\u00edtanak - nincs sz\u00fcks\u00e9g k\u00fcl\u00f6n extra teljes\u00edtm\u00e9nyre kifejezetten a gyerekek sz\u00e1m\u00e1ra, mivel a standard rendszer ezt is fedezi. <\/p>\n\n\n\n<h3 class=\"wp-block-heading\" id=\"15-how-well-do-cargo-e-bikes-perform-in-bad-weather-or-wind\"><strong>21. Mennyire j\u00f3l teljes\u00edtenek a teherb\u00edr\u00e1s\u00fa e-bike-ok rossz id\u0151j\u00e1r\u00e1s vagy sz\u00e9l eset\u00e9n?<\/strong><\/h3>\n\n\n\n<p>A Cargo e-bike-ok \u00e1ltal\u00e1ban id\u0151j\u00e1r\u00e1s\u00e1ll\u00f3 g\u00e9peknek k\u00e9sz\u00fclnek, de van n\u00e9h\u00e1ny szempont a rossz id\u0151j\u00e1r\u00e1s \u00e9s a sz\u00e9l eset\u00e9re. <strong>Es\u0151ben:<\/strong> A Cargo e-bike-ok j\u00f3l teljes\u00edtenek. Az elektromos alkatr\u00e9szek (motor, akkumul\u00e1tor, kijelz\u0151) jellemz\u0151en v\u00edz\u00e1ll\u00f3ak, ha nem is teljesen v\u00edz\u00e1ll\u00f3ak, \u00edgy es\u0151ben is lehet vel\u00fck motorozni. \u00c9n az eny\u00e9met er\u0151s es\u0151ben is meglovagolom, elektromos probl\u00e9m\u00e1k n\u00e9lk\u00fcl - csak ker\u00fclni kell a m\u00e9ly v\u00edzbe mer\u00fcl\u00e9st. A ker\u00e9kp\u00e1rok gyakran rendelkeznek s\u00e1rv\u00e9d\u0151kkel \u00e9s n\u00e9ha be\u00e9p\u00edtett l\u00e1mp\u00e1kkal, ami praktikuss\u00e1 teszi a nedves \u00faton val\u00f3 k\u00f6zleked\u00e9st. Es\u0151ben a legfontosabb dolog a tapad\u00e1s \u00e9s a f\u00e9kez\u00e9s: egy nehezebb teherbicikli a gumikra nehezed\u0151 nagyobb s\u00faly miatt val\u00f3ban el\u0151nyben lehet a tapad\u00e1s ter\u00e9n, de ett\u0151l m\u00e9g kor\u00e1bban kell f\u00e9keznie, mert a nedves k\u00f6r\u00fclm\u00e9nyek meghosszabb\u00edtj\u00e1k a f\u00e9kutat. Sok teherbringa rendelkezik <strong>vastag fut\u00f3fel\u00fclet\u0171 vagy defekt\u00e1ll\u00f3 gumiabroncsok<\/strong> amelyek tisztess\u00e9gesen teljes\u00edtenek nedves \u00faton. P\u00e9ld\u00e1ul, Ferla (egy teher ker\u00e9kp\u00e1r m\u00e1rka) eml\u00edti a trike vastag fut\u00f3fel\u00fclet\u0171 gumiabroncsok \u00e9p\u00edtettek, hogy v\u00e9gre es\u0151ben \u00e9s m\u00e9g h\u00f3ban. Ha olyan helyen \u00e9lsz, ahol gyakran esik az es\u0151, akkor az el\u00f6l rakod\u00f3 ker\u00e9kp\u00e1rokhoz vagy a h\u00e1tul utaz\u00f3 gyerekekhez es\u0151huzatokat (el\u0151tet\u0151ket) is beszerezhetsz, amelyek sz\u00e1razon tartj\u00e1k az utasokat, \u00e9s n\u00e9mileg cs\u00f6kkentik az es\u0151 ellen\u00e1ll\u00e1s\u00e1t.<\/p>\n\n\n\n<p><strong>Sz\u00e9lben:<\/strong> A teherbiciklik egyszerre lehetnek j\u00f3k \u00e9s egy kis kih\u00edv\u00e1st jelent\u0151ek. Egyr\u00e9szt s\u00falyuk \u00e9s hosszabb tengelyt\u00e1vjuk stabilit\u00e1st ad nekik oldalsz\u00e9lben - nem olyan r\u00e1ngat\u00f3z\u00f3ak, mint egy norm\u00e1l ker\u00e9kp\u00e1r, \u00edgy egy sz\u00e9ll\u00f6k\u00e9s nem dobja ki olyan k\u00f6nnyen. M\u00e1sr\u00e9szt a teherbiciklik, k\u00fcl\u00f6n\u00f6sen az el\u00f6l rakod\u00f3 dobozos ker\u00e9kp\u00e1rok nagyobb oldalprofiljukat mutatj\u00e1k az oldalsz\u00e9lnek. Ha van egy nagy es\u0151v\u00e9d\u0151 vagy doboz, egy er\u0151s oldalsz\u00e9l elkaphatja, mint egy vitorla . Tapasztaltam m\u00e1r, hogy a sz\u00e9ll\u00f6k\u00e9sek egy kicsit megl\u00f6ktek, amikor nagy teherrakom\u00e1nyom volt, amely elkapta a szelet. A tr\u00fckk az, hogy ha lehet, cs\u00f6kkentsd a profilodat (egyes el\u0151tet\u0151k vagy fedelek extr\u00e9m sz\u00e9lben elt\u00e1vol\u00edthat\u00f3k). Egy hossz\u00fa far\u00fa ker\u00e9kp\u00e1r gyerekekkel a h\u00e1tulj\u00e1n \u00e1ramvonalasabb, mint egy dobozos ker\u00e9kp\u00e1r magas el\u0151tet\u0151vel. <strong>Ellensz\u00e9l<\/strong>: az e-seg\u00edts\u00e9g val\u00f3ban seg\u00edt ebben. Egy er\u0151s szembesz\u00e9l, amely egy hagyom\u00e1nyos ker\u00e9kp\u00e1rral lass\u00fav\u00e1 v\u00e1lna, lek\u00fczdhet\u0151 az asszisztens n\u00f6vel\u00e9s\u00e9vel - a motor kompenz\u00e1lja a sz\u00e9l ellen\u00e1ll\u00e1s\u00e1t. A hat\u00f3t\u00e1vols\u00e1g azonban cs\u00f6kkenni fog, mivel a sz\u00e9llel szemben t\u00f6rt\u00e9n\u0151 tolat\u00e1s t\u00f6bb energi\u00e1t ig\u00e9nyel (hasonl\u00f3an a hegym\u00e1sz\u00e1shoz). Eml\u00e9kszem egy napra, amikor 30 km\/\u00f3r\u00e1s ellensz\u00e9l volt - a sebess\u00e9g fenntart\u00e1s\u00e1hoz majdnem turb\u00f3 \u00fczemm\u00f3dot kellett haszn\u00e1lnom, ami gyorsabban haszn\u00e1lta az akkumul\u00e1tort, de \u00edgy is j\u00f3l haladtam (csak a hat\u00f3t\u00e1vols\u00e1g cs\u00f6kkent).<\/p>\n\n\n\n<p><strong>Hideg id\u0151j\u00e1r\u00e1s<\/strong>: nem szerepel a k\u00e9rd\u00e9sben, de kapcsol\u00f3dik hozz\u00e1 - a hideg kiss\u00e9 cs\u00f6kkentheti az akkumul\u00e1tor hat\u00e9konys\u00e1g\u00e1t. \u00c9s ha jeges az id\u0151, a k\u00e9tkerek\u0171 teherbring\u00e1k \u00f3vatos kezel\u00e9st ig\u00e9nyelnek (egyesek t\u00e9li gumikat haszn\u00e1lnak). A h\u00e1romkerek\u0171 teherhord\u00f3 triciklik stabilabbak cs\u00fasz\u00f3s talajon, de m\u00e9g mindig cs\u00faszhatnak.<\/p>\n\n\n\n<p><strong>\u00c1ltal\u00e1nos teljes\u00edtm\u00e9ny<\/strong>: Sokan eg\u00e9sz \u00e9vben haszn\u00e1lj\u00e1k a teher e-biciklit olyan helyeken, mint Hollandia (es\u0151, sz\u00e9l) vagy D\u00e1nia. A ker\u00e9kp\u00e1rok gyakran z\u00e1rt hajt\u00e1sl\u00e1nccal vagy rozsdamentes l\u00e1nccal rendelkeznek, hogy b\u00edrj\u00e1k a nedvess\u00e9get. Az elektronika le van z\u00e1rva - \u00e9n csukl\u00e1s n\u00e9lk\u00fcl tekertem \u00e1t a felh\u0151szakad\u00e1son. \u00c9s a sz\u00e9l? \u00c9rezni fogja, de ett\u0151l m\u00e9g haladni fog. Azt mondan\u00e1m, hogy a cargo e-bike-ok ugyanolyan j\u00f3l vagy jobban teljes\u00edtenek rossz id\u0151ben, mint a hagyom\u00e1nyos ker\u00e9kp\u00e1rok, k\u00f6sz\u00f6nhet\u0151en a stabilit\u00e1snak \u00e9s a teljes\u00edtm\u00e9nynek, de a motorosnak alkalmazkodnia kell: lassabban kell kanyarodnia, \u00f3vatosan kell f\u00e9keznie, megfelel\u0151en kell \u00f6lt\u00f6zk\u00f6dnie stb. Mi az Regen-n\u00e9l gondoskodunk arr\u00f3l, hogy a ker\u00e9kp\u00e1rjaink legal\u00e1bb IPx4-es v\u00edz\u00e1ll\u00f3s\u00e1ggal rendelkezzenek, ami azt jelenti, hogy a fr\u00f6ccsen\u00e9s vagy az es\u0151 nem okoz gondot.<\/p>\n\n\n\n<p><strong>\u00d6sszefoglalva:<\/strong> A Cargo e-bike-ok el\u00e9g j\u00f3l boldogulnak rossz id\u0151ben. Az es\u0151 nem jelent probl\u00e9m\u00e1t (csak tartsa karban a f\u00e9keket\/l\u00e1ncot). Az er\u0151s sz\u00e9l kih\u00edv\u00e1st jelenthet, ha egy nagy doboz vagy fed\u00e9l fogja fel a szelet, de a motor seg\u00edt ellens\u00falyozni a szembeszelet. Sokan j\u00f6nnek tartoz\u00e9kokkal, mint az es\u0151v\u00e9d\u0151k, hogy megv\u00e9dj\u00e9k a gyerekeket \/ rakom\u00e1nyt, ami szint\u00e9n seg\u00edt a rossz id\u0151ben (b\u00e1r azok is elkaphatj\u00e1k a szelet) . A sz\u00e9lben \u00e9s es\u0151ben val\u00f3 lovagl\u00e1s a cargo motoros \u00e9let r\u00e9sze, \u00e9s \u00e9sszer\u0171 \u00f3vint\u00e9zked\u00e9sekkel t\u00f6k\u00e9letesen kezelhet\u0151. <\/p>\n\n\n\n<p><strong>Referenci\u00e1k:<\/strong> <a href=\"https:\/\/ferlafamilybikes.com\/blogs\/news\/long-tail-vs-front-loader?srsltid=AfmBOop1zj8R9OVRkOFCM0mvlmWSdnj4xXyPcBvDHyARDTeB8z3O9PrW#:~:text=the%20Ferla%20Family%20Cargo%20Bike,careful%20on%20icy%2C%20wet%20streets\" target=\"_blank\" rel=\"noopener\">Es\u0151re\/h\u00f3ra tervezt\u00e9k: Ferla teherhord\u00f3 trike vastag profil\u00fa gumiabroncsokkal \u00e9s es\u0151tet\u0151vel<\/a> ; <a href=\"https:\/\/www.r-m.de\/en-us\/magazine\/countryside-with-a-cargo-bike\/#:~:text=Dad%20creates%20a%20windbreak\" target=\"_blank\" rel=\"noopener\">P\u00e9lda a sz\u00e9lkezel\u00e9sre (nehezebb ker\u00e9kp\u00e1r = apa sz\u00e9lv\u00e9d\u0151k\u00e9nt viselkedik a gyerekek sz\u00e1m\u00e1ra) .<\/a><\/p>\n\n\n\n<h2 class=\"wp-block-heading\" id=\"core-concerns\"><strong>Alapvet\u0151 aggodalmak<\/strong><\/h2>\n\n\n\n<h3 class=\"wp-block-heading\" id=\"24-are-electric-drive-systems-expensive-to-maintain\"><strong>22. Dr\u00e1ga az elektromos hajt\u00e1srendszerek karbantart\u00e1sa?<\/strong><\/h3>\n\n\n\n<p><strong>Nem k\u00fcl\u00f6n\u00f6sebben - az e-ker\u00e9kp\u00e1rok elektromos meghajt\u00e1si rendszereit \u00fagy tervezt\u00e9k, hogy alacsony karbantart\u00e1si ig\u00e9ny\u0171ek legyenek.<\/strong> A haszn\u00e1lat els\u0151 n\u00e9h\u00e1ny \u00e9v\u00e9ben a karbantart\u00e1si k\u00f6lts\u00e9gek val\u00f3sz\u00edn\u0171leg hasonl\u00f3ak lesznek, mint egy hagyom\u00e1nyos ker\u00e9kp\u00e1r\u00e9, eltekintve az esetleges akkumul\u00e1torcser\u00e9t\u0151l. Maga a motor \u00e1ltal\u00e1ban t\u00f6m\u00edtett \u00e9s karbantart\u00e1smentes t\u00f6bb ezer kilom\u00e9teren kereszt\u00fcl . Az olyan gy\u00e1rt\u00f3k, mint a Bosch \u00e9s a Shimano azt hirdetik, hogy a motorok eset\u00e9ben a term\u00e9k \u00e9lettartama alatt l\u00e9nyeg\u00e9ben nem kell tervszer\u0171 karbantart\u00e1st v\u00e9gezni (a Bosch szerint a motorok 15 000-20 000 km vagy ann\u00e1l is t\u00f6bb kilom\u00e9terig karbantart\u00e1smentesek) . Ez azt jelenti, hogy a motoregys\u00e9get nem kell rendszeresen kinyitni vagy szervizelni. A <strong>vez\u00e9rl\u0151 \u00e9s k\u00e1belez\u00e9s<\/strong> \u00e1ltal\u00e1ban nem ig\u00e9nyelnek karbantart\u00e1st, hacsak nem mer\u00fcl fel probl\u00e9ma (csak tartsa a csatlakoz\u00f3kat sz\u00e1razon \u00e9s tiszt\u00e1n).<\/p>\n\n\n\n<p>A f\u0151 kop\u00f3 alkatr\u00e9szek olyan dolgok maradnak, mint <strong>gumiabroncsok, f\u00e9kbet\u00e9tek, l\u00e1nc, kazetta, \u00e9s tal\u00e1n ker\u00e9k k\u00fcll\u0151k<\/strong> - ezek olyan ker\u00e9kp\u00e1ralkatr\u00e9szek, amelyek a haszn\u00e1lat miatt kopnak, ak\u00e1r elektromos, ak\u00e1r nem, b\u00e1r az e-cargo haszn\u00e1lat\u00e1b\u00f3l ad\u00f3d\u00f3 s\u00falyt\u00f6bblet \u00e9s sebess\u00e9g miatt gyorsabban kopnak. P\u00e9ld\u00e1ul a f\u00e9kbet\u00e9tek kicsit gyorsabban fogynak, mert nagyobb t\u00f6meget \u00e1ll\u00edt meg, vagy a l\u00e1ncok gyorsabban ny\u00falnak a motor nyomat\u00e9ka miatt. Ezek az alkatr\u00e9szek azonban viszonylag olcs\u00f3k (egy \u00faj l\u00e1nc, egy garnit\u00fara f\u00e9kbet\u00e9t stb.), \u00e9s r\u00e9szei a ker\u00e9kp\u00e1r rendszeres karbantart\u00e1s\u00e1nak.<\/p>\n\n\n\n<p>A <strong>akkumul\u00e1tor<\/strong> a legk\u00f6lts\u00e9gesebb alkatr\u00e9sz, amelyet id\u0151vel ki kell cser\u00e9lni. A legt\u00f6bb e-bike akkumul\u00e1torok tart valahol k\u00f6z\u00f6tt 5 \u00e9s 8 \u00e9v vagy 500-1000 t\u00f6lt\u00e9si ciklusok el\u0151tt kapacit\u00e1suk jelent\u0151sen cs\u00f6kken. Egy akkumul\u00e1tor cser\u00e9je n\u00e9h\u00e1ny sz\u00e1z \u00e9s t\u00f6bb sz\u00e1z font\/eur\u00f3 k\u00f6z\u00f6tti \u00f6sszegbe ker\u00fclhet (tal\u00e1n $500-$900 m\u00e1rk\u00e1t\u00f3l \u00e9s m\u00e9rett\u0151l f\u00fcgg\u0151en) . Ha hossz\u00fa t\u00e1von tartja a motort, b\u00f6lcs dolog \u00faj akkumul\u00e1tort beszerezni, mondjuk 5-7 \u00e9v m\u00falva. De \u00e9vente ez a k\u00f6lts\u00e9g amortiz\u00e1l\u00f3dik. P\u00e9ld\u00e1ul 700 font egy \u00faj akkumul\u00e1tor\u00e9rt 7 \u00e9v alatt \u00e9vente 100 fontot jelent.<\/p>\n\n\n\n<p>Egy\u00e9b elektronikus meghib\u00e1sod\u00e1sok (motor- vagy vez\u00e9rl\u0151probl\u00e9m\u00e1k) r\u00f6vid \u00e9s k\u00f6z\u00e9pt\u00e1von nem gyakoriak, \u00e9s az els\u0151 \u00e9vekben gyakran a garancia is fedezi \u0151ket. L\u00e1ttunk m\u00e1r teherbringa flott\u00e1kat \u00e9vekig futni minim\u00e1lis e rendszer probl\u00e9m\u00e1kkal. Ha egy motornak a garancia ut\u00e1n szervizel\u00e9sre van sz\u00fcks\u00e9ge, egyes \u00fczletek fel\u00faj\u00edthatj\u00e1k a motorokat csap\u00e1gyak stb. cser\u00e9j\u00e9vel, ami n\u00e9h\u00e1ny sz\u00e1zas nagys\u00e1grend\u0171 lehet (m\u00e9g mindig viszonylag ritka karbantart\u00e1s) .<\/p>\n\n\n\n<p>Az al\u00e1bbiak tekintet\u00e9ben <em>rendszeres karbantart\u00e1si feladatok<\/em>: id\u0151nk\u00e9nt sz\u00fcks\u00e9g lehet a firmware friss\u00edt\u00e9s\u00e9re (\u00e1ltal\u00e1ban a ker\u00e9kp\u00e1rboltban t\u00f6rt\u00e9nik a tuning sor\u00e1n, gyakran nem kell k\u00fcl\u00f6n fizetni), ellen\u0151rizze, hogy az \u00f6sszes csatlakoz\u00f3 szorosan illeszkedik-e (k\u00fcl\u00f6n\u00f6sen a nagyon r\u00e1z\u00f3s utak ut\u00e1n), \u00e9s nagyj\u00e1b\u00f3l ennyi. Ha valaha is bejutna v\u00edz valamelyik alkatr\u00e9szbe, azt meg kell jav\u00edtani, de a min\u0151s\u00e9gi rendszerek j\u00f3l t\u00f6m\u00edtettek.<\/p>\n\n\n\n<p>Sz\u00f3val, <strong>az e-meghajt\u00e1s folyamatos karbantart\u00e1si k\u00f6lts\u00e9gei nem hatalmasak.<\/strong>. Ez legink\u00e1bb az esetleges akkumul\u00e1torcser\u00e9t teszi hozz\u00e1 a norm\u00e1l ker\u00e9kp\u00e1r karbantart\u00e1shoz. \u00c1ltal\u00e1ban \u00e9vente t\u00f6bbet k\u00f6lt\u00f6k \u00faj gumiabroncsokra \u00e9s f\u00e9kbet\u00e9tekre, mint az elektronik\u00e1val kapcsolatos dolgokra. A t\u00f6lt\u00e9shez sz\u00fcks\u00e9ges \u00e1ram fill\u00e9rekbe ker\u00fcl - tal\u00e1n $0.10-$0.20 teljes t\u00f6lt\u00e9senk\u00e9nt (nagyon olcs\u00f3 az \u00fczemanyaghoz k\u00e9pest) . \u00d6sszefoglalva, nem, az elektromos hajt\u00e1srendszerek karbantart\u00e1sa nem t\u00fal dr\u00e1ga. \u00dagy vannak meg\u00e9p\u00edtve, hogy sok beavatkoz\u00e1s n\u00e9lk\u00fcl m\u0171k\u00f6djenek. Csak tartsa karban a ker\u00e9kp\u00e1rt \u00f6sszess\u00e9g\u00e9ben, \u00e9s az e-alkatr\u00e9sznek is z\u00f6tyk\u00f6l\u0151dnie kell. Az ipar\u00e1gi \u00f6sszehasonl\u00edt\u00e1sok azt mutatj\u00e1k, hogy az e-ker\u00e9kp\u00e1rok kilom\u00e9terenk\u00e9nt csak n\u00e9h\u00e1ny centbe ker\u00fclnek a karbantart\u00e1s \u00e9s a villamos energia , ami sokkal olcs\u00f3bb, mint egy aut\u00f3, \u00e9s csak egy kicsit t\u00f6bb, mint egy hagyom\u00e1nyos ker\u00e9kp\u00e1r (f\u0151leg az akkumul\u00e1tor \u00f6reged\u00e9se miatt). <\/p>\n\n\n\n<p><strong>Referenci\u00e1k:<\/strong> <a href=\"https:\/\/scooteretti.com\/blogs\/news\/e-bikes-vs-traditional-bicycles-true-cost-maintenance-comparison-in-2025?srsltid=AfmBOopy7b93rVrLAzsYKr8i5V-oU5cr8dOBYNdA_3-oounUiEhQPLdP#:~:text=,reduces%20strain%20on%20the%20drivetrain\" target=\"_blank\" rel=\"noopener\">Motorrendszerek minim\u00e1lis karbantart\u00e1s az els\u0151 15 000-20 000 km-en<\/a> ; Akkumul\u00e1tor csere n\u00e9h\u00e1ny \u00e9v ut\u00e1n, mint f\u0151 k\u00f6lts\u00e9g ; \u00c9ves e-bike karbantart\u00e1si k\u00f6lts\u00e9gbecsl\u00e9sek ($100-200\/\u00e9v alkatr\u00e9szek) .<\/p>\n\n\n\n<h3 class=\"wp-block-heading\" id=\"25-are-motors-controllers-and-batteries-easy-to-replace-or-repair\"><strong>23. A motorok, vez\u00e9rl\u0151k \u00e9s akkumul\u00e1torok k\u00f6nnyen cser\u00e9lhet\u0151k vagy jav\u00edthat\u00f3k?<\/strong><\/h3>\n\n\n\n<p><strong>Az e-cargo ker\u00e9kp\u00e1rok motorjai, vez\u00e9rl\u0151i \u00e9s akkumul\u00e1torai modul\u00e1ris alkatr\u00e9szek, amelyek cser\u00e9lhet\u0151k vagy jav\u00edthat\u00f3k, b\u00e1r ez rendszerenk\u00e9nt v\u00e1ltoz\u00f3an egyszer\u0171.<\/strong> \u00c1ltal\u00e1ban az akkumul\u00e1torokat a legk\u00f6nnyebb cser\u00e9lni: a legt\u00f6bb e-cargo ker\u00e9kp\u00e1rnak kivehet\u0151 akkumul\u00e1torai vannak, amelyeket percek alatt kicser\u00e9lhet. Ha az akkumul\u00e1tor lemer\u00fcl, vagy friss\u00edteni szeretn\u00e9, egyszer\u0171en kioldja a v\u00e1zb\u00f3l, \u00e9s \u00faj akkumul\u00e1tort helyez be. A <em>kompatibilis<\/em> Az akkumul\u00e1tor (k\u00fcl\u00f6n\u00f6sen az olyan m\u00e1rk\u00e1s rendszerek eset\u00e9ben, mint a Bosch vagy a Shimano) \u00e1ltal\u00e1ban az egyetlen kih\u00edv\u00e1s, mivel a megfelel\u0151 modellt kell beszereznie. Fizikailag azonban egyszer\u0171 - sz\u00f3 szerint be kell kattintani az \u00faj akkumul\u00e1tort.<\/p>\n\n\n\n<p>A vez\u00e9rl\u0151k (az elektronikus agyak, gyakran egy kis doboz, amely a v\u00e1zba van rejtve, vagy a k\u00f6z\u00e9phajt\u00e1sokn\u00e1l a motorba van be\u00e9p\u00edtve) szint\u00e9n cser\u00e9lhet\u0151k, de ez ink\u00e1bb egy ker\u00e9kp\u00e1r-technikus feladata, mint a v\u00e9gfelhaszn\u00e1l\u00f3\u00e9, f\u0151leg az\u00e9rt, mert ez a panelek felnyit\u00e1s\u00e1t, a k\u00e1belk\u00f6tegek lev\u00e1laszt\u00e1s\u00e1t \u00e9s n\u00e9ha az \u00faj vez\u00e9rl\u0151 programoz\u00e1s\u00e1t jelenti, hogy besz\u00e9ljen a rendszerrel. Ez azonban nem t\u00fal bonyolult egy szakember sz\u00e1m\u00e1ra: a ker\u00e9kagymotor-k\u00e9szletek eset\u00e9ben a vez\u00e9rl\u0151 gyakran egy k\u00fcl\u00f6n\u00e1ll\u00f3 doboz - r\u00e9gi kih\u00faz\u00e1sa, \u00faj csatlakoztat\u00e1sa. Az olyan k\u00f6z\u00e9pmotorokn\u00e1l, mint a Bosch, a \"vez\u00e9rl\u0151\" \u00e1ltal\u00e1ban a motorh\u00e1zban van, \u00edgy ha meghib\u00e1sodik, \u00e1ltal\u00e1ban az eg\u00e9sz motoregys\u00e9get egy darabban szervizelik vagy cser\u00e9lik ki.<\/p>\n\n\n\n<p><strong>Motorok:<\/strong> Egy teljes motoregys\u00e9g cser\u00e9je mindenk\u00e9ppen lehets\u00e9ges. A k\u00f6z\u00e9phajt\u00e1s\u00fa motorok eset\u00e9ben a forgatty\u00fakarokat \u00e9s a r\u00f6gz\u00edt\u0151csavarokat kell elt\u00e1vol\u00edtani, majd kicser\u00e9lni a motort. A ker\u00e9kp\u00e1rboltok ezt rendszeresen megteszik, ha egy motor garanci\u00e1lis meghib\u00e1sodik. Ez k\u00f6r\u00fclbel\u00fcl egy \u00f3r\u00e1t vesz ig\u00e9nybe. Egyes m\u00e1rk\u00e1k (mint p\u00e9ld\u00e1ul a Bosch) gyakran ink\u00e1bb a motor magj\u00e1t cser\u00e9lik, minthogy a bels\u0151 r\u00e9szeket a helysz\u00ednen jav\u00edts\u00e1k. A hub motorok, cser\u00e9je gyakran olyan egyszer\u0171, mint cser\u00e9lje ki a ker\u00e9k, amely tartalmazza azt. Egy h\u00e1ts\u00f3 ker\u00e9kagymotor ker\u00e9k lecsatlakoztathat\u00f3 \u00e9s elt\u00e1vol\u00edthat\u00f3, mint egy norm\u00e1l ker\u00e9k (plusz a motork\u00e1bel lev\u00e1laszt\u00e1sa), \u00e9s egy \u00faj motorker\u00e9k beilleszthet\u0151, majd csatlakoztathat\u00f3 a k\u00e1bel. Teh\u00e1t ebben az \u00e9rtelemben, hub motorok el\u00e9g k\u00f6nnyen cser\u00e9lhet\u0151 - alapvet\u0151en egy ker\u00e9kcsere .<\/p>\n\n\n\n<p>Ami a <strong>jav\u00edt\u00e1s<\/strong> motorok\/vez\u00e9rl\u0151k: egyes szakszolg\u00e1latok (\u00e9s \u00fcgyes kez\u0171 szem\u00e9lyek) alkatr\u00e9szszint\u0171 jav\u00edt\u00e1sokat v\u00e9geznek - pl. csap\u00e1gyak cser\u00e9je egy motorban, vagy egy ki\u00e9gett kondenz\u00e1tor cser\u00e9je egy vez\u00e9rl\u0151panelen. De egy fogyaszt\u00f3 jellemz\u0151en nem ezt teszi; \u00e1ltal\u00e1ban \u00faj vagy fel\u00faj\u00edtott alkatr\u00e9szre cser\u00e9lik az alkatr\u00e9szt. Vannak olyan c\u00e9gek, amelyek sz\u00fcks\u00e9g eset\u00e9n fel\u00faj\u00edtj\u00e1k az e-bike motorokat (\u00fajraf\u00e9nyez\u00e9s, \u00faj csap\u00e1gyak) , ami olcs\u00f3bb lehet, mint egy \u00faj egys\u00e9g. A vez\u00e9rl\u0151k n\u00e9ha jav\u00edthat\u00f3k, ha egyszer\u0171 probl\u00e9m\u00e1r\u00f3l van sz\u00f3 (laza csatlakoz\u00e1s stb.), de gyakran ez is cser\u00e9lhet\u0151.<\/p>\n\n\n\n<p>A j\u00f3 dolog az, hogy ezek az alkatr\u00e9szek szervizel\u00e9sre k\u00e9sz\u00fcltek: a csatlakoz\u00f3k \u00e1ltal\u00e1ban plug-and-play. P\u00e9ld\u00e1ul, \u00e9n friss\u00edtettem egy vez\u00e9rl\u0151 egy hub-drive teher ker\u00e9kp\u00e1r egy magasabb \u00e1ramer\u0151ss\u00e9g\u0171 - ez alapvet\u0151en volt h\u00fazza ki a r\u00e9gi vez\u00e9rl\u0151 k\u00e1belek (motor, akkumul\u00e1tor, kijelz\u0151, \u00e9rz\u00e9kel\u0151k), t\u00e1vol\u00edtsa el, szerelje fel az \u00faj vez\u00e9rl\u0151, dugja be a k\u00e1beleket. Alapvet\u0151 szersz\u00e1mokkal tal\u00e1n 30 percig tartott.<\/p>\n\n\n\n<p>Egy szempont: ha a rendszer szabadalmaztatott, akkor a gy\u00e1rt\u00f3t\u00f3l kell a pontos cserealkatr\u00e9szeket beszereznie. A nagy m\u00e1rk\u00e1k azonban \u00e9vekig tartanak tartal\u00e9kokat. A Bosch 10 \u00e9vig garant\u00e1lja az alkatr\u00e9szek rendelkez\u00e9sre \u00e1ll\u00e1s\u00e1t a rendszereihez , \u00edgy m\u00e9g ha egy motor hossz\u00fa id\u0151n kereszt\u00fcl el is pusztul, akkor is kaphat cser\u00e9t.<\/p>\n\n\n\n<p><strong>\u00d6sszefoglalva:<\/strong> Igen, ezek a f\u0151 alkatr\u00e9szek cser\u00e9lhet\u0151k. Az akkumul\u00e1torok a legegyszer\u0171bb felhaszn\u00e1l\u00f3i szint\u0171 cser\u00e9k. A vez\u00e9rl\u0151ket \u00e9s a motorokat egy hozz\u00e1\u00e9rt\u0151 szerel\u0151 (vagy egy \u00fcgyes bark\u00e1csol\u00f3) t\u00fal sok gond n\u00e9lk\u00fcl kicser\u00e9lheti, mivel modul\u00e1risak. Az alkatr\u00e9szszint\u0171 jav\u00edt\u00e1s kev\u00e9sb\u00e9 gyakori, de szakembereken kereszt\u00fcl lehets\u00e9ges. Ez hasonl\u00edt az aut\u00f3alkatr\u00e9szekhez - ink\u00e1bb cser\u00e9lje ki a rossz alkatr\u00e9szt, minthogy saj\u00e1t maga jav\u00edtsa meg a mikrochipeket. Teh\u00e1t b\u00e1r nem eg\u00e9szen \"dugj be egy USB-t \u00e9s jav\u00edtsd meg\" egyszer\u0171, de mindenk\u00e9ppen kezelhet\u0151 \u00e9s r\u00e9sze a norm\u00e1l e-ker\u00e9kp\u00e1r karbantart\u00e1si ciklusnak. <\/p>\n\n\n\n<figure class=\"wp-block-embed is-type-wp-embed is-provider-regen-tech-full-cycle-e-cargo-bike-odm-oem-services wp-block-embed-regen-tech-full-cycle-e-cargo-bike-odm-oem-services\"><div class=\"wp-block-embed__wrapper\">\n<blockquote class=\"wp-embedded-content\" data-secret=\"ZaEj2WQ8Rp\"><a href=\"https:\/\/regencargobikes.com\/hu\/motor-and-battery-maintenance-tips\/\">Motor- \u00e9s akkumul\u00e1torkarbantart\u00e1si tippek<\/a><\/blockquote><iframe class=\"wp-embedded-content\" sandbox=\"allow-scripts\" security=\"restricted\" style=\"position: absolute; visibility: hidden;\" title=\"&quot;Motor \u00e9s akkumul\u00e1tor karbantart\u00e1si tippek&quot; - Regen Tech - Full-cycle E-cargo bike ODM\/OEM szolg\u00e1ltat\u00e1sok\" src=\"https:\/\/regencargobikes.com\/motor-and-battery-maintenance-tips\/embed\/#?secret=vTnLDvAymP#?secret=ZaEj2WQ8Rp\" data-secret=\"ZaEj2WQ8Rp\" width=\"600\" height=\"338\" frameborder=\"0\" marginwidth=\"0\" marginheight=\"0\" scrolling=\"no\"><\/iframe>\n<\/div><\/figure>\n\n\n\n<h2 class=\"wp-block-heading\" id=\"extended-topics\"><strong>B\u0151v\u00edtett t\u00e9m\u00e1k<\/strong><\/h2>\n\n\n\n<h3 class=\"wp-block-heading\" id=\"hub-motor-vs-mid-drive-full-comparison-for-cargo-bikes\"><strong>Hubmotor vs. k\u00f6z\u00e9phajt\u00e1s: Teljes \u00f6sszehasonl\u00edt\u00e1s a teherforgalmi ker\u00e9kp\u00e1rok sz\u00e1m\u00e1ra<\/strong><\/h3>\n\n\n\n<p><strong>Bevezet\u00e9s:<\/strong> Az elektromos teherbring\u00e1k vil\u00e1g\u00e1ban az egyik legnagyobb d\u00f6nt\u00e9s a hubmotor \u00e9s a k\u00f6z\u00e9phajt\u00e1s\u00fa motor k\u00f6z\u00f6tti v\u00e1laszt\u00e1s. Mindegyiknek megvannak a maga er\u0151ss\u00e9gei, \u00e9s a legjobb v\u00e1laszt\u00e1s att\u00f3l f\u00fcgg, hogyan tervezi haszn\u00e1lni a teherbring\u00e1t. Itt az Regen-n\u00e9l m\u00e1r mindk\u00e9t rendszerrel ell\u00e1tott teherbring\u00e1n lovagoltam, \u00e9s ez a teljes \u00f6sszehasonl\u00edt\u00e1s lebontja a teljes\u00edtm\u00e9ny, a karbantart\u00e1s, a k\u00f6lts\u00e9gek \u00e9s a felhaszn\u00e1l\u00e1si esetek k\u00f6z\u00f6tti k\u00fcl\u00f6nbs\u00e9geket, k\u00fcl\u00f6n\u00f6sen tehersz\u00e1ll\u00edt\u00e1sra.<\/p>\n\n\n\n<p><strong>1. Er\u0151\u00e1tvitel \u00e9s vezet\u00e9si \u00e9rzet:<\/strong><\/p>\n\n\n\n<ul class=\"wp-block-list\">\n<li><strong>K\u00f6z\u00e9phajt\u00e1s\u00fa motorok:<\/strong> Ezek a ker\u00e9kp\u00e1r k\u00f6zep\u00e9n helyezkednek el (a ped\u00e1lokn\u00e1l), \u00e9s a hajt\u00f3karokat hajtj\u00e1k. Meghat\u00e1roz\u00f3 jellemz\u0151j\u00fck, hogy <strong>haszn\u00e1lja a ker\u00e9kp\u00e1r sebess\u00e9gv\u00e1lt\u00f3it<\/strong>. Ez azt jelenti, hogy alacsony sebess\u00e9gfokozatban a motor gyorsan p\u00f6r\u00f6g \u00e9s hat\u00e9konyan m\u00e1szik meredek emelked\u0151k\u00f6n, nagyon term\u00e9szetes seg\u00edts\u00e9get ny\u00fajtva, amely olyan \u00e9rz\u00e9st kelt, mintha \"bionikus l\u00e1bak\" lenn\u00e9nek. A teherbring\u00e1k k\u00f6z\u00e9phajt\u00e1sai (mint a Bosch Cargo Line vagy a Shimano STEPS) nagy nyomat\u00e9kkal rendelkeznek (gyakran 75-85 Nm) , ami er\u0151s hegym\u00e1sz\u00f3 k\u00e9pess\u00e9get jelent - ami a neh\u00e9z teher eset\u00e9ben kulcsfontoss\u00e1g\u00fa t\u00e9nyez\u0151. A menet\u00e9rzet jellemz\u0151en sima \u00e9s \u00e9rz\u00e9keny; mivel m\u00e9rik a ped\u00e1ler\u0151det (nyomat\u00e9k\u00e9rz\u00e9kel\u0151) \u00e9s megszorozz\u00e1k, integr\u00e1ltnak \u00e9rzed. Megfelel\u0151en kell v\u00e1ltania a sebess\u00e9gfokozatokat, hogy a lehet\u0151 legt\u00f6bbet hozza ki bel\u0151le, hasonl\u00f3an egy hagyom\u00e1nyos ker\u00e9kp\u00e1rhoz .<\/li>\n\n\n\n<li><strong>Hub Motors:<\/strong> A ker\u00e9kagymotorok vagy a h\u00e1ts\u00f3 vagy az els\u0151 ker\u00e9kben vannak (a h\u00e1ts\u00f3 gyakrabban fordul el\u0151 teherfuvaroz\u00e1sn\u00e1l). Ezek <strong>k\u00f6zvetlen\u00fcl a ker\u00e9k meghajt\u00e1sa<\/strong> \u00e9s nem \u00e9rdekel, hogy milyen felszerel\u00e9sben vagy. Ez azt az \u00e9rz\u00e9st keltheti, mintha toln\u00e1k (ha h\u00e1ts\u00f3 ker\u00e9kagy) vagy h\u00fazn\u00e1k (ha els\u0151 ker\u00e9kagy). Teherbring\u00e1kn\u00e1l \u00e1ltal\u00e1ban a h\u00e1ts\u00f3 ker\u00e9kagyat r\u00e9szes\u00edtik el\u0151nyben a korm\u00e1nyozhat\u00f3s\u00e1g fenntart\u00e1sa \u00e9rdek\u00e9ben. A hubmotorok gyakran bin\u00e1risabb \u00e9rzetet keltenek - vagy \u00e9rzi a motort, vagy nem -, k\u00fcl\u00f6n\u00f6sen azok, amelyekben van fordulatsz\u00e1m-\u00e9rz\u00e9kel\u0151 vagy g\u00e1zped\u00e1lvez\u00e9rl\u00e9s. S\u00edk \u00faton nagyon lend\u00fcletes gyorsul\u00e1st biztos\u00edthatnak, mivel a motor teljes nyomat\u00e9k\u00e1t k\u00f6zvetlen\u00fcl a ker\u00e9kre fejtik ki \u00e1ll\u00f3 helyzetb\u0151l. Meredek emelked\u0151k\u00f6n azonban a ker\u00e9kagymotor jelent\u0151sen lelassulhat, mivel nem tud visszav\u00e1ltani; a motor fordulatsz\u00e1ma lecs\u00f6kken, \u00e9s megakadhat. A nagy teljes\u00edtm\u00e9ny\u0171 ker\u00e9kagymotorok (500W-750W) nyers er\u0151vel pr\u00f3b\u00e1lj\u00e1k ezt ellens\u00falyozni. Teherrel, ha meg\u00e1ll egy dombon, a hubmotoros ker\u00e9kp\u00e1rnak sz\u00fcks\u00e9ge lehet a g\u00e1zped\u00e1l er\u0151teljes lenyom\u00e1s\u00e1ra \u00e9s n\u00e9mi ped\u00e1loz\u00e1sra, hogy \u00fajra mozg\u00e1sba lend\u00fclj\u00f6n, m\u00edg egy k\u00f6z\u00e9phajt\u00e1s\u00fa ker\u00e9kp\u00e1r egyszer\u0171en csak visszav\u00e1lt \u00e9s felp\u00f6r\u00f6g.<\/li>\n<\/ul>\n\n\n\n<p><strong>2. Hegym\u00e1sz\u00e1s \u00e9s teherhord\u00e1s:<\/strong><\/p>\n\n\n\n<p>Ez a teherbiciklik eset\u00e9ben kulcsfontoss\u00e1g\u00fa.<\/p>\n\n\n\n<ul class=\"wp-block-list\">\n<li><strong>K\u00f6z\u00e9phajt\u00e1s:<\/strong> A dombokon uralkodik. A ker\u00e9kp\u00e1r fogaskerekeinek haszn\u00e1lata azt jelenti, hogy m\u00e9g egy 250W-os k\u00f6z\u00e9phajt\u00e1s is meglep\u0151en meredek emelked\u0151ket tud megm\u00e1szni terhel\u00e9ssel, b\u00e1r lassan, t\u00falmeleged\u00e9s n\u00e9lk\u00fcl. Ezek a nagyon dombos v\u00e1rosok v\u00e1laszt\u00e1sa. A k\u00f6z\u00e9phajt\u00e1sok terhel\u00e9s alatt is jobb hat\u00e1sfokot tartanak fenn; nem mer\u00edtik le az akkumul\u00e1tort olyan gyorsan a dombokon, mert visszaveheti a fokozatot, \u00e9s a motort az optim\u00e1lis fordulatsz\u00e1m-tartom\u00e1nyban tarthatja.<\/li>\n\n\n\n<li><strong>Hubmotor:<\/strong> Enyhe vagy k\u00f6zepes emelked\u0151k\u00f6n egy kell\u0151en er\u0151s hubmotor is megfelel. S\u0151t, a r\u00f6vid, er\u0151teljes emelked\u0151k\u00f6n egy nagy teljes\u00edtm\u00e9ny\u0171 hubmotor gyorsan fel tud izmosodni. A hosszabb vagy nagyon meredek emelked\u0151k azonban felfedik a gyenge pontokat: a motor t\u00falmelegedhet, ha t\u00fal sok\u00e1ig alacsony fordulatsz\u00e1mon dolgozik kem\u00e9nyen. Sok ker\u00e9kagymotor rendelkezik h\u0151v\u00e9delemmel, amely lekapcsolhatja a teljes\u00edtm\u00e9nyt, ha t\u00fals\u00e1gosan felmelegszik egy hossz\u00fa emelked\u0151n, neh\u00e9z rakom\u00e1nnyal. Ezt \u00fagy enyh\u00edtheti, ha a dombokat n\u00e9mi sebess\u00e9ggel k\u00f6zel\u00edti meg, vagy kem\u00e9nyen ped\u00e1lozik, hogy a sebess\u00e9get fenntartsa. N\u00e9h\u00e1ny hubmotoros teherbringa a nyomat\u00e9k n\u00f6vel\u00e9s\u00e9re fogasker\u00e9k-cs\u00f6kkent\u0151 hubot (bels\u0151 bolyg\u00f3m\u0171ves fogaskerekeket a motorban) haszn\u00e1l - p\u00e9ld\u00e1ul a RadWagon 750W-os fogaskerekes hubja tisztess\u00e9ges dombokat tud kezelni, de v\u00e9g\u00fcl, mondjuk, egy 15% fokozattal max terhel\u00e9ssel k\u00fczdhet.<\/li>\n<\/ul>\n\n\n\n<p><strong>3. Ind\u00edt\u00e1s meg\u00e1ll\u00e1sb\u00f3l (nyomat\u00e9k vs. g\u00e1zped\u00e1l):<\/strong><\/p>\n\n\n\n<ul class=\"wp-block-list\">\n<li><strong>K\u00f6z\u00e9phajt\u00e1s:<\/strong> Terhel\u00e9s eset\u00e9n a k\u00f6z\u00e9phajt\u00e1ssal null\u00e1r\u00f3l (p\u00e9ld\u00e1ul egy k\u00f6zleked\u00e9si l\u00e1mp\u00e1n\u00e1l) val\u00f3 elindul\u00e1shoz alacsony sebess\u00e9gfokozatban kell lennie, ekkor a motor er\u0151sen seg\u00edti a ped\u00e1loz\u00e1st. Sok k\u00f6z\u00e9phajt\u00e1s\u00fa motor rendelkezik egy j\u00e1r\u00e1sseg\u00edt\u0151vel is, amely seg\u00edthet a ker\u00e9kp\u00e1r beind\u00edt\u00e1s\u00e1ban. Ez \u00e1ltal\u00e1ban hat\u00e9kony - ezek a rendszerek gyakran alacsony fordulatsz\u00e1mon adj\u00e1k ki a maxim\u00e1lis nyomat\u00e9kot, ami j\u00f3 l\u00f6k\u00e9st jelent, hogy elinduljon .<\/li>\n\n\n\n<li><strong>Hubmotor:<\/strong> A hubmotorok gyakran ragyognak a s\u00edk terepen t\u00f6rt\u00e9n\u0151 meg\u00e1ll\u00e1sb\u00f3l val\u00f3 elindul\u00e1sban, k\u00fcl\u00f6n\u00f6sen, ha van g\u00e1zped\u00e1l. Csak r\u00e1 kell nyomni a g\u00e1zped\u00e1lra, \u00e9s m\u00e1r mehet is, nincs sz\u00fcks\u00e9g sebess\u00e9gv\u00e1lt\u00e1sra. Ez k\u00e9nyelmes a v\u00e1rosi stop-and-go k\u00f6zleked\u00e9sben. Lejt\u0151n azonban az alacsony fordulatsz\u00e1m\u00fa ind\u00edt\u00e1s neh\u00e9z a ker\u00e9kagymotornak; ha holtpontr\u00f3l, rakom\u00e1nnyal a dombon sok g\u00e1zt adunk, az felmeleg\u00edtheti a motort, \u00e9s kicsit lass\u00fanak t\u0171nik, am\u00edg a fordulatsz\u00e1mot nem n\u00f6veli. Az ide\u00e1lis az, ha n\u00e9h\u00e1ny ped\u00e1lmozdulattal seg\u00edt\u00fcnk neki.<\/li>\n<\/ul>\n\n\n\n<p><strong>4. Karbantart\u00e1s \u00e9s tart\u00f3ss\u00e1g:<\/strong><\/p>\n\n\n\n<ul class=\"wp-block-list\">\n<li><strong>K\u00f6z\u00e9phajt\u00e1s:<\/strong> Er\u0151t fejt ki a l\u00e1ncon \u00e9s a fogaskerekeken, \u00edgy ezek az alkatr\u00e9szek gyorsabban kopnak. A l\u00e1ncokat, kazett\u00e1kat vagy sz\u00edjhajt\u00e1sokat gyakrabban cser\u00e9li, ha gyakran alkalmazza a motor teljes teljes\u00edtm\u00e9ny\u00e9t (k\u00fcl\u00f6n\u00f6sen neh\u00e9z rakom\u00e1ny eset\u00e9n) . A k\u00f6z\u00e9phajt\u00e1sokn\u00e1l is t\u00f6bb mozg\u00f3 alkatr\u00e9sz van, amelyek k\u00f6lcs\u00f6nhat\u00e1sba l\u00e9pnek a ker\u00e9kp\u00e1r hajt\u00e1sl\u00e1nc\u00e1val. Maguk a k\u00f6z\u00e9phajt\u00e1s\u00fa egys\u00e9gek azonban nagyon tart\u00f3sak. Z\u00e1rtak, \u00e9s kev\u00e9s k\u00f6zvetlen karbantart\u00e1st ig\u00e9nyelnek (tal\u00e1n n\u00e9h\u00e1ny ezer km-enk\u00e9nt egy l\u00e1ncker\u00e9kcsere). A megn\u00f6vekedett hajt\u00e1sl\u00e1nc kop\u00e1s a kompromisszum. A k\u00f6z\u00e9phajt\u00e1sn\u00e1l egy elszakadt l\u00e1nc kellemetlens\u00e9get jelent, mert l\u00e1nc n\u00e9lk\u00fcl a motorhajt\u00e1s is megsz\u0171nik.<\/li>\n\n\n\n<li><strong>Hubmotor:<\/strong> Nem terheli a l\u00e1ncot (mivel nem megy \u00e1t rajta). \u00cdgy a l\u00e1nc \u00e9s a fogaskerekek ugyanolyan hossz\u00fa ideig tartanak, mint egy norm\u00e1l ker\u00e9kp\u00e1ron, vagy m\u00e9g tov\u00e1bb, ha hajlamos a motorer\u0151vel tekerni. A hubmotorok azonban azt jelentik, hogy <strong>nagyobb ig\u00e9nybev\u00e9tel a k\u00fcll\u0151kre \u00e9s a ker\u00e9kre<\/strong> . Egy er\u0151sen terhelt h\u00e1ts\u00f3 ker\u00e9kagymotoros ker\u00e9k elromolhat, vagy elt\u00f6rhet egy k\u00fcll\u0151t, ha nem megfelel\u0151en \u00e9p\u00edtett\u00e9k \u00e9s karbantartott\u00e1k. \u00cdgy id\u0151nk\u00e9nt sz\u00fcks\u00e9g lehet a ker\u00e9k szervizel\u00e9s\u00e9re. Maga a motor \u00e1ltal\u00e1ban karbantart\u00e1smentes; tal\u00e1n nagyon hossz\u00fa id\u0151 ut\u00e1n a bels\u0151 fogaskerekek \u00fajraken\u00e9sre vagy csap\u00e1gycser\u00e9re szorulhatnak, de ez ritka, \u00e9s sok ker\u00e9kagymotor t\u00f6bb ezer kilom\u00e9tert megy probl\u00e9mamentesen. Ha valami meghib\u00e1sodik, a ker\u00e9kagymotorokat gyakran egyszer\u0171bb\/olcs\u00f3bb eg\u00e9sz\u00e9ben kicser\u00e9lni.<\/li>\n<\/ul>\n\n\n\n<p><strong>5. S\u00faly \u00e9s egyens\u00faly:<\/strong><\/p>\n\n\n\n<ul class=\"wp-block-list\">\n<li><strong>K\u00f6z\u00e9phajt\u00e1s:<\/strong> A k\u00f6zponti, alacsony t\u00f6meg kiegyens\u00falyozottan tartja a ker\u00e9kp\u00e1r kezelhet\u0151s\u00e9g\u00e9t. Ez nagyszer\u0171 a teherbiciklik eset\u00e9ben, mert m\u00e1r eleve szokatlan s\u00falyeloszt\u00e1ssal rendelkezhet (gyerekek az els\u0151 dobozban vagy a h\u00e1ts\u00f3 csomagtart\u00f3ban). A k\u00f6z\u00e9phajt\u00e1s nem teszi tov\u00e1bb kiegyens\u00falyozatlann\u00e1 a ker\u00e9kp\u00e1rt. Ez jav\u00edtja a stabilit\u00e1st, k\u00fcl\u00f6n\u00f6sen alacsony sebess\u00e9gn\u00e9l vagy a ker\u00e9kp\u00e1r j\u00e1rat\u00e1sakor. Emellett egyszer\u0171bb\u00e9 teszi a lapos gumik vagy a ker\u00e9k karbantart\u00e1s\u00e1t (a kerekek csak norm\u00e1l kerekek motorok n\u00e9lk\u00fcl).<\/li>\n\n\n\n<li><strong>Hubmotor:<\/strong> Jelent\u0151s s\u00falyt ad hozz\u00e1 ak\u00e1r az els\u0151, ak\u00e1r a h\u00e1ts\u00f3 r\u00e9szhez. A h\u00e1ts\u00f3 ker\u00e9kagymotor plusz a h\u00e1ts\u00f3 teher a ker\u00e9kp\u00e1rt h\u00e1tul neh\u00e9zz\u00e9 teheti - ez befoly\u00e1solhatja az els\u0151 ker\u00e9k tapad\u00e1s\u00e1t korm\u00e1nyz\u00e1s vagy f\u00e9kez\u00e9s k\u00f6zben. Az els\u0151 ker\u00e9kagy a dobozos ker\u00e9kp\u00e1ron s\u00falyt ad a korm\u00e1nyz\u00e1shoz. El\u0151nye azonban, hogy a s\u00faly a ker\u00e9ktengelyekn\u00e9l van, ami szint\u00e9n kiss\u00e9 cs\u00f6kkenti a s\u00falypontot, de nem olyan ide\u00e1lis helyen, mint a k\u00f6z\u00e9ps\u0151. Egy h\u00e1ts\u00f3 ker\u00e9kagyas hossz\u00fafark\u00fa ker\u00e9kp\u00e1r eset\u00e9ben el\u0151fordulhat, hogy n\u00e9mi fishtail-hat\u00e1st \u00e9rezhet, ha sebess\u00e9ggel, nagy terhel\u00e9ssel h\u00e1tulr\u00f3l bukkan fel a bukkan\u00f3kra. Mindezek mellett a hub-rendszerek egyszer\u0171s\u00edtik a ker\u00e9kp\u00e1r t\u00f6bbi r\u00e9sz\u00e9t (nincsenek extra v\u00e1zr\u00f6gz\u00edt\u0151k a motornak stb.).<\/li>\n<\/ul>\n\n\n\n<p><strong>6. Zaj:<\/strong> A k\u00f6z\u00e9phajt\u00e1sok (k\u00fcl\u00f6n\u00f6sen a Bosch\/Yamaha) enyhe z\u00fag\u00e1ssal rendelkeznek, amely a ped\u00e1lfordulatsz\u00e1mmal n\u00f6vekszik - \u00e1ltal\u00e1ban csendes, de hallhat\u00f3 a turb\u00f3 \u00fczemm\u00f3dban vagy kem\u00e9ny munka k\u00f6zben. A kard\u00e1ntengelyes motorok, k\u00fcl\u00f6n\u00f6sen a fogaskerekes kard\u00e1ntengelyek, szint\u00e9n z\u00fagnak alacsony sebess\u00e9gn\u00e9l, majd utaz\u00f3sebess\u00e9gn\u00e9l szinte hangtalanok. A k\u00f6zvetlen meghajt\u00e1s\u00fa hubmotorok szinte hangtalanok, de ezek a teherbring\u00e1kon ritk\u00e1k, mivel alacsony sebess\u00e9gn\u00e9l kisebb a nyomat\u00e9k.<\/p>\n\n\n\n<p><strong>7. K\u00f6lts\u00e9gek:<\/strong> A k\u00f6z\u00e9phajt\u00e1s\u00fa e-cargo ker\u00e9kp\u00e1rok gyakran dr\u00e1g\u00e1bbak. Maguk a motorok t\u00f6bbe ker\u00fclnek, \u00e9s az integr\u00e1ci\u00f3 is \u00f6sszetettebb. A hubmotoros teherbring\u00e1k (mint p\u00e9ld\u00e1ul n\u00e9h\u00e1ny bel\u00e9p\u0151 szint\u0171 modell) jelent\u0151sen olcs\u00f3bbak lehetnek, mik\u00f6zben m\u00e9g mindig hasznosak. Ha a k\u00f6lts\u00e9gvet\u00e9s nagy t\u00e9nyez\u0151, \u00e9s a terepviszonyok m\u00e9rs\u00e9keltek, akkor a hub-motoros teherbringa okos v\u00e1laszt\u00e1s lehet. Ha a p\u00e9nz nem sz\u00e1m\u00edt, vagy a dombok nagyok, a k\u00f6z\u00e9phajt\u00e1s jellemz\u0151en el\u0151nyben r\u00e9szes\u00fcl.<\/p>\n\n\n\n<p><strong>8. Felhaszn\u00e1l\u00e1si esetek aj\u00e1nl\u00e1sai:<\/strong><\/p>\n\n\n\n<ul class=\"wp-block-list\">\n<li>Ha \u00d6n egy <strong>nagyon dombos ter\u00fclet, vagy neh\u00e9z terhek \u00e1lland\u00f3 cipel\u00e9s\u00e9t tervezi.<\/strong> (gyerekek, sz\u00e1ll\u00edtm\u00e1nyok) emelked\u0151k\u00f6n, egy <strong>a k\u00f6z\u00e9phajt\u00e1s\u00fa teherbicikli val\u00f3sz\u00edn\u0171leg a jobb v\u00e1laszt\u00e1s<\/strong> . A hat\u00e9konys\u00e1g \u00e9s a nyomat\u00e9k kifizet\u0151dik. Szint\u00e9n, ha \u00e9rt\u00e9keli a \"ker\u00e9kp\u00e1rszer\u0171\" ped\u00e1loz\u00e1si \u00e9lm\u00e9nyt, \u00e9s tervezi a ker\u00e9kp\u00e1r fenntart\u00e1s\u00e1t, a k\u00f6z\u00e9phajt\u00e1s illik.<\/li>\n\n\n\n<li>Ha t\u00f6bbnyire a <strong>s\u00edk v\u00e1rosi utc\u00e1k, start-stop \u00fcgyint\u00e9z\u00e9s<\/strong>, \u00e9s egyszer\u0171s\u00e9gre v\u00e1gyik (vagy fojt\u00f3szelep haszn\u00e1latra, ahol ez leg\u00e1lis), egy <strong>hub motoros teher ker\u00e9kp\u00e1r lehet rendk\u00edv\u00fcl k\u00e9nyelmes<\/strong> . Olyan, mintha a g\u00e1zped\u00e1l csavar\u00e1s\u00e1val gyors seg\u00edts\u00e9get kapna, hogy \u00e1trobogjon egy keresztez\u0151d\u00e9sen a bev\u00e1s\u00e1rl\u00e1ssal. Tov\u00e1bb\u00e1, ha minimaliz\u00e1lni szeretn\u00e9 a hajt\u00e1sl\u00e1nc karbantart\u00e1s\u00e1t, a hub vonz\u00f3.<\/li>\n<\/ul>\n\n\n\n<p><strong>9. Redundancia:<\/strong> Egy klassz szempont - egy k\u00f6z\u00e9phajt\u00e1s\u00fa ker\u00e9kp\u00e1rral, ha a motor vagy a l\u00e1nc meghib\u00e1sodik, akkor egy neh\u00e9z ker\u00e9kp\u00e1rral \u00e9s rakom\u00e1nnyal ped\u00e1lozol (kem\u00e9ny!). Egy hubmotoros ker\u00e9kp\u00e1ron, ha a motor meghib\u00e1sodik, akkor is tudsz ped\u00e1lozni (b\u00e1r a hubmotoroknak gyakran van n\u00e9mi ellen\u00e1ll\u00e1suk, de a fogaskerekes hubok szabadonfut\u00f3val j\u00f3l j\u00e1rnak). Ezzel szemben, ha a l\u00e1nc elszakad egy ker\u00e9kagymotoron, akkor is haszn\u00e1lhatja a g\u00e1zt, hogy hazabicegjen, mivel a motor k\u00f6zvetlen\u00fcl hajtja a kereket - ez egy megfontoland\u00f3 forgat\u00f3k\u00f6nyv.<\/p>\n\n\n\n<p><strong>K\u00f6vetkeztet\u00e9s:<\/strong> A tehersz\u00e1ll\u00edt\u00f3 ker\u00e9kp\u00e1rok eset\u00e9ben sok szak\u00e9rt\u0151 a k\u00f6z\u00e9phajt\u00e1s fel\u00e9 hajlik a s\u00falysz\u00e1ll\u00edt\u00e1ssal kapcsolatos k\u00f6vetelm\u00e9nyek miatt (ez\u00e9rt a legt\u00f6bb cs\u00facskateg\u00f3ri\u00e1s tehersz\u00e1ll\u00edt\u00f3 modell k\u00f6z\u00e9phajt\u00e1ssal rendelkezik). De a hubmotoros teherbring\u00e1knak is megvan a hely\u00fck, \u00e9s sok boldog felhaszn\u00e1l\u00f3juk van - leegyszer\u0171s\u00edtik a v\u00e1rosi k\u00f6zleked\u00e9st, \u00e9s olcs\u00f3bbak. V\u00e9g\u00fcl is, <em>legjobb<\/em> az, ami megfelel a napi sz\u00fcks\u00e9gleteinek: <strong>k\u00f6z\u00e9phajt\u00e1s a maxim\u00e1lis sokoldal\u00fas\u00e1g\u00e9rt \u00e9s hegymenet\u00e9rt <\/strong><strong>, ker\u00e9kagymotor az egyszer\u0171, megb\u00edzhat\u00f3 v\u00e1rosi utaz\u00e1shoz kevesebb sebess\u00e9gv\u00e1lt\u00f3-zavarral<\/strong> . Mindkett\u0151 k\u00e9pes a rakom\u00e1nyt kezelni, de k\u00fcl\u00f6nb\u00f6z\u0151 st\u00edlusban teszik ezt.<\/p>\n\n\n\n<p><\/p>\n\n\n\n<h3 class=\"wp-block-heading\" id=\"how-to-choose-the-right-motor-power-for-your-terrain\"><strong>Hogyan v\u00e1lasszuk ki a megfelel\u0151 motorteljes\u00edtm\u00e9nyt az \u00d6n terepviszonyaihoz?<\/strong><\/h3>\n\n\n\n<p>A terepviszonyoknak megfelel\u0151 motorteljes\u00edtm\u00e9ny kiv\u00e1laszt\u00e1sa kulcsfontoss\u00e1g\u00fa a kellemes e-cargo ker\u00e9kp\u00e1roz\u00e1s \u00e9lm\u00e9ny\u00e9hez. \u00cdme egy l\u00e9p\u00e9sr\u0151l-l\u00e9p\u00e9sre t\u00f6rt\u00e9n\u0151 \u00fatmutat\u00f3 az \u00e9n szemsz\u00f6gemb\u0151l, mivel sok Regen \u00fcgyf\u00e9lnek adtam tan\u00e1csot, hogyan illessze a motorteljes\u00edtm\u00e9nyt a k\u00f6rnyezethez, amelyben tekerni fog:<\/p>\n\n\n\n<p><strong>1. \u00c9rt\u00e9kelje a terepprofilj\u00e1t:<\/strong> Kezdje azzal, hogy \u0151szint\u00e9n felm\u00e9ri, mennyire dombos vagy s\u00edk a ter\u00fclet. Palacsintas\u00edk k\u00fclv\u00e1ros, dombok vagy San Francisco-i st\u00edlus\u00fa meredek utc\u00e1k? Vegye figyelembe a tipikus sz\u00e9lviszonyokat is (az er\u0151s ellensz\u00e9l gyakorlatilag \u00fagy viselkedik, mint a dombok). T\u00f6bbnyire s\u00edk terepen k\u00f6nnyen meg\u00faszhatja kisebb teljes\u00edtm\u00e9ny\u0171 (250 W-os oszt\u00e1ly) . A dombok, k\u00fcl\u00f6n\u00f6sen a gyakori vagy hossz\u00fa dombok eset\u00e9ben nagyobb nyomat\u00e9kra \u00e9s esetleg nagyobb teljes\u00edtm\u00e9nyre lesz sz\u00fcks\u00e9ge .<\/p>\n\n\n\n<p><strong>2. Ismerje a r\u00e9gi\u00f3j\u00e1ban \u00e9rv\u00e9nyes t\u00f6rv\u00e9nyes hat\u00e1r\u00e9rt\u00e9keket:<\/strong> Eur\u00f3p\u00e1ban \u00e9s az Egyes\u00fclt Kir\u00e1lys\u00e1gban a szabv\u00e1nyos e-ker\u00e9kp\u00e1rok teljes\u00edtm\u00e9nye 250 W-os folyamatos teljes\u00edtm\u00e9nyre \u00e9s 25 km\/h-s sebess\u00e9gre van korl\u00e1tozva. Ha ez a te eseted, akkor gyakran k\u00fcl\u00f6nb\u00f6z\u0151 250W-os rendszerek k\u00f6z\u00f6tt kell v\u00e1lasztanod (teh\u00e1t a nyomat\u00e9kra \u00e9s a min\u0151s\u00e9gre kell \u00f6sszpontos\u00edtanod). Az Egyes\u00fclt \u00c1llamokban ak\u00e1r 750W-os opci\u00f3k is lehetnek utcai haszn\u00e1latra. A d\u00f6nt\u00e9s teh\u00e1t a k\u00f6vetkez\u0151 lehet: sz\u00fcks\u00e9gem van arra a 750W-ra, vagy el\u00e9g az 500W? Ez a terepviszonyokt\u00f3l f\u00fcgg. Ha p\u00e9ld\u00e1ul egy meredek dombokkal teli amerikai v\u00e1rosban (Seattle) lakik, egy 750W-os motorral sim\u00e1bban lehet felfel\u00e9 haladni, mint egy 500W-osal, k\u00fcl\u00f6n\u00f6sen teherrel.<\/p>\n\n\n\n<p><strong>3. Vegye figyelembe a terhel\u00e9st:<\/strong> A terep \u00e9s a motor teljes\u00edtm\u00e9nye k\u00e9z a k\u00e9zben j\u00e1r azzal, hogy mekkora s\u00falyt cipel. Ha gyakran sz\u00e1ll\u00edtja a fels\u0151 teherb\u00edr\u00e1si tartom\u00e1nyt (gyermek + bev\u00e1s\u00e1rl\u00e1s, vagy t\u00f6bb gyermek), hajoljon egy er\u0151sebb vagy nagyobb nyomat\u00e9k\u00fa motor fel\u00e9. Egy 250W-os k\u00f6z\u00e9phajt\u00e1s is elb\u00edrja, de nagyon meredek emelked\u0151k\u00f6n lass\u00fa lehet . Ha leg\u00e1lis, egy 500W vagy 750W lehet indokolt a nagy terhel\u00e9shez a dombokon, hogy a sebess\u00e9get t\u00falmeleged\u00e9s n\u00e9lk\u00fcl tartsa fenn.<\/p>\n\n\n\n<p><strong>4. A motor nyomat\u00e9k\u00e1nak \u00e9s teljes\u00edtm\u00e9ny\u00e9nek meg\u00e9rt\u00e9se:<\/strong> M\u00e1sz\u00f3 terephez, <strong>nyomat\u00e9k (Nm)<\/strong> fontosabb, mint a n\u00e9vleges teljes\u00edtm\u00e9ny. N\u00e9h\u00e1ny 250W-os motor (mid-drives) 80 Nm nyomat\u00e9kkal rendelkezik \u00e9s nagyszer\u0171en m\u00e1szik. N\u00e9h\u00e1ny 500W-os hubmotornak csak 50 Nm nyomat\u00e9ka van, \u00e9s hasonl\u00f3an k\u00fczdhet a meredekebb szakaszokon. Teh\u00e1t n\u00e9zze meg a nyomat\u00e9k specifik\u00e1ci\u00f3t. Ha a terep dombos, akkor legal\u00e1bb ~70 Nm nyomat\u00e9k\u00fa motort c\u00e9lozzon meg. S\u00edk terepen a nyomat\u00e9k kev\u00e9sb\u00e9 kritikus - m\u00e9g egy 40 Nm-es hub is j\u00f3 lesz, ha nem sokat k\u00fczdesz a gravit\u00e1ci\u00f3val.<\/p>\n\n\n\n<p><strong>5. Ha t\u00f6bbnyire lapos:<\/strong> Egy 250 W-os rendszer (hub vagy k\u00f6z\u00e9ps\u0151) \u00e1ltal\u00e1ban elegend\u0151. A megfelel\u0151 motorteljes\u00edtm\u00e9ny itt egyszer\u0171en csak a szabv\u00e1ny lehet, mert a nagyobb teljes\u00edtm\u00e9ny nem sok k\u00fcl\u00f6nbs\u00e9get jelent a nagyobb v\u00e9gsebess\u00e9gen (ha megengedett) vagy a gyorsul\u00e1son k\u00edv\u00fcl. S\u00edk terepen, m\u00e9g rakom\u00e1nnyal is, els\u0151sorban a g\u00f6rd\u00fcl\u00e9si ellen\u00e1ll\u00e1st \u00e9s n\u00e9mi szelet kell lek\u00fczdened. P\u00e9lda: Hollandia s\u00edk, \u00e9s a 250W-os k\u00f6z\u00e9pmotorok 50-60 Nm nyomat\u00e9kkal j\u00f3l b\u00edrj\u00e1k a csal\u00e1di ker\u00e9kp\u00e1rokat. Az USA s\u00edk terep\u00e9n esetleg v\u00e1laszthatsz egy 500W-os hubmotoros motort, ha kicsit t\u00f6bb lend\u00fcletet vagy g\u00e1zad\u00e1sra v\u00e1gysz, de s\u00edk terepen nem felt\u00e9tlen\u00fcl sz\u00fcks\u00e9ges.<\/p>\n\n\n\n<p><strong>6. Ha vegyes vagy n\u00e9h\u00e1ny domb:<\/strong> Ha alkalmank\u00e9nt m\u00e9rs\u00e9kelt dombok vannak, egy min\u0151s\u00e9gi 250W-os k\u00f6z\u00e9phajt\u00e1s val\u00f3sz\u00edn\u0171leg elegend\u0151 lesz (sz\u00fcks\u00e9g eset\u00e9n magasabb cs\u00facsot tudnak el\u00e9rni). De ha olcs\u00f3bb rendszerr\u0151l van sz\u00f3, vagy csak extra pufferre v\u00e1gyik, egy 350W-500W-os motor nyugalmat adhat ezekre a dombokra. Az Egyes\u00fclt \u00c1llamokban az 1. oszt\u00e1ly\u00fa, 500W-os e-ker\u00e9kp\u00e1rok gyakoriak, \u00e9s j\u00f3l kezelik a k\u00f6zepes dombokat, k\u00fcl\u00f6n\u00f6sen, ha a ker\u00e9kp\u00e1ros hozz\u00e1ad n\u00e9mi ped\u00e1loz\u00e1st.<\/p>\n\n\n\n<p><strong>7. Ha nagyon dombos:<\/strong> Itt kell gondolkodni a maxim\u00e1lisan megengedett teljes\u00edtm\u00e9nyr\u0151l. Az EU-ban m\u00e9g mindig 250 W-os lesz, de mindenk\u00e9ppen v\u00e1lasszon egy nagy nyomat\u00e9k\u00fa k\u00f6z\u00e9phajt\u00e1st (mint a Bosch\/Yamaha) \u00e9s esetleg egy kett\u0151s akkumul\u00e1toros rendszert, hogy gyakran haszn\u00e1lhassa a turb\u00f3 \u00fczemm\u00f3dot. Az olyan helyeken, mint Sv\u00e1jc vagy a nagyon meredek brit v\u00e1rosok (pl. Bristol, Sheffield egyes r\u00e9szei), az emberek m\u00e9g mindig 250W-os k\u00f6z\u00e9phajt\u00e1st haszn\u00e1lnak, de visszavesznek a sebess\u00e9gb\u0151l, \u00e9s gyakran v\u00e1lasztanak teheraut\u00f3-specifikus motorokat (Bosch Cargo Line). Ha van r\u00e1 lehet\u0151s\u00e9g (szabadabb szab\u00e1lyoz\u00e1s\u00fa ter\u00fcleteken) \u00e9s sok meredek dombon, akkor egy 750W-os k\u00f6z\u00e9phajt\u00e1s vagy egy nagy teljes\u00edtm\u00e9ny\u0171 hub, mint a Bafang 750W, indokolt lehet. Ez az extra teljes\u00edtm\u00e9ny fenntartja a magasabb sebess\u00e9get a dombokon, \u00e9s h\u0171v\u00f6sebb fut\u00e1s k\u00f6zben . P\u00e9ld\u00e1ul, ha egy 10% emelked\u0151t 20 km\/h sebess\u00e9ggel akar megm\u00e1szni terhel\u00e9ssel, akkor 750W megteszi azt, amit 250W 10 km\/h-val tudna megtenni. Vegy\u00fck figyelembe a rendk\u00edv\u00fcl meredek felhajt\u00f3kat vagy r\u00f6vid dombokat is - egy nagy motor csak brut\u00e1lis er\u0151vel felfel\u00e9, m\u00edg egy kisebb motorral lehet, hogy t\u00e9nyleg ped\u00e1lozni kell.<\/p>\n\n\n\n<p><strong>8. V\u00e1lasszon a legkisebb k\u00f6z\u00f6s nevez\u0151 alapj\u00e1n:<\/strong> L\u00e9nyeg\u00e9ben tervezzen a legrosszabb hegyre, amellyel rendszeresen szembe kell n\u00e9znie. V\u00e1lasszon egy olyan motorrendszert, amely dr\u00e1ma n\u00e9lk\u00fcl k\u00e9pes megbirk\u00f3zni vele. Jobb, ha van n\u00e9mi mozg\u00e1st\u00e9r. Ha a legrosszabb, amivel szembe kell n\u00e9znie, egy aut\u00f3p\u00e1lya-fel\u00fclj\u00e1r\u00f3 vagy egy enyhe emelked\u0151, akkor nincs sz\u00fcks\u00e9ge hatalmas teljes\u00edtm\u00e9nyre. Ha naponta negyed m\u00e9rf\u00f6ldnyi 12% emelked\u0151vel kell sz\u00e1molnia, akkor hajtson nagyot.<\/p>\n\n\n\n<p><strong>9. Hat\u00e9konys\u00e1g \u00e9s hat\u00f3t\u00e1vols\u00e1g kompromisszum:<\/strong> A nagyobb teljes\u00edtm\u00e9ny\u0171 motorok gyorsabban lemer\u00edthetik az akkumul\u00e1tort, k\u00fcl\u00f6n\u00f6sen, ha gyakran haszn\u00e1lja ezt a teljes\u00edtm\u00e9nyt (b\u00e1r ha ler\u00f6vid\u00edti a m\u00e1sz\u00e1si id\u0151t, ez kiegyenl\u00edt\u0151dhet). Csak vegye figyelembe, hogy egy 750 W-os motor teljes terhel\u00e9sen gyorsan fogyasztja az energi\u00e1t. Ha a terep megk\u00f6veteli, az rendben van, csak gondoskodjon megfelel\u0151 akkumul\u00e1tor-kapacit\u00e1sr\u00f3l.<\/p>\n\n\n\n<p><strong>10. Tesztvezet\u00e9s, ha lehets\u00e9ges:<\/strong> Semmi sem jobb, mint \u00e9rezni. Ha ki tudsz pr\u00f3b\u00e1lni egy 250W vs. 500W teljes\u00edtm\u00e9nyt a terepen, tedd meg. Egyes motorosok a 250W-os k\u00f6z\u00e9pmotorokat t\u00f6bb mint megfelel\u0151nek tal\u00e1lj\u00e1k, m\u00e9g dombokon is, mert j\u00f3l haszn\u00e1lj\u00e1k a sebess\u00e9gfokozatokat. M\u00e1sok kipr\u00f3b\u00e1lnak egy terhel\u00e9ses utat, \u00e9s azt mondj\u00e1k \"hmm, egy kicsit t\u00f6bb sebess\u00e9get szeretn\u00e9k ezen a dombon\" - akkor tudj\u00e1k, hogy nagyobb motort vagy m\u00e1s \u00e1tt\u00e9telt kell v\u00e1lasztaniuk.<\/p>\n\n\n\n<p><strong>11. Vegye figyelembe az e-bike oszt\u00e1lyokat \u00e9s m\u00f3dokat:<\/strong> Ha olyan r\u00e9gi\u00f3ban van, ahol 1. oszt\u00e1ly\u00fa (20 m\u00e9rf\u00f6ld\/\u00f3ra g\u00e1z n\u00e9lk\u00fcl), 3. oszt\u00e1ly\u00fa (28 m\u00e9rf\u00f6ld\/\u00f3ra asszisztens) - a 3. oszt\u00e1ly\u00fa \u00e1ltal\u00e1ban nagyobb teljes\u00edtm\u00e9nyt vesz fel a nagyobb sebess\u00e9g el\u00e9r\u00e9s\u00e9hez. Ha a terepen gyors forgalom van, vagy ha 25 km\/h+ sebess\u00e9ggel szeretne haladni m\u00e9g emelked\u0151k\u00f6n is, akkor egy nagyobb teljes\u00edtm\u00e9ny\u0171 rendszer (500W+) fogja ezt el\u00e9rni. Laza temp\u00f3hoz kisebb teljes\u00edtm\u00e9ny is megfelel.<\/p>\n\n\n\n<p><strong>P\u00e9ldaforgat\u00f3k\u00f6nyvek:<\/strong><\/p>\n\n\n\n<ul class=\"wp-block-list\">\n<li>V\u00e1ros r\u00f6vid, meredek dombokkal (mint egyes v\u00e1rosr\u00e9szek): a <strong>k\u00f6z\u00e9phajt\u00e1s 250W nagy nyomat\u00e9kkal<\/strong> a sebess\u00e9gv\u00e1lt\u00f3 k\u00e9pess\u00e9ge miatt v\u00e1lasztott\u00e1k.<\/li>\n\n\n\n<li>Vid\u00e9ki ter\u00fclet hossz\u00fa, fokozatos emelked\u0151kkel \u00e9s tal\u00e1n kavicsos talajjal: tal\u00e1n egy <strong>500W-os hub<\/strong> elegend\u0151 lehet, mivel a fokozatok nem szuper meredekek, de hossz\u00faak (az extra teljes\u00edtm\u00e9ny kezeli az id\u0151tartamot).<\/li>\n\n\n\n<li>Rendk\u00edv\u00fcl meredek v\u00e1ros: tal\u00e1n fontolja meg egy <strong>ut\u00e1ngy\u00e1rtott k\u00f6z\u00e9phajt\u00f3m\u0171 (mint a Bafang BBS02 750W)<\/strong> ha leg\u00e1lis, vagy egy teherbringa \"Mountain\" modell motorj\u00e1val (egyes m\u00e1rk\u00e1k a nagy nyomat\u00e9k\u00fa v\u00e1ltozatukat \"dombos terepre\" c\u00edmk\u00e9vel l\u00e1tj\u00e1k el).<\/li>\n<\/ul>\n\n\n\n<p><strong>K\u00f6vetkeztet\u00e9s:<\/strong> A motor illeszkedjen a terepviszonyokhoz:<\/p>\n\n\n\n<ul class=\"wp-block-list\">\n<li>Lapos = standard teljes\u00edtm\u00e9ny (250W EU \/ 500W US) rendben van.<\/li>\n\n\n\n<li>Hull\u00e1mz\u00f3 dombok = standard vagy k\u00f6z\u00e9pszint\u0171 (250W k\u00f6z\u00e9p vagy 500W hub).<\/li>\n\n\n\n<li>Meredek dombok gyakran = nagy nyomat\u00e9k\u00fa 250W-os k\u00f6z\u00e9pmotor az EU-ban, vagy 750W-os oszt\u00e1ly az USA-ban.<\/li>\n\n\n\n<li>Extr\u00e9m terepen vagy terepen = esetleg m\u00e9g magasabb (1000W k\u00f6z\u00e9ps\u0151), ha megengedett, de ez t\u00falmutat a tipikus haszn\u00e1laton.<\/li>\n<\/ul>\n\n\n\n<p>Ne feledje, a nyomat\u00e9k \u00e9s a sebess\u00e9gv\u00e1lt\u00f3 ugyanannyit sz\u00e1m\u00edt, mint a teljes\u00edtm\u00e9ny. Mindig gy\u0151z\u0151dj\u00f6n meg arr\u00f3l, hogy a ker\u00e9kp\u00e1r megfelel\u0151 alacsony sebess\u00e9gfokozattal rendelkezik a dombok sz\u00e1m\u00e1ra - ez n\u00e9ha kompenz\u00e1lhatja a kisebb teljes\u00edtm\u00e9nyt. Ha k\u00e9ts\u00e9g mer\u00fcl fel, akkor a terepviszonyokhoz k\u00e9pest ink\u00e1bb a kicsit nagyobb teljes\u00edtm\u00e9nyt v\u00e1lassza - jobb, ha van asszisztens, de nincs r\u00e1 teljes munkaid\u0151ben sz\u00fcks\u00e9ge, mintha k\u00fcszk\u00f6dne.<\/p>\n\n\n\n<p><\/p>\n\n\n\n<h3 class=\"wp-block-heading\" id=\"explaining-the-link-between-battery-capacity-load-and-range\"><strong>Az akkumul\u00e1tor kapacit\u00e1sa, terhelhet\u0151s\u00e9ge \u00e9s hat\u00f3t\u00e1vols\u00e1ga k\u00f6z\u00f6tti kapcsolat magyar\u00e1zata<\/strong><\/h3>\n\n\n\n<p>Az akkumul\u00e1tor kapacit\u00e1sa, terhelhet\u0151s\u00e9ge \u00e9s hat\u00f3t\u00e1vols\u00e1ga egyszer\u0171 m\u00f3don kapcsol\u00f3dik egym\u00e1shoz: <strong>min\u00e9l nagyobb a ker\u00e9kp\u00e1r s\u00falya (terhel\u00e9s), ann\u00e1l t\u00f6bb energi\u00e1t haszn\u00e1l fel az akkumul\u00e1tor kilom\u00e9terenk\u00e9nt, ami cs\u00f6kkenti a hat\u00f3t\u00e1vols\u00e1got.<\/strong> . \u00c9s min\u00e9l nagyobb az akkumul\u00e1tor kapacit\u00e1sa (watt\u00f3r\u00e1ban m\u00e9rve), ann\u00e1l t\u00f6bb energia \u00e1ll rendelkez\u00e9sre, hogy ellens\u00falyozza ezt, \u00e9s tov\u00e1bb menjen. Bontsuk le a dolgot:<\/p>\n\n\n\n<p><strong>1. Az akkumul\u00e1tor kapacit\u00e1sa (Wh) Alapjai:<\/strong> Az akkumul\u00e1tor kapacit\u00e1sa Wh-ban (watt\u00f3r\u00e1ban) olyan, mint az \u00fczemanyagtart\u00e1ly m\u00e9rete. Egy 500 Wh-s akkumul\u00e1tor (elm\u00e9letileg) 1 \u00f3r\u00e1n kereszt\u00fcl 500 watt teljes\u00edtm\u00e9nyt tud biztos\u00edtani. Ha 250 wattot vesz fel, akkor 2 \u00f3r\u00e1n \u00e1t tart, stb. Most, <strong>tartom\u00e1ny<\/strong> (t\u00e1vols\u00e1g) az, hogy milyen messzire megy\u00fcnk ezzel az energi\u00e1val. Ha a ker\u00e9kp\u00e1r \u00e1tlagosan 20 Wh-t haszn\u00e1l kilom\u00e9terenk\u00e9nt, akkor egy 500 Wh-s akkumul\u00e1torral ~25 km-t lehet megtenni. Ha csak 10 Wh-t haszn\u00e1l kilom\u00e9terenk\u00e9nt, akkor 50 km-t \u00e9rsz el. Mi befoly\u00e1solja a Wh\/km \u00e9rt\u00e9ket? Az egyik nagy t\u00e9nyez\u0151 a <strong>terhel\u00e9s<\/strong> \u00e9s a terhel\u00e9s mozgat\u00e1s\u00e1hoz kapcsol\u00f3d\u00f3 er\u0151fesz\u00edt\u00e9s.<\/p>\n\n\n\n<p><strong>2. A terhel\u00e9s hat\u00e1sa az energiafelhaszn\u00e1l\u00e1sra:<\/strong> Ha nagyobb s\u00falyt cipelsz (legyen sz\u00f3 rakom\u00e1nyr\u00f3l vagy ak\u00e1r egy nehezebb ker\u00e9kp\u00e1rosr\u00f3l), a ker\u00e9kp\u00e1r motorj\u00e1nak nagyobb er\u0151t kell kifejtenie a sebess\u00e9g fenntart\u00e1s\u00e1hoz, k\u00fcl\u00f6n\u00f6sen gyors\u00edt\u00e1skor vagy emelked\u0151n. Ez nagyobb energiafelv\u00e9telt jelent az akkumul\u00e1torb\u00f3l. K\u00e9pzelje el p\u00e9ld\u00e1ul, hogy s\u00edk terepen 20 km\/h sebess\u00e9ggel halad: ha nincs teher, a motornak tal\u00e1n csak 100 W teljes\u00edtm\u00e9nyt kell leadnia (\u00e9s \u00d6n is hozz\u00e1j\u00e1rulhat hozz\u00e1). Ha 50 kg rakom\u00e1nyt tesz\u00fcnk r\u00e1, akkor lehet, hogy 150 W-ra van sz\u00fcks\u00e9ge a plusz s\u00farl\u00f3d\u00e1s \u00e9s s\u00faly lek\u00fczd\u00e9s\u00e9hez. Id\u0151vel ez az 50W t\u00f6bbletfelv\u00e9tel gyorsabban lemer\u00edti az akkumul\u00e1tort. Van egy ... (folytat\u00e1s) ...<\/p>\n\n\n\n<p><strong>2. A terhel\u00e9s hat\u00e1sa az energiafelhaszn\u00e1l\u00e1sra:<\/strong> Ha nagyobb s\u00falyt (rakom\u00e1nyt vagy utasokat) sz\u00e1ll\u00edt, a ker\u00e9kp\u00e1r motorj\u00e1nak nagyobb teljes\u00edtm\u00e9nyt kell ny\u00fajtania a sebess\u00e9g fenntart\u00e1s\u00e1hoz, k\u00fcl\u00f6n\u00f6sen gyors\u00edt\u00e1skor \u00e9s emelked\u0151n. Ez az akkumul\u00e1tor nagyobb teljes\u00edtm\u00e9nyfelv\u00e9tel\u00e9t jelenti, ami cs\u00f6kkenti a hat\u00f3t\u00e1vols\u00e1got. P\u00e9ld\u00e1ul egy neh\u00e9z teherrel megm\u00e1szott emelked\u0151 megm\u00e1sz\u00e1s\u00e1hoz a motornak l\u00e9nyegesen t\u00f6bb wattot kell leadnia, mint ugyanezen az emelked\u0151n teher n\u00e9lk\u00fcl, ami kilom\u00e9terenk\u00e9nt t\u00f6bb watt\u00f3r\u00e1t em\u00e9szt fel. Egy durva szab\u00e1ly: <strong>nagyj\u00e1b\u00f3l minden tov\u00e1bbi 45 kg (100 font) terhel\u00e9s eset\u00e9n 10-20% cs\u00f6kken\u00e9st tapasztalhat a hat\u00f3t\u00e1vols\u00e1gban.<\/strong> . A gyakorlatban, ha \u00e1ltal\u00e1ban 50 km-t tesz meg egy t\u00f6lt\u00e9ssel, akkor egy nagy terhel\u00e9ssel ez a t\u00e1vols\u00e1g tal\u00e1n 40 km-re cs\u00f6kkenhet, mivel a motor t\u00f6bb energi\u00e1t haszn\u00e1l fel egy t\u00e1vra. Ez az oka annak, hogy gyakran l\u00e1tni fogja, hogy a becs\u00fclt hat\u00f3t\u00e1vols\u00e1g cs\u00f6kken, amikor a ker\u00e9kp\u00e1r teljesen meg van terhelve (vagy hogy a gyermek\u00fcl\u00e9ssel rendelkez\u0151 ker\u00e9kp\u00e1rosok \u00e9szreveszik, hogy az akkumul\u00e1tor s\u00e1vja gyorsabban cs\u00f6kken a dombos utakon).<\/p>\n\n\n\n<p><strong>3. Az akkumul\u00e1tor kapacit\u00e1sa enyh\u00edti a terhel\u00e9s hat\u00e1s\u00e1t:<\/strong> A nagyobb akkumul\u00e1tor (nagyobb Wh) nagyobb rugalmass\u00e1got biztos\u00edt a nagy terhel\u00e9sb\u0151l ad\u00f3d\u00f3 t\u00f6bbletfogyaszt\u00e1s kezel\u00e9s\u00e9hez. Tegy\u00fck fel, hogy a fogyaszt\u00e1s 10 Wh\/km-r\u0151l 15 Wh\/km-re ugrik a rakom\u00e1ny miatt. Ha 500 Wh-s akkumul\u00e1torod van, a hat\u00f3t\u00e1vols\u00e1god 50 km-r\u0151l (10 Wh\/km-n\u00e9l) ~33 km-re cs\u00f6kken (15 Wh\/km-n\u00e9l). De ha 750 Wh-s akkumul\u00e1torral rendelkezne, ugyanez a nagy terhel\u00e9ssel megtett \u00fat ~50 km-t jelentene (750\/15). Sz\u00f3val, <strong>a nagyobb akkumul\u00e1torok hat\u00e9konyan kompenz\u00e1lj\u00e1k a nagy terhel\u00e9s okozta t\u00f6bbletig\u00e9nybev\u00e9telt<\/strong>. Sok teherbicikli emiatt k\u00edn\u00e1l kett\u0151s akkumul\u00e1tort: ha gyakran sz\u00e1ll\u00edt gyerekeket\/\u00e1rut, akkor \u00e9rt\u00e9kelni fogja a dupla kapacit\u00e1st a j\u00f3 hat\u00f3t\u00e1vols\u00e1g fenntart\u00e1sa \u00e9rdek\u00e9ben.<\/p>\n\n\n\n<p><strong>4. Lovagl\u00e1si st\u00edlus \u00e9s asszisztencia szint:<\/strong> Az, hogy hogyan haszn\u00e1lja az asszisztenst, kapcsol\u00f3dik ehhez. Ha terhet cipelsz, \u00e9s folyamatosan haszn\u00e1lod a Turbo \u00fczemm\u00f3dot, akkor dupl\u00e1n terheli az akkumul\u00e1tort (magas asszisztencia + nagy s\u00faly). Ezzel szemben az Eco \u00fczemm\u00f3dban \u00f3vatos versenyz\u0151 t\u00f6bb emberi er\u0151vel enyh\u00edtheti a s\u00faly hat\u00e1s\u00e1t. De re\u00e1lisan n\u00e9zve, neh\u00e9z teherrel a magasabb asszisztenci\u00e1ra t\u00e1maszkodhat, ez\u00e9rt b\u00f6lcs dolog, ha elegend\u0151 akkumul\u00e1torral rendelkezik.<\/p>\n\n\n\n<p><strong>5. Val\u00f3s p\u00e9lda:<\/strong> Tegy\u00fcnk r\u00e1 sz\u00e1mokat. Van egy 500 Wh-s akkumul\u00e1tor a teherbiciklimben:<\/p>\n\n\n\n<ul class=\"wp-block-list\">\n<li>Ha csak \u00e9n vagyok (rakom\u00e1ny n\u00e9lk\u00fcl), t\u00f6bbnyire s\u00edk terepen, k\u00f6r\u00fclbel\u00fcl 8-10 Wh\/km-t fogyasztok, ami ~50-60 km hat\u00f3t\u00e1vols\u00e1got jelent.<\/li>\n\n\n\n<li>K\u00e9t gyerekkel \u00e9s dombokkal a fogyaszt\u00e1s ~15-20 Wh\/km-re emelkedett. Ez a hat\u00f3t\u00e1vols\u00e1got ~25-33 km-re cs\u00f6kkenti.<\/li>\n\n\n\n<li>Amikor hozz\u00e1adtam egy m\u00e1sodik akkumul\u00e1tort (\u00f6sszesen 1000 Wh), ugyanez a nagy terhel\u00e9s\u0171 \u00fatvonal (15-20 Wh\/km) most ~50-66 km-t tud el\u00e9rni a lemer\u00fcl\u00e9s el\u0151tt. Teh\u00e1t a terhel\u00e9s gyakorlatilag megfelezte a hat\u00f3t\u00e1vols\u00e1gomat egy akkumul\u00e1torral, de a m\u00e1sodik akkumul\u00e1tor visszahozta.<\/li>\n<\/ul>\n\n\n\n<p><strong>6. Tervezzen ennek megfelel\u0151en:<\/strong> Ha tudod, hogy gyakran leszel a maxim\u00e1lis terhel\u00e9sen vagy annak k\u00f6zel\u00e9ben, fontold meg egy nagyobb akkumul\u00e1torral rendelkez\u0151 ker\u00e9kp\u00e1r beszerz\u00e9s\u00e9t vagy egy m\u00e1sodik akkumul\u00e1tor hozz\u00e1ad\u00e1s\u00e1nak lehet\u0151s\u00e9g\u00e9t. Ez biztos\u00edtja, hogy ne maradjon le a hat\u00f3t\u00e1vols\u00e1gr\u00f3l. Ezzel szemben, ha ritk\u00e1n sz\u00e1ll\u00edt rakom\u00e1nyt, vagy csak r\u00f6vid t\u00e1vokat tesz meg, nem biztos, hogy a legnagyobb akkumul\u00e1torra van sz\u00fcks\u00e9ge.<\/p>\n\n\n\n<p><strong>7. Ne feledkezzen meg a sz\u00e9lr\u0151l \u00e9s a terepviszonyokr\u00f3l:<\/strong> Ezek a t\u00e9nyez\u0151k a t\u00f6bbletterhel\u00e9shez hasonl\u00f3an hatnak. Az er\u0151s ellensz\u00e9l vagy a sok domb n\u00f6veli a teljes\u00edtm\u00e9nyfelv\u00e9telt (mintha a ker\u00e9kp\u00e1r nehezebbnek \u00e9rezn\u00e9 mag\u00e1t). Teh\u00e1t ezek is cs\u00f6kkentik a hat\u00f3t\u00e1vols\u00e1got, \u00e9s a nagyobb akkumul\u00e1tor ebben is seg\u00edt. Minden \u00f6sszead\u00f3dik: a nagy terhel\u00e9s + dombok + sz\u00e9l + magas asszisztencia egy\u00fcttesen sok energi\u00e1t haszn\u00e1lnak fel.<\/p>\n\n\n\n<p><strong>K\u00f6vetkeztet\u00e9s:<\/strong> <strong>Az akkumul\u00e1tor kapacit\u00e1sa, terhel\u00e9se \u00e9s hat\u00f3t\u00e1vols\u00e1ga k\u00f6zvetlen kapcsolatban \u00e1ll egym\u00e1ssal: a nagyobb terhel\u00e9s n\u00f6veli az energiafogyaszt\u00e1st \u00e9s cs\u00f6kkenti a hat\u00f3t\u00e1vols\u00e1got, de a nagyobb kapacit\u00e1s\u00fa akkumul\u00e1tor t\u00f6bb energi\u00e1t biztos\u00edt ennek ellens\u00falyoz\u00e1s\u00e1ra, ami n\u00f6veli a hat\u00f3t\u00e1vols\u00e1got.<\/strong> A gy\u00e1rt\u00f3k hat\u00f3t\u00e1vols\u00e1g\u00e1ra vonatkoz\u00f3 adatokat mindig az \u00d6n felhaszn\u00e1l\u00e1si eset\u00e9t szem el\u0151tt tartva \u00e9rtelmezze - ezek a becsl\u00e9sek gyakran egy bizonyos s\u00faly\u00fa \u00e9s asszisztenci\u00e1j\u00fa ker\u00e9kp\u00e1rost felt\u00e9teleznek. Ha t\u00fall\u00e9pi ezt a s\u00falyt, vagy magasabb asszisztenci\u00e1t haszn\u00e1l, r\u00f6videbb hat\u00f3t\u00e1vols\u00e1gra sz\u00e1m\u00edthat. Az e-cargo ker\u00e9kp\u00e1rok sz\u00e9ps\u00e9ge abban rejlik, hogy sokat vihetsz magaddal, de az akkumul\u00e1torra gyakorolt hat\u00e1s ismeret\u00e9ben k\u00f6nnyebben kezelheted a t\u00far\u00e1idat (esetleg hosszabb utakra vigy\u00e9l magaddal egy t\u00f6lt\u0151t, vagy fektess be egy m\u00e1sodik akkumul\u00e1torba). L\u00e9nyeg\u00e9ben: <strong>nagy terhel\u00e9s = t\u00f6bb Wh\/km; nagy akkumul\u00e1tor = t\u00f6bb km<\/strong>.<\/p>\n\n\n\n<p><\/p>","protected":false},"excerpt":{"rendered":"<p>Welcome to Regen\u2019s comprehensive guide on electric cargo bike power systems. We\u2019ve organized the most common questions into categories\u2014motor types, power &amp; performance, battery &amp; range, load handling, real-world use cases, and core concerns\u2014followed by extended deep-dive topics. Electric Cargo Bike Motor Figure: A mid-drive motor (Bosch Active Line) mounted near the bike\u2019s pedals. Mid-drive [&hellip;]<\/p>\n","protected":false},"author":2,"featured_media":1315,"comment_status":"open","ping_status":"open","sticky":false,"template":"","format":"standard","meta":{"footnotes":""},"categories":[32,2],"tags":[41,44,20,19,17],"class_list":["post-1310","post","type-post","status-publish","format-standard","has-post-thumbnail","hentry","category-glossary","category-knowledge","tag-battery","tag-cargo-bike-guide","tag-hub-motor","tag-mid-motor","tag-motor"],"_links":{"self":[{"href":"https:\/\/regencargobikes.com\/hu\/wp-json\/wp\/v2\/posts\/1310","targetHints":{"allow":["GET"]}}],"collection":[{"href":"https:\/\/regencargobikes.com\/hu\/wp-json\/wp\/v2\/posts"}],"about":[{"href":"https:\/\/regencargobikes.com\/hu\/wp-json\/wp\/v2\/types\/post"}],"author":[{"embeddable":true,"href":"https:\/\/regencargobikes.com\/hu\/wp-json\/wp\/v2\/users\/2"}],"replies":[{"embeddable":true,"href":"https:\/\/regencargobikes.com\/hu\/wp-json\/wp\/v2\/comments?post=1310"}],"version-history":[{"count":3,"href":"https:\/\/regencargobikes.com\/hu\/wp-json\/wp\/v2\/posts\/1310\/revisions"}],"predecessor-version":[{"id":1318,"href":"https:\/\/regencargobikes.com\/hu\/wp-json\/wp\/v2\/posts\/1310\/revisions\/1318"}],"wp:featuredmedia":[{"embeddable":true,"href":"https:\/\/regencargobikes.com\/hu\/wp-json\/wp\/v2\/media\/1315"}],"wp:attachment":[{"href":"https:\/\/regencargobikes.com\/hu\/wp-json\/wp\/v2\/media?parent=1310"}],"wp:term":[{"taxonomy":"category","embeddable":true,"href":"https:\/\/regencargobikes.com\/hu\/wp-json\/wp\/v2\/categories?post=1310"},{"taxonomy":"post_tag","embeddable":true,"href":"https:\/\/regencargobikes.com\/hu\/wp-json\/wp\/v2\/tags?post=1310"}],"curies":[{"name":"wp","href":"https:\/\/api.w.org\/{rel}","templated":true}]}}