{"id":1346,"date":"2025-05-16T14:35:12","date_gmt":"2025-05-16T06:35:12","guid":{"rendered":"https:\/\/regencargobikes.com\/?p=1346"},"modified":"2025-05-16T14:37:12","modified_gmt":"2025-05-16T06:37:12","slug":"dji-challenges-proposed-eu-e-bike-motor-power-cap","status":"publish","type":"post","link":"https:\/\/regencargobikes.com\/hu\/dji-challenges-proposed-eu-e-bike-motor-power-cap\/","title":{"rendered":"A DJI kifog\u00e1solja az EU-ban javasolt elektromos ker\u00e9kp\u00e1r motorteljes\u00edtm\u00e9ny-korl\u00e1toz\u00e1st"},"content":{"rendered":"<p>Dr\u00f3n \u00e9s technol\u00f3giai nagyhatalom <a href=\"https:\/\/www.dji.com\/\" target=\"_blank\" rel=\"noopener\">DJI<\/a> hat\u00e1rozottan \u00e1ll\u00e1st foglalt az Eur\u00f3pai Uni\u00f3 azon ir\u00e1nyelvjavaslataival szemben, amelyek az e-ker\u00e9kp\u00e1r-motorok teljes\u00edtm\u00e9ny\u00e9nek 750 wattra val\u00f3 korl\u00e1toz\u00e1s\u00e1t javasolj\u00e1k. Egy nemr\u00e9giben k\u00f6zz\u00e9tett nyilatkozat\u00e1ban a DJI azzal \u00e9rvelt, hogy egy ilyen \u00e1ltal\u00e1nos korl\u00e1toz\u00e1snak nincs szil\u00e1rd tudom\u00e1nyos indokl\u00e1sa, \u00e9s nem felel meg az eur\u00f3pai e-ker\u00e9kp\u00e1r-felhaszn\u00e1l\u00f3k val\u00f3s ig\u00e9nyeinek.<\/p>\n\n\n\n<p>A v\u00e1llalat, amely nemr\u00e9giben l\u00e9pett be az e-ker\u00e9kp\u00e1r szektorba saj\u00e1t Avinox motorrendszer\u00e9vel, \u00fagy v\u00e9li, hogy a javasolt korl\u00e1toz\u00e1s akad\u00e1lyozhatja a term\u00e9kfejleszt\u00e9st \u00e9s a felhaszn\u00e1l\u00f3i \u00e9lm\u00e9nyt, k\u00fcl\u00f6n\u00f6sen az olyan speci\u00e1lis kateg\u00f3ri\u00e1k eset\u00e9ben, mint a teherker\u00e9kp\u00e1rok \u00e9s az adapt\u00edv mobilit\u00e1si eszk\u00f6z\u00f6k.<\/p>\n\n\n\n<h2 class=\"wp-block-heading\"><strong>Az univerz\u00e1lis sapka nem minden motorosnak m\u0171k\u00f6dik<\/strong><\/h2>\n\n\n\n<p>A DJI hangs\u00falyozta, hogy az elektromos ker\u00e9kp\u00e1rok sz\u00e9les felhaszn\u00e1l\u00f3i k\u00f6rt szolg\u00e1lnak ki \u2013 a gyerekekt\u0151l \u00e9s id\u0151sekt\u0151l kezdve a fogyat\u00e9kkal \u00e9l\u0151k\u00f6n \u00e1t a neh\u00e9z teherbicikliket haszn\u00e1l\u00f3kig. Az \u00f6sszes ilyen forgat\u00f3k\u00f6nyvre ugyanazon teljes\u00edtm\u00e9nykorl\u00e1t bevezet\u00e9se \u2013 \u00e9rvel\u00e9s\u00fck szerint \u2013 nem t\u00fckr\u00f6zi a val\u00f3s k\u00f6vetelm\u00e9nyek sokf\u00e9les\u00e9g\u00e9t.<\/p><div class=\"regen-test-placement-from-wizard-1604397851\" id=\"regen-3117857199\"><script async src=\"https:\/\/pagead2.googlesyndication.com\/pagead\/js\/adsbygoogle.js?client=ca-pub-1076230867169041\"\n     crossorigin=\"anonymous\"><\/script><\/div><div class=\"regen-test-placement-from-wizard-2878267818\" id=\"regen-1294355965\"><script async src=\"https:\/\/pagead2.googlesyndication.com\/pagead\/js\/adsbygoogle.js?client=ca-pub-1076230867169041\"\n     crossorigin=\"anonymous\"><\/script><\/div>\n\n\n\n<p>A nagyobb nyomat\u00e9k \u00e9s teljes\u00edtm\u00e9ny kritikus fontoss\u00e1g\u00fa lehet bizonyos ker\u00e9kp\u00e1rosok vagy alkalmaz\u00e1sok eset\u00e9ben. P\u00e9ld\u00e1ul az \u00e1rut sz\u00e1ll\u00edt\u00f3 vagy utasokat sz\u00e1ll\u00edt\u00f3 elektromos teherker\u00e9kp\u00e1rok meredek v\u00e1rosi utc\u00e1kon gyakran t\u00f6bb mint 750 W-ot ig\u00e9nyelnek a biztons\u00e1gos \u00e9s stabil teljes\u00edtm\u00e9ny fenntart\u00e1s\u00e1hoz.<\/p>\n\n\n\n<h2 class=\"wp-block-heading\"><strong>A \u201ez\u00e1rolt funkci\u00f3k\u201d \u00e9s a rejtett korl\u00e1toz\u00e1sok kritik\u00e1ja<\/strong><\/h2>\n\n\n\n<p>Nyilv\u00e1nos nyilatkozat\u00e1ban a DJI bizonyos ipar\u00e1gi gyakorlatokat is c\u00e9lba vett, amelyek fizet\u0151s szolg\u00e1ltat\u00e1sok vagy pr\u00e9mium term\u00e9kkateg\u00f3ri\u00e1k m\u00f6g\u00e9 rejtve korl\u00e1tozz\u00e1k a motorteljes\u00edtm\u00e9nyt. A DJI szerint sz\u00e1mos, a piacon kaphat\u00f3 e-ker\u00e9kp\u00e1r-rendszer hasonl\u00f3 hardverrel rendelkezik, de teljes funkcionalit\u00e1st csak azut\u00e1n biztos\u00edtanak, hogy a felhaszn\u00e1l\u00f3k pluszban fizetnek \u2013 ak\u00e1r a firmware felold\u00e1s\u00e1\u00e9rt, ak\u00e1r az el\u0151fizet\u00e9ses szolg\u00e1ltat\u00e1sok\u00e9rt.<\/p>\n\n\n\n<p>A DJI ezt a trendet \u201etiszteletlennek a felhaszn\u00e1l\u00f3kkal szemben\u201d nevezte, \u00e9s figyelmeztetett, hogy a profitmarzsot helyezi el\u0151t\u00e9rbe a funkcionalit\u00e1s \u00e9s a motorosok \u00f6nrendelkez\u00e9se helyett.<\/p>\n\n\n\n<h2 class=\"wp-block-heading\"><strong>A felhaszn\u00e1l\u00f3k v\u00e9delm\u00e9t szem el\u0151tt tart\u00f3 technol\u00f3gia<\/strong><\/h2>\n\n\n\n<p>A vezet\u0151i \u00e9lm\u00e9ny \u00e9s a hardverv\u00e9delem ir\u00e1nti elk\u00f6telezetts\u00e9g\u00e9nek hangs\u00falyoz\u00e1s\u00e1ra a DJI r\u00e1mutatott arra, hogy saj\u00e1t Avinox motorrendszere hogyan kezeli intelligensen a teljes\u00edtm\u00e9nyt. P\u00e9ld\u00e1ul a rendszer automatikusan cs\u00f6kkenti a nyomat\u00e9kot fokozatv\u00e1lt\u00e1skor, ez\u00e1ltal meghosszabb\u00edtva a hajt\u00e1sl\u00e1nc \u00e9lettartam\u00e1t \u00e9s cs\u00f6kkentve a karbantart\u00e1si ig\u00e9nyeket.<\/p>\n\n\n\n<p>A DJI biztos\u00edtotta \u00fcgyfeleit arr\u00f3l is, hogy tov\u00e1bbra is betartja a jelenlegi szab\u00e1lyoz\u00e1sokat, \u00e9s nyitott a tov\u00e1bbi p\u00e1rbesz\u00e9dre a j\u00f6v\u0151beli jogszab\u00e1lyi keretekr\u0151l \u2013 felt\u00e9ve, hogy a felhaszn\u00e1l\u00f3i ig\u00e9nyeket \u00e9s a gyakorlati alkalmaz\u00e1sokat komolyan veszik.<\/p>\n\n\n\n<h2 class=\"wp-block-heading\"><strong>1000 W-os Avinox friss\u00edt\u00e9s vit\u00e1t v\u00e1ltott ki<\/strong><\/h2>\n\n\n\n<p>A DJI nyilatkozat\u00e1nak id\u0151z\u00edt\u00e9se egybeesik az Avinox motorrendszer firmware-friss\u00edt\u00e9s\u00e9vel, amely mostant\u00f3l k\u00e9pes 1000 watt cs\u00facsteljes\u00edtm\u00e9ny el\u00e9r\u00e9s\u00e9re \u201eTurbo m\u00f3dban\u201d. A friss\u00edt\u00e9s tov\u00e1bbfejlesztett menetadatok megjelen\u00edt\u00e9s\u00e9t, testreszabhat\u00f3 Boost m\u00f3d id\u0151tartam\u00e1t \u00e9s jobb integr\u00e1ci\u00f3t is tartalmaz harmadik f\u00e9lt\u0151l sz\u00e1rmaz\u00f3 ker\u00e9kp\u00e1ros alkalmaz\u00e1sokkal.<\/p>\n\n\n\n<p>Ez a mer\u00e9sz technikai l\u00e9p\u00e9s tal\u00e1n feler\u0151s\u00edtette a vit\u00e1t arr\u00f3l, hol h\u00fazzuk meg a hat\u00e1rt a jogi megfelel\u00e9s, az innov\u00e1ci\u00f3 \u00e9s a motorosok elv\u00e1r\u00e1sai k\u00f6z\u00f6tt. M\u00edg a DJI fenntartja, hogy a teljes\u00edtm\u00e9nyhangol\u00e1sa felel\u0151ss\u00e9gteljes \u00e9s teljes\u00edtm\u00e9nyorient\u00e1lt, a friss\u00edt\u00e9se megk\u00e9rd\u0151jelezi a jelenlegi szab\u00e1lyoz\u00e1si narrat\u00edv\u00e1t.<\/p>\n\n\n\n<h2 class=\"wp-block-heading\"><strong>Az ipar v\u00e1lasz\u00fat el\u0151tt<\/strong><\/h2>\n\n\n\n<p>Az e-ker\u00e9kp\u00e1r-motorok teljes\u00edtm\u00e9ny\u00e9r\u0151l sz\u00f3l\u00f3 vita kor\u00e1ntsem \u00e9rt v\u00e9get. A DJI ny\u00edlt kritik\u00e1ja azt jelzi, hogy a technol\u00f3giai szektor nagy szerepl\u0151i nem el\u00e9gszenek meg azzal, hogy passz\u00edvan betarts\u00e1k azokat a szab\u00e1lyokat, amelyeket elavultnak vagy t\u00fal leegyszer\u0171s\u00edtettnek tartanak. Ahogy az eur\u00f3pai szab\u00e1lyoz\u00f3 hat\u00f3s\u00e1gok, gy\u00e1rt\u00f3k \u00e9s \u00e9rdekv\u00e9delmi csoportok folytatj\u00e1k a p\u00e1rbesz\u00e9det, egy rugalmasabb \u00e9s befogad\u00f3bb szab\u00e1lyoz\u00e1si megk\u00f6zel\u00edt\u00e9s is megjelenhet a l\u00e1that\u00e1ron.<\/p>\n\n\n\n<hr class=\"wp-block-separator has-alpha-channel-opacity\"\/>\n\n\n\n<h2 class=\"wp-block-heading\"><strong>Az E-bike h\u00edrek referencialist\u00e1ja:<\/strong><\/h2>\n\n\n\n<ol start=\"1\" class=\"wp-block-list\">\n<li>MBR. (2024. m\u00e1jus 14.). <em>A DJI k\u00f6zlem\u00e9nyt adott ki az EU motorkorl\u00e1toz\u00e1si javaslataira v\u00e1laszul<\/em>El\u00e9rhet\u0151 innen: https:\/\/www.mbr.co.uk\/news\/dji-publishes-statement-in-response-to-eu-motor-limit-proposals-449576<\/li>\n\n\n\n<li>E-MOUNTAINBIKE Magazin. (2024. m\u00e1jus 13.). <em>DJI Avinox 1000 W-os friss\u00edt\u00e9s \u2013 \u00c9lesedik a vita az eMTB teljes\u00edtm\u00e9ny\u00e9r\u0151l<\/em>El\u00e9rhet\u0151 innen: https:\/\/ebike-mtb.com\/en\/dji-avinox-1000w-update\/<\/li>\n\n\n\n<li>Bike-X.de. (2024). <em>DJI Avinox E-Bike-Motor vorgestellt!<\/em>El\u00e9rhet\u0151 innen: https:\/\/bike-x.de\/news\/dji-avinox-ebike-motor<\/li>\n<\/ol>\n\n\n\n<p><\/p>","protected":false},"excerpt":{"rendered":"<p>Drone and tech powerhouse DJI has taken a firm stance against proposed European Union guidelines that suggest capping e-bike motor outputs at 750 watts. In a recently published statement, DJI argued that such a blanket restriction lacks solid scientific rationale and fails to address the real needs of e-bike users in Europe. The company, which [&hellip;]<\/p>\n","protected":false},"author":2,"featured_media":1348,"comment_status":"open","ping_status":"open","sticky":false,"template":"","format":"standard","meta":{"footnotes":""},"categories":[33],"tags":[17],"class_list":["post-1346","post","type-post","status-publish","format-standard","has-post-thumbnail","hentry","category-ebike-news","tag-motor"],"_links":{"self":[{"href":"https:\/\/regencargobikes.com\/hu\/wp-json\/wp\/v2\/posts\/1346","targetHints":{"allow":["GET"]}}],"collection":[{"href":"https:\/\/regencargobikes.com\/hu\/wp-json\/wp\/v2\/posts"}],"about":[{"href":"https:\/\/regencargobikes.com\/hu\/wp-json\/wp\/v2\/types\/post"}],"author":[{"embeddable":true,"href":"https:\/\/regencargobikes.com\/hu\/wp-json\/wp\/v2\/users\/2"}],"replies":[{"embeddable":true,"href":"https:\/\/regencargobikes.com\/hu\/wp-json\/wp\/v2\/comments?post=1346"}],"version-history":[{"count":1,"href":"https:\/\/regencargobikes.com\/hu\/wp-json\/wp\/v2\/posts\/1346\/revisions"}],"predecessor-version":[{"id":1347,"href":"https:\/\/regencargobikes.com\/hu\/wp-json\/wp\/v2\/posts\/1346\/revisions\/1347"}],"wp:featuredmedia":[{"embeddable":true,"href":"https:\/\/regencargobikes.com\/hu\/wp-json\/wp\/v2\/media\/1348"}],"wp:attachment":[{"href":"https:\/\/regencargobikes.com\/hu\/wp-json\/wp\/v2\/media?parent=1346"}],"wp:term":[{"taxonomy":"category","embeddable":true,"href":"https:\/\/regencargobikes.com\/hu\/wp-json\/wp\/v2\/categories?post=1346"},{"taxonomy":"post_tag","embeddable":true,"href":"https:\/\/regencargobikes.com\/hu\/wp-json\/wp\/v2\/tags?post=1346"}],"curies":[{"name":"wp","href":"https:\/\/api.w.org\/{rel}","templated":true}]}}