{"id":1471,"date":"2025-06-06T17:54:11","date_gmt":"2025-06-06T09:54:11","guid":{"rendered":"https:\/\/regencargobikes.com\/?p=1471"},"modified":"2025-06-06T17:54:14","modified_gmt":"2025-06-06T09:54:14","slug":"trek-group-acquires-eav-bikes-in-strategic-rescue-deal-aimed-at-urban-mobility-market","status":"publish","type":"post","link":"https:\/\/regencargobikes.com\/hu\/trek-group-acquires-eav-bikes-in-strategic-rescue-deal-aimed-at-urban-mobility-market\/","title":{"rendered":"A Trek Group EAV ker\u00e9kp\u00e1rokat v\u00e1s\u00e1rol fel egy strat\u00e9giai ment\u0151meg\u00e1llapod\u00e1s keret\u00e9ben, amelynek c\u00e9lja a v\u00e1rosi mobilit\u00e1si piac megment\u00e9se."},"content":{"rendered":"<p><em>2025. j\u00fanius 5. \u2013 London, Egyes\u00fclt Kir\u00e1lys\u00e1g<\/em> \u2014 Az eur\u00f3pai e-mobilit\u00e1si szektor jelent\u0151s fejlem\u00e9nyek\u00e9nt az amerikai sz\u00e9khely\u0171 ker\u00e9kp\u00e1r\u00f3ri\u00e1s, a Trek Group felv\u00e1s\u00e1rolta az EAV Bikes, egy brit sz\u00e9khely\u0171 elektromos teher-quadrik gy\u00e1rt\u00f3j\u00e1nak eszk\u00f6zeit \u00e9s m\u0171k\u00f6d\u00e9s\u00e9t. A h\u00e9t elej\u00e9n bejelentett felv\u00e1s\u00e1rl\u00e1s fordul\u00f3pontot jelent az EAV sz\u00e1m\u00e1ra, amely az elm\u00falt 12 h\u00f3napban egyre n\u00f6vekv\u0151 p\u00e9nz\u00fcgyi nyom\u00e1ssal n\u00e9zett szembe.<\/p>\n\n\n\n<h2 class=\"wp-block-heading\">Ment\u0151\u00f6v a p\u00e9nz\u00fcgyi neh\u00e9zs\u00e9gek k\u00f6zepette<\/h2>\n\n\n\n<p>A 2018-ban Oxfordshire-ben alap\u00edtott Electric Assisted Vehicles Ltd. (EAV) h\u00edrnevet szerzett innovat\u00edv, n\u00e9gykerek\u0171 e-teheraut\u00f3k fejleszt\u00e9s\u00e9ben, amelyek az utols\u00f3 kilom\u00e9teres k\u00e9zbes\u00edt\u00e9st, az \u00f6nkorm\u00e1nyzati felhaszn\u00e1l\u00e1st \u00e9s a v\u00e1rosi logisztik\u00e1t c\u00e9lozz\u00e1k. Annak ellen\u00e9re, hogy er\u0151s term\u00e9kpalett\u00e1val \u00e9s l\u00e1that\u00f3 jelenl\u00e9ttel rendelkezett Eur\u00f3pa-szerte a k\u00eds\u00e9rleti programokban, a v\u00e1llalatnak neh\u00e9zs\u00e9gei akadtak a n\u00f6veked\u00e9ssel az ell\u00e1t\u00e1si l\u00e1nc k\u00e9sedelmei \u00e9s a t\u0151kehi\u00e1ny miatt.<\/p>\n\n\n\n<p>Az EAV Companies House-hoz beny\u00fajtott 2024-es p\u00e9nz\u00fcgyi kimutat\u00e1sai szerint a c\u00e9g 3,1 milli\u00f3 font \u00fczemi vesztes\u00e9get k\u00f6nyvelt el, amelyet nagyr\u00e9szt a n\u00f6vekv\u0151 termel\u00e9si k\u00f6lts\u00e9gek \u00e9s a z\u00e1szl\u00f3shaj\u00f3 EAV2Cubed modellj\u00e9nek bevezet\u00e9s\u00e9re kit\u0171z\u00f6tt c\u00e9lok elmulaszt\u00e1sa okozott.<\/p><div class=\"regen-test-placement-from-wizard-1604397851\" id=\"regen-995223584\"><script async src=\"https:\/\/pagead2.googlesyndication.com\/pagead\/js\/adsbygoogle.js?client=ca-pub-1076230867169041\"\n     crossorigin=\"anonymous\"><\/script><\/div><div class=\"regen-test-placement-from-wizard-2878267818\" id=\"regen-264336460\"><script async src=\"https:\/\/pagead2.googlesyndication.com\/pagead\/js\/adsbygoogle.js?client=ca-pub-1076230867169041\"\n     crossorigin=\"anonymous\"><\/script><\/div>\n\n\n\n<p>A n\u00f6vekv\u0151 ad\u00f3ss\u00e1gok \u00e9s a 2024-es sikeres finansz\u00edroz\u00e1si k\u00f6r elmarad\u00e1sa miatt az EAV 2025 \u00e1prilis\u00e1ban cs\u0151delj\u00e1r\u00e1s al\u00e1 ker\u00fclt, ami aggodalmat keltett a logisztikai c\u00e9gek \u00e9s a fenntarthat\u00f3s\u00e1g sz\u00f3sz\u00f3l\u00f3i k\u00f6r\u00e9ben, akik a m\u00e1rk\u00e1t a tiszta v\u00e1rosi k\u00f6zleked\u00e9s \u00fatt\u00f6r\u0151j\u00e9nek tekintett\u00e9k.<\/p>\n\n\n\n<h2 class=\"wp-block-heading\">A Trek Group strat\u00e9giai bel\u00e9p\u00e9se a k\u00f6z\u00fati e-mobilit\u00e1s piac\u00e1ra<\/h2>\n\n\n\n<p>A Trek Group, amely vil\u00e1gszerte ismert nagy teljes\u00edtm\u00e9ny\u0171 ker\u00e9kp\u00e1rjair\u00f3l \u00e9s elektromos ker\u00e9kp\u00e1rjair\u00f3l, vil\u00e1goss\u00e1 tette, hogy a hagyom\u00e1nyos fogyaszt\u00f3i piacokon t\u00falmutat\u00f3, a k\u00f6z\u00fczemi j\u00e1rm\u0171vekre f\u00f3kusz\u00e1l\u00f3 elektromos mobilit\u00e1s fel\u00e9 k\u00edv\u00e1n terjeszkedni. Az EAV felv\u00e1s\u00e1rl\u00e1sa illeszkedik ehhez a strat\u00e9gi\u00e1hoz.<\/p>\n\n\n\n<p>\u201eEz a l\u00e9p\u00e9s \u00f6sszhangban van hossz\u00fa t\u00e1v\u00fa n\u00e9zet\u00fcnkkel, miszerint a v\u00e1rosi logisztika \u00e9s a mikromobilit\u00e1s jelent\u0151s szerepet fog j\u00e1tszani a fenntarthat\u00f3 v\u00e1rosok alak\u00edt\u00e1s\u00e1ban\u201d \u2013 mondta Laura Reynolds, a Trek Group \u00fczletfejleszt\u00e9si aleln\u00f6ke. \u201eAz EAV m\u00e1r elv\u00e9gezte a neh\u00e9z munk\u00e1t egy meggy\u0151z\u0151 platform kidolgoz\u00e1s\u00e1ban. C\u00e9lunk, hogy a m\u00e9retet, a gy\u00e1rt\u00e1si stabilit\u00e1st \u00e9s a glob\u00e1lis disztrib\u00faci\u00f3t is biztos\u00edtsuk.\u201d<\/p>\n\n\n\n<p>B\u00e1r a pontos felv\u00e1s\u00e1rl\u00e1si \u00e9rt\u00e9k tov\u00e1bbra sem nyilv\u00e1nos, az \u00fczlethez k\u00f6zel \u00e1ll\u00f3 forr\u00e1sok 4-5 milli\u00f3 font k\u00f6z\u00f6tti \u00f6sszegre utalnak, amely mag\u00e1ban foglalja a szellemi tulajdont, a fennmarad\u00f3 k\u00e9szletet \u00e9s a kulcsfontoss\u00e1g\u00fa m\u00e9rn\u00f6ki szem\u00e9lyzetet. A Trek teljes tulajdon\u00fa le\u00e1nyv\u00e1llalatk\u00e9nt fogja \u00fczemeltetni az EAV-t, megtartva a m\u00e1rkanevet \u00e9s az oxfordshire-i kutat\u00e1s-fejleszt\u00e9si b\u00e1zis\u00e1t.<\/p>\n\n\n\n<h2 class=\"wp-block-heading\">Mi a k\u00f6vetkez\u0151 l\u00e9p\u00e9s az EAV m\u00e1rka sz\u00e1m\u00e1ra?<\/h2>\n\n\n\n<p>A Trek tervei szerint 2026 els\u0151 negyed\u00e9v\u00e9re \u00fajraind\u00edtja az EAV2Cubed \u00e9s az EAVRoRo modellek gy\u00e1rt\u00e1s\u00e1t, kezdetben az Egyes\u00fclt Kir\u00e1lys\u00e1got, Hollandi\u00e1t \u00e9s N\u00e9metorsz\u00e1got c\u00e9lozva meg \u2013 azokat a piacokat, ahol az elektromos teherbiciklik gyorsan felv\u00e1ltj\u00e1k a d\u00edzel furgonokat a r\u00f6vid hat\u00f3t\u00e1vols\u00e1g\u00fa v\u00e1rosi sz\u00e1ll\u00edt\u00e1sokban.<\/p>\n\n\n\n<p>Az Eur\u00f3pai Ker\u00e9kp\u00e1ros Sz\u00f6vets\u00e9g (ECF) szerint t\u00f6bb mint <strong>420 000 teherbicikli<\/strong> 2024-ben Eur\u00f3p\u00e1ban 161 TP5T darabbal \u00e9rt\u00e9kes\u00edtettek, ami 161 TP5T-vel t\u00f6bb, mint az el\u0151z\u0151 \u00e9vben. Ezek k\u00f6z\u00fcl k\u00f6zel 701 TP5T-t v\u00e1llalkoz\u00e1sok, \u00f6nkorm\u00e1nyzatok vagy flotta\u00fczemeltet\u0151k v\u00e1s\u00e1roltak.<\/p>\n\n\n\n<p>Az EAV tervez\u00e9si filoz\u00f3fi\u00e1ja \u2013 amely a z\u00e1rt kabinnal, modul\u00e1ris t\u00e1rol\u00f3val \u00e9s ped\u00e1lr\u00e1seg\u00edt\u0151 technol\u00f3gi\u00e1val ell\u00e1tott k\u00f6nny\u0171 quadokra \u00f6sszpontos\u00edt \u2013 egy\u00e9rtelm\u0171 alternat\u00edv\u00e1t k\u00edn\u00e1l a nagyobb, kev\u00e9sb\u00e9 f\u00fcrge elektromos furgonokkal szemben. J\u00e1rm\u0171veik jogilag e-ker\u00e9kp\u00e1rnak min\u0151s\u00fclnek az EU-s el\u0151\u00edr\u00e1sok \u00e9rtelm\u00e9ben, \u00edgy jogos\u00edtv\u00e1ny n\u00e9lk\u00fcl is k\u00f6zlekedhetnek alacsony kibocs\u00e1t\u00e1s\u00fa z\u00f3n\u00e1kban \u00e9s ker\u00e9kp\u00e1rutakon.<\/p>\n\n\n\n<p>\u201eJ\u00f3kor j\u00f6tt el az id\u0151z\u00edt\u00e9s\u201d \u2013 mondta Erik M\u00fcller, egy berlini mobilit\u00e1si tan\u00e1csad\u00f3. \u201eA flottakezel\u0151kre nyom\u00e1s nehezedik a dekarboniz\u00e1ci\u00f3 ter\u00e9n, \u00e9s a v\u00e1rosok \u00e1talak\u00edtj\u00e1k a tereket, hogy el\u0151nyben r\u00e9szes\u00edts\u00e9k a nem motoriz\u00e1lt k\u00f6zleked\u00e9st. A Trek t\u00e1mogat\u00e1s\u00e1val az EAV most er\u0151sebb helyzetben van ahhoz, hogy kiszolg\u00e1lja ezt az ig\u00e9nyt.\u201d<\/p>\n\n\n\n<h2 class=\"wp-block-heading\">Hat\u00e1s az ipar\u00e1gra \u00e9s a versenyt\u00e1rsakra<\/h2>\n\n\n\n<p>A Trek l\u00e9p\u00e9se nyom\u00e1st gyakorol mind a hagyom\u00e1nyos teherker\u00e9kp\u00e1r-gy\u00e1rt\u00f3kra, mind a felt\u00f6rekv\u0151 k\u00f6nny\u0171 elektromos j\u00e1rm\u0171veket (LEV) gy\u00e1rt\u00f3 startupokra. Az olyan v\u00e1llalatok, mint az Urban Arrow (Pon Holdings), a VUF Bikes \u00e9s az ONO Motion, jelent\u0151s flottan\u00f6veked\u00e9st tapasztaltak Eur\u00f3pa-szerte, de kev\u00e9s rendelkezik a Trek gy\u00e1rt\u00e1si m\u00e9ret\u00e9vel vagy glob\u00e1lis lefedetts\u00e9g\u00e9vel.<\/p>\n\n\n\n<p>Tov\u00e1bb\u00e1 a felv\u00e1s\u00e1rl\u00e1s a sz\u00e9ttagolt kisfesz\u00fclts\u00e9g\u0171 j\u00e1rm\u0171vek piac\u00e1nak konszolid\u00e1ci\u00f3s trendj\u00e9t jelzi, ahol a kisebb startupok gyakran k\u00fczd\u00f6ttek a t\u0151k\u00e9hez val\u00f3 hozz\u00e1f\u00e9r\u00e9ssel \u00e9s a szab\u00e1lyoz\u00e1s bonyolults\u00e1g\u00e1val.<\/p>\n\n\n\n<p>\u201eEz egy okos ment\u00e9s\u201d \u2013 mondta Sophie Grant, a Clean Mobility Watch k\u00f6zleked\u00e9si elemz\u0151je. \u201eA Trek hozz\u00e1f\u00e9r\u00e9st kap egy n\u00f6vekv\u0151 kateg\u00f3ri\u00e1hoz an\u00e9lk\u00fcl, hogy a null\u00e1r\u00f3l kellene kezdenie. Az EAV sz\u00e1m\u00e1ra pedig ez egy m\u00e1sodik es\u00e9ly egy stabil t\u00e1mogat\u00f3val.\u201d<\/p>\n\n\n\n<h2 class=\"wp-block-heading\">Az EAV szem\u00e9lyzete \u00e9s m\u0171veletei az Egyes\u00fclt Kir\u00e1lys\u00e1gban maradnak<\/h2>\n\n\n\n<p>A meg\u00e1llapod\u00e1s r\u00e9szek\u00e9nt a Trek meger\u0151s\u00edtette, hogy megtartja az EAV k\u00f6zponti m\u00e9rn\u00f6ki csapat\u00e1t, \u00e9s tov\u00e1bbra is a v\u00e1llalat Oxford k\u00f6zel\u00e9ben tal\u00e1lhat\u00f3 kidlingtoni telephely\u00e9r\u0151l m\u0171k\u00f6dik majd. A megl\u00e9v\u0151 l\u00e9tes\u00edtm\u00e9ny a teherg\u00e9pj\u00e1rm\u0171vek kutat\u00e1s-fejleszt\u00e9s\u00e9nek kiv\u00e1l\u00f3s\u00e1gi k\u00f6zpontjak\u00e9nt szolg\u00e1l majd, tov\u00e1bbi beruh\u00e1z\u00e1sokat tervezve a kompozit anyagokba \u00e9s a hajt\u00e1sl\u00e1nc optimaliz\u00e1l\u00e1s\u00e1ba.<\/p>\n\n\n\n<p>T\u00f6bb kor\u00e1bbi \u00fcgyf\u00e9llel \u2013 k\u00f6zt\u00fck a DPD-vel, az Ocado-val \u00e9s a DHL Supply Chainnel \u2013 is folynak t\u00e1rgyal\u00e1sok a sz\u00fcneteltetett j\u00e1rm\u0171tesztek \u00e9s szervizszerz\u0151d\u00e9sek \u00fajraind\u00edt\u00e1s\u00e1r\u00f3l. A Trek sz\u00e9lesebb glob\u00e1lis ell\u00e1t\u00e1si l\u00e1nca \u00e9s \u00e9rt\u00e9kes\u00edt\u00e9s ut\u00e1ni t\u00e1mogat\u00e1sa megnyugv\u00e1st jelenthet ezeknek az \u00fczemeltet\u0151knek, akik k\u00f6z\u00fcl sokan aggodalmukat fejezt\u00e9k ki az EAV megb\u00edzhat\u00f3s\u00e1g\u00e1val kapcsolatban a p\u00e9nz\u00fcgyi nyom\u00e1s alatt.<\/p>\n\n\n\n<h2 class=\"wp-block-heading\">K\u00f6vetkeztet\u00e9s<\/h2>\n\n\n\n<p>Egy olyan korban, amikor a v\u00e1rosok tiszt\u00e1bb, kisebb \u00e9s sokoldal\u00fabb sz\u00e1ll\u00edt\u00e1si megold\u00e1sokat k\u00f6vetelnek, a Trek m\u00e9rete \u00e9s az EAV innov\u00e1ci\u00f3ja k\u00f6z\u00f6tti p\u00e1ros\u00edt\u00e1s id\u0151szer\u0171nek t\u0171nik. B\u00e1r sok m\u00falik a k\u00f6vetkez\u0151 12 h\u00f3nap v\u00e9grehajt\u00e1s\u00e1n, a felv\u00e1s\u00e1rl\u00e1s nemcsak egy \u00edg\u00e9retes brit c\u00e9get ment meg, hanem seg\u00edthet megalapozni a v\u00e1rosi mikromobilit\u00e1s k\u00f6vetkez\u0151 szakasz\u00e1t Eur\u00f3p\u00e1ban.<\/p>\n\n\n\n<p>A weboldalon\/cikkben haszn\u00e1lt egyes k\u00e9pek az internetr\u0151l sz\u00e1rmaznak, \u00e9s kiz\u00e1r\u00f3lag illusztr\u00e1ci\u00f3s \u00e9s oktat\u00e1si c\u00e9lokat szolg\u00e1lnak a tartalom jobb meg\u00e9rt\u00e9se \u00e9rdek\u00e9ben. Tiszteletben tartjuk az eredeti alkot\u00f3k szellemi tulajdonjogait, \u00e9s igyeksz\u00fcnk a forr\u00e1sokat adott esetben felt\u00fcntetni.<\/p>\n\n\n\n<h2 class=\"wp-block-heading\">K\u00e9p szerz\u0151i jogi nyilatkozata<\/h2>\n\n\n\n<p>Ha \u00d6n a itt megjelen\u00edtett b\u00e1rmely k\u00e9p jogos tulajdonosa, \u00e9s \u00fagy gondolja, hogy annak felhaszn\u00e1l\u00e1sa szerz\u0151i jogs\u00e9rt\u00e9st jelent, k\u00e9rj\u00fck, vegye fel vel\u00fcnk a kapcsolatot az info@regencargobikes.com c\u00edmen. Az ellen\u0151rz\u00e9st k\u00f6vet\u0151en halad\u00e9ktalanul elt\u00e1vol\u00edtjuk a k\u00e9pet, vagy felt\u00fcntetj\u00fck a megfelel\u0151 forr\u00e1smegjel\u00f6l\u00e9st.<\/p>\n\n\n\n<p>K\u00f6sz\u00f6n\u00f6m a meg\u00e9rt\u00e9s\u00e9t.<\/p>\n\n\n\n<p>\u00a9 Regen Technology Co., Ltd.<\/p>","protected":false},"excerpt":{"rendered":"<p>June 5, 2025 \u2014 London, UK \u2014 In a significant development for the European e-mobility sector, U.S.-based bicycle giant Trek Group has stepped in to acquire the assets and operations of EAV Bikes, a UK-based manufacturer of electric cargo quadracycles. The acquisition, announced earlier this week, marks a turning point for EAV, which had faced [&hellip;]<\/p>\n","protected":false},"author":2,"featured_media":1472,"comment_status":"open","ping_status":"open","sticky":false,"template":"","format":"standard","meta":{"footnotes":""},"categories":[33],"tags":[],"class_list":["post-1471","post","type-post","status-publish","format-standard","has-post-thumbnail","hentry","category-ebike-news"],"_links":{"self":[{"href":"https:\/\/regencargobikes.com\/hu\/wp-json\/wp\/v2\/posts\/1471","targetHints":{"allow":["GET"]}}],"collection":[{"href":"https:\/\/regencargobikes.com\/hu\/wp-json\/wp\/v2\/posts"}],"about":[{"href":"https:\/\/regencargobikes.com\/hu\/wp-json\/wp\/v2\/types\/post"}],"author":[{"embeddable":true,"href":"https:\/\/regencargobikes.com\/hu\/wp-json\/wp\/v2\/users\/2"}],"replies":[{"embeddable":true,"href":"https:\/\/regencargobikes.com\/hu\/wp-json\/wp\/v2\/comments?post=1471"}],"version-history":[{"count":1,"href":"https:\/\/regencargobikes.com\/hu\/wp-json\/wp\/v2\/posts\/1471\/revisions"}],"predecessor-version":[{"id":1473,"href":"https:\/\/regencargobikes.com\/hu\/wp-json\/wp\/v2\/posts\/1471\/revisions\/1473"}],"wp:featuredmedia":[{"embeddable":true,"href":"https:\/\/regencargobikes.com\/hu\/wp-json\/wp\/v2\/media\/1472"}],"wp:attachment":[{"href":"https:\/\/regencargobikes.com\/hu\/wp-json\/wp\/v2\/media?parent=1471"}],"wp:term":[{"taxonomy":"category","embeddable":true,"href":"https:\/\/regencargobikes.com\/hu\/wp-json\/wp\/v2\/categories?post=1471"},{"taxonomy":"post_tag","embeddable":true,"href":"https:\/\/regencargobikes.com\/hu\/wp-json\/wp\/v2\/tags?post=1471"}],"curies":[{"name":"wp","href":"https:\/\/api.w.org\/{rel}","templated":true}]}}