{"id":1600,"date":"2025-06-22T04:17:36","date_gmt":"2025-06-21T20:17:36","guid":{"rendered":"https:\/\/regencargobikes.com\/?p=1600"},"modified":"2025-06-22T04:17:38","modified_gmt":"2025-06-21T20:17:38","slug":"how-fast-can-your-electric-cargo-bike-go","status":"publish","type":"post","link":"https:\/\/regencargobikes.com\/hu\/how-fast-can-your-electric-cargo-bike-go\/","title":{"rendered":"Milyen gyorsan mehet az elektromos teherbiciklije?"},"content":{"rendered":"<p>Az Regen-n\u00e9l gyakran k\u00e9rdeznek t\u0151l\u00fcnk egy megt\u00e9veszt\u0151en egyszer\u0171 k\u00e9rd\u00e9st:<\/p>\n\n\n\n<p><strong>\"Milyen gyorsan tud a <a href=\"https:\/\/regencargobikes.com\/hu\/what-is-a-cargo-bike\/\" data-type=\"post\" data-id=\"1179\">elektromos teherbicikli<\/a> menni?\"<\/strong><\/p>\n\n\n\n<p>Ez egy jogos k\u00e9rd\u00e9s - \u00e9s fontos k\u00e9rd\u00e9s. Ak\u00e1r ing\u00e1zik, ak\u00e1r \u00e1rut sz\u00e1ll\u00edt, ak\u00e1r szabadid\u0151s c\u00e9llal k\u00f6zlekedik, a sebess\u00e9g nemcsak a hat\u00e9konys\u00e1got, hanem a jogszer\u0171s\u00e9get, a biztons\u00e1got \u00e9s a vezet\u00e9si k\u00e9nyelmet is befoly\u00e1solja. Ez\u00e9rt ma a korm\u00e1ny m\u00f6g\u00e9 \u00e9s az adatok k\u00f6z\u00e9 vezetj\u00fck \u00d6nt. Felfedezz\u00fck a val\u00f3s sebess\u00e9gstatisztik\u00e1kat, a t\u00f6rv\u00e9nyes hat\u00e1r\u00e9rt\u00e9keket \u00e9s a <strong>mi befoly\u00e1solja a teherbicikli sebess\u00e9g\u00e9t.<\/strong><\/p><div class=\"regen-test-placement-from-wizard-1604397851\" id=\"regen-858398751\"><script async src=\"https:\/\/pagead2.googlesyndication.com\/pagead\/js\/adsbygoogle.js?client=ca-pub-1076230867169041\"\n     crossorigin=\"anonymous\"><\/script><\/div><div class=\"regen-test-placement-from-wizard-2878267818\" id=\"regen-1660656301\"><script async src=\"https:\/\/pagead2.googlesyndication.com\/pagead\/js\/adsbygoogle.js?client=ca-pub-1076230867169041\"\n     crossorigin=\"anonymous\"><\/script><\/div>\n\n\n\n<hr class=\"wp-block-separator has-alpha-channel-opacity\"\/>\n\n\n\n<h2 class=\"wp-block-heading\"><strong>Sebess\u00e9gkorl\u00e1toz\u00e1sok a vil\u00e1g minden t\u00e1j\u00e1n<\/strong><\/h2>\n\n\n\n<p>Kezdj\u00fck az alapokkal: <strong>a leg\u00e1lis v\u00e9gsebess\u00e9gek r\u00e9gi\u00f3nk\u00e9nt elt\u00e9r\u0151ek<\/strong>. A legt\u00f6bb elektromos teherbringa k\u00e9t oszt\u00e1lyba sorolhat\u00f3:<\/p>\n\n\n\n<figure class=\"wp-block-table\"><table class=\"has-fixed-layout\"><thead><tr><th><strong>R\u00e9gi\u00f3<\/strong><\/th><th><strong>Leg\u00e1lis v\u00e9gsebess\u00e9g (km\/h)<\/strong><\/th><th><strong>V\u00e9gsebess\u00e9g (mph)<\/strong><\/th><th><strong>Oszt\u00e1lyfeljegyz\u00e9sek<\/strong><\/th><\/tr><\/thead><tbody><tr><td>EU<\/td><td>25<\/td><td>15.5<\/td><td>Pedelec (max. 250W-os motor)<\/td><\/tr><tr><td>EU (Speed-P)<\/td><td>45<\/td><td>28<\/td><td>Speed pedelec, regisztr\u00e1ci\u00f3ra van sz\u00fcks\u00e9g<\/td><\/tr><tr><td>USA<\/td><td>32<\/td><td>20<\/td><td>1. \u00e9s 2. oszt\u00e1ly\u00fa e-ker\u00e9kp\u00e1rok (750 W-os motorhat\u00e1r)<\/td><\/tr><tr><td>Kanada<\/td><td>32<\/td><td>20<\/td><td>Max 500W-os motorok<\/td><\/tr><\/tbody><\/table><\/figure>\n\n\n\n<p>A legt\u00f6bb eur\u00f3pai orsz\u00e1gban a teherbring\u00e1inkat <strong>25 km\/h-ra korl\u00e1tozva<\/strong> a k\u00f6zleked\u00e9si t\u00f6rv\u00e9ny szerint ker\u00e9kp\u00e1rnak min\u0151s\u00fclnek - nem sz\u00fcks\u00e9ges jogos\u00edtv\u00e1ny vagy biztos\u00edt\u00e1s. Az Egyes\u00fclt \u00c1llamokban \u00e9s Kanad\u00e1ban a fels\u0151 hat\u00e1r a k\u00f6vetkez\u0151 <strong>32 km\/h<\/strong>. N\u00e9h\u00e1ny ker\u00e9kp\u00e1r ezt t\u00fall\u00e9pi (ak\u00e1r 45 km\/h) a <strong>gyorsped\u00e1l<\/strong> besorol\u00e1s, amely \u00e1ltal\u00e1ban sisakhaszn\u00e1latot, biztos\u00edt\u00e1st \u00e9s m\u00e9g rendsz\u00e1mt\u00e1bl\u00e1t is megk\u00f6vetel.<\/p>\n\n\n\n<p><br>\ud83d\udc49 Link a k\u00f6vetkez\u0151h\u00f6z: <strong><a href=\"https:\/\/regencargobikes.com\/hu\/electric-cargo-bike-motor-power-system-faq\/\" data-type=\"post\" data-id=\"1310\">GYIK az elektromos Cargo Bike motoros rendszerr\u0151l \u00e9s a teljes\u00edtm\u00e9nyr\u0151l<\/a><\/strong><\/p>\n\n\n\n<hr class=\"wp-block-separator has-alpha-channel-opacity\"\/>\n\n\n\n<h2 class=\"wp-block-heading\"><strong>Milyen sebess\u00e9geket \u00e9rnek el a motorosok?<\/strong><\/h2>\n\n\n\n<p>Itt tal\u00e1lkozik az elm\u00e9let az aszfalttal. <a href=\"https:\/\/regencargobikes.com\/hu\/long-john-cargo-bike-regen-02\/\" data-type=\"page\" data-id=\"1395\">Regen elektromos teherbring\u00e1k<\/a> k\u00e9nyelmesen cirk\u00e1lni:<\/p>\n\n\n\n<ul class=\"wp-block-list\">\n<li><strong>20-25 km\/h (12-15,5 mph)<\/strong> standard ped\u00e1lseg\u00edts\u00e9g mellett<\/li>\n\n\n\n<li><strong>25-28 mph (40-45 km\/h)<\/strong> nagy teljes\u00edtm\u00e9ny\u0171 vagy speed-pedelec modellekhez<\/li>\n<\/ul>\n\n\n\n<p>De ne feledje, a sebess\u00e9g nem csak a specifik\u00e1ci\u00f3kr\u00f3l sz\u00f3l. Hanem a <strong>terhel\u00e9s, terep, lovas input<\/strong>, \u00e9s term\u00e9szetesen, <strong>motoros er\u0151<\/strong>.<\/p>\n\n\n\t\t<div data-elementor-type=\"section\" data-elementor-id=\"1414\" class=\"elementor elementor-1414\" data-elementor-post-type=\"elementor_library\">\n\t\t\t<div class=\"elementor-element elementor-element-7bf5eb01 e-flex e-con-boxed e-con e-parent\" data-id=\"7bf5eb01\" data-element_type=\"container\" data-e-type=\"container\" data-settings=\"{&quot;background_background&quot;:&quot;classic&quot;,&quot;ekit_has_onepagescroll_dot&quot;:&quot;yes&quot;}\">\n\t\t\t\t\t<div class=\"e-con-inner\">\n\t\t<div class=\"elementor-element elementor-element-9fc34e2 e-con-full e-flex e-con e-child\" data-id=\"9fc34e2\" data-element_type=\"container\" data-e-type=\"container\" data-settings=\"{&quot;background_background&quot;:&quot;classic&quot;,&quot;ekit_has_onepagescroll_dot&quot;:&quot;yes&quot;}\">\n\t\t\t\t<div class=\"elementor-element elementor-element-af4e700 elementor-absolute elementor-widget elementor-widget-image\" data-id=\"af4e700\" data-element_type=\"widget\" data-e-type=\"widget\" data-settings=\"{&quot;_position&quot;:&quot;absolute&quot;}\" data-widget_type=\"image.default\">\n\t\t\t\t<div class=\"elementor-widget-container\">\n\t\t\t\t\t\t\t\t\t\t\t\t\t\t\t<img fetchpriority=\"high\" decoding=\"async\" width=\"800\" height=\"422\" src=\"https:\/\/regencargobikes.com\/wp-content\/uploads\/2025\/05\/regen-02-electric-cargo-bike-.webp\" class=\"attachment-large size-large wp-image-1398\" alt=\"regen 02 elektromos teherbicikli\" srcset=\"https:\/\/regencargobikes.com\/wp-content\/uploads\/2025\/05\/regen-02-electric-cargo-bike-.webp 1000w, https:\/\/regencargobikes.com\/wp-content\/uploads\/2025\/05\/regen-02-electric-cargo-bike--300x158.webp 300w, https:\/\/regencargobikes.com\/wp-content\/uploads\/2025\/05\/regen-02-electric-cargo-bike--768x405.webp 768w, https:\/\/regencargobikes.com\/wp-content\/uploads\/2025\/05\/regen-02-electric-cargo-bike--18x9.webp 18w\" sizes=\"(max-width: 800px) 100vw, 800px\" \/>\t\t\t\t\t\t\t\t\t\t\t\t\t\t\t<\/div>\n\t\t\t\t<\/div>\n\t\t\t\t<\/div>\n\t\t<div class=\"elementor-element elementor-element-7de8cd9d e-con-full e-flex e-con e-child\" data-id=\"7de8cd9d\" data-element_type=\"container\" data-e-type=\"container\" data-settings=\"{&quot;ekit_has_onepagescroll_dot&quot;:&quot;yes&quot;}\">\n\t\t\t\t<div class=\"elementor-element elementor-element-308b8d20 elementor-widget elementor-widget-elementskit-heading\" data-id=\"308b8d20\" data-element_type=\"widget\" data-e-type=\"widget\" data-widget_type=\"elementskit-heading.default\">\n\t\t\t\t<div class=\"elementor-widget-container\">\n\t\t\t\t\t<div class=\"ekit-wid-con\" ><div class=\"ekit-heading elementskit-section-title-wraper text_left   ekit_heading_tablet-   ekit_heading_mobile-text_center\"><h3 class=\"elementskit-section-subtitle\">\n\t\t\t\t\t\tRegen 02 Elektromos teherbicikli\n\t\t\t\t\t<\/h3><h2 class=\"ekit-heading--title elementskit-section-title\">Kompakt, testreszabhat\u00f3 el\u00f6lt\u00f6lt\u0151s g\u00e9pet keres m\u00e1rk\u00e1j\u00e1hoz?<\/h2>\t\t\t\t<div class='ekit-heading__description'>\n\t\t\t\t\t<p class=\"p1\">T\u00dcV \u00e1ltal tesztelt, kor\u00e1bbi egyedi projekteken kereszt\u00fcl. Nyilv\u00e1nosan el\u00e9rhet\u0151 modell \u2013 konfigur\u00e1lhat\u00f3, bev\u00e1lt \u00e9s sk\u00e1l\u00e1zhat\u00f3.<\/p>\n\t\t\t\t<\/div>\n\t\t\t<\/div><\/div>\t\t\t\t<\/div>\n\t\t\t\t<\/div>\n\t\t\t\t<div class=\"elementor-element elementor-element-bf516c8 elementor-align-left elementor-align--mobilecenter elementor-widget elementor-widget-elementskit-button\" data-id=\"bf516c8\" data-element_type=\"widget\" data-e-type=\"widget\" data-widget_type=\"elementskit-button.default\">\n\t\t\t\t<div class=\"elementor-widget-container\">\n\t\t\t\t\t<div class=\"ekit-wid-con\" >\t\t<div class=\"ekit-btn-wraper\">\n\t\t\t\t\t\t\t<a href=\"https:\/\/regencargobikes.com\/hu\/long-john-cargo-bike-regen-02\/\" class=\"elementskit-btn  whitespace--normal\" id=\"\">\n\t\t\t\t\tTudj meg t\u00f6bbet\t\t\t\t<\/a>\n\t\t\t\t\t<\/div>\n        <\/div>\t\t\t\t<\/div>\n\t\t\t\t<\/div>\n\t\t\t\t<\/div>\n\t\t\t\t\t<\/div>\n\t\t\t\t<\/div>\n\t\t\t\t<\/div>\n\t\t\n\n\n\n<hr class=\"wp-block-separator has-alpha-channel-opacity\"\/>\n\n\n\n<h3 class=\"wp-block-heading\"><strong> Val\u00f3s vil\u00e1gbeli p\u00e9lda<\/strong><\/h3>\n\n\n\n<p>Egyik n\u00e9metorsz\u00e1gi \u00fcgyfel\u00fcnk egy speed-pedelec teherbring\u00e1t haszn\u00e1l, kett\u0151s akkumul\u00e1torral \u00e9s 750 W-os motorral. S\u00edk v\u00e1rosi utakon egyenletesen k\u00f6rbe-k\u00f6rbe cirk\u00e1l <strong>42 km\/h<\/strong>, m\u00e9g 60 kg-os rakom\u00e1ny mellett is. Mindezek ellen\u00e9re, a mindennapi csal\u00e1di haszn\u00e1latra vagy a kommun\u00e1lis sz\u00e1ll\u00edt\u00e1sokhoz a legt\u00f6bb Regen v\u00e1s\u00e1rl\u00f3 sz\u00e1m\u00e1ra a <strong>25 km\/h korl\u00e1toz\u00e1s<\/strong> t\u00f6k\u00e9letesen alkalmas - \u00e9s biztons\u00e1gos.<\/p>\n\n\n\n<hr class=\"wp-block-separator has-alpha-channel-opacity\"\/>\n\n\n\n<h2 class=\"wp-block-heading\"><strong>Milyen t\u00e9nyez\u0151k befoly\u00e1solj\u00e1k az E-Cargo ker\u00e9kp\u00e1r sebess\u00e9g\u00e9t?<\/strong><\/h2>\n\n\n\n<p>T\u00f6bb tucatnyi konfigur\u00e1ci\u00f3t tesztelt\u00fcnk a hossz\u00fafark\u00fa \u00e9s az el\u00f6lt\u00f6lt\u0151s modelljeink k\u00f6z\u00f6tt. \u00cdme, mi befoly\u00e1solja igaz\u00e1n a v\u00e9gsebess\u00e9get:<\/p>\n\n\n\n<figure class=\"wp-block-table\"><table class=\"has-fixed-layout\"><thead><tr><th><strong>T\u00e9nyez\u0151<\/strong><\/th><th><strong>Hat\u00e1s a sebess\u00e9gre<\/strong><\/th><\/tr><\/thead><tbody><tr><td><strong>Motor teljes\u00edtm\u00e9ny<\/strong><\/td><td>T\u00f6bb watt = nagyobb v\u00e9gsebess\u00e9g. 250W \u2248 25 km\/h, 750W \u2248 32+ km\/h<\/td><\/tr><tr><td><strong>Az akkumul\u00e1tor kapacit\u00e1sa<\/strong><\/td><td>A nagyobb fesz\u00fclts\u00e9g \u00e9s az ampert\u00f3r\u00e1k jav\u00edtj\u00e1k a tart\u00f3s cs\u00facssebess\u00e9get<\/td><\/tr><tr><td><strong>Ker\u00e9kp\u00e1r tervez\u00e9s<\/strong><\/td><td>A longtailek gyorsabbak \u00e9s mozg\u00e9konyabbak, mint a h\u00e1romkerek\u0171ek vagy a magas oldalfal\u00fa dobozos ker\u00e9kp\u00e1rok.<\/td><\/tr><tr><td><strong><a href=\"https:\/\/regencargobikes.com\/wp-content\/uploads\/2025\/04\/10-key-facts-affect-cargo-bike-load-capacity.jpg\" data-type=\"attachment\" data-id=\"1061\">Teherb\u00edr\u00e1s<\/a><\/strong><\/td><td>T\u00f6bb rakom\u00e1ny = alacsonyabb gyorsul\u00e1s \u00e9s cs\u00f6kkentett v\u00e9gsebess\u00e9g<\/td><\/tr><tr><td><strong>Terep \u00e9s sz\u00e9l<\/strong><\/td><td>Az emelked\u0151k \u00e9s a szembesz\u00e9l jelent\u0151sen lelass\u00edthat t\u00e9ged<\/td><\/tr><tr><td><strong>Ker\u00e9knyom\u00e1s<\/strong><\/td><td>Az alulnyom\u00e1sos gumiabroncsok cs\u00f6kkentik a sebess\u00e9get \u00e9s a hat\u00f3t\u00e1vols\u00e1got<\/td><\/tr><\/tbody><\/table><\/figure>\n\n\n\n<p>Tov\u00e1bbi olvasm\u00e1nyok \uff1a<a href=\"https:\/\/regencargobikes.com\/hu\/cargo-bike-frame-geometry\/\" data-type=\"post\" data-id=\"374\">A teherker\u00e9kp\u00e1rok v\u00e1zgeometri\u00e1j\u00e1nak meg\u00e9rt\u00e9se \u00e9s annak hat\u00e1sa a kezelhet\u0151s\u00e9gre<\/a><\/p>\n\n\n\n<h2 class=\"wp-block-heading\"><strong>Sebess\u00e9g kontra biztons\u00e1g: Mi a kock\u00e1zat?<\/strong><\/h2>\n\n\n\n<p>Legy\u00fcnk \u0151szint\u00e9k: a teherbiciklik nem versenyker\u00e9kp\u00e1rok. V\u00e1zainkat \u00fagy tervezz\u00fck, hogy <strong>stabilit\u00e1s \u00e9s rakom\u00e1nykezel\u00e9s<\/strong>, nem a sz\u00e1guld\u00f3 sebess\u00e9gek\u00e9rt.<\/p>\n\n\n\n<p>A <strong>t\u00f6bb mint 30 mph (~48 km\/h)<\/strong>, m\u00e9g az enyhe korm\u00e1nymozdulatok is kock\u00e1zatoss\u00e1 v\u00e1lhatnak. A f\u00e9kt\u00e1vols\u00e1g a s\u00faly n\u00f6veked\u00e9s\u00e9vel dr\u00e1maian megn\u0151. Ez\u00e9rt minden Regen teherbringa a k\u00f6vetkez\u0151kkel van felszerelve:<\/p>\n\n\n\n<ul class=\"wp-block-list\">\n<li><strong>Hidraulikus t\u00e1rcsaf\u00e9kek<\/strong> 200 kg+ \u00f6sszterhel\u00e9sre m\u00e9retezett<\/li>\n\n\n\n<li><strong>Felf\u00fcggesztett vill\u00e1k vagy nyeregcs\u00f6vek<\/strong> a stabilit\u00e1s\u00e9rt a g\u00f6r\u00f6ngy\u00f6s utakon<\/li>\n\n\n\n<li><strong>Stabil alum\u00ednium keretek<\/strong> amelyek ellen\u00e1llnak a nagy sebess\u00e9g\u0171 hajl\u00edt\u00e1snak<\/li>\n<\/ul>\n\n\n\n<p>A l\u00e9nyeg? <strong>A sebess\u00e9g izgalmas, de a biztons\u00e1g mindig az els\u0151.<\/strong><\/p>\n\n\n\n<ul class=\"wp-block-list\">\n<li>L\u00e1sd \u00f6sszehasonl\u00edt\u00e1sunkat: <a href=\"https:\/\/regencargobikes.com\/hu\/mechanical-disc-brakes-vs-hydraulic-disc-brakes-in-ecargo-bikes\/\" data-type=\"post\" data-id=\"1047\">Mechanikus t\u00e1rcsaf\u00e9kek vs. hidraulikus t\u00e1rcsaf\u00e9kek elektromos ker\u00e9kp\u00e1rokban \u00e9s teherker\u00e9kp\u00e1rokban<\/a> <\/li>\n\n\n\n<li>Ismerje meg <a href=\"https:\/\/regencargobikes.com\/hu\/frame-strength-what-determines-durability\/\" data-type=\"post\" data-id=\"1160\">V\u00e1zszil\u00e1rds\u00e1g: Mi hat\u00e1rozza meg a tart\u00f3ss\u00e1got?<\/a><\/li>\n<\/ul>\n\n\n\n<h2 class=\"wp-block-heading\"><strong>A n\u00e9pszer\u0171 Cargo E-Bike-ok \u00f6sszehasonl\u00edt\u00e1sa (bele\u00e9rtve a mi\u00e9nket is)<\/strong><\/h2>\n\n\n\n<p>Itt van egy egym\u00e1s melletti top-selling teher ker\u00e9kp\u00e1rok :<\/p>\n\n\n\n<figure class=\"wp-block-table\"><table class=\"has-fixed-layout\"><thead><tr><th><strong>Modell<\/strong><\/th><th><strong>Motor (W)<\/strong><\/th><th><strong>Legnagyobb sebess\u00e9g<\/strong><\/th><th><strong>Oszt\u00e1ly<\/strong><\/th><th><strong>Megjegyz\u00e9sek<\/strong><\/th><\/tr><\/thead><tbody><tr><td><strong>Gunai GN66<\/strong><\/td><td>1,000<\/td><td>~45 km\/h<\/td><td>Speed-pedelec<\/td><td>Nagy teljes\u00edtm\u00e9ny\u0171, mag\u00e1nutakhoz vagy sz\u00e1ll\u00edt\u00e1si flott\u00e1khoz alkalmas<\/td><\/tr><tr><td><strong>Riese &amp; M\u00fcller Load 75<\/strong><\/td><td>500-850<\/td><td>45 km\/h-ig<\/td><td>Speed-pedelec<\/td><td>Kett\u0151s felf\u00fcggeszt\u00e9s, kett\u0151s akkumul\u00e1tor<\/td><\/tr><tr><td><strong>Longtail 750 Pro<\/strong><\/td><td>750<\/td><td>32-38 km\/h<\/td><td>2. oszt\u00e1ly\/P sebess\u00e9g-P<\/td><td>A kateg\u00f3ria legjobb hat\u00f3t\u00e1vols\u00e1ga \u00e9s gyorsul\u00e1sa<\/td><\/tr><tr><td><strong>Lectric XPedition<\/strong><\/td><td>750<\/td><td>32 km\/h<\/td><td>2. oszt\u00e1ly<\/td><td>K\u00f6v\u00e9r gumik, megfizethet\u0151 a csal\u00e1dok sz\u00e1m\u00e1ra<\/td><\/tr><tr><td><strong>Decathlon R500E<\/strong><\/td><td>250<\/td><td>25 km\/h<\/td><td>EU Pedelec<\/td><td>Nagyszer\u0171 bel\u00e9p\u0151 szint\u0171 opci\u00f3<\/td><\/tr><\/tbody><\/table><\/figure>\n\n\n\n<p>Nem tudja, melyik teherbicikli t\u00edpus illik \u00d6nh\u00f6z? L\u00e1sd: <a href=\"https:\/\/regencargobikes.com\/hu\/types-of-cargo-bike\/\" data-type=\"post\" data-id=\"376\">H\u00e1ny k\u00fcl\u00f6nb\u00f6z\u0151 t\u00edpus\u00fa teherbicikli l\u00e9tezik?<\/a><\/p>\n\n\n\n<h2 class=\"wp-block-heading\"><strong>Ker\u00e9kp\u00e1rsebess\u00e9g \u00e9s haszn\u00e1lati esetek (vizu\u00e1lis \u00f6sszefoglal\u00f3)<\/strong><\/h2>\n\n\n\n<figure class=\"wp-block-table\"><table class=\"has-fixed-layout\"><thead><tr><th><strong>Sebess\u00e9g tartom\u00e1ny<\/strong><\/th><th><strong>Ker\u00e9kp\u00e1r oszt\u00e1ly<\/strong><\/th><th><strong>Gyakori felhaszn\u00e1l\u00e1si esetek<\/strong><\/th><\/tr><\/thead><tbody><tr><td>\u2264 25 km\/h<\/td><td>Pedelec<\/td><td>Iskolai fut\u00e1sok, bev\u00e1s\u00e1rl\u00e1sok, v\u00e1rosi \u00fcgyint\u00e9z\u00e9s<\/td><\/tr><tr><td>25-32 km\/h<\/td><td>2. oszt\u00e1ly \/ 750W<\/td><td>K\u00f6nny\u0171 tehersz\u00e1ll\u00edt\u00e1s, el\u0151v\u00e1rosi ing\u00e1z\u00e1s<\/td><\/tr><tr><td>32-45 km\/h<\/td><td>Speed Pedelec<\/td><td>Fut\u00e1rszolg\u00e1latok, t\u00e1vols\u00e1gi k\u00e9zbes\u00edt\u00e9s<\/td><\/tr><\/tbody><\/table><\/figure>\n\n\n\n<h2 class=\"wp-block-heading\"><strong>Tippek az Regen-t\u0151l: Hogyan menj\u00fcnk gyorsabban, biztons\u00e1gosan?<\/strong><\/h2>\n\n\n\n<p>Szeretn\u00e9 n\u00f6velni e-cargo ker\u00e9kp\u00e1rja sebess\u00e9g\u00e9t, mik\u00f6zben a biztons\u00e1gos hat\u00e1r\u00e9rt\u00e9keken bel\u00fcl marad? \u00cdme a tan\u00e1csunk:<\/p>\n\n\n\n<ul class=\"wp-block-list\">\n<li><strong>Friss\u00edt\u00e9s 750W-os k\u00f6z\u00e9phajt\u00e1s\u00fa motorra<\/strong> ha a helyi t\u00f6rv\u00e9nyek lehet\u0151v\u00e9 teszik<\/li>\n\n\n\n<li><strong>Haszn\u00e1lja akt\u00edvan a ped\u00e1lseg\u00e9det<\/strong> a csak motoros sebess\u00e9g meghalad\u00e1s\u00e1ra<\/li>\n\n\n\n<li><strong>Fektessen be megfelel\u0151 gumiabroncsokba \u00e9s f\u00e9krendszerekbe<\/strong>-f\u0151leg nehezebb rakom\u00e1ny eset\u00e9n<\/li>\n\n\n\n<li><strong>Egyszer\u0171s\u00edtett rakod\u00e1si be\u00e1ll\u00edt\u00e1s haszn\u00e1lata<\/strong> (nincsenek t\u00falny\u00fal\u00f3 dobozok vagy magas panelek)<\/li>\n\n\n\n<li><strong>Ne terhelje t\u00fal a h\u00e1ts\u00f3 csomagtart\u00f3t<\/strong>-egyenletes egyens\u00faly sz\u00e1m\u00edt nagyobb sebess\u00e9gn\u00e9l<\/li>\n<\/ul>\n\n\n\n<p>L\u00e1ttuk, hogy a k\u00e9zbes\u00edt\u0151 csapatok az \u00fatvonalak hat\u00e9konys\u00e1g\u00e1t a k\u00f6vetkez\u0151kkel n\u00f6velik <strong>35%<\/strong> csup\u00e1n a gumiabroncsnyom\u00e1s, a rakom\u00e1ny s\u00faly\u00e1nak \u00e9s a vezet\u00e9si technik\u00e1nak az optimaliz\u00e1l\u00e1s\u00e1val - a motor megv\u00e1ltoztat\u00e1sa n\u00e9lk\u00fcl.<\/p>\n\n\n\n<hr class=\"wp-block-separator has-alpha-channel-opacity\"\/>\n\n\n\n<h2 class=\"wp-block-heading\"><strong> A legfontosabb tudnival\u00f3k<\/strong><\/h2>\n\n\n\n<ul class=\"wp-block-list\">\n<li>A legt\u00f6bb e-cargo ker\u00e9kp\u00e1r jogilag a k\u00f6vetkez\u0151kre korl\u00e1toz\u00f3dik <strong>25-32 km\/h<\/strong> a helyt\u0151l f\u00fcgg\u0151en<\/li>\n\n\n\n<li>A megfelel\u0151 be\u00e1ll\u00edt\u00e1ssal a sebess\u00e9gek <strong>45 km\/h<\/strong> el\u00e9rhet\u0151k, de sz\u00fcks\u00e9g van egy sebess\u00e9g pedelec oszt\u00e1lyoz\u00e1sra<\/li>\n\n\n\n<li>A val\u00f3s utaz\u00f3sebess\u00e9gek \u00e1ltal\u00e1ban a <strong>20-28 km\/h<\/strong>, amely egyens\u00falyt teremt a sebess\u00e9g, a biztons\u00e1g \u00e9s a kezelhet\u0151s\u00e9g k\u00f6z\u00f6tt<\/li>\n\n\n\n<li>A ker\u00e9kp\u00e1r konfigur\u00e1ci\u00f3ja, a rakom\u00e1ny, a terep, s\u0151t m\u00e9g a ker\u00e9kp\u00e1ros s\u00falya is szerepet j\u00e1tszik.<\/li>\n\n\n\n<li>Az Regen-n\u00e9l nem a nyers sebess\u00e9gre tervezz\u00fck a ker\u00e9kp\u00e1rokat, hanem arra, hogy <strong>biztons\u00e1gos, hat\u00e9kony sz\u00e1ll\u00edt\u00e1s, amely z\u00f6kken\u0151mentesen mozgatja v\u00e1llalkoz\u00e1s\u00e1t vagy \u00e9letvitel\u00e9t.<\/strong><\/li>\n<\/ul>\n\n\n\n<h2 class=\"wp-block-heading\"><strong>Referenci\u00e1k<\/strong><\/h2>\n\n\n\n<ol start=\"1\" class=\"wp-block-list\">\n<li><a href=\"https:\/\/eur-lex.europa.eu\/legal-content\/EN\/TXT\/?uri=CELEX%3A32013R0168\" target=\"_blank\" rel=\"noopener\">168\/2013\/EU rendelet<\/a><\/li>\n\n\n\n<li><a href=\"https:\/\/www.peopleforbikes.org\/electric-bikes\/policies\" target=\"_blank\" rel=\"noopener\">PeopleForBikes - E-Bike oszt\u00e1lyok<\/a><\/li>\n\n\n\n<li><a href=\"https:\/\/www.decathlon.co.uk\/p\/longtail-cargo-e-bike-r500-electric\/_\/R-p-336237\" target=\"_blank\" rel=\"noopener\">Decathlon R500E m\u0171szaki adatok<\/a><\/li>\n\n\n\n<li><a href=\"https:\/\/cleantechnica.com\/2023\/06\/15\/lectric-xpedition-cargo-ebike-review\/\" target=\"_blank\" rel=\"noopener\">CleanTechnica fel\u00fclvizsg\u00e1lat a Lectric XPeditionr\u0151l<\/a><\/li>\n\n\n\n<li><a href=\"https:\/\/www.bikeradar.com\/news\/yamaha-electric-cargo-bike\/\" target=\"_blank\" rel=\"noopener\">Giant\/Yamaha Cargo E-Bike bevezet\u00e9se<\/a><\/li>\n\n\n\n<li><a href=\"https:\/\/urbanarrow.com\" target=\"_blank\" rel=\"noopener\">Urban Arrow Tender flotta felhaszn\u00e1l\u00e1si esetei<\/a><\/li>\n\n\n\n<li><a href=\"https:\/\/www.alibaba.com\/product-detail\/1000w-cargo-bike_1600780935471.html\" target=\"_blank\" rel=\"noopener\">Gunai GN66 term\u00e9klista<\/a><\/li>\n\n\n\n<li><a href=\"https:\/\/www.r-m.de\/en-us\/models\/load-75\/\" target=\"_blank\" rel=\"noopener\">Riese &amp; M\u00fcller Load 75 m\u0171szaki adatok<\/a><\/li>\n<\/ol>\n\n\n\n<hr class=\"wp-block-separator has-alpha-channel-opacity\"\/>\n\n\n\n<p><strong>Szeretne t\u00f6bbet megtudni vagy kipr\u00f3b\u00e1lni az Regen leg\u00fajabb longtail vagy trike modelljeit?<\/strong><\/p>\n\n\n\n<p>L\u00e9pjen kapcsolatba vel\u00fcnk b\u00e1rmikor - m\u00e9rn\u00f6ki csapatunk sz\u00edvesen seg\u00edt \u00d6nnek, hogy melyik sebess\u00e9gbe\u00e1ll\u00edt\u00e1s illik az \u00d6n \u00fatvonal\u00e1hoz, terepviszonyaihoz \u00e9s a helyi t\u00f6rv\u00e9nyekhez.<\/p>\n\n\n\t\t<div data-elementor-type=\"section\" data-elementor-id=\"1591\" class=\"elementor elementor-1591\" data-elementor-post-type=\"elementor_library\">\n\t\t\t<div class=\"elementor-element elementor-element-8afca32 e-flex e-con-boxed e-con e-parent\" data-id=\"8afca32\" data-element_type=\"container\" data-e-type=\"container\" data-settings=\"{&quot;background_background&quot;:&quot;classic&quot;,&quot;ekit_has_onepagescroll_dot&quot;:&quot;yes&quot;}\">\n\t\t\t\t\t<div class=\"e-con-inner\">\n\t\t<div class=\"elementor-element elementor-element-24ec346 e-con-full e-flex e-con e-child\" data-id=\"24ec346\" data-element_type=\"container\" data-e-type=\"container\" data-settings=\"{&quot;background_background&quot;:&quot;classic&quot;,&quot;ekit_has_onepagescroll_dot&quot;:&quot;yes&quot;}\">\n\t\t\t\t<div class=\"elementor-element elementor-element-6b475eec elementor-absolute elementor-widget elementor-widget-image\" data-id=\"6b475eec\" data-element_type=\"widget\" data-e-type=\"widget\" data-settings=\"{&quot;_position&quot;:&quot;absolute&quot;}\" data-widget_type=\"image.default\">\n\t\t\t\t<div class=\"elementor-widget-container\">\n\t\t\t\t\t\t\t\t\t\t\t\t\t\t\t<img decoding=\"async\" width=\"800\" height=\"450\" src=\"https:\/\/regencargobikes.com\/wp-content\/uploads\/2025\/03\/RT.651.webp\" class=\"attachment-large size-large wp-image-1522\" alt=\"\" srcset=\"https:\/\/regencargobikes.com\/wp-content\/uploads\/2025\/03\/RT.651.webp 1000w, https:\/\/regencargobikes.com\/wp-content\/uploads\/2025\/03\/RT.651-300x169.webp 300w, https:\/\/regencargobikes.com\/wp-content\/uploads\/2025\/03\/RT.651-768x432.webp 768w, https:\/\/regencargobikes.com\/wp-content\/uploads\/2025\/03\/RT.651-18x10.webp 18w\" sizes=\"(max-width: 800px) 100vw, 800px\" \/>\t\t\t\t\t\t\t\t\t\t\t\t\t\t\t<\/div>\n\t\t\t\t<\/div>\n\t\t\t\t<div class=\"elementor-element elementor-element-48fc00c2 elementor-widget elementor-widget-image\" data-id=\"48fc00c2\" data-element_type=\"widget\" data-e-type=\"widget\" data-widget_type=\"image.default\">\n\t\t\t\t<div class=\"elementor-widget-container\">\n\t\t\t\t\t\t\t\t\t\t\t\t\t\t\t<img decoding=\"async\" width=\"533\" height=\"330\" src=\"https:\/\/regencargobikes.com\/wp-content\/uploads\/2025\/04\/New-1.png\" class=\"attachment-large size-large wp-image-436\" alt=\"\" srcset=\"https:\/\/regencargobikes.com\/wp-content\/uploads\/2025\/04\/New-1.png 533w, https:\/\/regencargobikes.com\/wp-content\/uploads\/2025\/04\/New-1-300x186.png 300w\" sizes=\"(max-width: 533px) 100vw, 533px\" \/>\t\t\t\t\t\t\t\t\t\t\t\t\t\t\t<\/div>\n\t\t\t\t<\/div>\n\t\t\t\t<\/div>\n\t\t<div class=\"elementor-element elementor-element-25aa7a08 e-con-full e-flex e-con e-child\" data-id=\"25aa7a08\" data-element_type=\"container\" data-e-type=\"container\" data-settings=\"{&quot;ekit_has_onepagescroll_dot&quot;:&quot;yes&quot;}\">\n\t\t\t\t<div class=\"elementor-element elementor-element-3d854eb8 elementor-widget elementor-widget-elementskit-heading\" data-id=\"3d854eb8\" data-element_type=\"widget\" data-e-type=\"widget\" data-widget_type=\"elementskit-heading.default\">\n\t\t\t\t<div class=\"elementor-widget-container\">\n\t\t\t\t\t<div class=\"ekit-wid-con\" ><div class=\"ekit-heading elementskit-section-title-wraper text_left   ekit_heading_tablet-   ekit_heading_mobile-text_center\"><p class=\"elementskit-section-subtitle\">\n\t\t\t\t\t\tCsak 20 MOQ ker\u00e9kp\u00e1r a kezd\u00e9shez \n\t\t\t\t\t<\/p><p class=\"ekit-heading--title elementskit-section-title\">Testreszabhat\u00f3 E-Cargo ker\u00e9kp\u00e1r - RS01 <\/p>\t\t\t\t<div class='ekit-heading__description'>\n\t\t\t\t\t<p class=\"p2\">Ak\u00e1r egy n\u00f6vekv\u0151 m\u00e1rka, ak\u00e1r egy szomsz\u00e9dos \u00fczlet, nagy teherb\u00edr\u00e1s\u00fa teherbiciklijeink jelentik az \u00d6n bel\u00e9p\u0151jegy\u00e9t a k\u00f6rnyezetbar\u00e1t sz\u00e1ll\u00edt\u00e1s vir\u00e1gz\u00f3 vil\u00e1g\u00e1ba. Induljunk!<\/p>\n\t\t\t\t<\/div>\n\t\t\t<\/div><\/div>\t\t\t\t<\/div>\n\t\t\t\t<\/div>\n\t\t\t\t<div class=\"elementor-element elementor-element-137412e2 elementor-align-left elementor-align--mobilecenter elementor-widget elementor-widget-elementskit-button\" data-id=\"137412e2\" data-element_type=\"widget\" data-e-type=\"widget\" data-widget_type=\"elementskit-button.default\">\n\t\t\t\t<div class=\"elementor-widget-container\">\n\t\t\t\t\t<div class=\"ekit-wid-con\" >\t\t<div class=\"ekit-btn-wraper\">\n\t\t\t\t\t\t\t<a href=\"#elementor-action%3Aaction%3Dpopup%3Aopen%26settings%3DeyJpZCI6IjczNCIsInRvZ2dsZSI6ZmFsc2V9\" class=\"elementskit-btn  whitespace--normal\" id=\"\">\n\t\t\t\t\tAj\u00e1nlatk\u00e9r\u00e9s\t\t\t\t<\/a>\n\t\t\t\t\t<\/div>\n        <\/div>\t\t\t\t<\/div>\n\t\t\t\t<\/div>\n\t\t\t\t<\/div>\n\t\t\t\t\t<\/div>\n\t\t\t\t<\/div>\n\t\t\t\t<\/div>","protected":false},"excerpt":{"rendered":"<p>At Regen, we often get asked a deceptively simple question: \u201cHow fast can your electric cargo bike go?\u201d It\u2019s a fair question\u2014and an important one. Whether you\u2019re commuting, delivering goods, or riding for leisure, speed affects not just efficiency, but legality, safety, and riding comfort. So today, we\u2019re taking you behind the handlebars and into [&hellip;]<\/p>\n","protected":false},"author":2,"featured_media":1595,"comment_status":"open","ping_status":"closed","sticky":false,"template":"","format":"standard","meta":{"footnotes":""},"categories":[2,30],"tags":[],"class_list":["post-1600","post","type-post","status-publish","format-standard","has-post-thumbnail","hentry","category-knowledge","category-blog"],"_links":{"self":[{"href":"https:\/\/regencargobikes.com\/hu\/wp-json\/wp\/v2\/posts\/1600","targetHints":{"allow":["GET"]}}],"collection":[{"href":"https:\/\/regencargobikes.com\/hu\/wp-json\/wp\/v2\/posts"}],"about":[{"href":"https:\/\/regencargobikes.com\/hu\/wp-json\/wp\/v2\/types\/post"}],"author":[{"embeddable":true,"href":"https:\/\/regencargobikes.com\/hu\/wp-json\/wp\/v2\/users\/2"}],"replies":[{"embeddable":true,"href":"https:\/\/regencargobikes.com\/hu\/wp-json\/wp\/v2\/comments?post=1600"}],"version-history":[{"count":2,"href":"https:\/\/regencargobikes.com\/hu\/wp-json\/wp\/v2\/posts\/1600\/revisions"}],"predecessor-version":[{"id":1602,"href":"https:\/\/regencargobikes.com\/hu\/wp-json\/wp\/v2\/posts\/1600\/revisions\/1602"}],"wp:featuredmedia":[{"embeddable":true,"href":"https:\/\/regencargobikes.com\/hu\/wp-json\/wp\/v2\/media\/1595"}],"wp:attachment":[{"href":"https:\/\/regencargobikes.com\/hu\/wp-json\/wp\/v2\/media?parent=1600"}],"wp:term":[{"taxonomy":"category","embeddable":true,"href":"https:\/\/regencargobikes.com\/hu\/wp-json\/wp\/v2\/categories?post=1600"},{"taxonomy":"post_tag","embeddable":true,"href":"https:\/\/regencargobikes.com\/hu\/wp-json\/wp\/v2\/tags?post=1600"}],"curies":[{"name":"wp","href":"https:\/\/api.w.org\/{rel}","templated":true}]}}