{"id":1619,"date":"2025-07-02T16:39:15","date_gmt":"2025-07-02T08:39:15","guid":{"rendered":"https:\/\/regencargobikes.com\/?p=1619"},"modified":"2025-07-02T16:40:41","modified_gmt":"2025-07-02T08:40:41","slug":"ebike-tire-size-etroto-and-psi","status":"publish","type":"post","link":"https:\/\/regencargobikes.com\/hu\/ebike-tire-size-etroto-and-psi\/","title":{"rendered":"Hogyan olvassuk el az eBike gumiabroncsok specifik\u00e1ci\u00f3it: ETRTO \u00e9s PSI magyar\u00e1zata"},"content":{"rendered":"<p>A megfelel\u0151 gumiabroncs kiv\u00e1laszt\u00e1sa az eBike-odhoz nem csak arr\u00f3l sz\u00f3l, hogy megtal\u00e1ld a megfelel\u0151 m\u00e9retet, amely \"j\u00f3l n\u00e9z ki\". A gumiabroncs oldalfal\u00e1ra nyomtatott sz\u00e1mok \u00e9s jel\u00f6l\u00e9sek megfejt\u00e9s\u00e9t is mag\u00e1ban foglalja, amelyek a m\u00e9retet, a szerkezetet, a nyom\u00e1startom\u00e1nyt \u00e9s a nemzetk\u00f6zi szabv\u00e1nyokat jel\u00f6lik. A k\u00fcl\u00f6nb\u00f6z\u0151 terhel\u00e9sek \u00e9s terepviszonyok k\u00f6z\u00f6tt k\u00f6zleked\u0151 teherbring\u00e1k \u00e9s eBike-ok eset\u00e9ben ez a tud\u00e1s kritikus fontoss\u00e1g\u00fa a biztons\u00e1gos, hat\u00e9kony \u00e9s hossz\u00fa t\u00e1v\u00fa teljes\u00edtm\u00e9ny biztos\u00edt\u00e1s\u00e1hoz.<\/p>\n\n\n\n<p>Ebben a cikkben v\u00e9gigvezetj\u00fck \u00d6nt:<\/p>\n\n\n\n<ul class=\"wp-block-list\">\n<li>Hogyan kell leolvasni a gumiabroncs m\u00e9ret\u00e9t (h\u00fcvelykes \u00e9s metrikus rendszerek)<\/li>\n\n\n\n<li>Mit jelentenek az ETRTO-sz\u00e1mok \u00e9s mi\u00e9rt fontosak?<\/li>\n\n\n\n<li>Aj\u00e1nlott gumiabroncsnyom\u00e1s (PSI\/bar) \u00e9s annak be\u00e1ll\u00edt\u00e1sa<\/li>\n\n\n\n<li>Gyakorlati p\u00e9ld\u00e1k a leggyakoribb eBike \u00e9s teherbicikli gumiabroncsm\u00e9retekre<\/li>\n<\/ul>\n\n\n\n<h2 class=\"wp-block-heading\">Mi\u00e9rt fontos a gumiabroncsm\u00e9ret ismerete<\/h2>\n\n\n\n<p>A gumiabroncsok az eBike egyetlen olyan r\u00e9sze, amely \u00e9rinti a talajt. Ha elrontja \u0151ket, akkor szembes\u00fclhet:<\/p><div class=\"regen-test-placement-from-wizard-1604397851\" id=\"regen-2601150967\"><script async src=\"https:\/\/pagead2.googlesyndication.com\/pagead\/js\/adsbygoogle.js?client=ca-pub-1076230867169041\"\n     crossorigin=\"anonymous\"><\/script><\/div><div class=\"regen-test-placement-from-wizard-2878267818\" id=\"regen-211135603\"><script async src=\"https:\/\/pagead2.googlesyndication.com\/pagead\/js\/adsbygoogle.js?client=ca-pub-1076230867169041\"\n     crossorigin=\"anonymous\"><\/script><\/div>\n\n\n\n<ul class=\"wp-block-list\">\n<li><strong>Gyenge teljes\u00edtm\u00e9ny:<\/strong>\u00a0Lass\u00fa gyorsul\u00e1s, cs\u00f6kkentett hat\u00f3t\u00e1vols\u00e1g<\/li>\n\n\n\n<li><strong>Biztons\u00e1gi vesz\u00e9lyek:<\/strong>\u00a0Felf\u00fav\u00f3d\u00e1s, felni meghib\u00e1sod\u00e1s, tapad\u00e1s hi\u00e1nya<\/li>\n\n\n\n<li><strong>\u00d6sszef\u00e9rhetetlens\u00e9g:<\/strong>\u00a0A gumiabroncs nem illeszkedik a felnire, s\u00farl\u00f3dik a v\u00e1zon, vagy nem tudja fenntartani a l\u00e9gnyom\u00e1st.<\/li>\n<\/ul>\n\n\n\n<p>K\u00fcl\u00f6n\u00f6sen a teherbring\u00e1k eset\u00e9ben, ahol a terhel\u00e9s s\u00falya sokkal nagyobb, mint a norm\u00e1l ker\u00e9kp\u00e1rok\u00e9, a gumiabroncsok specifik\u00e1ci\u00f3i k\u00f6zvetlen\u00fcl befoly\u00e1solj\u00e1k a teherb\u00edr\u00e1st, a f\u00e9kt\u00e1vols\u00e1got \u00e9s az \u00fattart\u00e1st.<\/p>\n\n\n\n<hr class=\"wp-block-separator has-alpha-channel-opacity\"\/>\n\n\n\n<h2 class=\"wp-block-heading\">1. Inch-alap\u00fa vs metrikus gumiabroncs m\u00e9retez\u00e9s - K\u00e9tf\u00e9lek\u00e9ppen \u00edrj\u00e1k az Ebike gumiabroncs m\u00e9reteket<\/h2>\n\n\n\n<h3 class=\"wp-block-heading\">A h\u00fcvelykes rendszer (pl. 26\u00d72,0):<\/h3>\n\n\n\n<p>Ez a hagyom\u00e1nyos m\u00e9retez\u00e9si m\u00f3dszer a gumiabroncs k\u00fcls\u0151 \u00e1tm\u00e9r\u0151j\u00e9t \u00e9s sz\u00e9less\u00e9g\u00e9t mutatja h\u00fcvelykben. P\u00e9ld\u00e1ul:<\/p>\n\n\n\n<ul class=\"wp-block-list\">\n<li><strong>26\u00d72.0<\/strong>\u00a0azt jelenti, hogy a gumiabroncs k\u00fcls\u0151 \u00e1tm\u00e9r\u0151je 26 h\u00fcvelyk, sz\u00e9less\u00e9ge pedig 2,0 h\u00fcvelyk.<\/li>\n\n\n\n<li><strong>27.5\u00d72.4<\/strong>\u00a0vagy\u00a0<strong>29\u00d72.6<\/strong>\u00a0ugyanezt a logik\u00e1t k\u00f6vetik.<\/li>\n<\/ul>\n\n\n\n<p>B\u00e1r intuit\u00edv, ez a rendszer m\u00e1rk\u00e1nk\u00e9nt nem k\u00f6vetkezetes, mivel a \"26 h\u00fcvelyk\" nem felt\u00e9tlen\u00fcl a pontos k\u00fcls\u0151 \u00e1tm\u00e9r\u0151re utal a felni \u00e9s a gy\u00f6ngyh\u00e1z\u00fcl\u00e9s k\u00fcl\u00f6nbs\u00e9gei miatt.<\/p>\n\n\n\n<h3 class=\"wp-block-heading\">A metrikus\/ETRTO rendszer (pl. 50-559):<\/h3>\n\n\n\n<p>Ez a rendszer, amelyet az Eur\u00f3pai Abroncs- \u00e9s Felni-technikai Szervezet (ETRTO) hozott l\u00e9tre, nagyobb pontoss\u00e1got k\u00edn\u00e1l. Megmutatja:<\/p>\n\n\n\n<ul class=\"wp-block-list\">\n<li><strong>A gumiabroncs sz\u00e9less\u00e9ge millim\u00e9terben<\/strong>\u00a0(els\u0151 sz\u00e1m)<\/li>\n\n\n\n<li><strong>Gy\u00f6ngyh\u00e1z \u00e1tm\u00e9r\u0151 (BSD)<\/strong>\u00a0millim\u00e9terben (m\u00e1sodik sz\u00e1m)<\/li>\n<\/ul>\n\n\n\n<p><strong>P\u00e9lda:<\/strong><\/p>\n\n\n\n<ul class=\"wp-block-list\">\n<li><strong>50-559<\/strong>: 50mm sz\u00e9less\u00e9g, 559mm gy\u00f6ngyh\u00e1z \u00e1tm\u00e9r\u0151 (26\u00d72.0-nak megfelel\u0151)<\/li>\n\n\n\n<li><strong>55-406<\/strong>: 55mm sz\u00e9less\u00e9g, 406mm BSD (gyakran l\u00e1that\u00f3 20\u2033-os teherbring\u00e1kban)<\/li>\n<\/ul>\n\n\n\n<p><strong>Mi\u00e9rt fontos az ETRTO:<\/strong><\/p>\n\n\n\n<ul class=\"wp-block-list\">\n<li>Biztos\u00edtja a gumiabroncs \u00e9s a felni k\u00f6z\u00f6tti kompatibilit\u00e1st<\/li>\n\n\n\n<li>Elker\u00fcli a hasonl\u00f3 kin\u00e9zet\u0171, de nem kompatibilis m\u00e9retek \u00f6sszet\u00e9veszt\u00e9s\u00e9t.<\/li>\n\n\n\n<li>Fontos a gumiabroncst\u00edpusok (k\u00f6v\u00e9r\/slick\/knobby) v\u00e1lt\u00e1sakor.<\/li>\n<\/ul>\n\n\n\n<p>Ha komoly ker\u00e9kp\u00e1rboltban vagy web\u00e1ruh\u00e1zban v\u00e1s\u00e1rol, az ETRTO sz\u00e1mok seg\u00edtenek elker\u00fclni a kompatibilit\u00e1si probl\u00e9m\u00e1kat.<\/p>\n\n\n\n<figure class=\"wp-block-image size-full\"><img fetchpriority=\"high\" decoding=\"async\" width=\"800\" height=\"668\" src=\"https:\/\/regencargobikes.com\/wp-content\/uploads\/2025\/07\/ETRTO-size-markings-on-the-tire-sidewall-50-559-or-40-622-etc.-clearly-showing-width-and-BSD-diameter.webp\" alt=\"ETRTO m\u00e9retjel\u00f6l\u00e9s a gumiabroncs oldalfal\u00e1n (50-559 vagy 40-622 stb.), amely egy\u00e9rtelm\u0171en jelzi a sz\u00e9less\u00e9get \u00e9s a BSD \u00e1tm\u00e9r\u0151t.\" class=\"wp-image-1620\" srcset=\"https:\/\/regencargobikes.com\/wp-content\/uploads\/2025\/07\/ETRTO-size-markings-on-the-tire-sidewall-50-559-or-40-622-etc.-clearly-showing-width-and-BSD-diameter.webp 800w, https:\/\/regencargobikes.com\/wp-content\/uploads\/2025\/07\/ETRTO-size-markings-on-the-tire-sidewall-50-559-or-40-622-etc.-clearly-showing-width-and-BSD-diameter-300x251.webp 300w, https:\/\/regencargobikes.com\/wp-content\/uploads\/2025\/07\/ETRTO-size-markings-on-the-tire-sidewall-50-559-or-40-622-etc.-clearly-showing-width-and-BSD-diameter-768x641.webp 768w, https:\/\/regencargobikes.com\/wp-content\/uploads\/2025\/07\/ETRTO-size-markings-on-the-tire-sidewall-50-559-or-40-622-etc.-clearly-showing-width-and-BSD-diameter-14x12.webp 14w\" sizes=\"(max-width: 800px) 100vw, 800px\" \/><figcaption class=\"wp-element-caption\">ETRTO m\u00e9retjel\u00f6l\u00e9s a gumiabroncs oldalfal\u00e1n (50-559 vagy 40-622 stb.), amely egy\u00e9rtelm\u0171en jelzi a sz\u00e9less\u00e9get \u00e9s a BSD \u00e1tm\u00e9r\u0151t.<\/figcaption><\/figure>\n\n\n\n<hr class=\"wp-block-separator has-alpha-channel-opacity\"\/>\n\n\n\n<h2 class=\"wp-block-heading\">2. Gyakori eBike \u00e9s Cargo Bike gumiabroncsm\u00e9retek (p\u00e9ld\u00e1k)<\/h2>\n\n\n\n<figure class=\"wp-block-table\"><table class=\"has-fixed-layout\"><tbody><tr><th>ETRTO<\/th><th>Inch c\u00edmke<\/th><th>Tipikus haszn\u00e1lat<\/th><\/tr><tr><td>50-559<\/td><td>26\u00d72.0<\/td><td>Norm\u00e1l eBike\/MTB v\u00e1rosi haszn\u00e1latra<\/td><\/tr><tr><td>55-406<\/td><td>20\u00d72.15<\/td><td>Longtail teher ker\u00e9kp\u00e1r h\u00e1ts\u00f3 ker\u00e9k<\/td><\/tr><tr><td>60-584<\/td><td>27.5\u00d72.4<\/td><td>Teljes m\u00e9ret\u0171 cargo eBike els\u0151 kerekek<\/td><\/tr><tr><td>62-203<\/td><td>12.5\u00d72.5<\/td><td>Kis e-trike vagy els\u0151 korm\u00e1nyker\u00e9k<\/td><\/tr><tr><td>50-622<\/td><td>700x50C<\/td><td>Gyorsan gurul\u00f3 v\u00e1rosi eBike-ok<\/td><\/tr><\/tbody><\/table><\/figure>\n\n\n\n<p>Mindk\u00e9t m\u00e9retrendszer ismerete seg\u00edt elker\u00fclni az elt\u00e9r\u00e9seket a csere vagy friss\u00edt\u00e9s v\u00e1s\u00e1rl\u00e1sakor.<\/p>\n\n\n\n<figure class=\"wp-block-image size-full\"><img decoding=\"async\" width=\"900\" height=\"600\" src=\"https:\/\/regencargobikes.com\/wp-content\/uploads\/2025\/07\/ebike-tire-size-guide-.jpg\" alt=\"A h\u00fcvelyk alap\u00fa \u00e9s a metrikus\/ETRTO abroncsm\u00e9retez\u00e9s \u00f6sszehasonl\u00edt\u00e1sa az \u00e1tm\u00e9r\u0151, a sz\u00e9less\u00e9g \u00e9s az abroncsszeg\u00e9ly \u00e1tm\u00e9r\u0151j\u00e9nek megjegyz\u00e9seivel.\" class=\"wp-image-1623\" srcset=\"https:\/\/regencargobikes.com\/wp-content\/uploads\/2025\/07\/ebike-tire-size-guide-.jpg 900w, https:\/\/regencargobikes.com\/wp-content\/uploads\/2025\/07\/ebike-tire-size-guide--300x200.jpg 300w, https:\/\/regencargobikes.com\/wp-content\/uploads\/2025\/07\/ebike-tire-size-guide--768x512.jpg 768w, https:\/\/regencargobikes.com\/wp-content\/uploads\/2025\/07\/ebike-tire-size-guide--18x12.jpg 18w\" sizes=\"(max-width: 900px) 100vw, 900px\" \/><figcaption class=\"wp-element-caption\"><br><br>A h\u00fcvelyk alap\u00fa \u00e9s a metrikus\/ETRTO abroncsm\u00e9retez\u00e9s \u00f6sszehasonl\u00edt\u00e1sa az \u00e1tm\u00e9r\u0151, a sz\u00e9less\u00e9g \u00e9s az abroncsszeg\u00e9ly \u00e1tm\u00e9r\u0151j\u00e9nek megjegyz\u00e9seivel.<\/figcaption><\/figure>\n\n\n\t\t<div data-elementor-type=\"section\" data-elementor-id=\"1591\" class=\"elementor elementor-1591\" data-elementor-post-type=\"elementor_library\">\n\t\t\t<div class=\"elementor-element elementor-element-8afca32 e-flex e-con-boxed e-con e-parent\" data-id=\"8afca32\" data-element_type=\"container\" data-e-type=\"container\" data-settings=\"{&quot;background_background&quot;:&quot;classic&quot;,&quot;ekit_has_onepagescroll_dot&quot;:&quot;yes&quot;}\">\n\t\t\t\t\t<div class=\"e-con-inner\">\n\t\t<div class=\"elementor-element elementor-element-24ec346 e-con-full e-flex e-con e-child\" data-id=\"24ec346\" data-element_type=\"container\" data-e-type=\"container\" data-settings=\"{&quot;background_background&quot;:&quot;classic&quot;,&quot;ekit_has_onepagescroll_dot&quot;:&quot;yes&quot;}\">\n\t\t\t\t<div class=\"elementor-element elementor-element-6b475eec elementor-absolute elementor-widget elementor-widget-image\" data-id=\"6b475eec\" data-element_type=\"widget\" data-e-type=\"widget\" data-settings=\"{&quot;_position&quot;:&quot;absolute&quot;}\" data-widget_type=\"image.default\">\n\t\t\t\t<div class=\"elementor-widget-container\">\n\t\t\t\t\t\t\t\t\t\t\t\t\t\t\t<img decoding=\"async\" width=\"800\" height=\"450\" src=\"https:\/\/regencargobikes.com\/wp-content\/uploads\/2025\/03\/RT.651.webp\" class=\"attachment-large size-large wp-image-1522\" alt=\"\" srcset=\"https:\/\/regencargobikes.com\/wp-content\/uploads\/2025\/03\/RT.651.webp 1000w, https:\/\/regencargobikes.com\/wp-content\/uploads\/2025\/03\/RT.651-300x169.webp 300w, https:\/\/regencargobikes.com\/wp-content\/uploads\/2025\/03\/RT.651-768x432.webp 768w, https:\/\/regencargobikes.com\/wp-content\/uploads\/2025\/03\/RT.651-18x10.webp 18w\" sizes=\"(max-width: 800px) 100vw, 800px\" \/>\t\t\t\t\t\t\t\t\t\t\t\t\t\t\t<\/div>\n\t\t\t\t<\/div>\n\t\t\t\t<div class=\"elementor-element elementor-element-48fc00c2 elementor-widget elementor-widget-image\" data-id=\"48fc00c2\" data-element_type=\"widget\" data-e-type=\"widget\" data-widget_type=\"image.default\">\n\t\t\t\t<div class=\"elementor-widget-container\">\n\t\t\t\t\t\t\t\t\t\t\t\t\t\t\t<img loading=\"lazy\" decoding=\"async\" width=\"533\" height=\"330\" src=\"https:\/\/regencargobikes.com\/wp-content\/uploads\/2025\/04\/New-1.png\" class=\"attachment-large size-large wp-image-436\" alt=\"\" srcset=\"https:\/\/regencargobikes.com\/wp-content\/uploads\/2025\/04\/New-1.png 533w, https:\/\/regencargobikes.com\/wp-content\/uploads\/2025\/04\/New-1-300x186.png 300w\" sizes=\"(max-width: 533px) 100vw, 533px\" \/>\t\t\t\t\t\t\t\t\t\t\t\t\t\t\t<\/div>\n\t\t\t\t<\/div>\n\t\t\t\t<\/div>\n\t\t<div class=\"elementor-element elementor-element-25aa7a08 e-con-full e-flex e-con e-child\" data-id=\"25aa7a08\" data-element_type=\"container\" data-e-type=\"container\" data-settings=\"{&quot;ekit_has_onepagescroll_dot&quot;:&quot;yes&quot;}\">\n\t\t\t\t<div class=\"elementor-element elementor-element-3d854eb8 elementor-widget elementor-widget-elementskit-heading\" data-id=\"3d854eb8\" data-element_type=\"widget\" data-e-type=\"widget\" data-widget_type=\"elementskit-heading.default\">\n\t\t\t\t<div class=\"elementor-widget-container\">\n\t\t\t\t\t<div class=\"ekit-wid-con\" ><div class=\"ekit-heading elementskit-section-title-wraper text_left   ekit_heading_tablet-   ekit_heading_mobile-text_center\"><p class=\"elementskit-section-subtitle\">\n\t\t\t\t\t\tCsak 20 MOQ ker\u00e9kp\u00e1r a kezd\u00e9shez \n\t\t\t\t\t<\/p><p class=\"ekit-heading--title elementskit-section-title\">Testreszabhat\u00f3 E-Cargo ker\u00e9kp\u00e1r - RS01 <\/p>\t\t\t\t<div class='ekit-heading__description'>\n\t\t\t\t\t<p class=\"p2\">Ak\u00e1r egy n\u00f6vekv\u0151 m\u00e1rka, ak\u00e1r egy szomsz\u00e9dos \u00fczlet, nagy teherb\u00edr\u00e1s\u00fa teherbiciklijeink jelentik az \u00d6n bel\u00e9p\u0151jegy\u00e9t a k\u00f6rnyezetbar\u00e1t sz\u00e1ll\u00edt\u00e1s vir\u00e1gz\u00f3 vil\u00e1g\u00e1ba. Induljunk!<\/p>\n\t\t\t\t<\/div>\n\t\t\t<\/div><\/div>\t\t\t\t<\/div>\n\t\t\t\t<\/div>\n\t\t\t\t<div class=\"elementor-element elementor-element-137412e2 elementor-align-left elementor-align--mobilecenter elementor-widget elementor-widget-elementskit-button\" data-id=\"137412e2\" data-element_type=\"widget\" data-e-type=\"widget\" data-widget_type=\"elementskit-button.default\">\n\t\t\t\t<div class=\"elementor-widget-container\">\n\t\t\t\t\t<div class=\"ekit-wid-con\" >\t\t<div class=\"ekit-btn-wraper\">\n\t\t\t\t\t\t\t<a href=\"#elementor-action%3Aaction%3Dpopup%3Aopen%26settings%3DeyJpZCI6IjczNCIsInRvZ2dsZSI6ZmFsc2V9\" class=\"elementskit-btn  whitespace--normal\" id=\"\">\n\t\t\t\t\tAj\u00e1nlatk\u00e9r\u00e9s\t\t\t\t<\/a>\n\t\t\t\t\t<\/div>\n        <\/div>\t\t\t\t<\/div>\n\t\t\t\t<\/div>\n\t\t\t\t<\/div>\n\t\t\t\t\t<\/div>\n\t\t\t\t<\/div>\n\t\t\t\t<\/div>\n\t\t\n\n\n\n<hr class=\"wp-block-separator has-alpha-channel-opacity\"\/>\n\n\n\n<h2 class=\"wp-block-heading\">3. A PSI \u00e9s a Bar meg\u00e9rt\u00e9se: A gumiabroncsnyom\u00e1s magyar\u00e1zata<\/h2>\n\n\n\n<p>A PSI jelent\u00e9se&nbsp;<strong>Pounds per Square Inch<\/strong>. Azt jelzi, hogy a gumiabroncs mekkora l\u00e9gnyom\u00e1st k\u00e9pes biztons\u00e1gosan megtartani.<\/p>\n\n\n\n<p>T\u00fal alacsony:<\/p>\n\n\n\n<ul class=\"wp-block-list\">\n<li>A gumiabroncs puh\u00e1nak \u00e9s lomh\u00e1nak t\u0171nhet.<\/li>\n\n\n\n<li>Nagyobb a pinch flats kock\u00e1zata (a perem f\u00f6ldet \u00e9r)<\/li>\n\n\n\n<li>N\u00f6veli a g\u00f6rd\u00fcl\u00e9si ellen\u00e1ll\u00e1st<\/li>\n<\/ul>\n\n\n\n<p>T\u00fal magas:<\/p>\n\n\n\n<ul class=\"wp-block-list\">\n<li>Durva utaz\u00e1s<\/li>\n\n\n\n<li>Cs\u00f6kkentett tapad\u00e1s<\/li>\n\n\n\n<li>Nagy terhel\u00e9s vagy h\u0151s\u00e9g eset\u00e9n a kifullad\u00e1s vesz\u00e9lye<\/li>\n<\/ul>\n\n\n\n<h3 class=\"wp-block-heading\">Hol tal\u00e1lja a PSI-t<\/h3>\n\n\n\n<p>A gumiabroncs oldalfala egy tartom\u00e1nyt fog mutatni:<\/p>\n\n\n\n<blockquote class=\"wp-block-quote is-layout-flow wp-block-quote-is-layout-flow\">\n<p><strong>\"F\u00fajja fel 45-65 PSI-re\"<\/strong>&nbsp;vagy&nbsp;<strong>\"Min 2,5 bar \/ Max 4,5 bar\"<\/strong>&nbsp;(metrikus egyen\u00e9rt\u00e9k)<\/p>\n<\/blockquote>\n\n\n\n<figure class=\"wp-block-image size-large\"><img loading=\"lazy\" decoding=\"async\" width=\"1024\" height=\"768\" src=\"https:\/\/regencargobikes.com\/wp-content\/uploads\/2025\/07\/Tire-pressure-range-display-e.g.-65\u201385-PSI-1024x768.webp\" alt=\"Gumiabroncsnyom\u00e1s-tartom\u00e1ny kijelz\u00e9se (pl. 65-85 PSI)\" class=\"wp-image-1621\" srcset=\"https:\/\/regencargobikes.com\/wp-content\/uploads\/2025\/07\/Tire-pressure-range-display-e.g.-65\u201385-PSI-1024x768.webp 1024w, https:\/\/regencargobikes.com\/wp-content\/uploads\/2025\/07\/Tire-pressure-range-display-e.g.-65\u201385-PSI-300x225.webp 300w, https:\/\/regencargobikes.com\/wp-content\/uploads\/2025\/07\/Tire-pressure-range-display-e.g.-65\u201385-PSI-768x576.webp 768w, https:\/\/regencargobikes.com\/wp-content\/uploads\/2025\/07\/Tire-pressure-range-display-e.g.-65\u201385-PSI-16x12.webp 16w, https:\/\/regencargobikes.com\/wp-content\/uploads\/2025\/07\/Tire-pressure-range-display-e.g.-65\u201385-PSI.webp 1536w\" sizes=\"(max-width: 1024px) 100vw, 1024px\" \/><figcaption class=\"wp-element-caption\">Gumiabroncsnyom\u00e1s-tartom\u00e1ny kijelz\u00e9se (pl. 65-85 PSI)<\/figcaption><\/figure>\n\n\n\n<h3 class=\"wp-block-heading\">Mennyi PSI-re van val\u00f3j\u00e1ban sz\u00fcks\u00e9ge?<\/h3>\n\n\n\n<p>Ez att\u00f3l f\u00fcgg:<\/p>\n\n\n\n<ul class=\"wp-block-list\">\n<li><strong>Lovas + rakom\u00e1ny s\u00falya<\/strong>: Nagyobb terhel\u00e9shez nagyobb PSI sz\u00fcks\u00e9ges<\/li>\n\n\n\n<li><strong>Gumiabroncs sz\u00e9less\u00e9ge<\/strong>: A sz\u00e9lesebb gumiabroncsok alacsonyabb nyom\u00e1st haszn\u00e1lhatnak biztons\u00e1gosan<\/li>\n\n\n\n<li><strong>Terep<\/strong>: Az alacsonyabb PSI jav\u00edtja a tapad\u00e1st laza talajon; a magasabb PSI jobban g\u00f6rd\u00fcl aszfalton.<\/li>\n\n\n\n<li><strong>Id\u0151j\u00e1r\u00e1s<\/strong>: A hideg id\u0151j\u00e1r\u00e1s cs\u00f6kkenti a bels\u0151 nyom\u00e1st<\/li>\n<\/ul>\n\n\n\n<p><strong>Gyors \u00fatmutat\u00f3 (hozz\u00e1vet\u0151leges)<\/strong><\/p>\n\n\n\n<figure class=\"wp-block-table\"><table class=\"has-fixed-layout\"><tbody><tr><td>Gumiabroncs m\u00e9rete<\/td><td>Terhel\u00e9s t\u00edpusa<\/td><td>Aj\u00e1nlott PSI<\/td><\/tr><tr><td>20\u00d72.15<\/td><td>K\u00f6nny\u0171\/k\u00f6zepes<\/td><td>45-60 PSI<\/td><\/tr><tr><td>26\u00d72.0<\/td><td>K\u00f6zepes\/neh\u00e9z<\/td><td>50-70 PSI<\/td><\/tr><tr><td>27.5\u00d72.4<\/td><td>Cargo<\/td><td>55-80 PSI<\/td><\/tr><\/tbody><\/table><\/figure>\n\n\n\n<p>Mindig ellen\u0151rizze az oldalfalon a maxim\u00e1lis \u00e9rt\u00e9ket, \u00e9s haszn\u00e1ljon min\u0151s\u00e9gi m\u00e9r\u0151eszk\u00f6zt.<\/p>\n\n\n\n<hr class=\"wp-block-separator has-alpha-channel-opacity\"\/>\n\n\n\n<h2 class=\"wp-block-heading\">4. B\u00f3nusz: Hol tal\u00e1lja meg ezeket a sz\u00e1mokat<\/h2>\n\n\n\n<p>A gumiabroncs specifik\u00e1ci\u00f3it az oldalfal gumij\u00e1ba \u00f6ntik. Keresse a k\u00f6vetkez\u0151 sz\u00f6veget:<\/p>\n\n\n\n<ul class=\"wp-block-list\">\n<li><strong>ETRTO<\/strong>: pl. 55-559<\/li>\n\n\n\n<li><strong>Inch m\u00e9ret<\/strong>: pl. 26\u00d72.0<\/li>\n\n\n\n<li><strong>PSI tartom\u00e1ny<\/strong>: pl. 35-65 PSI-re felf\u00fajva<\/li>\n\n\n\n<li><strong>M\u00e1rka\/modell<\/strong>: pl. Schwalbe Marathon Plus<\/li>\n<\/ul>\n\n\n\n<figure class=\"wp-block-image size-large\"><img loading=\"lazy\" decoding=\"async\" width=\"1024\" height=\"457\" src=\"https:\/\/regencargobikes.com\/wp-content\/uploads\/2025\/07\/Tire-sidewall-graphics-with-50\u201175PSI-indication-1024x457.webp\" alt=\"Gumiabroncs oldalfal grafik\u00e1ja 50-75PSI jelz\u00e9ssel\" class=\"wp-image-1622\" srcset=\"https:\/\/regencargobikes.com\/wp-content\/uploads\/2025\/07\/Tire-sidewall-graphics-with-50\u201175PSI-indication-1024x457.webp 1024w, https:\/\/regencargobikes.com\/wp-content\/uploads\/2025\/07\/Tire-sidewall-graphics-with-50\u201175PSI-indication-300x134.webp 300w, https:\/\/regencargobikes.com\/wp-content\/uploads\/2025\/07\/Tire-sidewall-graphics-with-50\u201175PSI-indication-768x343.webp 768w, https:\/\/regencargobikes.com\/wp-content\/uploads\/2025\/07\/Tire-sidewall-graphics-with-50\u201175PSI-indication-1536x686.webp 1536w, https:\/\/regencargobikes.com\/wp-content\/uploads\/2025\/07\/Tire-sidewall-graphics-with-50\u201175PSI-indication-18x8.webp 18w, https:\/\/regencargobikes.com\/wp-content\/uploads\/2025\/07\/Tire-sidewall-graphics-with-50\u201175PSI-indication.webp 1836w\" sizes=\"(max-width: 1024px) 100vw, 1024px\" \/><figcaption class=\"wp-element-caption\">Gumiabroncs oldalfal grafik\u00e1ja 50-75PSI jelz\u00e9ssel<\/figcaption><\/figure>\n\n\n\n<hr class=\"wp-block-separator has-alpha-channel-opacity\"\/>\n\n\n\n<h2 class=\"wp-block-heading\">Mi\u00e9rt fontos ez a tehersz\u00e1ll\u00edt\u00f3 ker\u00e9kp\u00e1rok sz\u00e1m\u00e1ra<\/h2>\n\n\n\n<p>A Cargo eBike-ok gyakran 100 kg+, bele\u00e9rtve a ker\u00e9kp\u00e1rost, a rakom\u00e1nyt \u00e9s a rakom\u00e1nyt is. Ez a plusz s\u00faly a gumiabroncsok pontoss\u00e1g\u00e1t teszi n\u00e9lk\u00fcl\u00f6zhetetlenn\u00e9:<\/p>\n\n\n\n<ul class=\"wp-block-list\">\n<li><strong>Gumiabroncs sz\u00e9less\u00e9ge<\/strong>\u00a0befoly\u00e1solja a k\u00e9nyelmet \u00e9s a stabilit\u00e1st<\/li>\n\n\n\n<li><strong>Gy\u00f6ngyh\u00e1z \u00e1tm\u00e9r\u0151je<\/strong>\u00a0biztos\u00edtja a megfelel\u0151 illeszked\u00e9st<\/li>\n\n\n\n<li><strong>PSI<\/strong>\u00a0befoly\u00e1solja a g\u00f6rd\u00fcl\u00e9si hat\u00e1sfokot \u00e9s a motor ig\u00e9nybev\u00e9tel\u00e9t<\/li>\n<\/ul>\n\n\n\n<p>L\u00e1ttuk, hogy az utols\u00f3 m\u00e9rf\u00f6ldre sz\u00e1ll\u00edt\u00f3 flott\u00e1k 40%-tel cs\u00f6kkentett\u00e9k a gumiabroncsok \u00e9lettartam\u00e1t, egyszer\u0171en az\u00e9rt, mert a gumiabroncsok t\u00fal alacsony l\u00e9gnyom\u00e1s\u00faak voltak.<\/p>\n\n\n\n<p>Ne tal\u00e1lgasson - m\u00e9rje, ellen\u0151rizze az ETRTO-t, \u00e9s hetente ellen\u0151rizze a PSI-t.<\/p>\n\n\n\n<h2 class=\"wp-block-heading\">K\u00f6vetkeztet\u00e9s<\/h2>\n\n\n\n<p>Az eBike olvas\u00e1sa vagy<a href=\"https:\/\/regencargobikes.com\/hu\/rs01-e-cargo-bike\/\"> teherbicikli<\/a> A gumiabroncsokra vonatkoz\u00f3 el\u0151\u00edr\u00e1sok ismerete alapvet\u0151 k\u00e9szs\u00e9g, amely meg\u00f3vhatja \u00d6nt a k\u00f6lts\u00e9ges hib\u00e1kt\u00f3l \u00e9s a nem biztons\u00e1gos vezet\u00e9si k\u00f6r\u00fclm\u00e9nyekt\u0151l. A h\u00fcvelyk alap\u00fa \u00e9s az ETRTO-rendszerek meg\u00e9rt\u00e9s\u00e9vel, valamint a PSI b\u00f6lcs kezel\u00e9s\u00e9vel biztos\u00edthatja a kompatibilit\u00e1st, a k\u00e9nyelmet \u00e9s az optim\u00e1lis teljes\u00edtm\u00e9nyt.<\/p>\n\n\n\n<p>Seg\u00edts\u00e9gre van sz\u00fcks\u00e9ge a gumiabroncsok kiv\u00e1laszt\u00e1s\u00e1hoz egy adott eBike modellhez vagy rakom\u00e1nyfelszerel\u00e9shez? A <a href=\"https:\/\/regencargobikes.com\/hu\/about\/\" data-type=\"page\" data-id=\"171\">Regen<\/a> a csapat az\u00e9rt van itt, hogy seg\u00edtsen...<a href=\"https:\/\/regencargobikes.com\/hu\/contact\/\" data-type=\"page\" data-id=\"177\">forduljon hozz\u00e1nk<\/a> a szem\u00e9lyre szabott aj\u00e1nl\u00e1sok \u00e9s az alkatr\u00e9szilleszt\u00e9s t\u00e1mogat\u00e1sa \u00e9rdek\u00e9ben.<\/p>\n\n\n\n<hr class=\"wp-block-separator has-alpha-channel-opacity\"\/>\n\n\n\n<p><strong>K\u00e9p szerz\u0151i jogi nyilatkozata<\/strong><\/p>\n\n\n\n<p>A weboldalon\/cikkben haszn\u00e1lt egyes k\u00e9pek az internetr\u0151l sz\u00e1rmaznak, \u00e9s kiz\u00e1r\u00f3lag illusztr\u00e1ci\u00f3s \u00e9s oktat\u00e1si c\u00e9lokat szolg\u00e1lnak a tartalom jobb meg\u00e9rt\u00e9se \u00e9rdek\u00e9ben. Tiszteletben tartjuk az eredeti alkot\u00f3k szellemi tulajdonjogait, \u00e9s igyeksz\u00fcnk a forr\u00e1sokat adott esetben felt\u00fcntetni.<\/p>\n\n\n\n<p>Ha \u00d6n a itt megjelen\u00edtett b\u00e1rmely k\u00e9p jogos tulajdonosa, \u00e9s \u00fagy gondolja, hogy annak felhaszn\u00e1l\u00e1sa szerz\u0151i jogs\u00e9rt\u00e9st jelent, k\u00e9rj\u00fck, vegye fel vel\u00fcnk a kapcsolatot a k\u00f6vetkez\u0151 c\u00edmen: <strong>info@regencargobikes.com<\/strong>Az ellen\u0151rz\u00e9st k\u00f6vet\u0151en halad\u00e9ktalanul elt\u00e1vol\u00edtjuk a k\u00e9pet, vagy felt\u00fcntetj\u00fck a forr\u00e1st.<\/p>\n\n\n\n<p>K\u00f6sz\u00f6n\u00f6m a meg\u00e9rt\u00e9s\u00e9t.<\/p>\n\n\n\n<p>\u00a9<a href=\"https:\/\/regencargobikes.com\/hu\/\" data-type=\"page\" data-id=\"10\"> Regen Technology Co., Ltd.<\/a><\/p>","protected":false},"excerpt":{"rendered":"<p>Choosing the right tire for your eBike isn\u2019t just about finding the right size that &#8220;looks&#8221; about right. It involves decoding the numbers and markings printed on the sidewall of the tire, which represent size, structure, pressure range, and international standards. For cargo bikes and eBikes under varying loads and terrain, this knowledge is critical [&hellip;]<\/p>\n","protected":false},"author":2,"featured_media":1623,"comment_status":"open","ping_status":"closed","sticky":false,"template":"","format":"standard","meta":{"footnotes":""},"categories":[2],"tags":[64,48],"class_list":["post-1619","post","type-post","status-publish","format-standard","has-post-thumbnail","hentry","category-knowledge","tag-bike-tire","tag-e-bike"],"_links":{"self":[{"href":"https:\/\/regencargobikes.com\/hu\/wp-json\/wp\/v2\/posts\/1619","targetHints":{"allow":["GET"]}}],"collection":[{"href":"https:\/\/regencargobikes.com\/hu\/wp-json\/wp\/v2\/posts"}],"about":[{"href":"https:\/\/regencargobikes.com\/hu\/wp-json\/wp\/v2\/types\/post"}],"author":[{"embeddable":true,"href":"https:\/\/regencargobikes.com\/hu\/wp-json\/wp\/v2\/users\/2"}],"replies":[{"embeddable":true,"href":"https:\/\/regencargobikes.com\/hu\/wp-json\/wp\/v2\/comments?post=1619"}],"version-history":[{"count":2,"href":"https:\/\/regencargobikes.com\/hu\/wp-json\/wp\/v2\/posts\/1619\/revisions"}],"predecessor-version":[{"id":1626,"href":"https:\/\/regencargobikes.com\/hu\/wp-json\/wp\/v2\/posts\/1619\/revisions\/1626"}],"wp:featuredmedia":[{"embeddable":true,"href":"https:\/\/regencargobikes.com\/hu\/wp-json\/wp\/v2\/media\/1623"}],"wp:attachment":[{"href":"https:\/\/regencargobikes.com\/hu\/wp-json\/wp\/v2\/media?parent=1619"}],"wp:term":[{"taxonomy":"category","embeddable":true,"href":"https:\/\/regencargobikes.com\/hu\/wp-json\/wp\/v2\/categories?post=1619"},{"taxonomy":"post_tag","embeddable":true,"href":"https:\/\/regencargobikes.com\/hu\/wp-json\/wp\/v2\/tags?post=1619"}],"curies":[{"name":"wp","href":"https:\/\/api.w.org\/{rel}","templated":true}]}}