{"id":1739,"date":"2025-07-17T17:23:16","date_gmt":"2025-07-17T09:23:16","guid":{"rendered":"https:\/\/regencargobikes.com\/?p=1739"},"modified":"2025-07-17T17:23:19","modified_gmt":"2025-07-17T09:23:19","slug":"cargo-bike-front-light-guide","status":"publish","type":"post","link":"https:\/\/regencargobikes.com\/hu\/cargo-bike-front-light-guide\/","title":{"rendered":"Cargo Bike els\u0151 l\u00e1mpa \u00fatmutat\u00f3: F\u00e9nyer\u0151, sz\u00edn \u00e9s biztons\u00e1g: magyar\u00e1zat a f\u00e9nyer\u0151re, sz\u00ednre \u00e9s biztons\u00e1gra"},"content":{"rendered":"<p>Az Regen-n\u00e9l, ahol komplett teherbicikli-rendszereket tervez\u00fcnk \u00e9s gy\u00e1rtunk csal\u00e1dok \u00e9s flott\u00e1k sz\u00e1m\u00e1ra, gyakran k\u00e9rdeznek minket az els\u0151 vil\u00e1g\u00edt\u00e1sr\u00f3l - k\u00fcl\u00f6n\u00f6sen, ha a ker\u00e9kp\u00e1rosok sz\u00fcrk\u00fcletkor kezdenek ing\u00e1zni, a gyeng\u00e9n megvil\u00e1g\u00edtott v\u00e1rosi sik\u00e1torokban navig\u00e1lni, vagy s\u00f6t\u00e9t vid\u00e9ki \u00fatvonalakon sz\u00e1ll\u00edtani. A vil\u00e1g\u00edt\u00e1s nem csak a l\u00e1that\u00f3s\u00e1gr\u00f3l sz\u00f3l, hanem a k\u00f6z\u00fati jogszer\u0171s\u00e9gr\u0151l, a ker\u00e9kp\u00e1ros biztons\u00e1g\u00e1r\u00f3l \u00e9s m\u00e9g az akkumul\u00e1tor hat\u00e9konys\u00e1g\u00e1r\u00f3l is.<\/p>\n\n\n\n<p>Ebben az \u00fatmutat\u00f3ban v\u00e1laszolunk a teherbicikli el\u00fcls\u0151 l\u00e1mp\u00e1ival kapcsolatos leggyakoribb k\u00e9rd\u00e9sekre, kezdve att\u00f3l, hogy h\u00e1ny lumenre van sz\u00fcks\u00e9ged, eg\u00e9szen addig, hogy 4000 lumen t\u00falzott-e - mindezt szabv\u00e1nyok \u00e9s val\u00f3s felhaszn\u00e1l\u00e1si esetek alapj\u00e1n.<\/p>\n\n\n\n<h2 class=\"wp-block-heading\"><strong><font style=\"vertical-align: inherit;\"><font style=\"vertical-align: inherit;\"><strong>Mi az els\u0151 l\u00e1mpa a Cargo Bike-on?<\/strong><\/font><\/font><\/strong><\/h2>\n\n\n\n<p>Egy <strong>teher ker\u00e9kp\u00e1r els\u0151 l\u00e1mpa<\/strong> a korm\u00e1nyra, a villa koron\u00e1j\u00e1ra vagy a csomagtart\u00f3ra szerelt, el\u0151refel\u00e9 n\u00e9z\u0151 vil\u00e1g\u00edt\u00f3eszk\u00f6z. A k\u00f6vetkez\u0151kh\u00f6z tervezt\u00e9k:<\/p><div class=\"regen-test-placement-from-wizard-1604397851\" id=\"regen-506333950\"><script async src=\"https:\/\/pagead2.googlesyndication.com\/pagead\/js\/adsbygoogle.js?client=ca-pub-1076230867169041\"\n     crossorigin=\"anonymous\"><\/script><\/div><div class=\"regen-test-placement-from-wizard-2878267818\" id=\"regen-3048547228\"><script async src=\"https:\/\/pagead2.googlesyndication.com\/pagead\/js\/adsbygoogle.js?client=ca-pub-1076230867169041\"\n     crossorigin=\"anonymous\"><\/script><\/div>\n\n\n\n<ul class=\"wp-block-list\">\n<li><strong>Akt\u00edv vil\u00e1g\u00edt\u00e1s<\/strong> (hogy megvil\u00e1g\u00edtsa a lovas \u00fatj\u00e1t)<\/li>\n\n\n\n<li><strong>Passz\u00edv l\u00e1that\u00f3s\u00e1g<\/strong> (hogy figyelmeztessen m\u00e1sokat a jelenl\u00e9t\u00e9re)<\/li>\n<\/ul>\n\n\n\n<p>Az egyszer\u0171 ing\u00e1z\u00f3 ker\u00e9kp\u00e1rokkal ellent\u00e9tben a teherbring\u00e1k utasokat vagy \u00e1rut sz\u00e1ll\u00edthatnak, \u00e9s gyakran nagyobb terhel\u00e9ssel \u00e9s sebess\u00e9ggel k\u00f6zlekednek. Ez\u00e1ltal a megb\u00edzhat\u00f3 els\u0151 vil\u00e1g\u00edt\u00e1s nem csak hasznos, hanem elengedhetetlen a k\u00f6vetkez\u0151kh\u00f6z <strong>k\u00f6z\u00fati jogszer\u0171s\u00e9g \u00e9s a lovasok biztons\u00e1ga<\/strong>.<\/p>\n\n\n\n<figure class=\"wp-block-table\"><table class=\"has-fixed-layout\"><thead><tr><th><strong>T\u00e9nyez\u0151<\/strong><\/th><th><strong>V\u00e1rosi haszn\u00e1lat<\/strong><\/th><th><strong>Vid\u00e9ki vagy \u00f6sv\u00e9nyhaszn\u00e1lat<\/strong><\/th><th><strong>Teheraut\u00f3k<\/strong><\/th><\/tr><\/thead><tbody><tr><td><strong>Lumenek<\/strong><\/td><td>300-500<\/td><td>800-2000+<\/td><td>500-1500<\/td><\/tr><tr><td><strong>Sug\u00e1rminta<\/strong><\/td><td>Sz\u00e9les, r\u00f6vid<\/td><td>Hossz\u00fa, koncentr\u00e1lt<\/td><td>Sz\u00e9les + k\u00f6z\u00e9ptartom\u00e1ny<\/td><\/tr><tr><td><strong>Szerel\u00e9s<\/strong><\/td><td>Korm\u00e1nyker\u00e9k<\/td><td>Villa \/ sisak<\/td><td>Vill\u00e1s vagy \u00e1llv\u00e1nyba integr\u00e1lt<\/td><\/tr><tr><td><strong>Akkumul\u00e1tor t\u00edpusa<\/strong><\/td><td>USB-r\u0151l t\u00f6lthet\u0151<\/td><td>Nagy kapacit\u00e1s\u00fa k\u00fcls\u0151 csomag<\/td><td>Integr\u00e1lt f\u0151 akkumul\u00e1torral (e-cargo ker\u00e9kp\u00e1rokhoz)<\/td><\/tr><\/tbody><\/table><\/figure>\n\n\n\n<p>Teherbring\u00e1khoz aj\u00e1nljuk a <strong>sz\u00e9les l\u00e1t\u00f3sz\u00f6g\u0171 sug\u00e1r<\/strong> amely az utat \u00e9s az oldalakat is megvil\u00e1g\u00edtja - k\u00fcl\u00f6n\u00f6sen hossz\u00fa els\u0151 doboz eset\u00e9n, amely \u00e1rny\u00e9kot vethet. A be\u00e9p\u00edtett l\u00e1mp\u00e1k, amelyek az e-bike f\u0151 akkumul\u00e1tor\u00e1b\u00f3l veszik az \u00e1ramot, megb\u00edzhat\u00f3s\u00e1got \u00e9s k\u00e9nyelmet k\u00edn\u00e1lnak.<\/p>\n\n\n\n<h2 class=\"wp-block-heading\"><strong>T\u00e9nyleg sz\u00fcks\u00e9g van els\u0151 l\u00e1mp\u00e1ra a ker\u00e9kp\u00e1ron?<\/strong><\/h2>\n\n\n\n<p>Igen - mind jogilag, mind gyakorlatilag elengedhetetlen az els\u0151 l\u00e1mpa.<\/p>\n\n\n\n<ul class=\"wp-block-list\">\n<li><a href=\"https:\/\/regencargobikes.com\/hu\/cargo-bike-safety-standard-en-17860\/\" data-type=\"post\" data-id=\"416\"><strong>Jogi k\u00f6vetelm\u00e9ny<\/strong>: A legt\u00f6bb uni\u00f3s orsz\u00e1gban \u00e9s az Egyes\u00fclt Kir\u00e1lys\u00e1gban a feh\u00e9r els\u0151 l\u00e1mpa k\u00f6telez\u0151, ha \u00e9jszaka vagy rossz l\u00e1t\u00e1si viszonyok k\u00f6z\u00f6tt motorozunk (az EN 15194 szabv\u00e1ny \u00e9s a helyi k\u00f6zleked\u00e9si szab\u00e1lyok vonatkoznak).<\/a><\/li>\n\n\n\n<li><strong>Gyakorlati sz\u00fcks\u00e9gszer\u0171s\u00e9g<\/strong>: Ez lehet\u0151v\u00e9 teszi a t\u00f6bbi k\u00f6zleked\u0151 sz\u00e1m\u00e1ra, hogy l\u00e1ss\u00e1k \u00d6nt, \u00e9s seg\u00edt \u00d6nnek l\u00e1tni az utat, k\u00fcl\u00f6n\u00f6sen a k\u00e1ty\u00fakat, j\u00e1rdaszeg\u00e9lyeket vagy t\u00f6rmel\u00e9keket - ez k\u00fcl\u00f6n\u00f6sen fontos egy megrakott teherbiciklin.<\/li>\n<\/ul>\n\n\n\n<blockquote class=\"wp-block-quote is-layout-flow wp-block-quote-is-layout-flow\">\n<p><strong>Val\u00f3di felhaszn\u00e1l\u00e1si eset<\/strong>: A v\u00e1rosi k\u00e9zbes\u00edt\u0151k gyakran jelentik, hogy megfelel\u0151 els\u0151 l\u00e1mpa n\u00e9lk\u00fcl a l\u00e1t\u00f3t\u00e1vols\u00e1g napnyugta ut\u00e1n t\u00f6bb mint 50%-tel cs\u00f6kken - m\u00e9g a j\u00f3l kivil\u00e1g\u00edtott utc\u00e1kon is.<\/p>\n\n\n\n<h2 class=\"wp-block-heading\"><strong>Sz\u00fcks\u00e9g van-e els\u0151 l\u00e1mp\u00e1ra a teherbring\u00e1n?<\/strong><\/h2>\n\n\n\n<p>Igen, a legt\u00f6bb eur\u00f3pai orsz\u00e1gban \u00e9s az Egyes\u00fclt Kir\u00e1lys\u00e1gban, <strong>az els\u0151 l\u00e1mp\u00e1k haszn\u00e1lata t\u00f6rv\u00e9nyileg k\u00f6telez\u0151<\/strong> \u00e9jszaka vagy rossz l\u00e1t\u00e1si viszonyok k\u00f6z\u00f6tt haszn\u00e1lt ker\u00e9kp\u00e1rokhoz.<\/p>\n\n\n\n<p>A <strong>Az EN 15194-es uni\u00f3s rendelet<\/strong> (elektromos seg\u00e9dmotoros ker\u00e9kp\u00e1rok eset\u00e9ben):<\/p>\n\n\n\n<ul class=\"wp-block-list\">\n<li>Egy <strong>feh\u00e9r vagy szelekt\u00edv s\u00e1rga els\u0151 l\u00e1mpa<\/strong> be kell szerelni.<\/li>\n\n\n\n<li>A f\u00e9nynek legal\u00e1bb a k\u00f6vetkez\u0151 helyr\u0151l l\u00e1that\u00f3nak kell lennie <strong>100 m\u00e9ter<\/strong>.<\/li>\n\n\n\n<li>A k\u00f6z\u00fati j\u00f3v\u00e1hagy\u00e1shoz a f\u00e9nysug\u00e1r nem vak\u00edthatja a t\u00f6bbi k\u00f6zleked\u0151t (elv\u00e1gott f\u00e9nysug\u00e1r).<\/li>\n<\/ul>\n\n\n\n<p>N\u00e9metorsz\u00e1gban a <strong>StVZO (Stra\u00dfenverkehrs-Zulassungs-Ordnung)<\/strong> szabv\u00e1ny speci\u00e1lis f\u00e9nysug\u00e1r-form\u00e1z\u00e1st, f\u00e9nyer\u0151t \u00e9s \u00e1ramforr\u00e1s-stabilit\u00e1st \u00edr el\u0151, k\u00fcl\u00f6n\u00f6sen az e-ker\u00e9kp\u00e1rok eset\u00e9ben.<\/p>\n<\/blockquote>\n\n\n\n<h2 class=\"wp-block-heading\"><strong>Milyen sz\u00edn\u0171 l\u00e1mpa legyen a ker\u00e9kp\u00e1r elej\u00e9n?<\/strong><\/h2>\n\n\n\n<p>A <strong>megfelel\u0151 sz\u00edn\u0171 els\u0151 l\u00e1mpa<\/strong> vagy:<\/p>\n\n\n\n<p><strong>Szelekt\u00edv s\u00e1rga<\/strong> (ritk\u00e1bban, k\u00f6dben vagy alacsony kontraszt\u00fa k\u00f6r\u00fclm\u00e9nyek k\u00f6z\u00f6tt haszn\u00e1latos)<\/p>\n\n\n\n<p><strong>Feh\u00e9r<\/strong> (a leggyakoribb \u00e9s leg\u00e1lis minden r\u00e9gi\u00f3ban)<\/p>\n\n\n\n<p>Az EU \u00e9s az Egyes\u00fclt Kir\u00e1lys\u00e1g el\u0151\u00edr\u00e1sai (EN 15194, StVZO N\u00e9metorsz\u00e1gban, Road Vehicles Lighting Regulations az Egyes\u00fclt Kir\u00e1lys\u00e1gban) el\u0151\u00edrj\u00e1k, hogy az els\u0151 l\u00e1mp\u00e1nak folyamatos vagy villog\u00f3 f\u00e9nyt kell kibocs\u00e1tania. <strong>feh\u00e9r sug\u00e1r<\/strong>.<\/p>\n\n\n\n<blockquote class=\"wp-block-quote is-layout-flow wp-block-quote-is-layout-flow\">\n<p><strong>Fontos<\/strong>: Az el\u00fcls\u0151 k\u00e9k vagy sz\u00ednes l\u00e1mp\u00e1k gyakran illeg\u00e1lisak, \u00e9s \u00f6sszet\u00e9veszthet\u0151k a v\u00e9szhelyzeti j\u00e1rm\u0171vekkel, vagy l\u00e1that\u00f3s\u00e1gi probl\u00e9m\u00e1kat okozhatnak a t\u00f6bbi k\u00f6zleked\u0151 sz\u00e1m\u00e1ra.<\/p>\n<\/blockquote>\n\n\n\n<p><strong>F\u0151 fogad\u00e1s<\/strong>: A meleg feh\u00e9r f\u00e9nyek (4000-5000K sz\u00ednh\u0151m\u00e9rs\u00e9klet\u0171ek) sokkal k\u00e9nyelmesebbek az \u00e9jszakai lovagl\u00e1shoz, mint a durva k\u00e9k sz\u00edn\u0171 LED-ek.<\/p>\n\n\n\n<h2 class=\"wp-block-heading\"><strong>H\u00e1ny lumen legyen az els\u0151 ker\u00e9kp\u00e1rf\u00e9ny?<\/strong><\/h2>\n\n\n\n<p><br>A f\u00e9nyer\u0151ss\u00e9get <strong>lumen<\/strong>, amelyek a kibocs\u00e1tott l\u00e1that\u00f3 f\u00e9ny teljes mennyis\u00e9g\u00e9t sz\u00e1mszer\u0171s\u00edtik.<\/p>\n\n\n\n<figure class=\"wp-block-table\"><table class=\"has-fixed-layout\"><thead><tr><th><strong>Lovagl\u00e1si helyzet<\/strong><\/th><th><strong>Minim\u00e1lis aj\u00e1nlott f\u00e9nyer\u0151<\/strong><\/th><\/tr><\/thead><tbody><tr><td>Nappali l\u00e1that\u00f3s\u00e1g (villog\u00f3 \u00fczemm\u00f3d)<\/td><td>200-300 lumen<\/td><\/tr><tr><td>\u00c9jszakai v\u00e1rosi lovagl\u00e1s<\/td><td>400-600 lumen<\/td><\/tr><tr><td>Vid\u00e9ki vagy kivil\u00e1g\u00edtatlan utak<\/td><td>800-1500 lumen<\/td><\/tr><tr><td>Nagy sebess\u00e9g\u0171 ereszked\u00e9s \/ nagy terhel\u00e9s<\/td><td>1500-2000+ lumen<\/td><\/tr><\/tbody><\/table><\/figure>\n\n\n\n<p>Mert <strong>teherbiciklik<\/strong>, \u00e1ltal\u00e1ban a k\u00f6vetkez\u0151ket javasoljuk <strong>600-1200 lumen<\/strong>, att\u00f3l f\u00fcgg\u0151en, hogy:<\/p>\n\n\n\n<ul class=\"wp-block-list\">\n<li>Ak\u00e1r \u00e9jszaka lovagolsz<\/li>\n\n\n\n<li>\u00datvil\u00e1g\u00edt\u00e1si felt\u00e9telek<\/li>\n\n\n\n<li>Sebess\u00e9g \u00e9s rakom\u00e1ny s\u00falya (amelyek befoly\u00e1solj\u00e1k a meg\u00e1ll\u00e1si id\u0151t)<\/li>\n<\/ul>\n\n\n\n<p><strong>Profi tipp<\/strong>: V\u00e1lasszon olyan l\u00e1mp\u00e1t, amelynek f\u00e9nyereje \u00e1ll\u00edthat\u00f3 (pl. alacsony-k\u00f6z\u00e9pmagas-magas), hogy egyens\u00falyt teremtsen az energiafogyaszt\u00e1s \u00e9s a l\u00e1that\u00f3s\u00e1g k\u00f6z\u00f6tt.<\/p>\n\n\n\n<h2 class=\"wp-block-heading\"><strong>Az 1000 \/ 3000 \/ 4000 lumen t\u00fal f\u00e9nyes egy ker\u00e9kp\u00e1rf\u00e9nyhez?<\/strong><\/h2>\n\n\n\n<p>Att\u00f3l f\u00fcgg - de igen, ez <em>lehet<\/em> bizonyos k\u00f6r\u00fclm\u00e9nyek k\u00f6z\u00f6tt t\u00fal vil\u00e1gos.<\/p>\n\n\n\n<figure class=\"wp-block-table\"><table class=\"has-fixed-layout\"><thead><tr><th><strong>Lumen szint<\/strong><\/th><th><strong>Haszn\u00e1lati eset<\/strong><\/th><th><strong>T\u00fal vil\u00e1gos?<\/strong><\/th><\/tr><\/thead><tbody><tr><td><strong>1000 lumen<\/strong><\/td><td>Kiv\u00e1l\u00f3an alkalmas teherbring\u00e1khoz \u00e9s mindenf\u00e9le haszn\u00e1latra<\/td><td>\u2705 Biztons\u00e1gos \u00e9s ide\u00e1lis<\/td><\/tr><tr><td><strong>3000 lumen<\/strong><\/td><td>Alkalmas terepen vagy nagyon s\u00f6t\u00e9t helyeken t\u00f6rt\u00e9n\u0151 haszn\u00e1latra<\/td><td>\u26a0\ufe0f M\u00e1sok elk\u00e1pr\u00e1ztat\u00e1s\u00e1nak kock\u00e1zata<\/td><\/tr><tr><td><strong>4000+ lumen<\/strong><\/td><td>Extr\u00e9m f\u00e9nyer\u0151; MTB vagy nyomvonalas haszn\u00e1latra<\/td><td>\ud83d\udeab Overkill k\u00f6z\u00fati haszn\u00e1latra<\/td><\/tr><\/tbody><\/table><\/figure>\n\n\n\n<p><strong>Mi\u00e9rt jelenthet probl\u00e9m\u00e1t a t\u00falzott f\u00e9nyer\u0151:<\/strong><\/p>\n\n\n\n<ul class=\"wp-block-list\">\n<li>Elk\u00e1pr\u00e1ztatja a szembej\u00f6v\u0151 lovasokat vagy j\u00e1rm\u0171vezet\u0151ket<\/li>\n\n\n\n<li>Olyan helyeken, mint N\u00e9metorsz\u00e1g, megs\u00e9rtheti a jogi el\u0151\u00edr\u00e1sokat (az StVZO-nak megfelel\u0151 l\u00e1mp\u00e1k korl\u00e1tozz\u00e1k a f\u00e9nysug\u00e1r intenzit\u00e1s\u00e1t).<\/li>\n\n\n\n<li>Energiapazarl\u00e1s - gyorsabban lemer\u00edti az e-ker\u00e9kp\u00e1r akkumul\u00e1tor\u00e1t vagy a k\u00fcls\u0151 f\u00e9nycsomagot.<\/li>\n<\/ul>\n\n\n\n<p><strong>Megold\u00e1s<\/strong>: Keresse a k\u00e1pr\u00e1z\u00e1sg\u00e1tl\u00f3 lencs\u00e9vel vagy lev\u00e1gott f\u00e9nysug\u00e1rral ell\u00e1tott l\u00e1mp\u00e1kat - ezek lefel\u00e9 ir\u00e1ny\u00edtj\u00e1k a f\u00e9nyt, \u00edgy megvil\u00e1g\u00edtj\u00e1k az utat an\u00e9lk\u00fcl, hogy m\u00e1sokat elvak\u00edtan\u00e1nak.<\/p>\n\n\n\n<h2 class=\"wp-block-heading\"><strong>T\u00edpusai <a href=\"https:\/\/regencargobikes.com\/hu\/what-is-a-cargo-bike\/\" data-type=\"post\" data-id=\"1179\">Cargo Bike<\/a> El\u00fcls\u0151 l\u00e1mp\u00e1k \u00e1ramforr\u00e1s szerint<\/strong><\/h2>\n\n\n\n<figure class=\"wp-block-table\"><table class=\"has-fixed-layout\"><thead><tr><th><strong>T\u00edpus<\/strong><\/th><th><strong>Le\u00edr\u00e1s<\/strong><\/th><th><strong>Alkalmas<\/strong><\/th><\/tr><\/thead><tbody><tr><td><strong>Akkumul\u00e1toros<\/strong><\/td><td>Be\u00e9p\u00edtett l\u00edtium-ion cella, USB-n kereszt\u00fcl \u00fajrat\u00f6lthet\u0151<\/td><td>K\u00f6nny\u0171 be\u00e1ll\u00edt\u00e1sok, alkalmi v\u00e1rosi haszn\u00e1lat<\/td><\/tr><tr><td><strong>Dinam\u00f3hajt\u00e1s\u00fa<\/strong><\/td><td>Hub-\u00fczem\u0171, energiatakar\u00e9kos, v\u00e9gtelen \u00fczemid\u0151vel<\/td><td>Hasznos ker\u00e9kp\u00e1rok, nincs sz\u00fcks\u00e9g t\u00f6lt\u00e9sre<\/td><\/tr><tr><td><strong>E-bike rendszer meghajt\u00e1s\u00fa<\/strong><\/td><td>Vez\u00e9rl\u0151n kereszt\u00fcl az e-ker\u00e9kp\u00e1r f\u0151 akkumul\u00e1tor\u00e1hoz csatlakoztatva<\/td><td>A legt\u00f6bb modern teherbringa k\u00f6zponti akkumul\u00e1torral<\/td><\/tr><\/tbody><\/table><\/figure>\n\n\n\n<h2 class=\"wp-block-heading\"><strong>Extra funkci\u00f3k, amelyeket a Cargo Bike els\u0151 l\u00e1mp\u00e1j\u00e1ban keresni kell<\/strong><\/h2>\n\n\n\n<ul class=\"wp-block-list\">\n<li><strong>Integr\u00e1lt szerel\u00e9si rendszer<\/strong>: K\u00fcl\u00f6n\u00f6sen fontos az el\u00f6l rakod\u00f3 teherbring\u00e1k eset\u00e9ben. A vill\u00e1ra szerelt vagy fogasra integr\u00e1lt l\u00e1mpa cs\u00f6kkenti a vibr\u00e1ci\u00f3t \u00e9s jav\u00edtja a f\u00e9nysug\u00e1r stabilit\u00e1s\u00e1t.<\/li>\n\n\n\n<li><strong>V\u00edz\u00e1ll\u00f3 min\u0151s\u00edt\u00e9s<\/strong>: Legal\u00e1bb IPX4 es\u0151s ing\u00e1z\u00e1shoz.<\/li>\n\n\n\n<li><strong>Nappali \u00fczemm\u00f3d<\/strong>: Jav\u00edtja a l\u00e1that\u00f3s\u00e1got nappali f\u00e9nyben - egyre gyakrabban fordul el\u0151 a tehersz\u00e1ll\u00edt\u00f3 flott\u00e1kn\u00e1l.<\/li>\n\n\n\n<li><strong>Akkumul\u00e1tor integr\u00e1ci\u00f3<\/strong>: Az e-cargo ker\u00e9kp\u00e1rok sz\u00e1m\u00e1ra ide\u00e1lis egy olyan els\u0151 l\u00e1mpa, amely a ker\u00e9kp\u00e1r f\u0151 akkumul\u00e1tor\u00e1b\u00f3l t\u00e1pl\u00e1lkozik - kevesebb alkatr\u00e9szt kell t\u00f6lteni vagy kezelni.<\/li>\n\n\n\n<li><strong>\u00c1ll\u00f3f\u00e9ny funkci\u00f3<\/strong>: N\u00e9h\u00e1ny cs\u00facskateg\u00f3ri\u00e1s dinam\u00f3s vagy be\u00e9p\u00edtett l\u00e1mpa meg\u00e1ll\u00e1s ut\u00e1n n\u00e9h\u00e1ny percig vil\u00e1g\u00edt - hasznos piros l\u00e1mp\u00e1kn\u00e1l vagy r\u00f6vid meg\u00e1ll\u00e1sokn\u00e1l.<\/li>\n<\/ul>\n\n\n\n<h2 class=\"wp-block-heading\"><strong>Figyelembe veend\u0151 jogi \u00e9s biztons\u00e1gi el\u0151\u00edr\u00e1sok<\/strong><\/h2>\n\n\n\n<p>Az els\u0151 vil\u00e1g\u00edt\u00e1si rendszer megv\u00e1s\u00e1rl\u00e1sakor vagy be\u00e9p\u00edt\u00e9sekor ellen\u0151rizze, hogy megfelel-e a k\u00f6vetkez\u0151knek:<\/p>\n\n\n\n<ul class=\"wp-block-list\">\n<li><strong>EN 15194<\/strong> - Eur\u00f3pai e-ker\u00e9kp\u00e1r biztons\u00e1gi szab\u00e1lyoz\u00e1s, bele\u00e9rtve a vil\u00e1g\u00edt\u00e1si k\u00f6vetelm\u00e9nyeket is<\/li>\n\n\n\n<li><strong>StVZO<\/strong> - N\u00e9met k\u00f6z\u00fati vil\u00e1g\u00edt\u00e1si szabv\u00e1ny (ha N\u00e9metorsz\u00e1gban export\u00e1l vagy \u00e9rt\u00e9kes\u00edt)<\/li>\n\n\n\n<li><strong>UN ECE R113<\/strong> - A f\u00e9nysug\u00e1rz\u00e1s \u00e9s a f\u00e9nyterjed\u00e9s szempontj\u00e1b\u00f3l, k\u00fcl\u00f6n\u00f6sen a nagyobb elektromos j\u00e1rm\u0171vek eset\u00e9ben.<\/li>\n\n\n\n<li><strong>RoHS \/ CE<\/strong> - Elektromos alkatr\u00e9szek biztons\u00e1ga \u00e9s k\u00f6rnyezetv\u00e9delmi megfelel\u0151s\u00e9g<\/li>\n<\/ul>\n\n\n\n<hr class=\"wp-block-separator has-alpha-channel-opacity\"\/>\n\n\n\t\t<div data-elementor-type=\"section\" data-elementor-id=\"1414\" class=\"elementor elementor-1414\" data-elementor-post-type=\"elementor_library\">\n\t\t\t<div class=\"elementor-element elementor-element-7bf5eb01 e-flex e-con-boxed e-con e-parent\" data-id=\"7bf5eb01\" data-element_type=\"container\" data-e-type=\"container\" data-settings=\"{&quot;background_background&quot;:&quot;classic&quot;,&quot;ekit_has_onepagescroll_dot&quot;:&quot;yes&quot;}\">\n\t\t\t\t\t<div class=\"e-con-inner\">\n\t\t<div class=\"elementor-element elementor-element-9fc34e2 e-con-full e-flex e-con e-child\" data-id=\"9fc34e2\" data-element_type=\"container\" data-e-type=\"container\" data-settings=\"{&quot;background_background&quot;:&quot;classic&quot;,&quot;ekit_has_onepagescroll_dot&quot;:&quot;yes&quot;}\">\n\t\t\t\t<div class=\"elementor-element elementor-element-af4e700 elementor-absolute elementor-widget elementor-widget-image\" data-id=\"af4e700\" data-element_type=\"widget\" data-e-type=\"widget\" data-settings=\"{&quot;_position&quot;:&quot;absolute&quot;}\" data-widget_type=\"image.default\">\n\t\t\t\t<div class=\"elementor-widget-container\">\n\t\t\t\t\t\t\t\t\t\t\t\t\t\t\t<img fetchpriority=\"high\" decoding=\"async\" width=\"800\" height=\"422\" src=\"https:\/\/regencargobikes.com\/wp-content\/uploads\/2025\/05\/regen-02-electric-cargo-bike-.webp\" class=\"attachment-large size-large wp-image-1398\" alt=\"regen 02 elektromos teherbicikli\" srcset=\"https:\/\/regencargobikes.com\/wp-content\/uploads\/2025\/05\/regen-02-electric-cargo-bike-.webp 1000w, https:\/\/regencargobikes.com\/wp-content\/uploads\/2025\/05\/regen-02-electric-cargo-bike--300x158.webp 300w, https:\/\/regencargobikes.com\/wp-content\/uploads\/2025\/05\/regen-02-electric-cargo-bike--768x405.webp 768w, https:\/\/regencargobikes.com\/wp-content\/uploads\/2025\/05\/regen-02-electric-cargo-bike--18x9.webp 18w\" sizes=\"(max-width: 800px) 100vw, 800px\" \/>\t\t\t\t\t\t\t\t\t\t\t\t\t\t\t<\/div>\n\t\t\t\t<\/div>\n\t\t\t\t<\/div>\n\t\t<div class=\"elementor-element elementor-element-7de8cd9d e-con-full e-flex e-con e-child\" data-id=\"7de8cd9d\" data-element_type=\"container\" data-e-type=\"container\" data-settings=\"{&quot;ekit_has_onepagescroll_dot&quot;:&quot;yes&quot;}\">\n\t\t\t\t<div class=\"elementor-element elementor-element-308b8d20 elementor-widget elementor-widget-elementskit-heading\" data-id=\"308b8d20\" data-element_type=\"widget\" data-e-type=\"widget\" data-widget_type=\"elementskit-heading.default\">\n\t\t\t\t<div class=\"elementor-widget-container\">\n\t\t\t\t\t<div class=\"ekit-wid-con\" ><div class=\"ekit-heading elementskit-section-title-wraper text_left   ekit_heading_tablet-   ekit_heading_mobile-text_center\"><h3 class=\"elementskit-section-subtitle\">\n\t\t\t\t\t\tRegen 02 Elektromos teherbicikli\n\t\t\t\t\t<\/h3><h2 class=\"ekit-heading--title elementskit-section-title\">Kompakt, testreszabhat\u00f3 el\u00f6lt\u00f6lt\u0151s g\u00e9pet keres m\u00e1rk\u00e1j\u00e1hoz?<\/h2>\t\t\t\t<div class='ekit-heading__description'>\n\t\t\t\t\t<p class=\"p1\">T\u00dcV \u00e1ltal tesztelt, kor\u00e1bbi egyedi projekteken kereszt\u00fcl. Nyilv\u00e1nosan el\u00e9rhet\u0151 modell \u2013 konfigur\u00e1lhat\u00f3, bev\u00e1lt \u00e9s sk\u00e1l\u00e1zhat\u00f3.<\/p>\n\t\t\t\t<\/div>\n\t\t\t<\/div><\/div>\t\t\t\t<\/div>\n\t\t\t\t<\/div>\n\t\t\t\t<div class=\"elementor-element elementor-element-bf516c8 elementor-align-left elementor-align--mobilecenter elementor-widget elementor-widget-elementskit-button\" data-id=\"bf516c8\" data-element_type=\"widget\" data-e-type=\"widget\" data-widget_type=\"elementskit-button.default\">\n\t\t\t\t<div class=\"elementor-widget-container\">\n\t\t\t\t\t<div class=\"ekit-wid-con\" >\t\t<div class=\"ekit-btn-wraper\">\n\t\t\t\t\t\t\t<a href=\"https:\/\/regencargobikes.com\/hu\/long-john-cargo-bike-regen-02\/\" class=\"elementskit-btn  whitespace--normal\" id=\"\">\n\t\t\t\t\tTudj meg t\u00f6bbet\t\t\t\t<\/a>\n\t\t\t\t\t<\/div>\n        <\/div>\t\t\t\t<\/div>\n\t\t\t\t<\/div>\n\t\t\t\t<\/div>\n\t\t\t\t\t<\/div>\n\t\t\t\t<\/div>\n\t\t\t\t<\/div>\n\t\t\n\n\n\n<h2 class=\"wp-block-heading\"><strong>Mit\u0151l lesz j\u00f3 a Cargo Bike els\u0151 l\u00e1mpa?<\/strong><\/h2>\n\n\n\n<p>A j\u00f3 teherforgalmi ker\u00e9kp\u00e1r el\u00fcls\u0151 l\u00e1mpa kulcsfontoss\u00e1g\u00fa a biztons\u00e1g szempontj\u00e1b\u00f3l, k\u00fcl\u00f6n\u00f6sen a teherforgalmi ker\u00e9kp\u00e1rok jellemz\u0151en nagyobb m\u00e9rete \u00e9s nehezebb terhel\u00e9se miatt. Itt van egy bont\u00e1s arr\u00f3l, hogy mit\u0151l lesz hat\u00e9kony egy l\u00e1mpa:<\/p>\n\n\n\n<h3 class=\"wp-block-heading\"><strong>1. F\u00e9nyer\u0151 (Lumen\/Lux kimenet):<\/strong><\/h3>\n\n\n\n<ul class=\"wp-block-list\">\n<li><strong>Magas f\u00e9nyer\u0151:<\/strong> A teherbicikliknek jelent\u0151s f\u00e9nyteljes\u00edtm\u00e9nyre van sz\u00fcks\u00e9g\u00fck az \u00fat megvil\u00e1g\u00edt\u00e1s\u00e1hoz, k\u00fcl\u00f6n\u00f6sen akkor, ha olyan neh\u00e9z terheket sz\u00e1ll\u00edtanak, amelyek eltakarhatj\u00e1k az utat, vagy ha korl\u00e1tozott k\u00f6zvil\u00e1g\u00edt\u00e1s\u00fa ter\u00fcleteken k\u00f6zlekednek. M\u00edg a hagyom\u00e1nyos ker\u00e9kp\u00e1rok eset\u00e9ben gyakran legal\u00e1bb 100-200 lumenes f\u00e9nyer\u0151vel sz\u00e1molnak, a teherbicikliknek nagy haszn\u00e1ra v\u00e1lik a nagyobb teljes\u00edtm\u00e9ny, gyakran a <strong>500-1000+ lumen tartom\u00e1ny<\/strong>, k\u00fcl\u00f6n\u00f6sen a kivil\u00e1g\u00edtatlan utakon vagy \u00f6sv\u00e9nyeken. N\u00e9h\u00e1ny e-ker\u00e9kp\u00e1r-specifikus l\u00e1mpa ak\u00e1r 1800 lumenre vagy m\u00e9g t\u00f6bbre is k\u00e9pes.<\/li>\n\n\n\n<li><strong>Lux vs. Lumen:<\/strong> M\u00edg a lumen a teljes f\u00e9nykibocs\u00e1t\u00e1st m\u00e9ri, a lux a f\u00e9ny intenzit\u00e1s\u00e1t egy adott t\u00e1vols\u00e1gban \u00e9s ter\u00fcleten. A j\u00f3 f\u00e9nysug\u00e1rz\u00e1si mint\u00e1zattal (l\u00e1sd al\u00e1bb) tervezett l\u00e1mp\u00e1k alacsonyabb lumensz\u00e1mmal rendelkezhetnek, de az optimaliz\u00e1lt lux \u00e9rt\u00e9knek k\u00f6sz\u00f6nhet\u0151en m\u00e9gis kiv\u00e1l\u00f3 megvil\u00e1g\u00edt\u00e1st biztos\u00edtanak ott, ahol a legnagyobb sz\u00fcks\u00e9g van r\u00e1.<\/li>\n<\/ul>\n\n\n\n<h3 class=\"wp-block-heading\"><strong>2. Sug\u00e1rmint\u00e1zat:<\/strong><\/h3>\n\n\n\n<ul class=\"wp-block-list\">\n<li><strong>Sz\u00e9les \u00e9s egyenletes sz\u00f3r\u00e1s:<\/strong> Az orsz\u00e1g\u00fati ker\u00e9kp\u00e1rokkal ellent\u00e9tben, amelyeknek a sebess\u00e9g \u00e9rdek\u00e9ben el\u0151ny\u00f6s lehet egy f\u00f3kusz\u00e1ltabb f\u00e9nysug\u00e1r, a teherbring\u00e1knak sz\u00e9les \u00e9s egyenletes f\u00e9nysug\u00e1rra van sz\u00fcks\u00e9g\u00fck a ker\u00e9kp\u00e1r el\u0151tti sz\u00e9lesebb ter\u00fclet megvil\u00e1g\u00edt\u00e1s\u00e1hoz, bele\u00e9rtve a rakt\u00e9r \u00e9s az esetleges akad\u00e1lyok oldal\u00e1t is.<\/li>\n\n\n\n<li><strong>Cutoff Beam (StVZO-kompatibilis):<\/strong> A v\u00edzszintes f\u00e9nysz\u00f3r\u00f3val ell\u00e1tott l\u00e1mp\u00e1k haszn\u00e1lata er\u0151sen aj\u00e1nlott, k\u00fcl\u00f6n\u00f6sen akkor, ha forgalomban k\u00f6zlekedik. Ez a kialak\u00edt\u00e1s az \u00fatra ir\u00e1ny\u00edtja a f\u00e9nyt, \u00e9s megakad\u00e1lyozza a szembej\u00f6v\u0151 ker\u00e9kp\u00e1rosok \u00e9s j\u00e1rm\u0171vezet\u0151k elvak\u00edt\u00e1s\u00e1t. Ez az eur\u00f3pai (StVZO) szabv\u00e1nynak megfelel\u0151 l\u00e1mp\u00e1k \u00e1ltal\u00e1nos jellemz\u0151je.<\/li>\n\n\n\n<li><strong>Nincsenek forr\u00f3 pontok:<\/strong> A j\u00f3 f\u00e9nysug\u00e1rnak egyenletesnek \u00e9s egyenletesnek kell lennie, t\u00fals\u00e1gosan f\u00e9nyes \"forr\u00f3 foltok\" n\u00e9lk\u00fcl, amelyek \u00e1rny\u00e9kot vethetnek \u00e9s cs\u00f6kkenthetik az \u00e1ltal\u00e1nos l\u00e1that\u00f3s\u00e1got.<\/li>\n<\/ul>\n\n\n\n<h3 class=\"wp-block-heading\"><strong>3. Energiaforr\u00e1s \u00e9s fut\u00e1si id\u0151:<\/strong><\/h3>\n\n\n\n<ul class=\"wp-block-list\">\n<li><strong>Akkumul\u00e1toros (\u00fajrat\u00f6lthet\u0151):<\/strong> Sok modern teherbicikli l\u00e1mpa USB-r\u0151l t\u00f6lthet\u0151. Keresse a hossz\u00fa \u00fczemid\u0151t, k\u00fcl\u00f6n\u00f6sen akkor, ha hosszabb utakat tesz meg, vagy gyakran elfelejti a t\u00f6lt\u00e9st. Az USB-C k\u00e9nyelmes t\u00f6lt\u00e9si szabv\u00e1ny.<\/li>\n\n\n\n<li><strong>Dynamo Hub Powered:<\/strong> A v\u00e9gs\u0151 k\u00e9nyelem \u00e9s a \"mindig bekapcsolt\" vil\u00e1g\u00edt\u00e1s \u00e9rdek\u00e9ben az els\u0151 ker\u00e9kbe \u00e9p\u00edtett dinam\u00f3napt\u00e1r kiv\u00e1l\u00f3 v\u00e1laszt\u00e1s. Ez menet k\u00f6zben termel \u00e1ramot, \u00edgy nincs sz\u00fcks\u00e9g az akkumul\u00e1tor t\u00f6lt\u00e9s\u00e9re. Ez k\u00fcl\u00f6n\u00f6sen n\u00e9pszer\u0171 az eur\u00f3pai teherbring\u00e1kon.<\/li>\n\n\n\n<li><strong>E-Bike integr\u00e1lt:<\/strong> Ha van egy e-cargo ker\u00e9kp\u00e1rja, keressen olyan l\u00e1mp\u00e1kat, amelyeket \u00fagy terveztek, hogy k\u00f6zvetlen\u00fcl az e-bike akkumul\u00e1tor rendszer\u00e9be integr\u00e1l\u00f3djanak. Ezek a l\u00e1mp\u00e1k gyakran nagyobb teljes\u00edtm\u00e9nyt \u00e9s egyenletes teljes\u00edtm\u00e9nyt ny\u00fajtanak an\u00e9lk\u00fcl, hogy k\u00fcl\u00f6n akkumul\u00e1torokra lenne sz\u00fcks\u00e9g\u00fck. Gy\u0151z\u0151dj\u00f6n meg r\u00f3la, hogy a l\u00e1mpa fesz\u00fclts\u00e9ge megfelel az e-bike rendszer\u00e9nek (pl. 12V, 24V, 36V, 48V).<\/li>\n<\/ul>\n\n\n\n<h3 class=\"wp-block-heading\"><strong>4. Szerel\u00e9si lehet\u0151s\u00e9gek:<\/strong><\/h3>\n\n\n\n<ul class=\"wp-block-list\">\n<li><strong>Biztons\u00e1gos \u00e9s stabil:<\/strong> A tehersz\u00e1ll\u00edt\u00f3 ker\u00e9kp\u00e1rok gyakran nagyobb rezg\u00e9st \u00e9s er\u0151sebb \u00fctk\u00f6z\u00e9st tapasztalnak. A l\u00e1mp\u00e1t biztons\u00e1gosan kell felszerelni, hogy ellen\u00e1lljon ezeknek az er\u0151knek \u00e9s megtartsa a c\u00e9lj\u00e1t.<\/li>\n\n\n\n<li><strong>Megfelel\u0151 elhelyez\u00e9s:<\/strong> Vegye figyelembe, hogy a l\u00e1mp\u00e1t hova szerelik fel az adott teherbring\u00e1ra. Egyes teherbring\u00e1knak vannak dedik\u00e1lt r\u00f6gz\u00edt\u00e9si pontjai, m\u00edg m\u00e1sok kreat\u00edv megold\u00e1sokat ig\u00e9nyelhetnek. Egy magasabb szerel\u00e9si pont gyakran jav\u00edthatja a l\u00e1that\u00f3s\u00e1got a ker\u00e9kp\u00e1ros \u00e9s a t\u00f6bbi k\u00f6zleked\u0151 sz\u00e1m\u00e1ra.<\/li>\n\n\n\n<li><strong>Tiszta:<\/strong> Gy\u0151z\u0151dj\u00f6n meg r\u00f3la, hogy a l\u00e1mpa nem zavarja a rakom\u00e1nyt, a korm\u00e1nyz\u00e1st vagy m\u00e1s tartoz\u00e9kokat.<\/li>\n<\/ul>\n\n\n\n<h3 class=\"wp-block-heading\"><strong>5. Tart\u00f3ss\u00e1g \u00e9s id\u0151j\u00e1r\u00e1s\u00e1ll\u00f3s\u00e1g:<\/strong><\/h3>\n\n\n\n<ul class=\"wp-block-list\">\n<li><strong>Robusztus konstrukci\u00f3:<\/strong> A teherb\u00edr\u00e1s\u00fa ker\u00e9kp\u00e1rvil\u00e1g\u00edt\u00e1snak tart\u00f3snak kell lennie, tart\u00f3s burkolattal (gyakran alum\u00ednium), hogy ellen\u00e1lljon a napi haszn\u00e1latnak \u00e9s az esetleges \u00fctk\u00f6z\u00e9seknek.<\/li>\n\n\n\n<li><strong>V\u00edz\u00e1ll\u00f3\/id\u0151j\u00e1r\u00e1s\u00e1ll\u00f3:<\/strong> Keresse az IPX4 vagy magasabb IPX4 min\u0151s\u00edt\u00e9st, hogy a l\u00e1mpa ellen\u00e1lljon az es\u0151nek \u00e9s a fr\u00f6ccsen\u0151 v\u00edznek.<\/li>\n<\/ul>\n\n\n\n<h3 class=\"wp-block-heading\"><strong>6. Tov\u00e1bbi jellemz\u0151k:<\/strong><\/h3>\n\n\n\n<ul class=\"wp-block-list\">\n<li><strong>T\u00f6bbf\u00e9le \u00fczemm\u00f3d:<\/strong> M\u00edg az er\u0151s, \u00e1lland\u00f3 f\u00e9nysug\u00e1r elengedhetetlen a l\u00e1t\u00e1shoz, a villog\u00f3 \u00fczemm\u00f3dok nappal vagy forgalmas v\u00e1rosi k\u00f6rnyezetben n\u00f6velhetik a l\u00e1that\u00f3s\u00e1got m\u00e1sok sz\u00e1m\u00e1ra. Egyes l\u00e1mp\u00e1k \"adapt\u00edv\" \u00fczemm\u00f3dot is k\u00edn\u00e1lnak, amely a k\u00f6rnyezeti f\u00e9nyviszonyok alapj\u00e1n \u00e1ll\u00edtja be a f\u00e9nyer\u0151t.<\/li>\n\n\n\n<li><strong>Nappali menetf\u00e9ny (DRL):<\/strong> Tanulm\u00e1nyok azt mutatj\u00e1k, hogy a nappali vil\u00e1g\u00edt\u00e1s haszn\u00e1lata jelent\u0151sen cs\u00f6kkentheti az \u00fctk\u00f6z\u00e9sek kock\u00e1zat\u00e1t. A dedik\u00e1lt DRL \u00fczemm\u00f3d, amely gyakran kev\u00e9sb\u00e9 intenz\u00edv, de j\u00f3l l\u00e1that\u00f3 villog\u00e1s, \u00e9rt\u00e9kes funkci\u00f3.<\/li>\n\n\n\n<li><strong>Oldals\u00f3 l\u00e1that\u00f3s\u00e1g:<\/strong> Az oldals\u00f3 kiv\u00e1g\u00e1sokkal vagy tov\u00e1bbi, oldalra n\u00e9z\u0151 LED-ekkel ell\u00e1tott l\u00e1mp\u00e1k jav\u00edthatj\u00e1k a l\u00e1that\u00f3s\u00e1got nem k\u00f6zvetlen\u00fcl el\u00f6lr\u0151l, ami fontos a keresztez\u0151d\u00e9sek biztons\u00e1ga szempontj\u00e1b\u00f3l.<\/li>\n\n\n\n<li><strong>Power Bank funkcionalit\u00e1s:<\/strong> Egyes akkumul\u00e1toros l\u00e1mp\u00e1k t\u00e1pegys\u00e9gk\u00e9nt is m\u0171k\u00f6dnek, \u00edgy \u00fatk\u00f6zben is t\u00f6ltheti telefonj\u00e1t vagy m\u00e1s eszk\u00f6zeit.<\/li>\n\n\n\n<li><strong>Egyszer\u0171 felhaszn\u00e1l\u00f3i fel\u00fclet:<\/strong> Az egyszer\u0171, keszty\u0171bar\u00e1t gombok \u00e9s az egy\u00e9rtelm\u0171 \u00fczemm\u00f3dv\u00e1laszt\u00e1s el\u0151nye.<\/li>\n\n\n\n<li><\/li>\n<\/ul>\n\n\n\n<h2 class=\"wp-block-heading\"><strong>Hov\u00e1 kell felszerelni az els\u0151 l\u00e1mp\u00e1t?<\/strong><\/h2>\n\n\n\n<p>A helyes elhelyez\u00e9s biztos\u00edtja a biztons\u00e1got \u00e9s elker\u00fcli az \u00e1rny\u00e9kol\u00e1st. Itt vannak a leggyakoribb lehet\u0151s\u00e9gek:<\/p>\n\n\n\n<figure class=\"wp-block-table\"><table class=\"has-fixed-layout\"><thead><tr><th><strong>Szerel\u00e9si poz\u00edci\u00f3<\/strong><\/th><th><strong>El\u0151ny\u00f6k<\/strong><\/th><th><strong>H\u00e1tr\u00e1nyok<\/strong><\/th><\/tr><\/thead><tbody><tr><td><strong>Korm\u00e1nyra szerelt<\/strong><\/td><td>K\u00f6nnyen telep\u00edthet\u0151 \u00e9s be\u00e1ll\u00edthat\u00f3<\/td><td>El\u00fcls\u0151 \u00e1rny\u00e9kot okozhat, ha a rakom\u00e1ny akad\u00e1lyozza a rakom\u00e1nyt.<\/td><\/tr><tr><td><strong>Villakorona<\/strong><\/td><td>egyenletes megvil\u00e1g\u00edt\u00e1s, alacsony t\u00fckr\u00f6z\u0151d\u00e9s<\/td><td>Neh\u00e9z terepen r\u00e1zk\u00f3dhat<\/td><\/tr><tr><td><strong>Teherhord\u00f3 \u00e1llv\u00e1ny vagy fejcs\u0151<\/strong><\/td><td>A rakom\u00e1ny magass\u00e1g\u00e1hoz igazodik<\/td><td>Egyedi konzolokat ig\u00e9nyel<\/td><\/tr><\/tbody><\/table><\/figure>\n\n\n\n<p>El\u00f6lr\u0151l rakod\u00f3 teherbiciklikhez, <strong>a korm\u00e1nyl\u00e1mp\u00e1k el\u00e9gtelenek lehetnek<\/strong>. Gyakran aj\u00e1nljuk <strong>kett\u0151s vil\u00e1g\u00edt\u00e1si rendszerek<\/strong>:<\/p>\n\n\n\n<ul class=\"wp-block-list\">\n<li>Els\u0151dleges f\u00e9ny bekapcsolva <strong>teherhord\u00f3 \u00e1llv\u00e1ny vagy keret<\/strong><\/li>\n\n\n\n<li>M\u00e1sodlagos f\u00e9ny bekapcsolva <strong>korm\u00e1ny<\/strong><\/li>\n<\/ul>\n\n\n\n<h2 class=\"wp-block-heading\"><strong>Hogyan <a href=\"https:\/\/regencargobikes.com\/hu\/about\/\" data-type=\"page\" data-id=\"171\">Regen <\/a>Seg\u00edt: Modul\u00e1ris vil\u00e1g\u00edt\u00e1s, integr\u00e1lt energiaell\u00e1t\u00e1s \u00e9s megfelel\u0151s\u00e9g<\/strong><\/h2>\n\n\n\n<p>Az Regen teherbring\u00e1kat a vil\u00e1g\u00edt\u00e1s integr\u00e1ci\u00f3j\u00e1nak szem el\u0151tt tart\u00e1s\u00e1val tervezz\u00fck:<\/p>\n\n\n\n<ul class=\"wp-block-list\">\n<li><strong>Egyedi l\u00e1mp\u00e1k felszerel\u00e9se<\/strong> Long Johnok, triciklik \u00e9s \u00e1tj\u00e1r\u00f3k sz\u00e1m\u00e1ra<\/li>\n\n\n\n<li><strong>V\u00edz\u00e1ll\u00f3 k\u00e1belez\u00e9s<\/strong> (IP65+) \u00e9s el\u0151biztos\u00edtott k\u00e1belk\u00f6teggel<\/li>\n\n\n\n<li><strong>Rendszerszint\u0171 energiagazd\u00e1lkod\u00e1s<\/strong> az akkumul\u00e1tor lemer\u00fcl\u00e9s\u00e9nek elker\u00fcl\u00e9se \u00e9rdek\u00e9ben<\/li>\n\n\n\n<li><strong>StVZO- \u00e9s EN 15194-kompatibilis opci\u00f3k<\/strong> EU-s \u00fcgyfelek sz\u00e1m\u00e1ra<\/li>\n\n\n\n<li>Opcion\u00e1lis <strong>DRL, t\u00e1vols\u00e1gi\/tomp\u00edtott f\u00e9ny v\u00e1lt\u00e1s<\/strong>, \u00e9s <strong>automatikus f\u00e9ny\u00e9rz\u00e9kel\u0151k<\/strong><\/li>\n<\/ul>\n\n\n\n<p>OEM\/ODM partnerek sz\u00e1m\u00e1ra pedig a k\u00f6vetkez\u0151ket k\u00edn\u00e1ljuk <strong>egyedi els\u0151 l\u00e1mpa integr\u00e1ci\u00f3<\/strong> a v\u00e1zgeometri\u00e1t\u00f3l, a m\u00e1rkaeszt\u00e9tik\u00e1t\u00f3l \u00e9s a felhaszn\u00e1l\u00f3i forgat\u00f3k\u00f6nyvekt\u0151l f\u00fcgg\u0151en.<\/p>\n\n\n\n<p>\ud83d\udce9 <a href=\"https:\/\/regencargobikes.com\/hu\/contact\/\" data-type=\"page\" data-id=\"177\"><strong>L\u00e9pjen kapcsolatba vel\u00fcnk most<\/strong><\/a> hogy megbesz\u00e9lj\u00fck a projektj\u00e9t.<\/p>\n\n\n\n<hr class=\"wp-block-separator has-alpha-channel-opacity\"\/>\n\n\n\n<h2 class=\"wp-block-heading\"><strong>Referenci\u00e1k<\/strong><\/h2>\n\n\n\n<ul class=\"wp-block-list\">\n<li>Eur\u00f3pai Szabv\u00e1ny\u00fcgyi Bizotts\u00e1g (CEN). (2021). <em>EN 15194: Elektromos seg\u00e9dmotoros ker\u00e9kp\u00e1rok (EPAC) - EPAC-k - Biztons\u00e1gi k\u00f6vetelm\u00e9nyek \u00e9s vizsg\u00e1lati m\u00f3dszerek.<\/em><\/li>\n\n\n\n<li>Sz\u00f6vets\u00e9gi K\u00f6zleked\u00e9si \u00e9s Digit\u00e1lis Infrastrukt\u00fara\u00fcgyi Miniszt\u00e9rium (N\u00e9metorsz\u00e1g). (2022). <em>StVZO - Stra\u00dfenverkehrs-Zulassungs-Ordnung.<\/em><\/li>\n\n\n\n<li>Ker\u00e9kp\u00e1ros f\u00e9nysug\u00e1rz\u00e1si mint\u00e1k \u00e9s biztons\u00e1g - N\u00e9met Ker\u00e9kp\u00e1rosok Sz\u00f6vets\u00e9ge (ADFC), 2020.<\/li>\n<\/ul>","protected":false},"excerpt":{"rendered":"<p>At Regen, where we design and manufacture complete cargo bike systems for families and fleets, we often get asked about front lighting \u2014 especially as riders begin commuting at dusk, navigating low-light city alleys, or delivering across darker rural routes. Lighting is not just about visibility; it\u2019s about road legality, rider safety, and even battery [&hellip;]<\/p>\n","protected":false},"author":2,"featured_media":1740,"comment_status":"open","ping_status":"closed","sticky":false,"template":"","format":"standard","meta":{"footnotes":""},"categories":[2],"tags":[],"class_list":["post-1739","post","type-post","status-publish","format-standard","has-post-thumbnail","hentry","category-knowledge"],"_links":{"self":[{"href":"https:\/\/regencargobikes.com\/hu\/wp-json\/wp\/v2\/posts\/1739","targetHints":{"allow":["GET"]}}],"collection":[{"href":"https:\/\/regencargobikes.com\/hu\/wp-json\/wp\/v2\/posts"}],"about":[{"href":"https:\/\/regencargobikes.com\/hu\/wp-json\/wp\/v2\/types\/post"}],"author":[{"embeddable":true,"href":"https:\/\/regencargobikes.com\/hu\/wp-json\/wp\/v2\/users\/2"}],"replies":[{"embeddable":true,"href":"https:\/\/regencargobikes.com\/hu\/wp-json\/wp\/v2\/comments?post=1739"}],"version-history":[{"count":1,"href":"https:\/\/regencargobikes.com\/hu\/wp-json\/wp\/v2\/posts\/1739\/revisions"}],"predecessor-version":[{"id":1741,"href":"https:\/\/regencargobikes.com\/hu\/wp-json\/wp\/v2\/posts\/1739\/revisions\/1741"}],"wp:featuredmedia":[{"embeddable":true,"href":"https:\/\/regencargobikes.com\/hu\/wp-json\/wp\/v2\/media\/1740"}],"wp:attachment":[{"href":"https:\/\/regencargobikes.com\/hu\/wp-json\/wp\/v2\/media?parent=1739"}],"wp:term":[{"taxonomy":"category","embeddable":true,"href":"https:\/\/regencargobikes.com\/hu\/wp-json\/wp\/v2\/categories?post=1739"},{"taxonomy":"post_tag","embeddable":true,"href":"https:\/\/regencargobikes.com\/hu\/wp-json\/wp\/v2\/tags?post=1739"}],"curies":[{"name":"wp","href":"https:\/\/api.w.org\/{rel}","templated":true}]}}