{"id":1763,"date":"2025-07-29T02:36:57","date_gmt":"2025-07-28T18:36:57","guid":{"rendered":"https:\/\/regencargobikes.com\/?p=1763"},"modified":"2025-07-29T02:37:00","modified_gmt":"2025-07-28T18:37:00","slug":"the-strategic-imperative-of-cargo-bikes-in-european-urban-mobility","status":"publish","type":"post","link":"https:\/\/regencargobikes.com\/hu\/the-strategic-imperative-of-cargo-bikes-in-european-urban-mobility\/","title":{"rendered":"A teherbring\u00e1k strat\u00e9giai fontoss\u00e1ga az eur\u00f3pai v\u00e1rosi mobilit\u00e1sban"},"content":{"rendered":"<p>Az eur\u00f3pai v\u00e1rosok m\u00e9lyrehat\u00f3 \u00e1talakul\u00e1son mennek kereszt\u00fcl a v\u00e1rosi k\u00f6zleked\u00e9s \u00e9s logisztika megk\u00f6zel\u00edt\u00e9se ter\u00e9n. Az egykor hi\u00e1nyp\u00f3tl\u00f3 megold\u00e1snak tekintett teherbring\u00e1k - k\u00fcl\u00f6n\u00f6sen az elektromos teherbring\u00e1k (e-cargo biciklik) - gyorsan a fenntarthat\u00f3, k\u00f6lts\u00e9ghat\u00e9kony \u00e9s emberk\u00f6zpont\u00fa mobilit\u00e1s strat\u00e9giai pill\u00e9r\u00e9v\u00e9 fejl\u0151dtek. Ezek nem puszt\u00e1n a hagyom\u00e1nyos k\u00e9zbes\u00edt\u0151 furgonok vagy teheraut\u00f3k alternat\u00edv\u00e1j\u00e1t jelentik, hanem az eg\u00e9szs\u00e9gesebb, biztons\u00e1gosabb \u00e9s rugalmasabb v\u00e1rosi k\u00f6rnyezet kataliz\u00e1torai.<\/p>\n\n\n\n<p>A teherbring\u00e1k Eur\u00f3pa-szerte hozz\u00e1j\u00e1rulnak az ambici\u00f3zus \u00e9ghajlati c\u00e9lok el\u00e9r\u00e9s\u00e9hez, a v\u00e1rosi zs\u00fafolts\u00e1g kezel\u00e9s\u00e9hez \u00e9s az aut\u00f3k \u00e1ltal uralt v\u00e1rosok t\u00e1rsadalmi k\u00f6lts\u00e9geinek cs\u00f6kkent\u00e9s\u00e9hez. Ezt az \u00e1tmenetet az er\u0151s piaci n\u00f6veked\u00e9s, a t\u00e1mogat\u00f3 szakpolitik\u00e1k \u00e9s a technol\u00f3giai fejl\u0151d\u00e9s t\u00e1mogatja, amely egyre versenyk\u00e9pesebb\u00e9 teszi a teherbicikliket.<\/p>\n\n\n\n<blockquote class=\"wp-block-quote is-layout-flow wp-block-quote-is-layout-flow\">\n<p><\/p>\n<\/blockquote>\n\n\n\n<hr class=\"wp-block-separator has-alpha-channel-opacity\"\/>\n\n\n\n<h2 class=\"wp-block-heading\"><strong>A teherforgalmi ker\u00e9kp\u00e1rok \u00e9s sokr\u00e9t\u0171 el\u0151nyeik meghat\u00e1roz\u00e1sa<\/strong><\/h2>\n\n\n\n<p>A teherbring\u00e1k olyan c\u00e9lzottan \u00e9p\u00edtett ker\u00e9kp\u00e1rok vagy triciklik, amelyeket \u00e1ruk, utasok vagy felszerel\u00e9sek sz\u00e1ll\u00edt\u00e1s\u00e1ra terveztek, \u00e9s amelyek meghaladj\u00e1k a hagyom\u00e1nyos ker\u00e9kp\u00e1r \u00e1ltal elb\u00edrhat\u00f3 m\u00e9rt\u00e9ket. Elektromos v\u00e1ltozataik (e-cargo biciklik) akkumul\u00e1torral m\u0171k\u00f6d\u0151 ped\u00e1lseg\u00edts\u00e9get tartalmaznak, \u00edgy nagyobb terhek sz\u00e1ll\u00edt\u00e1s\u00e1ra \u00e9s nagyobb t\u00e1vols\u00e1gok megt\u00e9tel\u00e9re k\u00e9pesek kisebb fizikai er\u0151fesz\u00edt\u00e9ssel.<\/p><div class=\"regen-test-placement-from-wizard-1604397851\" id=\"regen-221275370\"><script async src=\"https:\/\/pagead2.googlesyndication.com\/pagead\/js\/adsbygoogle.js?client=ca-pub-1076230867169041\"\n     crossorigin=\"anonymous\"><\/script><\/div><div class=\"regen-test-placement-from-wizard-2878267818\" id=\"regen-4152314323\"><script async src=\"https:\/\/pagead2.googlesyndication.com\/pagead\/js\/adsbygoogle.js?client=ca-pub-1076230867169041\"\n     crossorigin=\"anonymous\"><\/script><\/div>\n\n\n\n<p>A teherbring\u00e1k, amelyek egykor csak a kis l\u00e9pt\u00e9k\u0171 v\u00e1rosi k\u00e9zbes\u00edt\u0151 pil\u00f3t\u00e1k vagy a csal\u00e1dok sz\u00e1m\u00e1ra voltak alkalmasak, ma m\u00e1r k\u00f6zponti szerepet j\u00e1tszanak a v\u00e1rosi logisztik\u00e1ban \u00e9s mobilit\u00e1sban. Sz\u00e9les k\u00f6r\u0171 vonzerej\u00fck a k\u00f6rnyezeti, gazdas\u00e1gi, m\u0171k\u00f6d\u00e9si \u00e9s t\u00e1rsadalmi el\u0151ny\u00f6k kombin\u00e1ci\u00f3j\u00e1ban rejlik, amelyek messze t\u00falmutatnak a k\u00f6zleked\u00e9si \u00e1gazaton.<\/p>\n\n\n\n<hr class=\"wp-block-separator has-alpha-channel-opacity\"\/>\n\n\n\n<p><\/p>\n\n\n\n<h3 class=\"wp-block-heading\"><strong>K\u00f6rnyezeti el\u0151ny\u00f6k: Z\u00e9r\u00f3 kibocs\u00e1t\u00e1s\u00fa v\u00e1rosi \u00e1rusz\u00e1ll\u00edt\u00e1s<\/strong><\/h3>\n\n\n\n<p>A teherbiciklik k\u00f6zvetlen\u00fcl a v\u00e1rosi k\u00f6zleked\u00e9s sz\u00e9n-dioxid-mentes\u00edt\u00e9s\u00e9nek s\u00fcrget\u0151 sz\u00fcks\u00e9gess\u00e9g\u00e9t szolg\u00e1lj\u00e1k. A hagyom\u00e1nyos d\u00edzel furgonokkal ellent\u00e9tben az e-cargo ker\u00e9kp\u00e1rok nulla kipufog\u00f3g\u00e1z-kibocs\u00e1t\u00e1ssal m\u0171k\u00f6dnek, ami dr\u00e1maian cs\u00f6kkenti a sz\u00e9n-dioxid-kibocs\u00e1t\u00e1st.<\/p>\n\n\n\n<ul class=\"wp-block-list\">\n<li>Egy londoni tanulm\u00e1ny szerint a teherbiciklik <strong>96% kevesebb CO\u2082-kibocs\u00e1t\u00e1s kilom\u00e9terenk\u00e9nt, mint az elektromos furgonokn\u00e1l<\/strong> \u00e9s ak\u00e1r <strong>90% kevesebb, mint a d\u00edzel\u00fczem\u0171 furgonok\u00e9<\/strong>.<\/li>\n\n\n\n<li>Amszterdamban a v\u00e1ros <em>Ker\u00e9kp\u00e1r logisztika<\/em> projekt helyettes\u00edt\u00e9s\u00e9re <strong>7% kereskedelmi furgonok \u00fatjai<\/strong>, v\u00e1g\u00e1s <strong>16 000 tonna \u00e9ves CO\u2082-kibocs\u00e1t\u00e1s<\/strong>-az elt\u00e1vol\u00edt\u00e1ssal egyen\u00e9rt\u00e9k\u0171 <strong>3,500 aut\u00f3<\/strong> az utc\u00e1r\u00f3l.<\/li>\n<\/ul>\n\n\n\n<p>Ezeknek a k\u00f6rnyezeti el\u0151ny\u00f6knek t\u00f6bbsz\u00f6r\u00f6s hat\u00e1suk van. A tiszt\u00e1bb leveg\u0151 hozz\u00e1j\u00e1rul a k\u00f6zeg\u00e9szs\u00e9g\u00fcgyi eredm\u00e9nyek javul\u00e1s\u00e1hoz, m\u00edg a zajszennyez\u00e9s cs\u00f6kken\u00e9se n\u00f6veli a v\u00e1rosi \u00e9letmin\u0151s\u00e9get.<\/p>\n\n\n\n<blockquote class=\"wp-block-quote is-layout-flow wp-block-quote-is-layout-flow\">\n<figure class=\"wp-block-image size-large\"><img fetchpriority=\"high\" decoding=\"async\" width=\"1024\" height=\"471\" src=\"https:\/\/regencargobikes.com\/wp-content\/uploads\/2025\/07\/In-Amsterdam-the-citys-Cycle-Logistics-project-replaced-7-of-commercial-van-trips-cutting-16000-tonnes-of-annual-CO\u2082-emissions\u2014the-equivalent-of-removing-3500-cars-from-the-streets-1024x471.webp\" alt=\"\" class=\"wp-image-1764\" srcset=\"https:\/\/regencargobikes.com\/wp-content\/uploads\/2025\/07\/In-Amsterdam-the-citys-Cycle-Logistics-project-replaced-7-of-commercial-van-trips-cutting-16000-tonnes-of-annual-CO\u2082-emissions\u2014the-equivalent-of-removing-3500-cars-from-the-streets-1024x471.webp 1024w, https:\/\/regencargobikes.com\/wp-content\/uploads\/2025\/07\/In-Amsterdam-the-citys-Cycle-Logistics-project-replaced-7-of-commercial-van-trips-cutting-16000-tonnes-of-annual-CO\u2082-emissions\u2014the-equivalent-of-removing-3500-cars-from-the-streets-300x138.webp 300w, https:\/\/regencargobikes.com\/wp-content\/uploads\/2025\/07\/In-Amsterdam-the-citys-Cycle-Logistics-project-replaced-7-of-commercial-van-trips-cutting-16000-tonnes-of-annual-CO\u2082-emissions\u2014the-equivalent-of-removing-3500-cars-from-the-streets-768x353.webp 768w, https:\/\/regencargobikes.com\/wp-content\/uploads\/2025\/07\/In-Amsterdam-the-citys-Cycle-Logistics-project-replaced-7-of-commercial-van-trips-cutting-16000-tonnes-of-annual-CO\u2082-emissions\u2014the-equivalent-of-removing-3500-cars-from-the-streets-1536x706.webp 1536w, https:\/\/regencargobikes.com\/wp-content\/uploads\/2025\/07\/In-Amsterdam-the-citys-Cycle-Logistics-project-replaced-7-of-commercial-van-trips-cutting-16000-tonnes-of-annual-CO\u2082-emissions\u2014the-equivalent-of-removing-3500-cars-from-the-streets-18x8.webp 18w, https:\/\/regencargobikes.com\/wp-content\/uploads\/2025\/07\/In-Amsterdam-the-citys-Cycle-Logistics-project-replaced-7-of-commercial-van-trips-cutting-16000-tonnes-of-annual-CO\u2082-emissions\u2014the-equivalent-of-removing-3500-cars-from-the-streets.webp 1766w\" sizes=\"(max-width: 1024px) 100vw, 1024px\" \/><\/figure>\n<\/blockquote>\n\n\n\n<hr class=\"wp-block-separator has-alpha-channel-opacity\"\/>\n\n\n\n<p><\/p>\n\n\n\n<h3 class=\"wp-block-heading\"><strong>Gazdas\u00e1gi \u00e9s m\u0171k\u00f6d\u00e9si hat\u00e9konys\u00e1g: A v\u00e1rosi sz\u00e1ll\u00edt\u00e1s \u00fajradefini\u00e1l\u00e1sa<\/strong><\/h3>\n\n\n\n<p>\u00dczleti szempontb\u00f3l a teherbiciklik meggy\u0151z\u0151 gazdas\u00e1gi el\u0151ny\u00f6kkel j\u00e1rnak. Sz\u00e1mos tanulm\u00e1ny \u00e9s k\u00eds\u00e9rleti projekt bizony\u00edtotta, hogy az e-cargo ker\u00e9kp\u00e1rok s\u0171r\u0171 v\u00e1rosi k\u00f6rnyezetben jobban teljes\u00edtenek, mint a furgonok.<\/p>\n\n\n\n<ul class=\"wp-block-list\">\n<li>A teherbring\u00e1k cs\u00f6kkenthetik a sz\u00e1ll\u00edt\u00e1si k\u00f6lts\u00e9geket <strong>90%-ig<\/strong> az \u00fczemanyag, a parkol\u00e1s \u00e9s a karbantart\u00e1s elsz\u00e1mol\u00e1sakor.<\/li>\n\n\n\n<li>Mil\u00e1n\u00f3ban egy k\u00eds\u00e9rleti program kimutatta, hogy <strong>23% sz\u00e1ll\u00edt\u00e1si id\u0151 cs\u00f6kkent\u00e9se<\/strong> \u00e9s egy <strong>40% m\u0171k\u00f6d\u00e9si k\u00f6lts\u00e9gek cs\u00f6kken\u00e9se<\/strong> az utols\u00f3 m\u00e9rf\u00f6ldes logisztik\u00e1ban a furgonokkal \u00f6sszehasonl\u00edtva.<\/li>\n\n\n\n<li>A zs\u00fafolt v\u00e1rosi k\u00f6zpontokban a teherbiciklik csomagokat sz\u00e1ll\u00edtanak <strong>30% gyorsabb<\/strong> \u00e9s ki tudja t\u00f6lteni <strong>20-25 sz\u00e1ll\u00edt\u00e1s \u00f3r\u00e1nk\u00e9nt<\/strong>, szemben csak <strong>12 sz\u00e1ll\u00edt\u00e1s \u00f3r\u00e1nk\u00e9nt<\/strong> furgonok eset\u00e9ben.<\/li>\n<\/ul>\n\n\n\n<p>A teherbicikliknek az a k\u00e9pess\u00e9ge, hogy m\u00e9g a forgalmasabb ter\u00fcleteken is k\u00e9pesek kisz\u00e1m\u00edthat\u00f3 szervizid\u0151ket fenntartani, lehet\u0151v\u00e9 teszi a v\u00e1llalkoz\u00e1sok sz\u00e1m\u00e1ra a sz\u00e1ll\u00edt\u00e1si menetrendek optimaliz\u00e1l\u00e1s\u00e1t \u00e9s az \u00fcgyfelek el\u00e9gedetts\u00e9g\u00e9nek n\u00f6vel\u00e9s\u00e9t.<\/p>\n\n\n\n<blockquote class=\"wp-block-quote is-layout-flow wp-block-quote-is-layout-flow\">\n<p><\/p>\n<\/blockquote>\n\n\n\n<hr class=\"wp-block-separator has-alpha-channel-opacity\"\/>\n\n\n\n<p><\/p>\n\n\n\n<h3 class=\"wp-block-heading\"><strong>A torl\u00f3d\u00e1sok cs\u00f6kkent\u00e9se \u00e9s a v\u00e1rosi k\u00f6zleked\u00e9s jav\u00edt\u00e1sa<\/strong><\/h3>\n\n\n\n<p>A teherbring\u00e1k egyed\u00fcl\u00e1ll\u00f3an alkalmasak a zs\u00fafolt v\u00e1rosi utc\u00e1kon, a gyalogos\u00f6vezetekben \u00e9s az alacsony kibocs\u00e1t\u00e1s\u00fa z\u00f3n\u00e1kban (LEZ) val\u00f3 k\u00f6zleked\u00e9sre, ahol a nagyobb j\u00e1rm\u0171vek b\u00fcntet\u00e9ssel vagy egyenesen korl\u00e1toz\u00e1sokkal szembes\u00fclnek.<\/p>\n\n\n\n<p>Kompakt m\u00e9ret\u00fck lehet\u0151v\u00e9 teszi sz\u00e1mukra, hogy megker\u00fclj\u00e9k a forgalmi sorokat, \u00e9s az utak vagy ker\u00e9kp\u00e1rs\u00e1vok elz\u00e1r\u00e1sa n\u00e9lk\u00fcl f\u00e9rjenek hozz\u00e1 a j\u00e1rdaszeg\u00e9lyekhez. A teherbring\u00e1k a furgonok helyettes\u00edt\u00e9s\u00e9vel \u00e9rt\u00e9kes v\u00e1rosi ter\u00fcletet szabad\u00edtanak fel, cs\u00f6kkentik a dupla parkol\u00e1ssal j\u00e1r\u00f3 incidenseket \u00e9s enyh\u00edtik a torl\u00f3d\u00e1sokat - ez a v\u00e1rosok \u00e9s a v\u00e1llalkoz\u00e1sok \u00e1ltal egyar\u00e1nt nagyra \u00e9rt\u00e9kelt el\u0151ny.<\/p>\n\n\n\n<hr class=\"wp-block-separator has-alpha-channel-opacity\"\/>\n\n\n\n<p><\/p>\n\n\n\n<h3 class=\"wp-block-heading\"><strong>Szoci\u00e1lis \u00e9s eg\u00e9szs\u00e9g\u00fcgyi el\u0151ny\u00f6k: Biztons\u00e1gosabb, akt\u00edvabb v\u00e1rosok<\/strong><\/h3>\n\n\n\n<p>A k\u00f6rnyezetv\u00e9delmi \u00e9s gazdas\u00e1gi el\u0151ny\u00f6k\u00f6n t\u00fal a teherbiciklik jelent\u0151s t\u00e1rsadalmi el\u0151ny\u00f6kkel j\u00e1rnak:<\/p>\n\n\n\n<ol start=\"1\" class=\"wp-block-list\">\n<li><strong>Az akt\u00edv utaz\u00e1s \u00f6szt\u00f6nz\u00e9se:<\/strong> A ker\u00e9kp\u00e1rosok nagyobb r\u00e9szv\u00e9tele el\u0151seg\u00edti az eg\u00e9szs\u00e9gesebb \u00e9letm\u00f3dot \u00e9s a ker\u00e9kp\u00e1ros kult\u00fara kialakul\u00e1s\u00e1t a v\u00e1rosokban.<\/li>\n\n\n\n<li><strong>Biztons\u00e1gosabb utc\u00e1k:<\/strong> A teherbring\u00e1k kisebb sebess\u00e9ggel haladnak, mint a motoriz\u00e1lt j\u00e1rm\u0171vek, \u00edgy cs\u00f6kkentve a k\u00f6zleked\u00e9si \u00fctk\u00f6z\u00e9sek kock\u00e1zat\u00e1t \u00e9s s\u00falyoss\u00e1g\u00e1t.<\/li>\n\n\n\n<li><strong>K\u00f6zeg\u00e9szs\u00e9g\u00fcgy:<\/strong> A tiszt\u00e1bb leveg\u0151 \u00e9s a kevesebb zajszennyez\u00e9s hozz\u00e1j\u00e1rul a k\u00f6z\u00f6ss\u00e9g j\u00f3l\u00e9t\u00e9nek javul\u00e1s\u00e1hoz.<\/li>\n<\/ol>\n\n\n\n<p>London <strong>Vision Zero<\/strong> biztons\u00e1gi strat\u00e9gia p\u00e9ld\u00e1ul szorosan illeszkedik a teherbiciklik elfogad\u00e1s\u00e1hoz, mivel ezek a j\u00e1rm\u0171vek cs\u00f6kkentik a gyalogosok \u00e9s m\u00e1s ker\u00e9kp\u00e1rosok k\u00f6zleked\u00e9si kock\u00e1zat\u00e1t.<\/p>\n\n\n\n<blockquote class=\"wp-block-quote is-layout-flow wp-block-quote-is-layout-flow\">\n<p><\/p>\n<\/blockquote>\n\n\n\n<hr class=\"wp-block-separator has-alpha-channel-opacity\"\/>\n\n\n\n<p><\/p>\n\n\n\n<h3 class=\"wp-block-heading\"><strong>Az el\u0151ny\u00f6k \u00f6ner\u0151s\u00edt\u0151 k\u00f6rforg\u00e1sa<\/strong><\/h3>\n\n\n\n<p>Ezek a sokr\u00e9t\u0171 el\u0151ny\u00f6k szinergi\u00e1ban m\u0171k\u00f6dnek. A v\u00e1llalkoz\u00e1sok a teherbiciklis sz\u00e1ll\u00edt\u00e1sb\u00f3l sz\u00e1rmaz\u00f3 megtakar\u00edt\u00e1sokat z\u00f6ld flott\u00e1juk b\u0151v\u00edt\u00e9s\u00e9be fektetik vissza, ami tov\u00e1bb cs\u00f6kkenti a torl\u00f3d\u00e1sokat \u00e9s a kibocs\u00e1t\u00e1st. A tiszt\u00e1bb \u00e9s biztons\u00e1gosabb utc\u00e1k t\u00f6bb embert \u00f6szt\u00f6n\u00f6znek a ker\u00e9kp\u00e1roz\u00e1sra, ami n\u00f6veli a ker\u00e9kp\u00e1ros infrastrukt\u00fara ir\u00e1nti keresletet \u00e9s normaliz\u00e1lja a teherbringa haszn\u00e1lat\u00e1t.<\/p>\n\n\n\n<p>A teherbiciklik n\u00e9pszer\u0171s\u00edt\u00e9s\u00e9t c\u00e9lz\u00f3 v\u00e1rospolitik\u00e1knak ez\u00e9rt egy <strong>holisztikus megk\u00f6zel\u00edt\u00e9s<\/strong>, a k\u00f6rnyezeti, gazdas\u00e1gi \u00e9s t\u00e1rsadalmi el\u0151ny\u00f6k egyidej\u0171 kihaszn\u00e1l\u00e1sa a hat\u00e1s maximaliz\u00e1l\u00e1sa \u00e9rdek\u00e9ben.<\/p>\n\n\n\n<hr class=\"wp-block-separator has-alpha-channel-opacity\"\/>\n\n\n\n<p><\/p>\n\n\n\n<h2 class=\"wp-block-heading\"><strong>Az eur\u00f3pai E-Cargo Bike piac \u00e1ttekint\u00e9se: (2024-2034)<\/strong><\/h2>\n\n\n\n<p>Az eur\u00f3pai e-cargo ker\u00e9kp\u00e1rok piaca robban\u00e1sszer\u0171 n\u00f6veked\u00e9snek indult, ami t\u00fckr\u00f6zi a v\u00e1rosi mobilit\u00e1si strat\u00e9gi\u00e1kban bet\u00f6lt\u00f6tt n\u00f6vekv\u0151 jelent\u0151s\u00e9g\u00e9t.<\/p>\n\n\n\n<ul class=\"wp-block-list\">\n<li><strong>Piaci \u00e9rt\u00e9k 2024-ben:<\/strong> USD <strong>2,01 milli\u00e1rd<\/strong><\/li>\n\n\n\n<li><strong>El\u0151rejelzett piaci \u00e9rt\u00e9k 2034-ben:<\/strong> USD <strong>37,24 milli\u00e1rd<\/strong><\/li>\n\n\n\n<li><strong>CAGR:<\/strong> <strong>33.90% (2024-2034)<\/strong><\/li>\n<\/ul>\n\n\n\n<p>Egy k\u00fcl\u00f6n elemz\u00e9s szerint a piac n\u00f6veked\u00e9se <strong>1,16 milli\u00e1rd USD 2025-ben 1,6 milli\u00e1rd USD 2029-ben<\/strong>, ami egy konzervat\u00edvabb, de m\u00e9g mindig jelent\u0151s <strong>8.51% CAGR<\/strong>.<\/p>\n\n\n\n<p>Ezt a felfel\u00e9 \u00edvel\u0151 p\u00e1ly\u00e1t t\u00f6bb, egym\u00e1shoz k\u00f6zel\u00edt\u0151 er\u0151 t\u00e1pl\u00e1lja:<\/p>\n\n\n\n<ol start=\"1\" class=\"wp-block-list\">\n<li><strong>Fenntarthat\u00f3 mobilit\u00e1si priorit\u00e1sok:<\/strong> A v\u00e1rosok \u00e9s a v\u00e1llalkoz\u00e1sok az alacsony sz\u00e9n-dioxid-kibocs\u00e1t\u00e1s\u00fa k\u00f6zleked\u00e9st helyezik el\u0151t\u00e9rbe.<\/li>\n\n\n\n<li><strong>Szab\u00e1lyoz\u00e1si nyom\u00e1s:<\/strong> A szigor\u00fabb k\u00f6rnyezetv\u00e9delmi el\u0151\u00edr\u00e1sok, mint p\u00e9ld\u00e1ul az eur\u00f3pai Green Deal, felgyors\u00edtj\u00e1k a flott\u00e1k villamos\u00edt\u00e1s\u00e1t.<\/li>\n\n\n\n<li><strong>K\u00f6lts\u00e9ghat\u00e9kony logisztika:<\/strong> A megfizethet\u0151 utols\u00f3 m\u00e9rf\u00f6ldes sz\u00e1ll\u00edt\u00e1si megold\u00e1sok ir\u00e1nti kereslet minden eddigin\u00e9l nagyobb.<\/li>\n<\/ol>\n\n\n\n<blockquote class=\"wp-block-quote is-layout-flow wp-block-quote-is-layout-flow\">\n<p><\/p>\n<\/blockquote>\n\n\n\n<hr class=\"wp-block-separator has-alpha-channel-opacity\"\/>\n\n\n\n<p><\/p>\n\n\n\n<h3 class=\"wp-block-heading\"><strong>Region\u00e1lis vezet\u0151k: Nyugat-Eur\u00f3pa az \u00e9len<\/strong><\/h3>\n\n\n\n<p>Nyugat-Eur\u00f3pa uralja az e-cargo ker\u00e9kp\u00e1rok piac\u00e1t, N\u00e9metorsz\u00e1g, Hollandia, D\u00e1nia \u00e9s Franciaorsz\u00e1g vezet az elterjed\u00e9sben.<\/p>\n\n\n\n<ul class=\"wp-block-list\">\n<li><strong>N\u00e9metorsz\u00e1g:<\/strong> Tartja a <strong>44% az eur\u00f3pai piacon (2024)<\/strong>k\u00f6sz\u00f6nhet\u0151en az er\u0151s ker\u00e9kp\u00e1ros hagyom\u00e1nyoknak, az ambici\u00f3zus \u00e9ghajlat-politik\u00e1nak \u00e9s a ker\u00e9kp\u00e1ros infrastrukt\u00far\u00e1ba, p\u00e9ld\u00e1ul a v\u00e9dett s\u00e1vokba \u00e9s a biztons\u00e1gos parkol\u00f3kba t\u00f6rt\u00e9n\u0151 beruh\u00e1z\u00e1soknak.<\/li>\n\n\n\n<li><strong>Hollandia \u00e9s D\u00e1nia:<\/strong> Ezek a ker\u00e9kp\u00e1ros nemzetek t\u00f6bb \u00e9vtizedes infrastruktur\u00e1lis fejl\u0151d\u00e9snek k\u00f6sz\u00f6nhetik el\u0151nyeiket, \u00edgy ide\u00e1lis k\u00f6rnyezetet biztos\u00edtanak az e-ker\u00e9kp\u00e1rok sz\u00e9les k\u00f6r\u0171 haszn\u00e1lat\u00e1hoz.<\/li>\n\n\n\n<li><strong>Franciaorsz\u00e1g:<\/strong> P\u00e1rizs \u00e9s m\u00e1s francia v\u00e1rosok a sz\u00e9lesebb k\u00f6r\u0171 mobilit\u00e1si \u00e9s \u00e9ghajlati strat\u00e9gi\u00e1k r\u00e9szek\u00e9nt gyorsan n\u00f6velik a teherbiciklis kezdem\u00e9nyez\u00e9seket.<\/li>\n<\/ul>\n\n\n\n<hr class=\"wp-block-separator has-alpha-channel-opacity\"\/>\n\n\n\n<p><\/p>\n\n\n\n<h3 class=\"wp-block-heading\"><strong>Ipari t\u00e1jk\u00e9p: A k\u00fcl\u00f6nb\u00f6z\u0151 szerepl\u0151k az innov\u00e1ci\u00f3 motorjai<\/strong><\/h3>\n\n\n\n<p>A piac dinamikusan vegy\u00fcl a bev\u00e1lt ker\u00e9kp\u00e1rgy\u00e1rt\u00f3k, az elektromos mobilit\u00e1st ind\u00edt\u00f3 startupok \u00e9s a speci\u00e1lis teherbicikli-gy\u00e1rt\u00f3k k\u00f6z\u00f6tt. A vezet\u0151 v\u00e1llalatok k\u00f6z\u00e9 tartoznak:<\/p>\n\n\n\n<ul class=\"wp-block-list\">\n<li><strong>V\u00e1rosi ny\u00edl<\/strong><\/li>\n\n\n\n<li><strong>Riese &amp; M\u00fcller<\/strong><\/li>\n\n\n\n<li><strong>Tern ker\u00e9kp\u00e1rok<\/strong><\/li>\n\n\n\n<li><strong>Hentesek \u00e9s ker\u00e9kp\u00e1rok<\/strong><\/li>\n\n\n\n<li><strong>Rad Power ker\u00e9kp\u00e1rok<\/strong><\/li>\n\n\n\n<li><strong>Babboe<\/strong><\/li>\n<\/ul>\n\n\n\n<p>Ezek a m\u00e1rk\u00e1k nagym\u00e9rt\u00e9kben beruh\u00e1znak <strong>term\u00e9kdiverzifik\u00e1ci\u00f3<\/strong>, olyan modelleket k\u00edn\u00e1lva, mint:<\/p>\n\n\n\n<ol start=\"1\" class=\"wp-block-list\">\n<li><strong><a href=\"https:\/\/regencargobikes.com\/hu\/what-is-a-long-john-cargo-bike\/\" data-type=\"post\" data-id=\"1411\">Hossz\u00fa far\u00fa teherbring\u00e1k<\/a>:<\/strong> Kiterjesztett h\u00e1ts\u00f3 csomagtart\u00f3k t\u00f6bb gyermek vagy terjedelmes t\u00e1rgyak sz\u00e1ll\u00edt\u00e1s\u00e1ra.<\/li>\n\n\n\n<li><strong><a href=\"https:\/\/regencargobikes.com\/hu\/rs01-e-cargo-bike\/\" data-type=\"page\" data-id=\"933\">Front-Loader (Bakfiets) kivitelek<\/a>:<\/strong> Nagym\u00e9ret\u0171 dobozok el\u00f6l a nehezebb vagy k\u00e9nyesebb rakom\u00e1nyok sz\u00e1m\u00e1ra.<\/li>\n\n\n\n<li><strong>H\u00e1romkerek\u0171 teherhord\u00f3 triciklik:<\/strong> Nagyobb teherb\u00edr\u00e1s \u00e9s stabilit\u00e1s, ide\u00e1lis a kereskedelmi sz\u00e1ll\u00edtm\u00e1nyoz\u00e1shoz.<\/li>\n<\/ol>\n\n\n\n<p>Fejl\u0151d\u00e9s a <strong>akkumul\u00e1tor-technol\u00f3gia, elektromos motorok \u00e9s k\u00f6nny\u0171 v\u00e1zak<\/strong> minden eddigin\u00e9l tart\u00f3sabb\u00e1, megb\u00edzhat\u00f3bb\u00e1 \u00e9s sokoldal\u00fabb\u00e1 teszik a teherbicikliket.<\/p>\n\n\n\n<blockquote class=\"wp-block-quote is-layout-flow wp-block-quote-is-layout-flow\">\n<p><strong>K\u00e9pjavaslat:<\/strong> Egy felc\u00edmk\u00e9zett koll\u00e1zs, amely a vezet\u0151 eur\u00f3pai m\u00e1rk\u00e1k k\u00fcl\u00f6nb\u00f6z\u0151 e-cargo ker\u00e9kp\u00e1r-konstrukci\u00f3it mutatja be (hossz\u00fafark\u00fa, homlokrakod\u00f3 \u00e9s h\u00e1romkerek\u0171).<\/p>\n<\/blockquote>\n\n\n\n<hr class=\"wp-block-separator has-alpha-channel-opacity\"\/>\n\n\n\n<p><\/p>\n\n\n\n<h3 class=\"wp-block-heading\"><strong>Piaci fejl\u0151d\u00e9s \u00e9s specializ\u00e1ci\u00f3<\/strong><\/h3>\n\n\n\n<p>A teherbicikli-\u00e1gazat a sz\u00e9lesebb \u00e9rtelemben vett ker\u00e9kp\u00e1ripart\u00f3l elk\u00fcl\u00f6n\u00fcl\u0151, \u00f6n\u00e1ll\u00f3 szegmenss\u00e9 \u00e9rik. Ennek az elmozdul\u00e1snak a bizony\u00edt\u00e9ka a k\u00f6vetkez\u0151 term\u00e9kek bevezet\u00e9se <strong>Mobifuture<\/strong>, egy kifejezetten az elektromos \u00e9s v\u00e1rosi mobilit\u00e1sra szakosodott szakki\u00e1ll\u00edt\u00e1s, amely a k\u00f6vetkez\u0151 ki\u00e1ll\u00edt\u00e1ssal egy id\u0151ben ker\u00fcl megrendez\u00e9sre <strong>Eurobike<\/strong> 2026-t\u00f3l.<\/p>\n\n\n\n<p>Ez az \u00faj rendezv\u00e9ny a teherbicikliket, mint Eur\u00f3pa mobilit\u00e1si j\u00f6v\u0151j\u00e9nek kulcsfontoss\u00e1g\u00fa r\u00e9sz\u00e9t helyezi el\u0151t\u00e9rbe, \u00f6sszek\u00f6tve a gy\u00e1rt\u00f3kat, a politikai d\u00f6nt\u00e9shoz\u00f3kat \u00e9s a flotta\u00fczemeltet\u0151ket. A mag\u00e1nberuh\u00e1z\u00e1sok n\u00f6veked\u00e9s\u00e9vel \u00e9s a m\u00e9retgazdas\u00e1goss\u00e1gi el\u0151ny\u00f6k \u00e9rv\u00e9nyes\u00fcl\u00e9s\u00e9vel az \u00e1gazat v\u00e1rhat\u00f3an egyre ink\u00e1bb \u00f6nfenntart\u00f3v\u00e1 v\u00e1lik, cs\u00f6kkentve az \u00e1llami t\u00e1mogat\u00e1sokra val\u00f3 utalts\u00e1got.<\/p>\n\n\n\n<blockquote class=\"wp-block-quote is-layout-flow wp-block-quote-is-layout-flow\">\n<p><strong>K\u00e9pjavaslat:<\/strong> Fot\u00f3 a ny\u00fczsg\u0151 Eurobike ki\u00e1ll\u00edt\u00e1si csarnokr\u00f3l, ahol innovat\u00edv teherbicikli modellek \u00e9s az ipar\u00e1gi szakemberek k\u00f6z\u00f6tti kapcsolat\u00e9p\u00edt\u00e9s l\u00e1that\u00f3.<\/p>\n<\/blockquote>\n\n\n\n<hr class=\"wp-block-separator has-alpha-channel-opacity\"\/>\n\n\n\n<p><\/p>\n\n\n\n<h2 class=\"wp-block-heading\"><strong>K\u00f6vetkeztet\u00e9s: A tehersz\u00e1ll\u00edt\u00f3 ker\u00e9kp\u00e1rok mint az eur\u00f3pai v\u00e1rosi mobilit\u00e1s sarokk\u00f6vei<\/strong><\/h2>\n\n\n\n<p>A teherbiciklik \u00e1talak\u00edt\u00f3 eredm\u00e9nyeket hoznak a v\u00e1rosok, v\u00e1llalkoz\u00e1sok \u00e9s k\u00f6z\u00f6ss\u00e9gek sz\u00e1m\u00e1ra. Jelent\u0151sen cs\u00f6kkentik az \u00fcvegh\u00e1zhat\u00e1s\u00fa g\u00e1zok kibocs\u00e1t\u00e1s\u00e1t, cs\u00f6kkentik a logisztikai k\u00f6lts\u00e9geket, \u00e9s biztons\u00e1gosabb utc\u00e1k \u00e9s jobb k\u00f6zter\u00fcletek r\u00e9v\u00e9n jav\u00edtj\u00e1k a v\u00e1rosi \u00e9letmin\u0151s\u00e9get.<\/p>\n\n\n\n<p>Az eur\u00f3pai e-cargo ker\u00e9kp\u00e1rok piaca meredeken emelkedik, \u00e9s az el\u0151z\u0151 \u00e9vhez k\u00e9pest a k\u00f6vetkez\u0151 \u00e9vekben <strong>2,01 milli\u00e1rd USD 2024-ben, \u00e9s 2034-re v\u00e1rhat\u00f3an 37,24 milli\u00e1rd USD-re emelkedik<\/strong>. Ezt a b\u0151v\u00fcl\u00e9st az el\u0151remutat\u00f3 politik\u00e1k, a technol\u00f3giai innov\u00e1ci\u00f3 \u00e9s a fenntarthat\u00f3 k\u00f6zleked\u00e9s ir\u00e1nti k\u00f6zv\u00e9lem\u00e9ny megv\u00e1ltozott hozz\u00e1\u00e1ll\u00e1sa hajtja.<\/p>\n\n\n\n<p>A politikai d\u00f6nt\u00e9shoz\u00f3k sz\u00e1m\u00e1ra a teherbringa-infrastrukt\u00far\u00e1ba \u00e9s az \u00f6szt\u00f6nz\u0151kbe val\u00f3 befektet\u00e9s nem csup\u00e1n k\u00f6rnyezetv\u00e9delmi gesztus, hanem hossz\u00fa t\u00e1v\u00fa t\u00e1rsadalmi \u00e9s gazdas\u00e1gi el\u0151ny\u00f6kkel j\u00e1r\u00f3 strat\u00e9giai v\u00e1rosi mobilit\u00e1si d\u00f6nt\u00e9s. A v\u00e1llalkoz\u00e1sok sz\u00e1m\u00e1ra a teherbiciklik bevezet\u00e9se egy\u00e9rtelm\u0171 versenyel\u0151nyt jelent a gyors, megb\u00edzhat\u00f3 \u00e9s k\u00f6rnyezetbar\u00e1t sz\u00e1ll\u00edt\u00e1ssal kapcsolatos v\u00e1s\u00e1rl\u00f3i elv\u00e1r\u00e1sok teljes\u00edt\u00e9se ter\u00e9n.<\/p>\n\n\n\n<p>Mivel a v\u00e1rosok tov\u00e1bbra is k\u00fczdenek a zs\u00fafolts\u00e1ggal, az \u00e9ghajlatv\u00e1ltoz\u00e1ssal \u00e9s a k\u00f6zeg\u00e9szs\u00e9g\u00fcgyi kih\u00edv\u00e1sokkal, a teherbiciklik bizony\u00edtott, m\u00e9retezhet\u0151 megold\u00e1sk\u00e9nt t\u0171nnek ki, amely \u00e9vtizedekre \u00e1tform\u00e1lhatja az eur\u00f3pai v\u00e1rosi mobilit\u00e1st.<\/p>\n\n\n\n<p><\/p>","protected":false},"excerpt":{"rendered":"<p>European cities are undergoing a profound transformation in how they approach urban transportation and logistics. Once regarded as a niche solution, cargo bikes\u2014particularly electric cargo bikes (e-cargo bikes)\u2014have rapidly evolved into a strategic pillar for sustainable, cost-effective, and people-centric mobility. They are not merely an alternative to traditional delivery vans or trucks; rather, they are [&hellip;]<\/p>\n","protected":false},"author":2,"featured_media":1630,"comment_status":"closed","ping_status":"closed","sticky":false,"template":"","format":"standard","meta":{"footnotes":""},"categories":[2],"tags":[],"class_list":["post-1763","post","type-post","status-publish","format-standard","has-post-thumbnail","hentry","category-knowledge"],"_links":{"self":[{"href":"https:\/\/regencargobikes.com\/hu\/wp-json\/wp\/v2\/posts\/1763","targetHints":{"allow":["GET"]}}],"collection":[{"href":"https:\/\/regencargobikes.com\/hu\/wp-json\/wp\/v2\/posts"}],"about":[{"href":"https:\/\/regencargobikes.com\/hu\/wp-json\/wp\/v2\/types\/post"}],"author":[{"embeddable":true,"href":"https:\/\/regencargobikes.com\/hu\/wp-json\/wp\/v2\/users\/2"}],"replies":[{"embeddable":true,"href":"https:\/\/regencargobikes.com\/hu\/wp-json\/wp\/v2\/comments?post=1763"}],"version-history":[{"count":1,"href":"https:\/\/regencargobikes.com\/hu\/wp-json\/wp\/v2\/posts\/1763\/revisions"}],"predecessor-version":[{"id":1765,"href":"https:\/\/regencargobikes.com\/hu\/wp-json\/wp\/v2\/posts\/1763\/revisions\/1765"}],"wp:featuredmedia":[{"embeddable":true,"href":"https:\/\/regencargobikes.com\/hu\/wp-json\/wp\/v2\/media\/1630"}],"wp:attachment":[{"href":"https:\/\/regencargobikes.com\/hu\/wp-json\/wp\/v2\/media?parent=1763"}],"wp:term":[{"taxonomy":"category","embeddable":true,"href":"https:\/\/regencargobikes.com\/hu\/wp-json\/wp\/v2\/categories?post=1763"},{"taxonomy":"post_tag","embeddable":true,"href":"https:\/\/regencargobikes.com\/hu\/wp-json\/wp\/v2\/tags?post=1763"}],"curies":[{"name":"wp","href":"https:\/\/api.w.org\/{rel}","templated":true}]}}