{"id":1814,"date":"2025-08-21T18:48:50","date_gmt":"2025-08-21T10:48:50","guid":{"rendered":"https:\/\/regencargobikes.com\/?p=1814"},"modified":"2025-08-23T20:39:35","modified_gmt":"2025-08-23T12:39:35","slug":"what-are-the-drawbacks-of-a-mid-drive-motor","status":"publish","type":"post","link":"https:\/\/regencargobikes.com\/hu\/what-are-the-drawbacks-of-a-mid-drive-motor\/","title":{"rendered":"Mik a h\u00e1tr\u00e1nyai a k\u00f6z\u00e9phajt\u00e1s\u00fa motornak?"},"content":{"rendered":"<p>A <a href=\"https:\/\/regencargobikes.com\/hu\/about\/\" data-type=\"page\" data-id=\"171\">Regen<\/a>, amikor a teherbring\u00e1k vagy e-bike-ok motorv\u00e1laszt\u00e1s\u00e1r\u00f3l besz\u00e9lget\u00fcnk partnereinkkel, a besz\u00e9lget\u00e9s gyakran a k\u00f6vetkez\u0151kr\u0151l folyik. <strong><a href=\"https:\/\/regencargobikes.com\/hu\/mid-drive-vs-hub-motor-which-is-better\/\" data-type=\"post\" data-id=\"235\">k\u00f6z\u00e9pmeghajt\u00e1s vs hub meghajt\u00e1s<\/a><\/strong>. A k\u00f6z\u00e9phajt\u00e1sokat nyomat\u00e9kuk, hat\u00e9konys\u00e1guk \u00e9s term\u00e9szetes ped\u00e1loz\u00e1si \u00e9rz\u00e9s\u00fck miatt dics\u00e9rik. De mint minden m\u0171szaki megold\u00e1s, ezek is kompromisszumokkal j\u00e1rnak.<\/p>\n\n\n\n<p>Vizsg\u00e1ljuk meg alaposan a h\u00e1tr\u00e1nyokat - \u00f6tv\u00f6zve a mi m\u00e9rn\u00f6ki szeml\u00e9let\u00fcnket az ipar\u00e1gi \u00f6sszehasonl\u00edt\u00e1sokban kiemelt pontokkal.<\/p>\n\n\n\n<hr class=\"wp-block-separator has-alpha-channel-opacity\"\/>\n\n\n\n<h2 class=\"wp-block-heading\"><strong>1. Magasabb beszerz\u00e9si k\u00f6lts\u00e9g<\/strong><\/h2>\n\n\n\n<p><a href=\"https:\/\/regencargobikes.com\/hu\/what-is-a-mid-drive-motor-definition-types\/\" data-type=\"post\" data-id=\"248\">K\u00f6z\u00e9phajt\u00e1s\u00fa motorok<\/a> l\u00e9nyegesen dr\u00e1g\u00e1bbak, mint a hubmotorok:<\/p><div class=\"regen-test-placement-from-wizard-1604397851\" id=\"regen-2317814375\"><script async src=\"https:\/\/pagead2.googlesyndication.com\/pagead\/js\/adsbygoogle.js?client=ca-pub-1076230867169041\"\n     crossorigin=\"anonymous\"><\/script><\/div><div class=\"regen-test-placement-from-wizard-2878267818\" id=\"regen-31445434\"><script async src=\"https:\/\/pagead2.googlesyndication.com\/pagead\/js\/adsbygoogle.js?client=ca-pub-1076230867169041\"\n     crossorigin=\"anonymous\"><\/script><\/div>\n\n\n\n<ul class=\"wp-block-list\">\n<li><strong>Kev\u00e9s k\u00f6lts\u00e9gvet\u00e9si lehet\u0151s\u00e9g<\/strong>: Ahogy a cikk, amit megosztott megjegyzi, j\u00f3 h\u00edr\u0171 k\u00f6z\u00e9phajt\u00e1s\u00fa teher ker\u00e9kp\u00e1rok alatt <strong>USD $2,000<\/strong> ritk\u00e1k, m\u00edg a hubmotoros teherbring\u00e1k sz\u00e9les k\u00f6rben el\u00e9rhet\u0151k ebben a tartom\u00e1nyban.<\/li>\n\n\n\n<li><strong>Komplexit\u00e1svez\u00e9relt \u00e1r<\/strong>: A viszonylag egyszer\u0171 ker\u00e9kagymotorral ellent\u00e9tben a k\u00f6z\u00e9phajt\u00e1s \u00e9rz\u00e9kel\u0151ket, hajt\u00f3m\u0171veket \u00e9s nyomat\u00e9k\u00e1tviteli alkatr\u00e9szeket integr\u00e1l, ami n\u00f6veli a k\u00f6lts\u00e9geket.<\/li>\n<\/ul>\n\n\n\n<p><em>Implik\u00e1ci\u00f3<\/em>: A flottav\u00e1s\u00e1rl\u00f3k sz\u00e1m\u00e1ra a magasabb kezdeti beruh\u00e1z\u00e1s akad\u00e1lyt jelenthet, k\u00fcl\u00f6n\u00f6sen akkor, ha a teljes\u00edtm\u00e9nyel\u0151ny\u00f6ket nem haszn\u00e1lj\u00e1k ki teljes m\u00e9rt\u00e9kben a s\u00edk, v\u00e1rosi sz\u00e1ll\u00edt\u00e1si \u00fatvonalakon.<\/p>\n\n\n\n<figure class=\"wp-block-image size-large\"><img fetchpriority=\"high\" decoding=\"async\" width=\"1024\" height=\"682\" src=\"https:\/\/regencargobikes.com\/wp-content\/uploads\/2025\/05\/WechatIMG955-1024x682.jpg\" alt=\"A DJI kih\u00edv\u00e1sai Az EU \u00e1ltal javasolt E-Bike motor teljes\u00edtm\u00e9nysapka \ufffc- Dji motor\" class=\"wp-image-1348\" srcset=\"https:\/\/regencargobikes.com\/wp-content\/uploads\/2025\/05\/WechatIMG955-1024x682.jpg 1024w, https:\/\/regencargobikes.com\/wp-content\/uploads\/2025\/05\/WechatIMG955-300x200.jpg 300w, https:\/\/regencargobikes.com\/wp-content\/uploads\/2025\/05\/WechatIMG955-768x511.jpg 768w, https:\/\/regencargobikes.com\/wp-content\/uploads\/2025\/05\/WechatIMG955-18x12.jpg 18w, https:\/\/regencargobikes.com\/wp-content\/uploads\/2025\/05\/WechatIMG955.jpg 1200w\" sizes=\"(max-width: 1024px) 100vw, 1024px\" \/><\/figure>\n\n\n\n<hr class=\"wp-block-separator has-alpha-channel-opacity\"\/>\n\n\n\n<h2 class=\"wp-block-heading\"><strong>2. Felgyorsult hajt\u00e1sl\u00e1nc kop\u00e1s<\/strong><\/h2>\n\n\n\n<p>Mivel a motor a teljes\u00edtm\u00e9nyt a <strong>l\u00e1nc \u00e9s kazetta<\/strong>, n\u00f6veli a mechanikai fesz\u00fclts\u00e9get:<\/p>\n\n\n\n<ul class=\"wp-block-list\">\n<li><strong>L\u00e1nc kop\u00e1sa<\/strong>: A szabv\u00e1nyos l\u00e1ncok sokkal gyorsabban elhaszn\u00e1l\u00f3dnak a k\u00f6z\u00e9phajt\u00e1si nyomat\u00e9k alatt.<\/li>\n\n\n\n<li><strong>L\u00e1ncker\u00e9k \u00e9s l\u00e1ncker\u00e9k s\u00e9r\u00fcl\u00e9se<\/strong>: A nagyobb teljes\u00edtm\u00e9ny\u0171 folyamatos terhel\u00e9s (pl. 200W-os terhel\u00e9s a term\u00e9szetes 100W-os emberi bemenet helyett) felgyors\u00edtja az alkatr\u00e9szek kif\u00e1rad\u00e1s\u00e1t.<\/li>\n\n\n\n<li><strong>Karbantart\u00e1si ciklusok<\/strong>: A sz\u00e1ll\u00edt\u00e1si flott\u00e1knak a terhel\u00e9st\u0151l f\u00fcgg\u0151en 1000 km-enk\u00e9nt vagy hamarabb is sz\u00fcks\u00e9g\u00fck lehet a l\u00e1nc \u00e9s a l\u00e1ncker\u00e9k cser\u00e9j\u00e9re.<\/li>\n<\/ul>\n\n\n\n<p>Ez az egyik <strong>rejtett k\u00f6lts\u00e9gek<\/strong> egy k\u00f6z\u00e9phajt\u00e1s\u00fa teherbringa flotta \u00fczemeltet\u00e9se.<\/p>\n\n\n\n<hr class=\"wp-block-separator has-alpha-channel-opacity\"\/>\n\n\n\n<h2 class=\"wp-block-heading\"><strong>3. \u00d6sszetettebb karbantart\u00e1s \u00e9s magasabb szervizk\u00f6lts\u00e9gek<\/strong><\/h2>\n\n\n\n<p>A k\u00f6z\u00e9phajt\u00e1s\u00fa rendszer nem csak egy motor; egy tengelykapcsol\u00f3val, hajt\u00f3tengellyel, sebess\u00e9gv\u00e1lt\u00f3kkal \u00e9s elektronikus \u00e9rz\u00e9kel\u0151kkel van integr\u00e1lva.<\/p>\n\n\n\n<ul class=\"wp-block-list\">\n<li><strong>Speci\u00e1lis jav\u00edt\u00e1s sz\u00fcks\u00e9ges<\/strong>: A ker\u00e9kagymotorokkal ellent\u00e9tben, amelyek gyakran csak egy ker\u00e9k cser\u00e9j\u00e9vel megoldhat\u00f3ak, a k\u00f6z\u00e9phajt\u00e1sokhoz k\u00e9pzett technikusokra \u00e9s n\u00e9ha szabadalmaztatott szoftverekre van sz\u00fcks\u00e9g (Bosch, Shimano, Brose).<\/li>\n\n\n\n<li><strong>Le\u00e1ll\u00e1si kock\u00e1zat<\/strong>: A v\u00e1llalkoz\u00e1sok sz\u00e1m\u00e1ra a hosszabb m\u0171helyid\u0151 \u00fczemsz\u00fcnetet jelent.<\/li>\n\n\n\n<li><strong>A tartal\u00e9k alkatr\u00e9szek k\u00f6lts\u00e9ge<\/strong>: A saj\u00e1t gy\u00e1rt\u00e1s\u00fa alkatr\u00e9szek (pl. bels\u0151 fogaskerekek, vez\u00e9rl\u0151k) dr\u00e1g\u00e1bbak \u00e9s nehezebb beszerezni, mint a hubmotor \u00e1ltal\u00e1nos alkatr\u00e9szei.<\/li>\n<\/ul>\n\n\n\n<p><em>Esettanulm\u00e1ny<\/em>: Egy logisztikai szolg\u00e1ltat\u00f3, akivel egy\u00fctt dolgoztunk, arr\u00f3l sz\u00e1molt be, hogy a k\u00f6z\u00e9phajt\u00e1s\u00fa flott\u00e1knak <strong>2-3\u00d7 magasabb m\u0171helyi munkaer\u0151k\u00f6lts\u00e9gek<\/strong> a hubmotoros flott\u00e1khoz k\u00e9pest.<\/p>\n\n\n\n<figure class=\"wp-block-image size-full\"><img decoding=\"async\" width=\"560\" height=\"500\" src=\"https:\/\/regencargobikes.com\/wp-content\/uploads\/2025\/05\/WechatIMG943.jpg\" alt=\"\" class=\"wp-image-1314\" srcset=\"https:\/\/regencargobikes.com\/wp-content\/uploads\/2025\/05\/WechatIMG943.jpg 560w, https:\/\/regencargobikes.com\/wp-content\/uploads\/2025\/05\/WechatIMG943-300x268.jpg 300w, https:\/\/regencargobikes.com\/wp-content\/uploads\/2025\/05\/WechatIMG943-13x12.jpg 13w\" sizes=\"(max-width: 560px) 100vw, 560px\" \/><\/figure>\n\n\n\n<hr class=\"wp-block-separator has-alpha-channel-opacity\"\/>\n\n\n\n<h2 class=\"wp-block-heading\"><strong>4. Zaj \u00e9s rezg\u00e9s<\/strong><\/h2>\n\n\n\n<p>B\u00e1r m\u00e9g mindig viszonylag halk, a k\u00f6z\u00e9phajt\u00e1s\u00fa meghajt\u00f3k <strong>sebess\u00e9gv\u00e1lt\u00f3 ny\u00f6sz\u00f6rg\u00e9s<\/strong> nagy nyomat\u00e9k vagy m\u00e1sz\u00f3terhel\u00e9s eset\u00e9n. Azok a motorosok, akik hozz\u00e1szoktak a k\u00f6zvetlen meghajt\u00e1s\u00fa ker\u00e9kagymotorok csendj\u00e9hez, ezt n\u00e9ha zavar\u00f3nak tal\u00e1lj\u00e1k.<\/p>\n\n\n\n<hr class=\"wp-block-separator has-alpha-channel-opacity\"\/>\n\n\n\n<h2 class=\"wp-block-heading\"><strong>5. Keretkompatibilit\u00e1si korl\u00e1toz\u00e1sok<\/strong><\/h2>\n\n\n\n<p>A k\u00f6z\u00e9pmeghajt\u00f3k nem univerz\u00e1lisan kompatibilisek:<\/p>\n\n\n\n<ul class=\"wp-block-list\">\n<li><strong>Dedik\u00e1lt tart\u00f3k<\/strong>: A v\u00e1zakat meghat\u00e1rozott motorrendszerekre kell tervezni (pl. Bosch Gen 4, Shimano STEPS), ami korl\u00e1tozza a rugalmass\u00e1got.<\/li>\n\n\n\n<li><strong>Cs\u00f6kkentett ut\u00f3lagos felszerel\u00e9si potenci\u00e1l<\/strong>: A legt\u00f6bb megl\u00e9v\u0151 v\u00e1zhoz hozz\u00e1adhat\u00f3 ker\u00e9kagymotorokkal ellent\u00e9tben a k\u00f6z\u00e9phajt\u00e1sokat nem lehet egyszer\u0171en felcsavarozni.<\/li>\n<\/ul>\n\n\n\n<p>Ez hat\u00e1ssal van <strong>ODM\/OEM rugalmass\u00e1g<\/strong>, mivel a k\u00fcl\u00f6nb\u00f6z\u0151 gy\u00e1rt\u00e1si sorozatokhoz egyedi keretszersz\u00e1mokra lehet sz\u00fcks\u00e9g.<\/p>\n\n\n\n<hr class=\"wp-block-separator has-alpha-channel-opacity\"\/>\n\n\n\n<h2 class=\"wp-block-heading\"><strong>6. A megfelel\u0151 sebess\u00e9gv\u00e1lt\u00e1st\u00f3l val\u00f3 f\u00fcgg\u00e9s a lovas sz\u00e1m\u00e1ra<\/strong><\/h2>\n\n\n\n<p>Ellent\u00e9tben a ker\u00e9kagymotorokkal, amelyek a hajt\u00e1sl\u00e1nc fogaskerekeit\u0151l f\u00fcggetlen\u00fcl adj\u00e1k le a teljes\u00edtm\u00e9nyt, a k\u00f6z\u00e9phajt\u00e1sok a vezet\u0151re (vagy az automatikus rendszerekre) t\u00e1maszkodnak a megfelel\u0151 v\u00e1lt\u00e1s \u00e9rdek\u00e9ben:<\/p>\n\n\n\n<ul class=\"wp-block-list\">\n<li>A rossz v\u00e1lt\u00e1s terhel\u00e9s alatt a k\u00f6vetkez\u0151ket okozhatja <strong>l\u00e1nc kihagy\u00e1s vagy elszakad\u00e1s<\/strong>.<\/li>\n\n\n\n<li>A tapasztalatlan versenyz\u0151k dr\u00e1maian ler\u00f6vid\u00edthetik a hajt\u00e1sl\u00e1nc \u00e9lettartam\u00e1t.<\/li>\n\n\n\n<li>Egyes rendszerek m\u0171szakv\u00e1lt\u00e1s-\u00e9rz\u00e9kel\u0151 \u00e9rz\u00e9kel\u0151ket is tartalmaznak, de ezek k\u00f6lts\u00e9gesebb\u00e9 \u00e9s bonyolultabb\u00e1 teszik a rendszert.<\/li>\n<\/ul>\n\n\n\n<p>A tehersz\u00e1ll\u00edt\u00f3 flott\u00e1k eset\u00e9ben ez a lovasok k\u00e9pzetts\u00e9g\u00e9t\u0151l f\u00fcgg\u0151en v\u00e1ltoz\u00e9konys\u00e1got eredm\u00e9nyezhet.<\/p>\n\n\n\n<hr class=\"wp-block-separator has-alpha-channel-opacity\"\/>\n\n\n\n<h2 class=\"wp-block-heading\"><strong>7. Saj\u00e1t \u00f6kosziszt\u00e9ma-z\u00e1rlat<\/strong><\/h2>\n\n\n\n<p>A legt\u00f6bb k\u00f6z\u00e9phajt\u00e1s egy <strong>z\u00e1rt rendszer<\/strong>:<\/p>\n\n\n\n<ul class=\"wp-block-list\">\n<li>Az akkumul\u00e1torok, vez\u00e9rl\u0151k \u00e9s kijelz\u0151k gyakran m\u00e1rkaspecifikusak.<\/li>\n\n\n\n<li>Az OEM-gy\u00e1rt\u00f3k elvesz\u00edtik az alkatr\u00e9szek kombin\u00e1l\u00e1s\u00e1nak szabads\u00e1g\u00e1t.<\/li>\n\n\n\n<li>Hossz\u00fa t\u00e1v\u00fa karbantart\u00e1si kock\u00e1zat: ha egy m\u00e1rka megsz\u00fcnteti egy motorcsal\u00e1dot, az alkatr\u00e9szek beszerz\u00e9se probl\u00e9m\u00e1ss\u00e1 v\u00e1lik.<\/li>\n<\/ul>\n\n\n\n<p>A hubmotorok ezzel szemben sokkal ink\u00e1bb <strong>nyitott \u00e9s modul\u00e1ris<\/strong>.<\/p>\n\n\n\n<hr class=\"wp-block-separator has-alpha-channel-opacity\"\/>\n\n\n\n<h2 class=\"wp-block-heading\"><strong>8. S\u00faly \u00e9s a rendszer \u00f6sszetetts\u00e9ge<\/strong><\/h2>\n\n\n\n<p>M\u00edg a k\u00f6zpontos\u00edtott s\u00faly el\u0151ny\u00f6s a kezel\u00e9s szempontj\u00e1b\u00f3l, maga a rendszer tov\u00e1bbi el\u0151ny\u00f6ket jelent <strong>tervez\u00e9s \u00e9s integr\u00e1ci\u00f3 \u00f6sszetetts\u00e9ge<\/strong>:<\/p>\n\n\n\n<ul class=\"wp-block-list\">\n<li>T\u00f6bb alkatr\u00e9sz (tengelykapcsol\u00f3, sebess\u00e9gv\u00e1lt\u00f3, \u00e9rz\u00e9kel\u0151k) t\u00f6bb lehets\u00e9ges hibapontot jelent.<\/li>\n\n\n\n<li>A v\u00e1z \u00e9s az akkumul\u00e1tor integr\u00e1ci\u00f3j\u00e1t gondosan meg kell tervezni az egyens\u00faly fenntart\u00e1sa \u00e9rdek\u00e9ben.<\/li>\n<\/ul>\n\n\n\n<hr class=\"wp-block-separator has-alpha-channel-opacity\"\/>\n\n\n\n<h2 class=\"wp-block-heading\"><strong>9. Energiahat\u00e9konys\u00e1g: Vegyes val\u00f3s\u00e1g vs. marketing<\/strong><\/h2>\n\n\n\n<p>A cikk, amit megosztott, kiemel egy <strong>hat\u00e9konys\u00e1gi pont<\/strong>:<\/p>\n\n\n\n<ul class=\"wp-block-list\">\n<li><strong>Hub motorok<\/strong>: Az elektromos energia mozg\u00e1si energi\u00e1v\u00e1 t\u00f6rt\u00e9n\u0151 \u00e1talak\u00edt\u00e1s\u00e1nak hat\u00e1sfoka jellemz\u0151en <strong>70-80%<\/strong>, \u00e9s szenvednek <strong>elektrom\u00e1gneses ellen\u00e1ll\u00e1s<\/strong> ha nincs meghajtva, ami megnehez\u00edti a ped\u00e1loz\u00e1st.<\/li>\n\n\n\n<li><strong>K\u00f6z\u00e9phajt\u00e1sok<\/strong>: A hat\u00e9konys\u00e1g meghaladhatja <strong>80%<\/strong>, olyan kialak\u00edt\u00e1ssal, amely teljesen kikapcsol, amikor a motor ki van kapcsolva, lehet\u0151v\u00e9 t\u00e9ve a \"term\u00e9szetes\" ped\u00e1loz\u00e1st extra ellen\u00e1ll\u00e1s n\u00e9lk\u00fcl.<\/li>\n<\/ul>\n\n\n\n<p>\ud83d\udc49 B\u00e1r ez egy <strong>juttat\u00e1s<\/strong> a motoros \u00e9s a motor n\u00e9lk\u00fcli motoroz\u00e1s k\u00f6z\u00f6tt, egy h\u00e1tr\u00e1nyt is kiemel: a k\u00f6z\u00e9phajt\u00e1sok bonyolultabb kuplung- \u00e9s kiold\u00f3 mechanizmusokt\u00f3l f\u00fcggenek, amelyek ism\u00e9t prec\u00edz m\u00e9rn\u00f6ki munk\u00e1t \u00e9s szervizel\u00e9st ig\u00e9nyelnek.<\/p>\n\n\n\n<hr class=\"wp-block-separator has-alpha-channel-opacity\"\/>\n\n\n\n<h2 class=\"wp-block-heading\"><strong>10. Korl\u00e1tozott \u00e9rt\u00e9k s\u00edk terepen<\/strong><\/h2>\n\n\n\n<p>S\u00edk v\u00e1rosi k\u00f6rnyezetben a k\u00f6z\u00e9phajt\u00e1sok m\u00e1sz\u00f3ereje gyakran sz\u00fcks\u00e9gtelen:<\/p>\n\n\n\n<ul class=\"wp-block-list\">\n<li>Egy ker\u00e9kagymotor ilyen k\u00f6r\u00fclm\u00e9nyek k\u00f6z\u00f6tt ugyanolyan vagy jobb napi teljes\u00edtm\u00e9nyt tud ny\u00fajtani.<\/li>\n\n\n\n<li>A <strong>t\u00f6bbletk\u00f6lts\u00e9gek, a hajt\u00e1sl\u00e1nc kop\u00e1sa \u00e9s bonyolults\u00e1ga<\/strong> nem mindig ellens\u00falyozz\u00e1k jelent\u0151s val\u00f3s el\u0151ny\u00f6k.<\/li>\n<\/ul>\n\n\n\n<figure class=\"wp-block-image size-full\"><img decoding=\"async\" width=\"900\" height=\"599\" src=\"https:\/\/regencargobikes.com\/wp-content\/uploads\/2025\/03\/pexels-jean-fourche-1046629814-31628826.jpg\" alt=\"egy f\u00e9rfi \u00e9s k\u00e9t gyermek egy r\u00f3zsasz\u00edn teherbiciklin\" class=\"wp-image-834\" srcset=\"https:\/\/regencargobikes.com\/wp-content\/uploads\/2025\/03\/pexels-jean-fourche-1046629814-31628826.jpg 900w, https:\/\/regencargobikes.com\/wp-content\/uploads\/2025\/03\/pexels-jean-fourche-1046629814-31628826-300x200.jpg 300w, https:\/\/regencargobikes.com\/wp-content\/uploads\/2025\/03\/pexels-jean-fourche-1046629814-31628826-768x511.jpg 768w\" sizes=\"(max-width: 900px) 100vw, 900px\" \/><\/figure>\n\n\n\n<hr class=\"wp-block-separator has-alpha-channel-opacity\"\/>\n\n\n\n<h2 class=\"wp-block-heading\"><strong>\u00d6sszehasonl\u00edt\u00f3 pillanatk\u00e9p<\/strong><\/h2>\n\n\n\n<figure class=\"wp-block-table\"><table class=\"has-fixed-layout\"><thead><tr><th><strong>T\u00e9nyez\u0151<\/strong><\/th><th><strong>K\u00f6z\u00e9phajt\u00e1s\u00fa motor h\u00e1tr\u00e1nya<\/strong><\/th><th><strong>Hub Motor el\u0151nye<\/strong><\/th><\/tr><\/thead><tbody><tr><td>K\u00f6lts\u00e9g<\/td><td>Dr\u00e1ga (kev\u00e9s modell $2,000 alatt)<\/td><td>Megfizethet\u0151, sz\u00e9les k\u00f6rben el\u00e9rhet\u0151<\/td><\/tr><tr><td>Hajt\u00e1sl\u00e1nc hat\u00e1sa<\/td><td>A l\u00e1nc \u00e9s a l\u00e1nckerekek gyorsabb kop\u00e1sa<\/td><td>Minim\u00e1lis hajt\u00e1sl\u00e1nc-terhel\u00e9s<\/td><\/tr><tr><td>Karbantart\u00e1s<\/td><td>Komplex, m\u00e1rk\u00e1hoz k\u00f6t\u00f6tt, k\u00f6lts\u00e9ges<\/td><td>Egyszer\u0171, ker\u00e9kcsere el\u00e9g gyakran<\/td><\/tr><tr><td>Hat\u00e9konys\u00e1g<\/td><td>&gt;80%, de a kuplung\/kikapcsol\u00f3 rendszerre t\u00e1maszkodik<\/td><td>70-80%, de egyszer\u0171bb kialak\u00edt\u00e1s\u00fa<\/td><\/tr><tr><td>Zaj<\/td><td>Sebess\u00e9g ny\u00f6sz\u00f6rg\u00e9s terhel\u00e9skor<\/td><td>Csendesebb (k\u00fcl\u00f6n\u00f6sen a k\u00f6zvetlen meghajt\u00e1s\u00fa hub)<\/td><\/tr><tr><td>Kompatibilit\u00e1s<\/td><td>V\u00e1zspecifikus, nincs ut\u00f3lagos felszerel\u00e9s<\/td><td>Szinte b\u00e1rmilyen ker\u00e9khez\/kerethez illeszkedik<\/td><\/tr><tr><td>Sebess\u00e9gv\u00e1lt\u00e1s<\/td><td>Lovas \u00fcgyess\u00e9get vagy \u00e9rz\u00e9kel\u0151ket ig\u00e9nyel<\/td><td>F\u00fcggetlen\u00fcl a v\u00e1lt\u00e1st\u00f3l<\/td><\/tr><tr><td>\u00d6kosziszt\u00e9ma<\/td><td>Saj\u00e1t gy\u00e1rtm\u00e1ny\u00fa r\u00f6gz\u00edt\u00e9s (Bosch, Shimano stb.)<\/td><td>Modul\u00e1ris \u00e9s nyitott komponens \u00f6kosziszt\u00e9ma<\/td><\/tr><tr><td>Felhaszn\u00e1l\u00e1si esetek alkalmass\u00e1ga<\/td><td>Kiv\u00e1l\u00f3an teljes\u00edt dombos, nagy nyomat\u00e9k\u00fa k\u00f6rnyezetben<\/td><td>Ide\u00e1lis s\u00edk, v\u00e1rosi ing\u00e1z\u00e1si k\u00f6rnyezetben<\/td><\/tr><\/tbody><\/table><\/figure>\n\n\n\n<hr class=\"wp-block-separator has-alpha-channel-opacity\"\/>\n\n\n\n<h2 class=\"wp-block-heading\"><strong>Z\u00e1r\u00f3 gondolatok<\/strong><\/h2>\n\n\n\n<p>Az Regen-n\u00e9l szerzett tapasztalataink szerint a k\u00f6z\u00e9phajt\u00e1s\u00fa motorok egy <strong>m\u00e9rn\u00f6ki megold\u00e1s<\/strong> a dombokra, a nyomat\u00e9kig\u00e9nyre \u00e9s a term\u00e9szetes vezet\u00e9si \u00e9rz\u00e9sre. M\u00e9gis, a kompromisszumok...<strong>k\u00f6lts\u00e9g, a hajt\u00e1sl\u00e1nc kop\u00e1sa, \u00f6sszetetts\u00e9g, az \u00f6kosziszt\u00e9m\u00e1hoz val\u00f3 k\u00f6t\u00f6tts\u00e9g \u00e9s a magasabb szervizig\u00e9ny.<\/strong>-nem szabad al\u00e1becs\u00fclni.<\/p>\n\n\n\n<p>Az \u00d6n \u00e1ltal megosztott cikk is helyesen emeli ki az olyan r\u00e9szleteket, mint p\u00e9ld\u00e1ul <strong>konverzi\u00f3s hat\u00e9konys\u00e1gi k\u00fcl\u00f6nbs\u00e9gek<\/strong> \u00e9s <strong>g\u00f6rd\u00fcl\u00e9si ellen\u00e1ll\u00e1s, ha nincs meghajt\u00e1s<\/strong>, ami megmagyar\u00e1zza, hogy a k\u00f6z\u00e9pmotorok mi\u00e9rt \u00e9rzik sim\u00e1bbnak, amikor az akkumul\u00e1tor lemer\u00fcl. Azonban ugyanezek a r\u00e9szletek a <strong>mechanikai komplexit\u00e1s<\/strong> \u00e9s hossz\u00fa t\u00e1v\u00fa szolg\u00e1ltat\u00e1si teher.<\/p>\n\n\n\n<p>A beszerz\u00e9si vezet\u0151k \u00e9s az OEM\/ODM partnerek sz\u00e1m\u00e1ra a d\u00f6nt\u00e9snek mindig egyens\u00falyban kell lennie:<\/p>\n\n\n\n<ul class=\"wp-block-list\">\n<li><strong>Lovas tapasztalat<\/strong> (simas\u00e1g, m\u00e1sz\u00f3k\u00e9pess\u00e9g)<\/li>\n\n\n\n<li><strong>Flotta-gazdas\u00e1gtan<\/strong> (szervizciklusok, p\u00f3talkatr\u00e9szk\u00f6lts\u00e9gek)<\/li>\n\n\n\n<li><strong>Alkalmaz\u00e1si k\u00f6rnyezet<\/strong> (dombos vs. s\u00edk, neh\u00e9z teher vs. k\u00f6nny\u0171 teher)<\/li>\n<\/ul>\n\n\n\n<p>Az Regen-n\u00e9l mindkett\u0151t t\u00e1mogatjuk <strong>k\u00f6z\u00e9phajt\u00e1s\u00fa \u00e9s hubmotoros konfigur\u00e1ci\u00f3k<\/strong>, a megold\u00e1st az \u00fcgyf\u00e9l folyamat\u00e1hoz \u00e9s r\u00e9gi\u00f3j\u00e1hoz igaz\u00edtva.<\/p>","protected":false},"excerpt":{"rendered":"<p>At Regen, when we talk with partners about motor choice for cargo bikes or e-bikes, the conversation often comes down to mid-drive vs hub drive. Mid-drives are praised for their torque, efficiency, and natural pedalling feel. But just like every engineering solution, they also come with trade-offs. Let\u2019s explore the drawbacks in depth \u2014 combining [&hellip;]<\/p>\n","protected":false},"author":2,"featured_media":1192,"comment_status":"closed","ping_status":"closed","sticky":false,"template":"","format":"standard","meta":{"footnotes":""},"categories":[2],"tags":[],"class_list":["post-1814","post","type-post","status-publish","format-standard","has-post-thumbnail","hentry","category-knowledge"],"_links":{"self":[{"href":"https:\/\/regencargobikes.com\/hu\/wp-json\/wp\/v2\/posts\/1814","targetHints":{"allow":["GET"]}}],"collection":[{"href":"https:\/\/regencargobikes.com\/hu\/wp-json\/wp\/v2\/posts"}],"about":[{"href":"https:\/\/regencargobikes.com\/hu\/wp-json\/wp\/v2\/types\/post"}],"author":[{"embeddable":true,"href":"https:\/\/regencargobikes.com\/hu\/wp-json\/wp\/v2\/users\/2"}],"replies":[{"embeddable":true,"href":"https:\/\/regencargobikes.com\/hu\/wp-json\/wp\/v2\/comments?post=1814"}],"version-history":[{"count":1,"href":"https:\/\/regencargobikes.com\/hu\/wp-json\/wp\/v2\/posts\/1814\/revisions"}],"predecessor-version":[{"id":1815,"href":"https:\/\/regencargobikes.com\/hu\/wp-json\/wp\/v2\/posts\/1814\/revisions\/1815"}],"wp:featuredmedia":[{"embeddable":true,"href":"https:\/\/regencargobikes.com\/hu\/wp-json\/wp\/v2\/media\/1192"}],"wp:attachment":[{"href":"https:\/\/regencargobikes.com\/hu\/wp-json\/wp\/v2\/media?parent=1814"}],"wp:term":[{"taxonomy":"category","embeddable":true,"href":"https:\/\/regencargobikes.com\/hu\/wp-json\/wp\/v2\/categories?post=1814"},{"taxonomy":"post_tag","embeddable":true,"href":"https:\/\/regencargobikes.com\/hu\/wp-json\/wp\/v2\/tags?post=1814"}],"curies":[{"name":"wp","href":"https:\/\/api.w.org\/{rel}","templated":true}]}}