{"id":1845,"date":"2025-09-09T21:27:12","date_gmt":"2025-09-09T13:27:12","guid":{"rendered":"https:\/\/regencargobikes.com\/?p=1845"},"modified":"2025-09-09T21:29:03","modified_gmt":"2025-09-09T13:29:03","slug":"tthrottle-and-pedal-assist-for-ebike","status":"publish","type":"post","link":"https:\/\/regencargobikes.com\/hu\/tthrottle-and-pedal-assist-for-ebike\/","title":{"rendered":"Mi a k\u00fcl\u00f6nbs\u00e9g a g\u00e1zped\u00e1l \u00e9s a ped\u00e1lseg\u00e9d k\u00f6z\u00f6tt az e-ker\u00e9kp\u00e1rok eset\u00e9ben?"},"content":{"rendered":"<h2 class=\"wp-block-heading\"><strong>Bevezet\u00e9s<\/strong><\/h2>\n\n\n\n<p>A <a href=\"https:\/\/regencargobikes.com\/hu\/\" data-type=\"page\" data-id=\"10\">Regen<\/a>, gyakran halljuk ezt a k\u00e9rd\u00e9st \u00fcgyfelekt\u0151l, forgalmaz\u00f3kt\u00f3l \u00e9s m\u00e9g az els\u0151 alkalommal lovagl\u00f3kt\u00f3l is: <em>\u201cPontosan mi a k\u00fcl\u00f6nbs\u00e9g a g\u00e1zped\u00e1l \u00e9s a ped\u00e1lseg\u00edts\u00e9g k\u00f6z\u00f6tt az e-ker\u00e9kp\u00e1rokn\u00e1l?\u201d<\/em> B\u00e1r az ipar\u00e1gban gyakran haszn\u00e1lj\u00e1k ezeket a kifejez\u00e9seket, gyakorlati jelent\u00e9s\u00fck nem egy\u00e9rtelm\u0171 az elektromos mobilit\u00e1s ter\u00fclet\u00e9n \u00faj v\u00e1s\u00e1rl\u00f3k \u00e9s \u00fczemeltet\u0151k sz\u00e1m\u00e1ra.<\/p>\n\n\n\n<p>A g\u00e1zped\u00e1l \u00e9s a ped\u00e1lseg\u00e9d k\u00e9t k\u00fcl\u00f6nb\u00f6z\u0151 m\u00f3dszert k\u00e9pvisel a motor teljes\u00edtm\u00e9ny\u00e9nek szab\u00e1lyoz\u00e1s\u00e1ra az e-ker\u00e9kp\u00e1rban. Mindkett\u0151 egyedi el\u0151ny\u00f6kkel, szab\u00e1lyoz\u00e1si megfontol\u00e1sokkal \u00e9s k\u00fcl\u00f6nb\u00f6z\u0151 felhaszn\u00e1l\u00e1si esetekre val\u00f3 alkalmass\u00e1ggal j\u00e1r - k\u00fcl\u00f6n\u00f6sen az al\u00e1bbi esetekben.<a href=\"https:\/\/regencargobikes.com\/hu\/what-is-a-cargo-bike\/\" data-type=\"post\" data-id=\"1179\"> tehersz\u00e1ll\u00edt\u00f3 e-ker\u00e9kp\u00e1rok<\/a> ahol a terhelhet\u0151s\u00e9g \u00e9s a hat\u00e9konys\u00e1g sz\u00e1m\u00edt.<\/p>\n\n\n\n<p>Ebben az \u00fatmutat\u00f3ban elmagyar\u00e1zzuk, hogyan m\u0171k\u00f6dik mindk\u00e9t rendszer, \u00f6sszehasonl\u00edtjuk teljes\u00edtm\u00e9ny\u00fcket, \u00e9s gyakorlati tan\u00e1csokat adunk a megfelel\u0151 rendszer kiv\u00e1laszt\u00e1s\u00e1hoz.<\/p><div class=\"regen-test-placement-from-wizard-1604397851\" id=\"regen-1496315354\"><script async src=\"https:\/\/pagead2.googlesyndication.com\/pagead\/js\/adsbygoogle.js?client=ca-pub-1076230867169041\"\n     crossorigin=\"anonymous\"><\/script><\/div><div class=\"regen-test-placement-from-wizard-2878267818\" id=\"regen-4233085643\"><script async src=\"https:\/\/pagead2.googlesyndication.com\/pagead\/js\/adsbygoogle.js?client=ca-pub-1076230867169041\"\n     crossorigin=\"anonymous\"><\/script><\/div>\n\n\n\n<hr class=\"wp-block-separator has-alpha-channel-opacity\"\/>\n\n\n\n<h2 class=\"wp-block-heading\"><strong>A g\u00e1zped\u00e1l vez\u00e9rl\u00e9s meg\u00e9rt\u00e9se<\/strong><\/h2>\n\n\n\n<h3 class=\"wp-block-heading\"><strong>Hogyan m\u0171k\u00f6dik a g\u00e1zkar<\/strong><\/h3>\n\n\n\n<p>A g\u00e1zped\u00e1l \u00fagy m\u0171k\u00f6dik, mint a motorker\u00e9kp\u00e1r vagy robog\u00f3 g\u00e1zped\u00e1lja. Bekapcsolt \u00e1llapotban k\u00f6zvetlen\u00fcl jelzi a motornak, hogy adja le a teljes\u00edtm\u00e9nyt, f\u00fcggetlen\u00fcl att\u00f3l, hogy a motoros ped\u00e1lozik-e. A leggyakoribb fojt\u00f3szelep t\u00edpusok a k\u00f6vetkez\u0151k:<\/p>\n\n\n\n<ul class=\"wp-block-list\">\n<li><strong>h\u00fcvelykujjas fojt\u00f3szelep<\/strong>: Nyomja meg a h\u00fcvelykujj\u00e1val lovagl\u00e1s k\u00f6zben.<\/li>\n\n\n\n<li><strong>Csavart fojt\u00f3szelep<\/strong>: A motorker\u00e9kp\u00e1r foganty\u00faj\u00e1hoz hasonl\u00f3, a teljes\u00edtm\u00e9ny bekapcsol\u00e1s\u00e1hoz elforgatva.<\/li>\n\n\n\n<li><strong>Trigger g\u00e1zped\u00e1l<\/strong>: A mutat\u00f3ujjal m\u0171k\u00f6dtetett kar.<\/li>\n<\/ul>\n\n\n\n<p>Technikailag a fojt\u00f3szelepek elektronikus jelet k\u00fcldenek (fesz\u00fclts\u00e9gtartom\u00e1ny \u00e1ltal\u00e1ban 1-4V) a motorvez\u00e9rl\u0151nek, amely szab\u00e1lyozza a motor \u00e1ramell\u00e1t\u00e1s\u00e1t. A motorosnak nem kell ped\u00e1loznia ahhoz, hogy a motor nyomat\u00e9kot adjon.<\/p>\n\n\n\n<h3 class=\"wp-block-heading\"><strong>A fojt\u00f3szeleprendszerek el\u0151nyei<\/strong><\/h3>\n\n\n\n<ul class=\"wp-block-list\">\n<li><strong>Azonnali teljes\u00edtm\u00e9ny ig\u00e9ny szerint<\/strong> - hasznos hegymeneti elindul\u00e1sokn\u00e1l, neh\u00e9z terhekn\u00e9l vagy a forgalomban val\u00f3 navig\u00e1l\u00e1sn\u00e1l.<\/li>\n\n\n\n<li><strong>Cs\u00f6kkentett fizikai er\u0151fesz\u00edt\u00e9s<\/strong> - ide\u00e1lis a sz\u00e1ll\u00edt\u00f3 lovasok vagy a korl\u00e1tozott l\u00e1ber\u0151vel rendelkez\u0151k sz\u00e1m\u00e1ra.<\/li>\n\n\n\n<li><strong>Egyszer\u0171s\u00edtett m\u0171k\u00f6d\u00e9s<\/strong> - intuit\u00edv a robog\u00f3kkal vagy motorker\u00e9kp\u00e1rokkal ismerked\u0151 motorosok sz\u00e1m\u00e1ra.<\/li>\n<\/ul>\n\n\n\n<h3 class=\"wp-block-heading\"><strong>A fojt\u00f3szeleprendszerek h\u00e1tr\u00e1nyai<\/strong><\/h3>\n\n\n\n<ul class=\"wp-block-list\">\n<li><strong>Cs\u00f6kkentett akkumul\u00e1tor-hat\u00e9konys\u00e1g<\/strong> - a folyamatos g\u00e1zad\u00e1s gyorsabban lemer\u00edti az akkumul\u00e1tort.<\/li>\n\n\n\n<li><strong>Kev\u00e9sb\u00e9 term\u00e9szetes ker\u00e9kp\u00e1ros \u00e9lm\u00e9ny<\/strong> - nem \u00f6szt\u00f6n\u00f6z a ped\u00e1loz\u00e1sra, ami korl\u00e1tozza a testmozg\u00e1s el\u0151nyeit.<\/li>\n\n\n\n<li><strong>Szab\u00e1lyoz\u00e1si korl\u00e1toz\u00e1sok<\/strong> - a g\u00e1zped\u00e1lok gyakran korl\u00e1tozottak vagy tiltottak bizonyos r\u00e9gi\u00f3kban (pl. az EU-ban csak a ped\u00e1los seg\u00e9dhajt\u00e1s megengedett).<\/li>\n<\/ul>\n\n\n\n<hr class=\"wp-block-separator has-alpha-channel-opacity\"\/>\n\n\n\n<h2 class=\"wp-block-heading\"><strong>A ped\u00e1lasszisztens (PAS) meg\u00e9rt\u00e9se<\/strong><\/h2>\n\n\n\n<h3 class=\"wp-block-heading\"><strong>Hogyan m\u0171k\u00f6dik a ped\u00e1l-asszisztens<\/strong><\/h3>\n\n\n\n<p>A ped\u00e1lseg\u00edt\u0151 rendszerek (PAS) csak akkor aktiv\u00e1lj\u00e1k a motort, amikor a ker\u00e9kp\u00e1ros ped\u00e1lozik. A leadott teljes\u00edtm\u00e9ny ar\u00e1nyos a ped\u00e1loz\u00e1ssal, ami term\u00e9szetesebb vezet\u00e9si \u00e9lm\u00e9nyt biztos\u00edt. K\u00e9t gyakori \u00e9rz\u00e9kel\u0151t\u00edpust haszn\u00e1lnak:<\/p>\n\n\n\n<ol start=\"1\" class=\"wp-block-list\">\n<li><strong>Taktus\u00e9rz\u00e9kel\u0151k<\/strong>: \u00c9rz\u00e9keli a ped\u00e1loz\u00e1si mozg\u00e1st; a ped\u00e1loz\u00e1s \u00e9szlel\u00e9se ut\u00e1n fix t\u00e1mogat\u00e1st ny\u00fajt.<\/li>\n\n\n\n<li><strong>Nyomat\u00e9k\u00e9rz\u00e9kel\u0151k<\/strong>: M\u00e9rje a ped\u00e1lokra hat\u00f3 er\u0151t, \u00e9s biztos\u00edtson ar\u00e1nyos motoros t\u00e1mogat\u00e1st.<\/li>\n<\/ol>\n\n\n\n<p>A motort\u00e1mogat\u00e1si szintek jellemz\u0151en a kijelz\u0151n kereszt\u00fcl \u00e1ll\u00edthat\u00f3ak, az eco (20-30% motort\u00e1mogat\u00e1s) \u00e9s a turb\u00f3 (250-400% t\u00e1mogat\u00e1s) k\u00f6z\u00f6tt.<\/p>\n\n\n\n<h3 class=\"wp-block-heading\"><strong>A ped\u00e1lseg\u00edt\u0151 rendszerek el\u0151nyei<\/strong><\/h3>\n\n\n\n<ul class=\"wp-block-list\">\n<li><strong>Szab\u00e1lyoz\u00e1si megfelel\u00e9s<\/strong> - Eur\u00f3p\u00e1ban az EN 15194 szabv\u00e1ny szerint teljesen leg\u00e1lis (legfeljebb 25 km\/h t\u00e1mogatott sebess\u00e9g, motor \u2264250 W folyamatos teljes\u00edtm\u00e9ny).<\/li>\n\n\n\n<li><strong>Meghosszabb\u00edtott akkumul\u00e1tor-tartom\u00e1ny<\/strong> - hat\u00e9konyabb\u00e1 v\u00e1lik, mivel a motor kieg\u00e9sz\u00edti a motoros teljes\u00edtm\u00e9ny\u00e9t.<\/li>\n\n\n\n<li><strong>Term\u00e9szetes ker\u00e9kp\u00e1ros \u00e9rz\u00e9s<\/strong> - k\u00f6zelebb \u00e1ll a hagyom\u00e1nyos lovagl\u00e1si dinamik\u00e1hoz.<\/li>\n\n\n\n<li><strong>A rakom\u00e1ny m\u00e9retezhet\u0151s\u00e9ge<\/strong> - A nyomat\u00e9k\u00e9rz\u00e9kel\u0151k z\u00f6kken\u0151mentesebb\u00e9 teszik a neh\u00e9z terhek vontat\u00e1s\u00e1t.<\/li>\n<\/ul>\n\n\n\n<h3 class=\"wp-block-heading\"><strong>A ped\u00e1lseg\u00edt\u0151 rendszerek h\u00e1tr\u00e1nyai<\/strong><\/h3>\n\n\n\n<ul class=\"wp-block-list\">\n<li><strong>Tanul\u00e1si g\u00f6rbe<\/strong> - a versenyz\u0151knek alkalmazkodniuk kell a sebess\u00e9gfokozatok \u00e9s a seg\u00e9dfokozatok hat\u00e9kony kiv\u00e1laszt\u00e1s\u00e1hoz.<\/li>\n\n\n\n<li><strong>Kevesebb azonnali ellen\u0151rz\u00e9s<\/strong> - a g\u00e1zped\u00e1lhoz k\u00e9pest egy t\u00f6red\u00e9kkel tov\u00e1bb tart a teljes\u00edtm\u00e9ny bekapcsol\u00e1sa.<\/li>\n\n\n\n<li><strong>Magasabb alkatr\u00e9szk\u00f6lts\u00e9g<\/strong> - a nyomat\u00e9k\u00e9rz\u00e9kel\u0151 rendszerek k\u00f6lts\u00e9get \u00e9s \u00f6sszetetts\u00e9get n\u00f6velnek.<\/li>\n<\/ul>\n\n\n\n<hr class=\"wp-block-separator has-alpha-channel-opacity\"\/>\n\n\n\n<h2 class=\"wp-block-heading\"><strong>A legfontosabb k\u00fcl\u00f6nbs\u00e9gek \u00e1ttekint\u00e9se<\/strong><\/h2>\n\n\n\n<figure class=\"wp-block-table\"><table class=\"has-fixed-layout\"><thead><tr><th><strong>Jellemz\u0151<\/strong><\/th><th><strong>G\u00e1zkar<\/strong><\/th><th><strong>Ped\u00e1l-asszisztens (PAS)<\/strong><\/th><\/tr><\/thead><tbody><tr><td><strong>Aktiv\u00e1l\u00e1s<\/strong><\/td><td>A lovas karral vagy csavart foganty\u00faval kapcsolja be a foganty\u00fat.<\/td><td>A motor ped\u00e1loz\u00e1skor aktiv\u00e1l\u00f3dik<\/td><\/tr><tr><td><strong>Ped\u00e1loz\u00e1s sz\u00fcks\u00e9ges?<\/strong><\/td><td>Nem<\/td><td>Igen<\/td><\/tr><tr><td><strong>Felhaszn\u00e1l\u00f3i er\u0151fesz\u00edt\u00e9s<\/strong><\/td><td>Minim\u00e1lis vagy nincs<\/td><td>Megosztva a motoros \u00e9s a motor k\u00f6z\u00f6tt<\/td><\/tr><tr><td><strong>Az akkumul\u00e1tor hat\u00e9konys\u00e1ga<\/strong><\/td><td>Alacsonyabb<\/td><td>Magasabb<\/td><\/tr><tr><td><strong>Ride \u00e9rz\u00e9s<\/strong><\/td><td>Scooter-szer\u0171<\/td><td>Term\u00e9szetes ker\u00e9kp\u00e1roz\u00e1s<\/td><\/tr><tr><td><strong>Legjobb<\/strong><\/td><td>Gyors ind\u00edt\u00e1sok, r\u00f6vid utak, neh\u00e9z terhek<\/td><td>Hossz\u00fa t\u00far\u00e1k, megfelel\u00e9s, testmozg\u00e1s<\/td><\/tr><tr><td><strong>Rendeletek (EU)<\/strong><\/td><td>Gyakran korl\u00e1tozott vagy tiltott<\/td><td>Teljes m\u00e9rt\u00e9kben megfelel az EN 15194 szabv\u00e1nynak<\/td><\/tr><tr><td><strong>Szab\u00e1lyoz\u00e1sok (USA)<\/strong><\/td><td>Legfeljebb 2. oszt\u00e1ly\u00fa e-ker\u00e9kp\u00e1rok enged\u00e9lyez\u00e9se<\/td><td>K\u00f6telez\u0151 az 1. \u00e9s 3. oszt\u00e1ly\u00fa e-ker\u00e9kp\u00e1rok eset\u00e9ben<\/td><\/tr><\/tbody><\/table><\/figure>\n\n\n\n<hr class=\"wp-block-separator has-alpha-channel-opacity\"\/>\n\n\n\n<h2 class=\"wp-block-heading\"><strong>Szab\u00e1lyoz\u00e1si k\u00f6rnyezet<\/strong><\/h2>\n\n\n\n<h3 class=\"wp-block-heading\"><strong>Eur\u00f3pa (EN 15194 \u00e9s DIN 79010)<\/strong><\/h3>\n\n\n\n<p>Az uni\u00f3s jogszab\u00e1lyok szerint az elektromos seg\u00e9dmotoros ker\u00e9kp\u00e1roknak (EPAC):<\/p>\n\n\n\n<ul class=\"wp-block-list\">\n<li>Csak ped\u00e1loz\u00e1skor ny\u00fajtson motoros seg\u00edts\u00e9get.<\/li>\n\n\n\n<li>A seg\u00edts\u00e9gny\u00fajt\u00e1st 25 km\/h-ra korl\u00e1tozza.<\/li>\n\n\n\n<li>Haszn\u00e1ljon \u2264250 W folyamatos n\u00e9vleges teljes\u00edtm\u00e9ny\u0171 motorokat.<\/li>\n<\/ul>\n\n\n\n<p>Ez gyakorlatilag kiz\u00e1rja a csak g\u00e1zped\u00e1los e-bike-okat a k\u00f6zutakon val\u00f3 leg\u00e1lis haszn\u00e1latb\u00f3l, hacsak nem korl\u00e1toz\u00f3dik \u201cgyalogos seg\u00edt\u0151 \u00fczemm\u00f3dra\u201d (legfeljebb 6 km\/h).<\/p>\n\n\n\n<h3 class=\"wp-block-heading\"><strong>Egyes\u00fclt \u00c1llamok (1-3. oszt\u00e1ly\u00fa rendszer)<\/strong><\/h3>\n\n\n\n<ul class=\"wp-block-list\">\n<li><strong>1. oszt\u00e1ly<\/strong>: Csak ped\u00e1lseg\u00edts\u00e9ggel, legfeljebb 32 km\/h (20 mph) sebess\u00e9gig.<\/li>\n\n\n\n<li><strong>2. oszt\u00e1ly<\/strong>: G\u00e1zelv\u00e9tel megengedett, legfeljebb 20 m\u00e9rf\u00f6ld\/\u00f3r\u00e1ig.<\/li>\n\n\n\n<li><strong>3. oszt\u00e1ly<\/strong>: Csak ped\u00e1lseg\u00edts\u00e9ggel, legfeljebb 45 km\/h (28 mph) sebess\u00e9gig.<\/li>\n<\/ul>\n\n\n\n<p>Ez a keretrendszer nagyobb rugalmass\u00e1got biztos\u00edt az amerikai ker\u00e9kp\u00e1rosoknak \u00e9s gy\u00e1rt\u00f3knak a g\u00e1zped\u00e1los e-ker\u00e9kp\u00e1rok k\u00edn\u00e1lat\u00e1ban.<\/p>\n\n\n\n<h3 class=\"wp-block-heading\"><strong>Egy\u00e9b piacok<\/strong><\/h3>\n\n\n\n<ul class=\"wp-block-list\">\n<li><strong>K\u00edna<\/strong>: A g\u00e1zped\u00e1los modellek tov\u00e1bbra is gyakoriak.<\/li>\n\n\n\n<li><strong>Kanada<\/strong>: \u00c1ltal\u00e1ban az amerikai oszt\u00e1lyoz\u00e1si rendszert k\u00f6veti, tartom\u00e1nyi elt\u00e9r\u00e9sekkel.<\/li>\n<\/ul>\n\n\n\n<p>A teherbiciklik OEM\/ODM projektjei eset\u00e9ben az Regen mindig azt tan\u00e1csolja, hogy a tervez\u00e9si specifik\u00e1ci\u00f3kat a c\u00e9lpiac szab\u00e1lyoz\u00e1si keret\u00e9vel hangolj\u00e1k \u00f6ssze, hogy elker\u00fclj\u00e9k a megfelel\u00e9si probl\u00e9m\u00e1kat az import sor\u00e1n.<\/p>\n\n\n\n<hr class=\"wp-block-separator has-alpha-channel-opacity\"\/>\n\n\n\n<h2 class=\"wp-block-heading\"><strong>Alkalmaz\u00e1s a Cargo E-Bike-okban<\/strong><\/h2>\n\n\n\n<p>A tehersz\u00e1ll\u00edt\u00f3 ker\u00e9kp\u00e1rok eg\u00e9szen m\u00e1s k\u00f6r\u00fclm\u00e9nyek k\u00f6z\u00f6tt m\u0171k\u00f6dnek, mint a hagyom\u00e1nyos ing\u00e1z\u00f3 e-ker\u00e9kp\u00e1rok. A terhel\u00e9s s\u00falya, a terepviszonyok \u00e9s a ker\u00e9kp\u00e1ros profilja er\u0151sen befoly\u00e1solja, hogy a g\u00e1zped\u00e1l vagy a ped\u00e1lseg\u00e9d el\u0151ny\u00f6sebb-e.<\/p>\n\n\n\n<ul class=\"wp-block-list\">\n<li><strong>V\u00e1rosi utols\u00f3 m\u00e9rf\u00f6ldes sz\u00e1ll\u00edt\u00e1s<\/strong>: A g\u00e1zped\u00e1l seg\u00edthet a lovasoknak, hogy neh\u00e9z terhekkel gyorsan elinduljanak a meg\u00e1ll\u00e1sb\u00f3l.<\/li>\n\n\n\n<li><strong>Hossz\u00fa t\u00e1v\u00fa logisztika<\/strong>: A ped\u00e1l-seg\u00edts\u00e9g megn\u00f6veli az akkumul\u00e1tor hat\u00f3t\u00e1vols\u00e1g\u00e1t \u00e9s egyenletes sebess\u00e9get biztos\u00edt.<\/li>\n\n\n\n<li><strong>Csal\u00e1di k\u00f6zleked\u00e9si ker\u00e9kp\u00e1rok<\/strong>: A nyomat\u00e9k\u00e9rz\u00e9kel\u0151s ped\u00e1lseg\u00e9d egyenletesebb gyorsul\u00e1st eredm\u00e9nyez, biztons\u00e1gosabb a gyermekek utasai sz\u00e1m\u00e1ra.<\/li>\n\n\n\n<li><strong>Meredek terep vagy hidak<\/strong>: A legjobb egyens\u00falyt egy kombin\u00e1lt rendszer (PAS + gyalogos g\u00e1zped\u00e1l) k\u00edn\u00e1lja.<\/li>\n<\/ul>\n\n\n\n<p>Sok pr\u00e9mium tehersz\u00e1ll\u00edt\u00f3 e-ker\u00e9kp\u00e1r manaps\u00e1g integr\u00e1lja <strong>kett\u0151s rendszerek<\/strong>: ped\u00e1lseg\u00edts\u00e9g, mint els\u0151dleges hajt\u00e1si m\u00f3d, korl\u00e1tozott g\u00e1zad\u00e1ssal (6 km\/h-ig) tol\u00e1shoz vagy terhel\u00e9s alatti ind\u00edt\u00e1shoz.<\/p>\n\n\n\n<hr class=\"wp-block-separator has-alpha-channel-opacity\"\/>\n\n\n\n<h2 class=\"wp-block-heading\"><strong>A megfelel\u0151 rendszer kiv\u00e1laszt\u00e1sa<\/strong><\/h2>\n\n\n\n<p>Amikor a g\u00e1zped\u00e1l \u00e9s a ped\u00e1lseg\u00e9d k\u00f6z\u00f6tt d\u00f6nt, vegye figyelembe:<\/p>\n\n\n\n<ol start=\"1\" class=\"wp-block-list\">\n<li><strong>Az \u00d6n piac\u00e1nak szab\u00e1lyoz\u00e1sa<\/strong> - Az EN 15194 szabv\u00e1ny szerint a ker\u00e9kp\u00e1rjaik jogszer\u0171ek lesznek az utakon?<\/li>\n\n\n\n<li><strong>Felhaszn\u00e1l\u00f3i profil<\/strong> - Az \u00d6n \u00fcgyfelei sz\u00e1ll\u00edt\u00e1si szakemberek, csal\u00e1dok vagy szabadid\u0151s lovasok?<\/li>\n\n\n\n<li><strong>Terhel\u00e9si k\u00f6vetelm\u00e9nyek<\/strong> - A modellje nagy teherb\u00edr\u00e1s\u00fa (pl. 200-300 kg brutt\u00f3 teherb\u00edr\u00e1s\u00fa) rakom\u00e1nyt c\u00e9loz meg?<\/li>\n\n\n\n<li><strong>Az akkumul\u00e1tor \u00e9lettartam\u00e1val kapcsolatos elv\u00e1r\u00e1sok<\/strong> - A hat\u00e9konys\u00e1g vagy a k\u00e9nyelem \u00e9lvez priorit\u00e1st?<\/li>\n\n\n\n<li><strong>\u00c1rpoz\u00edcion\u00e1l\u00e1s<\/strong> - A fojt\u00f3szeleppel felszerelt rendszerek cs\u00f6kkenthetik a hajt\u00e1sl\u00e1nc kop\u00e1s\u00e1t, de n\u00f6velhetik a megfelel\u00e9si k\u00f6lts\u00e9geket.<\/li>\n<\/ol>\n\n\n\n<p>Az Regen-n\u00e9l a k\u00f6vetkez\u0151ket javasoljuk <strong>nyomat\u00e9k\u00e9rz\u00e9kel\u0151s ped\u00e1lseg\u00e9d<\/strong> az eur\u00f3pai piacokon alapk\u00e9nt, a teherbiciklikhez opcion\u00e1lisan rendelhet\u0151 gyalogos g\u00e1zped\u00e1lokkal. Az Egyes\u00fclt \u00c1llamokban a 2. oszt\u00e1lynak megfelel\u0151, g\u00e1zped\u00e1los seg\u00e9dmotoros teherbring\u00e1k vonz\u00f3 lehet\u0151s\u00e9get jelenthetnek a v\u00e1rosi sz\u00e1ll\u00edt\u00f3flott\u00e1k sz\u00e1m\u00e1ra.<\/p>\n\n\n\n<hr class=\"wp-block-separator has-alpha-channel-opacity\"\/>\n\n\n\n<h2 class=\"wp-block-heading\"><strong>Gyakori t\u00e9vhitek<\/strong><\/h2>\n\n\n\n<ul class=\"wp-block-list\">\n<li><strong>\u201cEur\u00f3p\u00e1ban mindenhol illeg\u00e1lisak a g\u00e1zped\u00e1los ker\u00e9kp\u00e1rok.\u201d<\/strong> Nem teljesen igaz - a g\u00e1zped\u00e1lok legfeljebb 6 km\/h-s gyalogos sebess\u00e9gig enged\u00e9lyezettek. A nagyobb sebess\u00e9g\u0171 g\u00e1zped\u00e1l haszn\u00e1lata korl\u00e1tozott.<\/li>\n\n\n\n<li><strong>\u201cA ped\u00e1lseg\u00e9d mindig hat\u00e9konyabb.\u201d<\/strong> A hat\u00e9konys\u00e1g a vezet\u00e9si st\u00edlust\u00f3l f\u00fcgg; a folyamatosan turb\u00f3 \u00fczemm\u00f3dot haszn\u00e1l\u00f3 motoros ugyanolyan gyorsan lemer\u00edtheti az akkumul\u00e1tort, mint a g\u00e1zelv\u00e9tel.<\/li>\n\n\n\n<li><strong>\u201cA g\u00e1zped\u00e1l cs\u00f6kkenti a hajt\u00e1sl\u00e1nc kop\u00e1s\u00e1t.\u201d<\/strong> Val\u00f3j\u00e1ban a g\u00e1zad\u00e1s cs\u00f6kkentheti a l\u00e1nc ig\u00e9nybev\u00e9tel\u00e9t a ped\u00e1lterhel\u00e9s cs\u00f6kkent\u00e9s\u00e9vel, de a folyamatos nagy nyomat\u00e9k m\u00e9g mindig gyors\u00edtja a ker\u00e9kagymotorok \u00e9s az akkumul\u00e1torok kop\u00e1s\u00e1t.<\/li>\n<\/ul>\n\n\n\n<hr class=\"wp-block-separator has-alpha-channel-opacity\"\/>\n\n\n\n<h2 class=\"wp-block-heading\"><strong>Val\u00f3s vil\u00e1gbeli p\u00e9lda<\/strong><\/h2>\n\n\n\n<p>Az Regen egyik ODM \u00fcgyfele Portug\u00e1li\u00e1ban gy\u00e1rt <strong>el\u00f6l rakod\u00f3 teherbring\u00e1k<\/strong> a v\u00e1rosi \u00e9lelmiszerboltok kisz\u00e1ll\u00edt\u00e1s\u00e1hoz. A flotta nyomat\u00e9k\u00e9rz\u00e9kel\u0151s ped\u00e1lseg\u00e9drendszert haszn\u00e1l 250 W-os k\u00f6z\u00e9pmotorral (EN 15194 szabv\u00e1nynak megfelel\u0151). A rakod\u00f3r\u00e1mp\u00e1khoz \u00e9s a sz\u0171k rakt\u00e1ri man\u0151verekhez azonban egy tov\u00e1bbi, 6 km\/h-ra korl\u00e1tozott h\u00fcvelykujjas fojt\u00f3szelepet k\u00e9rtek.<\/p>\n\n\n\n<p>Ez a hibrid konfigur\u00e1ci\u00f3 lehet\u0151v\u00e9 tette az uni\u00f3s szabv\u00e1nyoknak val\u00f3 megfelel\u00e9st, mik\u00f6zben jav\u00edtotta a vezet\u0151 ergon\u00f3mi\u00e1j\u00e1t az ig\u00e9nyes logisztikai k\u00f6rnyezetben.<\/p>\n\n\n\n<hr class=\"wp-block-separator has-alpha-channel-opacity\"\/>\n\n\n\n<h2 class=\"wp-block-heading\"><strong>K\u00f6vetkeztet\u00e9s<\/strong><\/h2>\n\n\n\n<p>A g\u00e1zped\u00e1l \u00e9s a ped\u00e1lseg\u00e9d nem egym\u00e1ssal verseng\u0151 technol\u00f3gi\u00e1k, hanem egym\u00e1st kieg\u00e9sz\u00edt\u0151 eszk\u00f6z\u00f6k. A g\u00e1zped\u00e1l azonnali teljes\u00edtm\u00e9nyt \u00e9s k\u00e9nyelmet biztos\u00edt, m\u00edg a ped\u00e1lseg\u00e9d hat\u00e9konys\u00e1got, megfelel\u0151s\u00e9get \u00e9s term\u00e9szetesebb vezet\u00e9st biztos\u00edt. K\u00fcl\u00f6n\u00f6sen a teherbiciklik eset\u00e9ben a d\u00f6nt\u00e9s nagym\u00e9rt\u00e9kben f\u00fcgg a helyi el\u0151\u00edr\u00e1sokt\u00f3l \u00e9s a konkr\u00e9t felhaszn\u00e1l\u00e1si esetekt\u0151l.<\/p>\n\n\n\n<p>Az Regen-n\u00e9l seg\u00edt\u00fcnk partnereinknek felm\u00e9rni a megfelel\u0151 meghajt\u00f3rendszert a piacukra, legyen sz\u00f3 nyomat\u00e9k\u00e9rz\u00e9kel\u0151s PAS-r\u00f3l Eur\u00f3p\u00e1ban vagy g\u00e1zkarbar\u00e1t 2. oszt\u00e1ly\u00fa megold\u00e1sokr\u00f3l az Egyes\u00fclt \u00c1llamokban. A megfelel\u0151 rendszer kiv\u00e1laszt\u00e1sa a tervez\u00e9si szakaszban biztos\u00edtja a z\u00f6kken\u0151mentes tan\u00fas\u00edt\u00e1st, a jobb felhaszn\u00e1l\u00f3i elfogadotts\u00e1got \u00e9s a flotta hossz\u00fa t\u00e1v\u00fa megb\u00edzhat\u00f3s\u00e1g\u00e1t.<\/p>","protected":false},"excerpt":{"rendered":"<p>Introduction At Regen, we often hear this question from customers, distributors, and even first-time riders: \u201cWhat exactly is the difference between throttle and pedal-assist on e-bikes?\u201d While the terms are used frequently in the industry, their practical meaning can be unclear to buyers and operators who are new to electric mobility. Throttle and pedal-assist represent [&hellip;]<\/p>\n","protected":false},"author":2,"featured_media":1846,"comment_status":"closed","ping_status":"closed","sticky":false,"template":"","format":"standard","meta":{"footnotes":""},"categories":[2],"tags":[],"class_list":["post-1845","post","type-post","status-publish","format-standard","has-post-thumbnail","hentry","category-knowledge"],"_links":{"self":[{"href":"https:\/\/regencargobikes.com\/hu\/wp-json\/wp\/v2\/posts\/1845","targetHints":{"allow":["GET"]}}],"collection":[{"href":"https:\/\/regencargobikes.com\/hu\/wp-json\/wp\/v2\/posts"}],"about":[{"href":"https:\/\/regencargobikes.com\/hu\/wp-json\/wp\/v2\/types\/post"}],"author":[{"embeddable":true,"href":"https:\/\/regencargobikes.com\/hu\/wp-json\/wp\/v2\/users\/2"}],"replies":[{"embeddable":true,"href":"https:\/\/regencargobikes.com\/hu\/wp-json\/wp\/v2\/comments?post=1845"}],"version-history":[{"count":2,"href":"https:\/\/regencargobikes.com\/hu\/wp-json\/wp\/v2\/posts\/1845\/revisions"}],"predecessor-version":[{"id":1849,"href":"https:\/\/regencargobikes.com\/hu\/wp-json\/wp\/v2\/posts\/1845\/revisions\/1849"}],"wp:featuredmedia":[{"embeddable":true,"href":"https:\/\/regencargobikes.com\/hu\/wp-json\/wp\/v2\/media\/1846"}],"wp:attachment":[{"href":"https:\/\/regencargobikes.com\/hu\/wp-json\/wp\/v2\/media?parent=1845"}],"wp:term":[{"taxonomy":"category","embeddable":true,"href":"https:\/\/regencargobikes.com\/hu\/wp-json\/wp\/v2\/categories?post=1845"},{"taxonomy":"post_tag","embeddable":true,"href":"https:\/\/regencargobikes.com\/hu\/wp-json\/wp\/v2\/tags?post=1845"}],"curies":[{"name":"wp","href":"https:\/\/api.w.org\/{rel}","templated":true}]}}