{"id":1912,"date":"2026-05-29T00:37:43","date_gmt":"2026-05-28T16:37:43","guid":{"rendered":"https:\/\/regencargobikes.com\/?p=1912"},"modified":"2026-05-29T00:37:45","modified_gmt":"2026-05-28T16:37:45","slug":"single-speed-vs-multi-speed-gearing-on-e-cargo-bikes","status":"publish","type":"post","link":"https:\/\/regencargobikes.com\/hu\/single-speed-vs-multi-speed-gearing-on-e-cargo-bikes\/","title":{"rendered":"Egysebess\u00e9ges vs. t\u00f6bbsebess\u00e9ges hajt\u00e1srendszer e-teherbicikliken: El\u0151ny\u00f6k, h\u00e1tr\u00e1nyok \u00e9s felhaszn\u00e1l\u00e1si esetek"},"content":{"rendered":"<p>Carrying groceries is one thing. Carrying two children, a delivery box, or a full day of commercial cargo is something else entirely. On an e-cargo bike, gearing is not just about pedaling comfort. It affects hill starts, battery efficiency, motor behavior, drivetrain wear, and how confident the bike feels when loaded.<\/p>\n<p>At Regen, gearing questions usually come up right after motor questions. That makes sense. Once a buyer understands the difference between a mid-drive and a hub motor, the next practical question is: how many gears do I actually need?<\/p>\n<p>The short answer is this:<\/p><div id=\"regen-1658291134\" class=\"regen-test-placement-from-wizard-2878267818 regen-entity-placement\"><script async src=\"https:\/\/pagead2.googlesyndication.com\/pagead\/js\/adsbygoogle.js?client=ca-pub-1076230867169041\"\n     crossorigin=\"anonymous\"><\/script><\/div><div id=\"regen-368630164\" class=\"regen-test-placement-from-wizard-1604397851 regen-entity-placement\"><script async src=\"https:\/\/pagead2.googlesyndication.com\/pagead\/js\/adsbygoogle.js?client=ca-pub-1076230867169041\"\n     crossorigin=\"anonymous\"><\/script><\/div>\n<ul>\n<li>A true single-speed setup can work for flat, predictable routes with lighter loads and riders who prioritize low maintenance over versatility.<\/li>\n<li>A multi-speed setup is the better choice for most electric cargo bikes, especially when the bike carries changing loads, operates on mixed terrain, or uses a mid-drive motor.<\/li>\n<\/ul>\n<p>If you are choosing a family bike, planning a delivery fleet, or specifying components for a private-label cargo bike, this guide will help you decide.<\/p>\n<h2>What \u201cSingle-Speed\u201d Really Means on an E-Cargo Bike<\/h2>\n<p>On a standard bicycle, single-speed means one front chainring, one rear cog, and one fixed gear ratio. There is no shifting. The drivetrain is simple, quiet, and easy to maintain.<\/p>\n<p>On cargo e-bikes, the term is sometimes used more loosely. Buyers may say \u201csingle-speed\u201d when they mean one of three things:<\/p>\n<ol>\n<li>A true one-gear drivetrain with no shifting at all.<\/li>\n<li>A hub-motor bike that feels less dependent on shifting because the motor drives the wheel directly.<\/li>\n<li>A very low-maintenance drivetrain, often involving a belt drive plus internal gearing, where the rider rarely thinks about gear changes.<\/li>\n<\/ol>\n<p>That distinction matters. Most serious e-cargo bikes are not true single-speeds, because cargo riding creates a wider range of torque demands than a normal city bike. Starting from a stop with 80-150 kg of total payload, climbing ramps, or riding into headwinds all benefit from gear range.<\/p>\n<p>Ez k\u00fcl\u00f6n\u00f6sen igaz a k\u00f6z\u00e9pmotoros rendszerekre, mert a k\u00f6z\u00e9pmotoros motor a hajt\u00e1sl\u00e1ncon kereszt\u00fcl adja le a teljes\u00edtm\u00e9nyt, \u00e9s akkor m\u0171k\u00f6dik a legjobban, ha a megfelel\u0151 \u00e1tt\u00e9tellel p\u00e1rosul.<\/p>\n<p>A motorokkal kapcsolatos r\u00e9szletesebb h\u00e1tt\u00e9r\u00e9rt l\u00e1sd az Regen \u00fatmutat\u00f3it <a href=\"https:\/\/regencargobikes.com\/hu\/mid-drive-vs-hub-motor-which-is-better\/\">k\u00f6z\u00e9pmotor vs. agymotor<\/a> \u00e9s a <a href=\"https:\/\/regencargobikes.com\/hu\/electric-cargo-bike-motor-power-system-faq\/\">elektromos teherbicikli motor teljes\u00edtm\u00e9ny GYIK<\/a>.<\/p>\n<h2>Mi\u00e9rt sz\u00e1m\u00edt jobban az \u00e1tt\u00e9tel a teherbiciklikn\u00e9l, mint a norm\u00e1l e-biciklikn\u00e9l<\/h2>\n<p>Egy ing\u00e1z\u00f3 e-bicikli gyakran egy lovast \u00e9s egy h\u00e1tizs\u00e1kot sz\u00e1ll\u00edt. Egy teherbicikli gyerekeket, szersz\u00e1mokat, csomagokat, \u00e9teldobozokat vagy kereskedelmi felszerel\u00e9st sz\u00e1ll\u00edthat. Ez a t\u00f6bblett\u00f6meg mindent megv\u00e1ltoztat.<\/p>\n<p>Az \u00e1tt\u00e9tel befoly\u00e1solja:<\/p>\n<ul>\n<li><strong>Ind\u00edt\u00e1si nyomat\u00e9k:<\/strong> El tud-e indulni a bicikli sim\u00e1n a jelz\u0151l\u00e1mp\u00e1n\u00e1l teljesen megrakva?<\/li>\n<li><strong>M\u00e1sz\u00f3k\u00e9pess\u00e9g:<\/strong> Meg tudj\u00e1k-e tartani a lovas \u00e9s a motor a k\u00e9nyelmes ped\u00e1loz\u00e1si ritmust a r\u00e1mp\u00e1kon vagy emelked\u0151k\u00f6n?<\/li>\n<li><strong>Motor hat\u00e9konys\u00e1g:<\/strong> A motor hat\u00e9kony fordulatsz\u00e1m-tartom\u00e1nyban dolgozik, vagy terhel\u00e9s alatt lefullad?<\/li>\n<li><strong>Akkumul\u00e1tor hat\u00f3t\u00e1v:<\/strong> A rossz \u00e1tt\u00e9telv\u00e1laszt\u00e1s arra k\u00e9nyszer\u00edti a motort, hogy kem\u00e9nyebben dolgozzon, \u00e9s gyorsabban mer\u00edti az akkumul\u00e1tort.<\/li>\n<li><strong>Alkatr\u00e9szek \u00e9lettartama:<\/strong> A l\u00e1ncok, l\u00e1nckerekek, sz\u00edjak \u00e9s l\u00e1ncszemek gyorsabban kopnak, ha a nyomat\u00e9kterhel\u00e9s t\u00fal nagy a v\u00e1lasztott \u00e1tt\u00e9telhez.<\/li>\n<\/ul>\n<p>A teherbiciklik t\u00f6bb stop-start vezet\u00e9ssel is szembes\u00fclnek, mint sok hagyom\u00e1nyos e-bicikli. A fut\u00e1rok \u00f3r\u00e1nk\u00e9nt t\u00f6bb tucatszor \u00e1llhatnak meg. A sz\u00fcl\u0151k \u00fajraindulhatnak enyhe emelked\u0151k\u00f6n iskol\u00e1k vagy lak\u00f3h\u00e1zak el\u0151tt. Ez az ism\u00e9telt alacsony sebess\u00e9g\u0171 gyorsul\u00e1s pontosan az, ahol a plusz \u00e1tt\u00e9tel seg\u00edt.<\/p>\n<p>Az \u00e1tt\u00e9tel term\u00e9szetesen csak egy darabja a rendszernek. A rakom\u00e1ny, a ker\u00e9km\u00e9ret, a gumiabroncs-v\u00e1laszt\u00e1s \u00e9s a v\u00e1zgeometria is befoly\u00e1solja a teljes\u00edtm\u00e9nyt. Az Regen cikke a <a href=\"https:\/\/regencargobikes.com\/hu\/10-key-factors-affecting-cargo-bike-load-capacity\/\">teherbicikli rakom\u00e1nykapacit\u00e1s<\/a> elmagyar\u00e1zza, hogyan hatnak egym\u00e1sra ezek a v\u00e1ltoz\u00f3k.<\/p>\n<h2>Az egysebess\u00e9ges fel\u00e1ll\u00e1s el\u0151nyei<\/h2>\n<p>Az egysebess\u00e9ges hajt\u00e1sl\u00e1ncoknak m\u00e9g mindig vannak val\u00f3di er\u0151ss\u00e9geik, \u00e9s ez\u00e9rt haszn\u00e1lj\u00e1k tov\u00e1bbra is n\u00e9h\u00e1ny v\u00e1rosi haszonj\u00e1rm\u0171.<\/p>\n<h3>Mechanikai egyszer\u0171s\u00e9g<\/h3>\n<p>Kevesebb mozg\u00f3 alkatr\u00e9sz van: nincs v\u00e1lt\u00f3, nincs v\u00e1lt\u00f3kar, nincs kazetta, \u00e9s kevesebb be\u00e1ll\u00edt\u00e1s. Ez kevesebb szervizpontot \u00e9s kevesebb dolgot jelent, ami el\u00e1ll\u00edt\u00f3dhat.<\/p>\n<h3>Alacsonyabb karbantart\u00e1s<\/h3>\n<p>A simple drivetrain is easier to clean and easier to inspect. For shared-use fleets or riders who do not want to think about shifting technique, simplicity can be attractive.<\/p>\n<h3>Cleaner user experience<\/h3>\n<p>Some casual riders prefer the \u201cjust pedal and go\u201d feel. When paired with a hub motor on mostly flat routes, a single-speed can feel intuitive because the motor masks some of the gearing limitations.<\/p>\n<h3>Lower upfront cost<\/h3>\n<p>In general, fewer components mean lower parts cost. For entry-level or highly standardized fleet builds, that can matter.<\/p>\n<h3>Good fit for very specific duty cycles<\/h3>\n<p>If the route is flat, the rider weight is consistent, the average cargo load is moderate, and the bike rarely faces steep starts, a single-speed setup may be enough.<\/p>\n<p>Typical examples:<\/p>\n<ul>\n<li>Campus or industrial-site utility bikes<\/li>\n<li>Flat-city short-range delivery routes<\/li>\n<li>Light-duty family use with modest distances<\/li>\n<\/ul>\n<h2>The Limitations of Single-Speed on E-Cargo Bikes<\/h2>\n<p>This is where cargo-specific reality catches up with the idea.<\/p>\n<h3>Harder starts under heavy load<\/h3>\n<p>A single gear ratio must be a compromise. If it is low enough for heavy starts, cruising speed feels spinny and inefficient. If it is high enough for comfortable cruising, takeoffs become awkward when the bike is loaded.<\/p>\n<h3>Poor adaptability to hills and changing terrain<\/h3>\n<p>Cargo bikes are often used in exactly the conditions where riders need mechanical leverage: bridges, ramps, cobbled streets, mixed urban gradients, and headwinds. A single-speed cannot adapt.<\/p>\n<h3>Reduced efficiency for mid-drive systems<\/h3>\n<p>Mid-drive motors are designed to benefit from the bike\u2019s gearing. Remove that advantage and you reduce one of the core reasons to choose a mid-drive in the first place.<\/p>\n<h3>Greater rider strain<\/h3>\n<p>If cadence regularly falls too low, the rider pushes harder on every start and climb. That increases fatigue and can feel especially punishing on a loaded bike.<\/p>\n<h3>More narrow use-case range<\/h3>\n<p>A rakom\u00e1nyker\u00e9kp\u00e1rokat a sokoldal\u00fas\u00e1guk miatt v\u00e1s\u00e1rolj\u00e1k. Egy hajt\u00e1sl\u00e1nc, amely h\u00e9tf\u0151n egy t\u00e1sk\u00e1val j\u00f3nak t\u0171nik, szombaton k\u00e9t gyerekkel \u00e9s bev\u00e1s\u00e1rl\u00e1ssal frusztr\u00e1l\u00f3 lehet.<\/p>\n<h2>A t\u00f6bbfokozat\u00fa v\u00e1lt\u00f3 el\u0151nyei<\/h2>\n<p>A legt\u00f6bb rakom\u00e1nyos alkalmaz\u00e1sn\u00e1l a t\u00f6bbfokozat\u00fa rendszerek a praktikus alap\u00e9rtelmez\u00e9s.<\/p>\n<h3>Jobb emelked\u0151n val\u00f3 elindul\u00e1s \u00e9s alacsony sebess\u00e9g\u0171 ir\u00e1ny\u00edt\u00e1s<\/h3>\n<p>Az alacsonyabb fokozat lehet\u0151v\u00e9 teszi a ped\u00e1loz\u00e1si ritmus fenntart\u00e1s\u00e1t \u00e9s a terhel\u00e9s cs\u00f6kkent\u00e9s\u00e9t indul\u00e1skor, k\u00fcl\u00f6n\u00f6sen, ha a doboz tele van, vagy az \u00fatvonal emelked\u0151ket tartalmaz.<\/p>\n<h3>Jobb motor-teljes\u00edtm\u00e9ny<\/h3>\n<p>K\u00f6z\u00e9pmotoros e-bike eset\u00e9n a v\u00e1lt\u00f3k lehet\u0151v\u00e9 teszik, hogy a motor hat\u00e9konyabb m\u0171k\u00f6d\u00e9si z\u00f3n\u00e1ban maradjon. Ez jav\u00edtja az emelked\u0151n val\u00f3 halad\u00e1st, cs\u00f6kkenti a h\u0151felhalmoz\u00f3d\u00e1st, \u00e9s seg\u00edthet a hat\u00f3t\u00e1vols\u00e1gban.<\/p>\n<h3>Sz\u00e9lesebb k\u00f6r\u0171 felhaszn\u00e1l\u00e1si lehet\u0151s\u00e9gek<\/h3>\n<p>Egy ker\u00e9kp\u00e1rt reggel \u00fcresen, d\u00e9lben er\u0151sen megrakva, este pedig gyerek\u00fcl\u00e9ssel is haszn\u00e1lhatnak. A t\u00f6bbfokozat\u00fa rendszerek jobban kezelik ezeket a v\u00e1ltoz\u00f3 ig\u00e9nyeket.<\/p>\n<h3>Nagyobb utaz\u00e1si k\u00e9nyelem<\/h3>\n<p>A ker\u00e9kp\u00e1rosok alacsony sebess\u00e9gn\u00e9l k\u00f6nnyed\u00e9n ped\u00e1lozhatnak, \u00e9s v\u00e1rosi utaz\u00f3sebess\u00e9gn\u00e9l is k\u00e9nyelmes ritmust tarthatnak.<\/p>\n<h3>Jobban megfelel kereskedelmi flott\u00e1k sz\u00e1m\u00e1ra<\/h3>\n<p>K\u00e9zbes\u00edt\u00e9si \u00e9s logisztikai munk\u00e1n\u00e1l a k\u00f6vetkezetess\u00e9g sz\u00e1m\u00edt. A t\u00f6bbfokozat\u00fa hajt\u00e1sl\u00e1ncok seg\u00edtenek a k\u00fcl\u00f6nb\u00f6z\u0151 ker\u00e9kp\u00e1rosoknak az \u00fatvonalviszonyokhoz igaz\u00edtani a ker\u00e9kp\u00e1rt, ahelyett, hogy mindenkit egyetlen \u00e1tt\u00e9telre k\u00e9nyszer\u00edten\u00e9nek.<\/p>\n<h2>Bels\u0151 v\u00e1lt\u00f3agy vs. v\u00e1lt\u00f3: A k\u00e9t f\u0151 t\u00f6bbfokozat\u00fa lehet\u0151s\u00e9g<\/h2>\n<p>Ha t\u00fall\u00e9p\u00fcnk az egyfokozat\u00fa rendszeren, a k\u00f6vetkez\u0151 v\u00e1laszt\u00e1s \u00e1ltal\u00e1ban a bels\u0151 v\u00e1lt\u00f3agy \u00e9s a k\u00fcls\u0151 v\u00e1lt\u00f3 k\u00f6z\u00f6tt van.<\/p>\n<h3>Bels\u0151 v\u00e1lt\u00f3agy<\/h3>\n<p>A bels\u0151 v\u00e1lt\u00f3agyak a v\u00e1lt\u00f3mechanizmust a h\u00e1ts\u00f3 agy belsej\u00e9be helyezik. Rakom\u00e1nyos haszn\u00e1latra n\u00e9pszer\u0171ek, mert a rendszer v\u00e9dett a szennyez\u0151d\u00e9st\u0151l, a kisebb \u00fct\u00e9sekt\u0151l \u00e9s az id\u0151j\u00e1r\u00e1s hat\u00e1sait\u00f3l. Az Shimano e-bike-orient\u00e1lt NEXUS INTER-5E \u00e9s m\u00e1s bels\u0151 agyrendszerek kifejezetten az e-bike haszn\u00e1lat nagyobb ped\u00e1ler\u0151ihez k\u00e9sz\u00fcltek. Az Shimano azt is megjegyzi, hogy a bels\u0151 v\u00e1lt\u00f3agyak nagyon hossz\u00fa \u00e9lettartamot biztos\u00edthatnak megfelel\u0151 karbantart\u00e1s mellett.<\/p>\n<p>El\u0151ny\u00f6k:<\/p>\n<ul>\n<li>Tiszt\u00e1bb megjelen\u00e9s<\/li>\n<li>Alacsonyabb napi karbantart\u00e1s<\/li>\n<li>Jobb v\u00e9delem az id\u0151j\u00e1r\u00e1s \u00e9s a szennyez\u0151d\u00e9s ellen<\/li>\n<li>Rendszert\u0151l f\u00fcgg\u0151en gyakran meg\u00e1ll\u00e1skor is lehet v\u00e1ltani<\/li>\n<li>Vonz\u00f3 csal\u00e1di \u00e9s v\u00e1rosi flottaker\u00e9kp\u00e1rokhoz<\/li>\n<\/ul>\n<p>H\u00e1tr\u00e1nyok:<\/p>\n<ul>\n<li>Higher cost than basic derailleur systems<\/li>\n<li>More limited gear range on some models<\/li>\n<li>Heavier than simple derailleur setups<\/li>\n<\/ul>\n<h3>Derailleur system<\/h3>\n<p>A derailleur setup uses an external cassette and chain movement across different sprockets. It is common because it is efficient, relatively lightweight, and offers strong range for the money.<\/p>\n<p>El\u0151ny\u00f6k:<\/p>\n<ul>\n<li>Good efficiency<\/li>\n<li>Wide gear range<\/li>\n<li>Lower replacement cost<\/li>\n<li>Easy for many bike shops to service<\/li>\n<\/ul>\n<p>H\u00e1tr\u00e1nyok:<\/p>\n<ul>\n<li>More exposed to dirt, knocks, and misalignment<\/li>\n<li>Cannot tolerate careless shifting under load as well<\/li>\n<li>Needs more frequent cleaning and adjustment<\/li>\n<\/ul>\n<p>If you want a practical guide to rider behavior, Regen\u2019s article on <a href=\"https:\/\/regencargobikes.com\/hu\/best-practices-for-shifting-gears-on-cargo-e-bikes\/\">best practices for shifting gears on cargo e-bikes<\/a> is the right next read.<\/p>\n<h2>Single-Speed vs. Multi-Speed: Which One Fits Which Rider?<\/h2>\n<p>Here is the practical decision framework.<\/p>\n<h3>Single-speed may be enough if:<\/h3>\n<ul>\n<li>Your route is consistently flat<\/li>\n<li>Average cargo load is light to moderate<\/li>\n<li>You use a hub motor rather than a mid-drive<\/li>\n<li>You prioritize simplicity above adaptability<\/li>\n<li>Multiple daily stops do not involve steep ramps or loaded restarts<\/li>\n<\/ul>\n<h3>Multi-speed is usually the better choice if:<\/h3>\n<ul>\n<li>You carry children or heavy commercial loads<\/li>\n<li>Your route includes hills, bridges, or mixed terrain<\/li>\n<li>Rider weights and cargo weights vary day to day<\/li>\n<li>You use a mid-drive motor<\/li>\n<li>You care about long-term ride quality and rider confidence<\/li>\n<\/ul>\n<p>In real cargo-bike buying decisions, this is why many serious family and business models use internal 5-speed, 8-speed, or derailleur-based multi-speed drivetrains rather than true single-speed builds.<\/p>\n<h2>What About Belt Drives?<\/h2>\n<p>Belt drives are sometimes mentioned in the same conversation because they appeal to riders who want less mess and less routine maintenance than a chain. Gates Carbon Drive systems are widely used on urban and cargo bikes, but belt drives are not automatically single-speed. They are often paired with internal gear hubs.<\/p>\n<p>That combination can be extremely attractive for premium cargo bikes:<\/p>\n<ul>\n<li>Clean and quiet drivetrain<\/li>\n<li>Reduced maintenance frequency<\/li>\n<li>Er\u0151s v\u00e1rosi tart\u00f3ss\u00e1g<\/li>\n<li>Jobb mindennapi felhaszn\u00e1l\u00f3i \u00e9lm\u00e9ny csal\u00e1di \u00e9s flott\u00e1s ker\u00e9kp\u00e1rosoknak<\/li>\n<\/ul>\n<p>A kompromisszum az \u00e1r. A sz\u00edjhajt\u00e1sos rendszerek \u00e1ltal\u00e1ban akkor a legink\u00e1bb indokoltak, ha a v\u00e1s\u00e1rl\u00f3 \u00e9rt\u00e9keli az alacsony karbantart\u00e1st, a minden id\u0151j\u00e1r\u00e1sban tiszta haszn\u00e1latot \u00e9s a pr\u00e9mium tulajdonosi \u00e9lm\u00e9nyt.<\/p>\n<h2>Az Regen gyakorlati n\u00e9z\u0151pontja: Melyik fel\u00e1ll\u00e1s a leg\u00e9rtelmesebb?<\/h2>\n<p>Az Regen-n\u00e9l \u00e1ltal\u00e1ban h\u00e1rom \u00e9sszer\u0171 mint\u00e1t l\u00e1tunk:<\/p>\n<h3>T\u00f6bbfokozat\u00fa v\u00e1lt\u00f3 az \u00e9rt\u00e9k \u00e9s a rugalmass\u00e1g \u00e9rdek\u00e9ben<\/h3>\n<p>Ez gyakran pragmatikus v\u00e1laszt\u00e1s azoknak a m\u00e1rk\u00e1knak, amelyek sz\u00e9les k\u00f6r\u0171 haszn\u00e1lhat\u00f3s\u00e1got \u00e9s versenyk\u00e9pes \u00e1rat szeretn\u00e9nek.<\/p>\n<h3>Bels\u0151 agyv\u00e1lt\u00f3 v\u00e1rosi csal\u00e1di vagy flott\u00e1s haszn\u00e1latra<\/h3>\n<p>Ez ott m\u0171k\u00f6dik j\u00f3l, ahol a stop-start vezet\u00e9s, a minden id\u0151j\u00e1r\u00e1sban val\u00f3 haszn\u00e1lat \u00e9s az alacsonyabb napi karbantart\u00e1s kiemelt priorit\u00e1s.<\/p>\n<h3>Igazi egyfokozat\u00fa csak sz\u0171k, s\u00edk, egyszer\u0171s\u00edtett alkalmaz\u00e1sokhoz<\/h3>\n<p>Egy val\u00f3di egyfokozat\u00fa teherbringa m\u0171k\u00f6dhet, de \u00e1ltal\u00e1ban speci\u00e1lis megold\u00e1s, nem univerz\u00e1lis v\u00e1lasz.<\/p>\n<p>Ez m\u00e9g fontosabb az els\u0151 rakod\u00f3s ker\u00e9kp\u00e1rokn\u00e1l, ahol a teljes rakom\u00e1ny \u00e9s az indul\u00e1si stabilit\u00e1s k\u00f6zponti szerepet j\u00e1tszik a vezet\u00e9si \u00e9lm\u00e9nyben. Ha a teherbring\u00e1t sz\u00e9les piaci vonzer\u0151re tervezik, a t\u00f6bbfokozat\u00fa v\u00e1lt\u00f3 szinte mindig a biztons\u00e1gosabb specifik\u00e1ci\u00f3.<\/p>\n<h2>Quick Comparison Table<\/h2>\n<table>\n<thead>\n<tr>\n<th>T\u00e9nyez\u0151<\/th>\n<th>Egyfokozat\u00fa<\/th>\n<th>T\u00f6bbfokozat\u00fa<\/th>\n<\/tr>\n<\/thead>\n<tbody>\n<tr>\n<td>Egyszer\u0171s\u00e9g<\/td>\n<td>Kiv\u00e1l\u00f3<\/td>\n<td>M\u00e9rs\u00e9kelt<\/td>\n<\/tr>\n<tr>\n<td>Karbantart\u00e1s<\/td>\n<td>Alacsony<\/td>\n<td>M\u00e9rs\u00e9kelt<\/td>\n<\/tr>\n<tr>\n<td>Hegym\u00e1sz\u00e1s<\/td>\n<td>Gyenge<\/td>\n<td>Strong<\/td>\n<\/tr>\n<tr>\n<td>Neh\u00e9z rakom\u00e1nnyal indul\u00e1s<\/td>\n<td>Gyenge vagy k\u00f6zepes<\/td>\n<td>Strong<\/td>\n<\/tr>\n<tr>\n<td>Alkalmazkod\u00f3k\u00e9pess\u00e9g<\/td>\n<td>Alacsony<\/td>\n<td>Magas<\/td>\n<\/tr>\n<tr>\n<td>K\u00f6z\u00e9pmotor-kompatibilit\u00e1s<\/td>\n<td>Korl\u00e1tozott<\/td>\n<td>Kiv\u00e1l\u00f3<\/td>\n<\/tr>\n<tr>\n<td>K\u00f6lts\u00e9g<\/td>\n<td>Alacsonyabb<\/td>\n<td>Magasabb<\/td>\n<\/tr>\n<tr>\n<td>Legjobb felhaszn\u00e1l\u00e1si eset<\/td>\n<td>S\u00edk, kisz\u00e1m\u00edthat\u00f3, k\u00f6nny\u0171 terhel\u00e9s\u0171 \u00fatvonalak<\/td>\n<td>Csal\u00e1di, fut\u00e1r, vegyes terep, neh\u00e9z vagy v\u00e1ltoz\u00f3 rakom\u00e1ny<\/td>\n<\/tr>\n<\/tbody>\n<\/table>\n<figure class=\"wp-block-image size-full\"><img decoding=\"async\" src=\"https:\/\/regencargobikes.com\/wp-content\/uploads\/2026\/05\/inline-gearing-decision-chart.png\" alt=\"D\u00f6nt\u00e9si t\u00e1bl\u00e1zat, amely \u00f6sszehasonl\u00edtja az egyszer\u0171s\u00e9get, a karbantart\u00e1st, a m\u00e1sz\u00f3k\u00e9pess\u00e9get \u00e9s a haszn\u00e1lati eseteket a teherbicikli v\u00e1lt\u00f3rendszerekn\u00e9l\" \/><\/figure>\n<h2>V\u00e9gs\u0151 \u00edt\u00e9let<\/h2>\n<p>Ha a teherbring\u00e1d s\u00edk utc\u00e1kon fog k\u00f6zlekedni, kisz\u00e1m\u00edthat\u00f3 rakom\u00e1nyt sz\u00e1ll\u00edt, \u00e9s mindenekel\u0151tt az egyszer\u0171s\u00e9get helyezi el\u0151t\u00e9rbe, az egyfokozat\u00fa fel\u00e1ll\u00e1s elfogadhat\u00f3 lehet.<\/p>\n<p>De a legt\u00f6bb val\u00f3s e-teherbringa eset\u00e9ben a t\u00f6bbfokozat\u00fa v\u00e1lt\u00f3 jobb befektet\u00e9s. Jobb indul\u00e1st, jobb emelked\u00e9st, jobb ped\u00e1lfordulat-szab\u00e1lyoz\u00e1st \u00e9s jobb kompatibilit\u00e1st biztos\u00edt a tehersz\u00e1ll\u00edt\u00e1s nyomat\u00e9kig\u00e9nyeivel. K\u00f6z\u00e9pmotorral p\u00e1ros\u00edtva \u00e1ltal\u00e1ban a leglogikusabb \u00e9s legink\u00e1bb j\u00f6v\u0151biztos megold\u00e1s.<\/p>\n<p>M\u00e1s sz\u00f3val: min\u00e9l nehezebb a feladat \u00e9s min\u00e9l v\u00e1ltozatosabb az \u00fatvonal, ann\u00e1l er\u0151sebb az \u00e9rv a t\u00f6bb fokozat mellett.<\/p>\n<p>Ha saj\u00e1t m\u00e1rk\u00e1dhoz fejlesztesz teherbiciklit, \u00e9s seg\u00edts\u00e9gre van sz\u00fcks\u00e9ged a megfelel\u0151 hajt\u00e1sl\u00e1nc, motor \u00e9s rakom\u00e1ny-konfigur\u00e1ci\u00f3 kiv\u00e1laszt\u00e1s\u00e1ban, az Regen seg\u00edthet egy olyan fel\u00e9p\u00edt\u00e9st kialak\u00edtani, amely a val\u00f3s haszn\u00e1lati esethez igazodik, nem pedig egy \u00e1ltal\u00e1nos adatlaphoz.<\/p>\n<h2>CTA<\/h2>\n<p>Olyan teherbicikli-platformot keresel, amely konfigur\u00e1lhat\u00f3 hajt\u00e1sl\u00e1nccal, motorral \u00e9s rakom\u00e1nydoboz-opci\u00f3kkal rendelkezik? Fedezd fel az Regen OEM\/ODM megk\u00f6zel\u00edt\u00e9s\u00e9t itt:<\/p>\n<ul>\n<li><a href=\"https:\/\/regencargobikes.com\/hu\/\">https:\/\/regencargobikes.com\/<\/a><\/li>\n<li><a href=\"https:\/\/regencargobikes.com\/hu\/cargo-bike-functional-configuration-system-customization\/\">https:\/\/regencargobikes.com\/cargo-bike-functional-configuration-system-customization\/<\/a><\/li>\n<\/ul>","protected":false},"excerpt":{"rendered":"<p>Az egysebess\u00e9ges hajt\u00e1sl\u00e1ncok egyszer\u0171nek \u00e9s tiszt\u00e1nak t\u0171nnek, de a teherbiciklik sokkal t\u00f6bbet k\u00f6vetelnek meg egy ker\u00e9kp\u00e1rt\u00f3l, mint egy h\u00e9tk\u00f6znapi ing\u00e1z\u00f3 bicikli. \u00cdme, hogyan viszonyul egym\u00e1shoz az egysebess\u00e9ges \u00e9s a t\u00f6bbsebess\u00e9ges v\u00e1lt\u00e1s val\u00f3s tehersz\u00e1ll\u00edt\u00e1si haszn\u00e1latban, \u00e9s melyik fel\u00e1ll\u00e1s \u00e9sszer\u0171 csal\u00e1dok, fut\u00e1rszolg\u00e1latok \u00e9s OEM\/ODM v\u00e1s\u00e1rl\u00f3k sz\u00e1m\u00e1ra.<\/p>","protected":false},"author":2,"featured_media":1910,"comment_status":"closed","ping_status":"closed","sticky":false,"template":"","format":"standard","meta":{"footnotes":""},"categories":[2,30],"tags":[],"class_list":["post-1912","post","type-post","status-publish","format-standard","has-post-thumbnail","hentry","category-knowledge","category-blog"],"_links":{"self":[{"href":"https:\/\/regencargobikes.com\/hu\/wp-json\/wp\/v2\/posts\/1912","targetHints":{"allow":["GET"]}}],"collection":[{"href":"https:\/\/regencargobikes.com\/hu\/wp-json\/wp\/v2\/posts"}],"about":[{"href":"https:\/\/regencargobikes.com\/hu\/wp-json\/wp\/v2\/types\/post"}],"author":[{"embeddable":true,"href":"https:\/\/regencargobikes.com\/hu\/wp-json\/wp\/v2\/users\/2"}],"replies":[{"embeddable":true,"href":"https:\/\/regencargobikes.com\/hu\/wp-json\/wp\/v2\/comments?post=1912"}],"version-history":[{"count":2,"href":"https:\/\/regencargobikes.com\/hu\/wp-json\/wp\/v2\/posts\/1912\/revisions"}],"predecessor-version":[{"id":1921,"href":"https:\/\/regencargobikes.com\/hu\/wp-json\/wp\/v2\/posts\/1912\/revisions\/1921"}],"wp:featuredmedia":[{"embeddable":true,"href":"https:\/\/regencargobikes.com\/hu\/wp-json\/wp\/v2\/media\/1910"}],"wp:attachment":[{"href":"https:\/\/regencargobikes.com\/hu\/wp-json\/wp\/v2\/media?parent=1912"}],"wp:term":[{"taxonomy":"category","embeddable":true,"href":"https:\/\/regencargobikes.com\/hu\/wp-json\/wp\/v2\/categories?post=1912"},{"taxonomy":"post_tag","embeddable":true,"href":"https:\/\/regencargobikes.com\/hu\/wp-json\/wp\/v2\/tags?post=1912"}],"curies":[{"name":"wp","href":"https:\/\/api.w.org\/{rel}","templated":true}]}}