{"id":1950,"date":"2026-06-05T05:34:42","date_gmt":"2026-06-04T21:34:42","guid":{"rendered":"https:\/\/regencargobikes.com\/specialized-turbo-levo-price-cut-2026\/"},"modified":"2026-06-05T05:34:42","modified_gmt":"2026-06-04T21:34:42","slug":"specialized-turbo-levo-price-cut-2026","status":"publish","type":"post","link":"https:\/\/regencargobikes.com\/hu\/specialized-turbo-levo-price-cut-2026\/","title":{"rendered":"A Specialized v\u00e9glegesen cs\u00f6kkenti a Turbo Levo E-MTB \u00e1rait \u00c9szak-Amerik\u00e1ban"},"content":{"rendered":"<p>A Specialized jelent\u0151s \u00e1rk\u00e9pz\u00e9si l\u00e9p\u00e9st tett az \u00e9szak-amerikai elektromos hegyiker\u00e9kp\u00e1r-piacon. 2026 m\u00e1jus\u00e1nak elej\u00e9n a c\u00e9g k\u00f6z\u00f6lte az Egyes\u00fclt \u00c1llamok \u00e9s Kanada keresked\u0151ivel, hogy tart\u00f3san cs\u00f6kkenti a kiskereskedelmi \u00e1rakat a Turbo Levo k\u00edn\u00e1lat nagy r\u00e9sz\u00e9n.<\/p>\n<figure class=\"wp-block-image size-full\"><img decoding=\"async\" src=\"https:\/\/regencargobikes.com\/wp-content\/uploads\/2026\/06\/specialized-levo-brain.jpg\" alt=\"A Specialized Turbo Levo elektromos hegyiker\u00e9kp\u00e1r term\u00e9kk\u00e9pe a Bicycle Retailer tud\u00f3s\u00edt\u00e1s\u00e1ban\"\/><figcaption>K\u00e9p forr\u00e1sa: Bicycle Retailer and Industry News, a Specialized term\u00e9kk\u00e9peinek felhaszn\u00e1l\u00e1s\u00e1val.<\/figcaption><\/figure>\n<p>A f\u0151 sz\u00e1m nagy: egyes modellek most ak\u00e1r 27 sz\u00e1zal\u00e9kkal olcs\u00f3bbak, mint kor\u00e1bban. Azoknak a bring\u00e1soknak, akik eddig t\u00e1volr\u00f3l figyelt\u00e9k a cs\u00facskateg\u00f3ri\u00e1s eMTB-ket, ez nem szezon\u00e1lis akci\u00f3. Ez egy \u00faj \u00e1rk\u00e9pz\u00e9si strukt\u00fara.<\/p>\n<p>A gyakorlati jelent\u00e9s egyszer\u0171. A pr\u00e9mium elektromos hegyiker\u00e9kp\u00e1rok egy \u00e1r\u00e9rz\u00e9kenyebb f\u00e1zisba l\u00e9pnek, \u00e9s m\u00e9g a bej\u00e1ratott m\u00e1rk\u00e1k is alkalmazkodnak egy olyan piachoz, ahol a v\u00e1s\u00e1rl\u00f3knak t\u00f6bb alternat\u00edv\u00e1juk \u00e9s er\u0151sebb elv\u00e1r\u00e1saik vannak az \u00e9rt\u00e9k tekintet\u00e9ben.<\/p><div id=\"regen-2371108824\" class=\"regen-test-placement-from-wizard-2878267818 regen-entity-placement\"><script async src=\"https:\/\/pagead2.googlesyndication.com\/pagead\/js\/adsbygoogle.js?client=ca-pub-1076230867169041\"\n     crossorigin=\"anonymous\"><\/script><\/div><div id=\"regen-2931222733\" class=\"regen-test-placement-from-wizard-1604397851 regen-entity-placement\"><script async src=\"https:\/\/pagead2.googlesyndication.com\/pagead\/js\/adsbygoogle.js?client=ca-pub-1076230867169041\"\n     crossorigin=\"anonymous\"><\/script><\/div>\n<h2>Mi v\u00e1ltozott<\/h2>\n<p>A Bicycle Retailer and Industry News szerint a Specialized 6 \u00e9s 27 sz\u00e1zal\u00e9k k\u00f6z\u00f6tt cs\u00f6kkentette a Turbo Levo modellek javasolt kiskereskedelmi \u00e1rait \u00c9szak-Amerik\u00e1ban, a nagykereskedelmi \u00e1rakat is m\u00e9rs\u00e9kelve.<\/p>\n<p>A legnagyobb cs\u00f6kkent\u00e9s \u00e1ll\u00edt\u00f3lag a Levo R S-Works modellre vonatkozik. Javasolt kiskereskedelmi \u00e1ra 15 650 USD-r\u0151l 11 500 USD-re esett, ami 4 150 USD cs\u00f6kkent\u00e9st jelent.<\/p>\n<p>Nem minden modell v\u00e1ltozott. A jelent\u00e9sek szerint a Levo 4 LTD \u00e9s a Levo 4 Comp Carbon nem szerepelt ugyanebben az \u00e1rk\u00e9pz\u00e9si kiigaz\u00edt\u00e1sban.<\/p>\n<p>A v\u00e1ltoz\u00e1s az Egyes\u00fclt \u00c1llamokra \u00e9s Kanad\u00e1ra vonatkozik. Az eur\u00f3pai \u00e1rakat nem \u00e9rintette ez az \u00e9szak-amerikai friss\u00edt\u00e9s.<\/p>\n<h2>Mi\u00e9rt cs\u00f6kkenti az \u00e1rakat a Specialized<\/h2>\n<p>A Specialized struktur\u00e1lis \u00e1rk\u00e9pz\u00e9si kiigaz\u00edt\u00e1sk\u00e9nt keretezte a d\u00f6nt\u00e9st, nem r\u00f6vid t\u00e1v\u00fa prom\u00f3ci\u00f3k\u00e9nt.<\/p>\n<p>A c\u00e9g a Levo platform ell\u00e1t\u00e1si l\u00e1nc\u00e1nak \u00e9s gy\u00e1rt\u00e1si k\u00f6lts\u00e9geinek javul\u00e1s\u00e1t eml\u00edtette, mik\u00f6zben elismerte, hogy a piac versenyk\u00e9pesebb\u00e9 v\u00e1lt.<\/p>\n<p>Ez a m\u00e1sodik pont sz\u00e1m\u00edt. A pr\u00e9mium eMTB-kateg\u00f3ria nyom\u00e1s alatt van az \u00fajabb m\u00e1rk\u00e1k miatt, amelyek alacsonyabb \u00e1ron k\u00edn\u00e1lnak er\u0151s specifik\u00e1ci\u00f3kat. A v\u00e1s\u00e1rl\u00f3k ma agressz\u00edvebben hasonl\u00edtj\u00e1k \u00f6ssze a felf\u00fcggeszt\u00e9st, a motor teljes\u00edtm\u00e9ny\u00e9t, az akkumul\u00e1tor kapacit\u00e1s\u00e1t, a szoftvert \u00e9s a szervizt\u00e1mogat\u00e1st, mint n\u00e9h\u00e1ny \u00e9vvel ezel\u0151tt.<\/p>\n<p>Egy bej\u00e1ratott m\u00e1rka sz\u00e1m\u00e1ra az \u00e1rcs\u00f6kkent\u00e9s egyszerre k\u00e9t c\u00e9lt szolg\u00e1lhat:<\/p>\n<ul>\n<li>cs\u00f6kkenti a bel\u00e9p\u00e9si korl\u00e1tot azoknak a bring\u00e1soknak, akik nagy teljes\u00edtm\u00e9ny\u0171 eMTB-t fontolgatnak<\/li>\n<li>mozg\u00e1sban tartja a keresked\u0151i k\u00e9szleteket an\u00e9lk\u00fcl, hogy a term\u00e9k ideiglenes ki\u00e1rus\u00edt\u00e1si t\u00e9telnek t\u0171nne<\/li>\n<li>megv\u00e9di a piaci poz\u00edci\u00f3t az agressz\u00edv \u00faj versenyt\u00e1rsakkal szemben<\/li>\n<li>\u00e1t\u00e1ll\u00edtja a v\u00e1s\u00e1rl\u00f3i elv\u00e1r\u00e1sokat a k\u00f6vetkez\u0151 term\u00e9kciklus el\u0151tt<\/li>\n<\/ul>\n<h2>A megl\u00e9v\u0151 v\u00e1s\u00e1rl\u00f3k \u00e9s keresked\u0151k t\u00e1mogat\u00e1st kapnak<\/h2>\n<p>A Specialized t\u00e1mogat\u00e1si programokat is l\u00e9trehozott azoknak a v\u00e1s\u00e1rl\u00f3knak \u00e9s keresked\u0151knek, akiket a v\u00e1ltoz\u00e1s id\u0151z\u00edt\u00e9se \u00e9rintett.<\/p>\n<p>Azok a keresked\u0151k, akik 2026. febru\u00e1r 1. \u00e9s m\u00e1jus 7. k\u00f6z\u00f6tt v\u00e1s\u00e1roltak \u00e9rintett k\u00e9szletet, r\u00e9szt vehetnek egy k\u00e9szlet-j\u00f3v\u00e1\u00edr\u00e1si programban. Azok a fogyaszt\u00f3k, akik 2026. janu\u00e1r 1. \u00e9s m\u00e1jus 7. k\u00f6z\u00f6tt v\u00e1s\u00e1roltak Turbo Lev\u00f3t, szint\u00e9n jogosultak lehetnek j\u00f3v\u00e1\u00edr\u00e1sra \u00faj Specialized term\u00e9kekre.<\/p>\n<p>Ez az\u00e9rt fontos, mert a tart\u00f3s \u00e1rcs\u00f6kkent\u00e9sek frusztr\u00e1lhatj\u00e1k a korai v\u00e1s\u00e1rl\u00f3kat, \u00e9s a keresked\u0151ket r\u00e9gi \u00e1ron v\u00e1s\u00e1rolt k\u00e9szlettel hagyhatj\u00e1k. A kompenz\u00e1ci\u00f3s programok m\u00f3dot jelentenek ennek a s\u00farl\u00f3d\u00e1snak a cs\u00f6kkent\u00e9s\u00e9re.<\/p>\n<h2>Mit jelent ez az E-MTB piac sz\u00e1m\u00e1ra<\/h2>\n<p>A Turbo Levo r\u00e9g\u00f3ta az egyik legismertebb pr\u00e9mium eMTB-platform. Amikor egy ilyen szint\u0171 m\u00e1rka tart\u00f3san cs\u00f6kkenti az \u00e1rakat, az sz\u00e9lesebb jelz\u00e9st k\u00fcld a piacnak.<\/p>\n<p>A val\u00f3sz\u00edn\u0171 \u00fczenet az, hogy a pr\u00e9mium eMTB-k m\u00e1r nem t\u00e1maszkodhatnak csak a m\u00e1rka erej\u00e9re \u00e9s a magas specifik\u00e1ci\u00f3s list\u00e1kra. A v\u00e1s\u00e1rl\u00f3k a teljes csomagot akarj\u00e1k: teljes\u00edtm\u00e9nyt, megb\u00edzhat\u00f3s\u00e1got, keresked\u0151i t\u00e1mogat\u00e1st \u00e9s olyan \u00e1rat, amely v\u00e9dhet\u0151nek t\u0171nik az \u00fajabb versenyt\u00e1rsakkal szemben.<\/p>\n<p>A bring\u00e1sok sz\u00e1m\u00e1ra az eredm\u00e9ny r\u00f6vid t\u00e1von pozit\u00edv. Az alacsonyabb \u00e1r hozz\u00e1f\u00e9rhet\u0151bb\u00e9 teszi a cs\u00facskateg\u00f3ri\u00e1s terepteljes\u00edtm\u00e9nyt. A keresked\u0151k sz\u00e1m\u00e1ra a v\u00e1ltoz\u00e1s seg\u00edthet \u00e1talak\u00edtani azokat a v\u00e1s\u00e1rl\u00f3kat, akik kor\u00e1bban kedvelt\u00e9k a Lev\u00f3t, de nem tudt\u00e1k megindokolni a r\u00e9gi \u00e1rat.<\/p>\n<p>Az ipar\u00e1g sz\u00e1m\u00e1ra ez \u00fajabb jele annak, hogy az elektromos ker\u00e9kp\u00e1r-boom fegyelmezettebb\u00e9 v\u00e1lik. A m\u00e1rk\u00e1kat arra k\u00e9nyszer\u00edtik, hogy a term\u00e9kamb\u00edci\u00f3t re\u00e1lis \u00e1rk\u00e9pz\u00e9ssel, jobb k\u00e9szletgazd\u00e1lkod\u00e1ssal \u00e9s vil\u00e1gosabb \u00e9rt\u00e9kkel p\u00e1ros\u00edts\u00e1k.<\/p>\n<h2>Forr\u00e1sok<\/h2>\n<ul>\n<li>Bicycle Retailer and Industry News: <a href=\"https:\/\/www.bicycleretailer.com\/industry-news\/2026\/05\/07\/specialized-unveils-drastic-price-reduction-plan-retailers-turbo-levo\" target=\"_blank\" rel=\"noopener\">A Specialized drasztikus \u00e1rcs\u00f6kkent\u00e9si tervet jelent be a keresked\u0151knek a Turbo Levo eset\u00e9ben<\/a><\/li>\n<li>Singletracks: <a href=\"https:\/\/www.singletracks.com\/mtb-gear\/specialized-drops-us-prices-on-turbo-levo-emtbs-in-permanent-shift\/\" target=\"_blank\" rel=\"noopener\">A Specialized tart\u00f3s v\u00e1ltoz\u00e1sk\u00e9nt cs\u00f6kkenti az amerikai \u00e1rakat a Turbo Levo eMTB-kn\u00e9l<\/a><\/li>\n<\/ul>","protected":false},"excerpt":{"rendered":"<p>A Specialized tart\u00f3san cs\u00f6kkentette az \u00e9szak-amerikai \u00e1rakat a Turbo Levo elektromos hegyiker\u00e9kp\u00e1r-k\u00edn\u00e1lat nagy r\u00e9sz\u00e9n, egyes modellek ak\u00e1r 27 sz\u00e1zal\u00e9kkal is olcs\u00f3bbak lettek. A l\u00e9p\u00e9s alacsonyabb platformk\u00f6lts\u00e9geket, n\u00f6vekv\u0151 \u00e1rk\u00e9pz\u00e9si nyom\u00e1st az eMTB-kateg\u00f3ri\u00e1ban \u00e9s versenyk\u00e9pesebb piacot t\u00fckr\u00f6z a pr\u00e9mium elektromos hegyiker\u00e9kp\u00e1rok sz\u00e1m\u00e1ra.<\/p>","protected":false},"author":2,"featured_media":1948,"comment_status":"","ping_status":"","sticky":false,"template":"","format":"standard","meta":{"footnotes":""},"categories":[33],"tags":[],"class_list":["post-1950","post","type-post","status-publish","format-standard","has-post-thumbnail","hentry","category-ebike-news"],"_links":{"self":[{"href":"https:\/\/regencargobikes.com\/hu\/wp-json\/wp\/v2\/posts\/1950","targetHints":{"allow":["GET"]}}],"collection":[{"href":"https:\/\/regencargobikes.com\/hu\/wp-json\/wp\/v2\/posts"}],"about":[{"href":"https:\/\/regencargobikes.com\/hu\/wp-json\/wp\/v2\/types\/post"}],"author":[{"embeddable":true,"href":"https:\/\/regencargobikes.com\/hu\/wp-json\/wp\/v2\/users\/2"}],"replies":[{"embeddable":true,"href":"https:\/\/regencargobikes.com\/hu\/wp-json\/wp\/v2\/comments?post=1950"}],"version-history":[{"count":0,"href":"https:\/\/regencargobikes.com\/hu\/wp-json\/wp\/v2\/posts\/1950\/revisions"}],"wp:featuredmedia":[{"embeddable":true,"href":"https:\/\/regencargobikes.com\/hu\/wp-json\/wp\/v2\/media\/1948"}],"wp:attachment":[{"href":"https:\/\/regencargobikes.com\/hu\/wp-json\/wp\/v2\/media?parent=1950"}],"wp:term":[{"taxonomy":"category","embeddable":true,"href":"https:\/\/regencargobikes.com\/hu\/wp-json\/wp\/v2\/categories?post=1950"},{"taxonomy":"post_tag","embeddable":true,"href":"https:\/\/regencargobikes.com\/hu\/wp-json\/wp\/v2\/tags?post=1950"}],"curies":[{"name":"wp","href":"https:\/\/api.w.org\/{rel}","templated":true}]}}