{"id":1953,"date":"2026-06-05T05:35:24","date_gmt":"2026-06-04T21:35:24","guid":{"rendered":"https:\/\/regencargobikes.com\/porsche-exits-ebike-market-2026\/"},"modified":"2026-06-05T05:35:24","modified_gmt":"2026-06-04T21:35:24","slug":"porsche-exits-ebike-market-2026","status":"publish","type":"post","link":"https:\/\/regencargobikes.com\/hu\/porsche-exits-ebike-market-2026\/","title":{"rendered":"A Porsche Bez\u00e1rja E-Bike Teljes\u00edtm\u00e9ny \u00dczlet\u00e1g\u00e1t Egy Sz\u00e9lesebb K\u00f6r\u0171 \u00c1tszervez\u00e9s R\u00e9szek\u00e9nt"},"content":{"rendered":"<p>A Porsche visszal\u00e9p egyik legl\u00e1tv\u00e1nyosabb e-bike technol\u00f3giai fogad\u00e1s\u00e1t\u00f3l. A v\u00e1llalat bez\u00e1rja a Porsche eBike Performance GmbH-t, azt a egys\u00e9get, amely a 2022-ben felv\u00e1s\u00e1rolt Fazua hajt\u00e1srendszer-\u00fczlet\u00e1g k\u00f6r\u00e9 \u00e9p\u00fclt.<\/p>\n<figure class=\"wp-block-image size-full\"><img decoding=\"async\" src=\"https:\/\/regencargobikes.com\/wp-content\/uploads\/2026\/06\/porsche-techcrunch-macan-getty.jpg\" alt=\"Porsche elektromos j\u00e1rm\u0171 gy\u00e1rt\u00e1si k\u00e9p, amelyet a TechCrunch Porsche-\u00e1talak\u00edt\u00e1sr\u00f3l sz\u00f3l\u00f3 tud\u00f3s\u00edt\u00e1s\u00e1ban haszn\u00e1ltak\"\/><figcaption>K\u00e9p forr\u00e1sa: TechCrunch; fot\u00f3: Sebastian Gollnow\/picture alliance via Getty Images.<\/figcaption><\/figure>\n<p>A d\u00f6nt\u00e9s nem korl\u00e1toz\u00f3dik az e-bike-okra. A Porsche emellett bez\u00e1rja a Cellforce Group nagy teljes\u00edtm\u00e9ny\u0171 akkumul\u00e1tor-le\u00e1nyv\u00e1llalatot \u00e9s a Cetitec szoftverc\u00e9get is. A bez\u00e1r\u00e1sok egy\u00fcttesen t\u00f6bb mint 500 munkav\u00e1llal\u00f3t \u00e9rintenek.<\/p>\n<p>A r\u00f6vid verzi\u00f3: a Porsche a f\u0151 \u00fczleti ter\u00fcletekre \u00f6sszpontos\u00edt \u00fajra, miut\u00e1n t\u00f6bb ambici\u00f3zus technol\u00f3giai fogad\u00e1s nehezebben indokolhat\u00f3v\u00e1 v\u00e1lt egy h\u0171v\u00f6sebb piacon.<\/p><div id=\"regen-3513977129\" class=\"regen-test-placement-from-wizard-2878267818 regen-entity-placement\"><script async src=\"https:\/\/pagead2.googlesyndication.com\/pagead\/js\/adsbygoogle.js?client=ca-pub-1076230867169041\"\n     crossorigin=\"anonymous\"><\/script><\/div><div id=\"regen-2607049851\" class=\"regen-test-placement-from-wizard-1604397851 regen-entity-placement\"><script async src=\"https:\/\/pagead2.googlesyndication.com\/pagead\/js\/adsbygoogle.js?client=ca-pub-1076230867169041\"\n     crossorigin=\"anonymous\"><\/script><\/div>\n<h2>Amit a Porsche bejelentett<\/h2>\n<p>A TechCrunch, a BikeRadar \u00e9s a Bicycle Retailer and Industry News besz\u00e1mol\u00f3i szerint a Porsche h\u00e1rom le\u00e1nyv\u00e1llalatot z\u00e1r be:<\/p>\n<table>\n<thead>\n<tr>\n<th>Le\u00e1nyv\u00e1llalat<\/th>\n<th>F\u0151 ter\u00fclet<\/th>\n<th>Kulcsfontoss\u00e1g\u00fa helysz\u00ednek<\/th>\n<\/tr>\n<\/thead>\n<tbody>\n<tr>\n<td>Porsche eBike Performance GmbH<\/td>\n<td>E-bike hajt\u00e1srendszerek<\/td>\n<td>N\u00e9metorsz\u00e1g \u00e9s Horv\u00e1torsz\u00e1g<\/td>\n<\/tr>\n<tr>\n<td>Cellforce Group GmbH<\/td>\n<td>Nagy teljes\u00edtm\u00e9ny\u0171 akkumul\u00e1tor-fejleszt\u00e9s<\/td>\n<td>N\u00e9metorsz\u00e1g<\/td>\n<\/tr>\n<tr>\n<td>Cetitec GmbH<\/td>\n<td>Aut\u00f3ipari szoftver<\/td>\n<td>N\u00e9metorsz\u00e1g<\/td>\n<\/tr>\n<\/tbody>\n<\/table>\n<p>A Porsche eBike Performance a Fazua, egy n\u00e9met e-bike hajt\u00e1sspecialista felv\u00e1s\u00e1rl\u00e1sa ut\u00e1n j\u00f6tt l\u00e9tre, amely k\u00f6nny\u0171 rendszereir\u0151l ismert, amelyeket a term\u00e9szetes vezet\u00e9si \u00e9rz\u00e9s meg\u0151rz\u00e9s\u00e9re terveztek.<\/p>\n<p>Akkoriban a felv\u00e1s\u00e1rl\u00e1s komoly elk\u00f6telezetts\u00e9gnek t\u0171nt a pr\u00e9mium e-bike technol\u00f3gia ir\u00e1nt. A Porsch\u00e9nek m\u00e1r voltak saj\u00e1t m\u00e1rk\u00e1s e-bike term\u00e9kei m\u00e1s gy\u00e1rt\u00f3kkal partners\u00e9gben, \u00e9s a Fazua m\u00e9lyebb ellen\u0151rz\u00e9st adott a v\u00e1llalatnak a hajt\u00e1srendszer-r\u00e9teg felett.<\/p>\n<p>Ez a fejezet most z\u00e1rul.<\/p>\n<h2>Mi\u00e9rt h\u00e1tr\u00e1l ki a Porsche<\/h2>\n<p>A Porsche \u00fagy \u00edrta le az e-bike hajt\u00e1srendszer-piacot, hogy az alapvet\u0151en megv\u00e1ltozott. Egyszer\u0171en fogalmazva: a piac, amely vonz\u00f3nak t\u0171nt az e-bike fellend\u00fcl\u00e9s idej\u00e9n, nehezebb\u00e9 v\u00e1lt.<\/p>\n<p>T\u00f6bb nyom\u00e1s \u00e9ri egyszerre a kateg\u00f3ri\u00e1t:<\/p>\n<ul>\n<li>gyeng\u00e9bb kereslet Eur\u00f3pa egyes r\u00e9szein<\/li>\n<li>magas k\u00e9szletszintek a ker\u00e9kp\u00e1riparban<\/li>\n<li>kem\u00e9nyebb verseny az alacsonyabb k\u00f6lts\u00e9g\u0171 m\u00e1rk\u00e1kt\u00f3l<\/li>\n<li>nyom\u00e1s a pr\u00e9mium diszkrecion\u00e1lis term\u00e9keken<\/li>\n<li>nagyobb ellen\u0151rz\u00e9s a nem alaptev\u00e9kenys\u00e9ghez tartoz\u00f3 \u00fczleti egys\u00e9gek felett<\/li>\n<\/ul>\n<p>A Porsche sz\u00e1m\u00e1ra a d\u00f6nt\u00e9s egy sz\u00e9lesebb strat\u00e9giai \u00fajra\u00e1ll\u00edt\u00e1sba is illeszkedik. A v\u00e1llalat fel\u00fclvizsg\u00e1lta befektet\u00e9seit, \u00e9s a f\u0151 aut\u00f3ipari \u00fczlet\u00e9hez k\u00f6zelebb \u00e1ll\u00f3 ter\u00fcletekre \u00f6sszpontos\u00edtja er\u0151forr\u00e1sait.<\/p>\n<h2>Mi t\u00f6rt\u00e9nik a Fazua-val<\/h2>\n<p>A Fazua a legfontosabb n\u00e9v sok e-bike-os sz\u00e1m\u00e1ra.<\/p>\n<p>Miel\u0151tt a Porsche felv\u00e1s\u00e1rolta, a Fazua er\u0151s h\u00edrn\u00e9vvel rendelkezett a k\u00f6nny\u0171 e-bike rendszerek ter\u00e9n, k\u00fcl\u00f6n\u00f6sen azok k\u00f6r\u00e9ben, akik finom r\u00e1seg\u00edt\u00e9st akartak, nem pedig neh\u00e9z, nagy teljes\u00edtm\u00e9ny\u0171 \u00e9rz\u00e9st. Ez relev\u00e1nss\u00e1 tette a k\u00f6nny\u0171 eMTB-k, a teljes\u00edtm\u00e9nyorient\u00e1lt v\u00e1rosi ker\u00e9kp\u00e1rok \u00e9s azok sz\u00e1m\u00e1ra, akik az e-bike-okat a hagyom\u00e1nyos ker\u00e9kp\u00e1rok kezelhet\u0151s\u00e9g\u00e9hez k\u00f6zel akart\u00e1k tartani.<\/p>\n<p>A bez\u00e1r\u00e1s gyakorlati k\u00e9rd\u00e9seket vet fel a megl\u00e9v\u0151 Fazua-felhaszn\u00e1l\u00f3k \u00e9s a rendszerre t\u00e1maszkod\u00f3 ker\u00e9kp\u00e1rm\u00e1rk\u00e1k sz\u00e1m\u00e1ra:<\/p>\n<ul>\n<li>meddig tart a alkatr\u00e9sz- \u00e9s szervizt\u00e1mogat\u00e1s<\/li>\n<li>eladj\u00e1k-e a Fazua m\u00e1rk\u00e1t vagy technol\u00f3gi\u00e1t<\/li>\n<li>hogyan v\u00e1ltanak az OEM-\u00fcgyfelek a j\u00f6v\u0151beli modellekre<\/li>\n<li>kit\u00f6ltik-e a verseng\u0151 hajt\u00e1srendszer-besz\u00e1ll\u00edt\u00f3k a r\u00e9st<\/li>\n<\/ul>\n<p>A hivatkozott besz\u00e1mol\u00f3k szerint a Porsche m\u00e9g nem r\u00e9szletezte nyilv\u00e1nosan a Fazua hossz\u00fa t\u00e1v\u00fa j\u00f6v\u0151j\u00e9t f\u00fcggetlen m\u00e1rkak\u00e9nt.<\/p>\n<h2>Mit jelent ez az e-bike ipar sz\u00e1m\u00e1ra<\/h2>\n<p>A Porsche kil\u00e9p\u00e9se nem annak a jele, hogy az e-bike-ok elt\u0171nnek. Ez annak a jele, hogy a piac \u00e9rik.<\/p>\n<p>A fellend\u00fcl\u00e9s \u00e9veiben sok v\u00e1llalat gyorsan n\u00f6vekv\u0151 technol\u00f3giai kateg\u00f3riak\u00e9nt kezelte az e-bike-okat. Ez t\u0151k\u00e9t, felv\u00e1s\u00e1rl\u00e1sokat \u00e9s ambici\u00f3zus term\u00e9kterveket vonzott. 2026-ban a k\u00f6rnyezet ig\u00e9nyesebb. A m\u00e1rk\u00e1knak m\u00e9retre, szervizh\u00e1l\u00f3zatokra, alkatr\u00e9sz-el\u00e9rhet\u0151s\u00e9gre \u00e9s \u00e1rfegyelmez\u00e9sre van sz\u00fcks\u00e9g\u00fck.<\/p>\n<p>A ker\u00e9kp\u00e1rosok sz\u00e1m\u00e1ra a f\u0151 k\u00e9rd\u00e9s a t\u00e1mogat\u00e1s. B\u00e1rki, aki Fazua-hajt\u00e1s\u00fa ker\u00e9kp\u00e1rt haszn\u00e1l, figyelje a hivatalos szervizfriss\u00edt\u00e9seket \u00e9s a cserealkatr\u00e9sz-\u00fatmutat\u00e1sokat.<\/p>\n<p>A verseng\u0151 hajt\u00e1srendszer-besz\u00e1ll\u00edt\u00f3k sz\u00e1m\u00e1ra a bez\u00e1r\u00e1s lehet\u0151s\u00e9get teremthet. A Bosch, Shimano, Brose \u00e9s m\u00e1s bej\u00e1ratott szerepl\u0151k profit\u00e1lhatnak, ha a ker\u00e9kp\u00e1rm\u00e1rk\u00e1k \u00fagy d\u00f6ntenek, hogy kisz\u00e1m\u00edthat\u00f3bb hossz\u00fa t\u00e1v\u00fa t\u00e1mogat\u00e1sra van sz\u00fcks\u00e9g\u00fck.<\/p>\n<p>A nagyobb ipar\u00e1gi tanuls\u00e1g vil\u00e1gos: a pr\u00e9mium pozicion\u00e1l\u00e1s \u00f6nmag\u00e1ban nem el\u00e9g. M\u00e9g egy er\u0151s m\u00e1rk\u00e1nak is fenntarthat\u00f3 \u00fczleti modellre van sz\u00fcks\u00e9ge, ha hardver-\u00e1rr\u00e9sek, k\u00e9szletkock\u00e1zat \u00e9s ut\u00f3\u00e9rt\u00e9kes\u00edt\u00e9si k\u00f6telezetts\u00e9gek mer\u00fclnek fel.<\/p>\n<h2>Forr\u00e1sok<\/h2>\n<ul>\n<li>TechCrunch: <a href=\"https:\/\/techcrunch.com\/2026\/05\/08\/porsche-shutters-e-bike-battery-software-subsidiaries-as-part-of-company-overhaul\/\" target=\"_blank\" rel=\"noopener\">A Porsche bez\u00e1rja e-bike, akkumul\u00e1tor \u00e9s szoftver le\u00e1nyv\u00e1llalatait a v\u00e1llalati \u00e1talak\u00edt\u00e1s r\u00e9szek\u00e9nt<\/a><\/li>\n<li>BikeRadar: <a href=\"https:\/\/www.bikeradar.com\/news\/porsche-ebike-performance-discontinued\" target=\"_blank\" rel=\"noopener\">A Porsche eBike Performance megsz\u0171nik<\/a><\/li>\n<li>Bicycle Retailer and Industry News: <a href=\"https:\/\/www.bicycleretailer.com\/international\/2026\/05\/08\/porsche-closing-its-ebike-performance-group\" target=\"_blank\" rel=\"noopener\">A Porsche bez\u00e1rja eBike Performance csoportj\u00e1t<\/a><\/li>\n<\/ul>","protected":false},"excerpt":{"rendered":"<p>Porsche is shutting down Porsche eBike Performance GmbH, along with battery and software subsidiaries, as part of a wider restructuring. The move affects more than 500 employees and marks a sharp reversal from the company&#8217;s 2022 push into high-performance e-bike drive systems through Fazua.<\/p>","protected":false},"author":2,"featured_media":1951,"comment_status":"","ping_status":"","sticky":false,"template":"","format":"standard","meta":{"footnotes":""},"categories":[33],"tags":[],"class_list":["post-1953","post","type-post","status-publish","format-standard","has-post-thumbnail","hentry","category-ebike-news"],"_links":{"self":[{"href":"https:\/\/regencargobikes.com\/hu\/wp-json\/wp\/v2\/posts\/1953","targetHints":{"allow":["GET"]}}],"collection":[{"href":"https:\/\/regencargobikes.com\/hu\/wp-json\/wp\/v2\/posts"}],"about":[{"href":"https:\/\/regencargobikes.com\/hu\/wp-json\/wp\/v2\/types\/post"}],"author":[{"embeddable":true,"href":"https:\/\/regencargobikes.com\/hu\/wp-json\/wp\/v2\/users\/2"}],"replies":[{"embeddable":true,"href":"https:\/\/regencargobikes.com\/hu\/wp-json\/wp\/v2\/comments?post=1953"}],"version-history":[{"count":0,"href":"https:\/\/regencargobikes.com\/hu\/wp-json\/wp\/v2\/posts\/1953\/revisions"}],"wp:featuredmedia":[{"embeddable":true,"href":"https:\/\/regencargobikes.com\/hu\/wp-json\/wp\/v2\/media\/1951"}],"wp:attachment":[{"href":"https:\/\/regencargobikes.com\/hu\/wp-json\/wp\/v2\/media?parent=1953"}],"wp:term":[{"taxonomy":"category","embeddable":true,"href":"https:\/\/regencargobikes.com\/hu\/wp-json\/wp\/v2\/categories?post=1953"},{"taxonomy":"post_tag","embeddable":true,"href":"https:\/\/regencargobikes.com\/hu\/wp-json\/wp\/v2\/tags?post=1953"}],"curies":[{"name":"wp","href":"https:\/\/api.w.org\/{rel}","templated":true}]}}