{"id":1956,"date":"2026-06-05T05:36:11","date_gmt":"2026-06-04T21:36:11","guid":{"rendered":"https:\/\/regencargobikes.com\/rad-power-bikes-life-ev-acquisition\/"},"modified":"2026-06-05T05:36:11","modified_gmt":"2026-06-04T21:36:11","slug":"rad-power-bikes-life-ev-acquisition","status":"publish","type":"post","link":"https:\/\/regencargobikes.com\/hu\/rad-power-bikes-life-ev-acquisition\/","title":{"rendered":"A Rad Power Bikes M\u00e1rka Folytat\u00f3dik a Life EV Felv\u00e1s\u00e1rl\u00e1s ut\u00e1n"},"content":{"rendered":"<p>A Rad Power Bikes \u00faj tulajdonos alatt folytatja m\u0171k\u00f6d\u00e9s\u00e9t az \u00e9szak-amerikai e-bike piac egyik legdr\u00e1maibb visszaes\u00e9se ut\u00e1n.<\/p>\n<figure class=\"wp-block-image size-full\"><img decoding=\"async\" src=\"https:\/\/regencargobikes.com\/wp-content\/uploads\/2026\/06\/rad-life-ev-official-banner-original.png\" alt=\"Rad Power Bikes hivatalos \u00e1tv\u00e9teli bejelent\u00e9si k\u00e9p\"\/><figcaption>K\u00e9p forr\u00e1sa: Rad Power Bikes hivatalos bejelent\u00e9se, \"A Life EV befejezi a Rad Power Bikes eszk\u00f6z\u00e1tv\u00e9tel\u00e9t.\"<\/figcaption><\/figure>\n<p>A Life Electric Vehicles, m\u00e1s n\u00e9ven Life EV, b\u00edr\u00f3s\u00e1g \u00e1ltal j\u00f3v\u00e1hagyott m\u00f3don befejezte a Rad Power Bikes eszk\u00f6zeinek \u00e1tv\u00e9tel\u00e9t. Az \u00fczlet mag\u00e1ban foglalja a m\u00e1rk\u00e1t, a szellemi tulajdont, a k\u00e9szletet \u00e9s a kapcsol\u00f3d\u00f3 m\u0171k\u00f6d\u00e9si eszk\u00f6z\u00f6ket.<\/p>\n<p>A jelentett \u00e1r k\u00f6r\u00fclbel\u00fcl 13,2 milli\u00f3 USD volt. Ez a sz\u00e1m felt\u0171n\u0151, mert a Rad Power Bikes egykor t\u00f6bb mint 1,6 milli\u00e1rd USD \u00e9rt\u00e9ket k\u00e9pviselt az e-bike fellend\u00fcl\u00e9s idej\u00e9n.<\/p><div id=\"regen-3804884025\" class=\"regen-test-placement-from-wizard-2878267818 regen-entity-placement\"><script async src=\"https:\/\/pagead2.googlesyndication.com\/pagead\/js\/adsbygoogle.js?client=ca-pub-1076230867169041\"\n     crossorigin=\"anonymous\"><\/script><\/div><div id=\"regen-852057423\" class=\"regen-test-placement-from-wizard-1604397851 regen-entity-placement\"><script async src=\"https:\/\/pagead2.googlesyndication.com\/pagead\/js\/adsbygoogle.js?client=ca-pub-1076230867169041\"\n     crossorigin=\"anonymous\"><\/script><\/div>\n<p>A r\u00f6vid v\u00e1lasz az, hogy a Rad nem t\u0171nik el, de m\u00e1r nem ugyanaz a magas n\u00f6veked\u00e9s\u0171 startup-t\u00f6rt\u00e9net. Most egy megford\u00edt\u00e1si eset.<\/p>\n<h2>Mi t\u00f6rt\u00e9nt<\/h2>\n<p>A Rad Power Bikes cs\u0151dv\u00e9delmet k\u00e9rt \u00e9vekig tart\u00f3 p\u00e9nz\u00fcgyi nyom\u00e1s ut\u00e1n. A Life EV nyerte meg az \u00e9rt\u00e9kes\u00edt\u00e9si folyamatot, \u00e9s most befejezte az \u00e1tv\u00e9telt.<\/p>\n<p>A GeekWire, a Bicycle Retailer and Industry News \u00e9s a Rad saj\u00e1t bejelent\u00e9se szerint a Life EV tervezi a Rad Power Bikes m\u00e1rka m\u0171k\u00f6d\u00e9s\u00e9nek fenntart\u00e1s\u00e1t.<\/p>\n<p>Az \u00faj tulajdonos kijelentette, hogy fenntartja az amerikai kiskereskedelmi m\u0171k\u00f6d\u00e9st, \u00e9s teljes\u00edti bizonyos v\u00e1s\u00e1rl\u00f3i k\u00f6telezetts\u00e9geket, bele\u00e9rtve a jogosult garanci\u00e1lis \u00e9s aj\u00e1nd\u00e9kk\u00e1rtya-k\u00f6telezetts\u00e9geket a v\u00e1s\u00e1rl\u00e1si meg\u00e1llapod\u00e1s alapj\u00e1n.<\/p>\n<h2>Mi\u00e9rt esett ilyen m\u00e9lyre a Rad<\/h2>\n<p>A Rad Power Bikes \u00c9szak-Amerika egyik legismertebb k\u00f6zvetlen fogyaszt\u00f3i e-bike m\u00e1rk\u00e1j\u00e1v\u00e1 v\u00e1lt az\u00e1ltal, hogy praktikus v\u00e1rosi \u00e9s haszonj\u00e1rm\u0171 e-bike-okat k\u00edn\u00e1lt megfizethet\u0151 \u00e1ron.<\/p>\n<p>A pand\u00e9mi\u00e1s ker\u00e9kp\u00e1roz\u00e1si fellend\u00fcl\u00e9s idej\u00e9n ez a modell rendk\u00edv\u00fcl j\u00f3l m\u0171k\u00f6d\u00f6tt. A kereslet megugrott, a befektet\u0151k t\u0151k\u00e9t \u00f6nt\u00f6ttek, \u00e9s a Rad gyorsan terjeszkedett.<\/p>\n<p>De ugyanez a n\u00f6veked\u00e9si modell nehezebben kezelhet\u0151v\u00e9 v\u00e1lt, amikor a k\u00f6r\u00fclm\u00e9nyek megv\u00e1ltoztak:<\/p>\n<ul>\n<li>a pand\u00e9mia ut\u00e1ni kereslet leh\u0171lt<\/li>\n<li>a k\u00e9szlet egyens\u00falyoz\u00e1sa nehezebb\u00e9 v\u00e1lt<\/li>\n<li>a v\u00e1mok \u00e9s az ell\u00e1t\u00e1si l\u00e1nc k\u00f6lts\u00e9gei szor\u00edtott\u00e1k a haszonkulcsokat<\/li>\n<li>a garanci\u00e1lis \u00e9s biztons\u00e1gi k\u00f6telezetts\u00e9gek dr\u00e1g\u00e1bb\u00e1 v\u00e1ltak<\/li>\n<li>a k\u00f6zvetlen fogyaszt\u00f3i szolg\u00e1ltat\u00e1s t\u00e1mogat\u00e1sa nagy m\u00e9retben nehezebb\u00e9 v\u00e1lt<\/li>\n<\/ul>\n<p>A legszembet\u0171n\u0151bb kontraszt az \u00e9rt\u00e9kel\u00e9s. A Rad t\u00f6bb sz\u00e1z milli\u00f3 doll\u00e1rt gy\u0171jt\u00f6tt, \u00e9s k\u00f6r\u00fclbel\u00fcl 1,65 milli\u00e1rd USD cs\u00facs\u00e9rt\u00e9ket \u00e9rt el. A v\u00e9gs\u0151 eszk\u00f6z\u00e9rt\u00e9kes\u00edt\u00e9si \u00e1r k\u00f6r\u00fclbel\u00fcl 13,2 milli\u00f3 USD volt.<\/p>\n<h2>Mit tervez a Life EV<\/h2>\n<p>A Life EV nem \u00faj az e-bike m\u00e1rka\u00e1tv\u00e9telek ter\u00e9n. Kor\u00e1bban megszerezte a Serial 1-et, a Harley-Davidson \u00e1ltal eredetileg ind\u00edtott pr\u00e9mium e-bike m\u00e1rk\u00e1t.<\/p>\n<p>A Rad eset\u00e9ben a Life EV operat\u00edvabb megk\u00f6zel\u00edt\u00e9st jelzett. A c\u00e9g azt mondja, hogy meg akarja \u0151rizni a m\u00e1rk\u00e1t, mik\u00f6zben \u00fajj\u00e1\u00e9p\u00edti a szolg\u00e1ltat\u00e1s, az ell\u00e1t\u00e1si l\u00e1nc ir\u00e1ny\u00edt\u00e1sa \u00e9s az amerikai m\u0171k\u00f6d\u00e9s k\u00f6r\u00e9.<\/p>\n<p>Ennek a tervnek egy fontos r\u00e9sze a hazai \u00f6sszeszerel\u00e9s. A Life EV \u00e9s a kapcsol\u00f3d\u00f3 gy\u00e1rt\u00e1si m\u0171veletek Tennessee-re mutattak, mint az amerikai \u00f6sszeszerel\u00e9si tev\u00e9kenys\u00e9g j\u00f6v\u0151beli b\u00e1zis\u00e1ra.<\/p>\n<p>Ez seg\u00edthet cs\u00f6kkenteni a v\u00e1mkitetts\u00e9get, \u00e9s nagyobb ellen\u0151rz\u00e9st adhat a c\u00e9gnek a min\u0151s\u00e9g, az alkatr\u00e9sz\u00e1raml\u00e1s \u00e9s az \u00fcgyf\u00e9lszolg\u00e1lat felett.<\/p>\n<h2>Mit kell tudniuk a v\u00e1s\u00e1rl\u00f3knak<\/h2>\n<p>A megl\u00e9v\u0151 Rad Power Bikes tulajdonosok ne felt\u00e9telezz\u00e9k, hogy a m\u00e1rka elt\u0171nt. A c\u00e9g azt mondja, hogy a m\u00e1rka folytat\u00f3dik, de a v\u00e1s\u00e1rl\u00f3knak tov\u00e1bbra is ellen\u0151rizni\u00fck kell, hogy milyen t\u00e1mogat\u00e1s vonatkozik az adott v\u00e1s\u00e1rl\u00e1sukra.<\/p>\n<p>A legfontosabb pontok:<\/p>\n<ul>\n<li>a Rad kiskereskedelmi tev\u00e9kenys\u00e9ge v\u00e1rhat\u00f3an folytat\u00f3dik<\/li>\n<li>bizonyos garanci\u00e1lis k\u00f6telezetts\u00e9geket teljes\u00edthetnek a v\u00e1s\u00e1rl\u00e1si meg\u00e1llapod\u00e1s alapj\u00e1n<\/li>\n<li>a jogosult aj\u00e1nd\u00e9kk\u00e1rty\u00e1k tov\u00e1bbra is haszn\u00e1lhat\u00f3k lehetnek<\/li>\n<li>az alkatr\u00e9sz-el\u00e9rhet\u0151s\u00e9get \u00e9s a szervizpolitik\u00e1kat a hivatalos Rad csatorn\u00e1kon kereszt\u00fcl kell ellen\u0151rizni<\/li>\n<\/ul>\n<p>A v\u00e1s\u00e1rl\u00f3k sz\u00e1m\u00e1ra a fontos k\u00e9rd\u00e9s nem csak az, hogy a m\u00e1rkan\u00e9v fennmarad-e. Hanem az, hogy az alkatr\u00e9szek, a szerviz \u00e9s a garanci\u00e1lis t\u00e1mogat\u00e1s \u00fajra kisz\u00e1m\u00edthat\u00f3v\u00e1 v\u00e1lik-e.<\/p>\n<h2>Ipari tanuls\u00e1g<\/h2>\n<p>A Rad t\u00f6rt\u00e9nete figyelmeztet\u00e9s a hardver-n\u00f6veked\u00e9sr\u0151l.<\/p>\n<p>Egy e-bike c\u00e9g gyorsan n\u0151het, amikor a kereslet forr\u00f3, de a hossz\u00fa t\u00e1v\u00fa t\u00fal\u00e9l\u00e9s a k\u00e9szletfegyelemt\u0151l, a min\u0151s\u00e9gellen\u0151rz\u00e9st\u0151l, az \u00e9rt\u00e9kes\u00edt\u00e9s ut\u00e1ni szolg\u00e1ltat\u00e1st\u00f3l \u00e9s a p\u00e9nzgazd\u00e1lkod\u00e1st\u00f3l f\u00fcgg. Ezek nehezebbek, mint az \u00fcgyf\u00e9lszerz\u00e9s \u00e9s a t\u0151kegy\u0171jt\u00e9s.<\/p>\n<p>A Life EV \u00e1tv\u00e9tele utat ad a Radnak el\u0151re. Az, hogy tart\u00f3s visszat\u00e9r\u00e9s lesz-e, a v\u00e9grehajt\u00e1st\u00f3l f\u00fcgg: jobb t\u00e1mogat\u00e1s, jobb ell\u00e1t\u00e1si l\u00e1nc ir\u00e1ny\u00edt\u00e1s \u00e9s egy olyan term\u00e9kpaletta, amely illeszkedik a jelenlegi piachoz, nem pedig a pand\u00e9mi\u00e1s fellend\u00fcl\u00e9shez.<\/p>\n<h2>Forr\u00e1sok<\/h2>\n<ul>\n<li>GeekWire: <a href=\"https:\/\/www.geekwire.com\/2026\/rad-power-bikes-brand-will-live-on-as-life-ev-completes-acquisition-of-seattle-e-bike-makers-assets\/\" target=\"_blank\" rel=\"noopener\">A Rad Power Bikes m\u00e1rka tov\u00e1bb \u00e9l, ahogy a Life EV befejezi az \u00e1tv\u00e9telt<\/a><\/li>\n<li>Bicycle Retailer and Industry News: <a href=\"https:\/\/www.bicycleretailer.com\/industry-news\/2026\/03\/06\/rad-power-bikes-sale-life-ev-completed\" target=\"_blank\" rel=\"noopener\">A Rad Power Bikes elad\u00e1sa a Life EV-nek befejez\u0151d\u00f6tt<\/a><\/li>\n<li>Rad Power Bikes: <a href=\"https:\/\/www.radpowerbikes.com\/blogs\/the-scenic-route\/life-ev-completes-rad-power-bikes-asset-acquisition\" target=\"_blank\" rel=\"noopener\">A Life EV befejezi a Rad Power Bikes eszk\u00f6z\u00e1tv\u00e9tel\u00e9t<\/a><\/li>\n<\/ul>","protected":false},"excerpt":{"rendered":"<p>Life Electric Vehicles has completed its court-approved acquisition of Rad Power Bikes assets, keeping the once-dominant North American e-bike brand alive after bankruptcy. The deal values Rad&#8217;s remaining assets at about USD 13.2 million, far below the company&#8217;s pandemic-era valuation.<\/p>","protected":false},"author":2,"featured_media":1954,"comment_status":"","ping_status":"","sticky":false,"template":"","format":"standard","meta":{"footnotes":""},"categories":[33],"tags":[],"class_list":["post-1956","post","type-post","status-publish","format-standard","has-post-thumbnail","hentry","category-ebike-news"],"_links":{"self":[{"href":"https:\/\/regencargobikes.com\/hu\/wp-json\/wp\/v2\/posts\/1956","targetHints":{"allow":["GET"]}}],"collection":[{"href":"https:\/\/regencargobikes.com\/hu\/wp-json\/wp\/v2\/posts"}],"about":[{"href":"https:\/\/regencargobikes.com\/hu\/wp-json\/wp\/v2\/types\/post"}],"author":[{"embeddable":true,"href":"https:\/\/regencargobikes.com\/hu\/wp-json\/wp\/v2\/users\/2"}],"replies":[{"embeddable":true,"href":"https:\/\/regencargobikes.com\/hu\/wp-json\/wp\/v2\/comments?post=1956"}],"version-history":[{"count":0,"href":"https:\/\/regencargobikes.com\/hu\/wp-json\/wp\/v2\/posts\/1956\/revisions"}],"wp:featuredmedia":[{"embeddable":true,"href":"https:\/\/regencargobikes.com\/hu\/wp-json\/wp\/v2\/media\/1954"}],"wp:attachment":[{"href":"https:\/\/regencargobikes.com\/hu\/wp-json\/wp\/v2\/media?parent=1956"}],"wp:term":[{"taxonomy":"category","embeddable":true,"href":"https:\/\/regencargobikes.com\/hu\/wp-json\/wp\/v2\/categories?post=1956"},{"taxonomy":"post_tag","embeddable":true,"href":"https:\/\/regencargobikes.com\/hu\/wp-json\/wp\/v2\/tags?post=1956"}],"curies":[{"name":"wp","href":"https:\/\/api.w.org\/{rel}","templated":true}]}}