{"id":2169,"date":"2026-09-05T09:00:00","date_gmt":"2026-09-05T01:00:00","guid":{"rendered":"https:\/\/regencargobikes.com\/?p=2169"},"modified":"2026-08-24T18:15:14","modified_gmt":"2026-08-24T10:15:14","slug":"us-e-bike-rebates-trike-rules","status":"publish","type":"post","link":"https:\/\/regencargobikes.com\/hu\/us-e-bike-rebates-trike-rules\/","title":{"rendered":"Amerikai e-bike visszat\u00e9r\u00edt\u00e9sek \u00e9s trik\u00e9k: A szab\u00e1lyok, amelyeket \u00e9rdemes ismerni"},"content":{"rendered":"<figure><img decoding=\"async\" src=\"https:\/\/regencargobikes.com\/wp-content\/uploads\/2026\/08\/trike-cover-upright-adult.jpg\" alt=\"Egy feln\u0151tt tricikli kos\u00e1rral, egy amerikai v\u00e1rosban parkolva\"><figcaption>Forr\u00e1s: Wikimedia Commons \u2014 Joe Mabel, CC BY-SA 3.0<\/figcaption><\/figure>\n<p>Az \u00e1llami e-bike \u00f6szt\u00f6nz\u0151k az elektromos trikikre a legk\u00f6zelebbi dolog, ami az USA-ban l\u00e9tezik Eur\u00f3pa visszat\u00e9r\u00edt\u00e9si rendszereihez \u2013 \u00e9s a legk\u00f6zelebbi dolog nem is olyan k\u00f6zeli. Ezek diszkrecion\u00e1lisak, k\u00f6lts\u00e9gvet\u00e9s-korl\u00e1tosak, \u00e9s elt\u0171nnek. 2025 v\u00e9g\u00e9n Kalifornia lez\u00e1rta z\u00e1szl\u00f3shaj\u00f3 e-bike utalv\u00e1nyprogramj\u00e1t, \u00e9s a megmaradt p\u00e9nzt egy aut\u00f3programra ford\u00edtotta, miut\u00e1n t\u00f6bb mint 100 000 ember jelentkezett az els\u0151 1 500 utalv\u00e1nyra. Ha erre a programra \u00e9p\u00edtett\u00e9l volna tervet, a terved vele egy\u00fctt elp\u00e1rolgott.<\/p>\n<p>Sz\u00f3val ne \u00e9p\u00edts ilyet. \u00c9p\u00edts ink\u00e1bb arra a r\u00e9szre, amely tart\u00f3snak bizonyult: arra, amit ezek a programok megk\u00f6vetelnek egy term\u00e9kt\u0151l \u00e9s egy elad\u00f3t\u00f3l. Ezek a k\u00f6vetelm\u00e9nyek figyelemre m\u00e9lt\u00f3an konzisztensek voltak az \u00e1llamok k\u00f6z\u00f6tt, fennmaradnak f\u00fcggetlen\u00fcl att\u00f3l, hogy melyik program kap finansz\u00edroz\u00e1st egy adott \u00e9vben, \u00e9s csendben meghat\u00e1rozz\u00e1k a csatorn\u00e1dat.<\/p>\n<h2>Amit Kalifornia \u00f6sszeoml\u00e1sa tan\u00edt: a kereslet val\u00f3s, a p\u00e9nz nem az<\/h2>\n<p>A Kaliforniai E-Bike \u00d6szt\u00f6nz\u0151 Projekt jogosults\u00e1gi alapon, j\u00f6vedelem szerint k\u00edn\u00e1lt utalv\u00e1nyokat ak\u00e1r $2 000 \u00e9rt\u00e9kben, magasabb \u00f6sszegekkel a cargo \u00e9s adapt\u00edv modellekre \u2013 pontosan arra a kateg\u00f3ri\u00e1ra, amellyel ez a cikk foglalkozik. A kereslet elbor\u00edtotta: t\u00f6bb mint 100 000 jelentkez\u00e9s 1 500 utalv\u00e1nyra az els\u0151 k\u00f6rben, egy k\u00e9s\u0151bbi k\u00f6r egy \u00f3r\u00e1n bel\u00fcl betelt a nyit\u00e1st\u00f3l sz\u00e1m\u00edtva, \u00e9s nagyj\u00e1b\u00f3l 2 100\u20132 300 utalv\u00e1nyt bocs\u00e1tottak ki k\u00e9t k\u00f6rben. Ezut\u00e1n a Leveg\u0151min\u0151s\u00e9gi Tan\u00e1cs t\u00f6r\u00f6lte a v\u00e1rt harmadik k\u00f6rt, \u00e9s \u00e1tir\u00e1ny\u00edtotta a megmaradt forr\u00e1sokat, \u00e1llami k\u00f6lts\u00e9gvet\u00e9si korl\u00e1tokra hivatkozva.<\/p><div id=\"regen-329731371\" class=\"regen-test-placement-from-wizard-2878267818 regen-entity-placement\"><script async src=\"https:\/\/pagead2.googlesyndication.com\/pagead\/js\/adsbygoogle.js?client=ca-pub-1076230867169041\"\n     crossorigin=\"anonymous\"><\/script><\/div><div id=\"regen-2602148827\" class=\"regen-test-placement-from-wizard-1604397851 regen-entity-placement\"><script async src=\"https:\/\/pagead2.googlesyndication.com\/pagead\/js\/adsbygoogle.js?client=ca-pub-1076230867169041\"\n     crossorigin=\"anonymous\"><\/script><\/div>\n<div id=\"regen-1303062772\" class=\"regen-test-placement-from-wizard-2878267818 regen-entity-placement\"><\/div>\n<div id=\"regen-1442679452\" class=\"regen-test-placement-from-wizard-1604397851 regen-entity-placement\"><\/div>\n<p>K\u00e9t tanuls\u00e1g k\u00f6vetkezik, \u00e9s a m\u00e1sodik az, amelyik megt\u00e9r\u00fcl. A nyilv\u00e1nval\u00f3 tanuls\u00e1g a t\u00f6r\u00e9kenys\u00e9g: egy program lehet n\u00e9pszer\u0171, t\u00faljegyzett, \u00e9s m\u00e9gis t\u00f6r\u00f6lhetik, mert ezek k\u00f6lts\u00e9gvet\u00e9si t\u00e9telk\u00e9nt szerepelnek, nem jogosults\u00e1gk\u00e9nt. A tanuls\u00e1g, amelyre \u00e9rdemes \u00e9p\u00edteni, az, amit ez a t\u00faljegyzetts\u00e9g felfedett \u2013 a t\u00e1mogatott adapt\u00edv \u00e9s cargo ker\u00e9kp\u00e1roz\u00e1s ir\u00e1nti kereslet egyetlen \u00e1llamban hat sz\u00e1mjegy\u0171 jelentkez\u0151t \u00e9rt el. Ez a kereslet nem t\u0171nt el, amikor a finansz\u00edroz\u00e1s megsz\u0171nt; visszat\u00e9rt a kiel\u00e9g\u00edtetlen \u00e9s t\u00e1mogat\u00e1s n\u00e9lk\u00fcli \u00e1llapotba. A v\u00e1s\u00e1rl\u00f3k m\u00e9g mindig ott vannak, teljes \u00e1rat fizetnek, vagy egy\u00e1ltal\u00e1n nem v\u00e1s\u00e1rolnak. Ez piaci \u00e1llapot, nem piaci hi\u00e1ny.<\/p>\n<h2>A h\u00e1rom k\u00f6vetelm\u00e9ny, amely \u00fajra \u00e9s \u00fajra visszat\u00e9r<\/h2>\n<p>Washington \u00e1llam WE-Bike programja a legvil\u00e1gosabb jelenlegi p\u00e9lda a strukt\u00far\u00e1ra. 2026. m\u00e1rcius 30-\u00e1n indult \u00fajra $7 milli\u00f3val a 2025\u201327-es k\u00f6lts\u00e9gvet\u00e9si id\u0151szakra (szemben a pilot $5 milli\u00f3j\u00e1val), a jelentkez\u00e9seket 2027 m\u00e1rcius\u00e1ig fogadja, a jelentkez\u0151ket havi v\u00e9letlenszer\u0171 sorsol\u00e1ssal v\u00e1lasztja ki, \u00e9s $300 vagy $1 200 \u00f6sszeget fizet a h\u00e1ztart\u00e1si j\u00f6vedelemt\u0151l f\u00fcgg\u0151en. Az adapt\u00edv ker\u00e9kp\u00e1rok kifejezetten jogosultak \u2013 ez fontos, mert dr\u00e1g\u00e1k, \u00e9s ritk\u00e1n fedezik \u0151ket biztos\u00edt\u00e1sok.<\/p>\n<p>Olvasd a mechanik\u00e1t az \u00f6sszegek helyett, \u00e9s h\u00e1rom k\u00f6vetelm\u00e9ny jelenik meg, amelyek \u00e1ltal\u00e1nosan visszat\u00e9rnek az USA programjaiban:<\/p>\n<table>\n<thead>\n<tr>\n<th>K\u00f6vetelm\u00e9ny<\/th>\n<th>Mit jelent a gyakorlatban<\/th>\n<\/tr>\n<\/thead>\n<tbody>\n<tr>\n<td>Tan\u00fas\u00edt\u00e1s<\/td>\n<td>A jogosults\u00e1g az elektromos rendszer \u00e9s az akkumul\u00e1tor elismert biztons\u00e1gi tan\u00fas\u00edtv\u00e1ny\u00e1t\u00f3l f\u00fcgg. En\u00e9lk\u00fcl a term\u00e9k nem csup\u00e1n kev\u00e9sb\u00e9 vonz\u00f3 \u2013 hanem nem jogosult. New York \u00e9s Kalifornia \u00e1llami t\u00f6rv\u00e9nyei m\u00e1r ugyanezt k\u00f6vetelik meg.<\/td>\n<\/tr>\n<tr>\n<td>Oszt\u00e1lyoz\u00e1s<\/td>\n<td>A visszat\u00e9r\u00edt\u00e9sek a szabv\u00e1nyos oszt\u00e1lydefin\u00edci\u00f3k \u00e9s a sz\u00f6vets\u00e9gi teljes\u00edtm\u00e9ny- \u00e9s sebess\u00e9gkorl\u00e1tok k\u00f6z\u00e9 es\u0151 e-bike-okra vonatkoznak. Egy term\u00e9k, amely ezen a kereten k\u00edv\u00fcl esik, a programon k\u00edv\u00fcl van.<\/td>\n<\/tr>\n<tr>\n<td>R\u00e9szv\u00e9telre jogosult fizikai kiskeresked\u0151<\/td>\n<td>A visszat\u00e9r\u00edt\u00e9st a p\u00e9nzt\u00e1rn\u00e1l alkalmazz\u00e1k a r\u00e9szt vev\u0151, az \u00e1llamban fizikai \u00fczlettel rendelkez\u0151 kiskeresked\u0151kn\u00e9l. Boston programja tov\u00e1bb megy az adapt\u00edv modellekn\u00e9l: a jelentkez\u0151ket el\u0151zetesen illeszteni\u00fck kell, miel\u0151tt utalv\u00e1nyt bocs\u00e1tanak ki.<\/td>\n<\/tr>\n<\/tbody>\n<\/table>\n<p>Ez a harmadik k\u00f6vetelm\u00e9ny az, amelyen \u00e9rdemes elgondolkodni.<\/p>\n<figure><img decoding=\"async\" src=\"https:\/\/regencargobikes.com\/wp-content\/uploads\/2026\/08\/trike-recumbent-seattle.jpg\" alt=\"Egy fekv\u0151 ker\u00e9kp\u00e1ros, aki egy seattle-i utc\u00e1n halad\"><figcaption>Forr\u00e1s: Wikimedia Commons \u2014 Joe Mabel, CC BY-SA 3.0<\/figcaption><\/figure>\n<h2>Mi\u00e9rt csatornat\u00f6rt\u00e9net ez: \u00fczletekre van sz\u00fcks\u00e9ged<\/h2>\n<p>A p\u00e9nzt\u00e1rn\u00e1l bev\u00e1ltott visszat\u00e9r\u00edt\u00e9shez p\u00e9nzt\u00e1r kell. Az illeszt\u00e9shez illeszt\u0151 kell. Egyik sem t\u00f6rt\u00e9nik meg piact\u00e9ri list\u00e1n vagy k\u00f6zvetlen\u00fcl a fogyaszt\u00f3nak sz\u00f3l\u00f3 fizet\u00e9si folyamatban.<\/p>\n<p>Ez az amerikai adapt\u00edv szegmens csendes struktur\u00e1lis t\u00e9nye, \u00e9s szembemegy azzal, ahogyan a t\u00e1gabb e-bike piac fejl\u0151d\u00f6tt, ahol a k\u00f6zvetlen\u00fcl a fogyaszt\u00f3nak \u00e9rt\u00e9kes\u00edt\u0151 csatorn\u00e1k nagyon nagy r\u00e9szesed\u00e9st hordoznak. A t\u00e1mogatott \u00e9s adapt\u00edv r\u00e9sz\u00e9ben a senior triki kateg\u00f3ri\u00e1nak a k\u00f6zvetlen\u00fcl a fogyaszt\u00f3nak \u00e9rt\u00e9kes\u00edt\u00e9s nem a hat\u00e9kony csatorna. Ez a nem jogosult csatorna.<\/p>\n<p>A k\u00f6vetkezm\u00e9ny konkr\u00e9t. Ha hozz\u00e1f\u00e9r\u00e9st akarsz a t\u00e1mogatott szegmenshez \u2013 \u00e9s \u00e1ltal\u00e1ban az adapt\u00edv kiskereskedelmi v\u00e1s\u00e1rl\u00f3hoz, aki \u00fclni akar a term\u00e9ken v\u00e1s\u00e1rl\u00e1s el\u0151tt \u2013, a keresked\u0151i kapcsolatoknak a programk\u00f6r megnyit\u00e1sa el\u0151tt l\u00e9tezni\u00fck kell, mert a j\u00f3v\u00e1hagy\u00e1si ablakok r\u00f6videk, \u00e9s a r\u00e9szt vev\u0151 kiskeresked\u0151k\u00e9nt val\u00f3 regisztr\u00e1ci\u00f3 nem azonnali. Ennek a h\u00e1l\u00f3zatnak a fel\u00e9p\u00edt\u00e9se tizenk\u00e9t h\u00f3napos munka, nem egy negyed\u00e9v.<\/p>\n<p>Ez azt is megv\u00e1ltoztatja, hogy mit kell hordoznia a term\u00e9kednek. A visszat\u00e9r\u00edt\u00e9si programban regisztr\u00e1lt keresked\u0151nek igazolnia kell, amit elad: tan\u00fas\u00edt\u00e1si dokument\u00e1ci\u00f3t, oszt\u00e1lyc\u00edmk\u00e9z\u00e9st, specifik\u00e1ci\u00f3kat az adminisztr\u00e1l\u00f3 \u00fcgyn\u00f6ks\u00e9g \u00e1ltal elv\u00e1rt form\u00e1tumban. Ennek a csomagnak a megfelel\u0151 biztos\u00edt\u00e1sa kis munka, amely megsz\u00fcnteti a s\u00farl\u00f3d\u00e1s visszat\u00e9r\u0151 forr\u00e1s\u00e1t \u2013 \u00e9s a legt\u00f6bb besz\u00e1ll\u00edt\u00f3 rosszul vagy egy\u00e1ltal\u00e1n nem v\u00e9gzi el.<\/p>\n<figure><img decoding=\"async\" src=\"https:\/\/regencargobikes.com\/wp-content\/uploads\/2026\/08\/incentives-bike-shop.jpg\" alt=\"Ker\u00e9kp\u00e1rok elad\u00e1sra ki\u00e1ll\u00edtva egy \u00fczletben\"><figcaption>Forr\u00e1s: Wikimedia Commons \u2014 Elena Burge, CC BY-SA 4.0<\/figcaption><\/figure>\n<h2>Hogyan kezeld az \u00f6szt\u00f6nz\u0151ket a tervedben<\/h2>\n<p>Egy m\u0171k\u00f6d\u0151k\u00e9pes \u00e1ll\u00e1spont, n\u00e9gy r\u00e9szben:<\/p>\n<ol>\n<li><strong>Modellezd az \u00fczletet visszat\u00e9r\u00edt\u00e9sek n\u00e9lk\u00fcl.<\/strong> Ha az egys\u00e9ggazdas\u00e1goss\u00e1g csak utalv\u00e1nyhoz k\u00f6t\u00f6tten m\u0171k\u00f6dik, akkor nincs \u00fczleti eseted. Kalifornia megmutatta, mi\u00e9rt.<\/li>\n<li><strong>Tervezz a k\u00f6vetelm\u00e9nyeknek megfelel\u0151en mindenk\u00e9pp.<\/strong> A tan\u00fas\u00edt\u00e1s, oszt\u00e1lyoz\u00e1s \u00e9s dokument\u00e1ci\u00f3 \u00e1llami t\u00f6rv\u00e9ny \u00e1ltal el\u0151\u00edrt, \u00e9s egyre ink\u00e1bb a kiskereskedelmi partnerek is megk\u00f6vetelik, f\u00fcggetlen\u00fcl b\u00e1rmilyen visszat\u00e9r\u00edt\u00e9st\u0151l. Ezek teljes\u00edt\u00e9se ugyanannyiba ker\u00fcl, ak\u00e1r finansz\u00edrozott egy program, ak\u00e1r nem, \u00e9s jogosultt\u00e1 tesz abban a pillanatban, amikor egy elindul.<\/li>\n<li><strong>\u00c9p\u00edtsd a keresked\u0151i h\u00e1l\u00f3zatot az illeszt\u00e9sre, nem a visszat\u00e9r\u00edt\u00e9sre.<\/strong> A testtart\u00e1sra \u00e9rz\u00e9keny v\u00e1s\u00e1rl\u00f3 \u00fclni akar a term\u00e9ken; a visszat\u00e9r\u00edt\u00e9si szab\u00e1lyok \u00e9ppen ugyanezt a fizikai jelenl\u00e9tet k\u00f6vetelik meg. Egy befektet\u00e9s, k\u00e9t hozam.<\/li>\n<li><strong>K\u00f6vesd a programokat \u00e1llami szinten, nem sz\u00f6vets\u00e9gi szinten.<\/strong> Nem l\u00e9tezik sz\u00f6vets\u00e9gi v\u00e1s\u00e1rl\u00e1si j\u00f3v\u00e1\u00edr\u00e1s \u2013 a javasolt jogszab\u00e1lyok ism\u00e9telten nem v\u00e1ltak t\u00f6rv\u00e9nny\u00e9 \u2013, \u00edgy a tev\u00e9kenys\u00e9g \u00e1llami, v\u00e1rosi \u00e9s k\u00f6z\u00fczemi programokra korl\u00e1toz\u00f3dik, \u00e9s ezek a jogalkot\u00e1si \u00e9s k\u00f6lts\u00e9gvet\u00e9si ciklusok szerint v\u00e1ltoznak. Oszd ki a nyomon k\u00f6vet\u00e9st valakinek, vagy fogadd el, hogy k\u00e9s\u0151n \u00e9rtes\u00fclsz.<\/li>\n<\/ol>\n<h2>Mire van val\u00f3j\u00e1ban sz\u00fcks\u00e9ge egy megfelel\u0151 trikinek<\/h2>\n<p>A fentiek mindegyike egy r\u00f6vid specifik\u00e1ci\u00f3ra reduk\u00e1l\u00f3dik: tan\u00fas\u00edtott elektromos rendszer \u00e9s akkumul\u00e1tor, olyan konfigur\u00e1ci\u00f3, amely a sz\u00f6vets\u00e9gi besorol\u00e1si kereteken bel\u00fcl marad, dokument\u00e1ci\u00f3, amelyet a keresked\u0151 beny\u00fajthat, \u00e9s olyan \u00fcl\u00e9skialak\u00edt\u00e1s, amely miatt \u00e9rdemes elmenni az illeszt\u00e9si id\u0151pontra.<\/p>\n<p>Ha trik\u00e9t v\u00e1lasztasz, nem pedig \u00e9p\u00edtesz, a gyakorlati oldal ugyanolyan fontos: mely modellek felelnek meg, milyen tan\u00fas\u00edt\u00e1si dokumentumokat kell l\u00e1tnod, \u00e9s hogyan v\u00e1s\u00e1rolj r\u00e9szt vev\u0151 boltban. A mi <a href=\"https:\/\/regencargobikes.com\/hu\/best-three-wheel-cargo-bikes\/\">\u00fatmutat\u00f3nk a legjobb h\u00e1romkerek\u0171 tehersz\u00e1ll\u00edt\u00f3 ker\u00e9kp\u00e1rokhoz<\/a> lefedi az \u00f6sszehasonl\u00edt\u00e1sra \u00e9rdemes modelleket, \u00e9s a <a href=\"https:\/\/regencargobikes.com\/hu\/what-the-class-1-2-and-3-labels-really-mean-for-electric-bikes\/\">e-bike oszt\u00e1lyc\u00edmk\u00e9k magyar\u00e1z\u00f3ja<\/a> megmutatja, mi\u00e9rt a besorol\u00e1si keret d\u00f6nti el a jogosults\u00e1got.<\/p>\n<h2>Frequently asked questions<\/h2>\n<p><strong>Van sz\u00f6vets\u00e9gi ad\u00f3j\u00f3v\u00e1\u00edr\u00e1s elektromos trik\u00e9kre az USA-ban?<\/strong><\/p>\n<p>Nincs. A javasolt sz\u00f6vets\u00e9gi jogszab\u00e1lyok t\u00f6bbsz\u00f6r nem mentek \u00e1t, \u00edgy az \u00f6szt\u00f6nz\u0151k csak \u00e1llami, v\u00e1rosi \u00e9s k\u00f6z\u00fczemi programok.<\/p>\n<p><strong>Az \u00e1llami e-bike visszat\u00e9r\u00edt\u00e9sek kiterjednek a h\u00e1romkerek\u0171 \u00e9s adapt\u00edv ker\u00e9kp\u00e1rokra?<\/strong><\/p>\n<p>T\u00f6bb igen, kifejezetten. Washington WE-Bike programja adapt\u00edv ker\u00e9kp\u00e1rokat nevez meg jogosultk\u00e9nt, Boston programja pedig adapt\u00edv e-bike-okat fed le el\u0151zetes illeszt\u00e9si k\u00f6vetelm\u00e9nnyel. A jogosults\u00e1g program-specifikus, \u00e9s a felt\u00e9telek jellemz\u0151en elismert biztons\u00e1gi tan\u00fas\u00edt\u00e1st \u00e9s szabv\u00e1nyos oszt\u00e1ly- \u00e9s teljes\u00edtm\u00e9nyhat\u00e1rokat tartalmaznak.<\/p>\n<p><strong>Mi t\u00f6rt\u00e9nt Kalifornia e-bike utalv\u00e1nyprogramj\u00e1val?<\/strong><\/p>\n<p>V\u00e9get \u00e9rt. A Leveg\u0151min\u0151s\u00e9gi Tan\u00e1cs t\u00f6r\u00f6lte a v\u00e1rt harmadik k\u00f6rt, \u00e9s a fennmarad\u00f3 k\u00f6lts\u00e9gvet\u00e9st egy j\u00e1rm\u0171programra csoportos\u00edtotta \u00e1t, az \u00e1llami k\u00f6lts\u00e9gvet\u00e9si korl\u00e1tokra hivatkozva. K\u00f6r\u00fclbel\u00fcl 2100\u20132300 utalv\u00e1nyt adtak ki \u00f6sszesen, szemben az els\u0151 k\u00f6rben m\u00e1r t\u00f6bb mint 100 000 jelentkez\u0151vel.<\/p>\n<p><strong>V\u00e1s\u00e1rolhatok visszat\u00e9r\u00edt\u00e9sre jogosult trik\u00e9t k\u00f6zvetlen\u00fcl a fogyaszt\u00f3nak?<\/strong><\/p>\n<p>\u00c1ltal\u00e1ban nem. A visszat\u00e9r\u00edt\u00e9seket jellemz\u0151en fizikai hellyel rendelkez\u0151 r\u00e9szt vev\u0151 kiskeresked\u0151kn\u00e9l v\u00e1ltj\u00e1k be, \u00e9s az adapt\u00edv v\u00e1s\u00e1rl\u00e1sok illeszt\u00e9si id\u0151pontot ig\u00e9nyelhetnek. A t\u00e1mogatott szegmens keresked\u0151k\u00f6n kereszt\u00fcl \u00e9rhet\u0151 el, nem k\u00f6zvetlen fizet\u00e9ssel.<\/p>\n<p><strong>A trik\u00e9k v\u00e1s\u00e1rl\u00e1s\u00e1ra vagy rakt\u00e1roz\u00e1s\u00e1ra vonatkoz\u00f3 d\u00f6nt\u00e9semnek az \u00f6szt\u00f6nz\u0151kt\u0151l kell f\u00fcggnie?<\/strong><\/p>\n<p>Nem. Kezeld b\u00e1rmely visszat\u00e9r\u00edt\u00e9st b\u00f3nuszk\u00e9nt. A trike v\u00e1s\u00e1rl\u00e1s\u00e1nak tart\u00f3s okai azok, amelyek t\u00e1mogat\u00e1s n\u00e9lk\u00fcl is l\u00e9teznek \u2014 stabilit\u00e1s, k\u00e9nyelem \u00e9s a tov\u00e1bbker\u00e9kp\u00e1roz\u00e1s k\u00e9pess\u00e9ge.<\/p>\n<h2>Referenci\u00e1k<\/h2>\n<ol>\n<li>WSDOT \u2014 <a href=\"https:\/\/wsdot.wa.gov\/travel\/bicycling-walking\/bicycling-washington\/e-bike-rebate-program\" target=\"_blank\" rel=\"noopener\">WE-Bike e-bike visszat\u00e9r\u00edt\u00e9si program<\/a><\/li>\n<li>Boston v\u00e1rosa \u2014 <a href=\"https:\/\/www.boston.gov\/ebikes\" target=\"_blank\" rel=\"noopener\">E-Bike \u00f6szt\u00f6nz\u0151program<\/a><\/li>\n<li>Kaliforniai L\u00e9gier\u0151forr\u00e1sok Tan\u00e1csa \u2014 <a href=\"https:\/\/ww2.arb.ca.gov\/our-work\/programs\/california-e-bike-incentive-project\" target=\"_blank\" rel=\"noopener\">Kaliforniai E-Bike \u00d6szt\u00f6nz\u0151 Projekt<\/a><\/li>\n<li>United Mobility \u2014 <a href=\"https:\/\/unitedebike.com\/state-e-bike-incentives-electric-trikes\/\" target=\"_blank\" rel=\"noopener\">\u00c1llami E-Bike \u00f6szt\u00f6nz\u0151k elektromos triciklikre: Olvasd el a szab\u00e1lyokat<\/a><\/li>\n<li>United Mobility \u2014 <a href=\"https:\/\/unitedebike.com\/ul-2849-certification-electric-trikes-us\/\" target=\"_blank\" rel=\"noopener\">UL 2849 elektromos triciklikre: Mit k\u00f6vetel meg val\u00f3j\u00e1ban az USA-ba t\u00f6rt\u00e9n\u0151 bel\u00e9p\u00e9s<\/a><\/li>\n<\/ol>","protected":false},"excerpt":{"rendered":"<p>State e-bike incentives for trikes exist but disappear. Here&#8217;s what the surviving programmes require, and why the retailer rule quietly decides your channel.<\/p>","protected":false},"author":3,"featured_media":2171,"comment_status":"closed","ping_status":"","sticky":false,"template":"","format":"standard","meta":{"footnotes":""},"categories":[2],"tags":[],"class_list":["post-2169","post","type-post","status-publish","format-standard","has-post-thumbnail","hentry","category-knowledge"],"_links":{"self":[{"href":"https:\/\/regencargobikes.com\/hu\/wp-json\/wp\/v2\/posts\/2169","targetHints":{"allow":["GET"]}}],"collection":[{"href":"https:\/\/regencargobikes.com\/hu\/wp-json\/wp\/v2\/posts"}],"about":[{"href":"https:\/\/regencargobikes.com\/hu\/wp-json\/wp\/v2\/types\/post"}],"author":[{"embeddable":true,"href":"https:\/\/regencargobikes.com\/hu\/wp-json\/wp\/v2\/users\/3"}],"replies":[{"embeddable":true,"href":"https:\/\/regencargobikes.com\/hu\/wp-json\/wp\/v2\/comments?post=2169"}],"version-history":[{"count":1,"href":"https:\/\/regencargobikes.com\/hu\/wp-json\/wp\/v2\/posts\/2169\/revisions"}],"predecessor-version":[{"id":2191,"href":"https:\/\/regencargobikes.com\/hu\/wp-json\/wp\/v2\/posts\/2169\/revisions\/2191"}],"wp:featuredmedia":[{"embeddable":true,"href":"https:\/\/regencargobikes.com\/hu\/wp-json\/wp\/v2\/media\/2171"}],"wp:attachment":[{"href":"https:\/\/regencargobikes.com\/hu\/wp-json\/wp\/v2\/media?parent=2169"}],"wp:term":[{"taxonomy":"category","embeddable":true,"href":"https:\/\/regencargobikes.com\/hu\/wp-json\/wp\/v2\/categories?post=2169"},{"taxonomy":"post_tag","embeddable":true,"href":"https:\/\/regencargobikes.com\/hu\/wp-json\/wp\/v2\/tags?post=2169"}],"curies":[{"name":"wp","href":"https:\/\/api.w.org\/{rel}","templated":true}]}}