{"id":1145,"date":"2025-05-03T17:19:43","date_gmt":"2025-05-03T09:19:43","guid":{"rendered":"https:\/\/regencargobikes.com\/?p=1145"},"modified":"2025-05-07T21:31:08","modified_gmt":"2025-05-07T13:31:08","slug":"2025-austin-cargo-bike-festival","status":"publish","type":"post","link":"https:\/\/regencargobikes.com\/it\/2025-austin-cargo-bike-festival\/","title":{"rendered":"Festival delle bici da carico di Austin 2025"},"content":{"rendered":"<p>IL <strong>Festival delle bici da carico di Austin 2025<\/strong> offre l&#039;opportunit\u00e0 di sperimentare in prima persona i vantaggi pratici delle bici da carico e delle soluzioni di trasporto leggero in contesti urbani. Si svolger\u00e0 il <strong>Sabato 3 maggio 2025<\/strong>, da <strong>dalle 11:00 alle 15:00<\/strong> A <strong>900 Springdale Road, Austin, TX<\/strong>, questo evento \u00e8 gratuito e si concentra sulle applicazioni pratiche delle bici da carico e sulle soluzioni di micro-mobilit\u00e0 per la vita urbana.<\/p>\n\n\n\n<h2 class=\"wp-block-heading\"><strong>&nbsp;Dettagli dell&#039;evento<\/strong><\/h2>\n\n\n\n<ul class=\"wp-block-list\">\n<li><strong>Data e ora<\/strong>: Sabato 3 maggio 2025 | 11:00 \u2013 15:00<\/li>\n\n\n\n<li><strong>Posizione<\/strong>: 900 Springdale Road, Austin, TX 78702<\/li>\n\n\n\n<li><strong>Ammissione<\/strong>: Gratuito<\/li>\n\n\n\n<li><strong>Organizzatore<\/strong>: <a href=\"https:\/\/www.biketexas.org\/uncategorized\/2025-austin-cargo-bike-festival\/\" target=\"_blank\" rel=\"noopener\">BikeTexas<\/a><\/li>\n<\/ul>\n\n\n\n<figure class=\"wp-block-image size-full\"><img fetchpriority=\"high\" decoding=\"async\" width=\"600\" height=\"400\" src=\"https:\/\/regencargobikes.com\/wp-content\/uploads\/2025\/05\/Fun-at-ACBF-1.jpg\" alt=\"\" class=\"wp-image-1146\" srcset=\"https:\/\/regencargobikes.com\/wp-content\/uploads\/2025\/05\/Fun-at-ACBF-1.jpg 600w, https:\/\/regencargobikes.com\/wp-content\/uploads\/2025\/05\/Fun-at-ACBF-1-300x200.jpg 300w, https:\/\/regencargobikes.com\/wp-content\/uploads\/2025\/05\/Fun-at-ACBF-1-18x12.jpg 18w\" sizes=\"(max-width: 600px) 100vw, 600px\" \/><\/figure>\n\n\n\n<h2 class=\"wp-block-heading\"><strong>Cosa aspettarsi<\/strong><\/h2>\n\n\n\n<ul class=\"wp-block-list\">\n<li><strong>Prove di guida<\/strong>:I partecipanti avranno l&#039;opportunit\u00e0 di provare diverse bici da carico e veicoli di micro-mobilit\u00e0 in condizioni reali.<\/li>\n\n\n\n<li><strong>Sfilata di bici da carico decorate<\/strong>:I partecipanti possono unirsi alla sfilata per mostrare le loro bici da carico personalizzate in modo creativo.<\/li>\n\n\n\n<li><strong>Cibo e intrattenimento locale<\/strong>:Il festival offrir\u00e0 cibo proveniente da venditori locali e intrattenimento per partecipanti di tutte le et\u00e0.<\/li>\n\n\n\n<li><strong>Coinvolgimento della comunit\u00e0<\/strong>:L&#039;evento offre l&#039;opportunit\u00e0 di entrare in contatto con residenti e aziende locali che utilizzano le cargo bike per soddisfare le proprie esigenze di trasporto.<\/li>\n<\/ul>\n\n\n\n<h2 class=\"wp-block-heading\"><strong>Chi dovrebbe partecipare<\/strong><\/h2>\n\n\n\n<ul class=\"wp-block-list\">\n<li><strong>Appassionati di ciclismo<\/strong>:Questo evento \u00e8 ideale per chi \u00e8 interessato a saperne di pi\u00f9 sugli usi e i vantaggi delle bici da carico.<\/li>\n\n\n\n<li><strong>Famiglie<\/strong>:Il festival offre attivit\u00e0 divertenti e istruttive per tutte le et\u00e0.<\/li>\n\n\n\n<li><strong>Urbanisti e responsabili politici<\/strong>:L&#039;evento fornir\u00e0 spunti su come le bici da carico possono contribuire a ridurre la congestione del traffico e migliorare la mobilit\u00e0 urbana.<\/li>\n\n\n\n<li><strong>Imprese locali<\/strong>:Le aziende possono scoprire come integrare le biciclette da carico nelle loro attivit\u00e0 per le consegne e altre esigenze logistiche.<\/li>\n<\/ul>\n\n\n\n<h2 class=\"wp-block-heading\"><strong>Suggerimenti per i visitatori<\/strong><\/h2>\n\n\n\n<ul class=\"wp-block-list\">\n<li><strong>Arrivare presto<\/strong>Per sfruttare al meglio il tempo a disposizione all&#039;evento, ti consigliamo di arrivare in anticipo per provare le bici da carico.<\/li>\n\n\n\n<li><strong>Porta familiari e amici<\/strong>: Si tratta di un evento adatto alle famiglie, un&#039;ottima opportunit\u00e0 per imparare e divertirsi insieme.<\/li>\n\n\n\n<li><strong>Vestiti in modo comodo<\/strong>: Poich\u00e9 l&#039;evento si svolge all&#039;aperto, si consiglia di indossare abiti comodi e calzature adatte per camminare e partecipare alle attivit\u00e0.<\/li>\n\n\n\n<li><strong>Interagisci con gli espositori<\/strong>: Prenditi del tempo per parlare con gli espositori e scoprire come le bici da carico possono essere utilizzate per diverse applicazioni pratiche nella tua vita o nel tuo lavoro.<\/li>\n<\/ul>","protected":false},"excerpt":{"rendered":"<p>The 2025 Austin Cargo Bike Festival offers a chance to experience firsthand the practical advantages of cargo bikes and light transport solutions in urban settings. Taking place on Saturday, May 3, 2025, from 11 AM to 3 PM at 900 Springdale Road, Austin, TX, this event is free to the public and focuses on real-world [&hellip;]<\/p>\n","protected":false},"author":2,"featured_media":1147,"comment_status":"open","ping_status":"open","sticky":false,"template":"","format":"standard","meta":{"footnotes":""},"categories":[36],"tags":[],"class_list":["post-1145","post","type-post","status-publish","format-standard","has-post-thumbnail","hentry","category-event-expo"],"_links":{"self":[{"href":"https:\/\/regencargobikes.com\/it\/wp-json\/wp\/v2\/posts\/1145","targetHints":{"allow":["GET"]}}],"collection":[{"href":"https:\/\/regencargobikes.com\/it\/wp-json\/wp\/v2\/posts"}],"about":[{"href":"https:\/\/regencargobikes.com\/it\/wp-json\/wp\/v2\/types\/post"}],"author":[{"embeddable":true,"href":"https:\/\/regencargobikes.com\/it\/wp-json\/wp\/v2\/users\/2"}],"replies":[{"embeddable":true,"href":"https:\/\/regencargobikes.com\/it\/wp-json\/wp\/v2\/comments?post=1145"}],"version-history":[{"count":1,"href":"https:\/\/regencargobikes.com\/it\/wp-json\/wp\/v2\/posts\/1145\/revisions"}],"predecessor-version":[{"id":1148,"href":"https:\/\/regencargobikes.com\/it\/wp-json\/wp\/v2\/posts\/1145\/revisions\/1148"}],"wp:featuredmedia":[{"embeddable":true,"href":"https:\/\/regencargobikes.com\/it\/wp-json\/wp\/v2\/media\/1147"}],"wp:attachment":[{"href":"https:\/\/regencargobikes.com\/it\/wp-json\/wp\/v2\/media?parent=1145"}],"wp:term":[{"taxonomy":"category","embeddable":true,"href":"https:\/\/regencargobikes.com\/it\/wp-json\/wp\/v2\/categories?post=1145"},{"taxonomy":"post_tag","embeddable":true,"href":"https:\/\/regencargobikes.com\/it\/wp-json\/wp\/v2\/tags?post=1145"}],"curies":[{"name":"wp","href":"https:\/\/api.w.org\/{rel}","templated":true}]}}