{"id":1600,"date":"2025-06-22T04:17:36","date_gmt":"2025-06-21T20:17:36","guid":{"rendered":"https:\/\/regencargobikes.com\/?p=1600"},"modified":"2025-06-22T04:17:38","modified_gmt":"2025-06-21T20:17:38","slug":"how-fast-can-your-electric-cargo-bike-go","status":"publish","type":"post","link":"https:\/\/regencargobikes.com\/it\/how-fast-can-your-electric-cargo-bike-go\/","title":{"rendered":"Quanto pu\u00f2 essere veloce la tua bici da carico elettrica?"},"content":{"rendered":"<p>A Regen, spesso ci viene posta una domanda apparentemente semplice:<\/p>\n\n\n\n<p><strong>&quot;Quanto velocemente pu\u00f2 il tuo <a href=\"https:\/\/regencargobikes.com\/it\/what-is-a-cargo-bike\/\" data-type=\"post\" data-id=\"1179\">bici da carico elettrica<\/a> andare?&quot;<\/strong><\/p>\n\n\n\n<p>\u00c8 una domanda legittima, e importante. Che si tratti di spostamenti quotidiani, consegne di merci o viaggi per piacere, la velocit\u00e0 non influisce solo sull&#039;efficienza, ma anche sulla legalit\u00e0, sulla sicurezza e sul comfort di guida. Quindi oggi vi portiamo dietro al manubrio e a esaminare i dati. Esploreremo le statistiche sulla velocit\u00e0 reale, i limiti legali e <strong>cosa influenza la velocit\u00e0 della tua cargo bike.<\/strong><\/p><div class=\"regen-test-placement-from-wizard-1604397851\" id=\"regen-2578053899\"><script async src=\"https:\/\/pagead2.googlesyndication.com\/pagead\/js\/adsbygoogle.js?client=ca-pub-1076230867169041\"\n     crossorigin=\"anonymous\"><\/script><\/div><div class=\"regen-test-placement-from-wizard-2878267818\" id=\"regen-1170537820\"><script async src=\"https:\/\/pagead2.googlesyndication.com\/pagead\/js\/adsbygoogle.js?client=ca-pub-1076230867169041\"\n     crossorigin=\"anonymous\"><\/script><\/div>\n\n\n\n<hr class=\"wp-block-separator has-alpha-channel-opacity\"\/>\n\n\n\n<h2 class=\"wp-block-heading\"><strong>Limiti di velocit\u00e0 nel mondo<\/strong><\/h2>\n\n\n\n<p>Cominciamo dalle basi: <strong>le velocit\u00e0 massime legali variano a seconda della regione<\/strong>La maggior parte delle bici da carico elettriche rientra in una delle due categorie:<\/p>\n\n\n\n<figure class=\"wp-block-table\"><table class=\"has-fixed-layout\"><thead><tr><th><strong>Regione<\/strong><\/th><th><strong>Velocit\u00e0 massima legale (km\/h)<\/strong><\/th><th><strong>Velocit\u00e0 massima (mph)<\/strong><\/th><th><strong>Appunti di lezione<\/strong><\/th><\/tr><\/thead><tbody><tr><td>Unione Europea<\/td><td>25<\/td><td>15.5<\/td><td>Pedelec (motore max 250W)<\/td><\/tr><tr><td>UE (Velocit\u00e0-P)<\/td><td>45<\/td><td>28<\/td><td>Pedelec veloce, necessita di registrazione<\/td><\/tr><tr><td>U.S.A.<\/td><td>32<\/td><td>20<\/td><td>Biciclette elettriche di classe 1 e 2 (limite motore 750 W)<\/td><\/tr><tr><td>Canada<\/td><td>32<\/td><td>20<\/td><td>Motori da 500 W max<\/td><\/tr><\/tbody><\/table><\/figure>\n\n\n\n<p>Nella maggior parte dei paesi europei, le nostre bici da carico sono <strong>limitato a 25 km\/h<\/strong> per essere considerati biciclette ai sensi del codice della strada, senza bisogno di patente o assicurazione. Negli Stati Uniti e in Canada, il limite \u00e8 <strong>32 chilometri all&#039;ora<\/strong>Alcune bici superano questo limite (fino a 45 km\/h) sotto un <strong>pedelec veloce<\/strong> classificazione, che solitamente richiede l&#039;uso del casco, l&#039;assicurazione e perfino una targa.<\/p>\n\n\n\n<p><br>\ud83d\udc49 Link a: <strong><a href=\"https:\/\/regencargobikes.com\/it\/electric-cargo-bike-motor-power-system-faq\/\" data-type=\"post\" data-id=\"1310\">Domande frequenti sul sistema motore e l&#039;alimentazione delle bici da carico elettriche<\/a><\/strong><\/p>\n\n\n\n<hr class=\"wp-block-separator has-alpha-channel-opacity\"\/>\n\n\n\n<h2 class=\"wp-block-heading\"><strong>Quali velocit\u00e0 raggiungono realmente i ciclisti?<\/strong><\/h2>\n\n\n\n<p>\u00c8 qui che la teoria incontra l&#039;asfalto. <a href=\"https:\/\/regencargobikes.com\/it\/long-john-cargo-bike-regen-02\/\" data-type=\"page\" data-id=\"1395\">Biciclette da carico elettriche Regen<\/a> navigare comodamente intorno a:<\/p>\n\n\n\n<ul class=\"wp-block-list\">\n<li><strong>20\u201325 km\/h (12\u201315,5 mph)<\/strong> con assistenza alla pedalata standard<\/li>\n\n\n\n<li><strong>25\u201328 mph (40\u201345 km\/h)<\/strong> per modelli di pedelec ad alta potenza o veloci<\/li>\n<\/ul>\n\n\n\n<p>Ma ricorda: la velocit\u00e0 non riguarda solo le specifiche. Si tratta di <strong>carico, terreno, input del ciclista<\/strong>e, naturalmente, <strong>forza motoria<\/strong>.<\/p>\n\n\n\t\t<div data-elementor-type=\"section\" data-elementor-id=\"1414\" class=\"elementor elementor-1414\" data-elementor-post-type=\"elementor_library\">\n\t\t\t<div class=\"elementor-element elementor-element-7bf5eb01 e-flex e-con-boxed e-con e-parent\" data-id=\"7bf5eb01\" data-element_type=\"container\" data-e-type=\"container\" data-settings=\"{&quot;background_background&quot;:&quot;classic&quot;,&quot;ekit_has_onepagescroll_dot&quot;:&quot;yes&quot;}\">\n\t\t\t\t\t<div class=\"e-con-inner\">\n\t\t<div class=\"elementor-element elementor-element-9fc34e2 e-con-full e-flex e-con e-child\" data-id=\"9fc34e2\" data-element_type=\"container\" data-e-type=\"container\" data-settings=\"{&quot;background_background&quot;:&quot;classic&quot;,&quot;ekit_has_onepagescroll_dot&quot;:&quot;yes&quot;}\">\n\t\t\t\t<div class=\"elementor-element elementor-element-af4e700 elementor-absolute elementor-widget elementor-widget-image\" data-id=\"af4e700\" data-element_type=\"widget\" data-e-type=\"widget\" data-settings=\"{&quot;_position&quot;:&quot;absolute&quot;}\" data-widget_type=\"image.default\">\n\t\t\t\t<div class=\"elementor-widget-container\">\n\t\t\t\t\t\t\t\t\t\t\t\t\t\t\t<img fetchpriority=\"high\" decoding=\"async\" width=\"800\" height=\"422\" src=\"https:\/\/regencargobikes.com\/wp-content\/uploads\/2025\/05\/regen-02-electric-cargo-bike-.webp\" class=\"attachment-large size-large wp-image-1398\" alt=\"bici da carico elettrica regen 02\" srcset=\"https:\/\/regencargobikes.com\/wp-content\/uploads\/2025\/05\/regen-02-electric-cargo-bike-.webp 1000w, https:\/\/regencargobikes.com\/wp-content\/uploads\/2025\/05\/regen-02-electric-cargo-bike--300x158.webp 300w, https:\/\/regencargobikes.com\/wp-content\/uploads\/2025\/05\/regen-02-electric-cargo-bike--768x405.webp 768w, https:\/\/regencargobikes.com\/wp-content\/uploads\/2025\/05\/regen-02-electric-cargo-bike--18x9.webp 18w\" sizes=\"(max-width: 800px) 100vw, 800px\" \/>\t\t\t\t\t\t\t\t\t\t\t\t\t\t\t<\/div>\n\t\t\t\t<\/div>\n\t\t\t\t<\/div>\n\t\t<div class=\"elementor-element elementor-element-7de8cd9d e-con-full e-flex e-con e-child\" data-id=\"7de8cd9d\" data-element_type=\"container\" data-e-type=\"container\" data-settings=\"{&quot;ekit_has_onepagescroll_dot&quot;:&quot;yes&quot;}\">\n\t\t\t\t<div class=\"elementor-element elementor-element-308b8d20 elementor-widget elementor-widget-elementskit-heading\" data-id=\"308b8d20\" data-element_type=\"widget\" data-e-type=\"widget\" data-widget_type=\"elementskit-heading.default\">\n\t\t\t\t<div class=\"elementor-widget-container\">\n\t\t\t\t\t<div class=\"ekit-wid-con\" ><div class=\"ekit-heading elementskit-section-title-wraper text_left   ekit_heading_tablet-   ekit_heading_mobile-text_center\"><h3 class=\"elementskit-section-subtitle\">\n\t\t\t\t\t\tRegen 02 E-Cargo Bike\n\t\t\t\t\t<\/h3><h2 class=\"ekit-heading--title elementskit-section-title\">Cerchi una lavastoviglie a carica frontale compatta e personalizzabile per il tuo marchio?<\/h2>\t\t\t\t<div class='ekit-heading__description'>\n\t\t\t\t\t<p class=\"p1\">Testato dal T\u00dcV attraverso precedenti progetti personalizzati. Modello disponibile al pubblico: configurabile, collaudato e pronto per la scalabilit\u00e0.<\/p>\n\t\t\t\t<\/div>\n\t\t\t<\/div><\/div>\t\t\t\t<\/div>\n\t\t\t\t<\/div>\n\t\t\t\t<div class=\"elementor-element elementor-element-bf516c8 elementor-align-left elementor-align--mobilecenter elementor-widget elementor-widget-elementskit-button\" data-id=\"bf516c8\" data-element_type=\"widget\" data-e-type=\"widget\" data-widget_type=\"elementskit-button.default\">\n\t\t\t\t<div class=\"elementor-widget-container\">\n\t\t\t\t\t<div class=\"ekit-wid-con\" >\t\t<div class=\"ekit-btn-wraper\">\n\t\t\t\t\t\t\t<a href=\"https:\/\/regencargobikes.com\/it\/long-john-cargo-bike-regen-02\/\" class=\"elementskit-btn  whitespace--normal\" id=\"\">\n\t\t\t\t\tSaperne di pi\u00f9\t\t\t\t<\/a>\n\t\t\t\t\t<\/div>\n        <\/div>\t\t\t\t<\/div>\n\t\t\t\t<\/div>\n\t\t\t\t<\/div>\n\t\t\t\t\t<\/div>\n\t\t\t\t<\/div>\n\t\t\t\t<\/div>\n\t\t\n\n\n\n<hr class=\"wp-block-separator has-alpha-channel-opacity\"\/>\n\n\n\n<h3 class=\"wp-block-heading\"><strong> Esempio del mondo reale<\/strong><\/h3>\n\n\n\n<p>Uno dei nostri clienti in Germania utilizza una bici da carico Speed-Pedelec con doppia batteria e motore da 750 W. Sulle strade urbane pianeggianti, viaggia costantemente intorno <strong>42 chilometri all&#039;ora<\/strong>, anche con un carico di 60 kg. Detto questo, per l&#039;uso quotidiano della famiglia o per le consegne comunali, la maggior parte dei clienti Regen trova l&#039; <strong>limite di 25 km\/h<\/strong> perfettamente adatto e sicuro.<\/p>\n\n\n\n<hr class=\"wp-block-separator has-alpha-channel-opacity\"\/>\n\n\n\n<h2 class=\"wp-block-heading\"><strong>Quali fattori influiscono sulla velocit\u00e0 della bici da carico elettrica?<\/strong><\/h2>\n\n\n\n<p>Abbiamo testato decine di configurazioni sui nostri modelli longtail e a caricamento frontale. Ecco cosa influenza realmente la velocit\u00e0 massima:<\/p>\n\n\n\n<figure class=\"wp-block-table\"><table class=\"has-fixed-layout\"><thead><tr><th><strong>Fattore<\/strong><\/th><th><strong>Effetto sulla velocit\u00e0<\/strong><\/th><\/tr><\/thead><tbody><tr><td><strong>potenza del motore<\/strong><\/td><td>Pi\u00f9 watt = velocit\u00e0 massima pi\u00f9 elevata. 250 W \u2248 25 km\/h, 750 W \u2248 32+ km\/h<\/td><\/tr><tr><td><strong>Capacit\u00e0 della batteria<\/strong><\/td><td>Tensione e amperaggio pi\u00f9 elevati migliorano la velocit\u00e0 massima sostenuta<\/td><\/tr><tr><td><strong>Progettazione di biciclette<\/strong><\/td><td>Le longtail sono pi\u00f9 veloci e pi\u00f9 agili dei veicoli a tre ruote o delle bici con sponde alte<\/td><\/tr><tr><td><strong><a href=\"https:\/\/regencargobikes.com\/wp-content\/uploads\/2025\/04\/10-key-facts-affect-cargo-bike-load-capacity.jpg\" data-type=\"attachment\" data-id=\"1061\">Peso del carico<\/a><\/strong><\/td><td>Pi\u00f9 carico = minore accelerazione e velocit\u00e0 massima ridotta<\/td><\/tr><tr><td><strong>Terreno e vento<\/strong><\/td><td>Le salite e i venti contrari possono rallentarti notevolmente<\/td><\/tr><tr><td><strong>pressione dei pneumatici<\/strong><\/td><td>Pneumatici sgonfi riducono velocit\u00e0 e autonomia<\/td><\/tr><\/tbody><\/table><\/figure>\n\n\n\n<p>Ulteriori letture:<a href=\"https:\/\/regencargobikes.com\/it\/cargo-bike-frame-geometry\/\" data-type=\"post\" data-id=\"374\">Comprensione della geometria del telaio delle bici da carico e della sua influenza sulle prestazioni di guida<\/a><\/p>\n\n\n\n<h2 class=\"wp-block-heading\"><strong>Velocit\u00e0 vs. sicurezza: qual \u00e8 il rischio?<\/strong><\/h2>\n\n\n\n<p>Siamo onesti: le bici da carico non sono bici da corsa. Progettiamo i nostri telai per <strong>stabilit\u00e0 e movimentazione del carico<\/strong>, non per velocit\u00e0 incredibili.<\/p>\n\n\n\n<p>A <strong>oltre 30 mph (~48 km\/h)<\/strong>Anche le pi\u00f9 piccole oscillazioni dello sterzo possono diventare rischiose. Lo spazio di frenata aumenta drasticamente con il peso. Ecco perch\u00e9 tutte le bici cargo Regen sono dotate di:<\/p>\n\n\n\n<ul class=\"wp-block-list\">\n<li><strong>Freni a disco idraulici<\/strong> classificato per carichi totali superiori a 200 kg<\/li>\n\n\n\n<li><strong>Forcelle o reggisella ammortizzati<\/strong> per la stabilit\u00e0 su strade sconnesse<\/li>\n\n\n\n<li><strong>Robusti telai in alluminio<\/strong> che resistono alla flessione ad alta velocit\u00e0<\/li>\n<\/ul>\n\n\n\n<p>In conclusione? <strong>La velocit\u00e0 \u00e8 entusiasmante, ma la sicurezza viene sempre prima di tutto.<\/strong><\/p>\n\n\n\n<ul class=\"wp-block-list\">\n<li>Vedi il nostro confronto: <a href=\"https:\/\/regencargobikes.com\/it\/mechanical-disc-brakes-vs-hydraulic-disc-brakes-in-ecargo-bikes\/\" data-type=\"post\" data-id=\"1047\">Freni a disco meccanici vs idraulici su e-bike e cargo bike<\/a> <\/li>\n\n\n\n<li>Scopri di pi\u00f9 <a href=\"https:\/\/regencargobikes.com\/it\/frame-strength-what-determines-durability\/\" data-type=\"post\" data-id=\"1160\">Resistenza del telaio: cosa determina la durata?<\/a><\/li>\n<\/ul>\n\n\n\n<h2 class=\"wp-block-heading\"><strong>Confronto tra le bici elettriche da carico pi\u00f9 diffuse (incluse le nostre)<\/strong><\/h2>\n\n\n\n<p>Ecco un confronto tra le bici da carico pi\u00f9 vendute:<\/p>\n\n\n\n<figure class=\"wp-block-table\"><table class=\"has-fixed-layout\"><thead><tr><th><strong>Modello<\/strong><\/th><th><strong>Motore (W)<\/strong><\/th><th><strong>Velocit\u00e0 massima<\/strong><\/th><th><strong>Classe<\/strong><\/th><th><strong>Note<\/strong><\/th><\/tr><\/thead><tbody><tr><td><strong>Gunai GN66<\/strong><\/td><td>1,000<\/td><td>~45 km\/h<\/td><td>Speed-pedelec<\/td><td>Elevata potenza, adatta a percorsi privati o flotte di consegna<\/td><\/tr><tr><td><strong>Riese &amp; M\u00fcller Carico 75<\/strong><\/td><td>500\u2013850<\/td><td>Fino a 45 km\/h<\/td><td>Speed-pedelec<\/td><td>Doppia sospensione, doppia batteria<\/td><\/tr><tr><td><strong>Longtail 750 Pro<\/strong><\/td><td>750<\/td><td>32\u201338 km\/h<\/td><td>Classe 2\/Velocit\u00e0-P<\/td><td>Autonomia e accelerazione migliori della categoria<\/td><\/tr><tr><td><strong>Lectric XPedition<\/strong><\/td><td>750<\/td><td>32 chilometri all&#039;ora<\/td><td>Classe 2<\/td><td>Pneumatici larghi, convenienti per le famiglie<\/td><\/tr><tr><td><strong>Decathlon R500E<\/strong><\/td><td>250<\/td><td>25 chilometri all&#039;ora<\/td><td>Pedelec UE<\/td><td>Ottima opzione entry-level<\/td><\/tr><\/tbody><\/table><\/figure>\n\n\n\n<p>Non sai quale tipo di bici da carico fa al caso tuo? Vedi: <a href=\"https:\/\/regencargobikes.com\/it\/types-of-cargo-bike\/\" data-type=\"post\" data-id=\"376\">Quanti tipi diversi di bici da carico esistono?<\/a><\/p>\n\n\n\n<h2 class=\"wp-block-heading\"><strong>Velocit\u00e0 della bici e casi d&#039;uso (riepilogo visivo)<\/strong><\/h2>\n\n\n\n<figure class=\"wp-block-table\"><table class=\"has-fixed-layout\"><thead><tr><th><strong>Gamma di velocit\u00e0<\/strong><\/th><th><strong>Lezione di bici<\/strong><\/th><th><strong>Casi d&#039;uso comuni<\/strong><\/th><\/tr><\/thead><tbody><tr><td>\u2264 25 km\/h<\/td><td>Pedelec<\/td><td>Gite scolastiche, spese, commissioni urbane<\/td><\/tr><tr><td>25\u201332 km\/h<\/td><td>Classe 2 \/ 750W<\/td><td>Consegna di carichi leggeri, pendolarismo suburbano<\/td><\/tr><tr><td>32\u201345 km\/h<\/td><td>Pedelec veloce<\/td><td>Servizi di corriere, consegna a lungo raggio<\/td><\/tr><\/tbody><\/table><\/figure>\n\n\n\n<h2 class=\"wp-block-heading\"><strong>Suggerimenti da Regen: come andare pi\u00f9 veloci e sicuri<\/strong><\/h2>\n\n\n\n<p>Vuoi aumentare la velocit\u00e0 della tua bici da carico elettrica senza superare i limiti di sicurezza? Ecco i nostri consigli:<\/p>\n\n\n\n<ul class=\"wp-block-list\">\n<li><strong>Passa a un motore mid-drive da 750 W<\/strong> se le leggi locali lo consentono<\/li>\n\n\n\n<li><strong>Utilizzare attivamente l&#039;assistenza alla pedalata<\/strong> per spingersi oltre le velocit\u00e0 del solo motore<\/li>\n\n\n\n<li><strong>Investire in pneumatici e sistemi frenanti adeguati<\/strong>\u2014soprattutto con carichi pi\u00f9 pesanti<\/li>\n\n\n\n<li><strong>Utilizzare una configurazione di carico semplificata<\/strong> (nessuna scatola sporgente o pannello alto)<\/li>\n\n\n\n<li><strong>Non sovraccaricare il portapacchi posteriore<\/strong>\u2014anche l&#039;equilibrio \u00e8 importante a velocit\u00e0 pi\u00f9 elevate<\/li>\n<\/ul>\n\n\n\n<p>Abbiamo visto i team di consegna aumentare l&#039;efficienza del percorso <strong>35%<\/strong> semplicemente ottimizzando la pressione degli pneumatici, il peso del carico e la tecnica di guida, senza cambiare affatto il motore.<\/p>\n\n\n\n<hr class=\"wp-block-separator has-alpha-channel-opacity\"\/>\n\n\n\n<h2 class=\"wp-block-heading\"><strong> Punti chiave<\/strong><\/h2>\n\n\n\n<ul class=\"wp-block-list\">\n<li>La maggior parte delle bici da carico elettriche sono legalmente limitate a <strong>25\u201332 km\/h<\/strong> a seconda della tua posizione<\/li>\n\n\n\n<li>Con la giusta configurazione, le velocit\u00e0 di <strong>45 chilometri all&#039;ora<\/strong> sono realizzabili, ma richiedono una classificazione di velocit\u00e0 pedelec<\/li>\n\n\n\n<li>Le velocit\u00e0 di crociera reali di solito si attestano intorno <strong>20\u201328 km\/h<\/strong>, che bilancia velocit\u00e0, sicurezza e maneggevolezza<\/li>\n\n\n\n<li>La configurazione della bici, il carico, il terreno e persino il peso del ciclista sono tutti fattori che giocano un ruolo<\/li>\n\n\n\n<li>In Regen, progettiamo biciclette non per la velocit\u00e0 pura, ma per <strong>trasporto sicuro ed efficiente che mantiene la tua attivit\u00e0 o il tuo stile di vita in movimento senza intoppi<\/strong><\/li>\n<\/ul>\n\n\n\n<h2 class=\"wp-block-heading\"><strong>Riferimenti<\/strong><\/h2>\n\n\n\n<ol start=\"1\" class=\"wp-block-list\">\n<li><a href=\"https:\/\/eur-lex.europa.eu\/legal-content\/EN\/TXT\/?uri=CELEX%3A32013R0168\" target=\"_blank\" rel=\"noopener\">Regolamento UE n. 168\/2013<\/a><\/li>\n\n\n\n<li><a href=\"https:\/\/www.peopleforbikes.org\/electric-bikes\/policies\" target=\"_blank\" rel=\"noopener\">PeopleForBikes \u2013 Corsi di E-Bike<\/a><\/li>\n\n\n\n<li><a href=\"https:\/\/www.decathlon.co.uk\/p\/longtail-cargo-e-bike-r500-electric\/_\/R-p-336237\" target=\"_blank\" rel=\"noopener\">Specifiche Decathlon R500E<\/a><\/li>\n\n\n\n<li><a href=\"https:\/\/cleantechnica.com\/2023\/06\/15\/lectric-xpedition-cargo-ebike-review\/\" target=\"_blank\" rel=\"noopener\">Recensione di CleanTechnica su Lectric XPedition<\/a><\/li>\n\n\n\n<li><a href=\"https:\/\/www.bikeradar.com\/news\/yamaha-electric-cargo-bike\/\" target=\"_blank\" rel=\"noopener\">Lancio della bici elettrica da carico Giant\/Yamaha<\/a><\/li>\n\n\n\n<li><a href=\"https:\/\/urbanarrow.com\" target=\"_blank\" rel=\"noopener\">Casi d&#039;uso della flotta di Urban Arrow Tender<\/a><\/li>\n\n\n\n<li><a href=\"https:\/\/www.alibaba.com\/product-detail\/1000w-cargo-bike_1600780935471.html\" target=\"_blank\" rel=\"noopener\">Elenco dei prodotti Gunai GN66<\/a><\/li>\n\n\n\n<li><a href=\"https:\/\/www.r-m.de\/en-us\/models\/load-75\/\" target=\"_blank\" rel=\"noopener\">Specifiche Riese &amp; M\u00fcller Load 75<\/a><\/li>\n<\/ol>\n\n\n\n<hr class=\"wp-block-separator has-alpha-channel-opacity\"\/>\n\n\n\n<p><strong>Vuoi saperne di pi\u00f9 o provare gli ultimi modelli longtail o trike di Regen?<\/strong><\/p>\n\n\n\n<p>Contattaci in qualsiasi momento: il nostro team di ingegneri sar\u00e0 lieto di illustrarti la configurazione di velocit\u00e0 pi\u00f9 adatta al tuo percorso, al terreno e alle normative locali.<\/p>\n\n\n\t\t<div data-elementor-type=\"section\" data-elementor-id=\"1591\" class=\"elementor elementor-1591\" data-elementor-post-type=\"elementor_library\">\n\t\t\t<div class=\"elementor-element elementor-element-8afca32 e-flex e-con-boxed e-con e-parent\" data-id=\"8afca32\" data-element_type=\"container\" data-e-type=\"container\" data-settings=\"{&quot;background_background&quot;:&quot;classic&quot;,&quot;ekit_has_onepagescroll_dot&quot;:&quot;yes&quot;}\">\n\t\t\t\t\t<div class=\"e-con-inner\">\n\t\t<div class=\"elementor-element elementor-element-24ec346 e-con-full e-flex e-con e-child\" data-id=\"24ec346\" data-element_type=\"container\" data-e-type=\"container\" data-settings=\"{&quot;background_background&quot;:&quot;classic&quot;,&quot;ekit_has_onepagescroll_dot&quot;:&quot;yes&quot;}\">\n\t\t\t\t<div class=\"elementor-element elementor-element-6b475eec elementor-absolute elementor-widget elementor-widget-image\" data-id=\"6b475eec\" data-element_type=\"widget\" data-e-type=\"widget\" data-settings=\"{&quot;_position&quot;:&quot;absolute&quot;}\" data-widget_type=\"image.default\">\n\t\t\t\t<div class=\"elementor-widget-container\">\n\t\t\t\t\t\t\t\t\t\t\t\t\t\t\t<img decoding=\"async\" width=\"800\" height=\"450\" src=\"https:\/\/regencargobikes.com\/wp-content\/uploads\/2025\/03\/RT.651.webp\" class=\"attachment-large size-large wp-image-1522\" alt=\"\" srcset=\"https:\/\/regencargobikes.com\/wp-content\/uploads\/2025\/03\/RT.651.webp 1000w, https:\/\/regencargobikes.com\/wp-content\/uploads\/2025\/03\/RT.651-300x169.webp 300w, https:\/\/regencargobikes.com\/wp-content\/uploads\/2025\/03\/RT.651-768x432.webp 768w, https:\/\/regencargobikes.com\/wp-content\/uploads\/2025\/03\/RT.651-18x10.webp 18w\" sizes=\"(max-width: 800px) 100vw, 800px\" \/>\t\t\t\t\t\t\t\t\t\t\t\t\t\t\t<\/div>\n\t\t\t\t<\/div>\n\t\t\t\t<div class=\"elementor-element elementor-element-48fc00c2 elementor-widget elementor-widget-image\" data-id=\"48fc00c2\" data-element_type=\"widget\" data-e-type=\"widget\" data-widget_type=\"image.default\">\n\t\t\t\t<div class=\"elementor-widget-container\">\n\t\t\t\t\t\t\t\t\t\t\t\t\t\t\t<img decoding=\"async\" width=\"533\" height=\"330\" src=\"https:\/\/regencargobikes.com\/wp-content\/uploads\/2025\/04\/New-1.png\" class=\"attachment-large size-large wp-image-436\" alt=\"\" srcset=\"https:\/\/regencargobikes.com\/wp-content\/uploads\/2025\/04\/New-1.png 533w, https:\/\/regencargobikes.com\/wp-content\/uploads\/2025\/04\/New-1-300x186.png 300w\" sizes=\"(max-width: 533px) 100vw, 533px\" \/>\t\t\t\t\t\t\t\t\t\t\t\t\t\t\t<\/div>\n\t\t\t\t<\/div>\n\t\t\t\t<\/div>\n\t\t<div class=\"elementor-element elementor-element-25aa7a08 e-con-full e-flex e-con e-child\" data-id=\"25aa7a08\" data-element_type=\"container\" data-e-type=\"container\" data-settings=\"{&quot;ekit_has_onepagescroll_dot&quot;:&quot;yes&quot;}\">\n\t\t\t\t<div class=\"elementor-element elementor-element-3d854eb8 elementor-widget elementor-widget-elementskit-heading\" data-id=\"3d854eb8\" data-element_type=\"widget\" data-e-type=\"widget\" data-widget_type=\"elementskit-heading.default\">\n\t\t\t\t<div class=\"elementor-widget-container\">\n\t\t\t\t\t<div class=\"ekit-wid-con\" ><div class=\"ekit-heading elementskit-section-title-wraper text_left   ekit_heading_tablet-   ekit_heading_mobile-text_center\"><p class=\"elementskit-section-subtitle\">\n\t\t\t\t\t\tSolo 20 biciclette MOQ per iniziare \n\t\t\t\t\t<\/p><p class=\"ekit-heading--title elementskit-section-title\">E-Cargo Bike personalizzabile - RS01 <\/p>\t\t\t\t<div class='ekit-heading__description'>\n\t\t\t\t\t<p class=\"p2\">Che tu sia un marchio in crescita o un negozio di quartiere, le nostre bici cargo ad alta resistenza sono il tuo biglietto d&#039;ingresso nel fiorente mondo delle consegne ecologiche. Si parte!<\/p>\n\t\t\t\t<\/div>\n\t\t\t<\/div><\/div>\t\t\t\t<\/div>\n\t\t\t\t<\/div>\n\t\t\t\t<div class=\"elementor-element elementor-element-137412e2 elementor-align-left elementor-align--mobilecenter elementor-widget elementor-widget-elementskit-button\" data-id=\"137412e2\" data-element_type=\"widget\" data-e-type=\"widget\" data-widget_type=\"elementskit-button.default\">\n\t\t\t\t<div class=\"elementor-widget-container\">\n\t\t\t\t\t<div class=\"ekit-wid-con\" >\t\t<div class=\"ekit-btn-wraper\">\n\t\t\t\t\t\t\t<a href=\"#elementor-action%3Aaction%3Dpopup%3Aopen%26settings%3DeyJpZCI6IjczNCIsInRvZ2dsZSI6ZmFsc2V9\" class=\"elementskit-btn  whitespace--normal\" id=\"\">\n\t\t\t\t\tRichiedi un preventivo\t\t\t\t<\/a>\n\t\t\t\t\t<\/div>\n        <\/div>\t\t\t\t<\/div>\n\t\t\t\t<\/div>\n\t\t\t\t<\/div>\n\t\t\t\t\t<\/div>\n\t\t\t\t<\/div>\n\t\t\t\t<\/div>","protected":false},"excerpt":{"rendered":"<p>At Regen, we often get asked a deceptively simple question: \u201cHow fast can your electric cargo bike go?\u201d It\u2019s a fair question\u2014and an important one. Whether you\u2019re commuting, delivering goods, or riding for leisure, speed affects not just efficiency, but legality, safety, and riding comfort. So today, we\u2019re taking you behind the handlebars and into [&hellip;]<\/p>\n","protected":false},"author":2,"featured_media":1595,"comment_status":"open","ping_status":"closed","sticky":false,"template":"","format":"standard","meta":{"footnotes":""},"categories":[2,30],"tags":[],"class_list":["post-1600","post","type-post","status-publish","format-standard","has-post-thumbnail","hentry","category-knowledge","category-blog"],"_links":{"self":[{"href":"https:\/\/regencargobikes.com\/it\/wp-json\/wp\/v2\/posts\/1600","targetHints":{"allow":["GET"]}}],"collection":[{"href":"https:\/\/regencargobikes.com\/it\/wp-json\/wp\/v2\/posts"}],"about":[{"href":"https:\/\/regencargobikes.com\/it\/wp-json\/wp\/v2\/types\/post"}],"author":[{"embeddable":true,"href":"https:\/\/regencargobikes.com\/it\/wp-json\/wp\/v2\/users\/2"}],"replies":[{"embeddable":true,"href":"https:\/\/regencargobikes.com\/it\/wp-json\/wp\/v2\/comments?post=1600"}],"version-history":[{"count":2,"href":"https:\/\/regencargobikes.com\/it\/wp-json\/wp\/v2\/posts\/1600\/revisions"}],"predecessor-version":[{"id":1602,"href":"https:\/\/regencargobikes.com\/it\/wp-json\/wp\/v2\/posts\/1600\/revisions\/1602"}],"wp:featuredmedia":[{"embeddable":true,"href":"https:\/\/regencargobikes.com\/it\/wp-json\/wp\/v2\/media\/1595"}],"wp:attachment":[{"href":"https:\/\/regencargobikes.com\/it\/wp-json\/wp\/v2\/media?parent=1600"}],"wp:term":[{"taxonomy":"category","embeddable":true,"href":"https:\/\/regencargobikes.com\/it\/wp-json\/wp\/v2\/categories?post=1600"},{"taxonomy":"post_tag","embeddable":true,"href":"https:\/\/regencargobikes.com\/it\/wp-json\/wp\/v2\/tags?post=1600"}],"curies":[{"name":"wp","href":"https:\/\/api.w.org\/{rel}","templated":true}]}}