{"id":1739,"date":"2025-07-17T17:23:16","date_gmt":"2025-07-17T09:23:16","guid":{"rendered":"https:\/\/regencargobikes.com\/?p=1739"},"modified":"2025-07-17T17:23:19","modified_gmt":"2025-07-17T09:23:19","slug":"cargo-bike-front-light-guide","status":"publish","type":"post","link":"https:\/\/regencargobikes.com\/it\/cargo-bike-front-light-guide\/","title":{"rendered":"Guida alle luci anteriori per biciclette cargo: Spiegazione di luminosit\u00e0, colore e sicurezza"},"content":{"rendered":"<p>Alla Regen, dove progettiamo e produciamo sistemi completi di cargo bike per famiglie e flotte, ci chiedono spesso informazioni sull'illuminazione anteriore, soprattutto quando i ciclisti iniziano a fare i pendolari all'imbrunire, a navigare in vicoli cittadini poco illuminati o a fare consegne lungo i percorsi rurali pi\u00f9 bui. L'illuminazione non riguarda solo la visibilit\u00e0, ma anche la legalit\u00e0 stradale, la sicurezza del ciclista e persino l'efficienza della batteria.<\/p>\n\n\n\n<p>In questa guida rispondiamo alle domande pi\u00f9 comuni sulle luci anteriori per bici da carico, dalla quantit\u00e0 di lumen effettivamente necessaria al fatto che 4000 lumen siano eccessivi, il tutto supportato da standard e casi d'uso reali.<\/p>\n\n\n\n<h2 class=\"wp-block-heading\"><strong><font style=\"vertical-align: inherit;\"><font style=\"vertical-align: inherit;\"><strong>Che cos'\u00e8 una luce anteriore su una bici cargo?<\/strong><\/font><\/font><\/strong><\/h2>\n\n\n\n<p>UN <strong>luce anteriore per cargo bike<\/strong> \u00e8 un dispositivo di illuminazione rivolto in avanti, montato sul manubrio, sulla corona della forcella o sul portapacchi. \u00c8 progettato per:<\/p><div class=\"regen-test-placement-from-wizard-1604397851\" id=\"regen-2306456267\"><script async src=\"https:\/\/pagead2.googlesyndication.com\/pagead\/js\/adsbygoogle.js?client=ca-pub-1076230867169041\"\n     crossorigin=\"anonymous\"><\/script><\/div><div class=\"regen-test-placement-from-wizard-2878267818\" id=\"regen-3166683652\"><script async src=\"https:\/\/pagead2.googlesyndication.com\/pagead\/js\/adsbygoogle.js?client=ca-pub-1076230867169041\"\n     crossorigin=\"anonymous\"><\/script><\/div>\n\n\n\n<ul class=\"wp-block-list\">\n<li><strong>Illuminazione attiva<\/strong> (per illuminare il percorso del cavaliere)<\/li>\n\n\n\n<li><strong>Visibilit\u00e0 passiva<\/strong> (per avvisare gli altri della vostra presenza)<\/li>\n<\/ul>\n\n\n\n<p>A differenza delle semplici biciclette da pendolari, le cargo bike possono trasportare passeggeri o merci e spesso operano a carichi e velocit\u00e0 pi\u00f9 elevati. Per questo motivo, un'illuminazione anteriore affidabile non \u00e8 solo utile, ma anche essenziale per <strong>legalit\u00e0 stradale e sicurezza dei motociclisti<\/strong>.<\/p>\n\n\n\n<figure class=\"wp-block-table\"><table class=\"has-fixed-layout\"><thead><tr><th><strong>Fattore<\/strong><\/th><th><strong>Uso urbano<\/strong><\/th><th><strong>Uso rurale o su sentiero<\/strong><\/th><th><strong>Biciclette da carico<\/strong><\/th><\/tr><\/thead><tbody><tr><td><strong>Lumen<\/strong><\/td><td>300-500<\/td><td>800-2000+<\/td><td>500-1500<\/td><\/tr><tr><td><strong>Schema del fascio<\/strong><\/td><td>Ampio, corto<\/td><td>Lunga e mirata<\/td><td>Ampio + medio raggio<\/td><\/tr><tr><td><strong>Montaggio<\/strong><\/td><td>Manubrio<\/td><td>Forcella \/ Casco<\/td><td>A forcella o integrato nel rack<\/td><\/tr><tr><td><strong>Tipo di batteria<\/strong><\/td><td>Ricaricabile via USB<\/td><td>Pacchetto esterno ad alta capacit\u00e0<\/td><td>Integrato con la batteria principale (per le biciclette e-cargo)<\/td><\/tr><\/tbody><\/table><\/figure>\n\n\n\n<p>Per le biciclette da carico, si consiglia un <strong>fascio grandangolare<\/strong> che illumina sia la strada che i lati, soprattutto con un lungo box anteriore che pu\u00f2 proiettare ombre. Le luci integrate che traggono energia dalla batteria principale dell'e-bike offrono affidabilit\u00e0 e praticit\u00e0.<\/p>\n\n\n\n<h2 class=\"wp-block-heading\"><strong>\u00c8 davvero necessario un fanale anteriore su una bicicletta?<\/strong><\/h2>\n\n\n\n<p>S\u00ec, sia dal punto di vista legale che pratico, una luce anteriore \u00e8 essenziale.<\/p>\n\n\n\n<ul class=\"wp-block-list\">\n<li><a href=\"https:\/\/regencargobikes.com\/it\/cargo-bike-safety-standard-en-17860\/\" data-type=\"post\" data-id=\"416\"><strong>Requisiti legali<\/strong>: Nella maggior parte dei Paesi dell'Unione Europea e nel Regno Unito, la luce anteriore bianca \u00e8 obbligatoria quando si guida di notte o in condizioni di scarsa visibilit\u00e0 (si applicano la norma EN 15194 e i codici della strada locali).<\/a><\/li>\n\n\n\n<li><strong>Necessit\u00e0 pratica<\/strong>: Permette agli altri utenti della strada di vedervi e vi aiuta a vedere la strada davanti a voi, in particolare buche, cordoli o detriti - particolarmente importante su una bici da carico.<\/li>\n<\/ul>\n\n\n\n<blockquote class=\"wp-block-quote is-layout-flow wp-block-quote-is-layout-flow\">\n<p><strong>Caso d'uso reale<\/strong>: I fattorini urbani spesso riferiscono che senza una luce anteriore adeguata la visibilit\u00e0 diminuisce di oltre 50% dopo il tramonto, anche su strade ben illuminate.<\/p>\n\n\n\n<h2 class=\"wp-block-heading\"><strong>\u00c8 necessaria una luce anteriore su una bici cargo?<\/strong><\/h2>\n\n\n\n<p>S\u00ec, nella maggior parte dei Paesi europei e nel Regno Unito, <strong>Le luci anteriori sono obbligatorie per legge<\/strong> per le biciclette utilizzate di notte o in condizioni di scarsa visibilit\u00e0.<\/p>\n\n\n\n<p>Secondo <strong>Regolamento UE EN 15194<\/strong> (per le biciclette a pedalata assistita):<\/p>\n\n\n\n<ul class=\"wp-block-list\">\n<li>UN <strong>luce anteriore bianca o gialla selettiva<\/strong> deve essere montato.<\/li>\n\n\n\n<li>La luce deve essere visibile da almeno <strong>100 metri<\/strong>.<\/li>\n\n\n\n<li>Per l'omologazione stradale, il fascio di luce non deve abbagliare gli altri utenti della strada (fascio di luce interrotto).<\/li>\n<\/ul>\n\n\n\n<p>In Germania, il <strong>StVZO (Stra\u00dfenverkehrs-Zulassungs-Ordnung)<\/strong> richiede una forma specifica del fascio, una luminosit\u00e0 e una stabilit\u00e0 della sorgente di alimentazione, soprattutto per le biciclette elettriche.<\/p>\n<\/blockquote>\n\n\n\n<h2 class=\"wp-block-heading\"><strong>Di che colore dovrebbe essere la luce anteriore di una bicicletta?<\/strong><\/h2>\n\n\n\n<p>IL <strong>colore corretto per una luce anteriore<\/strong> \u00e8 o:<\/p>\n\n\n\n<p><strong>Giallo selettivo<\/strong> (meno comune, usato nella nebbia o in condizioni di basso contrasto)<\/p>\n\n\n\n<p><strong>Bianco<\/strong> (pi\u00f9 comune e legale in tutte le regioni)<\/p>\n\n\n\n<p>Le normative europee e britanniche (EN 15194, StVZO in Germania, Road Vehicles Lighting Regulations nel Regno Unito) specificano che la luce anteriore deve emettere un segnale fisso o lampeggiante. <strong>raggio bianco<\/strong>.<\/p>\n\n\n\n<blockquote class=\"wp-block-quote is-layout-flow wp-block-quote-is-layout-flow\">\n<p><strong>Importante<\/strong>: Le luci anteriori blu o colorate sono spesso illegali e possono essere scambiate per veicoli di emergenza o causare problemi di visibilit\u00e0 agli altri utenti della strada.<\/p>\n<\/blockquote>\n\n\n\n<p><strong>Suggerimento<\/strong>: Le luci bianche calde (temperatura di colore 4000-5000K) sono pi\u00f9 confortevoli per la guida notturna rispetto ai LED con tonalit\u00e0 blu.<\/p>\n\n\n\n<h2 class=\"wp-block-heading\"><strong>Quanti lumen deve avere una luce anteriore per bicicletta?<\/strong><\/h2>\n\n\n\n<p><br>La luminosit\u00e0 \u00e8 misurata in <strong>lumen<\/strong>, che quantificano la quantit\u00e0 totale di luce visibile emessa.<\/p>\n\n\n\n<figure class=\"wp-block-table\"><table class=\"has-fixed-layout\"><thead><tr><th><strong>Situazione in sella<\/strong><\/th><th><strong>Lumen minimo consigliato<\/strong><\/th><\/tr><\/thead><tbody><tr><td>Visibilit\u00e0 diurna (modalit\u00e0 lampeggiante)<\/td><td>200-300 lumen<\/td><\/tr><tr><td>Pedalare in citt\u00e0 di notte<\/td><td>400-600 lumen<\/td><\/tr><tr><td>Strade rurali o non illuminate<\/td><td>800-1500 lumen<\/td><\/tr><tr><td>Discesa ad alta velocit\u00e0 \/ carico pesante<\/td><td>1500-2000+ lumen<\/td><\/tr><\/tbody><\/table><\/figure>\n\n\n\n<p>Per <strong>biciclette da carico<\/strong>, di solito raccomandiamo <strong>600-1200 lumen<\/strong>, a seconda di:<\/p>\n\n\n\n<ul class=\"wp-block-list\">\n<li>Se si viaggia di notte<\/li>\n\n\n\n<li>Condizioni di illuminazione stradale<\/li>\n\n\n\n<li>Velocit\u00e0 e peso del carico (che influenzano il tempo di arresto)<\/li>\n<\/ul>\n\n\n\n<p><strong>Suggerimento professionale<\/strong>: Scegliere una luce con impostazioni di luminosit\u00e0 regolabili (ad esempio, bassa-media-alta) per bilanciare il consumo energetico e la visibilit\u00e0.<\/p>\n\n\n\n<h2 class=\"wp-block-heading\"><strong>1000 \/ 3000 \/ 4000 lumen sono troppo luminosi per una luce da bicicletta?<\/strong><\/h2>\n\n\n\n<p>Dipende, ma s\u00ec, \u00e8 <em>pu\u00f2 essere<\/em> troppo luminoso in alcune condizioni.<\/p>\n\n\n\n<figure class=\"wp-block-table\"><table class=\"has-fixed-layout\"><thead><tr><th><strong>Livello di illuminazione<\/strong><\/th><th><strong>Caso d&#039;uso<\/strong><\/th><th><strong>Troppo luminoso?<\/strong><\/th><\/tr><\/thead><tbody><tr><td><strong>1000 lumen<\/strong><\/td><td>Eccellente per le bici da carico e per l'utilizzo universale<\/td><td>\u2705 Sicuro e ideale<\/td><\/tr><tr><td><strong>3000 lumen<\/strong><\/td><td>Adatto per il fuoristrada o per le aree molto buie<\/td><td>\u26a0\ufe0f Rischio di abbagliare gli altri<\/td><\/tr><tr><td><strong>4000+ lumen<\/strong><\/td><td>Luminosit\u00e0 estrema; uso in MTB o su sentiero<\/td><td>\ud83d\udeab Eccessivo per l'uso su strada<\/td><\/tr><\/tbody><\/table><\/figure>\n\n\n\n<p><strong>Perch\u00e9 l'eccessiva luminosit\u00e0 pu\u00f2 essere un problema:<\/strong><\/p>\n\n\n\n<ul class=\"wp-block-list\">\n<li>Abbaglia i motociclisti o i conducenti in arrivo<\/li>\n\n\n\n<li>Pu\u00f2 violare le norme di legge in luoghi come la Germania (le luci conformi a StVZO limitano l'intensit\u00e0 del fascio luminoso).<\/li>\n\n\n\n<li>Spreca energia: scarica pi\u00f9 velocemente la batteria della e-bike o il pacco luci esterno<\/li>\n<\/ul>\n\n\n\n<p><strong>Soluzione<\/strong>: Cercate luci con lenti antiriflesso o con un fascio di luce tagliato: queste dirigono la luce verso il basso, illuminando la strada senza accecare gli altri.<\/p>\n\n\n\n<h2 class=\"wp-block-heading\"><strong>Tipi di <a href=\"https:\/\/regencargobikes.com\/it\/what-is-a-cargo-bike\/\" data-type=\"post\" data-id=\"1179\">Bicicletta cargo<\/a> Luci anteriori per fonte di alimentazione<\/strong><\/h2>\n\n\n\n<figure class=\"wp-block-table\"><table class=\"has-fixed-layout\"><thead><tr><th><strong>Tipo<\/strong><\/th><th><strong>Descrizione<\/strong><\/th><th><strong>Adatto per<\/strong><\/th><\/tr><\/thead><tbody><tr><td><strong>Alimentazione a batteria<\/strong><\/td><td>Cella agli ioni di litio integrata, ricaricabile via USB<\/td><td>Configurazioni leggere, uso occasionale in citt\u00e0<\/td><\/tr><tr><td><strong>Alimentazione a dinamo<\/strong><\/td><td>Alimentato da hub, efficiente dal punto di vista energetico e con autonomia infinita<\/td><td>Biciclette utilitarie, senza necessit\u00e0 di ricarica<\/td><\/tr><tr><td><strong>Sistema e-bike alimentato<\/strong><\/td><td>Collegato alla batteria principale dell'e-bike tramite il controller<\/td><td>La maggior parte delle moderne cargo bike con batteria centrale<\/td><\/tr><\/tbody><\/table><\/figure>\n\n\n\n<h2 class=\"wp-block-heading\"><strong>Caratteristiche extra da ricercare in una luce anteriore per bici da carico<\/strong><\/h2>\n\n\n\n<ul class=\"wp-block-list\">\n<li><strong>Sistema di montaggio integrato<\/strong>: Particolarmente importante per le biciclette da carico a caricamento frontale. Una luce montata sulla forcella o integrata nella cremagliera riduce le vibrazioni e migliora la stabilit\u00e0 del fascio luminoso.<\/li>\n\n\n\n<li><strong>Valutazione di impermeabilit\u00e0<\/strong>: Almeno IPX4 per gli spostamenti sotto la pioggia.<\/li>\n\n\n\n<li><strong>Modalit\u00e0 di marcia diurna<\/strong>: Migliora la visibilit\u00e0 alla luce del giorno, sempre pi\u00f9 frequente nelle flotte di trasporto merci.<\/li>\n\n\n\n<li><strong>Integrazione della batteria<\/strong>: Per le biciclette e-cargo, l'ideale \u00e8 una luce anteriore che attinge dalla batteria principale della bicicletta: meno componenti da caricare o gestire.<\/li>\n\n\n\n<li><strong>Funzione Standlight<\/strong>: Alcune dinamo di alta gamma o luci integrate rimangono accese per alcuni minuti dopo l'arresto - utili per i semafori rossi o le soste brevi.<\/li>\n<\/ul>\n\n\n\n<h2 class=\"wp-block-heading\"><strong>Standard legali e di sicurezza da considerare<\/strong><\/h2>\n\n\n\n<p>Al momento dell'acquisto o dell'integrazione di un sistema di luci anteriori, verificarne la conformit\u00e0:<\/p>\n\n\n\n<ul class=\"wp-block-list\">\n<li><strong>EN 15194<\/strong> - Regolamento europeo sulla sicurezza delle e-bike, include i requisiti di illuminazione<\/li>\n\n\n\n<li><strong>StVZO<\/strong> - Norma tedesca sull'illuminazione per uso stradale (se si esporta o si vende in Germania)<\/li>\n\n\n\n<li><strong>UN ECE R113<\/strong> - Per i modelli di fascio e la diffusione della luce, particolarmente importanti per i veicoli elettrici di grandi dimensioni<\/li>\n\n\n\n<li><strong>RoHS \/ CE<\/strong> - Sicurezza dei componenti elettrici e conformit\u00e0 ambientale<\/li>\n<\/ul>\n\n\n\n<hr class=\"wp-block-separator has-alpha-channel-opacity\"\/>\n\n\n\t\t<div data-elementor-type=\"section\" data-elementor-id=\"1414\" class=\"elementor elementor-1414\" data-elementor-post-type=\"elementor_library\">\n\t\t\t<div class=\"elementor-element elementor-element-7bf5eb01 e-flex e-con-boxed e-con e-parent\" data-id=\"7bf5eb01\" data-element_type=\"container\" data-e-type=\"container\" data-settings=\"{&quot;background_background&quot;:&quot;classic&quot;,&quot;ekit_has_onepagescroll_dot&quot;:&quot;yes&quot;}\">\n\t\t\t\t\t<div class=\"e-con-inner\">\n\t\t<div class=\"elementor-element elementor-element-9fc34e2 e-con-full e-flex e-con e-child\" data-id=\"9fc34e2\" data-element_type=\"container\" data-e-type=\"container\" data-settings=\"{&quot;background_background&quot;:&quot;classic&quot;,&quot;ekit_has_onepagescroll_dot&quot;:&quot;yes&quot;}\">\n\t\t\t\t<div class=\"elementor-element elementor-element-af4e700 elementor-absolute elementor-widget elementor-widget-image\" data-id=\"af4e700\" data-element_type=\"widget\" data-e-type=\"widget\" data-settings=\"{&quot;_position&quot;:&quot;absolute&quot;}\" data-widget_type=\"image.default\">\n\t\t\t\t<div class=\"elementor-widget-container\">\n\t\t\t\t\t\t\t\t\t\t\t\t\t\t\t<img fetchpriority=\"high\" decoding=\"async\" width=\"800\" height=\"422\" src=\"https:\/\/regencargobikes.com\/wp-content\/uploads\/2025\/05\/regen-02-electric-cargo-bike-.webp\" class=\"attachment-large size-large wp-image-1398\" alt=\"bici da carico elettrica regen 02\" srcset=\"https:\/\/regencargobikes.com\/wp-content\/uploads\/2025\/05\/regen-02-electric-cargo-bike-.webp 1000w, https:\/\/regencargobikes.com\/wp-content\/uploads\/2025\/05\/regen-02-electric-cargo-bike--300x158.webp 300w, https:\/\/regencargobikes.com\/wp-content\/uploads\/2025\/05\/regen-02-electric-cargo-bike--768x405.webp 768w, https:\/\/regencargobikes.com\/wp-content\/uploads\/2025\/05\/regen-02-electric-cargo-bike--18x9.webp 18w\" sizes=\"(max-width: 800px) 100vw, 800px\" \/>\t\t\t\t\t\t\t\t\t\t\t\t\t\t\t<\/div>\n\t\t\t\t<\/div>\n\t\t\t\t<\/div>\n\t\t<div class=\"elementor-element elementor-element-7de8cd9d e-con-full e-flex e-con e-child\" data-id=\"7de8cd9d\" data-element_type=\"container\" data-e-type=\"container\" data-settings=\"{&quot;ekit_has_onepagescroll_dot&quot;:&quot;yes&quot;}\">\n\t\t\t\t<div class=\"elementor-element elementor-element-308b8d20 elementor-widget elementor-widget-elementskit-heading\" data-id=\"308b8d20\" data-element_type=\"widget\" data-e-type=\"widget\" data-widget_type=\"elementskit-heading.default\">\n\t\t\t\t<div class=\"elementor-widget-container\">\n\t\t\t\t\t<div class=\"ekit-wid-con\" ><div class=\"ekit-heading elementskit-section-title-wraper text_left   ekit_heading_tablet-   ekit_heading_mobile-text_center\"><h3 class=\"elementskit-section-subtitle\">\n\t\t\t\t\t\tRegen 02 E-Cargo Bike\n\t\t\t\t\t<\/h3><h2 class=\"ekit-heading--title elementskit-section-title\">Cerchi una lavastoviglie a carica frontale compatta e personalizzabile per il tuo marchio?<\/h2>\t\t\t\t<div class='ekit-heading__description'>\n\t\t\t\t\t<p class=\"p1\">Testato dal T\u00dcV attraverso precedenti progetti personalizzati. Modello disponibile al pubblico: configurabile, collaudato e pronto per la scalabilit\u00e0.<\/p>\n\t\t\t\t<\/div>\n\t\t\t<\/div><\/div>\t\t\t\t<\/div>\n\t\t\t\t<\/div>\n\t\t\t\t<div class=\"elementor-element elementor-element-bf516c8 elementor-align-left elementor-align--mobilecenter elementor-widget elementor-widget-elementskit-button\" data-id=\"bf516c8\" data-element_type=\"widget\" data-e-type=\"widget\" data-widget_type=\"elementskit-button.default\">\n\t\t\t\t<div class=\"elementor-widget-container\">\n\t\t\t\t\t<div class=\"ekit-wid-con\" >\t\t<div class=\"ekit-btn-wraper\">\n\t\t\t\t\t\t\t<a href=\"https:\/\/regencargobikes.com\/it\/long-john-cargo-bike-regen-02\/\" class=\"elementskit-btn  whitespace--normal\" id=\"\">\n\t\t\t\t\tSaperne di pi\u00f9\t\t\t\t<\/a>\n\t\t\t\t\t<\/div>\n        <\/div>\t\t\t\t<\/div>\n\t\t\t\t<\/div>\n\t\t\t\t<\/div>\n\t\t\t\t\t<\/div>\n\t\t\t\t<\/div>\n\t\t\t\t<\/div>\n\t\t\n\n\n\n<h2 class=\"wp-block-heading\"><strong>Quali sono le caratteristiche di una buona luce anteriore per bici da carico?<\/strong><\/h2>\n\n\n\n<p>Un buon fanale anteriore per cargo bike \u00e8 fondamentale per la sicurezza, soprattutto in considerazione delle dimensioni e dei carichi pi\u00f9 pesanti tipici delle cargo bike. Ecco una panoramica di ci\u00f2 che rende efficace una luce:<\/p>\n\n\n\n<h3 class=\"wp-block-heading\"><strong>1. Luminosit\u00e0 (Lumen\/Lux in uscita):<\/strong><\/h3>\n\n\n\n<ul class=\"wp-block-list\">\n<li><strong>Alta luminosit\u00e0:<\/strong> Le cargo bike hanno bisogno di una potenza luminosa significativa per illuminare il percorso da seguire, in particolare quando trasportano carichi pesanti che potrebbero oscurare la strada o quando si viaggia in aree con illuminazione stradale limitata. Mentre per le biciclette normali viene spesso indicato un minimo di 100-200 lumen, le cargo bike traggono grande vantaggio da una potenza maggiore, spesso dell'ordine di <strong>Gamma di 500-1000 lumen<\/strong>soprattutto per strade o sentieri non illuminati. Alcune luci specifiche per e-bike possono arrivare a 1800 lumen o pi\u00f9.<\/li>\n\n\n\n<li><strong>Lux vs. Lumen:<\/strong> Mentre i lumen misurano l'emissione luminosa totale, i lux misurano l'intensit\u00e0 della luce a una distanza e in un'area specifiche. Le luci progettate con un buon fascio di luce (vedi sotto) possono avere lumen pi\u00f9 bassi, ma fornire comunque un'illuminazione eccellente dove \u00e8 pi\u00f9 necessaria grazie all'ottimizzazione dei lux.<\/li>\n<\/ul>\n\n\n\n<h3 class=\"wp-block-heading\"><strong>2. Schema del fascio:<\/strong><\/h3>\n\n\n\n<ul class=\"wp-block-list\">\n<li><strong>Diffusione ampia e uniforme:<\/strong> A differenza delle bici da strada, che potrebbero beneficiare di un fascio di luce pi\u00f9 mirato per la velocit\u00e0, le bici da carico hanno bisogno di un fascio di luce ampio e uniforme per illuminare l'area pi\u00f9 ampia davanti alla bici, compresa la zona di carico e i potenziali ostacoli ai lati.<\/li>\n\n\n\n<li><strong>Fascio di taglio (conforme a StVZO):<\/strong> Le luci con un fascio di luce orizzontale sono altamente raccomandate, soprattutto se si pedala nel traffico. Questo design dirige la luce sulla strada ed evita di accecare i ciclisti e gli automobilisti in arrivo. Si tratta di una caratteristica comune alle luci conformi alla normativa europea (StVZO).<\/li>\n\n\n\n<li><strong>Nessun punto caldo:<\/strong> Un buon fascio di luce deve essere omogeneo e costante, senza \"punti caldi\" troppo luminosi che possono creare ombre e ridurre la visibilit\u00e0 complessiva.<\/li>\n<\/ul>\n\n\n\n<h3 class=\"wp-block-heading\"><strong>3. Fonte di alimentazione e tempo di esecuzione:<\/strong><\/h3>\n\n\n\n<ul class=\"wp-block-list\">\n<li><strong>Alimentazione a batteria (ricaricabile):<\/strong> Molte delle moderne luci per cargo bike sono ricaricabili tramite USB. Cercate una lunga autonomia, soprattutto se fate viaggi lunghi o se dimenticate spesso di ricaricare. L'USB-C \u00e8 un comodo standard di ricarica.<\/li>\n\n\n\n<li><strong>Alimentazione a dinamo:<\/strong> Per una maggiore comodit\u00e0 e un'illuminazione \"sempre accesa\", un mozzo dinamo integrato nella ruota anteriore \u00e8 un'opzione eccellente. Genera energia mentre si pedala, eliminando la necessit\u00e0 di ricaricare la batteria. Questa soluzione \u00e8 particolarmente diffusa nelle biciclette cargo europee.<\/li>\n\n\n\n<li><strong>E-Bike integrata:<\/strong> Se avete una bicicletta da carico elettronica, cercate luci progettate per integrarsi direttamente con il sistema di batterie della vostra e-bike. Queste luci spesso offrono una potenza maggiore e costante senza bisogno di batterie separate. Assicuratevi che la tensione della luce corrisponda al sistema della vostra e-bike (ad esempio, 12V, 24V, 36V, 48V).<\/li>\n<\/ul>\n\n\n\n<h3 class=\"wp-block-heading\"><strong>4. Opzioni di montaggio:<\/strong><\/h3>\n\n\n\n<ul class=\"wp-block-list\">\n<li><strong>Sicuro e stabile:<\/strong> Le moto da carico sono spesso soggette a maggiori vibrazioni e a impatti pi\u00f9 pesanti. Il fanale deve essere montato in modo sicuro per resistere a queste forze e mantenere il suo scopo.<\/li>\n\n\n\n<li><strong>Collocazione appropriata:<\/strong> Considerate dove verr\u00e0 montata la luce sulla vostra specifica cargo bike. Alcune cargo bike dispongono di punti di montaggio dedicati, mentre altre possono richiedere soluzioni creative. Un punto di montaggio pi\u00f9 alto pu\u00f2 spesso migliorare la visibilit\u00e0 per il ciclista e per gli altri utenti della strada.<\/li>\n\n\n\n<li><strong>Liquidazione:<\/strong> Assicuratevi che la luce non interferisca con il carico, lo sterzo o altri accessori.<\/li>\n<\/ul>\n\n\n\n<h3 class=\"wp-block-heading\"><strong>5. Durata e resistenza agli agenti atmosferici:<\/strong><\/h3>\n\n\n\n<ul class=\"wp-block-list\">\n<li><strong>Costruzione robusta:<\/strong> Una luce per cargo bike deve essere costruita per durare nel tempo, con un involucro resistente (spesso in alluminio) per sopportare l'uso quotidiano e gli eventuali urti.<\/li>\n\n\n\n<li><strong>Impermeabile\/Resistente agli agenti atmosferici:<\/strong> Cercate un grado di protezione IPX4 o superiore per garantire che la luce possa resistere alla pioggia e agli schizzi.<\/li>\n<\/ul>\n\n\n\n<h3 class=\"wp-block-heading\"><strong>6. Caratteristiche aggiuntive:<\/strong><\/h3>\n\n\n\n<ul class=\"wp-block-list\">\n<li><strong>Modalit\u00e0 multiple:<\/strong> Sebbene un fascio luminoso forte e costante sia essenziale per vedere, le modalit\u00e0 lampeggianti possono aumentare la visibilit\u00e0 per gli altri durante le ore diurne o in ambienti urbani trafficati. Alcune luci offrono anche una modalit\u00e0 \"adattiva\" che regola la luminosit\u00e0 in base alla luce ambientale.<\/li>\n\n\n\n<li><strong>Luce di marcia diurna (DRL):<\/strong> Gli studi dimostrano che l'uso delle luci durante il giorno pu\u00f2 ridurre significativamente il rischio di collisioni. Una modalit\u00e0 DRL dedicata, spesso un flash meno intenso ma molto visibile, \u00e8 una caratteristica preziosa.<\/li>\n\n\n\n<li><strong>Visibilit\u00e0 laterale:<\/strong> I fari con aperture laterali o LED aggiuntivi rivolti lateralmente possono migliorare la visibilit\u00e0 da angolazioni diverse da quella frontale, il che \u00e8 importante per la sicurezza agli incroci.<\/li>\n\n\n\n<li><strong>Funzionalit\u00e0 della banca di alimentazione:<\/strong> Alcune luci a batteria fungono anche da power bank, consentendo di ricaricare il telefono o altri dispositivi in movimento.<\/li>\n\n\n\n<li><strong>Interfaccia utente semplice:<\/strong> I pulsanti semplici e adatti ai guanti e la selezione chiara delle modalit\u00e0 sono un vantaggio.<\/li>\n\n\n\n<li><\/li>\n<\/ul>\n\n\n\n<h2 class=\"wp-block-heading\"><strong>Dove va montata la luce anteriore?<\/strong><\/h2>\n\n\n\n<p>Un posizionamento corretto garantisce la sicurezza ed evita l'ombra. Ecco le opzioni pi\u00f9 comuni:<\/p>\n\n\n\n<figure class=\"wp-block-table\"><table class=\"has-fixed-layout\"><thead><tr><th><strong>Posizione di montaggio<\/strong><\/th><th><strong>Professionisti<\/strong><\/th><th><strong>Contro<\/strong><\/th><\/tr><\/thead><tbody><tr><td><strong>Montaggio su manubrio<\/strong><\/td><td>Facile da installare e regolare<\/td><td>Pu\u00f2 creare ombre in avanti se il carico ostruisce la strada.<\/td><\/tr><tr><td><strong>Corona della forcella<\/strong><\/td><td>Illuminazione costante, basso abbagliamento<\/td><td>Pu\u00f2 oscillare su terreni sconnessi<\/td><\/tr><tr><td><strong>Portabagagli o tubo di sterzo<\/strong><\/td><td>Si allinea all'altezza del carico<\/td><td>Richiede staffe personalizzate<\/td><\/tr><\/tbody><\/table><\/figure>\n\n\n\n<p>Per biciclette da carico a caricamento frontale, <strong>le luci del manubrio possono essere insufficienti<\/strong>. Raccomandiamo spesso <strong>sistemi di illuminazione doppia<\/strong>:<\/p>\n\n\n\n<ul class=\"wp-block-list\">\n<li>Luce primaria accesa <strong>portacarichi o telaio<\/strong><\/li>\n\n\n\n<li>Luce secondaria accesa <strong>manubrio<\/strong><\/li>\n<\/ul>\n\n\n\n<h2 class=\"wp-block-heading\"><strong>Come <a href=\"https:\/\/regencargobikes.com\/it\/about\/\" data-type=\"page\" data-id=\"171\">Regen <\/a>Aiuti: Illuminazione modulare, alimentazione integrata e conformit\u00e0<\/strong><\/h2>\n\n\n\n<p>Progettiamo le cargo bike Regen tenendo conto dell'integrazione dell'illuminazione:<\/p>\n\n\n\n<ul class=\"wp-block-list\">\n<li><strong>Montaggio personalizzato delle luci<\/strong> per Long Johns, trike e step-through<\/li>\n\n\n\n<li><strong>Cablaggio impermeabile<\/strong> (IP65+) e cablaggio pre-fusibile<\/li>\n\n\n\n<li><strong>Gestione dell'alimentazione a livello di sistema<\/strong> per evitare di scaricare la batteria<\/li>\n\n\n\n<li><strong>Opzioni conformi a StVZO e EN 15194<\/strong> per i clienti dell'UE<\/li>\n\n\n\n<li>Opzionale <strong>DRL, commutazione abbaglianti\/anabbaglianti<\/strong>, E <strong>sensori di luce automatica<\/strong><\/li>\n<\/ul>\n\n\n\n<p>E per i partner OEM\/ODM, offriamo <strong>Integrazione su misura delle luci anteriori<\/strong> a seconda della geometria del telaio, dell'estetica del marchio e degli scenari di utilizzo.<\/p>\n\n\n\n<p>\ud83d\udce9 <a href=\"https:\/\/regencargobikes.com\/it\/contact\/\" data-type=\"page\" data-id=\"177\"><strong>Contattateci ora<\/strong><\/a> per discutere del vostro progetto.<\/p>\n\n\n\n<hr class=\"wp-block-separator has-alpha-channel-opacity\"\/>\n\n\n\n<h2 class=\"wp-block-heading\"><strong>Riferimenti<\/strong><\/h2>\n\n\n\n<ul class=\"wp-block-list\">\n<li>Comitato europeo di normalizzazione (CEN). (2021). <em>EN 15194: Cicli assistiti elettricamente (EPAC) - EPAC - Requisiti di sicurezza e metodi di prova.<\/em><\/li>\n\n\n\n<li>Ministero federale dei Trasporti e delle Infrastrutture digitali (Germania). (2022). <em>StVZO - Stra\u00dfenverkehrs-Zulassungs-Ordnung.<\/em><\/li>\n\n\n\n<li>Studio sui fasci luminosi delle biciclette e sulla sicurezza - Federazione tedesca dei ciclisti (ADFC), 2020.<\/li>\n<\/ul>","protected":false},"excerpt":{"rendered":"<p>At Regen, where we design and manufacture complete cargo bike systems for families and fleets, we often get asked about front lighting \u2014 especially as riders begin commuting at dusk, navigating low-light city alleys, or delivering across darker rural routes. Lighting is not just about visibility; it\u2019s about road legality, rider safety, and even battery [&hellip;]<\/p>\n","protected":false},"author":2,"featured_media":1740,"comment_status":"open","ping_status":"closed","sticky":false,"template":"","format":"standard","meta":{"footnotes":""},"categories":[2],"tags":[],"class_list":["post-1739","post","type-post","status-publish","format-standard","has-post-thumbnail","hentry","category-knowledge"],"_links":{"self":[{"href":"https:\/\/regencargobikes.com\/it\/wp-json\/wp\/v2\/posts\/1739","targetHints":{"allow":["GET"]}}],"collection":[{"href":"https:\/\/regencargobikes.com\/it\/wp-json\/wp\/v2\/posts"}],"about":[{"href":"https:\/\/regencargobikes.com\/it\/wp-json\/wp\/v2\/types\/post"}],"author":[{"embeddable":true,"href":"https:\/\/regencargobikes.com\/it\/wp-json\/wp\/v2\/users\/2"}],"replies":[{"embeddable":true,"href":"https:\/\/regencargobikes.com\/it\/wp-json\/wp\/v2\/comments?post=1739"}],"version-history":[{"count":1,"href":"https:\/\/regencargobikes.com\/it\/wp-json\/wp\/v2\/posts\/1739\/revisions"}],"predecessor-version":[{"id":1741,"href":"https:\/\/regencargobikes.com\/it\/wp-json\/wp\/v2\/posts\/1739\/revisions\/1741"}],"wp:featuredmedia":[{"embeddable":true,"href":"https:\/\/regencargobikes.com\/it\/wp-json\/wp\/v2\/media\/1740"}],"wp:attachment":[{"href":"https:\/\/regencargobikes.com\/it\/wp-json\/wp\/v2\/media?parent=1739"}],"wp:term":[{"taxonomy":"category","embeddable":true,"href":"https:\/\/regencargobikes.com\/it\/wp-json\/wp\/v2\/categories?post=1739"},{"taxonomy":"post_tag","embeddable":true,"href":"https:\/\/regencargobikes.com\/it\/wp-json\/wp\/v2\/tags?post=1739"}],"curies":[{"name":"wp","href":"https:\/\/api.w.org\/{rel}","templated":true}]}}