{"id":1766,"date":"2025-07-29T04:04:42","date_gmt":"2025-07-28T20:04:42","guid":{"rendered":"https:\/\/regencargobikes.com\/?p=1766"},"modified":"2025-07-29T04:04:44","modified_gmt":"2025-07-28T20:04:44","slug":"e-cargo-bike-current-policy-landscape-and-enabling-activities-across-the-eu","status":"publish","type":"post","link":"https:\/\/regencargobikes.com\/it\/e-cargo-bike-current-policy-landscape-and-enabling-activities-across-the-eu\/","title":{"rendered":"E Cargo Bike L'attuale panorama politico e le attivit\u00e0 di abilitazione in tutta l'UE"},"content":{"rendered":"<p>L'adozione delle cargo bike in Europa non avviene in modo isolato. Un ecosistema di politiche robusto e ben coordinato a livello di <strong>Livelli UE, nazionale e cittadino<\/strong> sta guidando questa transizione, con il supporto di <strong>incentivi finanziari, sviluppo di infrastrutture, programmi pilota e partenariati pubblico-privati.<\/strong>. Insieme, queste iniziative creano le condizioni affinch\u00e9 le cargo bike diventino una soluzione mainstream per la mobilit\u00e0 urbana e la logistica.<\/p>\n\n\n\n<hr class=\"wp-block-separator has-alpha-channel-opacity\"\/>\n\n\n\n<h2 class=\"wp-block-heading\"><strong>2.1 Quadri e direttive dell'Unione Europea in materia di cargo bike<\/strong><\/h2>\n\n\n\n<p>Al livello pi\u00f9 alto, l'Unione Europea ha definito una <strong>mandato strategico<\/strong> per l'adozione delle cargo bike attraverso una serie di quadri e direttive. Queste politiche sono fondamentali per fornire indicazioni e coerenza agli Stati membri e ai governi locali.<\/p>\n\n\n\n<p><strong>Panoramica dei principali programmi di sovvenzione per le biciclette da carico in alcuni paesi\/citt\u00e0 dell'UE (2024-2025)<\/strong><\/p><div class=\"regen-test-placement-from-wizard-1604397851\" id=\"regen-1540901574\"><script async src=\"https:\/\/pagead2.googlesyndication.com\/pagead\/js\/adsbygoogle.js?client=ca-pub-1076230867169041\"\n     crossorigin=\"anonymous\"><\/script><\/div><div class=\"regen-test-placement-from-wizard-2878267818\" id=\"regen-1241013690\"><script async src=\"https:\/\/pagead2.googlesyndication.com\/pagead\/js\/adsbygoogle.js?client=ca-pub-1076230867169041\"\n     crossorigin=\"anonymous\"><\/script><\/div>\n\n\n\n<figure class=\"wp-block-table\"><table class=\"has-fixed-layout\"><tbody><tr><td>Posizione<\/td><td>Nome del programma<\/td><td>Gruppo target<\/td><td>Tipo di bicicletta<\/td><td>Importo\/Meccanismo di sovvenzione<\/td><td>Criteri di idoneit\u00e0 fondamentali<\/td><\/tr><tr><td>Austria (Salisburgo)<\/td><td>Finanziamento per rimorchi per biciclette e biciclette da carico<\/td><td>Privati<\/td><td>Biciclette da carico, biciclette da e-cargo, rimorchi per biciclette<\/td><td>30% di nuovo prezzo: fino a 250 euro (rimorchio), 800 euro (cargo), 1.000 euro (e-cargo)<\/td><td>Ha vissuto a Salisburgo per \u22651 anno<\/td><\/tr><tr><td>Austria (Vienna)<\/td><td>Sovvenzione per biciclette da trasporto per privati<\/td><td>Privati, aziende, organizzazioni non profit<\/td><td>Non elettrico, elettrico<\/td><td>50% del prezzo di acquisto: fino a 800 euro (non elettrico), 1.000 euro (elettrico); maggiore per le imprese<\/td><td>Prova di acquisto, residenza\/registrazione a Vienna<\/td><\/tr><tr><td>Austria (Stoccarda)<\/td><td>Programma di sovvenzione per biciclette elettriche da carico<\/td><td>Famiglie, genitori single<\/td><td>Biciclette E-Cargo<\/td><td>Fino a 1.100 euro (600 euro in anticipo, 500 euro dopo 3 anni)<\/td><td>Situazione familiare specifica<\/td><\/tr><tr><td>Austria (Nazionale)<\/td><td>Programma Klimaaktiv<\/td><td>Privati, aziende, comuni e associazioni<\/td><td>Biciclette elettriche, biciclette da carico, biciclette pieghevoli<\/td><td>Fino a 900 euro (biciclette per il trasporto privato); 30% dei costi (aziende\/comuni, min. 5 biciclette elettriche)<\/td><td>Soddisfa la capacit\u00e0 di carico\/dimensioni specifiche; le domande sono aperte fino al 28 febbraio 2025.<\/td><\/tr><tr><td>Germania (Federale)<\/td><td>Fondo per la concessione di biciclette E-Cargo<\/td><td>Aziende private, istituzioni pubbliche<\/td><td>Biciclette da e-cargo, rimorchi da e-cargo<\/td><td>25% dei costi di acquisto, massimo 3.500 euro per bicicletta\/rimorchio<\/td><td>Trasporto merci in vari settori<\/td><\/tr><tr><td>Italia (Nazionale)<\/td><td>Legge di bilancio 2021 Credito d'imposta<\/td><td>Micro e piccole imprese<\/td><td>Muscolare, a pedalata assistita<\/td><td>30% credito d'imposta, fino a 2.000 euro all'anno<\/td><td>Societ\u00e0 che svolgono attivit\u00e0 di trasporto merci<\/td><\/tr><tr><td>Paesi Bassi (Nazionale)<\/td><td>Schemi MIA e Vamil (2025)<\/td><td>Aziende<\/td><td>Biciclette da carico elettriche (anche ad energia solare)<\/td><td>MIA: fino a 45% di deduzione; Vamil: 75% di ammortamento flessibile<\/td><td>Peso minimo a vuoto 75 kg; solare: min 400 W di picco integrato<\/td><\/tr><\/tbody><\/table><\/figure>\n\n\n\n<hr class=\"wp-block-separator has-alpha-channel-opacity\"\/>\n\n\n\n<h3 class=\"wp-block-heading\"><strong>Il Green Deal europeo: promuovere una mobilit\u00e0 neutrale dal punto di vista climatico<\/strong><\/h3>\n\n\n\n<p>IL <strong>Il Green Deal europeo<\/strong> stabilisce l'obiettivo ambizioso di rendere l'Europa il primo continente neutrale dal punto di vista climatico entro <strong>2050<\/strong>, che richiede un <strong>90% riduzione delle emissioni di CO\u2082 del settore dei trasporti<\/strong>. Le cargo bike svolgono un ruolo centrale nella realizzazione di questa visione, sostituendo i veicoli ad alte emissioni nelle aree urbane.<\/p>\n\n\n\n<blockquote class=\"wp-block-quote is-layout-flow wp-block-quote-is-layout-flow\">\n<p><\/p>\n<\/blockquote>\n\n\n\n<hr class=\"wp-block-separator has-alpha-channel-opacity\"\/>\n\n\n\n<h3 class=\"wp-block-heading\"><strong>Strategia di mobilit\u00e0 sostenibile e intelligente<\/strong><\/h3>\n\n\n\n<p>Adottato in <strong>Dicembre 2020<\/strong>, IL <strong>Strategia di mobilit\u00e0 sostenibile e intelligente<\/strong> offre una tabella di marcia per la trasformazione verde e digitale dei trasporti dell'UE. Le sue politiche influenzano le azioni attraverso <strong>2024 e oltre<\/strong>, concentrandosi su <strong>integrazione multimodale, veicoli a zero emissioni e decarbonizzazione della logistica urbana<\/strong>, che supportano direttamente l'adozione delle cargo bike.<\/p>\n\n\n\n<hr class=\"wp-block-separator has-alpha-channel-opacity\"\/>\n\n\n\n<h3 class=\"wp-block-heading\"><strong>Dichiarazione europea sulla bicicletta (2024)<\/strong><\/h3>\n\n\n\n<p>In <strong>Aprile 2024<\/strong>, la Commissione europea, il Parlamento e il Consiglio hanno adottato congiuntamente il documento <strong>Dichiarazione europea sulla bicicletta<\/strong>Un impegno politico fondamentale che riconosce formalmente il ciclismo come una <strong>modalit\u00e0 di trasporto a tutti gli effetti<\/strong>.<\/p>\n\n\n\n<ul class=\"wp-block-list\">\n<li>Contiene <strong>otto principi fondamentali<\/strong> E <strong>36 impegni<\/strong> finalizzato all'integrazione della bicicletta nella politica dei trasporti e delle infrastrutture.<\/li>\n\n\n\n<li>Fornisce un forte segnale politico e un quadro di riferimento per <strong>politiche ciclistiche nazionali e locali<\/strong>.<\/li>\n<\/ul>\n\n\n\n<hr class=\"wp-block-separator has-alpha-channel-opacity\"\/>\n\n\n\n<h3 class=\"wp-block-heading\"><strong>Gruppo di esperti sulla mobilit\u00e0 urbana (EGUM) e SULPs<\/strong><\/h3>\n\n\n\n<p>IL <strong>Gruppo di esperti sulla mobilit\u00e0 urbana (EGUM)<\/strong> \u00e8 stato determinante nel trasformare le politiche di alto livello in strategie operative.<\/p>\n\n\n\n<ul class=\"wp-block-list\">\n<li>Il suo <strong>Programma di lavoro 2023-2024<\/strong> includeva raccomandazioni per <strong>Piani di logistica urbana sostenibile (SULP)<\/strong>, adottato formalmente in <strong>Dicembre 2024<\/strong>.<\/li>\n\n\n\n<li>Le linee guida aggiornate integrano ora nuovi elementi come:\n<ul class=\"wp-block-list\">\n<li>Dinamiche del mercato immobiliare<\/li>\n\n\n\n<li>Fornitura di energia per la mobilit\u00e0 elettrica<\/li>\n\n\n\n<li>Principi dell'economia circolare<\/li>\n\n\n\n<li>Strumenti avanzati di digitalizzazione (ad es, <strong>Gemelli digitali e IA<\/strong>)<\/li>\n<\/ul>\n<\/li>\n<\/ul>\n\n\n\n<p>Questi SULP forniscono alle citt\u00e0 un quadro di riferimento per ottimizzare i sistemi di trasporto urbano delle merci, riducendo al contempo le emissioni e la congestione.<\/p>\n\n\n\n<hr class=\"wp-block-separator has-alpha-channel-opacity\"\/>\n\n\n\n<h3 class=\"wp-block-heading\"><strong>Progetti e iniziative finanziati dall'UE<\/strong><\/h3>\n\n\n\n<p><strong>Programmi di finanziamento dell'UE<\/strong> svolgono un ruolo cruciale nel sostenere progetti pilota, trasferimento di conoscenze e campagne di sensibilizzazione:<\/p>\n\n\n\n<ul class=\"wp-block-list\">\n<li><strong>Bicicletta da carico City Changer (CCCB)<\/strong>:\n<ul class=\"wp-block-list\">\n<li>Coinvolge <strong>Oltre 20 partner europei<\/strong>promuovere l'uso delle cargo bike attraverso la formazione, i programmi di prova e i modelli di finanziamento innovativi.<\/li>\n\n\n\n<li>Si concentra sulla riduzione delle barriere all'adozione per gli utenti pubblici, privati e commerciali.<\/li>\n<\/ul>\n<\/li>\n\n\n\n<li><strong>Iniziativa CIVITAS<\/strong>:\n<ul class=\"wp-block-list\">\n<li>Evidenzia le cargo bike come soluzione per le sfide urbane come la congestione, la scarsa qualit\u00e0 dell'aria e il rumore.<\/li>\n\n\n\n<li>Fornisce ricerca, buone pratiche e supporto alle citt\u00e0 che sperimentano programmi di cargo bike.<\/li>\n<\/ul>\n<\/li>\n<\/ul>\n\n\n\n<p>Questi progetti a livello europeo amplificano la portata delle iniziative nazionali e locali, garantendo coerenza e una pi\u00f9 rapida adozione.<\/p>\n\n\n\n<hr class=\"wp-block-separator has-alpha-channel-opacity\"\/>\n\n\n\n<h3 class=\"wp-block-heading\"><strong>Sintesi: un impegno coeso dall'alto verso il basso<\/strong><\/h3>\n\n\n\n<p>L'adozione della Dichiarazione dell'UE sulla mobilit\u00e0 ciclistica (2024), le raccomandazioni dell'EGUM sul SULP e il Green Deal generale dimostrano che la politica di mobilit\u00e0 ciclistica dell'Unione europea \u00e8 un'iniziativa di grande importanza. <strong>sforzo strategico coeso e dall'alto verso il basso<\/strong> per l'integrazione delle biciclette da carico. Questi quadri forniscono un chiaro mandato per <strong>governi nazionali e locali<\/strong> ad agire, favorendo l'allineamento tra gli Stati membri e accelerando l'adozione.<\/p>\n\n\n\n<hr class=\"wp-block-separator has-alpha-channel-opacity\"\/>\n\n\n\n<h2 class=\"wp-block-heading\"><strong>2.2 Politiche e buone pratiche a livello nazionale e cittadino<\/strong><\/h2>\n\n\n\n<p>Mentre i quadri di riferimento a livello europeo definiscono la direzione strategica, <strong>governi nazionali e singole citt\u00e0<\/strong> stanno promuovendo l'adozione attraverso misure concrete. Queste misure vanno da <strong>incentivi e sovvenzioni finanziarie<\/strong> A <strong>investimenti infrastrutturali, micro-hub e programmi di integrazione della flotta<\/strong>.<\/p>\n\n\n\n<hr class=\"wp-block-separator has-alpha-channel-opacity\"\/>\n\n\n\n<h3 class=\"wp-block-heading\"><strong>Incentivi finanziari e sussidi<\/strong><\/h3>\n\n\n\n<p>I costi iniziali elevati rimangono un ostacolo all'adozione delle cargo bike, soprattutto per le aziende e le famiglie. Molti governi europei hanno sviluppato <strong>sofisticati programmi di sovvenzione<\/strong> per rendere le cargo bike pi\u00f9 accessibili:<\/p>\n\n\n\n<h4 class=\"wp-block-heading\"><strong>Germania<\/strong><\/h4>\n\n\n\n<ul class=\"wp-block-list\">\n<li>Le sovvenzioni federali coprono <strong>fino a 25%<\/strong> dei costi di acquisto delle e-cargo bike.<\/li>\n<\/ul>\n\n\n\n<h4 class=\"wp-block-heading\"><strong>Austria<\/strong><\/h4>\n\n\n\n<ul class=\"wp-block-list\">\n<li><strong>Salisburgo<\/strong>: Sovvenzione 30% (fino a 250 euro per i rimorchi, 800 euro per le biciclette da carico, 1.000 euro per le biciclette da carico elettronico).<\/li>\n\n\n\n<li><strong>Vienna<\/strong>: 50% (fino a 1.000 euro per le e-cargo bike), con sovvenzioni pi\u00f9 elevate per le imprese e le organizzazioni non profit.<\/li>\n\n\n\n<li><strong>Stoccarda<\/strong>: Fino a <strong>\u20ac1,100<\/strong> per famiglie\/genitori single, con pagamenti scaglionati (600 euro in anticipo, 500 euro dopo tre anni).<\/li>\n\n\n\n<li>Nazionale <strong>Programma Klimaaktiv<\/strong>:\n<ul class=\"wp-block-list\">\n<li>Fino a <strong>\u20ac900<\/strong> per biciclette da carico private<\/li>\n\n\n\n<li>30% di costi per aziende e comuni (min. 5 biciclette elettriche)<\/li>\n<\/ul>\n<\/li>\n\n\n\n<li><strong>Graz<\/strong>: Un pioniere delle sovvenzioni dal 2011, che offre <strong>\u20ac1,000<\/strong> per biciclette da carico commerciali o condivise.<\/li>\n<\/ul>\n\n\n\n<h4 class=\"wp-block-heading\"><strong>Italia<\/strong><\/h4>\n\n\n\n<ul class=\"wp-block-list\">\n<li>Offre un <strong>Credito d'imposta 30% (fino a 2.000 euro all'anno)<\/strong> per le micro e piccole imprese che acquistano cargo bike, in base alla legge di bilancio 2021.<\/li>\n<\/ul>\n\n\n\n<h4 class=\"wp-block-heading\"><strong>Paesi Bassi<\/strong><\/h4>\n\n\n\n<ul class=\"wp-block-list\">\n<li>Esteso <strong>Detrazione per investimenti ambientali (MIA)<\/strong> E <strong>Vamil<\/strong> ammortamento fino al 2025:\n<ul class=\"wp-block-list\">\n<li>MIA: fino a <strong>45% detrazione fiscale<\/strong><\/li>\n\n\n\n<li>Vamil: <strong>75% ammortamento flessibile<\/strong><\/li>\n\n\n\n<li>L'ammissibilit\u00e0 include ora le biciclette da carico a energia solare e un peso minimo a vuoto (75 kg).<\/li>\n<\/ul>\n<\/li>\n\n\n\n<li>Olandese <strong>programma di biciclette aziendali<\/strong> consente ai dipendenti di accedere a vantaggi fiscali per l'acquisto di biciclette.<\/li>\n<\/ul>\n\n\n\n<blockquote class=\"wp-block-quote is-layout-flow wp-block-quote-is-layout-flow\">\n<p><strong>Suggerimento per l'immagine:<\/strong> Una tabella ben strutturata (come la Tabella 1 originale) che riassume i principali programmi di sovvenzione per cargo bike per paese\/citt\u00e0 (Austria, Germania, Italia, Paesi Bassi), compresi gli importi, i gruppi target e l'ammissibilit\u00e0.<\/p>\n<\/blockquote>\n\n\n\n<hr class=\"wp-block-separator has-alpha-channel-opacity\"\/>\n\n\n\n<h3 class=\"wp-block-heading\"><strong>Sviluppo dell'infrastruttura<\/strong><\/h3>\n\n\n\n<p>L'adozione dipende da <strong>infrastrutture in grado di accogliere le dimensioni e il peso delle biciclette da carico<\/strong>:<\/p>\n\n\n\n<ul class=\"wp-block-list\">\n<li><strong>Copenaghen:<\/strong>\n<ul class=\"wp-block-list\">\n<li>Aggiornato <em>Infrastrutture a misura di bicicletta 2024<\/em> standard:\n<ul class=\"wp-block-list\">\n<li>Piste ciclabili pi\u00f9 ampie<\/li>\n\n\n\n<li>Intersezioni migliorate<\/li>\n\n\n\n<li>Gradienti ottimizzati per le biciclette da carico pi\u00f9 pesanti<\/li>\n<\/ul>\n<\/li>\n\n\n\n<li>Risultati: <strong>49% di tutti gli spostamenti verso il lavoro o la scuola<\/strong> ora in bicicletta.<\/li>\n<\/ul>\n<\/li>\n\n\n\n<li><strong>Berlino:<\/strong>\n<ul class=\"wp-block-list\">\n<li>Introdotto <strong>piste ciclabili a scomparsa<\/strong> e sta implementando il suo <em>Legge sulla mobilit\u00e0 di Berlino<\/em>, un piano per diventare una \"citt\u00e0 ciclabile\".<\/li>\n<\/ul>\n<\/li>\n\n\n\n<li><strong>Amsterdam:<\/strong>\n<ul class=\"wp-block-list\">\n<li>Rimozione <strong>10.000 posti auto<\/strong> nel centro della citt\u00e0.<\/li>\n\n\n\n<li>Applicazione <strong>Zone a emissioni zero (ZEZ)<\/strong> in 14 citt\u00e0 olandesi da <strong>Gennaio 2025<\/strong>vietando l'uso di furgoni e camion inquinanti.<\/li>\n<\/ul>\n<\/li>\n\n\n\n<li><strong>Oslo e Helsinki:<\/strong>\n<ul class=\"wp-block-list\">\n<li>Investire in piste ciclabili dedicate al trasporto merci, parcheggi sicuri e stazioni di ricarica.<\/li>\n<\/ul>\n<\/li>\n\n\n\n<li><strong>Londra:<\/strong>\n<ul class=\"wp-block-list\">\n<li>Quadruplicare la rete ciclabile strategica per <strong>360 km<\/strong> nel 2024.<\/li>\n\n\n\n<li>Obiettivo: <strong>40% di residenti<\/strong> entro 400 metri da un percorso ciclabile entro il 2030.<\/li>\n<\/ul>\n<\/li>\n<\/ul>\n\n\n\n<blockquote class=\"wp-block-quote is-layout-flow wp-block-quote-is-layout-flow\">\n<p><strong>Suggerimento per l'immagine:<\/strong> Immagini affiancate: Le ampie piste ciclabili di Copenaghen e le zone di consegna urbane senza emissioni di Amsterdam.<\/p>\n<\/blockquote>\n\n\n\n<hr class=\"wp-block-separator has-alpha-channel-opacity\"\/>\n\n\n\n<h3 class=\"wp-block-heading\"><strong>Centri di consolidamento urbano (micro-hub)<\/strong><\/h3>\n\n\n\n<p>I micro-hub sono piccoli depositi in posizione strategica dove le merci vengono consolidate prima della consegna finale in cargo bike.<\/p>\n\n\n\n<ul class=\"wp-block-list\">\n<li><strong>Praga:<\/strong>\n<ul class=\"wp-block-list\">\n<li>Apertura di due depositi di biciclette da carico (2020, 2021), ciascuno dei quali gestisce <strong>7.000 ordini\/mese<\/strong>.<\/li>\n\n\n\n<li>Serve fino a <strong>8 aziende<\/strong> ed \u00e8 stato riconosciuto dal <strong>Premi Eurocities 2021<\/strong>.<\/li>\n<\/ul>\n<\/li>\n\n\n\n<li><strong>Berlino:<\/strong>\n<ul class=\"wp-block-list\">\n<li>Amazon ha aperto un hub per la micromobilit\u00e0 nei pressi di Alexanderplatz a <strong>Luglio 2024<\/strong>, con l'obiettivo di <strong>1,5 milioni di consegne di pacchi all'anno<\/strong> in cargo bike.<\/li>\n\n\n\n<li>Amazon ora opera <strong>Oltre 50 hub<\/strong> In <strong>Oltre 40 citt\u00e0 europee<\/strong>.<\/li>\n<\/ul>\n<\/li>\n\n\n\n<li><strong>Francoforte:<\/strong>\n<ul class=\"wp-block-list\">\n<li>Lanciato il <strong>UltimoMiglioTram<\/strong> progetto: i pacchi vengono consegnati in centro citt\u00e0 con il tram e poi distribuiti con le biciclette e-cargo.<\/li>\n<\/ul>\n<\/li>\n\n\n\n<li><strong>Gruppo REWE (Germania):<\/strong>\n<ul class=\"wp-block-list\">\n<li>Utilizza hub di cargo bike per le consegne di generi alimentari in citt\u00e0, gestiti da partner logistici specializzati.<\/li>\n<\/ul>\n<\/li>\n<\/ul>\n\n\n\n<blockquote class=\"wp-block-quote is-layout-flow wp-block-quote-is-layout-flow\">\n<p><strong>Suggerimento per l'immagine:<\/strong> Diagramma che mostra il flusso delle merci dai furgoni ai micro-hub alle cargo bike per la consegna dell'ultimo miglio.<\/p>\n<\/blockquote>\n\n\n\n<hr class=\"wp-block-separator has-alpha-channel-opacity\"\/>\n\n\n\n<h3 class=\"wp-block-heading\"><strong>Partenariati pubblico-privati e programmi pilota<\/strong><\/h3>\n\n\n\n<p>La collaborazione tra autorit\u00e0 pubbliche e operatori del settore privato accelera l'adozione:<\/p>\n\n\n\n<ul class=\"wp-block-list\">\n<li><strong>City Changer Cargo Bike (CCCB):<\/strong> Un partenariato a livello europeo che condivide le migliori pratiche e sostiene i progetti pilota.<\/li>\n\n\n\n<li><strong>Praga:<\/strong> Depositi di cargo bike creati grazie alla stretta collaborazione tra imprese di logistica e aziende cittadine.<\/li>\n\n\n\n<li><strong>Progetto bici cAIRgo di Bruxelles (2020-2023):<\/strong>\n<ul class=\"wp-block-list\">\n<li>Assistito <strong>Oltre 500 organizzazioni<\/strong> nel passare alle cargo bike.<\/li>\n\n\n\n<li>Fornisce formazione, informazioni e programmi di prova.<\/li>\n<\/ul>\n<\/li>\n\n\n\n<li><strong>Piano d'azione TfL Cargo Bike di Londra (2023):<\/strong>\n<ul class=\"wp-block-list\">\n<li>Supporta i piloti del trasporto intermodale (bici da carico + barche\/treni).<\/li>\n\n\n\n<li>Promuove le cargo bike nei quartieri a basso traffico.<\/li>\n<\/ul>\n<\/li>\n<\/ul>\n\n\n\n<hr class=\"wp-block-separator has-alpha-channel-opacity\"\/>\n\n\n\n<h3 class=\"wp-block-heading\"><strong>Integrazione della flotta comunale<\/strong><\/h3>\n\n\n\n<p>Molte citt\u00e0 sono <strong>dare il buon esempio<\/strong> sostituendo i propri veicoli di servizio comunale con biciclette da carico elettroniche:<\/p>\n\n\n\n<ul class=\"wp-block-list\">\n<li>Utilizzato per la logistica degli eventi cittadini, la gestione degli spazi verdi e il trasporto delle attrezzature.<\/li>\n\n\n\n<li>Bruxelles sta sperimentando programmi per sostituire completamente i furgoni comunali con biciclette cargo.<\/li>\n<\/ul>\n\n\n\n<p>Le politiche di approvvigionamento favoriscono sempre pi\u00f9 i fornitori in grado di <strong>consegna in cargo bike<\/strong>incentivando le aziende a passare al sistema.<\/p>\n\n\n\n<hr class=\"wp-block-separator has-alpha-channel-opacity\"\/>\n\n\n\n<h3 class=\"wp-block-heading\"><strong>Cargo Bike Sharing e schemi di prova<\/strong><\/h3>\n\n\n\n<p>I sistemi di bike sharing consentono agli utenti di provare le biciclette cargo senza impegnarsi nell'acquisto:<\/p>\n\n\n\n<ul class=\"wp-block-list\">\n<li>Germania e Austria: <strong>Oltre 70 iniziative guidate dalla comunit\u00e0<\/strong> dal 2013, tra cui <strong>fLotte Berlin<\/strong> (120 biciclette da carico).<\/li>\n\n\n\n<li>Sondaggio: <strong>35% di utenti che condividono<\/strong> intendono acquistare la propria cargo bike.<\/li>\n\n\n\n<li>Citt\u00e0 come Grenoble, Strasburgo, Amburgo e Stoccarda stanno integrando le bici da carico in <strong>flotte di bike-sharing<\/strong>.<\/li>\n\n\n\n<li>Il progetto cAIRgo di Bruxelles ha rilevato che <strong>allenamento + giri di prova<\/strong> (\"Testare \u00e8 adottare\") sono stati fondamentali per rompere le barriere all'adozione.<\/li>\n<\/ul>\n\n\n\n<blockquote class=\"wp-block-quote is-layout-flow wp-block-quote-is-layout-flow\">\n<p><strong>Suggerimento per l'immagine:<\/strong> Collage di foto dei sistemi di cargo bike sharing di Berlino e Bruxelles, con i membri della comunit\u00e0 che li utilizzano.<\/p>\n<\/blockquote>\n\n\n\n<hr class=\"wp-block-separator has-alpha-channel-opacity\"\/>\n\n\n\n<h3 class=\"wp-block-heading\"><strong>Approccio globale: Misure dure e morbide<\/strong><\/h3>\n\n\n\n<p>Un'adozione di successo richiede <strong>strategie integrate<\/strong>:<\/p>\n\n\n\n<ol start=\"1\" class=\"wp-block-list\">\n<li><strong>Misure difficili:<\/strong> Infrastrutture, sussidi, micro-hub<\/li>\n\n\n\n<li><strong>Misure soft:<\/strong> Campagne di sensibilizzazione, formazione, schemi di sperimentazione<\/li>\n<\/ol>\n\n\n\n<p>L'investimento decennale di Copenaghen nella cultura della bicicletta dimostra che \u00e8 essenziale combinare le infrastrutture fisiche con iniziative culturali e comportamentali.<\/p>\n\n\n\n<blockquote class=\"wp-block-quote is-layout-flow wp-block-quote-is-layout-flow\">\n<p><strong>Suggerimento di immagine (chiusura della sezione):<\/strong> Un'immagine divisa che mostra le corsie per cargo bike (misure dure) e i laboratori di formazione per cargo bike della comunit\u00e0 (misure morbide).<\/p>\n<\/blockquote>\n\n\n\n<hr class=\"wp-block-separator has-alpha-channel-opacity\"\/>\n\n\n\n<h2 class=\"wp-block-heading\"><strong>Conclusioni: Costruire un ecosistema politico per la trasformazione<\/strong><\/h2>\n\n\n\n<p>I quadri politici di alto livello dell'Unione europea, combinati con <strong>iniziative a livello nazionale e cittadino<\/strong>stanno gettando le basi per una rivoluzione delle cargo bike.<\/p>\n\n\n\n<ul class=\"wp-block-list\">\n<li><strong>Sostegno finanziario<\/strong> rende fattibile l'adozione.<\/li>\n\n\n\n<li><strong>Miglioramenti infrastrutturali<\/strong> rendono l'utilizzo pratico e sicuro.<\/li>\n\n\n\n<li><strong>Micro-hub, schemi di condivisione e partenariati pubblico-privati<\/strong> garantire un successo scalabile e a lungo termine.<\/li>\n<\/ul>\n\n\n\n<p>Questo <strong>ecosistema di politiche a pi\u00f9 livelli<\/strong> \u00e8 essenziale per guidare un trasferimento modale sostenuto dai furgoni e dagli autocarri, aiutando l'Europa a raggiungere i suoi obiettivi. <strong>obiettivi di clima, congestione e salute pubblica<\/strong>.<\/p>","protected":false},"excerpt":{"rendered":"<p>The adoption of cargo bikes in Europe is not happening in isolation. A robust and well-coordinated policy ecosystem at the EU, national, and city levels is driving this transition, supported by financial incentives, infrastructure development, pilot programs, and public-private partnerships. Together, these initiatives create the conditions for cargo bikes to become a mainstream solution for [&hellip;]<\/p>\n","protected":false},"author":2,"featured_media":547,"comment_status":"closed","ping_status":"closed","sticky":false,"template":"","format":"standard","meta":{"footnotes":""},"categories":[2],"tags":[],"class_list":["post-1766","post","type-post","status-publish","format-standard","has-post-thumbnail","hentry","category-knowledge"],"_links":{"self":[{"href":"https:\/\/regencargobikes.com\/it\/wp-json\/wp\/v2\/posts\/1766","targetHints":{"allow":["GET"]}}],"collection":[{"href":"https:\/\/regencargobikes.com\/it\/wp-json\/wp\/v2\/posts"}],"about":[{"href":"https:\/\/regencargobikes.com\/it\/wp-json\/wp\/v2\/types\/post"}],"author":[{"embeddable":true,"href":"https:\/\/regencargobikes.com\/it\/wp-json\/wp\/v2\/users\/2"}],"replies":[{"embeddable":true,"href":"https:\/\/regencargobikes.com\/it\/wp-json\/wp\/v2\/comments?post=1766"}],"version-history":[{"count":1,"href":"https:\/\/regencargobikes.com\/it\/wp-json\/wp\/v2\/posts\/1766\/revisions"}],"predecessor-version":[{"id":1767,"href":"https:\/\/regencargobikes.com\/it\/wp-json\/wp\/v2\/posts\/1766\/revisions\/1767"}],"wp:featuredmedia":[{"embeddable":true,"href":"https:\/\/regencargobikes.com\/it\/wp-json\/wp\/v2\/media\/547"}],"wp:attachment":[{"href":"https:\/\/regencargobikes.com\/it\/wp-json\/wp\/v2\/media?parent=1766"}],"wp:term":[{"taxonomy":"category","embeddable":true,"href":"https:\/\/regencargobikes.com\/it\/wp-json\/wp\/v2\/categories?post=1766"},{"taxonomy":"post_tag","embeddable":true,"href":"https:\/\/regencargobikes.com\/it\/wp-json\/wp\/v2\/tags?post=1766"}],"curies":[{"name":"wp","href":"https:\/\/api.w.org\/{rel}","templated":true}]}}