{"id":1145,"date":"2025-05-03T17:19:43","date_gmt":"2025-05-03T09:19:43","guid":{"rendered":"https:\/\/regencargobikes.com\/?p=1145"},"modified":"2025-05-07T21:31:08","modified_gmt":"2025-05-07T13:31:08","slug":"2025-austin-cargo-bike-festival","status":"publish","type":"post","link":"https:\/\/regencargobikes.com\/pl\/2025-austin-cargo-bike-festival\/","title":{"rendered":"Festiwal Rower\u00f3w Ci\u0119\u017carowych w Austinie 2025"},"content":{"rendered":"<p>Ten <strong>Festiwal Rower\u00f3w Ci\u0119\u017carowych w Austinie 2025<\/strong> to okazja do poznania praktycznych zalet rower\u00f3w cargo i lekkich rozwi\u0105za\u0144 transportowych w \u015brodowisku miejskim. Odbywaj\u0105ce si\u0119 na <strong>Sobota, 3 maja 2025 r.<\/strong>od <strong>11:00 do 15:00<\/strong> na <strong>900 Springdale Road, Austin, TX<\/strong>Wydarzenie to jest bezp\u0142atne dla publiczno\u015bci i koncentruje si\u0119 na rzeczywistych zastosowaniach rower\u00f3w cargo i rozwi\u0105za\u0144 mikromobilno\u015bci w \u017cyciu miejskim.<\/p>\n\n\n\n<h2 class=\"wp-block-heading\"><strong>&nbsp;Szczeg\u00f3\u0142y wydarzenia<\/strong><\/h2>\n\n\n\n<ul class=\"wp-block-list\">\n<li><strong>Data i godzina<\/strong>: Sobota, 3 maja 2025 | 11:00 - 15:00<\/li>\n\n\n\n<li><strong>Lokalizacja<\/strong>900 Springdale Road, Austin, TX 78702<\/li>\n\n\n\n<li><strong>Wst\u0119p<\/strong>: Darmowy<\/li>\n\n\n\n<li><strong>Organizator<\/strong>: <a href=\"https:\/\/www.biketexas.org\/uncategorized\/2025-austin-cargo-bike-festival\/\" target=\"_blank\" rel=\"noopener\">BikeTexas<\/a><\/li>\n<\/ul>\n\n\n\n<figure class=\"wp-block-image size-full\"><img fetchpriority=\"high\" decoding=\"async\" width=\"600\" height=\"400\" src=\"https:\/\/regencargobikes.com\/wp-content\/uploads\/2025\/05\/Fun-at-ACBF-1.jpg\" alt=\"\" class=\"wp-image-1146\" srcset=\"https:\/\/regencargobikes.com\/wp-content\/uploads\/2025\/05\/Fun-at-ACBF-1.jpg 600w, https:\/\/regencargobikes.com\/wp-content\/uploads\/2025\/05\/Fun-at-ACBF-1-300x200.jpg 300w, https:\/\/regencargobikes.com\/wp-content\/uploads\/2025\/05\/Fun-at-ACBF-1-18x12.jpg 18w\" sizes=\"(max-width: 600px) 100vw, 600px\" \/><\/figure>\n\n\n\n<h2 class=\"wp-block-heading\"><strong>Czego si\u0119 spodziewa\u0107<\/strong><\/h2>\n\n\n\n<ul class=\"wp-block-list\">\n<li><strong>Jazdy testowe<\/strong>: Uczestnicy b\u0119d\u0105 mieli okazj\u0119 wypr\u00f3bowa\u0107 r\u00f3\u017cne rowery towarowe i pojazdy mikromobilno\u015bci w rzeczywistych warunkach.<\/li>\n\n\n\n<li><strong>Parada udekorowanych rower\u00f3w Cargo<\/strong>: Uczestnicy mog\u0105 do\u0142\u0105czy\u0107 do parady, aby zaprezentowa\u0107 swoje kreatywnie dostosowane rowery cargo.<\/li>\n\n\n\n<li><strong>Lokalne jedzenie i rozrywka<\/strong>: Festiwal b\u0119dzie oferowa\u0142 jedzenie od lokalnych sprzedawc\u00f3w i rozrywk\u0119 dla uczestnik\u00f3w w ka\u017cdym wieku.<\/li>\n\n\n\n<li><strong>Zaanga\u017cowanie spo\u0142eczno\u015bci<\/strong>: Wydarzenie stanowi okazj\u0119 do nawi\u0105zania kontaktu z lokalnymi mieszka\u0144cami i firmami, kt\u00f3re wykorzystuj\u0105 rowery cargo do zaspokojenia potrzeb transportowych.<\/li>\n<\/ul>\n\n\n\n<h2 class=\"wp-block-heading\"><strong>Kto powinien wzi\u0105\u0107 udzia\u0142<\/strong><\/h2>\n\n\n\n<ul class=\"wp-block-list\">\n<li><strong>Entuzja\u015bci kolarstwa<\/strong>: To wydarzenie jest idealne dla os\u00f3b, kt\u00f3re chc\u0105 dowiedzie\u0107 si\u0119 wi\u0119cej o zastosowaniach i zaletach rower\u00f3w cargo.<\/li>\n\n\n\n<li><strong>Rodziny<\/strong>: Festiwal oferuje zabaw\u0119 i zaj\u0119cia edukacyjne dla wszystkich grup wiekowych.<\/li>\n\n\n\n<li><strong>Urbani\u015bci i decydenci<\/strong>: Wydarzenie zapewni wgl\u0105d w to, w jaki spos\u00f3b rowery cargo mog\u0105 pom\u00f3c zmniejszy\u0107 zatory komunikacyjne i poprawi\u0107 mobilno\u015b\u0107 w miastach.<\/li>\n\n\n\n<li><strong>Lokalne firmy<\/strong>: Firmy mog\u0105 zbada\u0107, w jaki spos\u00f3b rowery towarowe mog\u0105 by\u0107 zintegrowane z ich dzia\u0142alno\u015bci\u0105 w zakresie dostaw i innych potrzeb logistycznych.<\/li>\n<\/ul>\n\n\n\n<h2 class=\"wp-block-heading\"><strong>Wskaz\u00f3wki dla odwiedzaj\u0105cych<\/strong><\/h2>\n\n\n\n<ul class=\"wp-block-list\">\n<li><strong>Wczesny przyjazd<\/strong>: Aby jak najlepiej wykorzysta\u0107 czas sp\u0119dzony na wydarzeniu, warto rozwa\u017cy\u0107 wcze\u015bniejsze przybycie, aby wypr\u00f3bowa\u0107 rowery cargo.<\/li>\n\n\n\n<li><strong>Przyprowad\u017a rodzin\u0119 i przyjaci\u00f3\u0142<\/strong>: Jest to wydarzenie przyjazne rodzinie i stanowi \u015bwietn\u0105 okazj\u0119 do wsp\u00f3lnej nauki i zabawy.<\/li>\n\n\n\n<li><strong>Wygodny str\u00f3j<\/strong>: Poniewa\u017c wydarzenie odbywa si\u0119 na \u015bwie\u017cym powietrzu, nale\u017cy nosi\u0107 wygodn\u0105 odzie\u017c i obuwie odpowiednie do chodzenia i uczestniczenia w zaj\u0119ciach.<\/li>\n\n\n\n<li><strong>Wsp\u00f3\u0142praca z wystawcami<\/strong>: Po\u015bwi\u0119\u0107 czas na rozmow\u0119 z wystawcami, aby dowiedzie\u0107 si\u0119, w jaki spos\u00f3b rowery cargo mog\u0105 by\u0107 wykorzystywane do r\u00f3\u017cnych praktycznych zastosowa\u0144 we w\u0142asnym \u017cyciu lub biznesie.<\/li>\n<\/ul>","protected":false},"excerpt":{"rendered":"<p>The 2025 Austin Cargo Bike Festival offers a chance to experience firsthand the practical advantages of cargo bikes and light transport solutions in urban settings. Taking place on Saturday, May 3, 2025, from 11 AM to 3 PM at 900 Springdale Road, Austin, TX, this event is free to the public and focuses on real-world [&hellip;]<\/p>\n","protected":false},"author":2,"featured_media":1147,"comment_status":"open","ping_status":"open","sticky":false,"template":"","format":"standard","meta":{"footnotes":""},"categories":[36],"tags":[],"class_list":["post-1145","post","type-post","status-publish","format-standard","has-post-thumbnail","hentry","category-event-expo"],"_links":{"self":[{"href":"https:\/\/regencargobikes.com\/pl\/wp-json\/wp\/v2\/posts\/1145","targetHints":{"allow":["GET"]}}],"collection":[{"href":"https:\/\/regencargobikes.com\/pl\/wp-json\/wp\/v2\/posts"}],"about":[{"href":"https:\/\/regencargobikes.com\/pl\/wp-json\/wp\/v2\/types\/post"}],"author":[{"embeddable":true,"href":"https:\/\/regencargobikes.com\/pl\/wp-json\/wp\/v2\/users\/2"}],"replies":[{"embeddable":true,"href":"https:\/\/regencargobikes.com\/pl\/wp-json\/wp\/v2\/comments?post=1145"}],"version-history":[{"count":1,"href":"https:\/\/regencargobikes.com\/pl\/wp-json\/wp\/v2\/posts\/1145\/revisions"}],"predecessor-version":[{"id":1148,"href":"https:\/\/regencargobikes.com\/pl\/wp-json\/wp\/v2\/posts\/1145\/revisions\/1148"}],"wp:featuredmedia":[{"embeddable":true,"href":"https:\/\/regencargobikes.com\/pl\/wp-json\/wp\/v2\/media\/1147"}],"wp:attachment":[{"href":"https:\/\/regencargobikes.com\/pl\/wp-json\/wp\/v2\/media?parent=1145"}],"wp:term":[{"taxonomy":"category","embeddable":true,"href":"https:\/\/regencargobikes.com\/pl\/wp-json\/wp\/v2\/categories?post=1145"},{"taxonomy":"post_tag","embeddable":true,"href":"https:\/\/regencargobikes.com\/pl\/wp-json\/wp\/v2\/tags?post=1145"}],"curies":[{"name":"wp","href":"https:\/\/api.w.org\/{rel}","templated":true}]}}