{"id":1505,"date":"2025-06-09T05:41:03","date_gmt":"2025-06-08T21:41:03","guid":{"rendered":"https:\/\/regencargobikes.com\/?p=1505"},"modified":"2025-06-09T05:41:04","modified_gmt":"2025-06-08T21:41:04","slug":"micro-mobility-labs-unveils-convoy-e-cargo-trailer","status":"publish","type":"post","link":"https:\/\/regencargobikes.com\/pl\/micro-mobility-labs-unveils-convoy-e-cargo-trailer\/","title":{"rendered":"Micro Mobility Labs prezentuje przyczep\u0119 Convoy E-Cargo"},"content":{"rendered":"<p><em>Czerwiec 2025 - Londyn, Wielka Brytania<\/em> - Brytyjski start-up <strong>Micro Mobility Labs<\/strong> przedstawi\u0142a swoje najnowsze dzie\u0142o <strong>Konw\u00f3j C.01<\/strong> elektryczna przyczepa towarowa, kt\u00f3ra zadebiutuje podczas tegorocznych targ\u00f3w Eurobike. Zaprojektowany do \u0142atwego mocowania do wi\u0119kszo\u015bci rower\u00f3w, wytrzyma\u0142y, ale lekki Convoy przynosi <strong>Moc silnika 250 W, zasi\u0119g 30 km i ud\u017awig 50 kg<\/strong> w kompaktowej, przeno\u015bnej obudowie.<\/p>\n\n\n\n<hr class=\"wp-block-separator has-alpha-channel-opacity\"\/>\n\n\n\n<h2 class=\"wp-block-heading\"><strong>Dopasowanie bez wysi\u0142ku, inteligentna obs\u0142uga<\/strong><\/h2>\n\n\n\n<p>Jedn\u0105 z wyr\u00f3\u017cniaj\u0105cych si\u0119 cech jest beznarz\u0119dziowy monta\u017c - Convoy przypina si\u0119 do roweru bez u\u017cycia kluczy lub regulacji. Posiada r\u00f3wnie\u017c zg\u0142oszony do opatentowania system sterowania tylnym ko\u0142em, kt\u00f3ry pomaga przyczepie <strong>Naturalne pod\u0105\u017canie za zakr\u0119tami roweru<\/strong>, poprawiaj\u0105c prowadzenie w ciasnych przestrzeniach miejskich.<\/p>\n\n\n\n<p>W po\u0142\u0105czeniu z silnikiem rowerowym wykrywaj\u0105cym moment obrotowy, Convoy oferuje <strong>Wspomaganie klasy 1 do 16 mph (26 km\/h)<\/strong> z u\u017cytecznym zakresem <strong>do 30 km (19 mil)<\/strong>. Ceny s\u0105 obecnie ustalone na oko\u0142o <strong>2 200 \u20ac (oko\u0142o $2 500 \u20ac)<\/strong>a zam\u00f3wienia przedpremierowe s\u0105 ju\u017c dost\u0119pne na kilku europejskich rynkach.<\/p><div class=\"regen-test-placement-from-wizard-1604397851\" id=\"regen-1832147409\"><script async src=\"https:\/\/pagead2.googlesyndication.com\/pagead\/js\/adsbygoogle.js?client=ca-pub-1076230867169041\"\n     crossorigin=\"anonymous\"><\/script><\/div><div class=\"regen-test-placement-from-wizard-2878267818\" id=\"regen-1323912035\"><script async src=\"https:\/\/pagead2.googlesyndication.com\/pagead\/js\/adsbygoogle.js?client=ca-pub-1076230867169041\"\n     crossorigin=\"anonymous\"><\/script><\/div>\n\n\n\n<hr class=\"wp-block-separator has-alpha-channel-opacity\"\/>\n\n\n\n<h2 class=\"wp-block-heading\"><strong>Dla kogo<\/strong><\/h2>\n\n\n\n<p>W przeciwie\u0144stwie do niepor\u0119cznych elektrycznych rower\u00f3w towarowych lub samochod\u00f3w dostawczych, Convoy zosta\u0142 zaprojektowany z my\u015bl\u0105 o elastyczno\u015bci. Niezale\u017cnie od tego, czy jeste\u015b rodzicem przewo\u017c\u0105cym artyku\u0142y spo\u017cywcze, kurierem obs\u0142uguj\u0105cym dostawy rowerowe, czy ma\u0142\u0105 firm\u0105 transportuj\u0105c\u0105 towary, Convoy mo\u017cna pod\u0142\u0105czy\u0107 do w\u0142asnego roweru, aby szybko przekszta\u0142ci\u0107 go w praktyczny elektryczny w\u00f3zek towarowy.<\/p>\n\n\n\n<p>Europejscy sponsorzy ju\u017c donosz\u0105 o rzeczywistych sukcesach: jedna rodzina opisa\u0142a go jako \"znacznie u\u0142atwiaj\u0105cy bieganie do szko\u0142y\", podczas gdy lokalni piekarze zauwa\u017cyli, \u017ce zast\u0119puje on kr\u00f3tkie sprawunki samochodowe bez zajmowania miejsca parkingowego.<\/p>\n\n\n\n<hr class=\"wp-block-separator has-alpha-channel-opacity\"\/>\n\n\n\n<h2 class=\"wp-block-heading\"><strong>Wydajno\u015b\u0107 w skr\u00f3cie<\/strong><\/h2>\n\n\n\n<p>Oto, jak Convoy wypada na tle typowych rower\u00f3w e-cargo i system\u00f3w opartych na furgonetkach:<\/p>\n\n\n\n<figure class=\"wp-block-table\"><table class=\"has-fixed-layout\"><tbody><tr><td><strong>Funkcja<\/strong><\/td><td><strong>Konw\u00f3j C.01<\/strong><\/td><td><strong>Standardowy rower elektryczny<\/strong><\/td><\/tr><tr><td>\u0141adowno\u015b\u0107<\/td><td>50 kg<\/td><td>100-200 kg<\/td><\/tr><tr><td>Wyj\u015bcie silnika<\/td><td>250 W<\/td><td>250-750 W<\/td><\/tr><tr><td>Maksymalna pr\u0119dko\u015b\u0107 wspomagana<\/td><td>16 mph (26 km\/h)<\/td><td>25 - 40 km\/h<\/td><\/tr><tr><td>Zakres<\/td><td>Do 30 km<\/td><td>40 - 80 km<\/td><\/tr><tr><td>\u0141atwo\u015b\u0107 przywi\u0105zania<\/td><td>Zatrzask, bez narz\u0119dzi<\/td><td>Sta\u0142a rama, nie modu\u0142owa<\/td><\/tr><tr><td>Masa przyczepy<\/td><td>12 kg<\/td><td>30 kg+<\/td><\/tr><\/tbody><\/table><\/figure>\n\n\n\n<p>Convoy nie dor\u00f3wnuje zasi\u0119giem ani moc\u0105 przewozow\u0105 wi\u0119kszym rowerom e-cargo, ale jego <strong>Prostota, przeno\u015bno\u015b\u0107 i zwrotno\u015b\u0107<\/strong> sprawiaj\u0105, \u017ce idealnie nadaje si\u0119 do l\u017cejszych \u0142adunk\u00f3w i codziennej logistyki.<\/p>\n\n\n\n<hr class=\"wp-block-separator has-alpha-channel-opacity\"\/>\n\n\n\n<h2 class=\"wp-block-heading\"><strong>Rosn\u0105cy popyt na zr\u00f3wnowa\u017cone \u0142adunki<\/strong><\/h2>\n\n\n\n<p>Miasta na ca\u0142ym \u015bwiecie naciskaj\u0105 na bardziej ekologiczne dostawy ostatniej mili. Europejska Federacja Rowerowa donosi, \u017ce <strong>12% wzrost sprzeda\u017cy rower\u00f3w micro-cargo w 2024 r.<\/strong>W du\u017cej mierze nap\u0119dzany przez rodziny i lokalne firmy dostawcze poszukuj\u0105ce zr\u00f3wnowa\u017conej alternatywy dla samochod\u00f3w.<\/p>\n\n\n\n<p>Zesp\u00f3\u0142 Micro Mobility Labs - kierowany przez by\u0142ych in\u017cynier\u00f3w Dyson - obiecuje jeszcze wi\u0119cej innowacji: nadchodz\u0105cy model C.02 b\u0119dzie wyposa\u017cony w <strong>L\u017cejsze materia\u0142y i inteligentniejsze czujniki<\/strong>.<\/p>\n\n\n\n<p>Znawcy bran\u017cy ju\u017c dostrzegaj\u0105 modu\u0142owy potencja\u0142 Convoy. Alex M\u00fcller, by\u0142y kierownik miejskich us\u0142ug kurierskich, powiedzia\u0142:<\/p>\n\n\n\n<blockquote class=\"wp-block-quote is-layout-flow wp-block-quote-is-layout-flow\">\n<p>\"Convoy oferuje modu\u0142owe rozwi\u0105zanie e-cargo, kt\u00f3re jest naprawd\u0119 atrakcyjne zar\u00f3wno dla konsument\u00f3w, jak i u\u017cytkownik\u00f3w B2B\".<\/p>\n<\/blockquote>\n\n\n\n<p>Tymczasem recenzentka bike-tech Emma Clark doda\u0142a:<\/p>\n\n\n\n<blockquote class=\"wp-block-quote is-layout-flow wp-block-quote-is-layout-flow\">\n<p>\"Nie potrzebujesz niestandardowego roweru e-cargo - Convoy zmienia Tw\u00f3j obecny rower w system zdolny do transportu, idealny dla flot wypo\u017cyczalni i rower\u00f3w wsp\u00f3\u0142dzielonych\".<\/p>\n<\/blockquote>\n\n\n\n<hr class=\"wp-block-separator has-alpha-channel-opacity\"\/>\n\n\n\n<h2 class=\"wp-block-heading\"><strong>Harmonogram nadchodz\u0105cego wdro\u017cenia<\/strong><\/h2>\n\n\n\n<p>Micro Mobility Labs planuje:<\/p>\n\n\n\n<ul class=\"wp-block-list\">\n<li>Showcase Convoy na stronie <strong>Eurobike 2025<\/strong> (lipiec) dla medi\u00f3w i dystrybutor\u00f3w<\/li>\n\n\n\n<li>Rozpocz\u0119cie ograniczonej wysy\u0142ki do Europy w <strong>Q4 2025<\/strong><\/li>\n\n\n\n<li>Wejd\u017a do Ameryki P\u00f3\u0142nocnej w <strong>Q2 2026<\/strong> poprzez partnerstwa z platformami dostawczymi, takimi jak Uber Freight i Amazon Flex<\/li>\n<\/ul>\n\n\n\n<p>Obecnie trwaj\u0105 prace nad udoskonaleniem akumulatora i mechanizmu kierowniczego w celu uzyskania wi\u0119kszej trwa\u0142o\u015bci i mniejszej wagi.<\/p>\n\n\n\n<hr class=\"wp-block-separator has-alpha-channel-opacity\"\/>\n\n\n\n<h2 class=\"wp-block-heading\"><strong>Nadchodz\u0105ce wyzwania<\/strong><\/h2>\n\n\n\n<p>Convoy spe\u0142nia potrzeby u\u017cytkownik\u00f3w lekkich \u0142adunk\u00f3w, ale jest mniej odpowiedni do ci\u0119\u017ckich zada\u0144 dostawczych. Jego silnik o mocy 250 W i zasi\u0119g 30 km spe\u0142niaj\u0105 europejskie standardy klasy 1, cho\u0107 s\u0105 poni\u017cej limit\u00f3w p\u00f3\u0142nocnoameryka\u0144skich (klasa 2 z maksymaln\u0105 pr\u0119dko\u015bci\u0105 20 mil na godzin\u0119). Skalowanie produkcji i dystrybucji przy jednoczesnym kontrolowaniu koszt\u00f3w pozostaje kluczow\u0105 przeszkod\u0105.<\/p>\n\n\n\n<hr class=\"wp-block-separator has-alpha-channel-opacity\"\/>\n\n\n\n<h2 class=\"wp-block-heading\"><strong>S\u0142owo ko\u0144cowe<\/strong><\/h2>\n\n\n\n<p>Convoy wnosi \u015bwie\u017cy, modu\u0142owy zwrot do logistyki \u015br\u00f3dmiejskiej - \u0142\u0105cz\u0105c prostot\u0119, elastyczno\u015b\u0107 i zr\u00f3wnowa\u017cony rozw\u00f3j. Dla rodzin, kurier\u00f3w lub drobnych sprzedawc\u00f3w dodaje on u\u017cyteczno\u015bci \u0142adunkowej bez koszt\u00f3w i masy pe\u0142nego roweru elektrycznego. Je\u015bli Micro Mobility Labs b\u0119dzie w stanie skutecznie skalowa\u0107 si\u0119 po Eurobike, Convoy mo\u017ce pom\u00f3c utrwali\u0107 trend w kierunku modu\u0142owego, wsp\u00f3\u0142dzielonego transportu miejskiego - jeden rower na raz.<\/p>\n\n\n\n<h2 class=\"wp-block-heading\">Zastrze\u017cenie dotycz\u0105ce praw autorskich do obrazu<\/h2>\n\n\n\n<p>Niekt\u00f3re obrazy u\u017cyte na tej stronie internetowej\/w tym artykule pochodz\u0105 z Internetu i s\u0105 przeznaczone wy\u0142\u0105cznie do cel\u00f3w ilustracyjnych i edukacyjnych, aby poprawi\u0107 zrozumienie tre\u015bci. Szanujemy prawa w\u0142asno\u015bci intelektualnej oryginalnych tw\u00f3rc\u00f3w i staramy si\u0119 podawa\u0107 \u017ar\u00f3d\u0142a, je\u015bli ma to zastosowanie.<\/p>\n\n\n\n<p>Je\u017celi jeste\u015b prawowitym w\u0142a\u015bcicielem jakiegokolwiek obrazu wy\u015bwietlanego tutaj i uwa\u017casz, \u017ce jego wykorzystanie stanowi naruszenie praw autorskich, skontaktuj si\u0119 z nami pod adresem <a href=\"mailto:info@regencargobikes.com\" target=\"_Blank\" rel=\"noreferrer noopener\">info@regencargobikes.com<\/a>. Po weryfikacji niezw\u0142ocznie usuniemy obraz lub podamy odpowiednie przypisanie.<\/p>\n\n\n\n<p>Dzi\u0119kujemy za zrozumienie.<\/p>\n\n\n\n<p>\u00a9 Regen Technology Co., Ltd.<\/p>","protected":false},"excerpt":{"rendered":"<p>June 2025 \u2013 London, UK \u2013 British start-up Micro Mobility Labs has introduced its latest creation, the Convoy C.01 electric cargo trailer, set to debut at this summer\u2019s Eurobike show. Designed to attach easily to most bicycles, the rugged yet lightweight Convoy brings 250W motor power, 30\u202fkm range, and 50\u202fkg payload capacity in a compact, [&hellip;]<\/p>\n","protected":false},"author":2,"featured_media":1506,"comment_status":"open","ping_status":"open","sticky":false,"template":"","format":"standard","meta":{"footnotes":""},"categories":[2],"tags":[],"class_list":["post-1505","post","type-post","status-publish","format-standard","has-post-thumbnail","hentry","category-knowledge"],"_links":{"self":[{"href":"https:\/\/regencargobikes.com\/pl\/wp-json\/wp\/v2\/posts\/1505","targetHints":{"allow":["GET"]}}],"collection":[{"href":"https:\/\/regencargobikes.com\/pl\/wp-json\/wp\/v2\/posts"}],"about":[{"href":"https:\/\/regencargobikes.com\/pl\/wp-json\/wp\/v2\/types\/post"}],"author":[{"embeddable":true,"href":"https:\/\/regencargobikes.com\/pl\/wp-json\/wp\/v2\/users\/2"}],"replies":[{"embeddable":true,"href":"https:\/\/regencargobikes.com\/pl\/wp-json\/wp\/v2\/comments?post=1505"}],"version-history":[{"count":1,"href":"https:\/\/regencargobikes.com\/pl\/wp-json\/wp\/v2\/posts\/1505\/revisions"}],"predecessor-version":[{"id":1507,"href":"https:\/\/regencargobikes.com\/pl\/wp-json\/wp\/v2\/posts\/1505\/revisions\/1507"}],"wp:featuredmedia":[{"embeddable":true,"href":"https:\/\/regencargobikes.com\/pl\/wp-json\/wp\/v2\/media\/1506"}],"wp:attachment":[{"href":"https:\/\/regencargobikes.com\/pl\/wp-json\/wp\/v2\/media?parent=1505"}],"wp:term":[{"taxonomy":"category","embeddable":true,"href":"https:\/\/regencargobikes.com\/pl\/wp-json\/wp\/v2\/categories?post=1505"},{"taxonomy":"post_tag","embeddable":true,"href":"https:\/\/regencargobikes.com\/pl\/wp-json\/wp\/v2\/tags?post=1505"}],"curies":[{"name":"wp","href":"https:\/\/api.w.org\/{rel}","templated":true}]}}