{"id":1600,"date":"2025-06-22T04:17:36","date_gmt":"2025-06-21T20:17:36","guid":{"rendered":"https:\/\/regencargobikes.com\/?p=1600"},"modified":"2025-06-22T04:17:38","modified_gmt":"2025-06-21T20:17:38","slug":"how-fast-can-your-electric-cargo-bike-go","status":"publish","type":"post","link":"https:\/\/regencargobikes.com\/pl\/how-fast-can-your-electric-cargo-bike-go\/","title":{"rendered":"Jak szybko mo\u017ce jecha\u0107 Tw\u00f3j elektryczny rower towarowy?"},"content":{"rendered":"<p>W Regen cz\u0119sto zadawane nam jest pozornie proste pytanie:<\/p>\n\n\n\n<p><strong>\u201eJak szybko mo\u017cesz <a href=\"https:\/\/regencargobikes.com\/pl\/what-is-a-cargo-bike\/\" data-type=\"post\" data-id=\"1179\">elektryczny rower towarowy<\/a> I\u015b\u0107?&quot;<\/strong><\/p>\n\n\n\n<p>To uczciwe pytanie \u2014 i wa\u017cne. Niezale\u017cnie od tego, czy doje\u017cd\u017casz do pracy, dostarczasz towary czy je\u017adzisz rekreacyjnie, pr\u0119dko\u015b\u0107 wp\u0142ywa nie tylko na wydajno\u015b\u0107, ale tak\u017ce na legalno\u015b\u0107, bezpiecze\u0144stwo i komfort jazdy. Dlatego dzi\u015b zabieramy Ci\u0119 za kierownic\u0119 i do danych. Przyjrzymy si\u0119 rzeczywistym statystykom pr\u0119dko\u015bci, limitom prawnym i <strong>co wp\u0142ywa na pr\u0119dko\u015b\u0107 roweru cargo.<\/strong><\/p><div class=\"regen-test-placement-from-wizard-1604397851\" id=\"regen-2867499383\"><script async src=\"https:\/\/pagead2.googlesyndication.com\/pagead\/js\/adsbygoogle.js?client=ca-pub-1076230867169041\"\n     crossorigin=\"anonymous\"><\/script><\/div><div class=\"regen-test-placement-from-wizard-2878267818\" id=\"regen-1228250885\"><script async src=\"https:\/\/pagead2.googlesyndication.com\/pagead\/js\/adsbygoogle.js?client=ca-pub-1076230867169041\"\n     crossorigin=\"anonymous\"><\/script><\/div>\n\n\n\n<hr class=\"wp-block-separator has-alpha-channel-opacity\"\/>\n\n\n\n<h2 class=\"wp-block-heading\"><strong>Ograniczenia pr\u0119dko\u015bci na \u015bwiecie<\/strong><\/h2>\n\n\n\n<p>Zacznijmy od podstaw: <strong>dopuszczalne pr\u0119dko\u015bci maksymalne r\u00f3\u017cni\u0105 si\u0119 w zale\u017cno\u015bci od regionu<\/strong>Wi\u0119kszo\u015b\u0107 elektrycznych rower\u00f3w cargo mie\u015bci si\u0119 w jednej z dw\u00f3ch klas:<\/p>\n\n\n\n<figure class=\"wp-block-table\"><table class=\"has-fixed-layout\"><thead><tr><th><strong>Region<\/strong><\/th><th><strong>Maksymalna pr\u0119dko\u015b\u0107 prawna (km\/h)<\/strong><\/th><th><strong>Pr\u0119dko\u015b\u0107 maksymalna (mph)<\/strong><\/th><th><strong>Notatki z zaj\u0119\u0107<\/strong><\/th><\/tr><\/thead><tbody><tr><td>UE<\/td><td>25<\/td><td>15.5<\/td><td>Pedelec (silnik maks. 250 W)<\/td><\/tr><tr><td>UE (Pr\u0119dko\u015b\u0107-P)<\/td><td>45<\/td><td>28<\/td><td>Speed pedelec, wymagana rejestracja<\/td><\/tr><tr><td>USA<\/td><td>32<\/td><td>20<\/td><td>Rowery elektryczne klasy 1 i 2 (limit silnika 750 W)<\/td><\/tr><tr><td>Kanada<\/td><td>32<\/td><td>20<\/td><td>Silniki o mocy maks. 500 W<\/td><\/tr><\/tbody><\/table><\/figure>\n\n\n\n<p>W wi\u0119kszo\u015bci kraj\u00f3w europejskich nasze rowery cargo s\u0105 <strong>ograniczenie do 25 km\/h<\/strong> aby kwalifikowa\u0107 si\u0119 jako rowery zgodnie z prawem ruchu drogowego \u2014 nie jest wymagane prawo jazdy ani ubezpieczenie. W USA i Kanadzie limit wynosi <strong>32 km\/godz.<\/strong>Niekt\u00f3re rowery przekraczaj\u0105 t\u0119 pr\u0119dko\u015b\u0107 (do 45 km\/h) pod <strong>szybki pedelec<\/strong> klasyfikacja, kt\u00f3ra zazwyczaj wymaga noszenia kasku, posiadania ubezpieczenia, a nawet tablicy rejestracyjnej.<\/p>\n\n\n\n<p><br>\ud83d\udc49 Link do: <strong><a href=\"https:\/\/regencargobikes.com\/pl\/electric-cargo-bike-motor-power-system-faq\/\" data-type=\"post\" data-id=\"1310\">Cz\u0119sto zadawane pytania dotycz\u0105ce systemu silnika i mocy elektrycznego roweru towarowego<\/a><\/strong><\/p>\n\n\n\n<hr class=\"wp-block-separator has-alpha-channel-opacity\"\/>\n\n\n\n<h2 class=\"wp-block-heading\"><strong>Jakie pr\u0119dko\u015bci faktycznie osi\u0105gaj\u0105 kolarze?<\/strong><\/h2>\n\n\n\n<p>To jest miejsce, w kt\u00f3rym teoria spotyka si\u0119 z praktyk\u0105. <a href=\"https:\/\/regencargobikes.com\/pl\/long-john-cargo-bike-regen-02\/\" data-type=\"page\" data-id=\"1395\">Rowery cargo elektryczne Regen<\/a> wygodnie p\u0142ywaj po:<\/p>\n\n\n\n<ul class=\"wp-block-list\">\n<li><strong>20\u201325 km\/godz. (12\u201315,5 mil\/godz.)<\/strong> przy standardowym wspomaganiu peda\u0142owania<\/li>\n\n\n\n<li><strong>25\u201328 mil na godzin\u0119 (40\u201345 km\/h)<\/strong> do modeli o du\u017cej mocy lub speed-pedelec<\/li>\n<\/ul>\n\n\n\n<p>Ale pami\u0119taj \u2014 pr\u0119dko\u015b\u0107 nie jest tylko kwesti\u0105 specyfikacji. Chodzi o <strong>obci\u0105\u017cenie, teren, dane wej\u015bciowe od je\u017ad\u017aca<\/strong>i oczywi\u015bcie, <strong>si\u0142a motoryczna<\/strong>.<\/p>\n\n\n\t\t<div data-elementor-type=\"section\" data-elementor-id=\"1414\" class=\"elementor elementor-1414\" data-elementor-post-type=\"elementor_library\">\n\t\t\t<div class=\"elementor-element elementor-element-7bf5eb01 e-flex e-con-boxed e-con e-parent\" data-id=\"7bf5eb01\" data-element_type=\"container\" data-e-type=\"container\" data-settings=\"{&quot;background_background&quot;:&quot;classic&quot;,&quot;ekit_has_onepagescroll_dot&quot;:&quot;yes&quot;}\">\n\t\t\t\t\t<div class=\"e-con-inner\">\n\t\t<div class=\"elementor-element elementor-element-9fc34e2 e-con-full e-flex e-con e-child\" data-id=\"9fc34e2\" data-element_type=\"container\" data-e-type=\"container\" data-settings=\"{&quot;background_background&quot;:&quot;classic&quot;,&quot;ekit_has_onepagescroll_dot&quot;:&quot;yes&quot;}\">\n\t\t\t\t<div class=\"elementor-element elementor-element-af4e700 elementor-absolute elementor-widget elementor-widget-image\" data-id=\"af4e700\" data-element_type=\"widget\" data-e-type=\"widget\" data-settings=\"{&quot;_position&quot;:&quot;absolute&quot;}\" data-widget_type=\"image.default\">\n\t\t\t\t<div class=\"elementor-widget-container\">\n\t\t\t\t\t\t\t\t\t\t\t\t\t\t\t<img fetchpriority=\"high\" decoding=\"async\" width=\"800\" height=\"422\" src=\"https:\/\/regencargobikes.com\/wp-content\/uploads\/2025\/05\/regen-02-electric-cargo-bike-.webp\" class=\"attachment-large size-large wp-image-1398\" alt=\"regen 02 elektryczny rower towarowy\" srcset=\"https:\/\/regencargobikes.com\/wp-content\/uploads\/2025\/05\/regen-02-electric-cargo-bike-.webp 1000w, https:\/\/regencargobikes.com\/wp-content\/uploads\/2025\/05\/regen-02-electric-cargo-bike--300x158.webp 300w, https:\/\/regencargobikes.com\/wp-content\/uploads\/2025\/05\/regen-02-electric-cargo-bike--768x405.webp 768w, https:\/\/regencargobikes.com\/wp-content\/uploads\/2025\/05\/regen-02-electric-cargo-bike--18x9.webp 18w\" sizes=\"(max-width: 800px) 100vw, 800px\" \/>\t\t\t\t\t\t\t\t\t\t\t\t\t\t\t<\/div>\n\t\t\t\t<\/div>\n\t\t\t\t<\/div>\n\t\t<div class=\"elementor-element elementor-element-7de8cd9d e-con-full e-flex e-con e-child\" data-id=\"7de8cd9d\" data-element_type=\"container\" data-e-type=\"container\" data-settings=\"{&quot;ekit_has_onepagescroll_dot&quot;:&quot;yes&quot;}\">\n\t\t\t\t<div class=\"elementor-element elementor-element-308b8d20 elementor-widget elementor-widget-elementskit-heading\" data-id=\"308b8d20\" data-element_type=\"widget\" data-e-type=\"widget\" data-widget_type=\"elementskit-heading.default\">\n\t\t\t\t<div class=\"elementor-widget-container\">\n\t\t\t\t\t<div class=\"ekit-wid-con\" ><div class=\"ekit-heading elementskit-section-title-wraper text_left   ekit_heading_tablet-   ekit_heading_mobile-text_center\"><h3 class=\"elementskit-section-subtitle\">\n\t\t\t\t\t\tRegen 02 Rower elektryczny cargo\n\t\t\t\t\t<\/h3><h2 class=\"ekit-heading--title elementskit-section-title\">Szukasz kompaktowej, konfigurowalnej \u0142adowarki czo\u0142owej dla swojej marki?<\/h2>\t\t\t\t<div class='ekit-heading__description'>\n\t\t\t\t\t<p class=\"p1\">Przetestowany przez T\u00dcV w poprzednich projektach niestandardowych. Model dost\u0119pny publicznie \u2014 konfigurowalny, sprawdzony i gotowy do skalowania.<\/p>\n\t\t\t\t<\/div>\n\t\t\t<\/div><\/div>\t\t\t\t<\/div>\n\t\t\t\t<\/div>\n\t\t\t\t<div class=\"elementor-element elementor-element-bf516c8 elementor-align-left elementor-align--mobilecenter elementor-widget elementor-widget-elementskit-button\" data-id=\"bf516c8\" data-element_type=\"widget\" data-e-type=\"widget\" data-widget_type=\"elementskit-button.default\">\n\t\t\t\t<div class=\"elementor-widget-container\">\n\t\t\t\t\t<div class=\"ekit-wid-con\" >\t\t<div class=\"ekit-btn-wraper\">\n\t\t\t\t\t\t\t<a href=\"https:\/\/regencargobikes.com\/pl\/long-john-cargo-bike-regen-02\/\" class=\"elementskit-btn  whitespace--normal\" id=\"\">\n\t\t\t\t\tDowiedz si\u0119 wi\u0119cej\t\t\t\t<\/a>\n\t\t\t\t\t<\/div>\n        <\/div>\t\t\t\t<\/div>\n\t\t\t\t<\/div>\n\t\t\t\t<\/div>\n\t\t\t\t\t<\/div>\n\t\t\t\t<\/div>\n\t\t\t\t<\/div>\n\t\t\n\n\n\n<hr class=\"wp-block-separator has-alpha-channel-opacity\"\/>\n\n\n\n<h3 class=\"wp-block-heading\"><strong> Przyk\u0142ad ze \u015bwiata rzeczywistego<\/strong><\/h3>\n\n\n\n<p>Jeden z naszych klient\u00f3w w Niemczech u\u017cywa roweru cargo speed-pedelec z dwoma akumulatorami i silnikiem o mocy 750 W. Na p\u0142askich drogach miejskich rower ten stale si\u0119 porusza <strong>42 km\/godz.<\/strong>, nawet przy obci\u0105\u017ceniu \u0142adunkiem 60 kg. To powiedziawszy, do codziennego u\u017cytku rodzinnego lub dostaw miejskich, wi\u0119kszo\u015b\u0107 klient\u00f3w Regen uwa\u017ca, \u017ce <strong>Ograniczenie do 25 km\/h<\/strong> idealnie nadaje si\u0119 i jest bezpieczny.<\/p>\n\n\n\n<hr class=\"wp-block-separator has-alpha-channel-opacity\"\/>\n\n\n\n<h2 class=\"wp-block-heading\"><strong>Jakie czynniki wp\u0142ywaj\u0105 na pr\u0119dko\u015b\u0107 roweru towarowego elektrycznego?<\/strong><\/h2>\n\n\n\n<p>Przetestowali\u015bmy dziesi\u0105tki konfiguracji w naszych modelach longtail i \u0142adowanych od przodu. Oto, co naprawd\u0119 wp\u0142ywa na pr\u0119dko\u015b\u0107 maksymaln\u0105:<\/p>\n\n\n\n<figure class=\"wp-block-table\"><table class=\"has-fixed-layout\"><thead><tr><th><strong>Czynnik<\/strong><\/th><th><strong>Wp\u0142yw na pr\u0119dko\u015b\u0107<\/strong><\/th><\/tr><\/thead><tbody><tr><td><strong>Moc silnika<\/strong><\/td><td>Wi\u0119cej wat\u00f3w = wy\u017csza pr\u0119dko\u015b\u0107 maksymalna. 250 W \u2248 25 km\/h, 750 W \u2248 32+ km\/h<\/td><\/tr><tr><td><strong>Pojemno\u015b\u0107 baterii<\/strong><\/td><td>Wy\u017csze napi\u0119cie i amperogodziny poprawiaj\u0105 sta\u0142\u0105 pr\u0119dko\u015b\u0107 maksymaln\u0105<\/td><\/tr><tr><td><strong>Projekt roweru<\/strong><\/td><td>Rowery typu longtail s\u0105 szybsze i zwinniejsze ni\u017c tr\u00f3jko\u0142owce lub rowery typu box o wysokich bokach<\/td><\/tr><tr><td><strong><a href=\"https:\/\/regencargobikes.com\/wp-content\/uploads\/2025\/04\/10-key-facts-affect-cargo-bike-load-capacity.jpg\" data-type=\"attachment\" data-id=\"1061\">Waga \u0142adunku<\/a><\/strong><\/td><td>Wi\u0119cej \u0142adunku = mniejsze przyspieszenie i mniejsza pr\u0119dko\u015b\u0107 maksymalna<\/td><\/tr><tr><td><strong>Teren i wiatr<\/strong><\/td><td>Podjazdy i wiatry wiej\u0105ce w twarz mog\u0105 znacznie Ci\u0119 spowolni\u0107<\/td><\/tr><tr><td><strong>Ci\u015bnienie w oponach<\/strong><\/td><td>Niedopompowane opony zmniejszaj\u0105 pr\u0119dko\u015b\u0107 i zasi\u0119g<\/td><\/tr><\/tbody><\/table><\/figure>\n\n\n\n<p>Dalsza lektura:<a href=\"https:\/\/regencargobikes.com\/pl\/cargo-bike-frame-geometry\/\" data-type=\"post\" data-id=\"374\">Zrozumienie geometrii ramy w rowerach cargo i jej wp\u0142ywu na wydajno\u015b\u0107 prowadzenia<\/a><\/p>\n\n\n\n<h2 class=\"wp-block-heading\"><strong>Pr\u0119dko\u015b\u0107 kontra bezpiecze\u0144stwo: jakie jest ryzyko<\/strong><\/h2>\n\n\n\n<p>B\u0105d\u017amy szczerzy: rowery cargo nie s\u0105 rowerami wy\u015bcigowymi. Nasze ramy projektujemy dla <strong>stabilno\u015b\u0107 i obs\u0142uga \u0142adunk\u00f3w<\/strong>, a nie dla osza\u0142amiaj\u0105cych pr\u0119dko\u015bci.<\/p>\n\n\n\n<p>Na <strong>ponad 30 mil na godzin\u0119 (~48 km\/h)<\/strong>, nawet niewielkie drgania kierownicy mog\u0105 sta\u0107 si\u0119 ryzykowne. Droga hamowania dramatycznie wzrasta wraz z wag\u0105. Dlatego wszystkie rowery cargo Regen s\u0105 wyposa\u017cone w:<\/p>\n\n\n\n<ul class=\"wp-block-list\">\n<li><strong>Hamulce tarczowe hydrauliczne<\/strong> przeznaczony do \u0142adunk\u00f3w o masie ca\u0142kowitej 200 kg+<\/li>\n\n\n\n<li><strong>Widelce amortyzuj\u0105ce lub sztyce siode\u0142ka<\/strong> dla stabilno\u015bci na wyboistych drogach<\/li>\n\n\n\n<li><strong>Solidne ramy aluminiowe<\/strong> kt\u00f3re s\u0105 odporne na zginanie przy du\u017cej pr\u0119dko\u015bci<\/li>\n<\/ul>\n\n\n\n<p>Podsumowanie? <strong>Pr\u0119dko\u015b\u0107 jest ekscytuj\u0105ca, ale bezpiecze\u0144stwo zawsze jest najwa\u017cniejsze.<\/strong><\/p>\n\n\n\n<ul class=\"wp-block-list\">\n<li>Zobacz nasze por\u00f3wnanie: <a href=\"https:\/\/regencargobikes.com\/pl\/mechanical-disc-brakes-vs-hydraulic-disc-brakes-in-ecargo-bikes\/\" data-type=\"post\" data-id=\"1047\">Mechaniczne hamulce tarczowe kontra hydrauliczne hamulce tarczowe w rowerach elektrycznych i rowerach cargo<\/a> <\/li>\n\n\n\n<li>Dowiedz si\u0119 wi\u0119cej <a href=\"https:\/\/regencargobikes.com\/pl\/frame-strength-what-determines-durability\/\" data-type=\"post\" data-id=\"1160\">Wytrzyma\u0142o\u015b\u0107 ramy: Co decyduje o trwa\u0142o\u015bci?<\/a><\/li>\n<\/ul>\n\n\n\n<h2 class=\"wp-block-heading\"><strong>Por\u00f3wnanie popularnych rower\u00f3w elektrycznych cargo (w tym naszego)<\/strong><\/h2>\n\n\n\n<p>Oto por\u00f3wnanie najlepiej sprzedaj\u0105cych si\u0119 rower\u00f3w cargo:<\/p>\n\n\n\n<figure class=\"wp-block-table\"><table class=\"has-fixed-layout\"><thead><tr><th><strong>Model<\/strong><\/th><th><strong>Silnik (W)<\/strong><\/th><th><strong>Maksymalna pr\u0119dko\u015b\u0107<\/strong><\/th><th><strong>Klasa<\/strong><\/th><th><strong>Notatki<\/strong><\/th><\/tr><\/thead><tbody><tr><td><strong>Gunai GN66<\/strong><\/td><td>1,000<\/td><td>~45 kilometr\u00f3w na godzin\u0119<\/td><td>Speed-pedelec<\/td><td>Du\u017ca moc, odpowiednia do prywatnych \u015bcie\u017cek lub flot dostawczych<\/td><\/tr><tr><td><strong>Riese &amp; M\u00fcller \u0141adunek 75<\/strong><\/td><td>500\u2013850<\/td><td>Do 45 km\/h<\/td><td>Speed-pedelec<\/td><td>Podw\u00f3jne zawieszenie, podw\u00f3jna bateria<\/td><\/tr><tr><td><strong>D\u0142ugi ogon 750 Pro<\/strong><\/td><td>750<\/td><td>32\u201338 kilometr\u00f3w na godzin\u0119<\/td><td>Klasa 2\/Pr\u0119dko\u015b\u0107-P<\/td><td>Najlepszy w swojej klasie zasi\u0119g i przyspieszenie<\/td><\/tr><tr><td><strong>Elektryczna XPedition<\/strong><\/td><td>750<\/td><td>32 km\/godz.<\/td><td>Klasa 2<\/td><td>Grube opony, przyst\u0119pne cenowo dla rodzin<\/td><\/tr><tr><td><strong>Decathlon R500E<\/strong><\/td><td>250<\/td><td>25 kilometr\u00f3w na godzin\u0119<\/td><td>UE Pedelec<\/td><td>Doskona\u0142a opcja dla pocz\u0105tkuj\u0105cych<\/td><\/tr><\/tbody><\/table><\/figure>\n\n\n\n<p>Nie wiesz, jaki typ roweru cargo Ci odpowiada? Zobacz: <a href=\"https:\/\/regencargobikes.com\/pl\/types-of-cargo-bike\/\" data-type=\"post\" data-id=\"376\">Ile jest r\u00f3\u017cnych typ\u00f3w rower\u00f3w cargo?<\/a><\/p>\n\n\n\n<h2 class=\"wp-block-heading\"><strong>Pr\u0119dko\u015b\u0107 roweru i przypadki u\u017cycia (podsumowanie wizualne)<\/strong><\/h2>\n\n\n\n<figure class=\"wp-block-table\"><table class=\"has-fixed-layout\"><thead><tr><th><strong>Zakres pr\u0119dko\u015bci<\/strong><\/th><th><strong>Klasa rowerowa<\/strong><\/th><th><strong>Typowe przypadki u\u017cycia<\/strong><\/th><\/tr><\/thead><tbody><tr><td>\u2264 25 km\/godz.<\/td><td>Pedelec<\/td><td>Biegi do szko\u0142y, zakupy spo\u017cywcze, miejskie sprawy<\/td><\/tr><tr><td>25\u201332 km\/godz.<\/td><td>Klasa 2 \/ 750W<\/td><td>Dostawa lekkich \u0142adunk\u00f3w, dojazdy podmiejskie<\/td><\/tr><tr><td>32\u201345 kilometr\u00f3w na godzin\u0119<\/td><td>Speed Pedelec<\/td><td>Us\u0142ugi kurierskie, dostawa na du\u017ce odleg\u0142o\u015bci<\/td><\/tr><\/tbody><\/table><\/figure>\n\n\n\n<h2 class=\"wp-block-heading\"><strong>Porady od Regen: Jak jecha\u0107 szybciej i bezpieczniej<\/strong><\/h2>\n\n\n\n<p>Chcesz zwi\u0119kszy\u0107 pr\u0119dko\u015b\u0107 swojego roweru elektrycznego, zachowuj\u0105c jednocze\u015bnie bezpieczne granice? Oto nasza rada:<\/p>\n\n\n\n<ul class=\"wp-block-list\">\n<li><strong>Modernizacja do silnika o mocy 750 W umieszczonego w \u015brodku nap\u0119du<\/strong> je\u015bli lokalne przepisy na to pozwalaj\u0105<\/li>\n\n\n\n<li><strong>Aktywnie korzystaj z asystenta peda\u0142owania<\/strong> aby przekroczy\u0107 pr\u0119dko\u015bci dost\u0119pne wy\u0142\u0105cznie dla silnik\u00f3w<\/li>\n\n\n\n<li><strong>Zainwestuj w odpowiednie opony i uk\u0142ady hamulcowe<\/strong>\u2014szczeg\u00f3lnie w przypadku ci\u0119\u017cszych \u0142adunk\u00f3w<\/li>\n\n\n\n<li><strong>U\u017cyj zoptymalizowanej konfiguracji obci\u0105\u017cenia<\/strong> (bez wystaj\u0105cych pude\u0142ek i wysokich paneli)<\/li>\n\n\n\n<li><strong>Nie przeci\u0105\u017caj tylnego baga\u017cnika<\/strong>\u2014r\u00f3wnowaga ma znaczenie nawet przy wi\u0119kszych pr\u0119dko\u015bciach<\/li>\n<\/ul>\n\n\n\n<p>Widzieli\u015bmy, jak zespo\u0142y dostawcze zwi\u0119ksza\u0142y wydajno\u015b\u0107 tras, <strong>35%<\/strong> po prostu optymalizuj\u0105c ci\u015bnienie w oponach, wag\u0119 \u0142adunku i technik\u0119 jazdy \u2014 bez konieczno\u015bci zmiany silnika.<\/p>\n\n\n\n<hr class=\"wp-block-separator has-alpha-channel-opacity\"\/>\n\n\n\n<h2 class=\"wp-block-heading\"><strong> Najwa\u017cniejsze wnioski<\/strong><\/h2>\n\n\n\n<ul class=\"wp-block-list\">\n<li>Wi\u0119kszo\u015b\u0107 rower\u00f3w elektrycznych jest prawnie ograniczona do <strong>25\u201332 km\/godz.<\/strong> w zale\u017cno\u015bci od Twojej lokalizacji<\/li>\n\n\n\n<li>Przy odpowiednim ustawieniu pr\u0119dko\u015bci <strong>45 kilometr\u00f3w na godzin\u0119<\/strong> s\u0105 mo\u017cliwe do osi\u0105gni\u0119cia, ale wymagaj\u0105 klasyfikacji speed pedelec<\/li>\n\n\n\n<li>Rzeczywiste pr\u0119dko\u015bci przelotowe zwykle mieszcz\u0105 si\u0119 w granicach <strong>20\u201328 kilometr\u00f3w na godzin\u0119<\/strong>, kt\u00f3ry r\u00f3wnowa\u017cy pr\u0119dko\u015b\u0107 z bezpiecze\u0144stwem i prowadzeniem<\/li>\n\n\n\n<li>Konfiguracja roweru, \u0142adunek, teren, a nawet waga rowerzysty odgrywaj\u0105 rol\u0119<\/li>\n\n\n\n<li>W Regen projektujemy rowery nie dla czystej pr\u0119dko\u015bci, ale dla <strong>bezpieczny i wydajny transport, kt\u00f3ry zapewni p\u0142ynny przebieg Twojej dzia\u0142alno\u015bci lub stylu \u017cycia<\/strong><\/li>\n<\/ul>\n\n\n\n<h2 class=\"wp-block-heading\"><strong>Odniesienia<\/strong><\/h2>\n\n\n\n<ol start=\"1\" class=\"wp-block-list\">\n<li><a href=\"https:\/\/eur-lex.europa.eu\/legal-content\/EN\/TXT\/?uri=CELEX%3A32013R0168\" target=\"_blank\" rel=\"noopener\">Rozporz\u0105dzenie UE nr 168\/2013<\/a><\/li>\n\n\n\n<li><a href=\"https:\/\/www.peopleforbikes.org\/electric-bikes\/policies\" target=\"_blank\" rel=\"noopener\">PeopleForBikes \u2013 zaj\u0119cia z jazdy na rowerze elektrycznym<\/a><\/li>\n\n\n\n<li><a href=\"https:\/\/www.decathlon.co.uk\/p\/longtail-cargo-e-bike-r500-electric\/_\/R-p-336237\" target=\"_blank\" rel=\"noopener\">Decathlon R500E Dane techniczne<\/a><\/li>\n\n\n\n<li><a href=\"https:\/\/cleantechnica.com\/2023\/06\/15\/lectric-xpedition-cargo-ebike-review\/\" target=\"_blank\" rel=\"noopener\">Recenzja CleanTechnica na temat Lectric XPedition<\/a><\/li>\n\n\n\n<li><a href=\"https:\/\/www.bikeradar.com\/news\/yamaha-electric-cargo-bike\/\" target=\"_blank\" rel=\"noopener\">Wprowadzenie na rynek roweru elektrycznego Giant\/Yamaha Cargo<\/a><\/li>\n\n\n\n<li><a href=\"https:\/\/urbanarrow.com\" target=\"_blank\" rel=\"noopener\">Przyk\u0142ady zastosowa\u0144 floty pojazd\u00f3w Urban Arrow Tender<\/a><\/li>\n\n\n\n<li><a href=\"https:\/\/www.alibaba.com\/product-detail\/1000w-cargo-bike_1600780935471.html\" target=\"_blank\" rel=\"noopener\">Gunai GN66 Lista produkt\u00f3w<\/a><\/li>\n\n\n\n<li><a href=\"https:\/\/www.r-m.de\/en-us\/models\/load-75\/\" target=\"_blank\" rel=\"noopener\">Riese &amp; M\u00fcller Load 75 Dane techniczne<\/a><\/li>\n<\/ol>\n\n\n\n<hr class=\"wp-block-separator has-alpha-channel-opacity\"\/>\n\n\n\n<p><strong>Chcesz dowiedzie\u0107 si\u0119 wi\u0119cej lub przetestowa\u0107 najnowsze modele longtail lub trike Regen?<\/strong><\/p>\n\n\n\n<p>Skontaktuj si\u0119 z nami w dowolnym momencie \u2014 nasz zesp\u00f3\u0142 in\u017cynier\u00f3w ch\u0119tnie pomo\u017ce Ci wybra\u0107 odpowiedni\u0105 pr\u0119dko\u015b\u0107 dla Twojej trasy, terenu i lokalnych przepis\u00f3w.<\/p>\n\n\n\t\t<div data-elementor-type=\"section\" data-elementor-id=\"1591\" class=\"elementor elementor-1591\" data-elementor-post-type=\"elementor_library\">\n\t\t\t<div class=\"elementor-element elementor-element-8afca32 e-flex e-con-boxed e-con e-parent\" data-id=\"8afca32\" data-element_type=\"container\" data-e-type=\"container\" data-settings=\"{&quot;background_background&quot;:&quot;classic&quot;,&quot;ekit_has_onepagescroll_dot&quot;:&quot;yes&quot;}\">\n\t\t\t\t\t<div class=\"e-con-inner\">\n\t\t<div class=\"elementor-element elementor-element-24ec346 e-con-full e-flex e-con e-child\" data-id=\"24ec346\" data-element_type=\"container\" data-e-type=\"container\" data-settings=\"{&quot;background_background&quot;:&quot;classic&quot;,&quot;ekit_has_onepagescroll_dot&quot;:&quot;yes&quot;}\">\n\t\t\t\t<div class=\"elementor-element elementor-element-6b475eec elementor-absolute elementor-widget elementor-widget-image\" data-id=\"6b475eec\" data-element_type=\"widget\" data-e-type=\"widget\" data-settings=\"{&quot;_position&quot;:&quot;absolute&quot;}\" data-widget_type=\"image.default\">\n\t\t\t\t<div class=\"elementor-widget-container\">\n\t\t\t\t\t\t\t\t\t\t\t\t\t\t\t<img decoding=\"async\" width=\"800\" height=\"450\" src=\"https:\/\/regencargobikes.com\/wp-content\/uploads\/2025\/03\/RT.651.webp\" class=\"attachment-large size-large wp-image-1522\" alt=\"\" srcset=\"https:\/\/regencargobikes.com\/wp-content\/uploads\/2025\/03\/RT.651.webp 1000w, https:\/\/regencargobikes.com\/wp-content\/uploads\/2025\/03\/RT.651-300x169.webp 300w, https:\/\/regencargobikes.com\/wp-content\/uploads\/2025\/03\/RT.651-768x432.webp 768w, https:\/\/regencargobikes.com\/wp-content\/uploads\/2025\/03\/RT.651-18x10.webp 18w\" sizes=\"(max-width: 800px) 100vw, 800px\" \/>\t\t\t\t\t\t\t\t\t\t\t\t\t\t\t<\/div>\n\t\t\t\t<\/div>\n\t\t\t\t<div class=\"elementor-element elementor-element-48fc00c2 elementor-widget elementor-widget-image\" data-id=\"48fc00c2\" data-element_type=\"widget\" data-e-type=\"widget\" data-widget_type=\"image.default\">\n\t\t\t\t<div class=\"elementor-widget-container\">\n\t\t\t\t\t\t\t\t\t\t\t\t\t\t\t<img decoding=\"async\" width=\"533\" height=\"330\" src=\"https:\/\/regencargobikes.com\/wp-content\/uploads\/2025\/04\/New-1.png\" class=\"attachment-large size-large wp-image-436\" alt=\"\" srcset=\"https:\/\/regencargobikes.com\/wp-content\/uploads\/2025\/04\/New-1.png 533w, https:\/\/regencargobikes.com\/wp-content\/uploads\/2025\/04\/New-1-300x186.png 300w\" sizes=\"(max-width: 533px) 100vw, 533px\" \/>\t\t\t\t\t\t\t\t\t\t\t\t\t\t\t<\/div>\n\t\t\t\t<\/div>\n\t\t\t\t<\/div>\n\t\t<div class=\"elementor-element elementor-element-25aa7a08 e-con-full e-flex e-con e-child\" data-id=\"25aa7a08\" data-element_type=\"container\" data-e-type=\"container\" data-settings=\"{&quot;ekit_has_onepagescroll_dot&quot;:&quot;yes&quot;}\">\n\t\t\t\t<div class=\"elementor-element elementor-element-3d854eb8 elementor-widget elementor-widget-elementskit-heading\" data-id=\"3d854eb8\" data-element_type=\"widget\" data-e-type=\"widget\" data-widget_type=\"elementskit-heading.default\">\n\t\t\t\t<div class=\"elementor-widget-container\">\n\t\t\t\t\t<div class=\"ekit-wid-con\" ><div class=\"ekit-heading elementskit-section-title-wraper text_left   ekit_heading_tablet-   ekit_heading_mobile-text_center\"><p class=\"elementskit-section-subtitle\">\n\t\t\t\t\t\tTylko 20 rower\u00f3w MOQ na pocz\u0105tek \n\t\t\t\t\t<\/p><p class=\"ekit-heading--title elementskit-section-title\">Dostosowywalny rower elektryczny cargo - RS01 <\/p>\t\t\t\t<div class='ekit-heading__description'>\n\t\t\t\t\t<p class=\"p2\">Niezale\u017cnie od tego, czy jeste\u015b rozwijaj\u0105c\u0105 si\u0119 mark\u0105, czy sklepem osiedlowym, nasze wytrzyma\u0142e rowery cargo s\u0105 Twoim biletem do rozwijaj\u0105cego si\u0119 \u015bwiata dostaw przyjaznych dla \u015brodowiska. Ruszamy!<\/p>\n\t\t\t\t<\/div>\n\t\t\t<\/div><\/div>\t\t\t\t<\/div>\n\t\t\t\t<\/div>\n\t\t\t\t<div class=\"elementor-element elementor-element-137412e2 elementor-align-left elementor-align--mobilecenter elementor-widget elementor-widget-elementskit-button\" data-id=\"137412e2\" data-element_type=\"widget\" data-e-type=\"widget\" data-widget_type=\"elementskit-button.default\">\n\t\t\t\t<div class=\"elementor-widget-container\">\n\t\t\t\t\t<div class=\"ekit-wid-con\" >\t\t<div class=\"ekit-btn-wraper\">\n\t\t\t\t\t\t\t<a href=\"#elementor-action%3Aaction%3Dpopup%3Aopen%26settings%3DeyJpZCI6IjczNCIsInRvZ2dsZSI6ZmFsc2V9\" class=\"elementskit-btn  whitespace--normal\" id=\"\">\n\t\t\t\t\tPopro\u015b o wycen\u0119\t\t\t\t<\/a>\n\t\t\t\t\t<\/div>\n        <\/div>\t\t\t\t<\/div>\n\t\t\t\t<\/div>\n\t\t\t\t<\/div>\n\t\t\t\t\t<\/div>\n\t\t\t\t<\/div>\n\t\t\t\t<\/div>","protected":false},"excerpt":{"rendered":"<p>At Regen, we often get asked a deceptively simple question: \u201cHow fast can your electric cargo bike go?\u201d It\u2019s a fair question\u2014and an important one. Whether you\u2019re commuting, delivering goods, or riding for leisure, speed affects not just efficiency, but legality, safety, and riding comfort. So today, we\u2019re taking you behind the handlebars and into [&hellip;]<\/p>\n","protected":false},"author":2,"featured_media":1595,"comment_status":"open","ping_status":"closed","sticky":false,"template":"","format":"standard","meta":{"footnotes":""},"categories":[2,30],"tags":[],"class_list":["post-1600","post","type-post","status-publish","format-standard","has-post-thumbnail","hentry","category-knowledge","category-blog"],"_links":{"self":[{"href":"https:\/\/regencargobikes.com\/pl\/wp-json\/wp\/v2\/posts\/1600","targetHints":{"allow":["GET"]}}],"collection":[{"href":"https:\/\/regencargobikes.com\/pl\/wp-json\/wp\/v2\/posts"}],"about":[{"href":"https:\/\/regencargobikes.com\/pl\/wp-json\/wp\/v2\/types\/post"}],"author":[{"embeddable":true,"href":"https:\/\/regencargobikes.com\/pl\/wp-json\/wp\/v2\/users\/2"}],"replies":[{"embeddable":true,"href":"https:\/\/regencargobikes.com\/pl\/wp-json\/wp\/v2\/comments?post=1600"}],"version-history":[{"count":2,"href":"https:\/\/regencargobikes.com\/pl\/wp-json\/wp\/v2\/posts\/1600\/revisions"}],"predecessor-version":[{"id":1602,"href":"https:\/\/regencargobikes.com\/pl\/wp-json\/wp\/v2\/posts\/1600\/revisions\/1602"}],"wp:featuredmedia":[{"embeddable":true,"href":"https:\/\/regencargobikes.com\/pl\/wp-json\/wp\/v2\/media\/1595"}],"wp:attachment":[{"href":"https:\/\/regencargobikes.com\/pl\/wp-json\/wp\/v2\/media?parent=1600"}],"wp:term":[{"taxonomy":"category","embeddable":true,"href":"https:\/\/regencargobikes.com\/pl\/wp-json\/wp\/v2\/categories?post=1600"},{"taxonomy":"post_tag","embeddable":true,"href":"https:\/\/regencargobikes.com\/pl\/wp-json\/wp\/v2\/tags?post=1600"}],"curies":[{"name":"wp","href":"https:\/\/api.w.org\/{rel}","templated":true}]}}