{"id":1739,"date":"2025-07-17T17:23:16","date_gmt":"2025-07-17T09:23:16","guid":{"rendered":"https:\/\/regencargobikes.com\/?p=1739"},"modified":"2025-07-17T17:23:19","modified_gmt":"2025-07-17T09:23:19","slug":"cargo-bike-front-light-guide","status":"publish","type":"post","link":"https:\/\/regencargobikes.com\/pl\/cargo-bike-front-light-guide\/","title":{"rendered":"Przewodnik po przednich lampkach rowerowych: Wyja\u015bnienie jasno\u015bci, koloru i bezpiecze\u0144stwa"},"content":{"rendered":"<p>W Regen, gdzie projektujemy i produkujemy kompletne systemy rower\u00f3w towarowych dla rodzin i flot, cz\u0119sto jeste\u015bmy pytani o przednie o\u015bwietlenie - zw\u0142aszcza, gdy rowerzy\u015bci zaczynaj\u0105 doje\u017cd\u017ca\u0107 do pracy o zmierzchu, porusza\u0107 si\u0119 po s\u0142abo o\u015bwietlonych miejskich alejkach lub dostarcza\u0107 towary na ciemniejszych wiejskich trasach. O\u015bwietlenie to nie tylko kwestia widoczno\u015bci; to kwestia legalno\u015bci na drodze, bezpiecze\u0144stwa rowerzysty, a nawet wydajno\u015bci akumulatora.<\/p>\n\n\n\n<p>W tym przewodniku odpowiadamy na najcz\u0119stsze pytania dotycz\u0105ce przednich lampek rowerowych, od tego, ile lumen\u00f3w faktycznie potrzebujesz, po to, czy 4000 lumen\u00f3w to przesada - wszystko poparte standardami i rzeczywistymi przypadkami u\u017cycia.<\/p>\n\n\n\n<h2 class=\"wp-block-heading\"><strong><font style=\"vertical-align: inherit;\"><font style=\"vertical-align: inherit;\"><strong>Co to jest przednie \u015bwiat\u0142o w rowerze cargo?<\/strong><\/font><\/font><\/strong><\/h2>\n\n\n\n<p>A <strong>przednie \u015bwiat\u0142o roweru cargo<\/strong> to skierowane do przodu urz\u0105dzenie o\u015bwietleniowe montowane na kierownicy, koronie widelca lub baga\u017cniku. Jest przeznaczony do:<\/p><div class=\"regen-test-placement-from-wizard-1604397851\" id=\"regen-4197313126\"><script async src=\"https:\/\/pagead2.googlesyndication.com\/pagead\/js\/adsbygoogle.js?client=ca-pub-1076230867169041\"\n     crossorigin=\"anonymous\"><\/script><\/div><div class=\"regen-test-placement-from-wizard-2878267818\" id=\"regen-2758864265\"><script async src=\"https:\/\/pagead2.googlesyndication.com\/pagead\/js\/adsbygoogle.js?client=ca-pub-1076230867169041\"\n     crossorigin=\"anonymous\"><\/script><\/div>\n\n\n\n<ul class=\"wp-block-list\">\n<li><strong>Aktywne o\u015bwietlenie<\/strong> (aby o\u015bwietli\u0107 drog\u0119 kierowcy)<\/li>\n\n\n\n<li><strong>Pasywna widoczno\u015b\u0107<\/strong> (aby powiadomi\u0107 innych o swojej obecno\u015bci)<\/li>\n<\/ul>\n\n\n\n<p>W przeciwie\u0144stwie do podstawowych rower\u00f3w podmiejskich, rowery towarowe mog\u0105 przewozi\u0107 pasa\u017cer\u00f3w lub towary, cz\u0119sto pracuj\u0105c przy wi\u0119kszych obci\u0105\u017ceniach i pr\u0119dko\u015bciach. To sprawia, \u017ce niezawodne o\u015bwietlenie przednie jest nie tylko pomocne, ale wr\u0119cz niezb\u0119dne dla <strong>legalno\u015b\u0107 na drodze i bezpiecze\u0144stwo kierowcy<\/strong>.<\/p>\n\n\n\n<figure class=\"wp-block-table\"><table class=\"has-fixed-layout\"><thead><tr><th><strong>Czynnik<\/strong><\/th><th><strong>U\u017cytkowanie miejskie<\/strong><\/th><th><strong>U\u017cytkowanie wiejskie lub na szlaku<\/strong><\/th><th><strong>Rowery cargo<\/strong><\/th><\/tr><\/thead><tbody><tr><td><strong>Lumeny<\/strong><\/td><td>300-500<\/td><td>800-2000+<\/td><td>500-1500<\/td><\/tr><tr><td><strong>Wzorzec wi\u0105zki<\/strong><\/td><td>Szeroki, kr\u00f3tki<\/td><td>D\u0142ugi, skoncentrowany<\/td><td>Szeroki + \u015bredni zakres<\/td><\/tr><tr><td><strong>Monta\u017c<\/strong><\/td><td>Kierownica<\/td><td>Widelec \/ Kask<\/td><td>Widelec lub zintegrowany ze stojakiem<\/td><\/tr><tr><td><strong>Typ akumulatora<\/strong><\/td><td>Mo\u017cliwo\u015b\u0107 \u0142adowania przez USB<\/td><td>Pakiet zewn\u0119trzny o du\u017cej pojemno\u015bci<\/td><td>Zintegrowany z g\u0142\u00f3wnym akumulatorem (dla rower\u00f3w e-cargo)<\/td><\/tr><\/tbody><\/table><\/figure>\n\n\n\n<p>W przypadku rower\u00f3w cargo zalecamy <strong>wi\u0105zka szerokok\u0105tna<\/strong> kt\u00f3re o\u015bwietlaj\u0105 zar\u00f3wno drog\u0119, jak i pobocza - szczeg\u00f3lnie w przypadku d\u0142ugiej przedniej ramy, kt\u00f3ra mo\u017ce rzuca\u0107 cie\u0144. Zintegrowane \u015bwiat\u0142a, kt\u00f3re pobieraj\u0105 energi\u0119 z g\u0142\u00f3wnego akumulatora roweru elektrycznego, zapewniaj\u0105 niezawodno\u015b\u0107 i wygod\u0119.<\/p>\n\n\n\n<h2 class=\"wp-block-heading\"><strong>Czy naprawd\u0119 potrzebujesz przedniego \u015bwiat\u0142a w rowerze?<\/strong><\/h2>\n\n\n\n<p>Tak - zar\u00f3wno z prawnego, jak i praktycznego punktu widzenia przednie \u015bwiat\u0142o jest niezb\u0119dne.<\/p>\n\n\n\n<ul class=\"wp-block-list\">\n<li><a href=\"https:\/\/regencargobikes.com\/pl\/cargo-bike-safety-standard-en-17860\/\" data-type=\"post\" data-id=\"416\"><strong>Wym\u00f3g prawny<\/strong>: W wi\u0119kszo\u015bci kraj\u00f3w UE i w Wielkiej Brytanii bia\u0142e \u015bwiat\u0142o przednie jest obowi\u0105zkowe podczas jazdy w nocy lub w warunkach s\u0142abej widoczno\u015bci (EN 15194 i lokalne przepisy ruchu drogowego).<\/a><\/li>\n\n\n\n<li><strong>Praktyczna konieczno\u015b\u0107<\/strong>: Pozwala innym u\u017cytkownikom drogi widzie\u0107 ciebie i pomaga widzie\u0107 drog\u0119 przed tob\u0105, zw\u0142aszcza dziury, kraw\u0119\u017cniki lub gruz - szczeg\u00f3lnie wa\u017cne na za\u0142adowanym rowerze towarowym.<\/li>\n<\/ul>\n\n\n\n<blockquote class=\"wp-block-quote is-layout-flow wp-block-quote-is-layout-flow\">\n<p><strong>Rzeczywisty przypadek u\u017cycia<\/strong>: Dostawcy miejscy cz\u0119sto zg\u0142aszaj\u0105, \u017ce bez odpowiedniego przedniego \u015bwiat\u0142a widoczno\u015b\u0107 spada o ponad 50% po zachodzie s\u0142o\u0144ca - nawet na dobrze o\u015bwietlonych ulicach.<\/p>\n\n\n\n<h2 class=\"wp-block-heading\"><strong>Czy przednie \u015bwiat\u0142o jest wymagane w rowerze cargo?<\/strong><\/h2>\n\n\n\n<p>Tak, w wi\u0119kszo\u015bci kraj\u00f3w europejskich i w Wielkiej Brytanii, <strong>\u015awiat\u0142a przednie s\u0105 prawnie wymagane<\/strong> dla rower\u00f3w u\u017cywanych w nocy lub w warunkach s\u0142abej widoczno\u015bci.<\/p>\n\n\n\n<p>Wed\u0142ug <strong>Rozporz\u0105dzenie UE EN 15194<\/strong> (dla rower\u00f3w ze wspomaganiem elektrycznym):<\/p>\n\n\n\n<ul class=\"wp-block-list\">\n<li>A <strong>bia\u0142e lub selektywne \u017c\u00f3\u0142te \u015bwiat\u0142o przednie<\/strong> musi by\u0107 zamontowany.<\/li>\n\n\n\n<li>\u015awiat\u0142o musi by\u0107 widoczne z co najmniej <strong>100 metr\u00f3w<\/strong>.<\/li>\n\n\n\n<li>Aby uzyska\u0107 homologacj\u0119 drogow\u0105, wi\u0105zka \u015bwiat\u0142a nie mo\u017ce o\u015blepia\u0107 innych u\u017cytkownik\u00f3w drogi (wi\u0105zka wy\u0142\u0105czaj\u0105ca).<\/li>\n<\/ul>\n\n\n\n<p>W Niemczech <strong>StVZO (Stra\u00dfenverkehrs-Zulassungs-Ordnung)<\/strong> Norma ta wymaga specjalnego kszta\u0142towania wi\u0105zki, jasno\u015bci i stabilno\u015bci \u017ar\u00f3d\u0142a zasilania, szczeg\u00f3lnie w przypadku rower\u00f3w elektrycznych.<\/p>\n<\/blockquote>\n\n\n\n<h2 class=\"wp-block-heading\"><strong>Jakiego koloru \u015bwiat\u0142o powinno znajdowa\u0107 si\u0119 z przodu roweru?<\/strong><\/h2>\n\n\n\n<p>Ten <strong>Prawid\u0142owy kolor przedniego \u015bwiat\u0142a<\/strong> jest albo:<\/p>\n\n\n\n<p><strong>Selektywny \u017c\u00f3\u0142ty<\/strong> (rzadziej u\u017cywane we mgle lub w warunkach niskiego kontrastu)<\/p>\n\n\n\n<p><strong>Bia\u0142y<\/strong> (najbardziej powszechne i legalne we wszystkich regionach)<\/p>\n\n\n\n<p>Przepisy UE i Wielkiej Brytanii (EN 15194, StVZO w Niemczech, przepisy dotycz\u0105ce o\u015bwietlenia pojazd\u00f3w drogowych w Wielkiej Brytanii) okre\u015blaj\u0105, \u017ce przednie \u015bwiat\u0142o musi emitowa\u0107 sta\u0142e lub migaj\u0105ce \u015bwiat\u0142o. <strong>bia\u0142y promie\u0144<\/strong>.<\/p>\n\n\n\n<blockquote class=\"wp-block-quote is-layout-flow wp-block-quote-is-layout-flow\">\n<p><strong>Wa\u017cne<\/strong>: Niebieskie lub kolorowe \u015bwiat\u0142a z przodu s\u0105 cz\u0119sto nielegalne i mog\u0105 by\u0107 mylone z pojazdami ratunkowymi lub powodowa\u0107 problemy z widoczno\u015bci\u0105 dla innych u\u017cytkownik\u00f3w dr\u00f3g.<\/p>\n<\/blockquote>\n\n\n\n<p><strong>Wskaz\u00f3wka<\/strong>: Ciep\u0142e bia\u0142e \u015bwiat\u0142a (temperatura barwowa 4000-5000K) s\u0105 bardziej komfortowe podczas jazdy noc\u0105 w por\u00f3wnaniu do ostrych niebieskich diod LED.<\/p>\n\n\n\n<h2 class=\"wp-block-heading\"><strong>Ile lumen\u00f3w powinna mie\u0107 przednia lampka rowerowa?<\/strong><\/h2>\n\n\n\n<p><br>Jasno\u015b\u0107 jest mierzona w <strong>lumeny<\/strong>kt\u00f3re okre\u015blaj\u0105 ca\u0142kowit\u0105 ilo\u015b\u0107 emitowanego \u015bwiat\u0142a widzialnego.<\/p>\n\n\n\n<figure class=\"wp-block-table\"><table class=\"has-fixed-layout\"><thead><tr><th><strong>Sytuacja podczas jazdy<\/strong><\/th><th><strong>Minimalne zalecane nat\u0119\u017cenie \u015bwiat\u0142a<\/strong><\/th><\/tr><\/thead><tbody><tr><td>Widoczno\u015b\u0107 w dzie\u0144 (tryb migania)<\/td><td>200-300 lumen\u00f3w<\/td><\/tr><tr><td>Jazda po mie\u015bcie noc\u0105<\/td><td>400-600 lumen\u00f3w<\/td><\/tr><tr><td>Drogi wiejskie lub nieo\u015bwietlone<\/td><td>800-1500 lumen\u00f3w<\/td><\/tr><tr><td>Zjazd z du\u017c\u0105 pr\u0119dko\u015bci\u0105 \/ du\u017ce obci\u0105\u017cenie<\/td><td>1500-2000+ lumen\u00f3w<\/td><\/tr><\/tbody><\/table><\/figure>\n\n\n\n<p>Dla <strong>rowery cargo<\/strong>zazwyczaj zalecamy <strong>600-1200 lumen\u00f3w<\/strong>w zale\u017cno\u015bci od:<\/p>\n\n\n\n<ul class=\"wp-block-list\">\n<li>Niezale\u017cnie od tego, czy je\u017adzisz w nocy<\/li>\n\n\n\n<li>Warunki o\u015bwietlenia drogi<\/li>\n\n\n\n<li>Pr\u0119dko\u015b\u0107 i masa \u0142adunku (kt\u00f3re wp\u0142ywaj\u0105 na czas zatrzymania)<\/li>\n<\/ul>\n\n\n\n<p><strong>Pro Tip<\/strong>: Wybierz lampk\u0119 z regulowanymi ustawieniami jasno\u015bci (np. niska-\u015brednia-wysoka), aby zr\u00f3wnowa\u017cy\u0107 zu\u017cycie energii i widoczno\u015b\u0107.<\/p>\n\n\n\n<h2 class=\"wp-block-heading\"><strong>Czy 1000\/3000\/4000 lumen\u00f3w to zbyt du\u017ca jasno\u015b\u0107 jak na lampk\u0119 rowerow\u0105?<\/strong><\/h2>\n\n\n\n<p>To zale\u017cy, ale tak <em>mo\u017ce by\u0107<\/em> zbyt jasny w niekt\u00f3rych warunkach.<\/p>\n\n\n\n<figure class=\"wp-block-table\"><table class=\"has-fixed-layout\"><thead><tr><th><strong>Poziom \u015bwiat\u0142a<\/strong><\/th><th><strong>Przypadek u\u017cycia<\/strong><\/th><th><strong>Zbyt jasny?<\/strong><\/th><\/tr><\/thead><tbody><tr><td><strong>1000 lumen\u00f3w<\/strong><\/td><td>Doskona\u0142y do rower\u00f3w cargo i wszechstronnego u\u017cytku<\/td><td>Bezpieczny i idealny<\/td><\/tr><tr><td><strong>3000 lumen\u00f3w<\/strong><\/td><td>Nadaje si\u0119 do jazdy w terenie lub w bardzo ciemnych obszarach<\/td><td>\u26a0\ufe0f Ryzyko o\u015blepienia innych<\/td><\/tr><tr><td><strong>4000+ lumen\u00f3w<\/strong><\/td><td>Ekstremalna jasno\u015b\u0107; do u\u017cytku MTB lub na szlaku<\/td><td>Przesada do u\u017cytku drogowego<\/td><\/tr><\/tbody><\/table><\/figure>\n\n\n\n<p><strong>Dlaczego nadmierna jasno\u015b\u0107 mo\u017ce stanowi\u0107 problem:<\/strong><\/p>\n\n\n\n<ul class=\"wp-block-list\">\n<li>O\u015blepia nadje\u017cd\u017caj\u0105cych rowerzyst\u00f3w lub kierowc\u00f3w<\/li>\n\n\n\n<li>Mo\u017ce narusza\u0107 normy prawne w miejscach takich jak Niemcy (\u015bwiat\u0142a zgodne ze StVZO ograniczaj\u0105 intensywno\u015b\u0107 wi\u0105zki).<\/li>\n\n\n\n<li>Marnowanie energii - szybsze roz\u0142adowywanie akumulatora roweru elektrycznego lub zewn\u0119trznego zestawu o\u015bwietleniowego<\/li>\n<\/ul>\n\n\n\n<p><strong>Rozwi\u0105zanie<\/strong>: Poszukaj \u015bwiate\u0142 z soczewkami przeciwodblaskowymi lub wi\u0105zk\u0105 odcinaj\u0105c\u0105 - kieruj\u0105 one \u015bwiat\u0142o w d\u00f3\u0142, o\u015bwietlaj\u0105c drog\u0119 bez o\u015blepiania innych.<\/p>\n\n\n\n<h2 class=\"wp-block-heading\"><strong>Rodzaje <a href=\"https:\/\/regencargobikes.com\/pl\/what-is-a-cargo-bike\/\" data-type=\"post\" data-id=\"1179\">Rower cargo<\/a> \u015awiat\u0142a przednie wed\u0142ug \u017ar\u00f3d\u0142a zasilania<\/strong><\/h2>\n\n\n\n<figure class=\"wp-block-table\"><table class=\"has-fixed-layout\"><thead><tr><th><strong>Typ<\/strong><\/th><th><strong>Opis<\/strong><\/th><th><strong>Nadaje si\u0119 do<\/strong><\/th><\/tr><\/thead><tbody><tr><td><strong>Zasilanie bateryjne<\/strong><\/td><td>Zintegrowane ogniwo litowo-jonowe, \u0142adowane przez USB<\/td><td>Lekkie konfiguracje, swobodne u\u017cytkowanie w mie\u015bcie<\/td><\/tr><tr><td><strong>Zasilany dynamem<\/strong><\/td><td>Zasilany z koncentratora, energooszcz\u0119dny, niesko\u0144czony czas pracy<\/td><td>Rowery u\u017cytkowe, bez konieczno\u015bci \u0142adowania<\/td><\/tr><tr><td><strong>Zasilany system rower\u00f3w elektrycznych<\/strong><\/td><td>Pod\u0142\u0105czony do g\u0142\u00f3wnego akumulatora roweru elektrycznego za po\u015brednictwem kontrolera<\/td><td>Wi\u0119kszo\u015b\u0107 nowoczesnych rower\u00f3w cargo z centralnym akumulatorem<\/td><\/tr><\/tbody><\/table><\/figure>\n\n\n\n<h2 class=\"wp-block-heading\"><strong>Dodatkowe funkcje, kt\u00f3rych nale\u017cy szuka\u0107 w przednim \u015bwietle roweru cargo<\/strong><\/h2>\n\n\n\n<ul class=\"wp-block-list\">\n<li><strong>Zintegrowany system monta\u017cu<\/strong>: Szczeg\u00f3lnie wa\u017cne w przypadku rower\u00f3w towarowych \u0142adowanych od przodu. Lampka montowana na widelcu lub zintegrowana ze stela\u017cem zmniejsza wibracje i poprawia stabilno\u015b\u0107 wi\u0105zki.<\/li>\n\n\n\n<li><strong>Wodoodporno\u015b\u0107<\/strong>: Co najmniej IPX4 na deszczowe dojazdy do pracy.<\/li>\n\n\n\n<li><strong>Tryb jazdy dziennej<\/strong>: Poprawia widoczno\u015b\u0107 w \u015bwietle dziennym - coraz cz\u0119\u015bciej spotykana we flotach dostawczych.<\/li>\n\n\n\n<li><strong>Integracja baterii<\/strong>: W przypadku rower\u00f3w e-cargo idealnie sprawdza si\u0119 przednie \u015bwiat\u0142o, kt\u00f3re pobiera energi\u0119 z g\u0142\u00f3wnego akumulatora roweru - mniej element\u00f3w do \u0142adowania lub zarz\u0105dzania.<\/li>\n\n\n\n<li><strong>Funkcja \u015bwiat\u0142a sta\u0142ego<\/strong>: Niekt\u00f3re wysokiej klasy lampki dynamo lub lampki zintegrowane pozostaj\u0105 zapalone przez kilka minut po zatrzymaniu - przydatne w przypadku czerwonych \u015bwiate\u0142 lub kr\u00f3tkich postoj\u00f3w.<\/li>\n<\/ul>\n\n\n\n<h2 class=\"wp-block-heading\"><strong>Normy prawne i normy bezpiecze\u0144stwa do rozwa\u017cenia<\/strong><\/h2>\n\n\n\n<p>Kupuj\u0105c lub integruj\u0105c system o\u015bwietlenia przedniego, nale\u017cy sprawdzi\u0107 jego zgodno\u015b\u0107 z przepisami:<\/p>\n\n\n\n<ul class=\"wp-block-list\">\n<li><strong>EN 15194<\/strong> - Europejskie przepisy dotycz\u0105ce bezpiecze\u0144stwa rower\u00f3w elektrycznych, w tym wymagania dotycz\u0105ce o\u015bwietlenia<\/li>\n\n\n\n<li><strong>StVZO<\/strong> - Niemiecka norma o\u015bwietlenia drogowego (w przypadku eksportu lub sprzeda\u017cy w Niemczech)<\/li>\n\n\n\n<li><strong>UN ECE R113<\/strong> - Wi\u0105zki i rozproszenie \u015bwiat\u0142a, szczeg\u00f3lnie istotne w przypadku wi\u0119kszych pojazd\u00f3w elektrycznych<\/li>\n\n\n\n<li><strong>RoHS \/ CE<\/strong> - Bezpiecze\u0144stwo komponent\u00f3w elektrycznych i zgodno\u015b\u0107 \u015brodowiskowa<\/li>\n<\/ul>\n\n\n\n<hr class=\"wp-block-separator has-alpha-channel-opacity\"\/>\n\n\n\t\t<div data-elementor-type=\"section\" data-elementor-id=\"1414\" class=\"elementor elementor-1414\" data-elementor-post-type=\"elementor_library\">\n\t\t\t<div class=\"elementor-element elementor-element-7bf5eb01 e-flex e-con-boxed e-con e-parent\" data-id=\"7bf5eb01\" data-element_type=\"container\" data-e-type=\"container\" data-settings=\"{&quot;background_background&quot;:&quot;classic&quot;,&quot;ekit_has_onepagescroll_dot&quot;:&quot;yes&quot;}\">\n\t\t\t\t\t<div class=\"e-con-inner\">\n\t\t<div class=\"elementor-element elementor-element-9fc34e2 e-con-full e-flex e-con e-child\" data-id=\"9fc34e2\" data-element_type=\"container\" data-e-type=\"container\" data-settings=\"{&quot;background_background&quot;:&quot;classic&quot;,&quot;ekit_has_onepagescroll_dot&quot;:&quot;yes&quot;}\">\n\t\t\t\t<div class=\"elementor-element elementor-element-af4e700 elementor-absolute elementor-widget elementor-widget-image\" data-id=\"af4e700\" data-element_type=\"widget\" data-e-type=\"widget\" data-settings=\"{&quot;_position&quot;:&quot;absolute&quot;}\" data-widget_type=\"image.default\">\n\t\t\t\t<div class=\"elementor-widget-container\">\n\t\t\t\t\t\t\t\t\t\t\t\t\t\t\t<img fetchpriority=\"high\" decoding=\"async\" width=\"800\" height=\"422\" src=\"https:\/\/regencargobikes.com\/wp-content\/uploads\/2025\/05\/regen-02-electric-cargo-bike-.webp\" class=\"attachment-large size-large wp-image-1398\" alt=\"regen 02 elektryczny rower towarowy\" srcset=\"https:\/\/regencargobikes.com\/wp-content\/uploads\/2025\/05\/regen-02-electric-cargo-bike-.webp 1000w, https:\/\/regencargobikes.com\/wp-content\/uploads\/2025\/05\/regen-02-electric-cargo-bike--300x158.webp 300w, https:\/\/regencargobikes.com\/wp-content\/uploads\/2025\/05\/regen-02-electric-cargo-bike--768x405.webp 768w, https:\/\/regencargobikes.com\/wp-content\/uploads\/2025\/05\/regen-02-electric-cargo-bike--18x9.webp 18w\" sizes=\"(max-width: 800px) 100vw, 800px\" \/>\t\t\t\t\t\t\t\t\t\t\t\t\t\t\t<\/div>\n\t\t\t\t<\/div>\n\t\t\t\t<\/div>\n\t\t<div class=\"elementor-element elementor-element-7de8cd9d e-con-full e-flex e-con e-child\" data-id=\"7de8cd9d\" data-element_type=\"container\" data-e-type=\"container\" data-settings=\"{&quot;ekit_has_onepagescroll_dot&quot;:&quot;yes&quot;}\">\n\t\t\t\t<div class=\"elementor-element elementor-element-308b8d20 elementor-widget elementor-widget-elementskit-heading\" data-id=\"308b8d20\" data-element_type=\"widget\" data-e-type=\"widget\" data-widget_type=\"elementskit-heading.default\">\n\t\t\t\t<div class=\"elementor-widget-container\">\n\t\t\t\t\t<div class=\"ekit-wid-con\" ><div class=\"ekit-heading elementskit-section-title-wraper text_left   ekit_heading_tablet-   ekit_heading_mobile-text_center\"><h3 class=\"elementskit-section-subtitle\">\n\t\t\t\t\t\tRegen 02 Rower elektryczny cargo\n\t\t\t\t\t<\/h3><h2 class=\"ekit-heading--title elementskit-section-title\">Szukasz kompaktowej, konfigurowalnej \u0142adowarki czo\u0142owej dla swojej marki?<\/h2>\t\t\t\t<div class='ekit-heading__description'>\n\t\t\t\t\t<p class=\"p1\">Przetestowany przez T\u00dcV w poprzednich projektach niestandardowych. Model dost\u0119pny publicznie \u2014 konfigurowalny, sprawdzony i gotowy do skalowania.<\/p>\n\t\t\t\t<\/div>\n\t\t\t<\/div><\/div>\t\t\t\t<\/div>\n\t\t\t\t<\/div>\n\t\t\t\t<div class=\"elementor-element elementor-element-bf516c8 elementor-align-left elementor-align--mobilecenter elementor-widget elementor-widget-elementskit-button\" data-id=\"bf516c8\" data-element_type=\"widget\" data-e-type=\"widget\" data-widget_type=\"elementskit-button.default\">\n\t\t\t\t<div class=\"elementor-widget-container\">\n\t\t\t\t\t<div class=\"ekit-wid-con\" >\t\t<div class=\"ekit-btn-wraper\">\n\t\t\t\t\t\t\t<a href=\"https:\/\/regencargobikes.com\/pl\/long-john-cargo-bike-regen-02\/\" class=\"elementskit-btn  whitespace--normal\" id=\"\">\n\t\t\t\t\tDowiedz si\u0119 wi\u0119cej\t\t\t\t<\/a>\n\t\t\t\t\t<\/div>\n        <\/div>\t\t\t\t<\/div>\n\t\t\t\t<\/div>\n\t\t\t\t<\/div>\n\t\t\t\t\t<\/div>\n\t\t\t\t<\/div>\n\t\t\t\t<\/div>\n\t\t\n\n\n\n<h2 class=\"wp-block-heading\"><strong>Co wyr\u00f3\u017cnia dobre przednie \u015bwiat\u0142o rowerowe?<\/strong><\/h2>\n\n\n\n<p>Dobre przednie \u015bwiat\u0142o roweru towarowego ma kluczowe znaczenie dla bezpiecze\u0144stwa, zw\u0142aszcza bior\u0105c pod uwag\u0119 zazwyczaj wi\u0119ksze rozmiary i ci\u0119\u017csze \u0142adunki rower\u00f3w towarowych. Oto zestawienie tego, co sprawia, \u017ce \u015bwiat\u0142o jest skuteczne:<\/p>\n\n\n\n<h3 class=\"wp-block-heading\"><strong>1. Jasno\u015b\u0107 (strumie\u0144 \u015bwietlny\/Lux):<\/strong><\/h3>\n\n\n\n<ul class=\"wp-block-list\">\n<li><strong>Wysoka jasno\u015b\u0107:<\/strong> Rowery cargo potrzebuj\u0105 znacznej mocy \u015bwiat\u0142a, aby o\u015bwietli\u0107 drog\u0119 przed sob\u0105, szczeg\u00f3lnie podczas przewo\u017cenia ci\u0119\u017ckich \u0142adunk\u00f3w, kt\u00f3re mog\u0105 zas\u0142ania\u0107 drog\u0119 lub podczas jazdy w obszarach o ograniczonym o\u015bwietleniu ulicznym. Podczas gdy minimum 100-200 lumen\u00f3w jest cz\u0119sto podawane dla zwyk\u0142ych rower\u00f3w, rowery cargo znacznie korzystaj\u0105 z wy\u017cszych mocy wyj\u015bciowych, cz\u0119sto w <strong>Zakres 500-1000+ lumen\u00f3w<\/strong>Szczeg\u00f3lnie w przypadku nieo\u015bwietlonych dr\u00f3g lub szlak\u00f3w. Niekt\u00f3re specjalne \u015bwiat\u0142a do rower\u00f3w elektrycznych mog\u0105 nawet osi\u0105gn\u0105\u0107 1800 lumen\u00f3w lub wi\u0119cej.<\/li>\n\n\n\n<li><strong>Lux vs. Lumeny:<\/strong> Podczas gdy lumeny mierz\u0105 ca\u0142kowit\u0105 moc \u015bwiat\u0142a, luksy mierz\u0105 intensywno\u015b\u0107 \u015bwiat\u0142a w okre\u015blonej odleg\u0142o\u015bci i obszarze. Lampy zaprojektowane z dobrym wzorem wi\u0105zki (patrz poni\u017cej) mog\u0105 mie\u0107 ni\u017csz\u0105 liczb\u0119 lumen\u00f3w, ale nadal zapewniaj\u0105 doskona\u0142e o\u015bwietlenie tam, gdzie jest to najbardziej potrzebne ze wzgl\u0119du na zoptymalizowany luks.<\/li>\n<\/ul>\n\n\n\n<h3 class=\"wp-block-heading\"><strong>2. Wz\u00f3r wi\u0105zki:<\/strong><\/h3>\n\n\n\n<ul class=\"wp-block-list\">\n<li><strong>Szeroki i r\u00f3wnomierny zasi\u0119g:<\/strong> W przeciwie\u0144stwie do rower\u00f3w szosowych, kt\u00f3re mog\u0105 korzysta\u0107 z bardziej skupionej wi\u0105zki \u015bwiat\u0142a w celu zwi\u0119kszenia pr\u0119dko\u015bci, rowery towarowe potrzebuj\u0105 szerokiej i r\u00f3wnomiernej wi\u0105zki, aby o\u015bwietli\u0107 szerszy obszar przed rowerem, w tym przestrze\u0144 \u0142adunkow\u0105 i potencjalne przeszkody po bokach.<\/li>\n\n\n\n<li><strong>Wi\u0105zka odcinaj\u0105ca (zgodna ze StVZO):<\/strong> \u015awiat\u0142a z poziom\u0105 wi\u0105zk\u0105 odci\u0119cia s\u0105 wysoce zalecane, szczeg\u00f3lnie je\u015bli je\u017adzisz w ruchu ulicznym. Taka konstrukcja kieruje \u015bwiat\u0142o na drog\u0119 i zapobiega o\u015blepianiu nadje\u017cd\u017caj\u0105cych rowerzyst\u00f3w i kierowc\u00f3w. Jest to powszechna cecha \u015bwiate\u0142 zgodnych z normami europejskimi (StVZO).<\/li>\n\n\n\n<li><strong>Brak gor\u0105cych punkt\u00f3w:<\/strong> Dobra wi\u0105zka powinna by\u0107 p\u0142ynna i sp\u00f3jna, bez zbyt jasnych \"gor\u0105cych punkt\u00f3w\", kt\u00f3re mog\u0105 tworzy\u0107 cienie i ogranicza\u0107 og\u00f3ln\u0105 widoczno\u015b\u0107.<\/li>\n<\/ul>\n\n\n\n<h3 class=\"wp-block-heading\"><strong>3. \u0179r\u00f3d\u0142o zasilania i czas pracy:<\/strong><\/h3>\n\n\n\n<ul class=\"wp-block-list\">\n<li><strong>Zasilanie bateryjne (akumulator):<\/strong> Wiele nowoczesnych lampek rowerowych mo\u017cna \u0142adowa\u0107 przez USB. Zwr\u00f3\u0107 uwag\u0119 na d\u0142ugi czas pracy, zw\u0142aszcza je\u015bli je\u017adzisz d\u0142u\u017cej lub cz\u0119sto zapominasz o \u0142adowaniu. USB-C to wygodny standard \u0142adowania.<\/li>\n\n\n\n<li><strong>Dynamo Hub Powered:<\/strong> Aby zapewni\u0107 najwy\u017csz\u0105 wygod\u0119 i \"zawsze w\u0142\u0105czone\" o\u015bwietlenie, doskona\u0142\u0105 opcj\u0105 jest piasta dynamo zintegrowana z przednim ko\u0142em. Generuje ona energi\u0119 podczas jazdy, eliminuj\u0105c potrzeb\u0119 \u0142adowania akumulatora. Jest to szczeg\u00f3lnie popularne rozwi\u0105zanie w europejskich rowerach cargo.<\/li>\n\n\n\n<li><strong>Zintegrowany rower elektryczny:<\/strong> Je\u015bli masz rower elektryczny, poszukaj \u015bwiate\u0142 zaprojektowanych do bezpo\u015bredniej integracji z systemem akumulator\u00f3w roweru elektrycznego. \u015awiat\u0142a te cz\u0119sto oferuj\u0105 wy\u017csz\u0105 moc wyj\u015bciow\u0105 i sta\u0142\u0105 moc bez konieczno\u015bci stosowania oddzielnych akumulator\u00f3w. Upewnij si\u0119, \u017ce napi\u0119cie lampki pasuje do systemu roweru elektrycznego (np. 12 V, 24 V, 36 V, 48 V).<\/li>\n<\/ul>\n\n\n\n<h3 class=\"wp-block-heading\"><strong>4. Opcje monta\u017cu:<\/strong><\/h3>\n\n\n\n<ul class=\"wp-block-list\">\n<li><strong>Bezpiecze\u0144stwo i stabilno\u015b\u0107:<\/strong> Rowery cargo cz\u0119sto do\u015bwiadczaj\u0105 wi\u0119kszych wibracji i silniejszych uderze\u0144. Lampka musi by\u0107 bezpiecznie zamontowana, aby wytrzyma\u0107 te si\u0142y i zachowa\u0107 sw\u00f3j cel.<\/li>\n\n\n\n<li><strong>Odpowiednie umieszczenie:<\/strong> Zastan\u00f3w si\u0119, gdzie \u015bwiat\u0142o zostanie zamontowane na konkretnym rowerze cargo. Niekt\u00f3re rowery cargo maj\u0105 dedykowane punkty monta\u017cowe, podczas gdy inne mog\u0105 wymaga\u0107 kreatywnych rozwi\u0105za\u0144. Wy\u017cszy punkt mocowania mo\u017ce cz\u0119sto poprawi\u0107 widoczno\u015b\u0107 dla rowerzysty i innych u\u017cytkownik\u00f3w drogi.<\/li>\n\n\n\n<li><strong>Rozliczenie:<\/strong> Upewnij si\u0119, \u017ce \u015bwiat\u0142o nie koliduje z \u0142adunkiem, uk\u0142adem kierowniczym lub innymi akcesoriami.<\/li>\n<\/ul>\n\n\n\n<h3 class=\"wp-block-heading\"><strong>5. Trwa\u0142o\u015b\u0107 i odporno\u015b\u0107 na warunki atmosferyczne:<\/strong><\/h3>\n\n\n\n<ul class=\"wp-block-list\">\n<li><strong>Solidna konstrukcja:<\/strong> O\u015bwietlenie rowerowe cargo powinno by\u0107 trwa\u0142e, z wytrzyma\u0142\u0105 obudow\u0105 (cz\u0119sto aluminiow\u0105), aby wytrzyma\u0107 codzienne u\u017cytkowanie i potencjalne wstrz\u0105sy.<\/li>\n\n\n\n<li><strong>Wodoodporny\/odporny na warunki atmosferyczne:<\/strong> Poszukaj klasy IPX4 lub wy\u017cszej, aby upewni\u0107 si\u0119, \u017ce \u015bwiat\u0142o jest odporne na deszcz i zachlapania.<\/li>\n<\/ul>\n\n\n\n<h3 class=\"wp-block-heading\"><strong>6. Dodatkowe funkcje:<\/strong><\/h3>\n\n\n\n<ul class=\"wp-block-list\">\n<li><strong>Wiele tryb\u00f3w:<\/strong> Podczas gdy silna sta\u0142a wi\u0105zka jest niezb\u0119dna do widzenia, tryby migaj\u0105ce mog\u0105 zwi\u0119kszy\u0107 widoczno\u015b\u0107 dla innych w ci\u0105gu dnia lub w ruchliwym \u015brodowisku miejskim. Niekt\u00f3re \u015bwiat\u0142a oferuj\u0105 r\u00f3wnie\u017c tryb \"adaptacyjny\", kt\u00f3ry dostosowuje jasno\u015b\u0107 w zale\u017cno\u015bci od o\u015bwietlenia otoczenia.<\/li>\n\n\n\n<li><strong>\u015awiat\u0142a do jazdy dziennej (DRL):<\/strong> Badania pokazuj\u0105, \u017ce u\u017cywanie \u015bwiate\u0142 w ci\u0105gu dnia mo\u017ce znacznie zmniejszy\u0107 ryzyko kolizji. Dedykowany tryb DRL, cz\u0119sto mniej intensywny, ale dobrze widoczny b\u0142ysk, jest cenn\u0105 funkcj\u0105.<\/li>\n\n\n\n<li><strong>Widoczno\u015b\u0107 boczna:<\/strong> \u015awiat\u0142a z bocznymi wyci\u0119ciami lub dodatkowymi bocznymi diodami LED mog\u0105 poprawi\u0107 widoczno\u015b\u0107 z innych k\u0105t\u00f3w ni\u017c bezpo\u015brednio z przodu, co jest wa\u017cne dla bezpiecze\u0144stwa na skrzy\u017cowaniach.<\/li>\n\n\n\n<li><strong>Funkcjonalno\u015b\u0107 power banku:<\/strong> Niekt\u00f3re lampy zasilane bateryjnie pe\u0142ni\u0105 r\u00f3wnie\u017c funkcj\u0119 power bank\u00f3w, umo\u017cliwiaj\u0105c \u0142adowanie telefonu lub innych urz\u0105dze\u0144 w podr\u00f3\u017cy.<\/li>\n\n\n\n<li><strong>Prosty interfejs u\u017cytkownika:<\/strong> Proste, przyjazne dla r\u0119kawic przyciski i przejrzysty wyb\u00f3r tryb\u00f3w s\u0105 dodatkowym atutem.<\/li>\n\n\n\n<li><\/li>\n<\/ul>\n\n\n\n<h2 class=\"wp-block-heading\"><strong>Gdzie nale\u017cy zamontowa\u0107 przednie \u015bwiat\u0142o?<\/strong><\/h2>\n\n\n\n<p>Prawid\u0142owe pozycjonowanie zapewnia bezpiecze\u0144stwo i pozwala unikn\u0105\u0107 zacienienia. Oto typowe opcje:<\/p>\n\n\n\n<figure class=\"wp-block-table\"><table class=\"has-fixed-layout\"><thead><tr><th><strong>Pozycja monta\u017cowa<\/strong><\/th><th><strong>Zalety<\/strong><\/th><th><strong>Wady<\/strong><\/th><\/tr><\/thead><tbody><tr><td><strong>Monta\u017c na kierownicy<\/strong><\/td><td>\u0141atwa instalacja i regulacja<\/td><td>Mo\u017ce tworzy\u0107 cienie do przodu, je\u015bli \u0142adunek zas\u0142ania<\/td><\/tr><tr><td><strong>Korona widelca<\/strong><\/td><td>Sta\u0142e o\u015bwietlenie, niski poziom odblask\u00f3w<\/td><td>Mo\u017ce si\u0119 trz\u0105\u015b\u0107 na nier\u00f3wnym terenie<\/td><\/tr><tr><td><strong>Baga\u017cnik lub rura czo\u0142owa<\/strong><\/td><td>Dopasowuje si\u0119 do wysoko\u015bci \u0142adunku<\/td><td>Wymaga niestandardowych wspornik\u00f3w<\/td><\/tr><\/tbody><\/table><\/figure>\n\n\n\n<p>Do rower\u00f3w cargo \u0142adowanych od przodu, <strong>o\u015bwietlenie kierownicy mo\u017ce by\u0107 niewystarczaj\u0105ce<\/strong>. Cz\u0119sto zalecamy <strong>podw\u00f3jne systemy o\u015bwietlenia<\/strong>:<\/p>\n\n\n\n<ul class=\"wp-block-list\">\n<li>G\u0142\u00f3wne \u015bwiat\u0142o w\u0142\u0105czone <strong>baga\u017cnik lub rama<\/strong><\/li>\n\n\n\n<li>Dodatkowe \u015bwiat\u0142o w\u0142\u0105czone <strong>kierownica<\/strong><\/li>\n<\/ul>\n\n\n\n<h2 class=\"wp-block-heading\"><strong>Jak <a href=\"https:\/\/regencargobikes.com\/pl\/about\/\" data-type=\"page\" data-id=\"171\">Regen <\/a>Pomoc: O\u015bwietlenie modu\u0142owe, zintegrowane zasilanie i zgodno\u015b\u0107 z przepisami<\/strong><\/h2>\n\n\n\n<p>Projektujemy rowery cargo Regen z my\u015bl\u0105 o integracji o\u015bwietlenia:<\/p>\n\n\n\n<ul class=\"wp-block-list\">\n<li><strong>Niestandardowy monta\u017c \u015bwiate\u0142<\/strong> Do w\u00f3zk\u00f3w Long Johns, tr\u00f3jko\u0142owych i typu step-through<\/li>\n\n\n\n<li><strong>Wodoodporne okablowanie<\/strong> (IP65+) i wst\u0119pnie po\u0142\u0105czona wi\u0105zka przewod\u00f3w<\/li>\n\n\n\n<li><strong>Zarz\u0105dzanie energi\u0105 na poziomie systemu<\/strong> aby unikn\u0105\u0107 roz\u0142adowania baterii<\/li>\n\n\n\n<li><strong>Opcje zgodne z normami StVZO i EN 15194<\/strong> dla klient\u00f3w z UE<\/li>\n\n\n\n<li>Fakultatywny <strong>DRL, prze\u0142\u0105czanie \u015bwiate\u0142 drogowych \/ mijania<\/strong>, I <strong>czujniki automatycznego o\u015bwietlenia<\/strong><\/li>\n<\/ul>\n\n\n\n<p>A dla partner\u00f3w OEM\/ODM oferujemy <strong>Indywidualna integracja przednich \u015bwiate\u0142<\/strong> w zale\u017cno\u015bci od geometrii ramy, estetyki marki i scenariuszy u\u017cytkownika.<\/p>\n\n\n\n<p>\ud83d\udce9 <a href=\"https:\/\/regencargobikes.com\/pl\/contact\/\" data-type=\"page\" data-id=\"177\"><strong>Skontaktuj si\u0119 z nami teraz<\/strong><\/a> aby om\u00f3wi\u0107 sw\u00f3j projekt.<\/p>\n\n\n\n<hr class=\"wp-block-separator has-alpha-channel-opacity\"\/>\n\n\n\n<h2 class=\"wp-block-heading\"><strong>Odniesienia<\/strong><\/h2>\n\n\n\n<ul class=\"wp-block-list\">\n<li>Europejski Komitet Normalizacyjny (CEN). (2021). <em>EN 15194: Cykle wspomagane elektrycznie (EPAC) - EPAC - Wymagania bezpiecze\u0144stwa i metody bada\u0144.<\/em><\/li>\n\n\n\n<li>Federalne Ministerstwo Transportu i Infrastruktury Cyfrowej (Niemcy). (2022). <em>StVZO - Stra\u00dfenverkehrs-Zulassungs-Ordnung.<\/em><\/li>\n\n\n\n<li>Wzorce \u015bwiate\u0142 rowerowych i badanie bezpiecze\u0144stwa - Niemiecka Federacja Rowerzyst\u00f3w (ADFC), 2020 r.<\/li>\n<\/ul>","protected":false},"excerpt":{"rendered":"<p>At Regen, where we design and manufacture complete cargo bike systems for families and fleets, we often get asked about front lighting \u2014 especially as riders begin commuting at dusk, navigating low-light city alleys, or delivering across darker rural routes. Lighting is not just about visibility; it\u2019s about road legality, rider safety, and even battery [&hellip;]<\/p>\n","protected":false},"author":2,"featured_media":1740,"comment_status":"open","ping_status":"closed","sticky":false,"template":"","format":"standard","meta":{"footnotes":""},"categories":[2],"tags":[],"class_list":["post-1739","post","type-post","status-publish","format-standard","has-post-thumbnail","hentry","category-knowledge"],"_links":{"self":[{"href":"https:\/\/regencargobikes.com\/pl\/wp-json\/wp\/v2\/posts\/1739","targetHints":{"allow":["GET"]}}],"collection":[{"href":"https:\/\/regencargobikes.com\/pl\/wp-json\/wp\/v2\/posts"}],"about":[{"href":"https:\/\/regencargobikes.com\/pl\/wp-json\/wp\/v2\/types\/post"}],"author":[{"embeddable":true,"href":"https:\/\/regencargobikes.com\/pl\/wp-json\/wp\/v2\/users\/2"}],"replies":[{"embeddable":true,"href":"https:\/\/regencargobikes.com\/pl\/wp-json\/wp\/v2\/comments?post=1739"}],"version-history":[{"count":1,"href":"https:\/\/regencargobikes.com\/pl\/wp-json\/wp\/v2\/posts\/1739\/revisions"}],"predecessor-version":[{"id":1741,"href":"https:\/\/regencargobikes.com\/pl\/wp-json\/wp\/v2\/posts\/1739\/revisions\/1741"}],"wp:featuredmedia":[{"embeddable":true,"href":"https:\/\/regencargobikes.com\/pl\/wp-json\/wp\/v2\/media\/1740"}],"wp:attachment":[{"href":"https:\/\/regencargobikes.com\/pl\/wp-json\/wp\/v2\/media?parent=1739"}],"wp:term":[{"taxonomy":"category","embeddable":true,"href":"https:\/\/regencargobikes.com\/pl\/wp-json\/wp\/v2\/categories?post=1739"},{"taxonomy":"post_tag","embeddable":true,"href":"https:\/\/regencargobikes.com\/pl\/wp-json\/wp\/v2\/tags?post=1739"}],"curies":[{"name":"wp","href":"https:\/\/api.w.org\/{rel}","templated":true}]}}