{"id":1763,"date":"2025-07-29T02:36:57","date_gmt":"2025-07-28T18:36:57","guid":{"rendered":"https:\/\/regencargobikes.com\/?p=1763"},"modified":"2025-07-29T02:37:00","modified_gmt":"2025-07-28T18:37:00","slug":"the-strategic-imperative-of-cargo-bikes-in-european-urban-mobility","status":"publish","type":"post","link":"https:\/\/regencargobikes.com\/pl\/the-strategic-imperative-of-cargo-bikes-in-european-urban-mobility\/","title":{"rendered":"Strategiczne znaczenie rower\u00f3w cargo w europejskiej mobilno\u015bci miejskiej"},"content":{"rendered":"<p>Europejskie miasta przechodz\u0105 g\u0142\u0119bok\u0105 transformacj\u0119 w podej\u015bciu do transportu miejskiego i logistyki. Niegdy\u015b uwa\u017cane za rozwi\u0105zanie niszowe, rowery towarowe - w szczeg\u00f3lno\u015bci elektryczne rowery towarowe (e-cargo bikes) - szybko przekszta\u0142ci\u0142y si\u0119 w strategiczny filar zr\u00f3wnowa\u017conej, op\u0142acalnej i zorientowanej na ludzi mobilno\u015bci. Nie s\u0105 one jedynie alternatyw\u0105 dla tradycyjnych samochod\u00f3w dostawczych lub ci\u0119\u017car\u00f3wek; s\u0105 raczej katalizatorem zdrowszych, bezpieczniejszych i bardziej odpornych \u015brodowisk miejskich.<\/p>\n\n\n\n<p>W ca\u0142ej Europie rowery towarowe pomagaj\u0105 w realizacji ambitnych cel\u00f3w klimatycznych, zwalczaniu zator\u00f3w w miastach i zmniejszaniu koszt\u00f3w spo\u0142ecznych zdominowanych przez samochody krajobraz\u00f3w miejskich. Transformacja ta jest wspierana przez silny wzrost rynku, wspieraj\u0105c\u0105 polityk\u0119 i post\u0119p technologiczny, kt\u00f3ry sprawia, \u017ce rowery cargo staj\u0105 si\u0119 coraz bardziej konkurencyjne.<\/p>\n\n\n\n<blockquote class=\"wp-block-quote is-layout-flow wp-block-quote-is-layout-flow\">\n<p><\/p>\n<\/blockquote>\n\n\n\n<hr class=\"wp-block-separator has-alpha-channel-opacity\"\/>\n\n\n\n<h2 class=\"wp-block-heading\"><strong>Definiowanie rower\u00f3w cargo i ich wieloaspektowych zalet<\/strong><\/h2>\n\n\n\n<p>Rowery cargo to specjalnie skonstruowane rowery lub rowery tr\u00f3jko\u0142owe przeznaczone do przewo\u017cenia towar\u00f3w, pasa\u017cer\u00f3w lub sprz\u0119tu wykraczaj\u0105cego poza mo\u017cliwo\u015bci konwencjonalnego roweru. Ich elektryczne warianty (e-cargo bikes) wykorzystuj\u0105 zasilane bateryjnie wspomaganie peda\u0142owania, umo\u017cliwiaj\u0105c przewo\u017cenie ci\u0119\u017cszych \u0142adunk\u00f3w i pokonywanie d\u0142u\u017cszych dystans\u00f3w przy mniejszym wysi\u0142ku fizycznym.<\/p><div class=\"regen-test-placement-from-wizard-1604397851\" id=\"regen-3911696738\"><script async src=\"https:\/\/pagead2.googlesyndication.com\/pagead\/js\/adsbygoogle.js?client=ca-pub-1076230867169041\"\n     crossorigin=\"anonymous\"><\/script><\/div><div class=\"regen-test-placement-from-wizard-2878267818\" id=\"regen-3274647476\"><script async src=\"https:\/\/pagead2.googlesyndication.com\/pagead\/js\/adsbygoogle.js?client=ca-pub-1076230867169041\"\n     crossorigin=\"anonymous\"><\/script><\/div>\n\n\n\n<p>Niegdy\u015b ograniczone do niewielkich miejskich dostaw lub u\u017cytku rodzinnego, rowery towarowe odgrywaj\u0105 obecnie kluczow\u0105 rol\u0119 w logistyce miejskiej i mobilno\u015bci. Ich szeroka atrakcyjno\u015b\u0107 polega na po\u0142\u0105czeniu korzy\u015bci \u015brodowiskowych, ekonomicznych, operacyjnych i spo\u0142ecznych, kt\u00f3re wykraczaj\u0105 daleko poza sektor transportu.<\/p>\n\n\n\n<hr class=\"wp-block-separator has-alpha-channel-opacity\"\/>\n\n\n\n<p><\/p>\n\n\n\n<h3 class=\"wp-block-heading\"><strong>Korzy\u015bci dla \u015brodowiska: Bezemisyjny miejski transport towarowy<\/strong><\/h3>\n\n\n\n<p>Rowery towarowe bezpo\u015brednio odpowiadaj\u0105 na piln\u0105 potrzeb\u0119 dekarbonizacji transportu miejskiego. W przeciwie\u0144stwie do konwencjonalnych samochod\u00f3w dostawczych z silnikiem wysokopr\u0119\u017cnym, rowery e-cargo dzia\u0142aj\u0105 przy zerowej emisji spalin, znacznie zmniejszaj\u0105c emisj\u0119 dwutlenku w\u0119gla.<\/p>\n\n\n\n<ul class=\"wp-block-list\">\n<li>Badanie przeprowadzone w Londynie wykaza\u0142o, \u017ce rowery cargo produkuj\u0105 <strong>96% emituje mniej CO\u2082 na kilometr ni\u017c elektryczne samochody dostawcze<\/strong> i do <strong>90% mniej ni\u017c samochody dostawcze z silnikiem wysokopr\u0119\u017cnym<\/strong>.<\/li>\n\n\n\n<li>W Amsterdamie, w mie\u015bcie <em>Logistyka rowerowa<\/em> projekt zast\u0105piony <strong>7% przejazd\u00f3w komercyjnych van\u00f3w<\/strong>ci\u0119cie <strong>16 000 ton rocznej emisji CO\u2082<\/strong>-odpowiednik usuni\u0119cia <strong>3 500 samochod\u00f3w<\/strong> z ulic.<\/li>\n<\/ul>\n\n\n\n<p>Te korzy\u015bci \u015brodowiskowe maj\u0105 efekty kaskadowe. Czystsze powietrze przyczynia si\u0119 do poprawy zdrowia publicznego, a zmniejszone zanieczyszczenie ha\u0142asem zwi\u0119ksza komfort \u017cycia w mie\u015bcie.<\/p>\n\n\n\n<blockquote class=\"wp-block-quote is-layout-flow wp-block-quote-is-layout-flow\">\n<figure class=\"wp-block-image size-large\"><img fetchpriority=\"high\" decoding=\"async\" width=\"1024\" height=\"471\" src=\"https:\/\/regencargobikes.com\/wp-content\/uploads\/2025\/07\/In-Amsterdam-the-citys-Cycle-Logistics-project-replaced-7-of-commercial-van-trips-cutting-16000-tonnes-of-annual-CO\u2082-emissions\u2014the-equivalent-of-removing-3500-cars-from-the-streets-1024x471.webp\" alt=\"\" class=\"wp-image-1764\" srcset=\"https:\/\/regencargobikes.com\/wp-content\/uploads\/2025\/07\/In-Amsterdam-the-citys-Cycle-Logistics-project-replaced-7-of-commercial-van-trips-cutting-16000-tonnes-of-annual-CO\u2082-emissions\u2014the-equivalent-of-removing-3500-cars-from-the-streets-1024x471.webp 1024w, https:\/\/regencargobikes.com\/wp-content\/uploads\/2025\/07\/In-Amsterdam-the-citys-Cycle-Logistics-project-replaced-7-of-commercial-van-trips-cutting-16000-tonnes-of-annual-CO\u2082-emissions\u2014the-equivalent-of-removing-3500-cars-from-the-streets-300x138.webp 300w, https:\/\/regencargobikes.com\/wp-content\/uploads\/2025\/07\/In-Amsterdam-the-citys-Cycle-Logistics-project-replaced-7-of-commercial-van-trips-cutting-16000-tonnes-of-annual-CO\u2082-emissions\u2014the-equivalent-of-removing-3500-cars-from-the-streets-768x353.webp 768w, https:\/\/regencargobikes.com\/wp-content\/uploads\/2025\/07\/In-Amsterdam-the-citys-Cycle-Logistics-project-replaced-7-of-commercial-van-trips-cutting-16000-tonnes-of-annual-CO\u2082-emissions\u2014the-equivalent-of-removing-3500-cars-from-the-streets-1536x706.webp 1536w, https:\/\/regencargobikes.com\/wp-content\/uploads\/2025\/07\/In-Amsterdam-the-citys-Cycle-Logistics-project-replaced-7-of-commercial-van-trips-cutting-16000-tonnes-of-annual-CO\u2082-emissions\u2014the-equivalent-of-removing-3500-cars-from-the-streets-18x8.webp 18w, https:\/\/regencargobikes.com\/wp-content\/uploads\/2025\/07\/In-Amsterdam-the-citys-Cycle-Logistics-project-replaced-7-of-commercial-van-trips-cutting-16000-tonnes-of-annual-CO\u2082-emissions\u2014the-equivalent-of-removing-3500-cars-from-the-streets.webp 1766w\" sizes=\"(max-width: 1024px) 100vw, 1024px\" \/><\/figure>\n<\/blockquote>\n\n\n\n<hr class=\"wp-block-separator has-alpha-channel-opacity\"\/>\n\n\n\n<p><\/p>\n\n\n\n<h3 class=\"wp-block-heading\"><strong>Efektywno\u015b\u0107 ekonomiczna i operacyjna: Redefinicja dostaw miejskich<\/strong><\/h3>\n\n\n\n<p>Z biznesowego punktu widzenia rowery towarowe oferuj\u0105 istotne korzy\u015bci ekonomiczne. Liczne badania i projekty pilota\u017cowe wykaza\u0142y, \u017ce rowery elektryczne przewy\u017cszaj\u0105 samochody dostawcze w g\u0119stym \u015brodowisku miejskim.<\/p>\n\n\n\n<ul class=\"wp-block-list\">\n<li>Rowery cargo mog\u0105 obni\u017cy\u0107 koszty dostawy poprzez <strong>do 90%<\/strong> po uwzgl\u0119dnieniu koszt\u00f3w paliwa, parkingu i konserwacji.<\/li>\n\n\n\n<li>W Mediolanie program pilota\u017cowy wykaza\u0142 <strong>23% skr\u00f3cenie czasu dostawy<\/strong> oraz <strong>40% spadek koszt\u00f3w operacyjnych<\/strong> dla logistyki ostatniej mili w por\u00f3wnaniu z samochodami dostawczymi.<\/li>\n\n\n\n<li>W zat\u0142oczonych centrach miast rowery towarowe dostarczaj\u0105 paczki <strong>30% szybciej<\/strong> i mo\u017ce uko\u0144czy\u0107 <strong>20-25 dostaw na godzin\u0119<\/strong>w por\u00f3wnaniu do tylko <strong>12 dostaw na godzin\u0119<\/strong> dla samochod\u00f3w dostawczych.<\/li>\n<\/ul>\n\n\n\n<p>Zdolno\u015b\u0107 rower\u00f3w towarowych do utrzymywania przewidywalnych czas\u00f3w obs\u0142ugi, nawet w obszarach o du\u017cym nat\u0119\u017ceniu ruchu, pozwala firmom optymalizowa\u0107 harmonogramy dostaw i zwi\u0119ksza\u0107 zadowolenie klient\u00f3w.<\/p>\n\n\n\n<blockquote class=\"wp-block-quote is-layout-flow wp-block-quote-is-layout-flow\">\n<p><\/p>\n<\/blockquote>\n\n\n\n<hr class=\"wp-block-separator has-alpha-channel-opacity\"\/>\n\n\n\n<p><\/p>\n\n\n\n<h3 class=\"wp-block-heading\"><strong>Redukcja zator\u00f3w i lepszy dost\u0119p do miasta<\/strong><\/h3>\n\n\n\n<p>Rowery towarowe s\u0105 wyj\u0105tkowo przystosowane do poruszania si\u0119 po zat\u0142oczonych ulicach miast, strefach dla pieszych i strefach niskiej emisji (LEZ), gdzie wi\u0119ksze pojazdy podlegaj\u0105 karom lub wr\u0119cz ograniczeniom.<\/p>\n\n\n\n<p>Ich kompaktowy rozmiar umo\u017cliwia omini\u0119cie kolejek i dost\u0119p do kraw\u0119\u017cnik\u00f3w bez blokowania dr\u00f3g lub \u015bcie\u017cek rowerowych. Zast\u0119puj\u0105c samochody dostawcze, rowery towarowe uwalniaj\u0105 cenn\u0105 przestrze\u0144 miejsk\u0105, zmniejszaj\u0105 liczb\u0119 incydent\u00f3w podw\u00f3jnego parkowania i zmniejszaj\u0105 korki - korzy\u015bci, kt\u00f3re zar\u00f3wno miasta, jak i firmy bardzo ceni\u0105.<\/p>\n\n\n\n<hr class=\"wp-block-separator has-alpha-channel-opacity\"\/>\n\n\n\n<p><\/p>\n\n\n\n<h3 class=\"wp-block-heading\"><strong>Korzy\u015bci spo\u0142eczne i zdrowotne: Bezpieczniejsze, bardziej aktywne miasta<\/strong><\/h3>\n\n\n\n<p>Poza korzy\u015bciami \u015brodowiskowymi i ekonomicznymi, rowery cargo generuj\u0105 znacz\u0105ce korzy\u015bci spo\u0142eczne:<\/p>\n\n\n\n<ol start=\"1\" class=\"wp-block-list\">\n<li><strong>Promowanie aktywnego podr\u00f3\u017cowania:<\/strong> Zwi\u0119kszone uczestnictwo w ruchu rowerowym sprzyja zdrowszemu stylowi \u017cycia i buduje kultur\u0119 rowerow\u0105 w miastach.<\/li>\n\n\n\n<li><strong>Bezpieczniejsze ulice:<\/strong> Rowery towarowe poruszaj\u0105 si\u0119 z mniejsz\u0105 pr\u0119dko\u015bci\u0105 ni\u017c pojazdy silnikowe, co zmniejsza ryzyko i dotkliwo\u015b\u0107 kolizji drogowych.<\/li>\n\n\n\n<li><strong>Zdrowie publiczne:<\/strong> Czystsze powietrze i mniejsze zanieczyszczenie ha\u0142asem przyczyniaj\u0105 si\u0119 do poprawy samopoczucia spo\u0142eczno\u015bci.<\/li>\n<\/ol>\n\n\n\n<p>Londyn <strong>Wizja Zero<\/strong> Strategia bezpiecze\u0144stwa, na przyk\u0142ad, jest \u015bci\u015ble powi\u0105zana z przyj\u0119ciem rower\u00f3w towarowych, poniewa\u017c pojazdy te zmniejszaj\u0105 ryzyko w ruchu drogowym dla pieszych i innych rowerzyst\u00f3w.<\/p>\n\n\n\n<blockquote class=\"wp-block-quote is-layout-flow wp-block-quote-is-layout-flow\">\n<p><\/p>\n<\/blockquote>\n\n\n\n<hr class=\"wp-block-separator has-alpha-channel-opacity\"\/>\n\n\n\n<p><\/p>\n\n\n\n<h3 class=\"wp-block-heading\"><strong>Samonap\u0119dzaj\u0105cy si\u0119 cykl korzy\u015bci<\/strong><\/h3>\n\n\n\n<p>Te wieloaspektowe korzy\u015bci dzia\u0142aj\u0105 synergicznie. Firmy reinwestuj\u0105 oszcz\u0119dno\u015bci z dostaw rower\u00f3w towarowych w rozbudow\u0119 swoich ekologicznych flot, co dodatkowo zmniejsza korki i emisje. Czystsze, bezpieczniejsze ulice zach\u0119caj\u0105 wi\u0119cej os\u00f3b do jazdy na rowerze, zwi\u0119kszaj\u0105c popyt na infrastruktur\u0119 rowerow\u0105 i normalizuj\u0105c korzystanie z rower\u00f3w cargo.<\/p>\n\n\n\n<p>Polityka miejska maj\u0105ca na celu promowanie rower\u00f3w cargo powinna zatem uwzgl\u0119dnia\u0107 <strong>podej\u015bcie holistyczne<\/strong>Wykorzystuj\u0105c jednocze\u015bnie korzy\u015bci \u015brodowiskowe, ekonomiczne i spo\u0142eczne, aby zmaksymalizowa\u0107 wp\u0142yw.<\/p>\n\n\n\n<hr class=\"wp-block-separator has-alpha-channel-opacity\"\/>\n\n\n\n<p><\/p>\n\n\n\n<h2 class=\"wp-block-heading\"><strong>Przegl\u0105d europejskiego rynku rower\u00f3w elektrycznych: Stan obecny i prognozy wzrostu (2024-2034)<\/strong><\/h2>\n\n\n\n<p>Europejski rynek rower\u00f3w elektrycznych wszed\u0142 w okres gwa\u0142townego wzrostu, odzwierciedlaj\u0105c jego rosn\u0105ce znaczenie w strategiach mobilno\u015bci miejskiej.<\/p>\n\n\n\n<ul class=\"wp-block-list\">\n<li><strong>Warto\u015b\u0107 rynku w 2024 r:<\/strong> USD <strong>2,01 mld euro<\/strong><\/li>\n\n\n\n<li><strong>Prognozowana warto\u015b\u0107 rynkowa w 2034 r:<\/strong> USD <strong>37,24 mld euro<\/strong><\/li>\n\n\n\n<li><strong>CAGR:<\/strong> <strong>33.90% (2024-2034)<\/strong><\/li>\n<\/ul>\n\n\n\n<p>Oddzielna analiza przewiduje wzrost rynku z <strong>1,16 mld USD w 2025 r. do 1,6 mld USD w 2029 r.<\/strong>reprezentuj\u0105cy bardziej konserwatywny, ale wci\u0105\u017c znacz\u0105cy <strong>8.51% CAGR<\/strong>.<\/p>\n\n\n\n<p>Ta trajektoria wzrostowa jest nap\u0119dzana przez kilka zbie\u017cnych si\u0142:<\/p>\n\n\n\n<ol start=\"1\" class=\"wp-block-list\">\n<li><strong>Priorytety zr\u00f3wnowa\u017conej mobilno\u015bci:<\/strong> Miasta i firmy stawiaj\u0105 na transport niskoemisyjny.<\/li>\n\n\n\n<li><strong>Presja regulacyjna:<\/strong> Bardziej rygorystyczne normy \u015brodowiskowe, takie jak Europejski Zielony \u0141ad, przyspieszaj\u0105 elektryfikacj\u0119 floty.<\/li>\n\n\n\n<li><strong>Ekonomiczna logistyka:<\/strong> Zapotrzebowanie na przyst\u0119pne cenowo rozwi\u0105zania w zakresie dostaw na ostatnim odcinku jest rekordowo wysokie.<\/li>\n<\/ol>\n\n\n\n<blockquote class=\"wp-block-quote is-layout-flow wp-block-quote-is-layout-flow\">\n<p><\/p>\n<\/blockquote>\n\n\n\n<hr class=\"wp-block-separator has-alpha-channel-opacity\"\/>\n\n\n\n<p><\/p>\n\n\n\n<h3 class=\"wp-block-heading\"><strong>Regionalni liderzy: Europa Zachodnia w czo\u0142\u00f3wce<\/strong><\/h3>\n\n\n\n<p>Europa Zachodnia dominuje na rynku rower\u00f3w e-cargo, z Niemcami, Holandi\u0105, Dani\u0105 i Francj\u0105 na czele.<\/p>\n\n\n\n<ul class=\"wp-block-list\">\n<li><strong>Niemcy:<\/strong> Uchwyty <strong>44% na rynku europejskim (2024)<\/strong>Dzi\u0119ki silnym tradycjom rowerowym, ambitnej polityce klimatycznej i inwestycjom w infrastruktur\u0119 rowerow\u0105, tak\u0105 jak chronione pasy ruchu i bezpieczne parkingi.<\/li>\n\n\n\n<li><strong>Holandia i Dania:<\/strong> Te kraje rowerowe korzystaj\u0105 z dziesi\u0119cioleci rozwoju infrastruktury, co czyni je idealnymi \u015brodowiskami do powszechnego korzystania z rower\u00f3w elektrycznych.<\/li>\n\n\n\n<li><strong>Francja:<\/strong> Pary\u017c i inne francuskie miasta szybko rozwijaj\u0105 inicjatywy rower\u00f3w towarowych w ramach szerszych strategii mobilno\u015bci i klimatu.<\/li>\n<\/ul>\n\n\n\n<hr class=\"wp-block-separator has-alpha-channel-opacity\"\/>\n\n\n\n<p><\/p>\n\n\n\n<h3 class=\"wp-block-heading\"><strong>Krajobraz bran\u017cy: R\u00f3\u017cnorodni gracze nap\u0119dzaj\u0105cy innowacje<\/strong><\/h3>\n\n\n\n<p>Rynek obejmuje dynamiczn\u0105 mieszank\u0119 uznanych producent\u00f3w rower\u00f3w, startup\u00f3w zajmuj\u0105cych si\u0119 mobilno\u015bci\u0105 elektryczn\u0105 i wyspecjalizowanych producent\u00f3w rower\u00f3w towarowych. Do wiod\u0105cych firm nale\u017c\u0105:<\/p>\n\n\n\n<ul class=\"wp-block-list\">\n<li><strong>Strza\u0142a miejska<\/strong><\/li>\n\n\n\n<li><strong>Riese &amp; M\u00fcller<\/strong><\/li>\n\n\n\n<li><strong>Rowery Tern<\/strong><\/li>\n\n\n\n<li><strong>Rze\u017anicy i rowery<\/strong><\/li>\n\n\n\n<li><strong>Rowery Rad Power<\/strong><\/li>\n\n\n\n<li><strong>Babboe<\/strong><\/li>\n<\/ul>\n\n\n\n<p>Marki te intensywnie inwestuj\u0105 w <strong>dywersyfikacja produkt\u00f3w<\/strong>, oferuj\u0105c takie modele jak:<\/p>\n\n\n\n<ol start=\"1\" class=\"wp-block-list\">\n<li><strong><a href=\"https:\/\/regencargobikes.com\/pl\/what-is-a-long-john-cargo-bike\/\" data-type=\"post\" data-id=\"1411\">Rowery cargo z d\u0142ugim ogonem<\/a>:<\/strong> Wyd\u0142u\u017cone tylne baga\u017cniki do przewo\u017cenia wielu dzieci lub niepor\u0119cznych przedmiot\u00f3w.<\/li>\n\n\n\n<li><strong><a href=\"https:\/\/regencargobikes.com\/pl\/rs01-e-cargo-bike\/\" data-type=\"page\" data-id=\"933\">Konstrukcje z przedni\u0105 \u0142adowark\u0105 (Bakfiets)<\/a>:<\/strong> Du\u017ce skrzynie z przodu na ci\u0119\u017csze lub delikatniejsze \u0142adunki.<\/li>\n\n\n\n<li><strong>Tr\u00f3jko\u0142owe w\u00f3zki transportowe:<\/strong> Wi\u0119ksza \u0142adowno\u015b\u0107 i stabilno\u015b\u0107, idealna do transportu komercyjnego.<\/li>\n<\/ol>\n\n\n\n<p>Post\u0119py w <strong>technologia akumulator\u00f3w, silniki elektryczne i lekkie ramy<\/strong> sprawiaj\u0105, \u017ce rowery cargo s\u0105 bardziej wytrzyma\u0142e, niezawodne i wszechstronne ni\u017c kiedykolwiek wcze\u015bniej.<\/p>\n\n\n\n<blockquote class=\"wp-block-quote is-layout-flow wp-block-quote-is-layout-flow\">\n<p><strong>Sugestia dotycz\u0105ca obrazu:<\/strong> Kola\u017c z etykietami przedstawiaj\u0105cy r\u00f3\u017cne projekty rower\u00f3w elektrycznych (z d\u0142ugim ogonem, z \u0142adowaczem czo\u0142owym i tr\u00f3jko\u0142owych) wiod\u0105cych europejskich marek.<\/p>\n<\/blockquote>\n\n\n\n<hr class=\"wp-block-separator has-alpha-channel-opacity\"\/>\n\n\n\n<p><\/p>\n\n\n\n<h3 class=\"wp-block-heading\"><strong>Ewolucja rynku i specjalizacja<\/strong><\/h3>\n\n\n\n<p>Sektor rower\u00f3w towarowych dojrzewa do samodzielnego segmentu odr\u0119bnego od szerszej bran\u017cy rowerowej. Dowodem na t\u0119 zmian\u0119 jest wprowadzenie na rynek <strong>Mobifuture<\/strong>dedykowane targi mobilno\u015bci elektrycznej i miejskiej, zlokalizowane wsp\u00f3lnie z <strong>Eurobike<\/strong> od 2026 roku.<\/p>\n\n\n\n<p>To nowe wydarzenie zwr\u00f3ci uwag\u0119 na rowery towarowe jako kluczow\u0105 cz\u0119\u015b\u0107 przysz\u0142o\u015bci mobilno\u015bci w Europie, \u0142\u0105cz\u0105c producent\u00f3w, decydent\u00f3w i operator\u00f3w flot. Oczekuje si\u0119, \u017ce wraz ze wzrostem inwestycji prywatnych i wzrostem korzy\u015bci skali, sektor ten stanie si\u0119 coraz bardziej samowystarczalny, zmniejszaj\u0105c zale\u017cno\u015b\u0107 od dotacji publicznych.<\/p>\n\n\n\n<blockquote class=\"wp-block-quote is-layout-flow wp-block-quote-is-layout-flow\">\n<p><strong>Sugestia dotycz\u0105ca obrazu:<\/strong> Zdj\u0119cie t\u0119tni\u0105cej \u017cyciem hali wystawowej Eurobike z innowacyjnymi modelami rower\u00f3w cargo i mo\u017cliwo\u015bci\u0105 nawi\u0105zywania kontakt\u00f3w mi\u0119dzy profesjonalistami z bran\u017cy.<\/p>\n<\/blockquote>\n\n\n\n<hr class=\"wp-block-separator has-alpha-channel-opacity\"\/>\n\n\n\n<p><\/p>\n\n\n\n<h2 class=\"wp-block-heading\"><strong>Wnioski: Rowery towarowe kamieniem w\u0119gielnym europejskiej mobilno\u015bci miejskiej<\/strong><\/h2>\n\n\n\n<p>Rowery towarowe zapewniaj\u0105 transformacyjne wyniki dla miast, firm i spo\u0142eczno\u015bci. Znacznie zmniejszaj\u0105 emisj\u0119 gaz\u00f3w cieplarnianych, obni\u017caj\u0105 koszty logistyki i zwi\u0119kszaj\u0105 komfort \u017cycia w miastach dzi\u0119ki bezpieczniejszym ulicom i ulepszonym przestrzeniom publicznym.<\/p>\n\n\n\n<p>Europejski rynek rower\u00f3w e-cargo znajduje si\u0119 na gwa\u0142townej trajektorii wzrostowej, rosn\u0105c z poziomu <strong>2,01 mld USD w 2024 r. do prognozowanych 37,24 mld USD do 2034 r.<\/strong>. Ekspansja ta jest nap\u0119dzana przez my\u015blenie przysz\u0142o\u015bciowe, innowacje technologiczne i zmian\u0119 nastawienia spo\u0142ecze\u0144stwa do zr\u00f3wnowa\u017conego transportu.<\/p>\n\n\n\n<p>Dla decydent\u00f3w inwestowanie w infrastruktur\u0119 rower\u00f3w towarowych i zach\u0119ty to nie tylko gest \u015brodowiskowy - to strategiczna decyzja dotycz\u0105ca mobilno\u015bci w mie\u015bcie, przynosz\u0105ca d\u0142ugoterminowe korzy\u015bci spo\u0142eczne i gospodarcze. Dla firm przyj\u0119cie rower\u00f3w towarowych stanowi wyra\u017an\u0105 przewag\u0119 konkurencyjn\u0105 w spe\u0142nianiu oczekiwa\u0144 klient\u00f3w w zakresie szybkich, niezawodnych i przyjaznych dla \u015brodowiska dostaw.<\/p>\n\n\n\n<p>Poniewa\u017c miasta nadal zmagaj\u0105 si\u0119 z korkami, zmianami klimatu i wyzwaniami zwi\u0105zanymi ze zdrowiem publicznym, rowery cargo wyr\u00f3\u017cniaj\u0105 si\u0119 jako sprawdzone, skalowalne rozwi\u0105zanie, kt\u00f3re mo\u017ce zmieni\u0107 europejsk\u0105 mobilno\u015b\u0107 miejsk\u0105 na nadchodz\u0105ce dziesi\u0119ciolecia.<\/p>\n\n\n\n<p><\/p>","protected":false},"excerpt":{"rendered":"<p>European cities are undergoing a profound transformation in how they approach urban transportation and logistics. Once regarded as a niche solution, cargo bikes\u2014particularly electric cargo bikes (e-cargo bikes)\u2014have rapidly evolved into a strategic pillar for sustainable, cost-effective, and people-centric mobility. They are not merely an alternative to traditional delivery vans or trucks; rather, they are [&hellip;]<\/p>\n","protected":false},"author":2,"featured_media":1630,"comment_status":"closed","ping_status":"closed","sticky":false,"template":"","format":"standard","meta":{"footnotes":""},"categories":[2],"tags":[],"class_list":["post-1763","post","type-post","status-publish","format-standard","has-post-thumbnail","hentry","category-knowledge"],"_links":{"self":[{"href":"https:\/\/regencargobikes.com\/pl\/wp-json\/wp\/v2\/posts\/1763","targetHints":{"allow":["GET"]}}],"collection":[{"href":"https:\/\/regencargobikes.com\/pl\/wp-json\/wp\/v2\/posts"}],"about":[{"href":"https:\/\/regencargobikes.com\/pl\/wp-json\/wp\/v2\/types\/post"}],"author":[{"embeddable":true,"href":"https:\/\/regencargobikes.com\/pl\/wp-json\/wp\/v2\/users\/2"}],"replies":[{"embeddable":true,"href":"https:\/\/regencargobikes.com\/pl\/wp-json\/wp\/v2\/comments?post=1763"}],"version-history":[{"count":1,"href":"https:\/\/regencargobikes.com\/pl\/wp-json\/wp\/v2\/posts\/1763\/revisions"}],"predecessor-version":[{"id":1765,"href":"https:\/\/regencargobikes.com\/pl\/wp-json\/wp\/v2\/posts\/1763\/revisions\/1765"}],"wp:featuredmedia":[{"embeddable":true,"href":"https:\/\/regencargobikes.com\/pl\/wp-json\/wp\/v2\/media\/1630"}],"wp:attachment":[{"href":"https:\/\/regencargobikes.com\/pl\/wp-json\/wp\/v2\/media?parent=1763"}],"wp:term":[{"taxonomy":"category","embeddable":true,"href":"https:\/\/regencargobikes.com\/pl\/wp-json\/wp\/v2\/categories?post=1763"},{"taxonomy":"post_tag","embeddable":true,"href":"https:\/\/regencargobikes.com\/pl\/wp-json\/wp\/v2\/tags?post=1763"}],"curies":[{"name":"wp","href":"https:\/\/api.w.org\/{rel}","templated":true}]}}