{"id":1766,"date":"2025-07-29T04:04:42","date_gmt":"2025-07-28T20:04:42","guid":{"rendered":"https:\/\/regencargobikes.com\/?p=1766"},"modified":"2025-07-29T04:04:44","modified_gmt":"2025-07-28T20:04:44","slug":"e-cargo-bike-current-policy-landscape-and-enabling-activities-across-the-eu","status":"publish","type":"post","link":"https:\/\/regencargobikes.com\/pl\/e-cargo-bike-current-policy-landscape-and-enabling-activities-across-the-eu\/","title":{"rendered":"E Cargo Bike Aktualny krajobraz polityczny i dzia\u0142ania wspieraj\u0105ce w ca\u0142ej UE"},"content":{"rendered":"<p>Przyj\u0119cie rower\u00f3w cargo w Europie nie odbywa si\u0119 w izolacji. Solidny i dobrze skoordynowany ekosystem polityczny na poziomie <strong>Poziom UE, krajowy i miejski<\/strong> nap\u0119dza t\u0119 transformacj\u0119, wspieran\u0105 przez <strong>zach\u0119ty finansowe, rozw\u00f3j infrastruktury, programy pilota\u017cowe i partnerstwa publiczno-prywatne<\/strong>. \u0141\u0105cznie inicjatywy te stwarzaj\u0105 warunki, aby rowery towarowe sta\u0142y si\u0119 g\u0142\u00f3wnym nurtem rozwi\u0105za\u0144 w zakresie mobilno\u015bci i logistyki miejskiej.<\/p>\n\n\n\n<hr class=\"wp-block-separator has-alpha-channel-opacity\"\/>\n\n\n\n<h2 class=\"wp-block-heading\"><strong>2.1 Ramy polityki i dyrektywy Unii Europejskiej dotycz\u0105ce rower\u00f3w towarowych<\/strong><\/h2>\n\n\n\n<p>Na najwy\u017cszym szczeblu, Unia Europejska okre\u015bli\u0142a <strong>mandat strategiczny<\/strong> dla rower\u00f3w towarowych poprzez szereg ram i dyrektyw. Polityki te maj\u0105 kluczowe znaczenie dla zapewnienia kierunku i sp\u00f3jno\u015bci pa\u0144stwom cz\u0142onkowskim i samorz\u0105dom lokalnym.<\/p>\n\n\n\n<p><strong>Przegl\u0105d kluczowych program\u00f3w dop\u0142at do rower\u00f3w towarowych w wybranych krajach\/miastach UE (2024-2025)<\/strong><\/p><div class=\"regen-test-placement-from-wizard-1604397851\" id=\"regen-2705347069\"><script async src=\"https:\/\/pagead2.googlesyndication.com\/pagead\/js\/adsbygoogle.js?client=ca-pub-1076230867169041\"\n     crossorigin=\"anonymous\"><\/script><\/div><div class=\"regen-test-placement-from-wizard-2878267818\" id=\"regen-3529585437\"><script async src=\"https:\/\/pagead2.googlesyndication.com\/pagead\/js\/adsbygoogle.js?client=ca-pub-1076230867169041\"\n     crossorigin=\"anonymous\"><\/script><\/div>\n\n\n\n<figure class=\"wp-block-table\"><table class=\"has-fixed-layout\"><tbody><tr><td>Lokalizacja<\/td><td>Nazwa programu<\/td><td>Grupa docelowa<\/td><td>Typ roweru<\/td><td>Kwota\/mechanizm subsydium<\/td><td>Kluczowe kryteria kwalifikacji<\/td><\/tr><tr><td>Austria (Salzburg)<\/td><td>Finansowanie przyczepek rowerowych i rower\u00f3w cargo<\/td><td>Osoby prywatne<\/td><td>Rowery towarowe, rowery elektryczne, przyczepy rowerowe<\/td><td>30% nowej ceny: do 250 \u20ac (przyczepa), 800 \u20ac (\u0142adunek), 1000 \u20ac (e-cargo)<\/td><td>Mieszka\u0142 w Salzburgu przez \u22651 rok<\/td><\/tr><tr><td>Austria (Wiede\u0144)<\/td><td>Dotacja na rowery towarowe dla os\u00f3b prywatnych<\/td><td>Osoby prywatne, firmy, organizacje non-profit<\/td><td>Nieelektryczny, Elektryczny<\/td><td>50% ceny zakupu: do 800 EUR (nieelektryczne), 1000 EUR (elektryczne); wy\u017csze dla firm<\/td><td>Dow\u00f3d zakupu, zamieszkania\/zameldowania w Wiedniu<\/td><\/tr><tr><td>Austria (Stuttgart)<\/td><td>Program subsydiowania elektrycznych rower\u00f3w cargo<\/td><td>Rodziny, samotni rodzice<\/td><td>Rowery elektryczne<\/td><td>Do 1100 euro (600 euro z g\u00f3ry, 500 euro po 3 latach)<\/td><td>Szczeg\u00f3lne okoliczno\u015bci rodzinne<\/td><\/tr><tr><td>Austria (kraj)<\/td><td>Program Klimaaktiv<\/td><td>Osoby prywatne, firmy, gminy, stowarzyszenia<\/td><td>Rowery elektryczne, rowery cargo, rowery sk\u0142adane<\/td><td>Do 900 EUR (rowery do transportu prywatnego); 30% koszt\u00f3w (firmy\/miasta, min. 5 rower\u00f3w elektrycznych)<\/td><td>Spe\u0142nia okre\u015blon\u0105 no\u015bno\u015b\u0107\/wymiary; zg\u0142oszenia otwarte do 28 lutego 2025 r.<\/td><\/tr><tr><td>Niemcy (federalne)<\/td><td>Fundusz dotacji na rowery E-Cargo<\/td><td>Firmy prywatne, instytucje publiczne<\/td><td>Rowery elektryczne, przyczepy elektryczne<\/td><td>25% koszt\u00f3w zakupu, maksymalnie 3 500 EUR na rower\/przyczep\u0119<\/td><td>Transport towar\u00f3w w r\u00f3\u017cnych sektorach<\/td><\/tr><tr><td>W\u0142ochy (krajowy)<\/td><td>Ustawa bud\u017cetowa na 2021 r. Ulga podatkowa<\/td><td>Mikro i ma\u0142e przedsi\u0119biorstwa<\/td><td>Mi\u0119\u015bniowy, wspomagany peda\u0142ami<\/td><td>Ulga podatkowa 30%, do 2 000 euro rocznie<\/td><td>Firmy prowadz\u0105ce dzia\u0142alno\u015b\u0107 w zakresie transportu towar\u00f3w<\/td><\/tr><tr><td>Holandia (krajowy)<\/td><td>Programy MIA i Vamil (2025)<\/td><td>Firmy<\/td><td>Elektryczne rowery towarowe (w tym zasilane energi\u0105 s\u0142oneczn\u0105)<\/td><td>MIA: do 45% odliczenia; Vamil: 75% elastyczna amortyzacja<\/td><td>Minimalna masa w\u0142asna 75 kg; energia s\u0142oneczna: zintegrowana moc szczytowa min. 400 W<\/td><\/tr><\/tbody><\/table><\/figure>\n\n\n\n<hr class=\"wp-block-separator has-alpha-channel-opacity\"\/>\n\n\n\n<h3 class=\"wp-block-heading\"><strong>Europejski Zielony \u0141ad: mobilno\u015b\u0107 neutralna dla klimatu<\/strong><\/h3>\n\n\n\n<p>Ten <strong>Europejski Zielony \u0141ad<\/strong> wyznacza ambitny cel, jakim jest uczynienie Europy pierwszym kontynentem neutralnym dla klimatu do 2020 r. <strong>2050<\/strong>, wymagaj\u0105cy <strong>90% redukcja emisji CO\u2082 w sektorze transportu<\/strong>. Rowery towarowe odgrywaj\u0105 kluczow\u0105 rol\u0119 w realizacji tej wizji, zast\u0119puj\u0105c wysokoemisyjne pojazdy na obszarach miejskich.<\/p>\n\n\n\n<blockquote class=\"wp-block-quote is-layout-flow wp-block-quote-is-layout-flow\">\n<p><\/p>\n<\/blockquote>\n\n\n\n<hr class=\"wp-block-separator has-alpha-channel-opacity\"\/>\n\n\n\n<h3 class=\"wp-block-heading\"><strong>Strategia zr\u00f3wnowa\u017conej i inteligentnej mobilno\u015bci<\/strong><\/h3>\n\n\n\n<p>Przyj\u0119ty w <strong>Grudzie\u0144 2020 r.<\/strong>w <strong>Strategia zr\u00f3wnowa\u017conej i inteligentnej mobilno\u015bci<\/strong> oferuje plan dzia\u0142ania na rzecz ekologicznej i cyfrowej transformacji transportu w UE. Jego polityka wp\u0142ywa na dzia\u0142ania poprzez <strong>2024 i p\u00f3\u017aniej<\/strong>, skupiaj\u0105c si\u0119 na <strong>integracja multimodalna, pojazdy bezemisyjne i dekarbonizacja logistyki miejskiej<\/strong>, z kt\u00f3rych wszystkie bezpo\u015brednio wspieraj\u0105 adopcj\u0119 rower\u00f3w cargo.<\/p>\n\n\n\n<hr class=\"wp-block-separator has-alpha-channel-opacity\"\/>\n\n\n\n<h3 class=\"wp-block-heading\"><strong>Europejska deklaracja w sprawie jazdy na rowerze (2024)<\/strong><\/h3>\n\n\n\n<p>W <strong>Kwiecie\u0144 2024 r.<\/strong>, Komisja Europejska, Parlament Europejski i Rada wsp\u00f3lnie przyj\u0119\u0142y dokument pt. <strong>Europejska deklaracja w sprawie jazdy na rowerze<\/strong>, prze\u0142omowe zobowi\u0105zanie polityczne, kt\u00f3re formalnie uznaje jazd\u0119 na rowerze za <strong>pe\u0142noprawny \u015brodek transportu<\/strong>.<\/p>\n\n\n\n<ul class=\"wp-block-list\">\n<li>Zawiera <strong>osiem podstawowych zasad<\/strong> I <strong>36 zobowi\u0105za\u0144<\/strong> maj\u0105ce na celu w\u0142\u0105czenie ruchu rowerowego do polityki transportowej i infrastrukturalnej.<\/li>\n\n\n\n<li>Zapewnia silny sygna\u0142 polityczny i ramy dla <strong>krajowa i lokalna polityka rowerowa<\/strong>.<\/li>\n<\/ul>\n\n\n\n<hr class=\"wp-block-separator has-alpha-channel-opacity\"\/>\n\n\n\n<h3 class=\"wp-block-heading\"><strong>Grupa ekspert\u00f3w ds. mobilno\u015bci miejskiej (EGUM) i SULPs<\/strong><\/h3>\n\n\n\n<p>Ten <strong>Grupa ekspert\u00f3w ds. mobilno\u015bci miejskiej (EGUM)<\/strong> odegra\u0142 kluczow\u0105 rol\u0119 w przekszta\u0142caniu polityki wysokiego szczebla w strategie operacyjne.<\/p>\n\n\n\n<ul class=\"wp-block-list\">\n<li>Jego <strong>Program prac na lata 2023-2024<\/strong> zawiera\u0142 zalecenia dotycz\u0105ce <strong>Plany zr\u00f3wnowa\u017conej logistyki miejskiej (SULP)<\/strong>, formalnie przyj\u0119ty w <strong>Grudzie\u0144 2024 r.<\/strong>.<\/li>\n\n\n\n<li>Zaktualizowane wytyczne zawieraj\u0105 teraz nowe elementy, takie jak\n<ul class=\"wp-block-list\">\n<li>Dynamika rynku nieruchomo\u015bci<\/li>\n\n\n\n<li>Dostarczanie energii dla e-mobilno\u015bci<\/li>\n\n\n\n<li>Zasady gospodarki o obiegu zamkni\u0119tym<\/li>\n\n\n\n<li>Zaawansowane narz\u0119dzia do digitalizacji (np, <strong>Cyfrowe bli\u017ani\u0119ta i sztuczna inteligencja<\/strong>)<\/li>\n<\/ul>\n<\/li>\n<\/ul>\n\n\n\n<p>Te SULP zapewniaj\u0105 miastom ramy do optymalizacji miejskich system\u00f3w transportu towarowego przy jednoczesnym zmniejszeniu emisji i zator\u00f3w komunikacyjnych.<\/p>\n\n\n\n<hr class=\"wp-block-separator has-alpha-channel-opacity\"\/>\n\n\n\n<h3 class=\"wp-block-heading\"><strong>Projekty i inicjatywy finansowane przez UE<\/strong><\/h3>\n\n\n\n<p><strong>Programy finansowania UE<\/strong> odgrywaj\u0105 kluczow\u0105 rol\u0119 we wspieraniu projekt\u00f3w pilota\u017cowych, transferze wiedzy i kampaniach u\u015bwiadamiaj\u0105cych:<\/p>\n\n\n\n<ul class=\"wp-block-list\">\n<li><strong>City Changer Cargo Bike (CCCB)<\/strong>:\n<ul class=\"wp-block-list\">\n<li>Obejmuje <strong>Ponad 20 europejskich partner\u00f3w<\/strong>, promowanie korzystania z rower\u00f3w cargo poprzez szkolenia, programy pr\u00f3bne i innowacyjne modele finansowania.<\/li>\n\n\n\n<li>Koncentruje si\u0119 na zmniejszaniu barier adopcyjnych dla u\u017cytkownik\u00f3w publicznych, prywatnych i komercyjnych.<\/li>\n<\/ul>\n<\/li>\n\n\n\n<li><strong>Inicjatywa CIVITAS<\/strong>:\n<ul class=\"wp-block-list\">\n<li>Podkre\u015bla rowery cargo jako rozwi\u0105zanie dla wyzwa\u0144 miejskich, takich jak korki, niska jako\u015b\u0107 powietrza i ha\u0142as.<\/li>\n\n\n\n<li>Zapewnia badania, najlepsze praktyki i wsparcie dla miast pilotuj\u0105cych programy rower\u00f3w towarowych.<\/li>\n<\/ul>\n<\/li>\n<\/ul>\n\n\n\n<p>Te projekty na poziomie UE zwi\u0119kszaj\u0105 zasi\u0119g inicjatyw krajowych i lokalnych, zapewniaj\u0105c sp\u00f3jno\u015b\u0107 i szybsze przyj\u0119cie.<\/p>\n\n\n\n<hr class=\"wp-block-separator has-alpha-channel-opacity\"\/>\n\n\n\n<h3 class=\"wp-block-heading\"><strong>Podsumowanie: Sp\u00f3jne zaanga\u017cowanie odg\u00f3rne<\/strong><\/h3>\n\n\n\n<p>Przyj\u0119cie Deklaracji Rowerowej UE (2024), zalece\u0144 EGUM dotycz\u0105cych SULP oraz nadrz\u0119dnego Zielonego \u0141adu \u015bwiadczy o tym, \u017ce <strong>sp\u00f3jny, odg\u00f3rny wysi\u0142ek strategiczny<\/strong> do g\u0142\u00f3wnego nurtu rower\u00f3w cargo. Ramy te zapewniaj\u0105 wyra\u017any mandat dla <strong>w\u0142adze krajowe i lokalne<\/strong> do dzia\u0142ania, wspieraj\u0105c dostosowanie w pa\u0144stwach cz\u0142onkowskich i przyspieszaj\u0105c absorpcj\u0119.<\/p>\n\n\n\n<hr class=\"wp-block-separator has-alpha-channel-opacity\"\/>\n\n\n\n<h2 class=\"wp-block-heading\"><strong>2.2 Polityka i najlepsze praktyki na poziomie krajowym i miejskim<\/strong><\/h2>\n\n\n\n<p>Podczas gdy ramy na poziomie UE wyznaczaj\u0105 kierunek strategiczny, <strong>rz\u0105dy krajowe i poszczeg\u00f3lne miasta<\/strong> nap\u0119dzaj\u0105 adopcj\u0119 poprzez konkretne dzia\u0142ania. Obejmuj\u0105 one <strong>zach\u0119ty finansowe i dotacje<\/strong> Do <strong>inwestycje w infrastruktur\u0119, mikro-huby i programy integracji floty<\/strong>.<\/p>\n\n\n\n<hr class=\"wp-block-separator has-alpha-channel-opacity\"\/>\n\n\n\n<h3 class=\"wp-block-heading\"><strong>Zach\u0119ty finansowe i dotacje<\/strong><\/h3>\n\n\n\n<p>Wysokie koszty pocz\u0105tkowe pozostaj\u0105 barier\u0105 dla adopcji rower\u00f3w cargo, zw\u0142aszcza dla firm i rodzin. Wiele europejskich rz\u0105d\u00f3w opracowa\u0142o <strong>zaawansowane programy subsydiowania<\/strong> aby rowery cargo by\u0142y bardziej przyst\u0119pne cenowo:<\/p>\n\n\n\n<h4 class=\"wp-block-heading\"><strong>Niemcy<\/strong><\/h4>\n\n\n\n<ul class=\"wp-block-list\">\n<li>Dotacje federalne obejmuj\u0105 <strong>do 25%<\/strong> koszt\u00f3w zakupu roweru e-cargo.<\/li>\n<\/ul>\n\n\n\n<h4 class=\"wp-block-heading\"><strong>Austria<\/strong><\/h4>\n\n\n\n<ul class=\"wp-block-list\">\n<li><strong>Salzburg<\/strong>: 30% dotacja (do 250 euro dla przyczep, 800 euro dla rower\u00f3w cargo, 1000 euro dla rower\u00f3w e-cargo).<\/li>\n\n\n\n<li><strong>Wiede\u0144<\/strong>: 50% dotacja (do 1000 euro na rowery e-cargo), z wy\u017cszymi dotacjami dla firm i organizacji non-profit.<\/li>\n\n\n\n<li><strong>Stuttgart<\/strong>: Do <strong>\u20ac1,100<\/strong> dla rodzin\/rodzic\u00f3w samotnie wychowuj\u0105cych dzieci, z p\u0142atno\u015bciami roz\u0142o\u017conymi w czasie (600 euro z g\u00f3ry, 500 euro po trzech latach).<\/li>\n\n\n\n<li>Krajowy <strong>Program Klimaaktiv<\/strong>:\n<ul class=\"wp-block-list\">\n<li>Do <strong>\u20ac900<\/strong> dla prywatnych rower\u00f3w cargo<\/li>\n\n\n\n<li>30% koszt\u00f3w dla firm i gmin (min. 5 rower\u00f3w elektrycznych)<\/li>\n<\/ul>\n<\/li>\n\n\n\n<li><strong>Graz<\/strong>: Pionier w dziedzinie dotacji od 2011 roku, oferuj\u0105cy <strong>\u20ac1,000<\/strong> dla rower\u00f3w komercyjnych lub wsp\u00f3\u0142dzielonych.<\/li>\n<\/ul>\n\n\n\n<h4 class=\"wp-block-heading\"><strong>W\u0142ochy<\/strong><\/h4>\n\n\n\n<ul class=\"wp-block-list\">\n<li>Oferuje <strong>Ulga podatkowa 30% (do 2 000 euro rocznie)<\/strong> dla mikroprzedsi\u0119biorstw i ma\u0142ych firm kupuj\u0105cych rowery towarowe w ramach ustawy bud\u017cetowej na 2021 r.<\/li>\n<\/ul>\n\n\n\n<h4 class=\"wp-block-heading\"><strong>Holandia<\/strong><\/h4>\n\n\n\n<ul class=\"wp-block-list\">\n<li>Rozszerzony <strong>Odliczenie inwestycji \u015brodowiskowych (MIA)<\/strong> I <strong>Vamil<\/strong> programy amortyzacji do 2025 r:\n<ul class=\"wp-block-list\">\n<li>MIA: do <strong>Odliczenie podatkowe 45%<\/strong><\/li>\n\n\n\n<li>Vamil: <strong>Elastyczna amortyzacja 75%<\/strong><\/li>\n\n\n\n<li>Kwalifikowalno\u015b\u0107 obejmuje teraz rowery towarowe zasilane energi\u0105 s\u0142oneczn\u0105 i minimaln\u0105 mas\u0119 w\u0142asn\u0105 (75 kg).<\/li>\n<\/ul>\n<\/li>\n\n\n\n<li>Holenderski <strong>program rower\u00f3w firmowych<\/strong> umo\u017cliwia pracownikom dost\u0119p do ulg podatkowych na zakup rower\u00f3w.<\/li>\n<\/ul>\n\n\n\n<blockquote class=\"wp-block-quote is-layout-flow wp-block-quote-is-layout-flow\">\n<p><strong>Sugestia dotycz\u0105ca obrazu:<\/strong> Dobrze zaprojektowana tabela (podobnie jak oryginalna Tabela 1) podsumowuj\u0105ca kluczowe programy dop\u0142at do rower\u00f3w towarowych wed\u0142ug kraju\/miasta (Austria, Niemcy, W\u0142ochy, Holandia), w tym kwoty, grupy docelowe i kwalifikowalno\u015b\u0107.<\/p>\n<\/blockquote>\n\n\n\n<hr class=\"wp-block-separator has-alpha-channel-opacity\"\/>\n\n\n\n<h3 class=\"wp-block-heading\"><strong>Rozw\u00f3j infrastruktury<\/strong><\/h3>\n\n\n\n<p>Przyj\u0119cie zale\u017cy od <strong>infrastruktura dostosowana do rozmiaru i wagi rower\u00f3w cargo<\/strong>:<\/p>\n\n\n\n<ul class=\"wp-block-list\">\n<li><strong>Kopenhaga:<\/strong>\n<ul class=\"wp-block-list\">\n<li>Aktualizacja <em>Infrastruktura przyjazna dla rowerzyst\u00f3w 2024<\/em> standardy:\n<ul class=\"wp-block-list\">\n<li>Szersze \u015bcie\u017cki rowerowe<\/li>\n\n\n\n<li>Ulepszone skrzy\u017cowania<\/li>\n\n\n\n<li>Gradienty zoptymalizowane pod k\u0105tem ci\u0119\u017cszych rower\u00f3w cargo<\/li>\n<\/ul>\n<\/li>\n\n\n\n<li>Wyniki: <strong>49% wszystkich podr\u00f3\u017cy do pracy lub szko\u0142y<\/strong> teraz na rowerze.<\/li>\n<\/ul>\n<\/li>\n\n\n\n<li><strong>Berlin:<\/strong>\n<ul class=\"wp-block-list\">\n<li>Wprowadzono <strong>Wyskakuj\u0105ce \u015bcie\u017cki rowerowe<\/strong> i wdra\u017ca jego <em>Berli\u0144ska ustawa o mobilno\u015bci<\/em>, plan stania si\u0119 \u201cmiastem rowerowym\u201d.\u201d<\/li>\n<\/ul>\n<\/li>\n\n\n\n<li><strong>Amsterdam:<\/strong>\n<ul class=\"wp-block-list\">\n<li>Usuwanie <strong>10 000 miejsc parkingowych<\/strong> w centrum miasta.<\/li>\n\n\n\n<li>Egzekwowanie <strong>Strefy zerowej emisji (ZEZ)<\/strong> w 14 holenderskich miastach przez <strong>Stycze\u0144 2025 r.<\/strong>, zakaz zanieczyszczaj\u0105cych \u015brodowisko samochod\u00f3w dostawczych i ci\u0119\u017carowych.<\/li>\n<\/ul>\n<\/li>\n\n\n\n<li><strong>Oslo i Helsinki:<\/strong>\n<ul class=\"wp-block-list\">\n<li>Inwestowanie w dedykowane \u015bcie\u017cki rowerowe, bezpieczne parkingi i stacje \u0142adowania.<\/li>\n<\/ul>\n<\/li>\n\n\n\n<li><strong>Londyn:<\/strong>\n<ul class=\"wp-block-list\">\n<li>Czterokrotnie zwi\u0119kszy\u0142a swoj\u0105 strategiczn\u0105 sie\u0107 rowerow\u0105 do <strong>360 km<\/strong> w 2024 roku.<\/li>\n\n\n\n<li>Cel: <strong>40% mieszka\u0144c\u00f3w<\/strong> w promieniu 400 metr\u00f3w od trasy rowerowej do 2030 roku.<\/li>\n<\/ul>\n<\/li>\n<\/ul>\n\n\n\n<blockquote class=\"wp-block-quote is-layout-flow wp-block-quote-is-layout-flow\">\n<p><strong>Sugestia dotycz\u0105ca obrazu:<\/strong> Zdj\u0119cia obok siebie: Szerokie \u015bcie\u017cki rowerowe w Kopenhadze kontra bezemisyjne miejskie strefy dostaw w Amsterdamie.<\/p>\n<\/blockquote>\n\n\n\n<hr class=\"wp-block-separator has-alpha-channel-opacity\"\/>\n\n\n\n<h3 class=\"wp-block-heading\"><strong>Miejskie centra konsolidacji (mikro-huby)<\/strong><\/h3>\n\n\n\n<p>Mikro-huby to ma\u0142e, strategicznie zlokalizowane magazyny, w kt\u00f3rych towary s\u0105 konsolidowane przed ostatnim etapem dostawy rowerem towarowym.<\/p>\n\n\n\n<ul class=\"wp-block-list\">\n<li><strong>Praga:<\/strong>\n<ul class=\"wp-block-list\">\n<li>Otwarcie dw\u00f3ch magazyn\u00f3w rower\u00f3w towarowych (2020, 2021), z kt\u00f3rych ka\u017cdy obs\u0142uguje <strong>7 000 zam\u00f3wie\u0144\/miesi\u0105c<\/strong>.<\/li>\n\n\n\n<li>Obs\u0142uguje do <strong>8 firm<\/strong> i zosta\u0142 uznany przez <strong>Nagrody Eurocities 2021<\/strong>.<\/li>\n<\/ul>\n<\/li>\n\n\n\n<li><strong>Berlin:<\/strong>\n<ul class=\"wp-block-list\">\n<li>Amazon otworzy\u0142 centrum mikromobilno\u015bci w pobli\u017cu Alexanderplatz w <strong>Lipiec 2024 r.<\/strong>, d\u0105\u017c\u0105c do <strong>1,5 miliona przesy\u0142ek rocznie<\/strong> rowerem cargo.<\/li>\n\n\n\n<li>Amazon prowadzi obecnie dzia\u0142alno\u015b\u0107 <strong>Ponad 50 w\u0119z\u0142\u00f3w<\/strong> W <strong>Ponad 40 europejskich miast<\/strong>.<\/li>\n<\/ul>\n<\/li>\n\n\n\n<li><strong>Frankfurt:<\/strong>\n<ul class=\"wp-block-list\">\n<li>Uruchomiono <strong>LastMileTram<\/strong> projekt: paczki s\u0105 dostarczane do centrum miasta tramwajem, a nast\u0119pnie rozwo\u017cone rowerem e-cargo.<\/li>\n<\/ul>\n<\/li>\n\n\n\n<li><strong>Grupa REWE (Niemcy):<\/strong>\n<ul class=\"wp-block-list\">\n<li>Wykorzystuje centra rower\u00f3w towarowych do miejskich dostaw artyku\u0142\u00f3w spo\u017cywczych, prowadzone przez wyspecjalizowanych partner\u00f3w logistycznych.<\/li>\n<\/ul>\n<\/li>\n<\/ul>\n\n\n\n<blockquote class=\"wp-block-quote is-layout-flow wp-block-quote-is-layout-flow\">\n<p><strong>Sugestia dotycz\u0105ca obrazu:<\/strong> Schemat pokazuj\u0105cy, w jaki spos\u00f3b towary przep\u0142ywaj\u0105 z samochod\u00f3w dostawczych do mikro-hub\u00f3w na rowery towarowe w celu dostawy na ostatnim odcinku.<\/p>\n<\/blockquote>\n\n\n\n<hr class=\"wp-block-separator has-alpha-channel-opacity\"\/>\n\n\n\n<h3 class=\"wp-block-heading\"><strong>Partnerstwa publiczno-prywatne i programy pilota\u017cowe<\/strong><\/h3>\n\n\n\n<p>Wsp\u00f3\u0142praca mi\u0119dzy w\u0142adzami publicznymi a podmiotami z sektora prywatnego przyspiesza wdra\u017canie:<\/p>\n\n\n\n<ul class=\"wp-block-list\">\n<li><strong>City Changer Cargo Bike (CCCB):<\/strong> Og\u00f3lnounijne partnerstwo dziel\u0105ce si\u0119 najlepszymi praktykami i wspieraj\u0105ce programy pilota\u017cowe.<\/li>\n\n\n\n<li><strong>Praga:<\/strong> Magazyny rower\u00f3w towarowych stworzone dzi\u0119ki \u015bcis\u0142ej wsp\u00f3\u0142pracy mi\u0119dzy firmami logistycznymi i sp\u00f3\u0142kami miejskimi.<\/li>\n\n\n\n<li><strong>Brukselski projekt rowerowy cAIRgo (2020-2023):<\/strong>\n<ul class=\"wp-block-list\">\n<li>Wspomagany <strong>Ponad 500 organizacji<\/strong> w przej\u015bciu na rowery cargo.<\/li>\n\n\n\n<li>Zapewnienie szkole\u0144, informacji i program\u00f3w pr\u00f3bnych.<\/li>\n<\/ul>\n<\/li>\n\n\n\n<li><strong>Londy\u0144ski plan dzia\u0142ania TfL Cargo Bike (2023):<\/strong>\n<ul class=\"wp-block-list\">\n<li>Obs\u0142uguje pilot\u00f3w transportu intermodalnego (rowery towarowe + \u0142odzie\/poci\u0105gi).<\/li>\n\n\n\n<li>Promuje rowery towarowe w dzielnicach o niskim nat\u0119\u017ceniu ruchu.<\/li>\n<\/ul>\n<\/li>\n<\/ul>\n\n\n\n<hr class=\"wp-block-separator has-alpha-channel-opacity\"\/>\n\n\n\n<h3 class=\"wp-block-heading\"><strong>Integracja floty miejskiej<\/strong><\/h3>\n\n\n\n<p>Wiele miast to <strong>dawanie dobrego przyk\u0142adu<\/strong> zast\u0119puj\u0105c w\u0142asne pojazdy s\u0142u\u017cb miejskich rowerami elektrycznymi:<\/p>\n\n\n\n<ul class=\"wp-block-list\">\n<li>U\u017cywany do logistyki wydarze\u0144 miejskich, zarz\u0105dzania terenami zielonymi i transportu sprz\u0119tu.<\/li>\n\n\n\n<li>Bruksela pilotuje programy maj\u0105ce na celu ca\u0142kowite zast\u0105pienie miejskich samochod\u00f3w dostawczych rowerami towarowymi.<\/li>\n<\/ul>\n\n\n\n<p>Polityka zakupowa w coraz wi\u0119kszym stopniu faworyzuje sprzedawc\u00f3w, kt\u00f3rzy mog\u0105 <strong>dostawa rowerem cargo<\/strong>, zach\u0119caj\u0105c firmy do zmiany.<\/p>\n\n\n\n<hr class=\"wp-block-separator has-alpha-channel-opacity\"\/>\n\n\n\n<h3 class=\"wp-block-heading\"><strong>Cargo Bike Sharing i programy pr\u00f3bne<\/strong><\/h3>\n\n\n\n<p>Systemy wypo\u017cyczania rower\u00f3w cargo pozwalaj\u0105 u\u017cytkownikom wypr\u00f3bowa\u0107 rowery cargo bez konieczno\u015bci dokonywania zakupu:<\/p>\n\n\n\n<ul class=\"wp-block-list\">\n<li>Niemcy i Austria: <strong>Ponad 70 inicjatyw spo\u0142ecznych<\/strong> od 2013 roku, w tym <strong>fLotte Berlin<\/strong> (120 rower\u00f3w cargo).<\/li>\n\n\n\n<li>Ankieta: <strong>35% u\u017cytkownik\u00f3w udost\u0119pniaj\u0105cych<\/strong> zamierzaj\u0105 kupi\u0107 w\u0142asny rower cargo.<\/li>\n\n\n\n<li>Miasta takie jak Grenoble, Strasburg, Hamburg i Stuttgart integruj\u0105 rowery towarowe w swoich miastach. <strong>floty rower\u00f3w publicznych<\/strong>.<\/li>\n\n\n\n<li>Brukselski projekt cAIRgo wykaza\u0142, \u017ce <strong>trening + jazda testowa<\/strong> (\u201cTesting is Adopting\u201d) mia\u0142y kluczowe znaczenie dla prze\u0142amania barier adopcyjnych.<\/li>\n<\/ul>\n\n\n\n<blockquote class=\"wp-block-quote is-layout-flow wp-block-quote-is-layout-flow\">\n<p><strong>Sugestia dotycz\u0105ca obrazu:<\/strong> Kola\u017c zdj\u0119\u0107 system\u00f3w rower\u00f3w cargo w Berlinie i Brukseli z cz\u0142onkami spo\u0142eczno\u015bci, kt\u00f3rzy z nich korzystaj\u0105.<\/p>\n<\/blockquote>\n\n\n\n<hr class=\"wp-block-separator has-alpha-channel-opacity\"\/>\n\n\n\n<h3 class=\"wp-block-heading\"><strong>Kompleksowe podej\u015bcie: \u015arodki twarde i mi\u0119kkie<\/strong><\/h3>\n\n\n\n<p>Pomy\u015blne przyj\u0119cie wymaga <strong>zintegrowane strategie<\/strong>:<\/p>\n\n\n\n<ol start=\"1\" class=\"wp-block-list\">\n<li><strong>\u015arodki twarde:<\/strong> Infrastruktura, dotacje, mikro-huby<\/li>\n\n\n\n<li><strong>\u015arodki mi\u0119kkie:<\/strong> Kampanie u\u015bwiadamiaj\u0105ce, szkolenia, programy pr\u00f3bne<\/li>\n<\/ol>\n\n\n\n<p>Wieloletnie inwestycje Kopenhagi w kultur\u0119 rowerow\u0105 pokazuj\u0105, \u017ce po\u0142\u0105czenie infrastruktury fizycznej z inicjatywami kulturowymi i behawioralnymi jest niezb\u0119dne.<\/p>\n\n\n\n<blockquote class=\"wp-block-quote is-layout-flow wp-block-quote-is-layout-flow\">\n<p><strong>Sugestia dotycz\u0105ca obrazu (zamkni\u0119cie sekcji):<\/strong> Podzielony obraz przedstawiaj\u0105cy pasy dla rower\u00f3w towarowych (\u015brodki twarde) i warsztaty szkoleniowe dla rower\u00f3w towarowych (\u015brodki mi\u0119kkie).<\/p>\n<\/blockquote>\n\n\n\n<hr class=\"wp-block-separator has-alpha-channel-opacity\"\/>\n\n\n\n<h2 class=\"wp-block-heading\"><strong>Wnioski: Budowanie ekosystemu politycznego na rzecz transformacji<\/strong><\/h2>\n\n\n\n<p>Ramy polityczne UE na wysokim szczeblu, w po\u0142\u0105czeniu z ukierunkowanymi <strong>Inicjatywy krajowe i miejskie<\/strong>, k\u0142ad\u0105 podwaliny pod rewolucj\u0119 rower\u00f3w cargo.<\/p>\n\n\n\n<ul class=\"wp-block-list\">\n<li><strong>Wsparcie finansowe<\/strong> sprawia, \u017ce adopcja jest mo\u017cliwa.<\/li>\n\n\n\n<li><strong>Ulepszenia infrastruktury<\/strong> sprawiaj\u0105, \u017ce u\u017cytkowanie jest praktyczne i bezpieczne.<\/li>\n\n\n\n<li><strong>Mikro-huby, systemy wsp\u00f3\u0142dzielenia i partnerstwa publiczno-prywatne<\/strong> zapewni\u0107 skalowalny, d\u0142ugoterminowy sukces.<\/li>\n<\/ul>\n\n\n\n<p>To <strong>Wielowarstwowy ekosystem polityczny<\/strong> ma zasadnicze znaczenie dla trwa\u0142ego odej\u015bcia od samochod\u00f3w dostawczych i ci\u0119\u017carowych, pomagaj\u0105c Europie w osi\u0105gni\u0119ciu jej cel\u00f3w. <strong>cele w zakresie klimatu, zator\u00f3w komunikacyjnych i zdrowia publicznego<\/strong>.<\/p>","protected":false},"excerpt":{"rendered":"<p>The adoption of cargo bikes in Europe is not happening in isolation. A robust and well-coordinated policy ecosystem at the EU, national, and city levels is driving this transition, supported by financial incentives, infrastructure development, pilot programs, and public-private partnerships. Together, these initiatives create the conditions for cargo bikes to become a mainstream solution for [&hellip;]<\/p>\n","protected":false},"author":2,"featured_media":547,"comment_status":"closed","ping_status":"closed","sticky":false,"template":"","format":"standard","meta":{"footnotes":""},"categories":[2],"tags":[],"class_list":["post-1766","post","type-post","status-publish","format-standard","has-post-thumbnail","hentry","category-knowledge"],"_links":{"self":[{"href":"https:\/\/regencargobikes.com\/pl\/wp-json\/wp\/v2\/posts\/1766","targetHints":{"allow":["GET"]}}],"collection":[{"href":"https:\/\/regencargobikes.com\/pl\/wp-json\/wp\/v2\/posts"}],"about":[{"href":"https:\/\/regencargobikes.com\/pl\/wp-json\/wp\/v2\/types\/post"}],"author":[{"embeddable":true,"href":"https:\/\/regencargobikes.com\/pl\/wp-json\/wp\/v2\/users\/2"}],"replies":[{"embeddable":true,"href":"https:\/\/regencargobikes.com\/pl\/wp-json\/wp\/v2\/comments?post=1766"}],"version-history":[{"count":1,"href":"https:\/\/regencargobikes.com\/pl\/wp-json\/wp\/v2\/posts\/1766\/revisions"}],"predecessor-version":[{"id":1767,"href":"https:\/\/regencargobikes.com\/pl\/wp-json\/wp\/v2\/posts\/1766\/revisions\/1767"}],"wp:featuredmedia":[{"embeddable":true,"href":"https:\/\/regencargobikes.com\/pl\/wp-json\/wp\/v2\/media\/547"}],"wp:attachment":[{"href":"https:\/\/regencargobikes.com\/pl\/wp-json\/wp\/v2\/media?parent=1766"}],"wp:term":[{"taxonomy":"category","embeddable":true,"href":"https:\/\/regencargobikes.com\/pl\/wp-json\/wp\/v2\/categories?post=1766"},{"taxonomy":"post_tag","embeddable":true,"href":"https:\/\/regencargobikes.com\/pl\/wp-json\/wp\/v2\/tags?post=1766"}],"curies":[{"name":"wp","href":"https:\/\/api.w.org\/{rel}","templated":true}]}}