{"id":1950,"date":"2026-06-05T05:34:42","date_gmt":"2026-06-04T21:34:42","guid":{"rendered":"https:\/\/regencargobikes.com\/specialized-turbo-levo-price-cut-2026\/"},"modified":"2026-06-05T05:34:42","modified_gmt":"2026-06-04T21:34:42","slug":"specialized-turbo-levo-price-cut-2026","status":"publish","type":"post","link":"https:\/\/regencargobikes.com\/pl\/specialized-turbo-levo-price-cut-2026\/","title":{"rendered":"Specialized na sta\u0142e obni\u017ca ceny e-rower\u00f3w g\u00f3rskich Turbo Levo w Ameryce P\u00f3\u0142nocnej"},"content":{"rendered":"<p>Specialized dokona\u0142 znacz\u0105cego ruchu cenowego na p\u00f3\u0142nocnoameryka\u0144skim rynku elektrycznych rower\u00f3w g\u00f3rskich. Na pocz\u0105tku maja 2026 roku firma poinformowa\u0142a dealer\u00f3w w Stanach Zjednoczonych i Kanadzie, \u017ce trwale obni\u017cy ceny detaliczne w du\u017cej cz\u0119\u015bci gamy Turbo Levo.<\/p>\n<figure class=\"wp-block-image size-full\"><img decoding=\"async\" src=\"https:\/\/regencargobikes.com\/wp-content\/uploads\/2026\/06\/specialized-levo-brain.jpg\" alt=\"Obraz produktu Specialized Turbo Levo electric mountain bike u\u017cyty w relacji Bicycle Retailer\"\/><figcaption>\u0179r\u00f3d\u0142o obrazu: Bicycle Retailer and Industry News, z wykorzystaniem materia\u0142\u00f3w graficznych produkt\u00f3w Specialized.<\/figcaption><\/figure>\n<p>Najwa\u017cniejsza liczba jest du\u017ca: niekt\u00f3re modele s\u0105 teraz nawet o 27 procent ta\u0144sze ni\u017c wcze\u015bniej. Dla rowerzyst\u00f3w, kt\u00f3rzy z dystansem obserwowali drogie eMTB, to nie jest sezonowa wyprzeda\u017c. To nowa struktura cenowa.<\/p>\n<p>Praktyczne znaczenie jest proste. Premium elektryczne rowery g\u00f3rskie wchodz\u0105 w faz\u0119 wi\u0119kszej wra\u017cliwo\u015bci cenowej, a nawet uznane marki dostosowuj\u0105 si\u0119 do rynku, na kt\u00f3rym kupuj\u0105cy maj\u0105 wi\u0119cej alternatyw i silniejsze oczekiwania co do warto\u015bci.<\/p><div id=\"regen-1582710338\" class=\"regen-test-placement-from-wizard-2878267818 regen-entity-placement\"><script async src=\"https:\/\/pagead2.googlesyndication.com\/pagead\/js\/adsbygoogle.js?client=ca-pub-1076230867169041\"\n     crossorigin=\"anonymous\"><\/script><\/div><div id=\"regen-4200174055\" class=\"regen-test-placement-from-wizard-1604397851 regen-entity-placement\"><script async src=\"https:\/\/pagead2.googlesyndication.com\/pagead\/js\/adsbygoogle.js?client=ca-pub-1076230867169041\"\n     crossorigin=\"anonymous\"><\/script><\/div>\n<h2>Co si\u0119 zmieni\u0142o<\/h2>\n<p>Wed\u0142ug Bicycle Retailer and Industry News, Specialized obni\u017cy\u0142 sugerowane ceny detaliczne modeli Turbo Levo w Ameryce P\u00f3\u0142nocnej o 6 do 27 procent, a ceny hurtowe r\u00f3wnie\u017c zosta\u0142y zmniejszone.<\/p>\n<p>Najwi\u0119ksza obni\u017cka dotyczy podobno modelu Levo R S-Works. Jego sugerowana cena detaliczna spad\u0142a z 15 650 USD do 11 500 USD, co oznacza redukcj\u0119 o 4 150 USD.<\/p>\n<p>Nie ka\u017cdy model si\u0119 zmieni\u0142. Raporty m\u00f3wi\u0105, \u017ce Levo 4 LTD i Levo 4 Comp Carbon nie zosta\u0142y obj\u0119te t\u0105 sam\u0105 korekt\u0105 cenow\u0105.<\/p>\n<p>Zmiana dotyczy Stan\u00f3w Zjednoczonych i Kanady. Ceny europejskie nie zosta\u0142y obj\u0119te t\u0105 p\u00f3\u0142nocnoameryka\u0144sk\u0105 aktualizacj\u0105.<\/p>\n<h2>Dlaczego Specialized obni\u017ca ceny<\/h2>\n<p>Specialized przedstawi\u0142 t\u0119 decyzj\u0119 jako strukturaln\u0105 korekt\u0119 cen, a nie kr\u00f3tkoterminow\u0105 promocj\u0119.<\/p>\n<p>Firma powo\u0142a\u0142a si\u0119 na popraw\u0119 koszt\u00f3w \u0142a\u0144cucha dostaw i produkcji na platformie Levo, jednocze\u015bnie przyznaj\u0105c, \u017ce rynek sta\u0142 si\u0119 bardziej konkurencyjny.<\/p>\n<p>Ten drugi punkt ma znaczenie. Kategoria premium eMTB znajduje si\u0119 pod presj\u0105 nowszych marek oferuj\u0105cych mocne specyfikacje w ni\u017cszych cenach. Kupuj\u0105cy por\u00f3wnuj\u0105 teraz zawieszenie, moc silnika, pojemno\u015b\u0107 baterii, oprogramowanie i wsparcie serwisowe bardziej agresywnie ni\u017c kilka lat temu.<\/p>\n<p>Dla uznanej marki obni\u017cka cen mo\u017ce s\u0142u\u017cy\u0107 dw\u00f3m celom jednocze\u015bnie:<\/p>\n<ul>\n<li>obni\u017cy\u0107 pr\u00f3g wej\u015bcia dla rowerzyst\u00f3w rozwa\u017caj\u0105cych wydajny eMTB<\/li>\n<li>utrzyma\u0107 rotacj\u0119 zapas\u00f3w u dealer\u00f3w bez sprawiania wra\u017cenia tymczasowej wyprzeda\u017cy<\/li>\n<li>obroni\u0107 pozycj\u0119 rynkow\u0105 przed agresywnymi nowymi konkurentami<\/li>\n<li>zresetowa\u0107 oczekiwania kupuj\u0105cych przed kolejnym cyklem produktowym<\/li>\n<\/ul>\n<h2>Istniej\u0105cy kupuj\u0105cy i dealerzy otrzymuj\u0105 wsparcie<\/h2>\n<p>Specialized stworzy\u0142 r\u00f3wnie\u017c programy wsparcia dla kupuj\u0105cych i dealer\u00f3w dotkni\u0119tych timingiem tej zmiany.<\/p>\n<p>Dealerzy, kt\u00f3rzy kupili obj\u0119te zmiany zapasy mi\u0119dzy 1 lutego a 7 maja 2026 roku, mog\u0105 uczestniczy\u0107 w programie kredytu inwentaryzacyjnego. Konsumenci, kt\u00f3rzy kupili Turbo Levo mi\u0119dzy 1 stycznia a 7 maja 2026 roku, mog\u0105 r\u00f3wnie\u017c kwalifikowa\u0107 si\u0119 do kredytu na nowe produkty Specialized.<\/p>\n<p>To ma znaczenie, poniewa\u017c trwa\u0142e obni\u017cki cen mog\u0105 frustrowa\u0107 wczesnych nabywc\u00f3w i pozostawia\u0107 dealer\u00f3w z zapasami zakupionymi po starych cenach. Programy kompensacyjne to spos\u00f3b na zmniejszenie tego tarcia.<\/p>\n<h2>Co to oznacza dla rynku E-MTB<\/h2>\n<p>Turbo Levo od dawna jest jedn\u0105 z najbardziej znanych platform premium eMTB. Kiedy marka na tym poziomie trwale obni\u017ca ceny, wysy\u0142a szerszy sygna\u0142 na rynek.<\/p>\n<p>Prawdopodobny przekaz jest taki, \u017ce premium eMTB nie mog\u0105 ju\u017c polega\u0107 wy\u0142\u0105cznie na sile marki i wysokich listach specyfikacji. Kupuj\u0105cy chc\u0105 pe\u0142nego pakietu: wydajno\u015bci, niezawodno\u015bci, wsparcia dealera i ceny, kt\u00f3ra wydaje si\u0119 obronna wobec nowszych konkurent\u00f3w.<\/p>\n<p>Dla rowerzyst\u00f3w wynik jest pozytywny w kr\u00f3tkim okresie. Ni\u017csza cena sprawia, \u017ce wydajno\u015b\u0107 na wysokim poziomie trailowym jest bardziej dost\u0119pna. Dla dealer\u00f3w zmiana mo\u017ce pom\u00f3c w konwersji klient\u00f3w, kt\u00f3rzy wcze\u015bniej lubili Levo, ale nie mogli uzasadni\u0107 starej ceny.<\/p>\n<p>Dla bran\u017cy to kolejny znak, \u017ce boom na rowery elektryczne staje si\u0119 bardziej zdyscyplinowany. Marki s\u0105 zmuszane do \u0142\u0105czenia ambicji produktowych z realistycznymi cenami, lepsz\u0105 kontrol\u0105 zapas\u00f3w i ja\u015bniejsz\u0105 warto\u015bci\u0105.<\/p>\n<h2>\u0179r\u00f3d\u0142a<\/h2>\n<ul>\n<li>Bicycle Retailer and Industry News: <a href=\"https:\/\/www.bicycleretailer.com\/industry-news\/2026\/05\/07\/specialized-unveils-drastic-price-reduction-plan-retailers-turbo-levo\" target=\"_blank\" rel=\"noopener\">Specialized ujawnia dealerom drastyczny plan obni\u017cek cen dla Turbo Levo<\/a><\/li>\n<li>Singletracks: <a href=\"https:\/\/www.singletracks.com\/mtb-gear\/specialized-drops-us-prices-on-turbo-levo-emtbs-in-permanent-shift\/\" target=\"_blank\" rel=\"noopener\">Specialized trwale obni\u017ca ceny w USA na eMTB Turbo Levo<\/a><\/li>\n<\/ul>","protected":false},"excerpt":{"rendered":"<p>Specialized na sta\u0142e obni\u017cy\u0142 ceny w Ameryce P\u00f3\u0142nocnej na wi\u0119kszo\u015b\u0107 swojej gamy elektrycznych rower\u00f3w g\u00f3rskich Turbo Levo, a niekt\u00f3re modele zosta\u0142y przecenione nawet o 27 procent. Ten ruch odzwierciedla ni\u017csze koszty platformy, rosn\u0105c\u0105 presj\u0119 cenow\u0105 w kategorii eMTB oraz bardziej konkurencyjny rynek premium elektrycznych rower\u00f3w g\u00f3rskich.<\/p>","protected":false},"author":2,"featured_media":1948,"comment_status":"","ping_status":"","sticky":false,"template":"","format":"standard","meta":{"footnotes":""},"categories":[33],"tags":[],"class_list":["post-1950","post","type-post","status-publish","format-standard","has-post-thumbnail","hentry","category-ebike-news"],"_links":{"self":[{"href":"https:\/\/regencargobikes.com\/pl\/wp-json\/wp\/v2\/posts\/1950","targetHints":{"allow":["GET"]}}],"collection":[{"href":"https:\/\/regencargobikes.com\/pl\/wp-json\/wp\/v2\/posts"}],"about":[{"href":"https:\/\/regencargobikes.com\/pl\/wp-json\/wp\/v2\/types\/post"}],"author":[{"embeddable":true,"href":"https:\/\/regencargobikes.com\/pl\/wp-json\/wp\/v2\/users\/2"}],"replies":[{"embeddable":true,"href":"https:\/\/regencargobikes.com\/pl\/wp-json\/wp\/v2\/comments?post=1950"}],"version-history":[{"count":0,"href":"https:\/\/regencargobikes.com\/pl\/wp-json\/wp\/v2\/posts\/1950\/revisions"}],"wp:featuredmedia":[{"embeddable":true,"href":"https:\/\/regencargobikes.com\/pl\/wp-json\/wp\/v2\/media\/1948"}],"wp:attachment":[{"href":"https:\/\/regencargobikes.com\/pl\/wp-json\/wp\/v2\/media?parent=1950"}],"wp:term":[{"taxonomy":"category","embeddable":true,"href":"https:\/\/regencargobikes.com\/pl\/wp-json\/wp\/v2\/categories?post=1950"},{"taxonomy":"post_tag","embeddable":true,"href":"https:\/\/regencargobikes.com\/pl\/wp-json\/wp\/v2\/tags?post=1950"}],"curies":[{"name":"wp","href":"https:\/\/api.w.org\/{rel}","templated":true}]}}