{"id":1953,"date":"2026-06-05T05:35:24","date_gmt":"2026-06-04T21:35:24","guid":{"rendered":"https:\/\/regencargobikes.com\/porsche-exits-ebike-market-2026\/"},"modified":"2026-06-05T05:35:24","modified_gmt":"2026-06-04T21:35:24","slug":"porsche-exits-ebike-market-2026","status":"publish","type":"post","link":"https:\/\/regencargobikes.com\/pl\/porsche-exits-ebike-market-2026\/","title":{"rendered":"Porsche zamyka swoj\u0105 dzia\u0142alno\u015b\u0107 e-rowerow\u0105 w ramach szerszej restrukturyzacji"},"content":{"rendered":"<p>Porsche wycofuje si\u0119 z jednego ze swoich najbardziej widocznych zak\u0142ad\u00f3w w technologii e-bike'\u00f3w. Firma zamyka Porsche eBike Performance GmbH, jednostk\u0119 zbudowan\u0105 wok\u00f3\u0142 biznesu system\u00f3w nap\u0119dowych Fazua, kt\u00f3r\u0105 przej\u0119\u0142a w 2022 roku.<\/p>\n<figure class=\"wp-block-image size-full\"><img decoding=\"async\" src=\"https:\/\/regencargobikes.com\/wp-content\/uploads\/2026\/06\/porsche-techcrunch-macan-getty.jpg\" alt=\"Obraz produkcji pojazd\u00f3w elektrycznych Porsche u\u017cyty w relacji TechCrunch o restrukturyzacji Porsche\"\/><figcaption>\u0179r\u00f3d\u0142o obrazu: TechCrunch; zdj\u0119cie: Sebastian Gollnow\/picture alliance via Getty Images.<\/figcaption><\/figure>\n<p>Decyzja nie ogranicza si\u0119 tylko do e-bike'\u00f3w. Porsche zamyka r\u00f3wnie\u017c Cellforce Group, sp\u00f3\u0142k\u0119 zale\u017cn\u0105 zajmuj\u0105c\u0105 si\u0119 bateriami o wysokiej wydajno\u015bci, oraz Cetitec, firm\u0119 software'ow\u0105. Razem zamkni\u0119cia dotykaj\u0105 ponad 500 pracownik\u00f3w.<\/p>\n<p>Kr\u00f3tka wersja jest taka: Porsche skupia si\u0119 ponownie na kluczowych obszarach dzia\u0142alno\u015bci po tym, jak kilka ambitnych zak\u0142ad\u00f3w technologicznych sta\u0142o si\u0119 trudniejszych do uzasadnienia na ch\u0142odniejszym rynku.<\/p><div id=\"regen-1272624788\" class=\"regen-test-placement-from-wizard-2878267818 regen-entity-placement\"><script async src=\"https:\/\/pagead2.googlesyndication.com\/pagead\/js\/adsbygoogle.js?client=ca-pub-1076230867169041\"\n     crossorigin=\"anonymous\"><\/script><\/div><div id=\"regen-404739113\" class=\"regen-test-placement-from-wizard-1604397851 regen-entity-placement\"><script async src=\"https:\/\/pagead2.googlesyndication.com\/pagead\/js\/adsbygoogle.js?client=ca-pub-1076230867169041\"\n     crossorigin=\"anonymous\"><\/script><\/div>\n<h2>Co og\u0142osi\u0142o Porsche<\/h2>\n<p>Raporty z TechCrunch, BikeRadar oraz Bicycle Retailer and Industry News m\u00f3wi\u0105, \u017ce Porsche zamyka trzy sp\u00f3\u0142ki zale\u017cne:<\/p>\n<table>\n<thead>\n<tr>\n<th>Sp\u00f3\u0142ka zale\u017cna<\/th>\n<th>G\u0142\u00f3wny obszar<\/th>\n<th>Kluczowe lokalizacje<\/th>\n<\/tr>\n<\/thead>\n<tbody>\n<tr>\n<td>Porsche eBike Performance GmbH<\/td>\n<td>Systemy nap\u0119dowe do e-bike'\u00f3w<\/td>\n<td>Niemcy i Chorwacja<\/td>\n<\/tr>\n<tr>\n<td>Cellforce Group GmbH<\/td>\n<td>Rozw\u00f3j baterii o wysokiej wydajno\u015bci<\/td>\n<td>Niemcy<\/td>\n<\/tr>\n<tr>\n<td>Cetitec GmbH<\/td>\n<td>Oprogramowanie motoryzacyjne<\/td>\n<td>Niemcy<\/td>\n<\/tr>\n<\/tbody>\n<\/table>\n<p>Porsche eBike Performance powsta\u0142o po tym, jak Porsche przej\u0119\u0142o Fazua, niemieckiego specjalist\u0119 od nap\u0119d\u00f3w e-bike, znanego z lekkich system\u00f3w zaprojektowanych tak, aby zachowa\u0107 naturalne odczucie jazdy.<\/p>\n<p>W tamtym czasie przej\u0119cie wygl\u0105da\u0142o na powa\u017cne zobowi\u0105zanie do technologii premium e-bike. Porsche mia\u0142o ju\u017c markowe produkty e-bike we wsp\u00f3\u0142pracy z innymi producentami, a Fazua da\u0142a firmie g\u0142\u0119bsz\u0105 kontrol\u0119 nad warstw\u0105 system\u00f3w nap\u0119dowych.<\/p>\n<p>Ten rozdzia\u0142 w\u0142a\u015bnie si\u0119 zamyka.<\/p>\n<h2>Dlaczego Porsche si\u0119 wycofuje<\/h2>\n<p>Porsche opisa\u0142o rynek system\u00f3w nap\u0119dowych do e-bike'\u00f3w jako zmieniony fundamentalnie. M\u00f3wi\u0105c wprost, rynek, kt\u00f3ry wygl\u0105da\u0142 atrakcyjnie podczas boomu na e-bike'i, sta\u0142 si\u0119 trudniejszy.<\/p>\n<p>Kilka presji uderza w t\u0119 kategori\u0119 jednocze\u015bnie:<\/p>\n<ul>\n<li>s\u0142abszy popyt w cz\u0119\u015bciach Europy<\/li>\n<li>wysokie zapasy w ca\u0142ej bran\u017cy rowerowej<\/li>\n<li>trudniejsza konkurencja ze strony ta\u0144szych marek<\/li>\n<li>presja na produkty premium o charakterze uznaniowym<\/li>\n<li>wi\u0119ksza kontrola nad jednostkami niezwi\u0105zanymi z podstawow\u0105 dzia\u0142alno\u015bci\u0105<\/li>\n<\/ul>\n<p>Dla Porsche decyzja ta wpisuje si\u0119 r\u00f3wnie\u017c w szerszy reset strategiczny. Firma przegl\u0105da inwestycje i ponownie skupia zasoby na obszarach bli\u017cszych jej g\u0142\u00f3wnej dzia\u0142alno\u015bci motoryzacyjnej.<\/p>\n<h2>Co si\u0119 stanie z Fazua<\/h2>\n<p>Fazua to najwa\u017cniejsza nazwa dla wielu rowerzyst\u00f3w e-bike.<\/p>\n<p>Zanim Porsche j\u0105 przej\u0119\u0142o, Fazua mia\u0142a siln\u0105 reputacj\u0119 w lekkich systemach e-bike, zw\u0142aszcza w\u015br\u00f3d rowerzyst\u00f3w, kt\u00f3rzy chcieli subtelnego wspomagania, a nie ci\u0119\u017ckiego, mocnego odczucia. To czyni\u0142o j\u0105 istotn\u0105 dla lekkich eMTB, wydajnych rower\u00f3w miejskich i marek staraj\u0105cych si\u0119 utrzyma\u0107 e-bike'i blisko prowadzenia tradycyjnych rower\u00f3w.<\/p>\n<p>Zamkni\u0119cie rodzi praktyczne pytania dla obecnych u\u017cytkownik\u00f3w Fazua i marek rowerowych, kt\u00f3re polega\u0142y na tym systemie:<\/p>\n<ul>\n<li>jak d\u0142ugo b\u0119dzie kontynuowane wsparcie cz\u0119\u015bci i serwisu<\/li>\n<li>czy marka lub technologia Fazua zostanie sprzedana<\/li>\n<li>jak klienci OEM przejd\u0105 na przysz\u0142e modele<\/li>\n<li>czy konkurencyjni dostawcy system\u00f3w nap\u0119dowych wype\u0142ni\u0105 luk\u0119<\/li>\n<\/ul>\n<p>Wed\u0142ug cytowanych tutaj raport\u00f3w, Porsche nie ujawni\u0142o publicznie d\u0142ugoterminowej przysz\u0142o\u015bci Fazua jako niezale\u017cnej marki.<\/p>\n<h2>Co to oznacza dla bran\u017cy e-bike<\/h2>\n<p>Wyj\u015bcie Porsche nie jest oznak\u0105, \u017ce e-bike'i znikaj\u0105. To znak, \u017ce rynek dojrzewa.<\/p>\n<p>W latach boomu wiele firm traktowa\u0142o e-bike'i jako kategori\u0119 technologiczn\u0105 o szybkim wzro\u015bcie. To przyci\u0105ga\u0142o kapita\u0142, przej\u0119cia i ambitne plany produktowe. W 2026 roku \u015brodowisko jest bardziej wymagaj\u0105ce. Marki potrzebuj\u0105 skali, sieci serwisowych, dost\u0119pno\u015bci komponent\u00f3w i dyscypliny cenowej.<\/p>\n<p>Dla rowerzyst\u00f3w g\u0142\u00f3wn\u0105 kwesti\u0105 jest wsparcie. Ka\u017cdy, kto u\u017cywa roweru z nap\u0119dem Fazua, powinien \u015bledzi\u0107 oficjalne aktualizacje serwisowe i wskaz\u00f3wki dotycz\u0105ce cz\u0119\u015bci zamiennych.<\/p>\n<p>Dla konkurencyjnych dostawc\u00f3w system\u00f3w nap\u0119dowych zamkni\u0119cie mo\u017ce stworzy\u0107 okazj\u0119. Bosch, Shimano, Brose i inni uznani gracze mog\u0105 skorzysta\u0107, je\u015bli marki rowerowe zdecyduj\u0105, \u017ce potrzebuj\u0105 bardziej przewidywalnego d\u0142ugoterminowego wsparcia.<\/p>\n<p>Wi\u0119ksza lekcja dla bran\u017cy jest jasna: pozycjonowanie premium nie wystarczy samo w sobie. Nawet silna marka potrzebuje zr\u00f3wnowa\u017conego modelu biznesowego, gdy w gr\u0119 wchodz\u0105 mar\u017ce sprz\u0119towe, ryzyko zapas\u00f3w i zobowi\u0105zania posprzeda\u017cowe.<\/p>\n<h2>\u0179r\u00f3d\u0142a<\/h2>\n<ul>\n<li>TechCrunch: <a href=\"https:\/\/techcrunch.com\/2026\/05\/08\/porsche-shutters-e-bike-battery-software-subsidiaries-as-part-of-company-overhaul\/\" target=\"_blank\" rel=\"noopener\">Porsche zamyka sp\u00f3\u0142ki zale\u017cne e-bike, baterii i oprogramowania w ramach przebudowy firmy<\/a><\/li>\n<li>BikeRadar: <a href=\"https:\/\/www.bikeradar.com\/news\/porsche-ebike-performance-discontinued\" target=\"_blank\" rel=\"noopener\">Porsche eBike Performance wycofane<\/a><\/li>\n<li>Bicycle Retailer and Industry News: <a href=\"https:\/\/www.bicycleretailer.com\/international\/2026\/05\/08\/porsche-closing-its-ebike-performance-group\" target=\"_blank\" rel=\"noopener\">Porsche zamyka swoj\u0105 grup\u0119 eBike Performance<\/a><\/li>\n<\/ul>","protected":false},"excerpt":{"rendered":"<p>Porsche is shutting down Porsche eBike Performance GmbH, along with battery and software subsidiaries, as part of a wider restructuring. The move affects more than 500 employees and marks a sharp reversal from the company&#8217;s 2022 push into high-performance e-bike drive systems through Fazua.<\/p>","protected":false},"author":2,"featured_media":1951,"comment_status":"","ping_status":"","sticky":false,"template":"","format":"standard","meta":{"footnotes":""},"categories":[33],"tags":[],"class_list":["post-1953","post","type-post","status-publish","format-standard","has-post-thumbnail","hentry","category-ebike-news"],"_links":{"self":[{"href":"https:\/\/regencargobikes.com\/pl\/wp-json\/wp\/v2\/posts\/1953","targetHints":{"allow":["GET"]}}],"collection":[{"href":"https:\/\/regencargobikes.com\/pl\/wp-json\/wp\/v2\/posts"}],"about":[{"href":"https:\/\/regencargobikes.com\/pl\/wp-json\/wp\/v2\/types\/post"}],"author":[{"embeddable":true,"href":"https:\/\/regencargobikes.com\/pl\/wp-json\/wp\/v2\/users\/2"}],"replies":[{"embeddable":true,"href":"https:\/\/regencargobikes.com\/pl\/wp-json\/wp\/v2\/comments?post=1953"}],"version-history":[{"count":0,"href":"https:\/\/regencargobikes.com\/pl\/wp-json\/wp\/v2\/posts\/1953\/revisions"}],"wp:featuredmedia":[{"embeddable":true,"href":"https:\/\/regencargobikes.com\/pl\/wp-json\/wp\/v2\/media\/1951"}],"wp:attachment":[{"href":"https:\/\/regencargobikes.com\/pl\/wp-json\/wp\/v2\/media?parent=1953"}],"wp:term":[{"taxonomy":"category","embeddable":true,"href":"https:\/\/regencargobikes.com\/pl\/wp-json\/wp\/v2\/categories?post=1953"},{"taxonomy":"post_tag","embeddable":true,"href":"https:\/\/regencargobikes.com\/pl\/wp-json\/wp\/v2\/tags?post=1953"}],"curies":[{"name":"wp","href":"https:\/\/api.w.org\/{rel}","templated":true}]}}