{"id":1077,"date":"2025-05-01T10:29:29","date_gmt":"2025-05-01T02:29:29","guid":{"rendered":"https:\/\/regencargobikes.com\/?p=1077"},"modified":"2025-05-06T11:47:35","modified_gmt":"2025-05-06T03:47:35","slug":"china-cycle-2025-shanghai-china","status":"publish","type":"post","link":"https:\/\/regencargobikes.com\/pt\/china-cycle-2025-shanghai-china\/","title":{"rendered":"Ciclo da China 2025 em Xangai, China"},"content":{"rendered":"<p>A China Cycle 2025, a 33\u00aa Feira Internacional de Bicicletas da China, realizar-se-\u00e1 de 5 a 8 de maio de 2025, no Shanghai New International Expo Centre (SNIEC). Sendo um dos maiores e mais influentes eventos da ind\u00fastria global do ciclismo, esta exposi\u00e7\u00e3o re\u00fane os principais fabricantes, l\u00edderes da ind\u00fastria e inovadores de todo o mundo. Quer seja um entusiasta do ciclismo, um profissional de neg\u00f3cios ou um fabricante, a China Cycle 2025 oferece uma oportunidade \u00fanica de conhecer os mais recentes produtos, tecnologias e tend\u00eancias que impulsionam o futuro dos sectores das bicicletas e das bicicletas el\u00e9ctricas.<\/p>\n\n\n\n<p>Desde e-bikes de alto desempenho e designs inovadores de bicicletas at\u00e9 solu\u00e7\u00f5es avan\u00e7adas de fabrico e tecnologias de ponta, o evento apresentar\u00e1 todo o espetro dos avan\u00e7os da ind\u00fastria. \u00c9 um evento obrigat\u00f3rio para todos os envolvidos ou apaixonados pelo ciclismo.<\/p>\n\n\n\n<hr class=\"wp-block-separator has-alpha-channel-opacity\"\/>\n\n\n\n<h2 class=\"wp-block-heading\"><strong>Detalhes do evento<\/strong><\/h2>\n\n\n\n<ul class=\"wp-block-list\">\n<li><strong>Datas<\/strong>: 5-8 de maio de 2025<\/li>\n\n\n\n<li><strong>Local<\/strong>: Novo Centro Internacional de Exposi\u00e7\u00f5es de Xangai (SNIEC)\n<ul class=\"wp-block-list\">\n<li><strong>Endere\u00e7o<\/strong>: 2345 Longyang Road, Pudong New District, Xangai, China<\/li>\n<\/ul>\n<\/li>\n\n\n\n<li><strong>Organizador<\/strong>: Associa\u00e7\u00e3o de Bicicletas da China<\/li>\n\n\n\n<li><strong>\u00c1rea de exposi\u00e7\u00e3o<\/strong>: Aproximadamente 160.000 metros quadrados<\/li>\n\n\n\n<li><strong>Expositores previstos<\/strong>: Mais de 1.400<\/li>\n\n\n\n<li><strong>Visitantes esperados<\/strong>: Cerca de 120 000<\/li>\n<\/ul>\n\n\n\n<p><strong>Hor\u00e1rio de visitas<\/strong><\/p><div class=\"regen-test-placement-from-wizard-1604397851\" id=\"regen-3383104058\"><script async src=\"https:\/\/pagead2.googlesyndication.com\/pagead\/js\/adsbygoogle.js?client=ca-pub-1076230867169041\"\n     crossorigin=\"anonymous\"><\/script><\/div><div class=\"regen-test-placement-from-wizard-2878267818\" id=\"regen-1811834376\"><script async src=\"https:\/\/pagead2.googlesyndication.com\/pagead\/js\/adsbygoogle.js?client=ca-pub-1076230867169041\"\n     crossorigin=\"anonymous\"><\/script><\/div>\n\n\n\n<ul class=\"wp-block-list\">\n<li>5 de maio (segunda-feira) 9:00-17:30<\/li>\n\n\n\n<li>6 de maio (ter\u00e7a-feira) 9:00-17:30<\/li>\n\n\n\n<li>7 de maio (quarta-feira) 9:00-17:30<\/li>\n\n\n\n<li>8 de maio (quinta-feira) 9:00-15:00<\/li>\n<\/ul>\n\n\n\n<p><strong>\u00c2mbito da exposi\u00e7\u00e3o<\/strong><\/p>\n\n\n\n<ul class=\"wp-block-list\">\n<li><strong>E1<\/strong> Sal\u00e3o de marcas de ve\u00edculos completos<\/li>\n\n\n\n<li><strong>E2<\/strong> Sal\u00e3o de pe\u00e7as de bicicleta<\/li>\n\n\n\n<li><strong>E3<\/strong> Sal\u00e3o de pe\u00e7as de bicicleta<\/li>\n\n\n\n<li><strong>E4<\/strong> Pavilh\u00e3o dos pneus e das pe\u00e7as de bicicleta<\/li>\n\n\n\n<li><strong>E5<\/strong> Sal\u00e3o de pe\u00e7as para bicicletas el\u00e9ctricas<\/li>\n\n\n\n<li><strong>E6<\/strong> Sal\u00e3o das bicicletas el\u00e9ctricas e das pe\u00e7as<\/li>\n\n\n\n<li><strong>E7<\/strong> Sal\u00e3o das bicicletas el\u00e9ctricas e das pe\u00e7as<\/li>\n\n\n\n<li><strong>W1<\/strong> Sal\u00e3o Internacional das Marcas<\/li>\n\n\n\n<li><strong>W2<\/strong> Sal\u00e3o de ve\u00edculos completos e pe\u00e7as<\/li>\n\n\n\n<li><strong>W3<\/strong> Sal\u00e3o das bicicletas para crian\u00e7as<\/li>\n\n\n\n<li><strong>W4<\/strong> Sal\u00e3o de equipamento de ciclismo ao ar livre<\/li>\n\n\n\n<li><strong>W5<\/strong> Sal\u00e3o das marcas de motociclos el\u00e9ctricos, componentes e inova\u00e7\u00e3o em duas rodas<\/li>\n<\/ul>\n\n\n\n<figure class=\"wp-block-image size-large\"><img fetchpriority=\"high\" decoding=\"async\" width=\"757\" height=\"1024\" src=\"https:\/\/regencargobikes.com\/wp-content\/uploads\/2025\/05\/image-757x1024.png\" alt=\"\" class=\"wp-image-1154\" srcset=\"https:\/\/regencargobikes.com\/wp-content\/uploads\/2025\/05\/image-757x1024.png 757w, https:\/\/regencargobikes.com\/wp-content\/uploads\/2025\/05\/image-222x300.png 222w, https:\/\/regencargobikes.com\/wp-content\/uploads\/2025\/05\/image-768x1038.png 768w, https:\/\/regencargobikes.com\/wp-content\/uploads\/2025\/05\/image-9x12.png 9w, https:\/\/regencargobikes.com\/wp-content\/uploads\/2025\/05\/image.png 1046w\" sizes=\"(max-width: 757px) 100vw, 757px\" \/><\/figure>\n\n\n\n<iframe \n    src=\"https:\/\/www.google.com\/maps\/embed?pb=!1m18!1m12!1m3!1d3651.9230734066716!2d121.57601811541345!3d31.23000021615968!2m3!1f0!2f0!3f0!3m2!1i1024!2i768!4f13.1!3m3!1m2!1s0x35b269d319b17707%3A0xd1f5c175b5e2a6a6!2sShanghai%20New%20International%20Expo%20Centre%20(SNIEC)!5e0!3m2!1sen!2sus!4v1672270423080!5m2!1sen!2sus\" \n    width=\"600\" \n    height=\"450\" \n    style=\"border:0;\" \n    allowfullscreen=\"\" \n    loading=\"lazy\"><\/iframe>\n\n\n\n<p><strong>Servi\u00e7os de transporte e itiner\u00e1rio de visita recomendado<\/strong><\/p>\n\n\n\n<p>Est\u00e3o dispon\u00edveis carrinhos de transporte dentro da \u00e1rea de exposi\u00e7\u00e3o para ajudar os visitantes a poupar energia e tempo. Existem duas rotas principais de transporte:<\/p>\n\n\n\n<ul class=\"wp-block-list\">\n<li><strong>Rota 1:<\/strong> W1 \u2192 W3 \u2192 W5<\/li>\n\n\n\n<li><strong>Rota 2:<\/strong> E1 \u2192 E3 \u2192 E5 \u2192 E7<\/li>\n<\/ul>\n\n\n\n<p><\/p>\n\n\n\n<h2 class=\"wp-block-heading\"><strong>S\u00edtio Web oficial e registo<\/strong><\/h2>\n\n\n\n<ul class=\"wp-block-list\">\n<li><strong>S\u00edtio Web oficial<\/strong>: <a href=\"http:\/\/www.e-chinacycle.com\/en\" target=\"_blank\" rel=\"noopener\">Ciclo 2025 da China<\/a><\/li>\n\n\n\n<li><strong>Registo de visitantes<\/strong>: <a href=\"https:\/\/wx-chinacycle.tonggao.info\/EN\/Customer\/Index\" target=\"_blank\" rel=\"noopener\">Registar aqui<\/a><\/li>\n<\/ul>\n\n\n\n<p><\/p>\n\n\n\n<h2 class=\"wp-block-heading\"><strong>Quem deve participar no China Cycle 2025?<\/strong><\/h2>\n\n\n\n<p>Este evento foi concebido para qualquer pessoa envolvida ou apaixonada pela ind\u00fastria da bicicleta. Abaixo est\u00e1 uma lista de indiv\u00edduos e organiza\u00e7\u00f5es que achar\u00e3o o evento particularmente valioso:<\/p>\n\n\n\n<h3 class=\"wp-block-heading\"><strong>Fabricantes e fornecedores de bicicletas<\/strong>:<\/h3>\n\n\n\n<p>Se est\u00e1 no sector do fabrico de bicicletas, e-bikes ou acess\u00f3rios, esta \u00e9 uma excelente oportunidade para explorar novas tecnologias, conhecer fornecedores e obter informa\u00e7\u00f5es sobre as tend\u00eancias futuras.<\/p>\n\n\n\n<h3 class=\"wp-block-heading\"><strong>Varejistas e distribuidores<\/strong>:<\/h3>\n\n\n\n<p>A participa\u00e7\u00e3o neste evento d\u00e1-lhe a oportunidade de contactar diretamente com os fabricantes, ver os produtos mais recentes e adquirir novos artigos para a sua loja ou loja online.<\/p>\n\n\n\n<h3 class=\"wp-block-heading\"><strong>Entusiastas e profissionais de bicicletas el\u00e9ctricas<\/strong>:<\/h3>\n\n\n\n<p>O evento contar\u00e1 com um espa\u00e7o dedicado \u00e0s bicicletas el\u00e9ctricas e aos seus acess\u00f3rios. \u00c9 uma visita obrigat\u00f3ria para quem quer descobrir os \u00faltimos desenvolvimentos da mobilidade el\u00e9ctrica.<\/p>\n\n\n\n<h3 class=\"wp-block-heading\"><strong>Designers e Engenheiros<\/strong>:<\/h3>\n\n\n\n<p>As pessoas envolvidas na conce\u00e7\u00e3o e engenharia de bicicletas e de produtos relacionados com o ciclismo beneficiar\u00e3o do facto de verem desenhos e componentes inovadores que poder\u00e3o moldar o futuro da ind\u00fastria.<\/p>\n\n\n\n<h3 class=\"wp-block-heading\"><strong>Investidores e empres\u00e1rios<\/strong>:<\/h3>\n\n\n\n<p>Este evento ir\u00e1 destacar novas oportunidades de neg\u00f3cio, tend\u00eancias de investimento e os \u00faltimos desenvolvimentos do mercado. Os empres\u00e1rios podem encontrar potenciais parceiros e explorar oportunidades de colabora\u00e7\u00e3o.<\/p>\n\n\n\n<h3 class=\"wp-block-heading\"><strong>Funcion\u00e1rios do governo e associa\u00e7\u00f5es industriais<\/strong>:<\/h3>\n\n\n\n<p>Se estiver envolvido na elabora\u00e7\u00e3o de pol\u00edticas ou representar associa\u00e7\u00f5es relacionadas com o ciclismo, esta \u00e9 uma excelente plataforma para discutir regulamentos, normas do sector e melhores pr\u00e1ticas.<\/p>\n\n\n\n<hr class=\"wp-block-separator has-alpha-channel-opacity\"\/>\n\n\n\n<h2 class=\"wp-block-heading\"><strong>Informa\u00e7\u00f5es sobre o local<\/strong><\/h2>\n\n\n\n<ul class=\"wp-block-list\">\n<li><strong>Nome do local<\/strong>: Novo Centro Internacional de Exposi\u00e7\u00f5es de Xangai (SNIEC)<\/li>\n\n\n\n<li><strong>Endere\u00e7o<\/strong>: 2345 Longyang Road, Pudong New District, Xangai, China<\/li>\n\n\n\n<li><strong>S\u00edtio Web<\/strong>: <a href=\"https:\/\/www.sniec.net\/en\/\" target=\"_blank\" rel=\"noopener\">Site oficial do SNIEC<\/a><\/li>\n<\/ul>\n\n\n\n<h2 class=\"wp-block-heading\"><strong>Recursos adicionais<\/strong><\/h2>\n\n\n\n<ul class=\"wp-block-list\">\n<li><strong>Vis\u00e3o geral do evento<\/strong>: <a href=\"https:\/\/www.bicycleretailer.com\/calendar\/china-cycle-2025\" target=\"_blank\" rel=\"noopener\">Not\u00edcias do sector e dos retalhistas de bicicletas<\/a><\/li>\n\n\n\n<li><strong>Destaques do evento<\/strong>: <a href=\"https:\/\/www.prnewswire.com\/news-releases\/china-cycle-2025-to-propel-industry-evolution-with-new-innovations-in-shanghai-302313970.html\" target=\"_blank\" rel=\"noopener\">PR Newswire<\/a><\/li>\n\n\n\n<li><strong>Detalhes da exposi\u00e7\u00e3o<\/strong>: <a href=\"https:\/\/www.globalexhibition.org\/en\/sub\/exhibition_view.php?cat_no=&amp;idx=9008&amp;offset=\" target=\"_blank\" rel=\"noopener\">Exposi\u00e7\u00e3o mundial<\/a><\/li>\n<\/ul>\n\n\n\n<hr class=\"wp-block-separator has-alpha-channel-opacity\"\/>\n\n\n\n<h2 class=\"wp-block-heading\"><strong>Dicas para participar no China Cycle 2025<\/strong><\/h2>\n\n\n\n<ol start=\"1\" class=\"wp-block-list\">\n<li><strong>Registo antecipado<\/strong>:\n<ul class=\"wp-block-list\">\n<li>Certifique-se de que se regista com anteced\u00eancia para evitar longas filas de espera e garantir o acesso ao evento. O registo pode ser feito atrav\u00e9s do s\u00edtio Web oficial.<\/li>\n<\/ul>\n<\/li>\n\n\n\n<li><strong>Planeje sua visita<\/strong>:\n<ul class=\"wp-block-list\">\n<li>Com mais de 1.400 expositores e uma vasta \u00e1rea de exposi\u00e7\u00e3o, \u00e9 importante planear com anteced\u00eancia. Consulte o mapa do evento e a lista de expositores para definir as prioridades das suas visitas.<\/li>\n<\/ul>\n<\/li>\n\n\n\n<li><strong>Usar sapatos confort\u00e1veis<\/strong>:\n<ul class=\"wp-block-list\">\n<li>Vai andar e estar de p\u00e9 durante longos per\u00edodos de tempo, por isso n\u00e3o se esque\u00e7a de usar sapatos confort\u00e1veis para se manter energizado ao longo do dia.<\/li>\n<\/ul>\n<\/li>\n\n\n\n<li><strong>Traga cart\u00f5es de visita<\/strong>:\n<ul class=\"wp-block-list\">\n<li>Se estiver a participar por motivos de networking ou de neg\u00f3cios, n\u00e3o se esque\u00e7a de trazer cart\u00f5es de visita. A China Cycle \u00e9 um local fant\u00e1stico para conhecer potenciais parceiros, clientes e fornecedores.<\/li>\n<\/ul>\n<\/li>\n\n\n\n<li><strong>Participar em eventos e workshops de cria\u00e7\u00e3o de redes<\/strong>:\n<ul class=\"wp-block-list\">\n<li>Esteja atento aos workshops, eventos de cria\u00e7\u00e3o de redes e pain\u00e9is de discuss\u00e3o durante o evento. Estes eventos constituem excelentes oportunidades para alargar os seus conhecimentos sobre o sector e estabelecer contactos com profissionais que partilham os mesmos interesses.<\/li>\n<\/ul>\n<\/li>\n\n\n\n<li><strong>Mantenha-se atualizado sobre as tend\u00eancias do sector<\/strong>:\n<ul class=\"wp-block-list\">\n<li>A China Cycle \u00e9 um centro para as mais recentes inova\u00e7\u00f5es nos sectores do ciclismo e das bicicletas el\u00e9ctricas. Aproveite a oportunidade para conhecer as tecnologias e tend\u00eancias emergentes que podem ter impacto no seu neg\u00f3cio.<\/li>\n<\/ul>\n<\/li>\n\n\n\n<li><strong>Planear o alojamento<\/strong>:\n<ul class=\"wp-block-list\">\n<li>Xangai \u00e9 uma cidade grande, por isso \u00e9 aconselh\u00e1vel reservar o seu alojamento com anteced\u00eancia. Muitos hot\u00e9is oferecem tarifas especiais para os participantes no China Cycle, pelo que deve consultar o s\u00edtio Web oficial para obter recomenda\u00e7\u00f5es.<\/li>\n<\/ul>\n<\/li>\n\n\n\n<li><strong>Explorar Xangai<\/strong>:\n<ul class=\"wp-block-list\">\n<li>Se o tempo o permitir, aproveite a oportunidade para explorar Xangai. Conhecida pela sua mistura \u00fanica de modernidade e tradi\u00e7\u00e3o, Xangai oferece uma vasta gama de atrac\u00e7\u00f5es, desde o ic\u00f3nico Bund at\u00e9 \u00e0 mundialmente famosa Torre de Xangai.<\/li>\n<\/ul>\n<\/li>\n<\/ol>\n\n\n\n<h2 class=\"wp-block-heading\"><strong>Como chegar ao local do evento<\/strong><\/h2>\n\n\n\n<p><strong>1. De Metro<\/strong><\/p>\n\n\n\n<p>Tomar <strong>Linha 7 do metro<\/strong> e sair em <strong>Esta\u00e7\u00e3o rodovi\u00e1ria de Huamu<\/strong>. A esta\u00e7\u00e3o d\u00e1 acesso direto ao recinto de exposi\u00e7\u00f5es (SNIEC).<\/p>\n\n\n\n<p><strong>2. De autocarro<\/strong><\/p>\n\n\n\n<p>V\u00e1rias linhas de autocarro t\u00eam paragens perto do local, incluindo:<\/p>\n\n\n\n<p><strong>989 (percurso curto)<\/strong>, <strong>Linha 5 de Daqiao<\/strong>, <strong>Linha 6 de Daqiao (percurso curto)<\/strong>, <strong>Linha especial de Fangchuan<\/strong>, <strong>Linha especial de Dongchuan<\/strong>, <strong>Linha 1 de Huamu<\/strong>, <strong>Linha 3 do aeroporto<\/strong>, <strong>Linha 6 do aeroporto<\/strong>, <strong>975<\/strong>, <strong>976<\/strong>e muito mais.<\/p>\n\n\n\n<p>Para obter assist\u00eancia, pode telefonar para a linha direta do servi\u00e7o de autocarros: <strong>160881603<\/strong>.<\/p>\n\n\n\n<p><strong>3. De autom\u00f3vel<\/strong><\/p>\n\n\n\n<p>O <strong>Novo Centro Internacional de Exposi\u00e7\u00f5es de Xangai (SNIEC)<\/strong> est\u00e1 localizado na intersec\u00e7\u00e3o de <strong>Estrada Longyang<\/strong> e <strong>Rua Luoshan<\/strong>, com acesso f\u00e1cil a partir do centro da cidade atrav\u00e9s de <strong>Ponte Nanpu<\/strong> ou <strong>Ponte Yangpu<\/strong>.<\/p>\n\n\n\n<ul class=\"wp-block-list\">\n<li><strong>Total de lugares de estacionamento:<\/strong> 4,603<\/li>\n\n\n\n<li><strong>Taxa de estacionamento:<\/strong> \u00a55 por hora; m\u00e1ximo di\u00e1rio: \u00a540 <em>(As taxas aplicam-se a ve\u00edculos de passageiros normais e a outros ve\u00edculos ligeiros).<\/em><\/li>\n<\/ul>\n\n\n\n<p><strong>4. Das esta\u00e7\u00f5es de caminho de ferro<\/strong><\/p>\n\n\n\n<ul class=\"wp-block-list\">\n<li><strong>Da esta\u00e7\u00e3o ferrovi\u00e1ria de Xangai<\/strong>\n<ul class=\"wp-block-list\">\n<li><strong>De t\u00e1xi:<\/strong> ~16 km, aprox. \u00a545<\/li>\n\n\n\n<li><strong>De metro:<\/strong> Linha 1 \u2192 People's Square \u2192 Linha 2 \u2192 Longyang Road \u2192 Caminhar ou transferir para a Linha 7 \u2192 Esta\u00e7\u00e3o Huamu Road (~35 minutos)<\/li>\n<\/ul>\n<\/li>\n\n\n\n<li><strong>Da esta\u00e7\u00e3o ferrovi\u00e1ria de Xangai Sul<\/strong>\n<ul class=\"wp-block-list\">\n<li><strong>De t\u00e1xi:<\/strong> ~20 km, aprox. \u00a555<\/li>\n\n\n\n<li><strong>De metro:<\/strong> Linha 1 \u2192 People's Square \u2192 Linha 2 \u2192 Longyang Road \u2192 Caminhar ou transferir para a Linha 7 \u2192 Esta\u00e7\u00e3o Huamu Road (~45 minutos)<\/li>\n<\/ul>\n<\/li>\n\n\n\n<li><strong>Da esta\u00e7\u00e3o ferrovi\u00e1ria de Xangai Hongqiao<\/strong>\n<ul class=\"wp-block-list\">\n<li><strong>De t\u00e1xi:<\/strong> ~35 km, aprox. \u00a5100<\/li>\n\n\n\n<li><strong>De metro:<\/strong> Linha 2 \u2192 Longyang Road \u2192 Caminhar ou transferir para a Linha 7 \u2192 Esta\u00e7\u00e3o Huamu Road (~50 minutos)<\/li>\n<\/ul>\n<\/li>\n<\/ul>\n\n\n\n<hr class=\"wp-block-separator has-alpha-channel-opacity\"\/>","protected":false},"excerpt":{"rendered":"<p>China Cycle 2025, the 33rd China International Bicycle Fair, will be held from May 5 to 8, 2025, at the Shanghai New International Expo Centre (SNIEC). As one of the largest and most influential events in the global cycling industry, this exhibition gathers top manufacturers, industry leaders, and innovators from around the world. Whether you [&hellip;]<\/p>\n","protected":false},"author":2,"featured_media":1123,"comment_status":"open","ping_status":"open","sticky":false,"template":"","format":"standard","meta":{"footnotes":""},"categories":[36],"tags":[45],"class_list":["post-1077","post","type-post","status-publish","format-standard","has-post-thumbnail","hentry","category-event-expo","tag-china-bike-events"],"_links":{"self":[{"href":"https:\/\/regencargobikes.com\/pt\/wp-json\/wp\/v2\/posts\/1077","targetHints":{"allow":["GET"]}}],"collection":[{"href":"https:\/\/regencargobikes.com\/pt\/wp-json\/wp\/v2\/posts"}],"about":[{"href":"https:\/\/regencargobikes.com\/pt\/wp-json\/wp\/v2\/types\/post"}],"author":[{"embeddable":true,"href":"https:\/\/regencargobikes.com\/pt\/wp-json\/wp\/v2\/users\/2"}],"replies":[{"embeddable":true,"href":"https:\/\/regencargobikes.com\/pt\/wp-json\/wp\/v2\/comments?post=1077"}],"version-history":[{"count":3,"href":"https:\/\/regencargobikes.com\/pt\/wp-json\/wp\/v2\/posts\/1077\/revisions"}],"predecessor-version":[{"id":1155,"href":"https:\/\/regencargobikes.com\/pt\/wp-json\/wp\/v2\/posts\/1077\/revisions\/1155"}],"wp:featuredmedia":[{"embeddable":true,"href":"https:\/\/regencargobikes.com\/pt\/wp-json\/wp\/v2\/media\/1123"}],"wp:attachment":[{"href":"https:\/\/regencargobikes.com\/pt\/wp-json\/wp\/v2\/media?parent=1077"}],"wp:term":[{"taxonomy":"category","embeddable":true,"href":"https:\/\/regencargobikes.com\/pt\/wp-json\/wp\/v2\/categories?post=1077"},{"taxonomy":"post_tag","embeddable":true,"href":"https:\/\/regencargobikes.com\/pt\/wp-json\/wp\/v2\/tags?post=1077"}],"curies":[{"name":"wp","href":"https:\/\/api.w.org\/{rel}","templated":true}]}}