{"id":1145,"date":"2025-05-03T17:19:43","date_gmt":"2025-05-03T09:19:43","guid":{"rendered":"https:\/\/regencargobikes.com\/?p=1145"},"modified":"2025-05-07T21:31:08","modified_gmt":"2025-05-07T13:31:08","slug":"2025-austin-cargo-bike-festival","status":"publish","type":"post","link":"https:\/\/regencargobikes.com\/pt\/2025-austin-cargo-bike-festival\/","title":{"rendered":"Festival de Bicicletas de Carga de Austin 2025"},"content":{"rendered":"<p>O <strong>Festival de Bicicletas de Carga de Austin 2025<\/strong> oferece a oportunidade de experimentar em primeira m\u00e3o as vantagens pr\u00e1ticas das bicicletas de carga e das solu\u00e7\u00f5es de transporte ligeiro em ambientes urbanos. A decorrer em <strong>S\u00e1bado, 3 de maio de 2025<\/strong>, de <strong>Das 11 \u00e0s 15 horas<\/strong> em <strong>900 Springdale Road, Austin, TX<\/strong>Este evento \u00e9 gratuito para o p\u00fablico e centra-se em aplica\u00e7\u00f5es reais de bicicletas de carga e solu\u00e7\u00f5es de micro-mobilidade para a vida na cidade.<\/p>\n\n\n\n<h2 class=\"wp-block-heading\"><strong>&nbsp;Detalhes do evento<\/strong><\/h2>\n\n\n\n<ul class=\"wp-block-list\">\n<li><strong>Data e hora<\/strong>: S\u00e1bado, 3 de maio de 2025 | 11 AM - 3 PM<\/li>\n\n\n\n<li><strong>Localiza\u00e7\u00e3o<\/strong>: 900 Springdale Road, Austin, TX 78702<\/li>\n\n\n\n<li><strong>Admiss\u00e3o<\/strong>: Gr\u00e1tis<\/li>\n\n\n\n<li><strong>Organizador<\/strong>: <a href=\"https:\/\/www.biketexas.org\/uncategorized\/2025-austin-cargo-bike-festival\/\" target=\"_blank\" rel=\"noopener\">BikeTexas<\/a><\/li>\n<\/ul>\n\n\n\n<figure class=\"wp-block-image size-full\"><img fetchpriority=\"high\" decoding=\"async\" width=\"600\" height=\"400\" src=\"https:\/\/regencargobikes.com\/wp-content\/uploads\/2025\/05\/Fun-at-ACBF-1.jpg\" alt=\"\" class=\"wp-image-1146\" srcset=\"https:\/\/regencargobikes.com\/wp-content\/uploads\/2025\/05\/Fun-at-ACBF-1.jpg 600w, https:\/\/regencargobikes.com\/wp-content\/uploads\/2025\/05\/Fun-at-ACBF-1-300x200.jpg 300w, https:\/\/regencargobikes.com\/wp-content\/uploads\/2025\/05\/Fun-at-ACBF-1-18x12.jpg 18w\" sizes=\"(max-width: 600px) 100vw, 600px\" \/><\/figure>\n\n\n\n<h2 class=\"wp-block-heading\"><strong>O que esperar<\/strong><\/h2>\n\n\n\n<ul class=\"wp-block-list\">\n<li><strong>Passeios de teste<\/strong>: Os participantes ter\u00e3o a oportunidade de experimentar v\u00e1rias bicicletas de carga e ve\u00edculos de micro-mobilidade em condi\u00e7\u00f5es reais.<\/li>\n\n\n\n<li><strong>Desfile de bicicletas de carga decoradas<\/strong>: Os participantes podem juntar-se ao desfile para mostrar as suas bicicletas de carga personalizadas de forma criativa.<\/li>\n\n\n\n<li><strong>Comida e entretenimento locais<\/strong>: O festival contar\u00e1 com comida de vendedores locais e entretenimento para os participantes de todas as idades.<\/li>\n\n\n\n<li><strong>Envolvimento da comunidade<\/strong>: O evento proporciona uma oportunidade para estabelecer contactos com residentes e empresas locais que est\u00e3o a utilizar bicicletas de carga para satisfazer as suas necessidades de transporte.<\/li>\n<\/ul>\n\n\n\n<h2 class=\"wp-block-heading\"><strong>Quem deve participar<\/strong><\/h2>\n\n\n\n<ul class=\"wp-block-list\">\n<li><strong>Entusiastas do ciclismo<\/strong>: Este evento \u00e9 ideal para pessoas interessadas em aprender mais sobre os usos e benef\u00edcios das bicicletas de carga.<\/li>\n\n\n\n<li><strong>Fam\u00edlias<\/strong>: O festival oferece actividades divertidas e educativas para todas as idades.<\/li>\n\n\n\n<li><strong>Planeadores urbanos e decisores pol\u00edticos<\/strong>: O evento permitir\u00e1 compreender como as bicicletas de carga podem ajudar a reduzir o congestionamento do tr\u00e1fego e melhorar a mobilidade urbana.<\/li>\n\n\n\n<li><strong>Empresas locais<\/strong>: As empresas podem explorar a forma como as bicicletas de carga podem ser integradas nas suas opera\u00e7\u00f5es para entregas e outras necessidades log\u00edsticas.<\/li>\n<\/ul>\n\n\n\n<h2 class=\"wp-block-heading\"><strong>Dicas para visitantes<\/strong><\/h2>\n\n\n\n<ul class=\"wp-block-list\">\n<li><strong>Chegar cedo<\/strong>: Para aproveitar ao m\u00e1ximo o seu tempo no evento, considere chegar cedo para experimentar as bicicletas de carga.<\/li>\n\n\n\n<li><strong>Traga a fam\u00edlia e os amigos<\/strong>: Este \u00e9 um evento para toda a fam\u00edlia e \u00e9 uma \u00f3ptima oportunidade para aprender e divertir-se em conjunto.<\/li>\n\n\n\n<li><strong>Vestir-se confortavelmente<\/strong>: Uma vez que o evento se realiza ao ar livre, use roupa e cal\u00e7ado confort\u00e1veis, adequados para caminhar e participar nas actividades.<\/li>\n\n\n\n<li><strong>Interagir com os expositores<\/strong>: Aproveite para falar com os expositores e saber como as bicicletas de carga podem ser utilizadas para v\u00e1rias aplica\u00e7\u00f5es pr\u00e1ticas na sua vida ou na sua empresa.<\/li>\n<\/ul>","protected":false},"excerpt":{"rendered":"<p>The 2025 Austin Cargo Bike Festival offers a chance to experience firsthand the practical advantages of cargo bikes and light transport solutions in urban settings. Taking place on Saturday, May 3, 2025, from 11 AM to 3 PM at 900 Springdale Road, Austin, TX, this event is free to the public and focuses on real-world [&hellip;]<\/p>\n","protected":false},"author":2,"featured_media":1147,"comment_status":"open","ping_status":"open","sticky":false,"template":"","format":"standard","meta":{"footnotes":""},"categories":[36],"tags":[],"class_list":["post-1145","post","type-post","status-publish","format-standard","has-post-thumbnail","hentry","category-event-expo"],"_links":{"self":[{"href":"https:\/\/regencargobikes.com\/pt\/wp-json\/wp\/v2\/posts\/1145","targetHints":{"allow":["GET"]}}],"collection":[{"href":"https:\/\/regencargobikes.com\/pt\/wp-json\/wp\/v2\/posts"}],"about":[{"href":"https:\/\/regencargobikes.com\/pt\/wp-json\/wp\/v2\/types\/post"}],"author":[{"embeddable":true,"href":"https:\/\/regencargobikes.com\/pt\/wp-json\/wp\/v2\/users\/2"}],"replies":[{"embeddable":true,"href":"https:\/\/regencargobikes.com\/pt\/wp-json\/wp\/v2\/comments?post=1145"}],"version-history":[{"count":1,"href":"https:\/\/regencargobikes.com\/pt\/wp-json\/wp\/v2\/posts\/1145\/revisions"}],"predecessor-version":[{"id":1148,"href":"https:\/\/regencargobikes.com\/pt\/wp-json\/wp\/v2\/posts\/1145\/revisions\/1148"}],"wp:featuredmedia":[{"embeddable":true,"href":"https:\/\/regencargobikes.com\/pt\/wp-json\/wp\/v2\/media\/1147"}],"wp:attachment":[{"href":"https:\/\/regencargobikes.com\/pt\/wp-json\/wp\/v2\/media?parent=1145"}],"wp:term":[{"taxonomy":"category","embeddable":true,"href":"https:\/\/regencargobikes.com\/pt\/wp-json\/wp\/v2\/categories?post=1145"},{"taxonomy":"post_tag","embeddable":true,"href":"https:\/\/regencargobikes.com\/pt\/wp-json\/wp\/v2\/tags?post=1145"}],"curies":[{"name":"wp","href":"https:\/\/api.w.org\/{rel}","templated":true}]}}