{"id":1505,"date":"2025-06-09T05:41:03","date_gmt":"2025-06-08T21:41:03","guid":{"rendered":"https:\/\/regencargobikes.com\/?p=1505"},"modified":"2025-06-09T05:41:04","modified_gmt":"2025-06-08T21:41:04","slug":"micro-mobility-labs-unveils-convoy-e-cargo-trailer","status":"publish","type":"post","link":"https:\/\/regencargobikes.com\/pt\/micro-mobility-labs-unveils-convoy-e-cargo-trailer\/","title":{"rendered":"Micro Mobility Labs revela o trailer el\u00e9trico Convoy"},"content":{"rendered":"<p><em>June 2025 \u2013 London, UK<\/em> \u2013 British start-up <strong>Micro Mobility Labs<\/strong> has introduced its latest creation, the <strong>Convoy C.01<\/strong> electric cargo trailer, set to debut at this summer\u2019s Eurobike show. Designed to attach easily to most bicycles, the rugged yet lightweight Convoy brings <strong>250W motor power, 30\u202fkm range, and 50\u202fkg payload capacity<\/strong> in a compact, portable package.<\/p>\n\n\n\n<hr class=\"wp-block-separator has-alpha-channel-opacity\"\/>\n\n\n\n<h2 class=\"wp-block-heading\"><strong>Effortless Fit, Smart Handling<\/strong><\/h2>\n\n\n\n<p>One standout feature is tool-free installation\u2014Convoy clips onto your bike without wrenches or adjustments. It also features a patent-pending rear-wheel steering system that helps the trailer <strong>follow bicycle turns naturally<\/strong>, improving handling in tight urban spaces.<\/p>\n\n\n\n<p>Paired with a bicycle\u2019s torque-sensing motor, Convoy offers a <strong>Class 1 assist up to 16\u202fmph (26\u202fkm\/h)<\/strong> with a usable range of <strong>up to 30\u202fkm (19 miles)<\/strong>. Pricing is currently set at around <strong>\u20ac2,200 (approx.\u202f$2,500)<\/strong>, and pre-orders are live in several European markets.<\/p><div class=\"regen-test-placement-from-wizard-1604397851\" id=\"regen-789024169\"><script async src=\"https:\/\/pagead2.googlesyndication.com\/pagead\/js\/adsbygoogle.js?client=ca-pub-1076230867169041\"\n     crossorigin=\"anonymous\"><\/script><\/div><div class=\"regen-test-placement-from-wizard-2878267818\" id=\"regen-996124106\"><script async src=\"https:\/\/pagead2.googlesyndication.com\/pagead\/js\/adsbygoogle.js?client=ca-pub-1076230867169041\"\n     crossorigin=\"anonymous\"><\/script><\/div>\n\n\n\n<hr class=\"wp-block-separator has-alpha-channel-opacity\"\/>\n\n\n\n<h2 class=\"wp-block-heading\"><strong>Who It&#8217;s For<\/strong><\/h2>\n\n\n\n<p>Unlike bulky electric cargo bikes or delivery vans, Convoy is designed for flexibility. Whether you&#8217;re a parent hauling groceries, a courier handling bike deliveries, or a small business transporting goods, Convoy plugs onto your own bike to quickly transform it into a practical electric cargo hauler.<\/p>\n\n\n\n<p>European backers have already reported real-world success: one family described it as \u201cmaking the school run far easier,\u201d while local bakers noted it replaces short car errands without taking up parking space.<\/p>\n\n\n\n<hr class=\"wp-block-separator has-alpha-channel-opacity\"\/>\n\n\n\n<h2 class=\"wp-block-heading\"><strong>Performance at a Glance<\/strong><\/h2>\n\n\n\n<p>Here&#8217;s how Convoy stacks up against typical e-cargo bikes and van-based systems:<\/p>\n\n\n\n<figure class=\"wp-block-table\"><table class=\"has-fixed-layout\"><tbody><tr><td><strong>Recurso<\/strong><\/td><td><strong>Convoy C.01<\/strong><\/td><td><strong>Standard E-Cargo Bike<\/strong><\/td><\/tr><tr><td>Capacidade de carga \u00fatil<\/td><td>50\u202fkg<\/td><td>100\u2013200\u202fkg<\/td><\/tr><tr><td>Motor Output<\/td><td>250\u202fW<\/td><td>250\u2013750\u202fW<\/td><\/tr><tr><td>Velocidade m\u00e1xima assistida<\/td><td>16\u202fmph (26\u202fkm\/h)<\/td><td>25\u202f\u2013\u202f40\u202fkm\/h<\/td><\/tr><tr><td>Gama<\/td><td>Up to 30\u202fkm<\/td><td>40\u202f\u2013\u202f80\u202fkm<\/td><\/tr><tr><td>Ease of Attachment<\/td><td>Clip-on, no tools<\/td><td>Fixed frame, not modular<\/td><\/tr><tr><td>Trailer Weight<\/td><td>12\u202fkg<\/td><td>30\u202fkg+<\/td><\/tr><\/tbody><\/table><\/figure>\n\n\n\n<p>Convoy doesn\u2019t match the range or bulk-hauling power of larger e-cargo bikes, but its <strong>simplicity, portability, and maneuverability<\/strong> make it ideal for lighter loads and casual logistics.<\/p>\n\n\n\n<hr class=\"wp-block-separator has-alpha-channel-opacity\"\/>\n\n\n\n<h2 class=\"wp-block-heading\"><strong>Rising Demand for Sustainable Cargo<\/strong><\/h2>\n\n\n\n<p>Cities worldwide are pushing for greener last-mile deliveries. The European Cycling Federation reports a <strong>12% growth in micro-cargo bike sales in 2024<\/strong>, largely driven by families and local delivery services seeking sustainable alternatives to cars.<\/p>\n\n\n\n<p>Micro Mobility Labs\u2019s team\u2014led by former Dyson engineers\u2014is promising even more innovation: the upcoming C.02 model will feature <strong>lighter materials and smarter sensors<\/strong>.<\/p>\n\n\n\n<p>Industry insiders are already noticing Convoy\u2019s modular potential. Alex M\u00fcller, a former urban courier service manager, said:<\/p>\n\n\n\n<blockquote class=\"wp-block-quote is-layout-flow wp-block-quote-is-layout-flow\">\n<p>\u201cConvoy offers a modular e-cargo solution with real appeal to both consumers and B2B users.\u201d<\/p>\n<\/blockquote>\n\n\n\n<p>Meanwhile, bike-tech reviewer Emma Clark added:<\/p>\n\n\n\n<blockquote class=\"wp-block-quote is-layout-flow wp-block-quote-is-layout-flow\">\n<p>\u201cYou don\u2019t need a custom e-cargo bike\u2014Convoy turns your current ride into a haul-capable system, perfect for rental fleets and shared bikes.\u201d<\/p>\n<\/blockquote>\n\n\n\n<hr class=\"wp-block-separator has-alpha-channel-opacity\"\/>\n\n\n\n<h2 class=\"wp-block-heading\"><strong>Upcoming Rollout Timeline<\/strong><\/h2>\n\n\n\n<p>Micro Mobility Labs plans to:<\/p>\n\n\n\n<ul class=\"wp-block-list\">\n<li>Showcase Convoy at <strong>Eurobike 2025<\/strong> (July) for media and distributor demos<\/li>\n\n\n\n<li>Begin limited European shipping in <strong>Q4 2025<\/strong><\/li>\n\n\n\n<li>Enter North America in <strong>Q2 2026<\/strong> via partnerships with delivery platforms like Uber Freight and Amazon Flex<\/li>\n<\/ul>\n\n\n\n<p>They\u2019re currently refining the battery pack and steering mechanism for greater durability and lighter weight.<\/p>\n\n\n\n<hr class=\"wp-block-separator has-alpha-channel-opacity\"\/>\n\n\n\n<h2 class=\"wp-block-heading\"><strong>Challenges Ahead<\/strong><\/h2>\n\n\n\n<p>Convoy fulfills the needs of light cargo users, but it\u2019s less suitable for heavy-duty delivery tasks. Its 250W motor and 30\u202fkm range meet European Class 1 standards, though they\u2019re below North American limits (Class 2 with 20\u202fmph max). Scaling manufacturing and distribution while controlling cost remain key hurdles.<\/p>\n\n\n\n<hr class=\"wp-block-separator has-alpha-channel-opacity\"\/>\n\n\n\n<h2 class=\"wp-block-heading\"><strong>Palavra final<\/strong><\/h2>\n\n\n\n<p>Convoy brings a fresh, modular twist to inner-city logistics\u2014combining simplicity, flexibility, and sustainability. For families, couriers, or small-scale vendors, it adds cargo utility without the cost or bulk of a full e-cargo bike. If Micro Mobility Labs can scale effectively post-Eurobike, Convoy could help cement the trend toward modular, shareable urban transport\u2014one bike at a time.<\/p>\n\n\n\n<h2 class=\"wp-block-heading\">Isen\u00e7\u00e3o de direitos autorais de imagem<\/h2>\n\n\n\n<p>Algumas imagens utilizadas neste site\/artigo s\u00e3o provenientes da internet e destinam-se exclusivamente a fins ilustrativos e educacionais, a fim de aprimorar a compreens\u00e3o do conte\u00fado. Respeitamos os direitos de propriedade intelectual dos criadores originais e nos esfor\u00e7amos para dar os devidos cr\u00e9ditos \u00e0s fontes, quando aplic\u00e1vel.<\/p>\n\n\n\n<p>Se voc\u00ea \u00e9 o leg\u00edtimo propriet\u00e1rio de qualquer imagem exibida aqui e acredita que seu uso constitui uma viola\u00e7\u00e3o de direitos autorais, entre em contato conosco em <a href=\"mailto:info@regencargobikes.com\" target=\"_Blank\" rel=\"noreferrer noopener\">info@regencargobikes.com<\/a>Ap\u00f3s a verifica\u00e7\u00e3o, removeremos imediatamente a imagem ou forneceremos a devida atribui\u00e7\u00e3o.<\/p>\n\n\n\n<p>Obrigado pela sua compreens\u00e3o.<\/p>\n\n\n\n<p>\u00a9 Regen Technology Co., Ltd.<\/p>","protected":false},"excerpt":{"rendered":"<p>June 2025 \u2013 London, UK \u2013 British start-up Micro Mobility Labs has introduced its latest creation, the Convoy C.01 electric cargo trailer, set to debut at this summer\u2019s Eurobike show. Designed to attach easily to most bicycles, the rugged yet lightweight Convoy brings 250W motor power, 30\u202fkm range, and 50\u202fkg payload capacity in a compact, [&hellip;]<\/p>\n","protected":false},"author":2,"featured_media":1506,"comment_status":"open","ping_status":"open","sticky":false,"template":"","format":"standard","meta":{"footnotes":""},"categories":[2],"tags":[],"class_list":["post-1505","post","type-post","status-publish","format-standard","has-post-thumbnail","hentry","category-knowledge"],"_links":{"self":[{"href":"https:\/\/regencargobikes.com\/pt\/wp-json\/wp\/v2\/posts\/1505","targetHints":{"allow":["GET"]}}],"collection":[{"href":"https:\/\/regencargobikes.com\/pt\/wp-json\/wp\/v2\/posts"}],"about":[{"href":"https:\/\/regencargobikes.com\/pt\/wp-json\/wp\/v2\/types\/post"}],"author":[{"embeddable":true,"href":"https:\/\/regencargobikes.com\/pt\/wp-json\/wp\/v2\/users\/2"}],"replies":[{"embeddable":true,"href":"https:\/\/regencargobikes.com\/pt\/wp-json\/wp\/v2\/comments?post=1505"}],"version-history":[{"count":1,"href":"https:\/\/regencargobikes.com\/pt\/wp-json\/wp\/v2\/posts\/1505\/revisions"}],"predecessor-version":[{"id":1507,"href":"https:\/\/regencargobikes.com\/pt\/wp-json\/wp\/v2\/posts\/1505\/revisions\/1507"}],"wp:featuredmedia":[{"embeddable":true,"href":"https:\/\/regencargobikes.com\/pt\/wp-json\/wp\/v2\/media\/1506"}],"wp:attachment":[{"href":"https:\/\/regencargobikes.com\/pt\/wp-json\/wp\/v2\/media?parent=1505"}],"wp:term":[{"taxonomy":"category","embeddable":true,"href":"https:\/\/regencargobikes.com\/pt\/wp-json\/wp\/v2\/categories?post=1505"},{"taxonomy":"post_tag","embeddable":true,"href":"https:\/\/regencargobikes.com\/pt\/wp-json\/wp\/v2\/tags?post=1505"}],"curies":[{"name":"wp","href":"https:\/\/api.w.org\/{rel}","templated":true}]}}