{"id":1557,"date":"2025-06-19T04:11:32","date_gmt":"2025-06-18T20:11:32","guid":{"rendered":"https:\/\/regencargobikes.com\/?p=1557"},"modified":"2025-06-19T04:11:34","modified_gmt":"2025-06-18T20:11:34","slug":"top-10-cargo-bike-rental-services-in-germany","status":"publish","type":"post","link":"https:\/\/regencargobikes.com\/pt\/top-10-cargo-bike-rental-services-in-germany\/","title":{"rendered":"Os 10 melhores servi\u00e7os de aluguel de bicicletas de carga na Alemanha"},"content":{"rendered":"<p>O ecossistema de aluguer de bicicletas de carga na Alemanha est\u00e1 a prosperar. As cidades, as startups e as empresas de log\u00edstica est\u00e3o a adotar cada vez mais as bicicletas el\u00e9ctricas de carga para reduzir as emiss\u00f5es, aliviar o congestionamento e melhorar a mobilidade. Estes servi\u00e7os servem uma variedade de utilizadores - fam\u00edlias, trabalhadores pendulares, empresas e governos locais - mostrando a versatilidade das bicicletas el\u00e9ctricas de carga. N\u00e3o s\u00f3 substituem viagens curtas de carro, como tamb\u00e9m contribuem para programas de mobilidade partilhada, log\u00edstica sustent\u00e1vel e iniciativas de bairro. Nesse contexto, dez marcas-chave se destacam em todo o pa\u00eds. Sem hierarquiz\u00e1-las, este artigo tra\u00e7a um perfil do modelo, dos servi\u00e7os e dos casos de uso comercial de cada uma delas, oferecendo insights para equipes de compras, autoridades p\u00fablicas e planejadores log\u00edsticos que estejam avaliando parcerias com bicicletas de carga para programas p\u00fablicos ou opera\u00e7\u00f5es comerciais.<\/p>\n\n\n\n<hr class=\"wp-block-separator has-alpha-channel-opacity\"\/>\n\n\n\n<h2 class=\"wp-block-heading\">1. <strong>Sigo - Partilha de carga eletr\u00f3nica com base em esta\u00e7\u00f5es<\/strong><\/h2>\n\n\n\n<p>Com sede em Darmstadt, <strong>Sigo<\/strong> \u00e9 pioneira na partilha de carga eletr\u00f3nica baseada em esta\u00e7\u00f5es, utilizando bicicletas el\u00e9tricas de duas rodas feitas \u00e0 medida, acopladas em centros de carregamento indutivo. Desde o seu lan\u00e7amento em 2020, a Sigo tem operado um modelo B2B2C, colaborando com associa\u00e7\u00f5es de habita\u00e7\u00e3o, munic\u00edpios e entidades de transportes p\u00fablicos. Os utilizadores localizam, desbloqueiam, conduzem e devolvem as bicicletas atrav\u00e9s de uma aplica\u00e7\u00e3o m\u00f3vel. O carregamento ocorre sem problemas na esta\u00e7\u00e3o, garantindo cerca de 50-70 km por carga.<\/p>\n\n\n\n<ul class=\"wp-block-list\">\n<li><strong>Frota e tecnologia<\/strong>: Bicicletas personalizadas com controlo por aplica\u00e7\u00e3o e carregamento indutivo r\u00e1pido.<\/li>\n\n\n\n<li><strong>Casos de utiliza\u00e7\u00e3o<\/strong>: Ideal para pilotos p\u00fablicos, partilha comunit\u00e1ria e entrega localizada.<\/li>\n\n\n\n<li><strong>Projeto emblem\u00e1tico<\/strong>: O projeto \"Lastenrad\" da Baviera - 133 bicicletas em 55 cidades, 95 000 km percorridos e mais de metade das viagens substitu\u00edram as viagens de autom\u00f3vel.<\/li>\n<\/ul>\n\n\n\n<figure class=\"wp-block-image size-full\"><img fetchpriority=\"high\" decoding=\"async\" width=\"900\" height=\"600\" src=\"https:\/\/regencargobikes.com\/wp-content\/uploads\/2025\/06\/Sigo_Eurobike2019.webp\" alt=\"\" class=\"wp-image-1558\" srcset=\"https:\/\/regencargobikes.com\/wp-content\/uploads\/2025\/06\/Sigo_Eurobike2019.webp 900w, https:\/\/regencargobikes.com\/wp-content\/uploads\/2025\/06\/Sigo_Eurobike2019-300x200.webp 300w, https:\/\/regencargobikes.com\/wp-content\/uploads\/2025\/06\/Sigo_Eurobike2019-768x512.webp 768w, https:\/\/regencargobikes.com\/wp-content\/uploads\/2025\/06\/Sigo_Eurobike2019-18x12.webp 18w\" sizes=\"(max-width: 900px) 100vw, 900px\" \/><\/figure>\n\n\n\n<p>O modelo da Sigo demonstra como uma infraestrutura robusta, a automatiza\u00e7\u00e3o e as parcerias podem fazer da partilha de carga eletr\u00f3nica uma solu\u00e7\u00e3o urbana escal\u00e1vel. Elimina a ansiedade da autonomia, minimiza a manuten\u00e7\u00e3o e reduz as necessidades de pessoal. Os respons\u00e1veis pelas aquisi\u00e7\u00f5es podem ver a Sigo como um parceiro chave-na-m\u00e3o - oferecendo opera\u00e7\u00f5es fi\u00e1veis, resultados amigos do ambiente e integra\u00e7\u00e3o de infra-estruturas - tudo sens\u00edvel ao planeamento da comunidade e aos crit\u00e9rios da frota. Este esquema \u00e9 um modelo para as cidades que procuram implementar a mobilidade com o m\u00ednimo de perturba\u00e7\u00f5es e o m\u00e1ximo de benef\u00edcios p\u00fablicos.<\/p><div class=\"regen-test-placement-from-wizard-1604397851\" id=\"regen-3767100653\"><script async src=\"https:\/\/pagead2.googlesyndication.com\/pagead\/js\/adsbygoogle.js?client=ca-pub-1076230867169041\"\n     crossorigin=\"anonymous\"><\/script><\/div><div class=\"regen-test-placement-from-wizard-2878267818\" id=\"regen-1235397610\"><script async src=\"https:\/\/pagead2.googlesyndication.com\/pagead\/js\/adsbygoogle.js?client=ca-pub-1076230867169041\"\n     crossorigin=\"anonymous\"><\/script><\/div>\n\n\n\n<hr class=\"wp-block-separator has-alpha-channel-opacity\"\/>\n\n\n\n<h2 class=\"wp-block-heading\">2. <strong>Nextbike (Tier Mobility) - Rede de bicicletas partilhadas Integra\u00e7\u00e3o de carga<\/strong><\/h2>\n\n\n\n<p><strong>Pr\u00f3xima bicicleta<\/strong>A Nextbike, sob a \u00e9gide da Tier Mobility, melhora a partilha de bicicletas nas cidades atrav\u00e9s da integra\u00e7\u00e3o da carga. Em cidades alem\u00e3s como Leipzig e Col\u00f3nia, a Nextbike adicionou bicicletas de carga electr\u00f3nicas (por exemplo, <strong>Urban Arrow Cargo L<\/strong>), acess\u00edveis atrav\u00e9s da mesma aplica\u00e7\u00e3o e do mesmo sistema de ancoragem. Esta estrat\u00e9gia aproveita a infraestrutura existente e os h\u00e1bitos dos utilizadores - tornando as bicicletas de carga uma extens\u00e3o que aumenta a visibilidade dos sistemas populares de partilha de bicicletas.<\/p>\n\n\n\n<ul class=\"wp-block-list\">\n<li><strong>Pre\u00e7os<\/strong>: ~1 euro de desbloqueio, 0,05-0,10 euros por minuto.<\/li>\n\n\n\n<li><strong>Utiliza\u00e7\u00f5es<\/strong>: Ideal para as desloca\u00e7\u00f5es familiares, o transporte de crian\u00e7as ou a log\u00edstica urbana ligeira.<\/li>\n\n\n\n<li><strong>Modelo<\/strong>: Urban Arrow Cargo L para uma condu\u00e7\u00e3o est\u00e1vel e capacidade de carga.<\/li>\n<\/ul>\n\n\n\n<p>A integra\u00e7\u00e3o reduz as despesas gerais: a mesma fatura\u00e7\u00e3o, apoio e disponibilidade de esta\u00e7\u00f5es. Alarga a diversidade da frota com um investimento m\u00ednimo e permite \u00e0s cidades monitorizar a utiliza\u00e7\u00e3o das bicicletas de carga atrav\u00e9s de dados partilhados. Os utilizadores ganham familiaridade sem necessidade de novas aplica\u00e7\u00f5es ou registos. No entanto, as frotas pequenas podem significar uma disponibilidade limitada e uma fiabilidade baseada na procura. O acesso noturno ou ao fim de semana pode variar. No entanto, a abordagem da Nextbike mostra como as cidades podem incorporar op\u00e7\u00f5es de carga rapidamente - n\u00e3o construindo sistemas separados, mas actualizando os existentes. Para as equipas de log\u00edstica e aprovisionamento, isto representa uma op\u00e7\u00e3o de carga de baixo risco e facilmente acess\u00edvel dentro de estruturas conhecidas.<\/p>\n\n\n\n<hr class=\"wp-block-separator has-alpha-channel-opacity\"\/>\n\n\n\n<h2 class=\"wp-block-heading\">3. <strong>Freie Lastenr\u00e4der - Empr\u00e9stimos gratuitos orientados para a comunidade<\/strong><\/h2>\n\n\n\n<p>O <strong>Lastenr\u00e4der livre<\/strong> rede - alimentada por ONG e clubes locais - abrange agora <strong>Mais de 179 cidades alem\u00e3s<\/strong> (por exemplo, a fLotte de Berlim, a Kasimir de Col\u00f3nia). Um residente pode reservar uma bicicleta de carga em linha, levant\u00e1-la num local da comunidade e devolv\u00ea-la ap\u00f3s a sua utiliza\u00e7\u00e3o - gratuitamente ou por donativo.<\/p>\n\n\n\n<ul class=\"wp-block-list\">\n<li><strong>Frota<\/strong>: Bicicletas de caixa manual e el\u00e9ctrica, trikes; carregadas pelo utilizador se forem el\u00e9ctricas.<\/li>\n\n\n\n<li><strong>Casos de utiliza\u00e7\u00e3o<\/strong>: Recados, transporte para armazenamento, passeios em fam\u00edlia.<\/li>\n\n\n\n<li><strong>Modelo<\/strong>: Abordagem democr\u00e1tica com base em anfitri\u00f5es volunt\u00e1rios.<\/li>\n<\/ul>\n\n\n\n<p>Estes esquemas geram boa vontade p\u00fablica, desenvolvem a coes\u00e3o da comunidade e criam apoio de base para a mobilidade sustent\u00e1vel. As limita\u00e7\u00f5es incluem horas de servi\u00e7o n\u00e3o comerciais, recursos de manuten\u00e7\u00e3o limitados e variabilidade entre locais. No entanto, o impacto social \u00e9 significativo: modelam a responsabilidade do utilizador, reduzem a depend\u00eancia do autom\u00f3vel e validam a utiliza\u00e7\u00e3o da carga p\u00fablica. Para os respons\u00e1veis pelo planeamento e as equipas de RSE das empresas, estes programas podem complementar os servi\u00e7os pagos, a expans\u00e3o da infraestrutura piloto ou atrair os cidad\u00e3os para esquemas partilhados. Tamb\u00e9m ajudam a testar o comportamento dos utilizadores em ambientes de baixo custo e com poucas barreiras.<\/p>\n\n\n\n<hr class=\"wp-block-separator has-alpha-channel-opacity\"\/>\n\n\n\n<h2 class=\"wp-block-heading\">4. <strong>CYCLE.eco - Aluguer Comercial por Assinatura<\/strong><\/h2>\n\n\n\n<p><strong>CYCLE.eco<\/strong> (anteriormente GetHenry) aluga bicicletas de carga eletr\u00f3nica a trabalhadores independentes, PMEs e empresas com contratos mensais com tudo inclu\u00eddo (159-199 euros), que cobrem a manuten\u00e7\u00e3o e o seguro. Activos em Berlim, Hamburgo, Col\u00f3nia e noutros locais, utilizam modelos como a Urban Arrow e a Radkutsche de cauda longa - robustas e concebidas para uma utiliza\u00e7\u00e3o intensiva.<\/p>\n\n\n\n<ul class=\"wp-block-list\">\n<li><strong>Frota<\/strong>: Modelos topo de gama de cauda longa com sistemas de acionamento Bosch.<\/li>\n\n\n\n<li><strong>Assinatura<\/strong>: Uma taxa mensal inclui servi\u00e7o, seguro e pe\u00e7as.<\/li>\n\n\n\n<li><strong>Casos de utiliza\u00e7\u00e3o<\/strong>: Entrega de alimentos, log\u00edstica de correio r\u00e1pido, transporte de \u00faltima milha B2B.<\/li>\n<\/ul>\n\n\n\n<figure class=\"wp-block-image size-full\"><img decoding=\"async\" width=\"900\" height=\"600\" src=\"https:\/\/regencargobikes.com\/wp-content\/uploads\/2025\/06\/\u5fae\u4fe1\u56fe\u7247_20250619032435.webp\" alt=\"\" class=\"wp-image-1560\" srcset=\"https:\/\/regencargobikes.com\/wp-content\/uploads\/2025\/06\/\u5fae\u4fe1\u56fe\u7247_20250619032435.webp 900w, https:\/\/regencargobikes.com\/wp-content\/uploads\/2025\/06\/\u5fae\u4fe1\u56fe\u7247_20250619032435-300x200.webp 300w, https:\/\/regencargobikes.com\/wp-content\/uploads\/2025\/06\/\u5fae\u4fe1\u56fe\u7247_20250619032435-768x512.webp 768w, https:\/\/regencargobikes.com\/wp-content\/uploads\/2025\/06\/\u5fae\u4fe1\u56fe\u7247_20250619032435-18x12.webp 18w\" sizes=\"(max-width: 900px) 100vw, 900px\" \/><\/figure>\n\n\n\n<p>As empresas evitam grandes custos iniciais e podem dimensionar as frotas de forma flex\u00edvel. Despesas operacionais previs\u00edveis ajudam a or\u00e7amentar a log\u00edstica. O suporte de manuten\u00e7\u00e3o aumenta o tempo de atividade e reduz as interrup\u00e7\u00f5es. O aprovisionamento pode monitorizar a utiliza\u00e7\u00e3o, os custos e o ROI. A disponibilidade pode flutuar durante uma procura elevada e o aluguer mensal pode exceder os custos de propriedade com uma utiliza\u00e7\u00e3o intensiva. Ainda assim, a CYCLE.eco oferece uma solu\u00e7\u00e3o de frota quase pronta a utilizar - ideal para frotas sem equipas de manuten\u00e7\u00e3o de bicicletas ou sem capital concentrado.<\/p>\n\n\n\t\t<div data-elementor-type=\"section\" data-elementor-id=\"1530\" class=\"elementor elementor-1530\" data-elementor-post-type=\"elementor_library\">\n\t\t\t<div class=\"elementor-element elementor-element-303061a0 e-flex e-con-boxed e-con e-parent\" data-id=\"303061a0\" data-element_type=\"container\" data-e-type=\"container\" data-settings=\"{&quot;background_background&quot;:&quot;classic&quot;,&quot;ekit_has_onepagescroll_dot&quot;:&quot;yes&quot;}\">\n\t\t\t\t\t<div class=\"e-con-inner\">\n\t\t<div class=\"elementor-element elementor-element-2b5c3a71 e-con-full e-flex e-con e-child\" data-id=\"2b5c3a71\" data-element_type=\"container\" data-e-type=\"container\" data-settings=\"{&quot;ekit_has_onepagescroll_dot&quot;:&quot;yes&quot;}\">\n\t\t\t\t<div class=\"elementor-element elementor-element-272f1e87 elementor-widget elementor-widget-elementskit-heading\" data-id=\"272f1e87\" data-element_type=\"widget\" data-e-type=\"widget\" data-widget_type=\"elementskit-heading.default\">\n\t\t\t\t<div class=\"elementor-widget-container\">\n\t\t\t\t\t<div class=\"ekit-wid-con\" ><div class=\"ekit-heading elementskit-section-title-wraper text_left   ekit_heading_tablet-   ekit_heading_mobile-text_center\"><h2 class=\"ekit-heading--title elementskit-section-title\">Pretende iniciar a sua pr\u00f3pria frota de aluguer de bicicletas de carga?<\/h2>\t\t\t\t<div class='ekit-heading__description'>\n\t\t\t\t\t<p>A Regen ajudou dezenas de operadores iniciantes a superar obst\u00e1culos t\u00e9cnicos e de produ\u00e7\u00e3o. A nossa equipa de especialistas facilita a conce\u00e7\u00e3o, produ\u00e7\u00e3o e expans\u00e3o de uma frota pronta para aluguer - tudo sob a sua marca.<\/p>\n\t\t\t\t<\/div>\n\t\t\t<\/div><\/div>\t\t\t\t<\/div>\n\t\t\t\t<\/div>\n\t\t\t\t<div class=\"elementor-element elementor-element-4ac735db elementor-widget-mobile__width-auto elementor-widget elementor-widget-elementskit-dual-button\" data-id=\"4ac735db\" data-element_type=\"widget\" data-e-type=\"widget\" data-widget_type=\"elementskit-dual-button.default\">\n\t\t\t\t<div class=\"elementor-widget-container\">\n\t\t\t\t\t<div class=\"ekit-wid-con\" >\n                <div class=\"ekit-element-align-wrapper\">\n                    <div class=\"ekit_double_button\">                <a class=\"ekit-double-btn ekit-double-btn-one\" href=\"https:\/\/regencargobikes.com\/pt\/contact\/\">\n                    Pedir um or\u00e7amento                <\/a>\n            \n            <a class=\"ekit-double-btn ekit-double-btn-two\" href=\"https:\/\/regencargobikes.com\/pt\/service-center\/\">\n                    Centro de servi\u00e7o                <\/a>\n                  <\/div>\n                <\/div>\n            <\/div>\t\t\t\t<\/div>\n\t\t\t\t<\/div>\n\t\t\t\t<\/div>\n\t\t<div class=\"elementor-element elementor-element-19753a4e e-con-full e-flex e-con e-child\" data-id=\"19753a4e\" data-element_type=\"container\" data-e-type=\"container\" data-settings=\"{&quot;background_background&quot;:&quot;classic&quot;,&quot;ekit_has_onepagescroll_dot&quot;:&quot;yes&quot;}\">\n\t\t\t\t<div class=\"elementor-element elementor-element-17eaa8b elementor-widget elementor-widget-html\" data-id=\"17eaa8b\" data-element_type=\"widget\" data-e-type=\"widget\" data-widget_type=\"html.default\">\n\t\t\t\t<div class=\"elementor-widget-container\">\n\t\t\t\t\t<script async src=\"https:\/\/pagead2.googlesyndication.com\/pagead\/js\/adsbygoogle.js?client=ca-pub-1076230867169041\"\n     crossorigin=\"anonymous\"><\/script>\n<!-- \u6b63\u65b9\u5f62 -->\n<ins class=\"adsbygoogle\"\n     style=\"display:block\"\n     data-ad-client=\"ca-pub-1076230867169041\"\n     data-ad-slot=\"7340675255\"\n     data-ad-format=\"auto\"\n     data-full-width-responsive=\"true\"><\/ins>\n<script>\n     (adsbygoogle = window.adsbygoogle || []).push({});\n<\/script>\t\t\t\t<\/div>\n\t\t\t\t<\/div>\n\t\t\t\t<\/div>\n\t\t\t\t\t<\/div>\n\t\t\t\t<\/div>\n\t\t\t\t<\/div>\n\t\t\n\n\n\n<hr class=\"wp-block-separator has-alpha-channel-opacity\"\/>\n\n\n\n<h2 class=\"wp-block-heading\">5. <strong>ListNRide - Agregador de alugueres privados e de lojas<\/strong><\/h2>\n\n\n\n<p><strong>ListNRide<\/strong> funciona como uma plataforma que liga propriet\u00e1rios privados e pequenas lojas de aluguer, oferecendo cerca de <strong>80-90 bicicletas de carga<\/strong> em toda a Alemanha. Apresenta modelos de e-cargo, como o Bakfiets e o Babboe, alugados \u00e0 hora ou ao dia - ideais para fam\u00edlias, turistas ou projectos pontuais.<\/p>\n\n\n\n<ul class=\"wp-block-list\">\n<li><strong>Dimens\u00e3o da frota<\/strong>: An\u00fancios activos em cidades de grande e m\u00e9dia dimens\u00e3o.<\/li>\n\n\n\n<li><strong>Casos de utiliza\u00e7\u00e3o<\/strong>: F\u00e9rias familiares de curta dura\u00e7\u00e3o, eventos, testes.<\/li>\n\n\n\n<li><strong>Exemplos<\/strong>: Bakfiets para a desloca\u00e7\u00e3o de caixas ou de crian\u00e7as.<\/li>\n<\/ul>\n\n\n\n<p>O ListNRide oferece flexibilidade - sem contratos de longo prazo ou compromissos de sistema. A qualidade varia, mas \u00e9 ideal para pilotos de aquisi\u00e7\u00e3o, parceiros de turismo e servi\u00e7os sociais que oferecem acesso ad-hoc a bicicletas de carga. O pre\u00e7o pode ser mais elevado para alugueres individuais. Os operadores ganham visibilidade e infra-estruturas de reserva atrav\u00e9s da plataforma, sem investir no seu pr\u00f3prio portal Web. \u00c9 um ponto de entrada valioso para testar a procura ou fornecer uma log\u00edstica pop-up.<\/p>\n\n\n\n<hr class=\"wp-block-separator has-alpha-channel-opacity\"\/>\n\n\n\n<h2 class=\"wp-block-heading\">6. <strong>Urban Arrow (atrav\u00e9s de concession\u00e1rios) - Leasing e vendas de frotas<\/strong><\/h2>\n\n\n\n<p><strong>Flecha Urbana<\/strong> bicicletas-como a <strong>Desempenho do Cargo L<\/strong> e <strong>Cama plana L<\/strong>-s\u00e3o a espinha dorsal do hardware para muitas frotas B2B e subscri\u00e7\u00f5es de log\u00edstica. Os concession\u00e1rios em toda a Alemanha oferecem leasing e servi\u00e7os completos de gest\u00e3o de frotas, apoiando a implementa\u00e7\u00e3o, manuten\u00e7\u00e3o e actualiza\u00e7\u00f5es de frotas.<\/p>\n\n\n\n<ul class=\"wp-block-list\">\n<li><strong>Modelos<\/strong>: Cargo L com caixa, Flatbed L para trabalhos pesados.<\/li>\n\n\n\n<li><strong>Casos de utiliza\u00e7\u00e3o<\/strong>: Entregas, empresas de aluguer, frotas p\u00fablicas.<\/li>\n\n\n\n<li><strong>Apoio<\/strong>: Pacotes de servi\u00e7os do concession\u00e1rio e garantias do fabricante.<\/li>\n<\/ul>\n\n\n\n<p>Embora a Urban Arrow n\u00e3o alugue diretamente, disponibiliza aos fornecedores de aluguer e aos operadores de frotas bicicletas de carga de qualidade superior. O desempenho est\u00e1 bem adaptado \u00e0s necessidades da empresa, navegando nas estradas da cidade e lidando com cargas \u00fateis. O aluguer ajuda a evitar o risco de propriedade e o investimento em invent\u00e1rio. As cidades tamb\u00e9m beneficiam, uma vez que estas bicicletas se integram em programas p\u00fablicos ou em convers\u00f5es de frotas. Os agentes de aprovisionamento que avaliam as op\u00e7\u00f5es de hardware reconhecer\u00e3o a reputa\u00e7\u00e3o de defini\u00e7\u00e3o de padr\u00f5es da Urban Arrow e o vasto apoio dos revendedores.<\/p>\n\n\n\n<hr class=\"wp-block-separator has-alpha-channel-opacity\"\/>\n\n\n\n<h2 class=\"wp-block-heading\">7. <strong>Rep\u00fablica dos Burros - Implementa\u00e7\u00e3o da carga piloto<\/strong><\/h2>\n\n\n\n<p><strong>Rep\u00fablica dos Burros<\/strong> adicionou modelos de carga \u00e0 sua aplica\u00e7\u00e3o de aluguer sem condutor em Berlim e em cidades selecionadas. Estas bicicletas, equipadas com cadeiras de crian\u00e7a e caixas de carga, est\u00e3o perfeitamente integradas com as ofertas de bicicletas padr\u00e3o na aplica\u00e7\u00e3o, sem necessidade de registo ou dep\u00f3sito especial.<\/p>\n\n\n\n<ul class=\"wp-block-list\">\n<li><strong>Desbloqueio com base em aplica\u00e7\u00f5es<\/strong>: Experi\u00eancia familiar para os cavaleiros.<\/li>\n\n\n\n<li><strong>Casos de utiliza\u00e7\u00e3o<\/strong>: Passeios em fam\u00edlia, desloca\u00e7\u00f5es \u00e0 escola, compras ligeiras.<\/li>\n\n\n\n<li><strong>Benef\u00edcio<\/strong>: Ado\u00e7\u00e3o casual sem compromisso.<\/li>\n<\/ul>\n\n\n\n<figure class=\"wp-block-image size-full\"><img decoding=\"async\" width=\"900\" height=\"600\" src=\"https:\/\/regencargobikes.com\/wp-content\/uploads\/2025\/06\/eT21-07552_02-de.webp\" alt=\"\" class=\"wp-image-1559\" srcset=\"https:\/\/regencargobikes.com\/wp-content\/uploads\/2025\/06\/eT21-07552_02-de.webp 900w, https:\/\/regencargobikes.com\/wp-content\/uploads\/2025\/06\/eT21-07552_02-de-300x200.webp 300w, https:\/\/regencargobikes.com\/wp-content\/uploads\/2025\/06\/eT21-07552_02-de-768x512.webp 768w, https:\/\/regencargobikes.com\/wp-content\/uploads\/2025\/06\/eT21-07552_02-de-18x12.webp 18w\" sizes=\"(max-width: 900px) 100vw, 900px\" \/><\/figure>\n\n\n\n<p>A abordagem da Donkey reduz as barreiras de entrada, permitindo que as fam\u00edlias experimentem bicicletas de carga sem esfor\u00e7o. A integra\u00e7\u00e3o de aplica\u00e7\u00f5es permite uma fatura\u00e7\u00e3o simples e o acompanhamento da localiza\u00e7\u00e3o. No entanto, apresenta frotas de pequena escala, disponibilidade incerta e apoio de servi\u00e7o limitado em compara\u00e7\u00e3o com os alugueres baseados em esta\u00e7\u00f5es. Adequa-se a projectos-piloto de turismo e micro-mobilidade, sendo ideal para gestores de aquisi\u00e7\u00f5es em cidades que pretendam introduzir bicicletas de carga em conjuntos de mobilidade partilhada existentes.<\/p>\n\n\n\n<hr class=\"wp-block-separator has-alpha-channel-opacity\"\/>\n\n\n\n<h2 class=\"wp-block-heading\">8. <strong>Call a Bike (DB) - Carga-piloto para obter informa\u00e7\u00f5es sobre dados<\/strong><\/h2>\n\n\n\n<p><strong>Chamar uma bicicleta<\/strong>A Deutsche Bahn, operada pela Deutsche Bahn, efectua ocasionalmente testes de bicicletas de carga em parceria com cidades como Frankfurt. Estas bicicletas integram-se nas infra-estruturas existentes e s\u00e3o integradas em projectos de investiga\u00e7\u00e3o que exploram o comportamento dos utilizadores e os padr\u00f5es de viagem.<\/p>\n\n\n\n<ul class=\"wp-block-list\">\n<li><strong>Carater\u00edsticas<\/strong>: Cadeiras de crian\u00e7a, caixas traseiras, integra\u00e7\u00e3o de aplica\u00e7\u00f5es.<\/li>\n\n\n\n<li><strong>Casos de utiliza\u00e7\u00e3o<\/strong>: Teste de mobilidade urbana e ligada ao tr\u00e2nsito.<\/li>\n\n\n\n<li><strong>Objetivo<\/strong>: Recolha de dados para a elabora\u00e7\u00e3o de pol\u00edticas.<\/li>\n<\/ul>\n\n\n\n<p>Os projectos-piloto Call a Bike ajudam as autoridades a avaliar a procura, os padr\u00f5es de desloca\u00e7\u00e3o e a substitui\u00e7\u00e3o de viagens sem grandes investimentos. Mostram o papel da carga nos sistemas de tr\u00e2nsito urbano multimodal. A desvantagem \u00e9 que a disponibilidade est\u00e1 limitada aos espa\u00e7os de nome dos projectos-piloto e n\u00e3o ao p\u00fablico em geral. No entanto, os respons\u00e1veis pelas aquisi\u00e7\u00f5es e as ag\u00eancias de planeamento podem utilizar os resultados para justificar investimentos maiores ou a expans\u00e3o do sistema.<\/p>\n\n\n\n<hr class=\"wp-block-separator has-alpha-channel-opacity\"\/>\n\n\n\n<h2 class=\"wp-block-heading\">9. <strong>Frachtfreunde - Frota log\u00edstica das ONG<\/strong><\/h2>\n\n\n\n<p><strong>Amigos da fam\u00edlia<\/strong> \u00e9 uma organiza\u00e7\u00e3o sem fins lucrativos que doa uma frota de bicicletas de carga a ONGs e empresas sociais, permitindo uma log\u00edstica sustent\u00e1vel de baixo custo. As bicicletas - muitas vezes triciclos pesados - s\u00e3o emprestadas a longo prazo para miss\u00f5es sem fins lucrativos, log\u00edstica de eventos ou programas comunit\u00e1rios.<\/p>\n\n\n\n<ul class=\"wp-block-list\">\n<li><strong>Frota<\/strong>: Triciclos de carga el\u00e9ctricos, com capacidade de carga superior a 120 kg.<\/li>\n\n\n\n<li><strong>Casos de utiliza\u00e7\u00e3o<\/strong>: Actividades comunit\u00e1rias, eventos de benefic\u00eancia, log\u00edstica de socorro.<\/li>\n\n\n\n<li><strong>Financiamento<\/strong>: Doa\u00e7\u00f5es e subven\u00e7\u00f5es obtidas atrav\u00e9s de crowdsourcing.<\/li>\n<\/ul>\n\n\n\n<p>Este modelo estende as bicicletas de carga a sectores subfinanciados sem restri\u00e7\u00f5es comerciais. Os desafios incluem o financiamento da manuten\u00e7\u00e3o e a garantia de responsabiliza\u00e7\u00e3o. No entanto, reflecte a forma como as bicicletas podem ser uma solu\u00e7\u00e3o log\u00edstica de base. Os munic\u00edpios podem estabelecer parcerias com ONG como a Frachtfreunde para melhorar as capacidades da comunidade e cumprir os objectivos de sustentabilidade, enquanto as frotas demonstram a capacidade real de apoiar miss\u00f5es c\u00edvicas.<\/p>\n\n\n\n<hr class=\"wp-block-separator has-alpha-channel-opacity\"\/>\n\n\n\n<h2 class=\"wp-block-heading\">10. <strong>Velogista - Servi\u00e7o de correio em bicicleta<\/strong><\/h2>\n\n\n\n<p><strong>Velogista<\/strong>, uma empresa de correio com sede em Berlim, opera log\u00edstica contratual utilizando triciclos de carga el\u00e9ctricos. Com c\u00e1psulas de carga \u00e0 prova de intemp\u00e9ries e uma capacidade de carga superior a 250 kg, o seu modelo apoia as empresas que necessitam de entregas \u00e1geis e ecol\u00f3gicas sem terem de possuir uma frota.<\/p>\n\n\n\n<ul class=\"wp-block-list\">\n<li><strong>Servi\u00e7o<\/strong>: Entrega por contrato B2B com recolhas programadas.<\/li>\n\n\n\n<li><strong>Frota<\/strong>: Trikes de carga personalizados com GPS, contentores modulares.<\/li>\n\n\n\n<li><strong>Clientes-alvo<\/strong>: Retalhistas, escrit\u00f3rios, cadeias de fornecimento de eventos.<\/li>\n<\/ul>\n\n\n\n<p>A Velogista elimina a gest\u00e3o da frota e os encargos com as emiss\u00f5es, permitindo aos clientes reafectar recursos internos. Oferecem fiabilidade e benef\u00edcios mensur\u00e1veis em termos de sustentabilidade. Os desafios incluem a rotatividade dos condutores e a variabilidade clim\u00e1tica. Ainda assim, representam um modelo de entrega totalmente externalizado e isento de carbono, relevante para os respons\u00e1veis pelo planeamento log\u00edstico e pela sustentabilidade das empresas.<\/p>\n\n\n\n<hr class=\"wp-block-separator has-alpha-channel-opacity\"\/>\n\n\n\n<h2 class=\"wp-block-heading\">Conclus\u00e3o: Perspectivas estrat\u00e9gicas para as partes interessadas<\/h2>\n\n\n\n<p>O vasto panorama alem\u00e3o de bicicletas de carga oferece solu\u00e7\u00f5es \u00e0 medida para utiliza\u00e7\u00e3o p\u00fablica e comercial. Entre dez marcas:<\/p>\n\n\n\n<ul class=\"wp-block-list\">\n<li><strong>Sigo<\/strong>oferece uma partilha robusta baseada em esta\u00e7\u00f5es com carregamento autom\u00e1tico.<\/li>\n\n\n\n<li><strong>Pr\u00f3xima bicicleta<\/strong> e <strong>Chamar uma bicicleta<\/strong> integrar a carga nas redes urbanas.<\/li>\n\n\n\n<li><strong>Lastenr\u00e4der livre<\/strong> e <strong>Amigos da fam\u00edlia<\/strong> proporcionar acesso \u00e0s bases e \u00e0s organiza\u00e7\u00f5es sem fins lucrativos.<\/li>\n\n\n\n<li><strong>CYCLE.eco<\/strong>, <strong>Velogista<\/strong>, e <strong>Arrendamento urbano Arrow<\/strong> satisfazer as necessidades log\u00edsticas das empresas.<\/li>\n\n\n\n<li><strong>ListNRide<\/strong> e <strong>Rep\u00fablica dos Burros<\/strong> apoiar os pilotos de consumo e a entrada no turismo.<\/li>\n<\/ul>\n\n\n\n<p>Para os gestores de compras, de pol\u00edticas ou de log\u00edstica, as principais considera\u00e7\u00f5es incluem<\/p>\n\n\n\n<ul class=\"wp-block-list\">\n<li><strong>Prepara\u00e7\u00e3o das infra-estruturas<\/strong>-Sistemas com esta\u00e7\u00e3o vs. sistemas sem esta\u00e7\u00e3o.<\/li>\n\n\n\n<li><strong>Necessidades a n\u00edvel do servi\u00e7o<\/strong>-acesso de curta dura\u00e7\u00e3o, subscri\u00e7\u00f5es ou apoio log\u00edstico.<\/li>\n\n\n\n<li><strong>Modelos de manuten\u00e7\u00e3o<\/strong>-O aluguer de servi\u00e7os completos \u00e9 diferente dos programas geridos pela comunidade.<\/li>\n<\/ul>\n\n\n\n<p>Cada modelo oferece uma mobilidade escal\u00e1vel e sustent\u00e1vel, em conformidade com os regulamentos e os mandatos de sustentabilidade. \u00c0 medida que cresce o interesse na redu\u00e7\u00e3o das emiss\u00f5es, as bicicletas de carga amadureceram, passando de servi\u00e7os de boutique a transportes urbanos convencionais. Os servi\u00e7os alem\u00e3es combinam tecnologia, envolvimento c\u00edvico e pensamento comercial - oferecendo um roteiro para outros pa\u00edses que procuram integrar as bicicletas de carga nos seus ecossistemas de mobilidade.<\/p>\n\n\n\n<hr class=\"wp-block-separator has-alpha-channel-opacity\"\/>\n\n\n\n<p><strong>Refer\u00eancias:<\/strong><\/p>\n\n\n\n<ol class=\"wp-block-list\">\n<li><strong>Sigo<\/strong> - Carregamento em esta\u00e7\u00f5es e modelo de partilha B2B2C <a href=\"https:\/\/sigo.green\" target=\"_Blank\" rel=\"noreferrer noopener\">sigo.green<\/a><\/li>\n\n\n\n<li><strong>Projeto \"Lastenrad\" da Baviera<\/strong> - Resultados da implanta\u00e7\u00e3o e dados de utiliza\u00e7\u00e3o <a href=\"\/pt\/sigo.green\/news\/lastenrad-bavaria\/\" target=\"_Blank\" rel=\"noreferrer noopener\">sigo.green\/news\/lastenrad-bavaria<\/a><\/li>\n\n\n\n<li><strong>Nextbike (Mobilidade de n\u00edvel)<\/strong> - Integra\u00e7\u00e3o de cargas e partilha baseada em aplica\u00e7\u00f5es <a href=\"https:\/\/nextbike.de\" target=\"_Blank\" rel=\"noreferrer noopener\">nextbike.de<\/a><\/li>\n\n\n\n<li><strong>Freie Lastenr\u00e4der (Frachtfreunde)<\/strong> - Rede de empr\u00e9stimos gratuitos orientada para a comunidade <a href=\"https:\/\/lastenrad.frachtfreunde.de\" target=\"_Blank\" rel=\"noreferrer noopener\">lastenrad.frachtfreunde.de<\/a><\/li>\n\n\n\n<li><strong>CYCLE.eco (anteriormente GetHenry)<\/strong> - Detalhes do plano de subscri\u00e7\u00e3o e cobertura da frota <a href=\"https:\/\/cycle.eco\" target=\"_Blank\" rel=\"noreferrer noopener\">cycle.eco<\/a><\/li>\n\n\n\n<li><strong>ListNRide<\/strong> - Plataforma agregadora com listagens de bicicletas de carga <a href=\"https:\/\/listnride.com\" target=\"_Blank\" rel=\"noreferrer noopener\">listnride.com<\/a><\/li>\n\n\n\n<li><strong>Flecha Urbana<\/strong> - Utiliza\u00e7\u00e3o em programas de leasing atrav\u00e9s de concession\u00e1rios alem\u00e3es <a href=\"https:\/\/urbanarrow.com\" target=\"_Blank\" rel=\"noreferrer noopener\">urbanarrow.com<\/a><\/li>\n\n\n\n<li><strong>Rep\u00fablica dos Burros<\/strong> - Implementa\u00e7\u00f5es-piloto de bicicletas de carga <a href=\"https:\/\/donkey.bike\" target=\"_Blank\" rel=\"noreferrer noopener\">burro.bicicleta<\/a><\/li>\n\n\n\n<li><strong>Chamar uma bicicleta da Deutsche Bahn<\/strong> - Pilotos de investiga\u00e7\u00e3o de bicicletas de carga <a href=\"https:\/\/callabike.de\" target=\"_Blank\" rel=\"noreferrer noopener\">callabike.de<\/a><\/li>\n\n\n\n<li><strong>Amigos da fam\u00edlia<\/strong> - Log\u00edstica das ONG e doa\u00e7\u00f5es de bicicletas de carga <a href=\"https:\/\/frachtfreunde.de\" target=\"_Blank\" rel=\"noreferrer noopener\">frachtfreunde.de<\/a><\/li>\n\n\n\n<li><strong>Velogista<\/strong> - Modelo de servi\u00e7o de transporte de carga em triciclo <a href=\"https:\/\/velogista.de\" target=\"_Blank\" rel=\"noreferrer noopener\">velogista.de<\/a><\/li>\n<\/ol>","protected":false},"excerpt":{"rendered":"<p>Germany\u2019s cargo bike rental ecosystem is thriving. Cities, startups, and logistics firms are increasingly adopting e-cargo bikes to reduce emissions, ease congestion, and improve mobility. These services serve a variety of users\u2014families, commuters, businesses, and local governments\u2014showcasing the versatility of e-cargo bikes. Not only do they replace short car trips, but they also contribute to [&hellip;]<\/p>\n","protected":false},"author":2,"featured_media":1563,"comment_status":"open","ping_status":"open","sticky":false,"template":"","format":"standard","meta":{"footnotes":""},"categories":[2],"tags":[],"class_list":["post-1557","post","type-post","status-publish","format-standard","has-post-thumbnail","hentry","category-knowledge"],"_links":{"self":[{"href":"https:\/\/regencargobikes.com\/pt\/wp-json\/wp\/v2\/posts\/1557","targetHints":{"allow":["GET"]}}],"collection":[{"href":"https:\/\/regencargobikes.com\/pt\/wp-json\/wp\/v2\/posts"}],"about":[{"href":"https:\/\/regencargobikes.com\/pt\/wp-json\/wp\/v2\/types\/post"}],"author":[{"embeddable":true,"href":"https:\/\/regencargobikes.com\/pt\/wp-json\/wp\/v2\/users\/2"}],"replies":[{"embeddable":true,"href":"https:\/\/regencargobikes.com\/pt\/wp-json\/wp\/v2\/comments?post=1557"}],"version-history":[{"count":1,"href":"https:\/\/regencargobikes.com\/pt\/wp-json\/wp\/v2\/posts\/1557\/revisions"}],"predecessor-version":[{"id":1565,"href":"https:\/\/regencargobikes.com\/pt\/wp-json\/wp\/v2\/posts\/1557\/revisions\/1565"}],"wp:featuredmedia":[{"embeddable":true,"href":"https:\/\/regencargobikes.com\/pt\/wp-json\/wp\/v2\/media\/1563"}],"wp:attachment":[{"href":"https:\/\/regencargobikes.com\/pt\/wp-json\/wp\/v2\/media?parent=1557"}],"wp:term":[{"taxonomy":"category","embeddable":true,"href":"https:\/\/regencargobikes.com\/pt\/wp-json\/wp\/v2\/categories?post=1557"},{"taxonomy":"post_tag","embeddable":true,"href":"https:\/\/regencargobikes.com\/pt\/wp-json\/wp\/v2\/tags?post=1557"}],"curies":[{"name":"wp","href":"https:\/\/api.w.org\/{rel}","templated":true}]}}