{"id":1600,"date":"2025-06-22T04:17:36","date_gmt":"2025-06-21T20:17:36","guid":{"rendered":"https:\/\/regencargobikes.com\/?p=1600"},"modified":"2025-06-22T04:17:38","modified_gmt":"2025-06-21T20:17:38","slug":"how-fast-can-your-electric-cargo-bike-go","status":"publish","type":"post","link":"https:\/\/regencargobikes.com\/pt\/how-fast-can-your-electric-cargo-bike-go\/","title":{"rendered":"Qual a velocidade m\u00e1xima que sua bicicleta de carga el\u00e9trica pode atingir?"},"content":{"rendered":"<p>Na Regen, fazem-nos muitas vezes uma pergunta enganadoramente simples:<\/p>\n\n\n\n<p><strong>\"Com que rapidez \u00e9 que o seu <a href=\"https:\/\/regencargobikes.com\/pt\/what-is-a-cargo-bike\/\" data-type=\"post\" data-id=\"1179\">bicicleta de carga el\u00e9trica<\/a> ir?\"<\/strong><\/p>\n\n\n\n<p>\u00c9 uma pergunta justa - e importante. Quer esteja a deslocar-se para o trabalho, a entregar mercadorias ou a conduzir por lazer, a velocidade afecta n\u00e3o s\u00f3 a efici\u00eancia, mas tamb\u00e9m a legalidade, a seguran\u00e7a e o conforto da condu\u00e7\u00e3o. Por isso, hoje, vamos lev\u00e1-lo para tr\u00e1s do guiador e para os dados. Vamos explorar as estat\u00edsticas de velocidade do mundo real, os limites legais e <strong>o que afecta a velocidade da sua bicicleta de carga.<\/strong><\/p><div class=\"regen-test-placement-from-wizard-1604397851\" id=\"regen-1162492680\"><script async src=\"https:\/\/pagead2.googlesyndication.com\/pagead\/js\/adsbygoogle.js?client=ca-pub-1076230867169041\"\n     crossorigin=\"anonymous\"><\/script><\/div><div class=\"regen-test-placement-from-wizard-2878267818\" id=\"regen-2947191412\"><script async src=\"https:\/\/pagead2.googlesyndication.com\/pagead\/js\/adsbygoogle.js?client=ca-pub-1076230867169041\"\n     crossorigin=\"anonymous\"><\/script><\/div>\n\n\n\n<hr class=\"wp-block-separator has-alpha-channel-opacity\"\/>\n\n\n\n<h2 class=\"wp-block-heading\"><strong>Limites de velocidade em todo o mundo<\/strong><\/h2>\n\n\n\n<p>Comecemos pelo b\u00e1sico: <strong>as velocidades m\u00e1ximas legais variam consoante a regi\u00e3o<\/strong>. A maioria das bicicletas el\u00e9ctricas de carga enquadra-se numa de duas classes:<\/p>\n\n\n\n<figure class=\"wp-block-table\"><table class=\"has-fixed-layout\"><thead><tr><th><strong>Regi\u00e3o<\/strong><\/th><th><strong>Velocidade m\u00e1xima legal (km\/h)<\/strong><\/th><th><strong>Velocidade m\u00e1xima (mph)<\/strong><\/th><th><strong>Notas de aula<\/strong><\/th><\/tr><\/thead><tbody><tr><td>UE<\/td><td>25<\/td><td>15.5<\/td><td>Pedelec (motor 250W m\u00e1ximo)<\/td><\/tr><tr><td>UE (Speed-P)<\/td><td>45<\/td><td>28<\/td><td>Pedelec de velocidade, precisa de registo<\/td><\/tr><tr><td>EUA<\/td><td>32<\/td><td>20<\/td><td>Bicicletas el\u00e9ctricas das classes 1 e 2 (limite do motor de 750 W)<\/td><\/tr><tr><td>Canad\u00e1<\/td><td>32<\/td><td>20<\/td><td>Motores Max 500W<\/td><\/tr><\/tbody><\/table><\/figure>\n\n\n\n<p>Na maioria dos pa\u00edses europeus, as nossas bicicletas de carga s\u00e3o <strong>limitado a 25 km\/h<\/strong> para se qualificarem como bicicletas ao abrigo da lei de tr\u00e2nsito - sem necessidade de carta de condu\u00e7\u00e3o ou seguro. Nos EUA e no Canad\u00e1, o limite \u00e9 de <strong>32 km\/h<\/strong>. Algumas motas excedem este limite (at\u00e9 45 km\/h) sob uma <strong>pedelec de velocidade<\/strong> que normalmente exige o uso de capacete, seguro e at\u00e9 uma matr\u00edcula.<\/p>\n\n\n\n<p><br>\ud83d\udc49 Liga\u00e7\u00e3o a: <strong><a href=\"https:\/\/regencargobikes.com\/pt\/electric-cargo-bike-motor-power-system-faq\/\" data-type=\"post\" data-id=\"1310\">Perguntas frequentes sobre o sistema e a pot\u00eancia do motor da bicicleta el\u00e9ctrica de carga<\/a><\/strong><\/p>\n\n\n\n<hr class=\"wp-block-separator has-alpha-channel-opacity\"\/>\n\n\n\n<h2 class=\"wp-block-heading\"><strong>Que velocidades atingem realmente os condutores?<\/strong><\/h2>\n\n\n\n<p>\u00c9 aqui que a teoria se encontra com o alcatr\u00e3o. <a href=\"https:\/\/regencargobikes.com\/pt\/long-john-cargo-bike-regen-02\/\" data-type=\"page\" data-id=\"1395\">Bicicletas de carga el\u00e9ctricas Regen<\/a> navegar confortavelmente:<\/p>\n\n\n\n<ul class=\"wp-block-list\">\n<li><strong>20-25 km\/h (12-15,5 mph)<\/strong> com assist\u00eancia de pedal standard<\/li>\n\n\n\n<li><strong>25-28 mph (40-45 km\/h)<\/strong> para modelos de alta pot\u00eancia ou de veloc\u00edpedes<\/li>\n<\/ul>\n\n\n\n<p>Mas lembre-se que a velocidade n\u00e3o tem apenas a ver com as especifica\u00e7\u00f5es. Tem a ver com <strong>carga, terreno, dados do condutor<\/strong>e, claro, <strong>for\u00e7a motora<\/strong>.<\/p>\n\n\n\t\t<div data-elementor-type=\"section\" data-elementor-id=\"1414\" class=\"elementor elementor-1414\" data-elementor-post-type=\"elementor_library\">\n\t\t\t<div class=\"elementor-element elementor-element-7bf5eb01 e-flex e-con-boxed e-con e-parent\" data-id=\"7bf5eb01\" data-element_type=\"container\" data-e-type=\"container\" data-settings=\"{&quot;background_background&quot;:&quot;classic&quot;,&quot;ekit_has_onepagescroll_dot&quot;:&quot;yes&quot;}\">\n\t\t\t\t\t<div class=\"e-con-inner\">\n\t\t<div class=\"elementor-element elementor-element-9fc34e2 e-con-full e-flex e-con e-child\" data-id=\"9fc34e2\" data-element_type=\"container\" data-e-type=\"container\" data-settings=\"{&quot;background_background&quot;:&quot;classic&quot;,&quot;ekit_has_onepagescroll_dot&quot;:&quot;yes&quot;}\">\n\t\t\t\t<div class=\"elementor-element elementor-element-af4e700 elementor-absolute elementor-widget elementor-widget-image\" data-id=\"af4e700\" data-element_type=\"widget\" data-e-type=\"widget\" data-settings=\"{&quot;_position&quot;:&quot;absolute&quot;}\" data-widget_type=\"image.default\">\n\t\t\t\t<div class=\"elementor-widget-container\">\n\t\t\t\t\t\t\t\t\t\t\t\t\t\t\t<img fetchpriority=\"high\" decoding=\"async\" width=\"800\" height=\"422\" src=\"https:\/\/regencargobikes.com\/wp-content\/uploads\/2025\/05\/regen-02-electric-cargo-bike-.webp\" class=\"attachment-large size-large wp-image-1398\" alt=\"bicicleta de carga el\u00e9trica regen 02\" srcset=\"https:\/\/regencargobikes.com\/wp-content\/uploads\/2025\/05\/regen-02-electric-cargo-bike-.webp 1000w, https:\/\/regencargobikes.com\/wp-content\/uploads\/2025\/05\/regen-02-electric-cargo-bike--300x158.webp 300w, https:\/\/regencargobikes.com\/wp-content\/uploads\/2025\/05\/regen-02-electric-cargo-bike--768x405.webp 768w, https:\/\/regencargobikes.com\/wp-content\/uploads\/2025\/05\/regen-02-electric-cargo-bike--18x9.webp 18w\" sizes=\"(max-width: 800px) 100vw, 800px\" \/>\t\t\t\t\t\t\t\t\t\t\t\t\t\t\t<\/div>\n\t\t\t\t<\/div>\n\t\t\t\t<\/div>\n\t\t<div class=\"elementor-element elementor-element-7de8cd9d e-con-full e-flex e-con e-child\" data-id=\"7de8cd9d\" data-element_type=\"container\" data-e-type=\"container\" data-settings=\"{&quot;ekit_has_onepagescroll_dot&quot;:&quot;yes&quot;}\">\n\t\t\t\t<div class=\"elementor-element elementor-element-308b8d20 elementor-widget elementor-widget-elementskit-heading\" data-id=\"308b8d20\" data-element_type=\"widget\" data-e-type=\"widget\" data-widget_type=\"elementskit-heading.default\">\n\t\t\t\t<div class=\"elementor-widget-container\">\n\t\t\t\t\t<div class=\"ekit-wid-con\" ><div class=\"ekit-heading elementskit-section-title-wraper text_left   ekit_heading_tablet-   ekit_heading_mobile-text_center\"><h3 class=\"elementskit-section-subtitle\">\n\t\t\t\t\t\tBicicleta el\u00e9trica de carga Regen 02\n\t\t\t\t\t<\/h3><h2 class=\"ekit-heading--title elementskit-section-title\">Procurando uma impressora frontal compacta e personaliz\u00e1vel para sua marca?<\/h2>\t\t\t\t<div class='ekit-heading__description'>\n\t\t\t\t\t<p class=\"p1\">Testado pela T\u00dcV em projetos personalizados anteriores. Modelo dispon\u00edvel publicamente \u2014 configur\u00e1vel, comprovado e pronto para escalar.<\/p>\n\t\t\t\t<\/div>\n\t\t\t<\/div><\/div>\t\t\t\t<\/div>\n\t\t\t\t<\/div>\n\t\t\t\t<div class=\"elementor-element elementor-element-bf516c8 elementor-align-left elementor-align--mobilecenter elementor-widget elementor-widget-elementskit-button\" data-id=\"bf516c8\" data-element_type=\"widget\" data-e-type=\"widget\" data-widget_type=\"elementskit-button.default\">\n\t\t\t\t<div class=\"elementor-widget-container\">\n\t\t\t\t\t<div class=\"ekit-wid-con\" >\t\t<div class=\"ekit-btn-wraper\">\n\t\t\t\t\t\t\t<a href=\"https:\/\/regencargobikes.com\/pt\/long-john-cargo-bike-regen-02\/\" class=\"elementskit-btn  whitespace--normal\" id=\"\">\n\t\t\t\t\tSaber mais\t\t\t\t<\/a>\n\t\t\t\t\t<\/div>\n        <\/div>\t\t\t\t<\/div>\n\t\t\t\t<\/div>\n\t\t\t\t<\/div>\n\t\t\t\t\t<\/div>\n\t\t\t\t<\/div>\n\t\t\t\t<\/div>\n\t\t\n\n\n\n<hr class=\"wp-block-separator has-alpha-channel-opacity\"\/>\n\n\n\n<h3 class=\"wp-block-heading\"><strong> Exemplo do mundo real<\/strong><\/h3>\n\n\n\n<p>Um dos nossos clientes na Alemanha utiliza uma bicicleta de carga speed-pedelec com duas baterias e um motor de 750W. Em estradas urbanas planas, anda sempre \u00e0 volta de <strong>42 km\/h<\/strong>mesmo com uma carga de 60 kg. No entanto, para uma utiliza\u00e7\u00e3o familiar quotidiana ou para as entregas municipais, a maioria dos clientes do Regen considera que o <strong>Limite de 25 km\/h<\/strong> perfeitamente adequado e seguro.<\/p>\n\n\n\n<hr class=\"wp-block-separator has-alpha-channel-opacity\"\/>\n\n\n\n<h2 class=\"wp-block-heading\"><strong>Que factores afectam a velocidade das bicicletas el\u00e9ctricas?<\/strong><\/h2>\n\n\n\n<p>Test\u00e1mos dezenas de configura\u00e7\u00f5es nos nossos modelos de carregadores frontais e de cauda longa. Eis o que realmente influencia a velocidade m\u00e1xima:<\/p>\n\n\n\n<figure class=\"wp-block-table\"><table class=\"has-fixed-layout\"><thead><tr><th><strong>Fator<\/strong><\/th><th><strong>Efeito na velocidade<\/strong><\/th><\/tr><\/thead><tbody><tr><td><strong>Pot\u00eancia do motor<\/strong><\/td><td>Mais watts = maior velocidade m\u00e1xima. 250W \u2248 25 km\/h, 750W \u2248 32+ km\/h<\/td><\/tr><tr><td><strong>Capacidade da bateria<\/strong><\/td><td>A tens\u00e3o e as amperagens mais elevadas melhoram a velocidade m\u00e1xima sustentada<\/td><\/tr><tr><td><strong>Design de bicicletas<\/strong><\/td><td>As Longtails s\u00e3o mais r\u00e1pidas e mais \u00e1geis do que as bicicletas de tr\u00eas rodas ou as bicicletas de caixa alta<\/td><\/tr><tr><td><strong><a href=\"https:\/\/regencargobikes.com\/wp-content\/uploads\/2025\/04\/10-key-facts-affect-cargo-bike-load-capacity.jpg\" data-type=\"attachment\" data-id=\"1061\">Peso da carga<\/a><\/strong><\/td><td>Mais carga = menor acelera\u00e7\u00e3o e velocidade m\u00e1xima reduzida<\/td><\/tr><tr><td><strong>Terreno e vento<\/strong><\/td><td>As subidas e os ventos contr\u00e1rios podem abrandar significativamente o seu ritmo<\/td><\/tr><tr><td><strong>Press\u00e3o dos pneus<\/strong><\/td><td>Pneus com press\u00e3o insuficiente reduzem a velocidade e a autonomia<\/td><\/tr><\/tbody><\/table><\/figure>\n\n\n\n<p>Leitura adicional \uff1a<a href=\"https:\/\/regencargobikes.com\/pt\/cargo-bike-frame-geometry\/\" data-type=\"post\" data-id=\"374\">Compreendendo a geometria do quadro em bicicletas de carga e sua influ\u00eancia no desempenho de manuseio<\/a><\/p>\n\n\n\n<h2 class=\"wp-block-heading\"><strong>Velocidade vs. Seguran\u00e7a: Qual \u00e9 o risco?<\/strong><\/h2>\n\n\n\n<p>Sejamos honestos: as bicicletas de carga n\u00e3o s\u00e3o bicicletas de corrida. Concebemos os nossos quadros para <strong>estabilidade e movimenta\u00e7\u00e3o de carga<\/strong>n\u00e3o para velocidades incr\u00edveis.<\/p>\n\n\n\n<p>No <strong>mais de 30 mph (~48 km\/h)<\/strong>Mesmo as ligeiras oscila\u00e7\u00f5es da dire\u00e7\u00e3o podem tornar-se arriscadas. A dist\u00e2ncia de paragem aumenta drasticamente com o peso. \u00c9 por isso que todas as bicicletas de carga Regen s\u00e3o fornecidas com:<\/p>\n\n\n\n<ul class=\"wp-block-list\">\n<li><strong>Freios a disco hidr\u00e1ulicos<\/strong> classificado para cargas totais superiores a 200 kg<\/li>\n\n\n\n<li><strong>Forquilhas de suspens\u00e3o ou espig\u00f5es de selim<\/strong> para estabilidade em estradas irregulares<\/li>\n\n\n\n<li><strong>Molduras de alum\u00ednio resistentes<\/strong> que resistem \u00e0 flex\u00e3o a alta velocidade<\/li>\n<\/ul>\n\n\n\n<p>O resultado final? <strong>A velocidade \u00e9 excitante, mas a seguran\u00e7a est\u00e1 sempre em primeiro lugar.<\/strong><\/p>\n\n\n\n<ul class=\"wp-block-list\">\n<li>Veja a nossa compara\u00e7\u00e3o: <a href=\"https:\/\/regencargobikes.com\/pt\/mechanical-disc-brakes-vs-hydraulic-disc-brakes-in-ecargo-bikes\/\" data-type=\"post\" data-id=\"1047\">Freios a disco mec\u00e2nicos vs. freios a disco hidr\u00e1ulicos em bicicletas el\u00e9tricas e de carga<\/a> <\/li>\n\n\n\n<li>Saiba mais sobre <a href=\"https:\/\/regencargobikes.com\/pt\/frame-strength-what-determines-durability\/\" data-type=\"post\" data-id=\"1160\">Resist\u00eancia da estrutura: o que determina a durabilidade?<\/a><\/li>\n<\/ul>\n\n\n\n<h2 class=\"wp-block-heading\"><strong>Compara\u00e7\u00e3o de E-Bikes de carga populares (incluindo a nossa)<\/strong><\/h2>\n\n\n\n<p>Aqui est\u00e1 uma lista das bicicletas de carga mais vendidas:<\/p>\n\n\n\n<figure class=\"wp-block-table\"><table class=\"has-fixed-layout\"><thead><tr><th><strong>Modelo<\/strong><\/th><th><strong>Motor (W)<\/strong><\/th><th><strong>Velocidade m\u00e1xima<\/strong><\/th><th><strong>Classe<\/strong><\/th><th><strong>Notas<\/strong><\/th><\/tr><\/thead><tbody><tr><td><strong>Gunai GN66<\/strong><\/td><td>1,000<\/td><td>~45 km\/h<\/td><td>Pedelec de velocidade<\/td><td>Elevada pot\u00eancia, adequada para percursos privados ou frotas de distribui\u00e7\u00e3o<\/td><\/tr><tr><td><strong>Riese &amp; M\u00fcller Carga 75<\/strong><\/td><td>500-850<\/td><td>At\u00e9 45 km\/h<\/td><td>Pedelec de velocidade<\/td><td>Suspens\u00e3o dupla, bateria dupla<\/td><\/tr><tr><td><strong>Longtail 750 Pro<\/strong><\/td><td>750<\/td><td>32-38 km\/h<\/td><td>Classe 2\/Velocidade-P<\/td><td>A melhor autonomia e acelera\u00e7\u00e3o da sua classe<\/td><\/tr><tr><td><strong>Lectric XPedition<\/strong><\/td><td>750<\/td><td>32 km\/h<\/td><td>Classe 2<\/td><td>Pneus gordos, acess\u00edveis para as fam\u00edlias<\/td><\/tr><tr><td><strong>Decathlon R500E<\/strong><\/td><td>250<\/td><td>25 km\/h<\/td><td>Pedelec da UE<\/td><td>\u00d3ptima op\u00e7\u00e3o de entrada de gama<\/td><\/tr><\/tbody><\/table><\/figure>\n\n\n\n<p>N\u00e3o sabe que tipo de bicicleta de carga lhe conv\u00e9m? Ver: <a href=\"https:\/\/regencargobikes.com\/pt\/types-of-cargo-bike\/\" data-type=\"post\" data-id=\"376\">Quantos tipos diferentes de bicicleta de carga existem?<\/a><\/p>\n\n\n\n<h2 class=\"wp-block-heading\"><strong>Velocidade da bicicleta e casos de utiliza\u00e7\u00e3o (resumo visual)<\/strong><\/h2>\n\n\n\n<figure class=\"wp-block-table\"><table class=\"has-fixed-layout\"><thead><tr><th><strong>Gama de velocidades<\/strong><\/th><th><strong>Aula de bicicleta<\/strong><\/th><th><strong>Casos de utiliza\u00e7\u00e3o comuns<\/strong><\/th><\/tr><\/thead><tbody><tr><td>\u2264 25 km\/h<\/td><td>Pedelec<\/td><td>Viagens para a escola, para a mercearia, recados urbanos<\/td><\/tr><tr><td>25-32 km\/h<\/td><td>Classe 2 \/ 750W<\/td><td>Entrega de carga ligeira, desloca\u00e7\u00f5es suburbanas<\/td><\/tr><tr><td>32-45 km\/h<\/td><td>Pedelec de velocidade<\/td><td>Servi\u00e7os de correio, entrega a longa dist\u00e2ncia<\/td><\/tr><\/tbody><\/table><\/figure>\n\n\n\n<h2 class=\"wp-block-heading\"><strong>Dicas do Regen: Como ir mais depressa, com seguran\u00e7a<\/strong><\/h2>\n\n\n\n<p>Quer aumentar a velocidade da sua bicicleta e-cargo mantendo-se dentro dos limites de seguran\u00e7a? Eis o nosso conselho:<\/p>\n\n\n\n<ul class=\"wp-block-list\">\n<li><strong>Atualiza\u00e7\u00e3o para um motor de transmiss\u00e3o interm\u00e9dia de 750 W<\/strong> se a legisla\u00e7\u00e3o local o permitir<\/li>\n\n\n\n<li><strong>Utilizar ativamente o pedal auxiliar<\/strong> para ir al\u00e9m das velocidades s\u00f3 do motor<\/li>\n\n\n\n<li><strong>Investir em pneus e sistemas de trav\u00f5es adequados<\/strong>-especialmente com cargas mais pesadas<\/li>\n\n\n\n<li><strong>Utilizar uma configura\u00e7\u00e3o de carga simplificada<\/strong> (sem caixas suspensas ou pain\u00e9is altos)<\/li>\n\n\n\n<li><strong>N\u00e3o sobrecarregar a cremalheira traseira<\/strong>-O equil\u00edbrio \u00e9 importante a velocidades mais elevadas<\/li>\n<\/ul>\n\n\n\n<p>Vimos equipas de entrega aumentar a efici\u00eancia das rotas em <strong>35%<\/strong> apenas optimizando a press\u00e3o dos pneus, o peso da carga e a t\u00e9cnica de condu\u00e7\u00e3o - sem alterar o motor.<\/p>\n\n\n\n<hr class=\"wp-block-separator has-alpha-channel-opacity\"\/>\n\n\n\n<h2 class=\"wp-block-heading\"><strong> Principais conclus\u00f5es<\/strong><\/h2>\n\n\n\n<ul class=\"wp-block-list\">\n<li>A maioria das bicicletas el\u00e9ctricas de carga est\u00e1 legalmente limitada a <strong>25-32 km\/h<\/strong> consoante a sua localiza\u00e7\u00e3o<\/li>\n\n\n\n<li>Com a configura\u00e7\u00e3o correta, as velocidades de <strong>45 km\/h<\/strong> s\u00e3o exequ\u00edveis - mas requerem uma classifica\u00e7\u00e3o de velocidade pedelec<\/li>\n\n\n\n<li>As velocidades de cruzeiro no mundo real situam-se normalmente \u00e0 volta de <strong>20-28 km\/h<\/strong>que equilibra velocidade com seguran\u00e7a e manuseamento<\/li>\n\n\n\n<li>A configura\u00e7\u00e3o da bicicleta, a carga, o terreno e at\u00e9 o peso do ciclista s\u00e3o factores importantes<\/li>\n\n\n\n<li>Na Regen, concebemos bicicletas n\u00e3o para velocidade bruta, mas para <strong>transporte seguro e eficiente que mant\u00e9m a sua empresa ou estilo de vida a funcionar sem problemas<\/strong><\/li>\n<\/ul>\n\n\n\n<h2 class=\"wp-block-heading\"><strong>Refer\u00eancias<\/strong><\/h2>\n\n\n\n<ol start=\"1\" class=\"wp-block-list\">\n<li><a href=\"https:\/\/eur-lex.europa.eu\/legal-content\/EN\/TXT\/?uri=CELEX%3A32013R0168\" target=\"_blank\" rel=\"noopener\">Regulamento (UE) n.\u00ba 168\/2013<\/a><\/li>\n\n\n\n<li><a href=\"https:\/\/www.peopleforbikes.org\/electric-bikes\/policies\" target=\"_blank\" rel=\"noopener\">PeopleForBikes - Aulas de E-Bike<\/a><\/li>\n\n\n\n<li><a href=\"https:\/\/www.decathlon.co.uk\/p\/longtail-cargo-e-bike-r500-electric\/_\/R-p-336237\" target=\"_blank\" rel=\"noopener\">Especifica\u00e7\u00f5es do Decathlon R500E<\/a><\/li>\n\n\n\n<li><a href=\"https:\/\/cleantechnica.com\/2023\/06\/15\/lectric-xpedition-cargo-ebike-review\/\" target=\"_blank\" rel=\"noopener\">Cr\u00edtica CleanTechnica sobre Lectric XPedition<\/a><\/li>\n\n\n\n<li><a href=\"https:\/\/www.bikeradar.com\/news\/yamaha-electric-cargo-bike\/\" target=\"_blank\" rel=\"noopener\">Lan\u00e7amento da E-Bike Giant\/Yamaha Cargo<\/a><\/li>\n\n\n\n<li><a href=\"https:\/\/urbanarrow.com\" target=\"_blank\" rel=\"noopener\">Casos de utiliza\u00e7\u00e3o de frotas de ve\u00edculos Urban Arrow Tender<\/a><\/li>\n\n\n\n<li><a href=\"https:\/\/www.alibaba.com\/product-detail\/1000w-cargo-bike_1600780935471.html\" target=\"_blank\" rel=\"noopener\">Gunai GN66 Lista de produtos<\/a><\/li>\n\n\n\n<li><a href=\"https:\/\/www.r-m.de\/en-us\/models\/load-75\/\" target=\"_blank\" rel=\"noopener\">Riese &amp; M\u00fcller Load 75 Especifica\u00e7\u00f5es<\/a><\/li>\n<\/ol>\n\n\n\n<hr class=\"wp-block-separator has-alpha-channel-opacity\"\/>\n\n\n\n<p><strong>Quer saber mais ou testar os mais recentes modelos de longtail ou trike da Regen?<\/strong><\/p>\n\n\n\n<p>Contacte-nos em qualquer altura - a nossa equipa de engenheiros ter\u00e1 todo o prazer em orient\u00e1-lo sobre a configura\u00e7\u00e3o de velocidade mais adequada ao seu percurso, terreno e legisla\u00e7\u00e3o local.<\/p>\n\n\n\t\t<div data-elementor-type=\"section\" data-elementor-id=\"1591\" class=\"elementor elementor-1591\" data-elementor-post-type=\"elementor_library\">\n\t\t\t<div class=\"elementor-element elementor-element-8afca32 e-flex e-con-boxed e-con e-parent\" data-id=\"8afca32\" data-element_type=\"container\" data-e-type=\"container\" data-settings=\"{&quot;background_background&quot;:&quot;classic&quot;,&quot;ekit_has_onepagescroll_dot&quot;:&quot;yes&quot;}\">\n\t\t\t\t\t<div class=\"e-con-inner\">\n\t\t<div class=\"elementor-element elementor-element-24ec346 e-con-full e-flex e-con e-child\" data-id=\"24ec346\" data-element_type=\"container\" data-e-type=\"container\" data-settings=\"{&quot;background_background&quot;:&quot;classic&quot;,&quot;ekit_has_onepagescroll_dot&quot;:&quot;yes&quot;}\">\n\t\t\t\t<div class=\"elementor-element elementor-element-6b475eec elementor-absolute elementor-widget elementor-widget-image\" data-id=\"6b475eec\" data-element_type=\"widget\" data-e-type=\"widget\" data-settings=\"{&quot;_position&quot;:&quot;absolute&quot;}\" data-widget_type=\"image.default\">\n\t\t\t\t<div class=\"elementor-widget-container\">\n\t\t\t\t\t\t\t\t\t\t\t\t\t\t\t<img decoding=\"async\" width=\"800\" height=\"450\" src=\"https:\/\/regencargobikes.com\/wp-content\/uploads\/2025\/03\/RT.651.webp\" class=\"attachment-large size-large wp-image-1522\" alt=\"\" srcset=\"https:\/\/regencargobikes.com\/wp-content\/uploads\/2025\/03\/RT.651.webp 1000w, https:\/\/regencargobikes.com\/wp-content\/uploads\/2025\/03\/RT.651-300x169.webp 300w, https:\/\/regencargobikes.com\/wp-content\/uploads\/2025\/03\/RT.651-768x432.webp 768w, https:\/\/regencargobikes.com\/wp-content\/uploads\/2025\/03\/RT.651-18x10.webp 18w\" sizes=\"(max-width: 800px) 100vw, 800px\" \/>\t\t\t\t\t\t\t\t\t\t\t\t\t\t\t<\/div>\n\t\t\t\t<\/div>\n\t\t\t\t<div class=\"elementor-element elementor-element-48fc00c2 elementor-widget elementor-widget-image\" data-id=\"48fc00c2\" data-element_type=\"widget\" data-e-type=\"widget\" data-widget_type=\"image.default\">\n\t\t\t\t<div class=\"elementor-widget-container\">\n\t\t\t\t\t\t\t\t\t\t\t\t\t\t\t<img decoding=\"async\" width=\"533\" height=\"330\" src=\"https:\/\/regencargobikes.com\/wp-content\/uploads\/2025\/04\/New-1.png\" class=\"attachment-large size-large wp-image-436\" alt=\"\" srcset=\"https:\/\/regencargobikes.com\/wp-content\/uploads\/2025\/04\/New-1.png 533w, https:\/\/regencargobikes.com\/wp-content\/uploads\/2025\/04\/New-1-300x186.png 300w\" sizes=\"(max-width: 533px) 100vw, 533px\" \/>\t\t\t\t\t\t\t\t\t\t\t\t\t\t\t<\/div>\n\t\t\t\t<\/div>\n\t\t\t\t<\/div>\n\t\t<div class=\"elementor-element elementor-element-25aa7a08 e-con-full e-flex e-con e-child\" data-id=\"25aa7a08\" data-element_type=\"container\" data-e-type=\"container\" data-settings=\"{&quot;ekit_has_onepagescroll_dot&quot;:&quot;yes&quot;}\">\n\t\t\t\t<div class=\"elementor-element elementor-element-3d854eb8 elementor-widget elementor-widget-elementskit-heading\" data-id=\"3d854eb8\" data-element_type=\"widget\" data-e-type=\"widget\" data-widget_type=\"elementskit-heading.default\">\n\t\t\t\t<div class=\"elementor-widget-container\">\n\t\t\t\t\t<div class=\"ekit-wid-con\" ><div class=\"ekit-heading elementskit-section-title-wraper text_left   ekit_heading_tablet-   ekit_heading_mobile-text_center\"><p class=\"elementskit-section-subtitle\">\n\t\t\t\t\t\tApenas 20 bicicletas por encomenda para come\u00e7ar \n\t\t\t\t\t<\/p><p class=\"ekit-heading--title elementskit-section-title\">Bicicleta E-Cargo personaliz\u00e1vel - RS01 <\/p>\t\t\t\t<div class='ekit-heading__description'>\n\t\t\t\t\t<p class=\"p2\">Quer seja uma marca em crescimento ou uma loja de bairro, as nossas bicicletas de carga resistentes s\u00e3o o seu bilhete para o mundo em expans\u00e3o das entregas ecol\u00f3gicas. Vamos l\u00e1!<\/p>\n\t\t\t\t<\/div>\n\t\t\t<\/div><\/div>\t\t\t\t<\/div>\n\t\t\t\t<\/div>\n\t\t\t\t<div class=\"elementor-element elementor-element-137412e2 elementor-align-left elementor-align--mobilecenter elementor-widget elementor-widget-elementskit-button\" data-id=\"137412e2\" data-element_type=\"widget\" data-e-type=\"widget\" data-widget_type=\"elementskit-button.default\">\n\t\t\t\t<div class=\"elementor-widget-container\">\n\t\t\t\t\t<div class=\"ekit-wid-con\" >\t\t<div class=\"ekit-btn-wraper\">\n\t\t\t\t\t\t\t<a href=\"#elementor-action%3Aaction%3Dpopup%3Aopen%26settings%3DeyJpZCI6IjczNCIsInRvZ2dsZSI6ZmFsc2V9\" class=\"elementskit-btn  whitespace--normal\" id=\"\">\n\t\t\t\t\tPedir um or\u00e7amento\t\t\t\t<\/a>\n\t\t\t\t\t<\/div>\n        <\/div>\t\t\t\t<\/div>\n\t\t\t\t<\/div>\n\t\t\t\t<\/div>\n\t\t\t\t\t<\/div>\n\t\t\t\t<\/div>\n\t\t\t\t<\/div>","protected":false},"excerpt":{"rendered":"<p>At Regen, we often get asked a deceptively simple question: \u201cHow fast can your electric cargo bike go?\u201d It\u2019s a fair question\u2014and an important one. Whether you\u2019re commuting, delivering goods, or riding for leisure, speed affects not just efficiency, but legality, safety, and riding comfort. So today, we\u2019re taking you behind the handlebars and into [&hellip;]<\/p>\n","protected":false},"author":2,"featured_media":1595,"comment_status":"open","ping_status":"closed","sticky":false,"template":"","format":"standard","meta":{"footnotes":""},"categories":[2,30],"tags":[],"class_list":["post-1600","post","type-post","status-publish","format-standard","has-post-thumbnail","hentry","category-knowledge","category-blog"],"_links":{"self":[{"href":"https:\/\/regencargobikes.com\/pt\/wp-json\/wp\/v2\/posts\/1600","targetHints":{"allow":["GET"]}}],"collection":[{"href":"https:\/\/regencargobikes.com\/pt\/wp-json\/wp\/v2\/posts"}],"about":[{"href":"https:\/\/regencargobikes.com\/pt\/wp-json\/wp\/v2\/types\/post"}],"author":[{"embeddable":true,"href":"https:\/\/regencargobikes.com\/pt\/wp-json\/wp\/v2\/users\/2"}],"replies":[{"embeddable":true,"href":"https:\/\/regencargobikes.com\/pt\/wp-json\/wp\/v2\/comments?post=1600"}],"version-history":[{"count":2,"href":"https:\/\/regencargobikes.com\/pt\/wp-json\/wp\/v2\/posts\/1600\/revisions"}],"predecessor-version":[{"id":1602,"href":"https:\/\/regencargobikes.com\/pt\/wp-json\/wp\/v2\/posts\/1600\/revisions\/1602"}],"wp:featuredmedia":[{"embeddable":true,"href":"https:\/\/regencargobikes.com\/pt\/wp-json\/wp\/v2\/media\/1595"}],"wp:attachment":[{"href":"https:\/\/regencargobikes.com\/pt\/wp-json\/wp\/v2\/media?parent=1600"}],"wp:term":[{"taxonomy":"category","embeddable":true,"href":"https:\/\/regencargobikes.com\/pt\/wp-json\/wp\/v2\/categories?post=1600"},{"taxonomy":"post_tag","embeddable":true,"href":"https:\/\/regencargobikes.com\/pt\/wp-json\/wp\/v2\/tags?post=1600"}],"curies":[{"name":"wp","href":"https:\/\/api.w.org\/{rel}","templated":true}]}}