{"id":1739,"date":"2025-07-17T17:23:16","date_gmt":"2025-07-17T09:23:16","guid":{"rendered":"https:\/\/regencargobikes.com\/?p=1739"},"modified":"2025-07-17T17:23:19","modified_gmt":"2025-07-17T09:23:19","slug":"cargo-bike-front-light-guide","status":"publish","type":"post","link":"https:\/\/regencargobikes.com\/pt\/cargo-bike-front-light-guide\/","title":{"rendered":"Guia de luzes frontais para bicicletas de carga: Brilho, cor e seguran\u00e7a explicados"},"content":{"rendered":"<p>Na Regen, onde concebemos e fabricamos sistemas completos de bicicletas de carga para fam\u00edlias e frotas, somos frequentemente questionados sobre a ilumina\u00e7\u00e3o frontal - especialmente quando os condutores come\u00e7am a deslocar-se ao anoitecer, a navegar em becos urbanos com pouca luz ou a fazer entregas em rotas rurais mais escuras. A ilumina\u00e7\u00e3o n\u00e3o tem apenas a ver com a visibilidade; tem a ver com a legalidade da estrada, a seguran\u00e7a do ciclista e at\u00e9 a efici\u00eancia da bateria.<\/p>\n\n\n\n<p>Neste guia, respondemos \u00e0s perguntas mais comuns sobre far\u00f3is frontais para bicicletas de carga, desde quantos l\u00famenes s\u00e3o realmente necess\u00e1rios at\u00e9 \u00e0 quest\u00e3o de saber se 4000 l\u00famenes s\u00e3o excessivos - tudo isto com base em normas e casos de utiliza\u00e7\u00e3o reais.<\/p>\n\n\n\n<h2 class=\"wp-block-heading\"><strong><font style=\"vertical-align: inherit;\"><font style=\"vertical-align: inherit;\"><strong>O que \u00e9 uma luz frontal numa Cargo Bike?<\/strong><\/font><\/font><\/strong><\/h2>\n\n\n\n<p>UM <strong>luz frontal para bicicletas de carga<\/strong> \u00e9 um dispositivo de ilumina\u00e7\u00e3o virado para a frente, montado no guiador, na coroa do garfo ou no suporte de carga. Foi concebido para:<\/p><div class=\"regen-test-placement-from-wizard-1604397851\" id=\"regen-2398707578\"><script async src=\"https:\/\/pagead2.googlesyndication.com\/pagead\/js\/adsbygoogle.js?client=ca-pub-1076230867169041\"\n     crossorigin=\"anonymous\"><\/script><\/div><div class=\"regen-test-placement-from-wizard-2878267818\" id=\"regen-1924517508\"><script async src=\"https:\/\/pagead2.googlesyndication.com\/pagead\/js\/adsbygoogle.js?client=ca-pub-1076230867169041\"\n     crossorigin=\"anonymous\"><\/script><\/div>\n\n\n\n<ul class=\"wp-block-list\">\n<li><strong>Ilumina\u00e7\u00e3o ativa<\/strong> (para iluminar o caminho do cavaleiro)<\/li>\n\n\n\n<li><strong>Visibilidade passiva<\/strong> (para alertar os outros da sua presen\u00e7a)<\/li>\n<\/ul>\n\n\n\n<p>Ao contr\u00e1rio das bicicletas b\u00e1sicas, as bicicletas de carga podem transportar passageiros ou mercadorias, operando frequentemente a cargas e velocidades mais elevadas. Isto faz com que uma ilumina\u00e7\u00e3o frontal fi\u00e1vel n\u00e3o seja apenas \u00fatil - mas essencial para <strong>legalidade rodovi\u00e1ria e seguran\u00e7a dos condutores<\/strong>.<\/p>\n\n\n\n<figure class=\"wp-block-table\"><table class=\"has-fixed-layout\"><thead><tr><th><strong>Fator<\/strong><\/th><th><strong>Uso Urbano<\/strong><\/th><th><strong>Utiliza\u00e7\u00e3o rural ou em trilhos<\/strong><\/th><th><strong>Bicicletas de carga<\/strong><\/th><\/tr><\/thead><tbody><tr><td><strong>L\u00famens<\/strong><\/td><td>300-500<\/td><td>800-2000+<\/td><td>500-1500<\/td><\/tr><tr><td><strong>Padr\u00e3o de feixe<\/strong><\/td><td>Largo, curto<\/td><td>Longo, concentrado<\/td><td>Ampla + gama m\u00e9dia<\/td><\/tr><tr><td><strong>Montagem<\/strong><\/td><td>Guiador<\/td><td>Forquilha \/ Capacete<\/td><td>Garfo ou integrado na estante<\/td><\/tr><tr><td><strong>Tipo de bateria<\/strong><\/td><td>Recarreg\u00e1vel por USB<\/td><td>Pacote externo de alta capacidade<\/td><td>Integrado com a bateria principal (para bicicletas e-cargo)<\/td><\/tr><\/tbody><\/table><\/figure>\n\n\n\n<p>Para bicicletas de carga, recomendamos um <strong>feixe de grande \u00e2ngulo<\/strong> que ilumina tanto a estrada como os lados - especialmente com uma caixa dianteira comprida que pode projetar sombras. As luzes integradas que recebem energia da bateria principal da bicicleta el\u00e9ctrica oferecem fiabilidade e comodidade.<\/p>\n\n\n\n<h2 class=\"wp-block-heading\"><strong>\u00c9 realmente necess\u00e1rio um farol dianteiro numa bicicleta?<\/strong><\/h2>\n\n\n\n<p>Sim - tanto do ponto de vista legal como pr\u00e1tico, um farol dianteiro \u00e9 essencial.<\/p>\n\n\n\n<ul class=\"wp-block-list\">\n<li><a href=\"https:\/\/regencargobikes.com\/pt\/cargo-bike-safety-standard-en-17860\/\" data-type=\"post\" data-id=\"416\"><strong>Requisito legal<\/strong>: Na maior parte dos pa\u00edses da UE e no Reino Unido, \u00e9 obrigat\u00f3ria uma luz frontal branca quando se circula \u00e0 noite ou em condi\u00e7\u00f5es de baixa visibilidade (aplicam-se a norma EN 15194 e os c\u00f3digos de tr\u00e2nsito locais).<\/a><\/li>\n\n\n\n<li><strong>Necessidade pr\u00e1tica<\/strong>: Permite que os outros utentes da estrada o vejam e ajuda-o a ver a estrada \u00e0 sua frente, especialmente buracos, lancis ou detritos - particularmente importante numa bicicleta de carga carregada.<\/li>\n<\/ul>\n\n\n\n<blockquote class=\"wp-block-quote is-layout-flow wp-block-quote-is-layout-flow\">\n<p><strong>Caso de utiliza\u00e7\u00e3o real<\/strong>: Os condutores de entregas urbanas referem frequentemente que, sem uma luz frontal adequada, a visibilidade diminui mais de 50% ap\u00f3s o p\u00f4r do sol - mesmo em ruas bem iluminadas.<\/p>\n\n\n\n<h2 class=\"wp-block-heading\"><strong>\u00c9 necess\u00e1rio um farol dianteiro numa bicicleta de carga?<\/strong><\/h2>\n\n\n\n<p>Sim, na maioria dos pa\u00edses europeus e no Reino Unido, <strong>as luzes dianteiras s\u00e3o legalmente obrigat\u00f3rias<\/strong> para bicicletas utilizadas \u00e0 noite ou com pouca visibilidade.<\/p>\n\n\n\n<p>De acordo com <strong>Regulamento da UE EN 15194<\/strong> (para bicicletas de pedal assistidas eletricamente):<\/p>\n\n\n\n<ul class=\"wp-block-list\">\n<li>UM <strong>luz frontal branca ou amarela selectiva<\/strong> deve ser instalado.<\/li>\n\n\n\n<li>A luz deve ser vis\u00edvel a partir de, pelo menos <strong>100 metros<\/strong>.<\/li>\n\n\n\n<li>Para efeitos de homologa\u00e7\u00e3o rodovi\u00e1ria, o feixe de luz n\u00e3o deve encandear os outros utentes da estrada (feixe de cruzamento).<\/li>\n<\/ul>\n\n\n\n<p>Na Alemanha, o <strong>StVZO (Stra\u00dfenverkehrs-Zulassungs-Ordnung)<\/strong> exige uma modela\u00e7\u00e3o espec\u00edfica do feixe, brilho e estabilidade da fonte de alimenta\u00e7\u00e3o, especialmente para bicicletas el\u00e9ctricas.<\/p>\n<\/blockquote>\n\n\n\n<h2 class=\"wp-block-heading\"><strong>De que cor deve ser a luz na parte da frente de uma bicicleta?<\/strong><\/h2>\n\n\n\n<p>O <strong>cor correta para um farol dianteiro<\/strong> \u00e9 ou:<\/p>\n\n\n\n<p><strong>Amarelo seletivo<\/strong> (menos comum, utilizado em condi\u00e7\u00f5es de nevoeiro ou de baixo contraste)<\/p>\n\n\n\n<p><strong>Branco<\/strong> (mais comum e legal em todas as regi\u00f5es)<\/p>\n\n\n\n<p>As regulamenta\u00e7\u00f5es da UE e do Reino Unido (EN 15194, StVZO na Alemanha, Road Vehicles Lighting Regulations no Reino Unido) especificam que o farol dianteiro deve emitir uma luz constante ou intermitente <strong>feixe branco<\/strong>.<\/p>\n\n\n\n<blockquote class=\"wp-block-quote is-layout-flow wp-block-quote-is-layout-flow\">\n<p><strong>Importante<\/strong>: As luzes azuis ou coloridas na frente s\u00e3o muitas vezes ilegais e podem ser confundidas com ve\u00edculos de emerg\u00eancia ou causar problemas de visibilidade aos outros utentes da estrada.<\/p>\n<\/blockquote>\n\n\n\n<p><strong>Dica<\/strong>: As luzes brancas quentes (temperatura de cor de 4000-5000K) s\u00e3o mais confort\u00e1veis para a condu\u00e7\u00e3o nocturna do que os LEDs azuis.<\/p>\n\n\n\n<h2 class=\"wp-block-heading\"><strong>Quantos l\u00famenes deve ter uma luz frontal de bicicleta?<\/strong><\/h2>\n\n\n\n<p><br>O brilho \u00e9 medido em <strong>l\u00famens<\/strong>que quantificam a quantidade total de luz vis\u00edvel emitida.<\/p>\n\n\n\n<figure class=\"wp-block-table\"><table class=\"has-fixed-layout\"><thead><tr><th><strong>Situa\u00e7\u00e3o de condu\u00e7\u00e3o<\/strong><\/th><th><strong>Lumens m\u00ednimos recomendados<\/strong><\/th><\/tr><\/thead><tbody><tr><td>Visibilidade diurna (modo intermitente)<\/td><td>200-300 l\u00famenes<\/td><\/tr><tr><td>Passeio noturno pela cidade<\/td><td>400-600 l\u00famenes<\/td><\/tr><tr><td>Estradas rurais ou sem ilumina\u00e7\u00e3o<\/td><td>800-1500 l\u00famenes<\/td><\/tr><tr><td>Descida a alta velocidade \/ carga pesada<\/td><td>1500-2000+ l\u00famens<\/td><\/tr><\/tbody><\/table><\/figure>\n\n\n\n<p>Para <strong>bicicletas de carga<\/strong>recomendamos normalmente <strong>600-1200 l\u00famenes<\/strong>, dependendo de:<\/p>\n\n\n\n<ul class=\"wp-block-list\">\n<li>Se conduz \u00e0 noite<\/li>\n\n\n\n<li>Condi\u00e7\u00f5es de ilumina\u00e7\u00e3o da estrada<\/li>\n\n\n\n<li>Velocidade e peso da carga (que afectam o tempo de paragem)<\/li>\n<\/ul>\n\n\n\n<p><strong>Dica profissional<\/strong>: Escolha uma luz com defini\u00e7\u00f5es de brilho ajust\u00e1veis (por exemplo, baixo-m\u00e9dio-alto) para equilibrar o consumo de energia e a visibilidade.<\/p>\n\n\n\n<h2 class=\"wp-block-heading\"><strong>1000 \/ 3000 \/ 4000 l\u00famens \u00e9 demasiado brilhante para uma luz de bicicleta?<\/strong><\/h2>\n\n\n\n<p>Depende - mas sim, \u00e9 <em>pode ser<\/em> demasiado brilhante em algumas condi\u00e7\u00f5es.<\/p>\n\n\n\n<figure class=\"wp-block-table\"><table class=\"has-fixed-layout\"><thead><tr><th><strong>N\u00edvel de l\u00famen<\/strong><\/th><th><strong>Caso de uso<\/strong><\/th><th><strong>Demasiado brilhante?<\/strong><\/th><\/tr><\/thead><tbody><tr><td><strong>1000 l\u00famenes<\/strong><\/td><td>Excelente para bicicletas de carga e utiliza\u00e7\u00e3o geral<\/td><td>Seguro e ideal<\/td><\/tr><tr><td><strong>3000 l\u00famenes<\/strong><\/td><td>Adequado para todo-o-terreno ou zonas muito escuras<\/td><td>\u26a0\ufe0f Risco de deslumbramento dos outros<\/td><\/tr><tr><td><strong>Mais de 4000 l\u00famenes<\/strong><\/td><td>Brilho extremo; utiliza\u00e7\u00e3o em BTT ou trilhos<\/td><td>Excesso de trabalho para utiliza\u00e7\u00e3o em estrada<\/td><\/tr><\/tbody><\/table><\/figure>\n\n\n\n<p><strong>Porque \u00e9 que o brilho excessivo pode ser um problema:<\/strong><\/p>\n\n\n\n<ul class=\"wp-block-list\">\n<li>Ofusca os motociclistas ou condutores que circulam em sentido contr\u00e1rio<\/li>\n\n\n\n<li>Pode violar as normas legais em locais como a Alemanha (as luzes compat\u00edveis com StVZO limitam a intensidade do feixe)<\/li>\n\n\n\n<li>Desperdi\u00e7a energia - descarrega mais rapidamente a bateria da sua bicicleta el\u00e9ctrica ou a mochila de ilumina\u00e7\u00e3o externa<\/li>\n<\/ul>\n\n\n\n<p><strong>Solu\u00e7\u00e3o<\/strong>: Procure luzes com lentes antirreflexo ou com um feixe de corte - estas direcionam a luz para baixo, iluminando a estrada sem ofuscar os outros.<\/p>\n\n\n\n<h2 class=\"wp-block-heading\"><strong>Tipos de <a href=\"https:\/\/regencargobikes.com\/pt\/what-is-a-cargo-bike\/\" data-type=\"post\" data-id=\"1179\">Bicicleta de carga<\/a> Luzes frontais por fonte de energia<\/strong><\/h2>\n\n\n\n<figure class=\"wp-block-table\"><table class=\"has-fixed-layout\"><thead><tr><th><strong>Tipo<\/strong><\/th><th><strong>Descri\u00e7\u00e3o<\/strong><\/th><th><strong>Adequado para<\/strong><\/th><\/tr><\/thead><tbody><tr><td><strong>Alimentado por bateria<\/strong><\/td><td>C\u00e9lula de i\u00f5es de l\u00edtio integrada, recarreg\u00e1vel atrav\u00e9s de USB<\/td><td>Configura\u00e7\u00f5es leves, utiliza\u00e7\u00e3o casual na cidade<\/td><\/tr><tr><td><strong>Alimentado por d\u00ednamo<\/strong><\/td><td>Alimentado por hub, eficiente em termos energ\u00e9ticos, tempo de funcionamento infinito<\/td><td>Bicicletas utilit\u00e1rias, sem necessidade de carregamento<\/td><\/tr><tr><td><strong>Sistema de bicicleta el\u00e9ctrica alimentado<\/strong><\/td><td>Ligado \u00e0 bateria principal da bicicleta el\u00e9ctrica atrav\u00e9s do controlador<\/td><td>A maioria das bicicletas de carga modernas com bateria central<\/td><\/tr><\/tbody><\/table><\/figure>\n\n\n\n<h2 class=\"wp-block-heading\"><strong>Carater\u00edsticas extra a procurar num farol dianteiro para bicicletas de carga<\/strong><\/h2>\n\n\n\n<ul class=\"wp-block-list\">\n<li><strong>Sistema de montagem integrado<\/strong>: Especialmente importante para bicicletas de carga com carregamento frontal. Um farol montado na forqueta ou integrado no suporte reduz as vibra\u00e7\u00f5es e melhora a estabilidade do feixe.<\/li>\n\n\n\n<li><strong>Classifica\u00e7\u00e3o de impermeabilidade<\/strong>: Pelo menos IPX4 para desloca\u00e7\u00f5es \u00e0 chuva.<\/li>\n\n\n\n<li><strong>Modo de funcionamento diurno<\/strong>: Melhora a visibilidade \u00e0 luz do dia - cada vez mais presente nas frotas de distribui\u00e7\u00e3o de carga.<\/li>\n\n\n\n<li><strong>Integra\u00e7\u00e3o da bateria<\/strong>: Para as bicicletas el\u00e9ctricas de carga, um farol dianteiro que se alimenta da bateria principal da bicicleta \u00e9 o ideal - menos componentes para carregar ou gerir.<\/li>\n\n\n\n<li><strong>Fun\u00e7\u00e3o de luz de presen\u00e7a<\/strong>: Alguns d\u00ednamos topo de gama ou luzes integradas permanecem acesas durante alguns minutos ap\u00f3s a paragem - \u00fatil para sinais vermelhos ou paragens curtas.<\/li>\n<\/ul>\n\n\n\n<h2 class=\"wp-block-heading\"><strong>Normas legais e de seguran\u00e7a a considerar<\/strong><\/h2>\n\n\n\n<p>Ao adquirir ou integrar um sistema de luzes frontais, verifique a conformidade com:<\/p>\n\n\n\n<ul class=\"wp-block-list\">\n<li><strong>EN 15194<\/strong> - Regulamento europeu relativo \u00e0 seguran\u00e7a das bicicletas el\u00e9ctricas, incluindo requisitos de ilumina\u00e7\u00e3o<\/li>\n\n\n\n<li><strong>StVZO<\/strong> - Norma alem\u00e3 de ilumina\u00e7\u00e3o para utiliza\u00e7\u00e3o rodovi\u00e1ria (se exportar ou vender na Alemanha)<\/li>\n\n\n\n<li><strong>UN ECE R113<\/strong> - Para padr\u00f5es de feixe e propaga\u00e7\u00e3o da luz, especialmente relevantes para ve\u00edculos el\u00e9ctricos de maiores dimens\u00f5es<\/li>\n\n\n\n<li><strong>RoHS \/ CE<\/strong> - Seguran\u00e7a dos componentes el\u00e9ctricos e conformidade ambiental<\/li>\n<\/ul>\n\n\n\n<hr class=\"wp-block-separator has-alpha-channel-opacity\"\/>\n\n\n\t\t<div data-elementor-type=\"section\" data-elementor-id=\"1414\" class=\"elementor elementor-1414\" data-elementor-post-type=\"elementor_library\">\n\t\t\t<div class=\"elementor-element elementor-element-7bf5eb01 e-flex e-con-boxed e-con e-parent\" data-id=\"7bf5eb01\" data-element_type=\"container\" data-e-type=\"container\" data-settings=\"{&quot;background_background&quot;:&quot;classic&quot;,&quot;ekit_has_onepagescroll_dot&quot;:&quot;yes&quot;}\">\n\t\t\t\t\t<div class=\"e-con-inner\">\n\t\t<div class=\"elementor-element elementor-element-9fc34e2 e-con-full e-flex e-con e-child\" data-id=\"9fc34e2\" data-element_type=\"container\" data-e-type=\"container\" data-settings=\"{&quot;background_background&quot;:&quot;classic&quot;,&quot;ekit_has_onepagescroll_dot&quot;:&quot;yes&quot;}\">\n\t\t\t\t<div class=\"elementor-element elementor-element-af4e700 elementor-absolute elementor-widget elementor-widget-image\" data-id=\"af4e700\" data-element_type=\"widget\" data-e-type=\"widget\" data-settings=\"{&quot;_position&quot;:&quot;absolute&quot;}\" data-widget_type=\"image.default\">\n\t\t\t\t<div class=\"elementor-widget-container\">\n\t\t\t\t\t\t\t\t\t\t\t\t\t\t\t<img fetchpriority=\"high\" decoding=\"async\" width=\"800\" height=\"422\" src=\"https:\/\/regencargobikes.com\/wp-content\/uploads\/2025\/05\/regen-02-electric-cargo-bike-.webp\" class=\"attachment-large size-large wp-image-1398\" alt=\"bicicleta de carga el\u00e9trica regen 02\" srcset=\"https:\/\/regencargobikes.com\/wp-content\/uploads\/2025\/05\/regen-02-electric-cargo-bike-.webp 1000w, https:\/\/regencargobikes.com\/wp-content\/uploads\/2025\/05\/regen-02-electric-cargo-bike--300x158.webp 300w, https:\/\/regencargobikes.com\/wp-content\/uploads\/2025\/05\/regen-02-electric-cargo-bike--768x405.webp 768w, https:\/\/regencargobikes.com\/wp-content\/uploads\/2025\/05\/regen-02-electric-cargo-bike--18x9.webp 18w\" sizes=\"(max-width: 800px) 100vw, 800px\" \/>\t\t\t\t\t\t\t\t\t\t\t\t\t\t\t<\/div>\n\t\t\t\t<\/div>\n\t\t\t\t<\/div>\n\t\t<div class=\"elementor-element elementor-element-7de8cd9d e-con-full e-flex e-con e-child\" data-id=\"7de8cd9d\" data-element_type=\"container\" data-e-type=\"container\" data-settings=\"{&quot;ekit_has_onepagescroll_dot&quot;:&quot;yes&quot;}\">\n\t\t\t\t<div class=\"elementor-element elementor-element-308b8d20 elementor-widget elementor-widget-elementskit-heading\" data-id=\"308b8d20\" data-element_type=\"widget\" data-e-type=\"widget\" data-widget_type=\"elementskit-heading.default\">\n\t\t\t\t<div class=\"elementor-widget-container\">\n\t\t\t\t\t<div class=\"ekit-wid-con\" ><div class=\"ekit-heading elementskit-section-title-wraper text_left   ekit_heading_tablet-   ekit_heading_mobile-text_center\"><h3 class=\"elementskit-section-subtitle\">\n\t\t\t\t\t\tBicicleta el\u00e9trica de carga Regen 02\n\t\t\t\t\t<\/h3><h2 class=\"ekit-heading--title elementskit-section-title\">Procurando uma impressora frontal compacta e personaliz\u00e1vel para sua marca?<\/h2>\t\t\t\t<div class='ekit-heading__description'>\n\t\t\t\t\t<p class=\"p1\">Testado pela T\u00dcV em projetos personalizados anteriores. Modelo dispon\u00edvel publicamente \u2014 configur\u00e1vel, comprovado e pronto para escalar.<\/p>\n\t\t\t\t<\/div>\n\t\t\t<\/div><\/div>\t\t\t\t<\/div>\n\t\t\t\t<\/div>\n\t\t\t\t<div class=\"elementor-element elementor-element-bf516c8 elementor-align-left elementor-align--mobilecenter elementor-widget elementor-widget-elementskit-button\" data-id=\"bf516c8\" data-element_type=\"widget\" data-e-type=\"widget\" data-widget_type=\"elementskit-button.default\">\n\t\t\t\t<div class=\"elementor-widget-container\">\n\t\t\t\t\t<div class=\"ekit-wid-con\" >\t\t<div class=\"ekit-btn-wraper\">\n\t\t\t\t\t\t\t<a href=\"https:\/\/regencargobikes.com\/pt\/long-john-cargo-bike-regen-02\/\" class=\"elementskit-btn  whitespace--normal\" id=\"\">\n\t\t\t\t\tSaber mais\t\t\t\t<\/a>\n\t\t\t\t\t<\/div>\n        <\/div>\t\t\t\t<\/div>\n\t\t\t\t<\/div>\n\t\t\t\t<\/div>\n\t\t\t\t\t<\/div>\n\t\t\t\t<\/div>\n\t\t\t\t<\/div>\n\t\t\n\n\n\n<h2 class=\"wp-block-heading\"><strong>O que faz um bom farol dianteiro para bicicletas de carga?<\/strong><\/h2>\n\n\n\n<p>Um bom farol dianteiro para bicicletas de carga \u00e9 crucial para a seguran\u00e7a, especialmente tendo em conta o tamanho tipicamente maior e as cargas mais pesadas das bicicletas de carga. Aqui est\u00e1 uma an\u00e1lise do que torna um farol eficaz:<\/p>\n\n\n\n<h3 class=\"wp-block-heading\"><strong>1. Brilho (Lumen\/Lux Output):<\/strong><\/h3>\n\n\n\n<ul class=\"wp-block-list\">\n<li><strong>Luminosidade elevada:<\/strong> As bicicletas de carga precisam de uma sa\u00edda de luz significativa para iluminar o caminho \u00e0 frente, particularmente quando transportam cargas pesadas que podem obscurecer a estrada ou quando circulam em \u00e1reas com ilumina\u00e7\u00e3o p\u00fablica limitada. Embora seja frequentemente referido um m\u00ednimo de 100-200 l\u00famens para as bicicletas normais, as bicicletas de carga beneficiam muito de pot\u00eancias mais elevadas, frequentemente na ordem dos <strong>Gama de 500-1000+ l\u00famenes<\/strong>especialmente para estradas ou trilhos sem ilumina\u00e7\u00e3o. Algumas luzes espec\u00edficas para bicicletas el\u00e9ctricas podem ir at\u00e9 aos 1800 l\u00famens ou mais.<\/li>\n\n\n\n<li><strong>Lux vs. Lumens:<\/strong> Enquanto os l\u00famens medem a sa\u00edda de luz total, o lux mede a intensidade da luz a uma dist\u00e2ncia e \u00e1rea espec\u00edficas. As luzes concebidas com um bom padr\u00e3o de feixe (ver abaixo) podem ter menos l\u00famenes, mas ainda assim proporcionam uma excelente ilumina\u00e7\u00e3o onde \u00e9 mais necess\u00e1ria devido ao lux optimizado.<\/li>\n<\/ul>\n\n\n\n<h3 class=\"wp-block-heading\"><strong>2. Padr\u00e3o de feixe:<\/strong><\/h3>\n\n\n\n<ul class=\"wp-block-list\">\n<li><strong>Espalhamento amplo e uniforme:<\/strong> Ao contr\u00e1rio das bicicletas de estrada que podem beneficiar de um feixe mais focado para a velocidade, as bicicletas de carga necessitam de um feixe amplo e uniforme para iluminar a \u00e1rea mais ampla \u00e0 frente da bicicleta, incluindo a \u00e1rea de carga e potenciais obst\u00e1culos laterais.<\/li>\n\n\n\n<li><strong>Feixe de corte (em conformidade com StVZO):<\/strong> As luzes com um feixe de corte horizontal s\u00e3o altamente recomendadas, especialmente se estiver a circular no tr\u00e2nsito. Este design direciona a luz para a estrada e evita ofuscar os ciclistas e condutores que se aproximam. Esta \u00e9 uma carater\u00edstica comum nas luzes europeias (StVZO).<\/li>\n\n\n\n<li><strong>Sem pontos quentes:<\/strong> Um bom feixe deve ser suave e consistente, sem \"pontos quentes\" demasiado brilhantes que podem criar sombras e reduzir a visibilidade geral.<\/li>\n<\/ul>\n\n\n\n<h3 class=\"wp-block-heading\"><strong>3. Fonte de energia e tempo de funcionamento:<\/strong><\/h3>\n\n\n\n<ul class=\"wp-block-list\">\n<li><strong>Alimentado por bateria (recarreg\u00e1vel):<\/strong> Muitas luzes modernas para bicicletas de carga s\u00e3o recarreg\u00e1veis por USB. Procure tempos de funcionamento longos, especialmente se fizer viagens longas ou se se esquecer de carregar frequentemente. O USB-C \u00e9 um padr\u00e3o de carregamento conveniente.<\/li>\n\n\n\n<li><strong>Alimentado por um cubo de d\u00ednamo:<\/strong> Para maior comodidade e ilumina\u00e7\u00e3o \"sempre ligada\", um cubo de d\u00ednamo integrado na roda dianteira \u00e9 uma excelente op\u00e7\u00e3o. Gera energia enquanto pedala, eliminando a necessidade de carregar a bateria. Isto \u00e9 particularmente popular nas bicicletas de carga europeias.<\/li>\n\n\n\n<li><strong>E-Bike integrada:<\/strong> Se tiver uma bicicleta el\u00e9ctrica com carga, procure luzes concebidas para se integrarem diretamente no sistema de bateria da sua bicicleta el\u00e9ctrica. Estas luzes oferecem frequentemente uma pot\u00eancia mais elevada e consistente sem necessitar de baterias separadas. Certifique-se de que a tens\u00e3o da luz corresponde ao sistema da sua bicicleta el\u00e9ctrica (por exemplo, 12V, 24V, 36V, 48V).<\/li>\n<\/ul>\n\n\n\n<h3 class=\"wp-block-heading\"><strong>4. Op\u00e7\u00f5es de montagem:<\/strong><\/h3>\n\n\n\n<ul class=\"wp-block-list\">\n<li><strong>Seguro e est\u00e1vel:<\/strong> As bicicletas de carga sofrem frequentemente mais vibra\u00e7\u00f5es e impactos mais fortes. A luz tem de ser montada de forma segura para suportar estas for\u00e7as e manter a sua mira.<\/li>\n\n\n\n<li><strong>Coloca\u00e7\u00e3o adequada:<\/strong> Considere onde a luz ser\u00e1 montada na sua bicicleta de carga espec\u00edfica. Algumas bicicletas de carga t\u00eam pontos de montagem espec\u00edficos, enquanto outras podem exigir solu\u00e7\u00f5es criativas. Um ponto de montagem mais elevado pode muitas vezes melhorar a visibilidade para o condutor e para os outros utentes da estrada.<\/li>\n\n\n\n<li><strong>Liberta\u00e7\u00e3o:<\/strong> Certifique-se de que a luz n\u00e3o interfere com a carga, a dire\u00e7\u00e3o ou outros acess\u00f3rios.<\/li>\n<\/ul>\n\n\n\n<h3 class=\"wp-block-heading\"><strong>5. Durabilidade e resist\u00eancia \u00e0s intemp\u00e9ries:<\/strong><\/h3>\n\n\n\n<ul class=\"wp-block-list\">\n<li><strong>Constru\u00e7\u00e3o robusta:<\/strong> Uma luz para bicicletas de carga deve ser constru\u00edda para durar, com um inv\u00f3lucro dur\u00e1vel (frequentemente em alum\u00ednio) para suportar a utiliza\u00e7\u00e3o di\u00e1ria e eventuais choques.<\/li>\n\n\n\n<li><strong>Imperme\u00e1vel\/resistente \u00e0s intemp\u00e9ries:<\/strong> Procure uma classifica\u00e7\u00e3o IPX4 ou superior para garantir que a luz resiste \u00e0 chuva e a salpicos.<\/li>\n<\/ul>\n\n\n\n<h3 class=\"wp-block-heading\"><strong>6. Carater\u00edsticas adicionais:<\/strong><\/h3>\n\n\n\n<ul class=\"wp-block-list\">\n<li><strong>M\u00faltiplos modos:<\/strong> Embora um feixe forte e constante seja essencial para ver, os modos intermitentes podem aumentar a sua visibilidade para os outros durante o dia ou em ambientes urbanos movimentados. Algumas luzes tamb\u00e9m oferecem um modo \"adaptativo\" que ajusta o brilho com base na luz ambiente.<\/li>\n\n\n\n<li><strong>Luz de circula\u00e7\u00e3o diurna (DRL):<\/strong> Estudos demonstram que a utiliza\u00e7\u00e3o de luzes durante o dia pode reduzir significativamente o risco de colis\u00f5es. Um modo DRL dedicado, frequentemente um flash menos intenso mas altamente vis\u00edvel, \u00e9 uma carater\u00edstica valiosa.<\/li>\n\n\n\n<li><strong>Visibilidade lateral:<\/strong> As luzes com recortes laterais ou LEDs adicionais virados para os lados podem melhorar a sua visibilidade de \u00e2ngulos diferentes dos da frente, o que \u00e9 importante para a seguran\u00e7a nos cruzamentos.<\/li>\n\n\n\n<li><strong>Funcionalidade do Power Bank:<\/strong> Algumas luzes alimentadas por bateria tamb\u00e9m funcionam como bancos de energia, permitindo-lhe carregar o seu telem\u00f3vel ou outros dispositivos em movimento.<\/li>\n\n\n\n<li><strong>Interface de utilizador f\u00e1cil:<\/strong> Os bot\u00f5es simples e f\u00e1ceis de utilizar com as luvas e a sele\u00e7\u00e3o clara do modo s\u00e3o uma vantagem.<\/li>\n\n\n\n<li><\/li>\n<\/ul>\n\n\n\n<h2 class=\"wp-block-heading\"><strong>Onde deve ser montado o farol dianteiro?<\/strong><\/h2>\n\n\n\n<p>Um posicionamento correto garante a seguran\u00e7a e evita sombras. Eis algumas op\u00e7\u00f5es comuns:<\/p>\n\n\n\n<figure class=\"wp-block-table\"><table class=\"has-fixed-layout\"><thead><tr><th><strong>Posi\u00e7\u00e3o de montagem<\/strong><\/th><th><strong>Pr\u00f3s<\/strong><\/th><th><strong>Contras<\/strong><\/th><\/tr><\/thead><tbody><tr><td><strong>Montado no guiador<\/strong><\/td><td>F\u00e1cil de instalar e ajustar<\/td><td>Pode criar sombras \u00e0 frente se a carga obstruir<\/td><\/tr><tr><td><strong>Coroa do garfo<\/strong><\/td><td>Ilumina\u00e7\u00e3o est\u00e1vel, pouco encandeamento<\/td><td>Pode tremer em terrenos acidentados<\/td><\/tr><tr><td><strong>Suporte de carga ou tubo da cabe\u00e7a<\/strong><\/td><td>Alinha-se com a altura da carga<\/td><td>Requer suportes personalizados<\/td><\/tr><\/tbody><\/table><\/figure>\n\n\n\n<p>Para bicicletas de carga com carregamento frontal, <strong>as luzes do guiador podem ser insuficientes<\/strong>. Recomendamos frequentemente <strong>sistemas de ilumina\u00e7\u00e3o dupla<\/strong>:<\/p>\n\n\n\n<ul class=\"wp-block-list\">\n<li>Luz prim\u00e1ria acesa <strong>suporte de carga ou arma\u00e7\u00e3o<\/strong><\/li>\n\n\n\n<li>Luz secund\u00e1ria acesa <strong>guiador<\/strong><\/li>\n<\/ul>\n\n\n\n<h2 class=\"wp-block-heading\"><strong>Como <a href=\"https:\/\/regencargobikes.com\/pt\/about\/\" data-type=\"page\" data-id=\"171\">Regen <\/a>Ajudas: Ilumina\u00e7\u00e3o modular, alimenta\u00e7\u00e3o integrada e conformidade<\/strong><\/h2>\n\n\n\n<p>Concebemos as bicicletas de carga Regen tendo em mente a integra\u00e7\u00e3o da ilumina\u00e7\u00e3o:<\/p>\n\n\n\n<ul class=\"wp-block-list\">\n<li><strong>Montagem de luzes personalizada<\/strong> para Long Johns, trikes e step-throughs<\/li>\n\n\n\n<li><strong>Cablagem \u00e0 prova de \u00e1gua<\/strong> (IP65+) e cablagem pr\u00e9-fus\u00edvel<\/li>\n\n\n\n<li><strong>Gest\u00e3o de energia a n\u00edvel do sistema<\/strong> para evitar o descarregamento da bateria<\/li>\n\n\n\n<li><strong>Op\u00e7\u00f5es compat\u00edveis com StVZO e EN 15194<\/strong> para clientes da UE<\/li>\n\n\n\n<li>Opcional <strong>DRL, altern\u00e2ncia entre m\u00e1ximos e m\u00ednimos<\/strong>, e <strong>sensores de luz autom\u00e1ticos<\/strong><\/li>\n<\/ul>\n\n\n\n<p>E para parceiros OEM\/ODM, oferecemos <strong>integra\u00e7\u00e3o de far\u00f3is dianteiros por medida<\/strong> dependendo da geometria da estrutura, da est\u00e9tica da marca e dos cen\u00e1rios do utilizador.<\/p>\n\n\n\n<p>\ud83d\udce9 <a href=\"https:\/\/regencargobikes.com\/pt\/contact\/\" data-type=\"page\" data-id=\"177\"><strong>Contactar-nos agora<\/strong><\/a> para discutir o seu projeto.<\/p>\n\n\n\n<hr class=\"wp-block-separator has-alpha-channel-opacity\"\/>\n\n\n\n<h2 class=\"wp-block-heading\"><strong>Refer\u00eancias<\/strong><\/h2>\n\n\n\n<ul class=\"wp-block-list\">\n<li>Comit\u00e9 Europeu de Normaliza\u00e7\u00e3o (CEN). (2021). <em>EN 15194: Ciclos assistidos eletricamente (EPACs) - EPACs - Requisitos de seguran\u00e7a e m\u00e9todos de ensaio.<\/em><\/li>\n\n\n\n<li>Minist\u00e9rio Federal dos Transportes e das Infra-estruturas Digitais (Alemanha). (2022). <em>StVZO - Stra\u00dfenverkehrs-Zulassungs-Ordnung.<\/em><\/li>\n\n\n\n<li>Estudo sobre os padr\u00f5es e a seguran\u00e7a dos feixes luminosos das bicicletas - Federa\u00e7\u00e3o Alem\u00e3 de Ciclistas (ADFC), 2020.<\/li>\n<\/ul>","protected":false},"excerpt":{"rendered":"<p>At Regen, where we design and manufacture complete cargo bike systems for families and fleets, we often get asked about front lighting \u2014 especially as riders begin commuting at dusk, navigating low-light city alleys, or delivering across darker rural routes. Lighting is not just about visibility; it\u2019s about road legality, rider safety, and even battery [&hellip;]<\/p>\n","protected":false},"author":2,"featured_media":1740,"comment_status":"open","ping_status":"closed","sticky":false,"template":"","format":"standard","meta":{"footnotes":""},"categories":[2],"tags":[],"class_list":["post-1739","post","type-post","status-publish","format-standard","has-post-thumbnail","hentry","category-knowledge"],"_links":{"self":[{"href":"https:\/\/regencargobikes.com\/pt\/wp-json\/wp\/v2\/posts\/1739","targetHints":{"allow":["GET"]}}],"collection":[{"href":"https:\/\/regencargobikes.com\/pt\/wp-json\/wp\/v2\/posts"}],"about":[{"href":"https:\/\/regencargobikes.com\/pt\/wp-json\/wp\/v2\/types\/post"}],"author":[{"embeddable":true,"href":"https:\/\/regencargobikes.com\/pt\/wp-json\/wp\/v2\/users\/2"}],"replies":[{"embeddable":true,"href":"https:\/\/regencargobikes.com\/pt\/wp-json\/wp\/v2\/comments?post=1739"}],"version-history":[{"count":1,"href":"https:\/\/regencargobikes.com\/pt\/wp-json\/wp\/v2\/posts\/1739\/revisions"}],"predecessor-version":[{"id":1741,"href":"https:\/\/regencargobikes.com\/pt\/wp-json\/wp\/v2\/posts\/1739\/revisions\/1741"}],"wp:featuredmedia":[{"embeddable":true,"href":"https:\/\/regencargobikes.com\/pt\/wp-json\/wp\/v2\/media\/1740"}],"wp:attachment":[{"href":"https:\/\/regencargobikes.com\/pt\/wp-json\/wp\/v2\/media?parent=1739"}],"wp:term":[{"taxonomy":"category","embeddable":true,"href":"https:\/\/regencargobikes.com\/pt\/wp-json\/wp\/v2\/categories?post=1739"},{"taxonomy":"post_tag","embeddable":true,"href":"https:\/\/regencargobikes.com\/pt\/wp-json\/wp\/v2\/tags?post=1739"}],"curies":[{"name":"wp","href":"https:\/\/api.w.org\/{rel}","templated":true}]}}