{"id":1763,"date":"2025-07-29T02:36:57","date_gmt":"2025-07-28T18:36:57","guid":{"rendered":"https:\/\/regencargobikes.com\/?p=1763"},"modified":"2025-07-29T02:37:00","modified_gmt":"2025-07-28T18:37:00","slug":"the-strategic-imperative-of-cargo-bikes-in-european-urban-mobility","status":"publish","type":"post","link":"https:\/\/regencargobikes.com\/pt\/the-strategic-imperative-of-cargo-bikes-in-european-urban-mobility\/","title":{"rendered":"O imperativo estrat\u00e9gico das bicicletas de carga na mobilidade urbana europeia"},"content":{"rendered":"<p>As cidades europeias est\u00e3o a passar por uma profunda transforma\u00e7\u00e3o na forma como abordam o transporte urbano e a log\u00edstica. Outrora consideradas como uma solu\u00e7\u00e3o de nicho, as bicicletas de carga - particularmente as bicicletas de carga el\u00e9ctricas (e-cargo bikes) - evolu\u00edram rapidamente para um pilar estrat\u00e9gico de mobilidade sustent\u00e1vel, rent\u00e1vel e centrada nas pessoas. N\u00e3o s\u00e3o apenas uma alternativa \u00e0s carrinhas ou cami\u00f5es de entrega tradicionais; s\u00e3o antes um catalisador para ambientes urbanos mais saud\u00e1veis, seguros e resilientes.<\/p>\n\n\n\n<p>Em toda a Europa, as bicicletas de carga est\u00e3o a ajudar a cumprir objectivos clim\u00e1ticos ambiciosos, a combater o congestionamento urbano e a reduzir os custos sociais das paisagens urbanas dominadas pelo autom\u00f3vel. Esta transi\u00e7\u00e3o \u00e9 apoiada por um forte crescimento do mercado, pol\u00edticas de apoio e avan\u00e7os tecnol\u00f3gicos que tornam as bicicletas de carga cada vez mais competitivas.<\/p>\n\n\n\n<blockquote class=\"wp-block-quote is-layout-flow wp-block-quote-is-layout-flow\">\n<p><\/p>\n<\/blockquote>\n\n\n\n<hr class=\"wp-block-separator has-alpha-channel-opacity\"\/>\n\n\n\n<h2 class=\"wp-block-heading\"><strong>Definir as bicicletas de carga e os seus benef\u00edcios multifacetados<\/strong><\/h2>\n\n\n\n<p>As bicicletas de carga s\u00e3o bicicletas ou triciclos concebidos especificamente para transportar mercadorias, passageiros ou equipamento para al\u00e9m do que uma bicicleta convencional pode suportar. As suas variantes el\u00e9ctricas (e-cargo bikes) integram assist\u00eancia aos pedais alimentada por bateria, permitindo-lhes transportar cargas mais pesadas e percorrer dist\u00e2ncias mais longas com menos esfor\u00e7o f\u00edsico.<\/p><div class=\"regen-test-placement-from-wizard-1604397851\" id=\"regen-3503955315\"><script async src=\"https:\/\/pagead2.googlesyndication.com\/pagead\/js\/adsbygoogle.js?client=ca-pub-1076230867169041\"\n     crossorigin=\"anonymous\"><\/script><\/div><div class=\"regen-test-placement-from-wizard-2878267818\" id=\"regen-4275434916\"><script async src=\"https:\/\/pagead2.googlesyndication.com\/pagead\/js\/adsbygoogle.js?client=ca-pub-1076230867169041\"\n     crossorigin=\"anonymous\"><\/script><\/div>\n\n\n\n<p>Outrora limitadas a pilotos de entregas urbanas de pequena escala ou a uma utiliza\u00e7\u00e3o familiar, as bicicletas de carga desempenham atualmente um papel central na log\u00edstica e mobilidade das cidades. O seu amplo apelo reside numa combina\u00e7\u00e3o de benef\u00edcios ambientais, econ\u00f3micos, operacionais e sociais que se estendem muito para al\u00e9m do sector dos transportes.<\/p>\n\n\n\n<hr class=\"wp-block-separator has-alpha-channel-opacity\"\/>\n\n\n\n<p><\/p>\n\n\n\n<h3 class=\"wp-block-heading\"><strong>Benef\u00edcios ambientais: Transporte urbano de mercadorias com emiss\u00f5es zero<\/strong><\/h3>\n\n\n\n<p>As bicicletas de carga respondem diretamente \u00e0 necessidade urgente de descarbonizar os transportes urbanos. Ao contr\u00e1rio das carrinhas a gas\u00f3leo convencionais, as bicicletas de carga el\u00e9ctricas funcionam com zero emiss\u00f5es de gases de escape, reduzindo drasticamente a pegada de carbono.<\/p>\n\n\n\n<ul class=\"wp-block-list\">\n<li>Um estudo realizado em Londres concluiu que as bicicletas de carga produzem <strong>96% menos emiss\u00f5es de CO\u2082 por quil\u00f3metro do que as carrinhas el\u00e9ctricas<\/strong> e at\u00e9 <strong>90% menos do que as carrinhas a gas\u00f3leo<\/strong>.<\/li>\n\n\n\n<li>Em Amesterd\u00e3o, o <em>Log\u00edstica do ciclo<\/em> projeto substitu\u00eddo <strong>7% de viagens de carrinhas comerciais<\/strong>, corte <strong>16 000 toneladas de emiss\u00f5es anuais de CO\u2082<\/strong>-o equivalente a remover <strong>3.500 autom\u00f3veis<\/strong> das ruas.<\/li>\n<\/ul>\n\n\n\n<p>Estes benef\u00edcios ambientais t\u00eam efeitos em cascata. Um ar mais limpo contribui para melhorar os resultados em termos de sa\u00fade p\u00fablica, enquanto a redu\u00e7\u00e3o da polui\u00e7\u00e3o sonora melhora a habitabilidade urbana.<\/p>\n\n\n\n<blockquote class=\"wp-block-quote is-layout-flow wp-block-quote-is-layout-flow\">\n<figure class=\"wp-block-image size-large\"><img fetchpriority=\"high\" decoding=\"async\" width=\"1024\" height=\"471\" src=\"https:\/\/regencargobikes.com\/wp-content\/uploads\/2025\/07\/In-Amsterdam-the-citys-Cycle-Logistics-project-replaced-7-of-commercial-van-trips-cutting-16000-tonnes-of-annual-CO\u2082-emissions\u2014the-equivalent-of-removing-3500-cars-from-the-streets-1024x471.webp\" alt=\"\" class=\"wp-image-1764\" srcset=\"https:\/\/regencargobikes.com\/wp-content\/uploads\/2025\/07\/In-Amsterdam-the-citys-Cycle-Logistics-project-replaced-7-of-commercial-van-trips-cutting-16000-tonnes-of-annual-CO\u2082-emissions\u2014the-equivalent-of-removing-3500-cars-from-the-streets-1024x471.webp 1024w, https:\/\/regencargobikes.com\/wp-content\/uploads\/2025\/07\/In-Amsterdam-the-citys-Cycle-Logistics-project-replaced-7-of-commercial-van-trips-cutting-16000-tonnes-of-annual-CO\u2082-emissions\u2014the-equivalent-of-removing-3500-cars-from-the-streets-300x138.webp 300w, https:\/\/regencargobikes.com\/wp-content\/uploads\/2025\/07\/In-Amsterdam-the-citys-Cycle-Logistics-project-replaced-7-of-commercial-van-trips-cutting-16000-tonnes-of-annual-CO\u2082-emissions\u2014the-equivalent-of-removing-3500-cars-from-the-streets-768x353.webp 768w, https:\/\/regencargobikes.com\/wp-content\/uploads\/2025\/07\/In-Amsterdam-the-citys-Cycle-Logistics-project-replaced-7-of-commercial-van-trips-cutting-16000-tonnes-of-annual-CO\u2082-emissions\u2014the-equivalent-of-removing-3500-cars-from-the-streets-1536x706.webp 1536w, https:\/\/regencargobikes.com\/wp-content\/uploads\/2025\/07\/In-Amsterdam-the-citys-Cycle-Logistics-project-replaced-7-of-commercial-van-trips-cutting-16000-tonnes-of-annual-CO\u2082-emissions\u2014the-equivalent-of-removing-3500-cars-from-the-streets-18x8.webp 18w, https:\/\/regencargobikes.com\/wp-content\/uploads\/2025\/07\/In-Amsterdam-the-citys-Cycle-Logistics-project-replaced-7-of-commercial-van-trips-cutting-16000-tonnes-of-annual-CO\u2082-emissions\u2014the-equivalent-of-removing-3500-cars-from-the-streets.webp 1766w\" sizes=\"(max-width: 1024px) 100vw, 1024px\" \/><\/figure>\n<\/blockquote>\n\n\n\n<hr class=\"wp-block-separator has-alpha-channel-opacity\"\/>\n\n\n\n<p><\/p>\n\n\n\n<h3 class=\"wp-block-heading\"><strong>Efici\u00eancia econ\u00f3mica e operacional: Redefinir as entregas urbanas<\/strong><\/h3>\n\n\n\n<p>Do ponto de vista comercial, as bicicletas de carga apresentam vantagens econ\u00f3micas convincentes. V\u00e1rios estudos e projectos-piloto demonstraram que as bicicletas el\u00e9ctricas de carga t\u00eam um desempenho superior ao das carrinhas em ambientes urbanos densos.<\/p>\n\n\n\n<ul class=\"wp-block-list\">\n<li>As bicicletas de carga podem reduzir os custos de entrega ao <strong>at\u00e9 90%<\/strong> quando se contabiliza o combust\u00edvel, o estacionamento e a manuten\u00e7\u00e3o.<\/li>\n\n\n\n<li>Em Mil\u00e3o, um programa-piloto mostrou um <strong>23% redu\u00e7\u00e3o dos prazos de entrega<\/strong> e um <strong>40% diminui\u00e7\u00e3o dos custos operacionais<\/strong> para a log\u00edstica de \u00faltima milha, em compara\u00e7\u00e3o com as carrinhas.<\/li>\n\n\n\n<li>Nos centros urbanos congestionados, as bicicletas de carga entregam encomendas <strong>30% mais r\u00e1pido<\/strong> e pode completar <strong>20-25 entregas por hora<\/strong>, contra apenas <strong>12 entregas por hora<\/strong> para carrinhas.<\/li>\n<\/ul>\n\n\n\n<p>A capacidade das bicicletas de carga para manterem tempos de servi\u00e7o previs\u00edveis, mesmo em \u00e1reas congestionadas, permite \u00e0s empresas otimizar os hor\u00e1rios de entrega e aumentar a satisfa\u00e7\u00e3o dos clientes.<\/p>\n\n\n\n<blockquote class=\"wp-block-quote is-layout-flow wp-block-quote-is-layout-flow\">\n<p><\/p>\n<\/blockquote>\n\n\n\n<hr class=\"wp-block-separator has-alpha-channel-opacity\"\/>\n\n\n\n<p><\/p>\n\n\n\n<h3 class=\"wp-block-heading\"><strong>Redu\u00e7\u00e3o do congestionamento e melhoria do acesso urbano<\/strong><\/h3>\n\n\n\n<p>As bicicletas de carga est\u00e3o especialmente adaptadas para circular em ruas urbanas apinhadas, zonas pedonais e zonas de baixas emiss\u00f5es (LEZ), onde os ve\u00edculos de maiores dimens\u00f5es s\u00e3o penalizados ou est\u00e3o sujeitos a restri\u00e7\u00f5es.<\/p>\n\n\n\n<p>O seu tamanho compacto permite-lhes contornar as filas de tr\u00e2nsito e aceder a locais junto \u00e0 berma sem bloquear as estradas ou as ciclovias. Ao substitu\u00edrem as carrinhas, as bicicletas de carga libertam espa\u00e7o urbano valioso, reduzem os incidentes de estacionamento duplo e aliviam o congestionamento - um benef\u00edcio muito apreciado pelas cidades e pelas empresas.<\/p>\n\n\n\n<hr class=\"wp-block-separator has-alpha-channel-opacity\"\/>\n\n\n\n<p><\/p>\n\n\n\n<h3 class=\"wp-block-heading\"><strong>Benef\u00edcios sociais e para a sa\u00fade: Cidades mais seguras e mais activas<\/strong><\/h3>\n\n\n\n<p>Para al\u00e9m dos ganhos ambientais e econ\u00f3micos, as bicicletas de carga geram benef\u00edcios sociais significativos:<\/p>\n\n\n\n<ol start=\"1\" class=\"wp-block-list\">\n<li><strong>Promo\u00e7\u00e3o de desloca\u00e7\u00f5es activas:<\/strong> O aumento da participa\u00e7\u00e3o no ciclismo promove estilos de vida mais saud\u00e1veis e constr\u00f3i culturas de ciclismo nas cidades.<\/li>\n\n\n\n<li><strong>Ruas mais seguras:<\/strong> As bicicletas de carga deslocam-se a velocidades mais baixas do que os ve\u00edculos motorizados, reduzindo o risco e a gravidade das colis\u00f5es de tr\u00e2nsito.<\/li>\n\n\n\n<li><strong>Sa\u00fade p\u00fablica:<\/strong> Um ar mais limpo e menos polui\u00e7\u00e3o sonora contribuem para melhorar o bem-estar da comunidade.<\/li>\n<\/ol>\n\n\n\n<p>Londres <strong>Vis\u00e3o Zero<\/strong> A estrat\u00e9gia de seguran\u00e7a, por exemplo, est\u00e1 estreitamente ligada \u00e0 ado\u00e7\u00e3o de bicicletas de carga, porque estes ve\u00edculos reduzem o risco de tr\u00e1fego para os pe\u00f5es e outros ciclistas.<\/p>\n\n\n\n<blockquote class=\"wp-block-quote is-layout-flow wp-block-quote-is-layout-flow\">\n<p><\/p>\n<\/blockquote>\n\n\n\n<hr class=\"wp-block-separator has-alpha-channel-opacity\"\/>\n\n\n\n<p><\/p>\n\n\n\n<h3 class=\"wp-block-heading\"><strong>Um ciclo de benef\u00edcios que se auto-refor\u00e7a<\/strong><\/h3>\n\n\n\n<p>Estas vantagens multifacetadas funcionam em sinergia. As empresas reinvestem as poupan\u00e7as das entregas de bicicletas de carga na expans\u00e3o das suas frotas ecol\u00f3gicas, o que reduz ainda mais o congestionamento e as emiss\u00f5es. Ruas mais limpas e seguras encorajam mais pessoas a andar de bicicleta, aumentando a procura de infra-estruturas cicl\u00e1veis e normalizando a utiliza\u00e7\u00e3o das bicicletas de carga.<\/p>\n\n\n\n<p>As pol\u00edticas urbanas destinadas a promover as bicicletas de carga devem, por conseguinte, ter em conta <strong>abordagem hol\u00edstica<\/strong>A empresa deve ser capaz de tirar partido dos benef\u00edcios ambientais, econ\u00f3micos e sociais em simult\u00e2neo para maximizar o seu impacto.<\/p>\n\n\n\n<hr class=\"wp-block-separator has-alpha-channel-opacity\"\/>\n\n\n\n<p><\/p>\n\n\n\n<h2 class=\"wp-block-heading\"><strong>Vis\u00e3o geral do mercado europeu de bicicletas el\u00e9ctricas de carga: Situa\u00e7\u00e3o atual e projec\u00e7\u00f5es de crescimento (2024-2034)<\/strong><\/h2>\n\n\n\n<p>O mercado europeu de bicicletas el\u00e9ctricas para transporte de carga entrou num per\u00edodo de crescimento explosivo, reflectindo a sua import\u00e2ncia crescente nas estrat\u00e9gias de mobilidade urbana.<\/p>\n\n\n\n<ul class=\"wp-block-list\">\n<li><strong>Valor de mercado em 2024:<\/strong> USD <strong>2,01 mil milh\u00f5es de euros<\/strong><\/li>\n\n\n\n<li><strong>Valor de mercado projetado em 2034:<\/strong> USD <strong>37,24 mil milh\u00f5es de euros<\/strong><\/li>\n\n\n\n<li><strong>CAGR:<\/strong> <strong>33.90% (2024-2034)<\/strong><\/li>\n<\/ul>\n\n\n\n<p>Uma an\u00e1lise separada prev\u00ea que o mercado cres\u00e7a de <strong>1,16 mil milh\u00f5es de d\u00f3lares em 2025 para 1,6 mil milh\u00f5es de d\u00f3lares em 2029<\/strong>representando um valor mais conservador, mas ainda assim significativo <strong>8.51% CAGR<\/strong>.<\/p>\n\n\n\n<p>Esta trajet\u00f3ria ascendente \u00e9 alimentada por v\u00e1rias for\u00e7as convergentes:<\/p>\n\n\n\n<ol start=\"1\" class=\"wp-block-list\">\n<li><strong>Prioridades da mobilidade sustent\u00e1vel:<\/strong> As cidades e as empresas est\u00e3o a dar prioridade aos transportes com baixo teor de carbono.<\/li>\n\n\n\n<li><strong>Press\u00e3o regulamentar:<\/strong> Normas ambientais mais rigorosas, como o Pacto Ecol\u00f3gico Europeu, est\u00e3o a acelerar a eletrifica\u00e7\u00e3o das frotas.<\/li>\n\n\n\n<li><strong>Log\u00edstica rent\u00e1vel:<\/strong> A procura de solu\u00e7\u00f5es de entrega de \u00faltima milha a pre\u00e7os acess\u00edveis est\u00e1 a atingir o seu ponto mais alto de sempre.<\/li>\n<\/ol>\n\n\n\n<blockquote class=\"wp-block-quote is-layout-flow wp-block-quote-is-layout-flow\">\n<p><\/p>\n<\/blockquote>\n\n\n\n<hr class=\"wp-block-separator has-alpha-channel-opacity\"\/>\n\n\n\n<p><\/p>\n\n\n\n<h3 class=\"wp-block-heading\"><strong>L\u00edderes regionais: A Europa Ocidental na linha da frente<\/strong><\/h3>\n\n\n\n<p>A Europa Ocidental domina o mercado das bicicletas el\u00e9ctricas para transporte de carga, com a Alemanha, os Pa\u00edses Baixos, a Dinamarca e a Fran\u00e7a a liderarem a ado\u00e7\u00e3o.<\/p>\n\n\n\n<ul class=\"wp-block-list\">\n<li><strong>Alemanha:<\/strong> Reten\u00e7\u00f5es <strong>44% do mercado europeu (2024)<\/strong>gra\u00e7as a fortes tradi\u00e7\u00f5es ciclistas, a pol\u00edticas clim\u00e1ticas ambiciosas e ao investimento em infra-estruturas ciclistas, como vias protegidas e parques de estacionamento seguros.<\/li>\n\n\n\n<li><strong>Pa\u00edses Baixos e Dinamarca:<\/strong> Estas na\u00e7\u00f5es ciclistas beneficiam de d\u00e9cadas de desenvolvimento de infra-estruturas, tornando-as ambientes ideais para a utiliza\u00e7\u00e3o generalizada de bicicletas el\u00e9ctricas de carga.<\/li>\n\n\n\n<li><strong>Fran\u00e7a:<\/strong> Paris e outras cidades francesas est\u00e3o a expandir rapidamente as iniciativas de bicicletas de carga como parte de estrat\u00e9gias mais amplas de mobilidade e clima.<\/li>\n<\/ul>\n\n\n\n<hr class=\"wp-block-separator has-alpha-channel-opacity\"\/>\n\n\n\n<p><\/p>\n\n\n\n<h3 class=\"wp-block-heading\"><strong>Panorama do sector: Diversos intervenientes a impulsionar a inova\u00e7\u00e3o<\/strong><\/h3>\n\n\n\n<p>O mercado inclui uma mistura din\u00e2mica de fabricantes de bicicletas estabelecidos, startups de mobilidade el\u00e9ctrica e produtores especializados em bicicletas de carga. As empresas l\u00edderes incluem:<\/p>\n\n\n\n<ul class=\"wp-block-list\">\n<li><strong>Flecha Urbana<\/strong><\/li>\n\n\n\n<li><strong>Riese &amp; M\u00fcller<\/strong><\/li>\n\n\n\n<li><strong>Bicicletas Tern<\/strong><\/li>\n\n\n\n<li><strong>A\u00e7ougues e Bicicletas<\/strong><\/li>\n\n\n\n<li><strong>Bicicletas Rad Power<\/strong><\/li>\n\n\n\n<li><strong>Babbo\u00e9<\/strong><\/li>\n<\/ul>\n\n\n\n<p>Estas marcas est\u00e3o a investir fortemente em <strong>diversifica\u00e7\u00e3o dos produtos<\/strong>, oferecendo modelos como:<\/p>\n\n\n\n<ol start=\"1\" class=\"wp-block-list\">\n<li><strong><a href=\"https:\/\/regencargobikes.com\/pt\/what-is-a-long-john-cargo-bike\/\" data-type=\"post\" data-id=\"1411\">Bicicletas de carga de cauda longa<\/a>:<\/strong> Porta-bagagens traseiro alargado para transportar v\u00e1rias crian\u00e7as ou objectos volumosos.<\/li>\n\n\n\n<li><strong><a href=\"https:\/\/regencargobikes.com\/pt\/rs01-e-cargo-bike\/\" data-type=\"page\" data-id=\"933\">Projectos de carregadores frontais (Bakfiets)<\/a>:<\/strong> Caixas grandes \u00e0 frente para cargas mais pesadas ou mais delicadas.<\/li>\n\n\n\n<li><strong>Trikes de carga de tr\u00eas rodas:<\/strong> Maior capacidade de carga e estabilidade, ideal para cargas comerciais.<\/li>\n<\/ol>\n\n\n\n<p>Avan\u00e7os em <strong>tecnologia de baterias, motores el\u00e9ctricos e quadros leves<\/strong> est\u00e3o a tornar as bicicletas de carga mais duradouras, fi\u00e1veis e vers\u00e1teis do que nunca.<\/p>\n\n\n\n<blockquote class=\"wp-block-quote is-layout-flow wp-block-quote-is-layout-flow\">\n<p><strong>Sugest\u00e3o de imagem:<\/strong> Uma colagem com etiquetas que mostra diferentes modelos de bicicletas el\u00e9ctricas para transporte de carga (cauda longa, carregador frontal e triciclo) das principais marcas europeias.<\/p>\n<\/blockquote>\n\n\n\n<hr class=\"wp-block-separator has-alpha-channel-opacity\"\/>\n\n\n\n<p><\/p>\n\n\n\n<h3 class=\"wp-block-heading\"><strong>Evolu\u00e7\u00e3o e especializa\u00e7\u00e3o do mercado<\/strong><\/h3>\n\n\n\n<p>O sector das bicicletas de carga est\u00e1 a amadurecer e a tornar-se um segmento aut\u00f3nomo, distinto da ind\u00fastria de bicicletas em geral. Uma prova desta mudan\u00e7a \u00e9 o lan\u00e7amento da <strong>Mobifuturo<\/strong>, uma feira dedicada \u00e0 mobilidade el\u00e9ctrica e urbana, co-organizada com <strong>Eurobike<\/strong> a partir de 2026.<\/p>\n\n\n\n<p>Este novo evento ir\u00e1 destacar as bicicletas de carga como uma parte fundamental do futuro da mobilidade na Europa, ligando fabricantes, decisores pol\u00edticos e operadores de frotas. \u00c0 medida que o investimento privado cresce e as economias de escala se instalam, espera-se que o sector se torne cada vez mais autossustent\u00e1vel, reduzindo a depend\u00eancia dos subs\u00eddios p\u00fablicos.<\/p>\n\n\n\n<blockquote class=\"wp-block-quote is-layout-flow wp-block-quote-is-layout-flow\">\n<p><strong>Sugest\u00e3o de imagem:<\/strong> Foto de um sal\u00e3o de exposi\u00e7\u00f5es da Eurobike muito animado, com modelos inovadores de bicicletas de carga e contactos entre profissionais do sector.<\/p>\n<\/blockquote>\n\n\n\n<hr class=\"wp-block-separator has-alpha-channel-opacity\"\/>\n\n\n\n<p><\/p>\n\n\n\n<h2 class=\"wp-block-heading\"><strong>Conclus\u00e3o: As bicicletas de carga como pedra angular da mobilidade urbana europeia<\/strong><\/h2>\n\n\n\n<p>As bicicletas de carga proporcionam resultados transformadores para as cidades, empresas e comunidades. Reduzem drasticamente as emiss\u00f5es de gases com efeito de estufa, diminuem os custos de log\u00edstica e melhoram a habitabilidade urbana atrav\u00e9s de ruas mais seguras e espa\u00e7os p\u00fablicos melhorados.<\/p>\n\n\n\n<p>O mercado europeu de bicicletas el\u00e9ctricas para transporte de carga est\u00e1 numa trajet\u00f3ria ascendente acentuada, tendo crescido de <strong>2,01 mil milh\u00f5es de d\u00f3lares em 2024 para uma previs\u00e3o de 37,24 mil milh\u00f5es de d\u00f3lares em 2034<\/strong>. Esta expans\u00e3o \u00e9 impulsionada por pol\u00edticas com vis\u00e3o de futuro, inova\u00e7\u00e3o tecnol\u00f3gica e uma mudan\u00e7a de atitude do p\u00fablico em rela\u00e7\u00e3o aos transportes sustent\u00e1veis.<\/p>\n\n\n\n<p>Para os decisores pol\u00edticos, investir em infra-estruturas e incentivos para bicicletas de carga n\u00e3o \u00e9 apenas um gesto ambiental - \u00e9 uma decis\u00e3o estrat\u00e9gica de mobilidade urbana com dividendos sociais e econ\u00f3micos a longo prazo. Para as empresas, a ado\u00e7\u00e3o de bicicletas de carga \u00e9 uma clara vantagem competitiva para satisfazer as expectativas dos clientes relativamente a entregas r\u00e1pidas, fi\u00e1veis e ecol\u00f3gicas.<\/p>\n\n\n\n<p>Numa altura em que as cidades continuam a debater-se com o congestionamento, as altera\u00e7\u00f5es clim\u00e1ticas e os desafios de sa\u00fade p\u00fablica, as bicicletas de carga destacam-se como uma solu\u00e7\u00e3o comprovada e escal\u00e1vel, capaz de remodelar a mobilidade urbana europeia nas pr\u00f3ximas d\u00e9cadas.<\/p>\n\n\n\n<p><\/p>","protected":false},"excerpt":{"rendered":"<p>European cities are undergoing a profound transformation in how they approach urban transportation and logistics. Once regarded as a niche solution, cargo bikes\u2014particularly electric cargo bikes (e-cargo bikes)\u2014have rapidly evolved into a strategic pillar for sustainable, cost-effective, and people-centric mobility. They are not merely an alternative to traditional delivery vans or trucks; rather, they are [&hellip;]<\/p>\n","protected":false},"author":2,"featured_media":1630,"comment_status":"closed","ping_status":"closed","sticky":false,"template":"","format":"standard","meta":{"footnotes":""},"categories":[2],"tags":[],"class_list":["post-1763","post","type-post","status-publish","format-standard","has-post-thumbnail","hentry","category-knowledge"],"_links":{"self":[{"href":"https:\/\/regencargobikes.com\/pt\/wp-json\/wp\/v2\/posts\/1763","targetHints":{"allow":["GET"]}}],"collection":[{"href":"https:\/\/regencargobikes.com\/pt\/wp-json\/wp\/v2\/posts"}],"about":[{"href":"https:\/\/regencargobikes.com\/pt\/wp-json\/wp\/v2\/types\/post"}],"author":[{"embeddable":true,"href":"https:\/\/regencargobikes.com\/pt\/wp-json\/wp\/v2\/users\/2"}],"replies":[{"embeddable":true,"href":"https:\/\/regencargobikes.com\/pt\/wp-json\/wp\/v2\/comments?post=1763"}],"version-history":[{"count":1,"href":"https:\/\/regencargobikes.com\/pt\/wp-json\/wp\/v2\/posts\/1763\/revisions"}],"predecessor-version":[{"id":1765,"href":"https:\/\/regencargobikes.com\/pt\/wp-json\/wp\/v2\/posts\/1763\/revisions\/1765"}],"wp:featuredmedia":[{"embeddable":true,"href":"https:\/\/regencargobikes.com\/pt\/wp-json\/wp\/v2\/media\/1630"}],"wp:attachment":[{"href":"https:\/\/regencargobikes.com\/pt\/wp-json\/wp\/v2\/media?parent=1763"}],"wp:term":[{"taxonomy":"category","embeddable":true,"href":"https:\/\/regencargobikes.com\/pt\/wp-json\/wp\/v2\/categories?post=1763"},{"taxonomy":"post_tag","embeddable":true,"href":"https:\/\/regencargobikes.com\/pt\/wp-json\/wp\/v2\/tags?post=1763"}],"curies":[{"name":"wp","href":"https:\/\/api.w.org\/{rel}","templated":true}]}}