{"id":1814,"date":"2025-08-21T18:48:50","date_gmt":"2025-08-21T10:48:50","guid":{"rendered":"https:\/\/regencargobikes.com\/?p=1814"},"modified":"2025-08-23T20:39:35","modified_gmt":"2025-08-23T12:39:35","slug":"what-are-the-drawbacks-of-a-mid-drive-motor","status":"publish","type":"post","link":"https:\/\/regencargobikes.com\/pt\/what-are-the-drawbacks-of-a-mid-drive-motor\/","title":{"rendered":"Quais s\u00e3o as desvantagens de um motor de transmiss\u00e3o interm\u00e9dia?"},"content":{"rendered":"<p>No <a href=\"https:\/\/regencargobikes.com\/pt\/about\/\" data-type=\"page\" data-id=\"171\">Regen<\/a>Quando falamos com os nossos parceiros sobre a escolha do motor para bicicletas de carga ou e-bikes, a conversa resume-se frequentemente a <strong><a href=\"https:\/\/regencargobikes.com\/pt\/mid-drive-vs-hub-motor-which-is-better\/\" data-type=\"post\" data-id=\"235\">transmiss\u00e3o interm\u00e9dia vs. transmiss\u00e3o por cubo<\/a><\/strong>. As transmiss\u00f5es interm\u00e9dias s\u00e3o elogiadas pelo seu bin\u00e1rio, efici\u00eancia e sensa\u00e7\u00e3o natural ao pedalar. Mas, tal como todas as solu\u00e7\u00f5es de engenharia, tamb\u00e9m t\u00eam contrapartidas.<\/p>\n\n\n\n<p>Vamos explorar as desvantagens em profundidade - combinando a nossa perspetiva de engenharia com pontos destacados em compara\u00e7\u00f5es da ind\u00fastria.<\/p>\n\n\n\n<hr class=\"wp-block-separator has-alpha-channel-opacity\"\/>\n\n\n\n<h2 class=\"wp-block-heading\"><strong>1. Custo de aquisi\u00e7\u00e3o mais elevado<\/strong><\/h2>\n\n\n\n<p><a href=\"https:\/\/regencargobikes.com\/pt\/what-is-a-mid-drive-motor-definition-types\/\" data-type=\"post\" data-id=\"248\">Motores de acionamento central<\/a> s\u00e3o significativamente mais caros do que os motores de cubo:<\/p><div class=\"regen-test-placement-from-wizard-1604397851\" id=\"regen-1271767564\"><script async src=\"https:\/\/pagead2.googlesyndication.com\/pagead\/js\/adsbygoogle.js?client=ca-pub-1076230867169041\"\n     crossorigin=\"anonymous\"><\/script><\/div><div class=\"regen-test-placement-from-wizard-2878267818\" id=\"regen-2185666217\"><script async src=\"https:\/\/pagead2.googlesyndication.com\/pagead\/js\/adsbygoogle.js?client=ca-pub-1076230867169041\"\n     crossorigin=\"anonymous\"><\/script><\/div>\n\n\n\n<ul class=\"wp-block-list\">\n<li><strong>Poucas op\u00e7\u00f5es econ\u00f3micas<\/strong>: Tal como refere o artigo que partilhou, as bicicletas de carga com tra\u00e7\u00e3o interm\u00e9dia com menos de <strong>$2,000 USD<\/strong> s\u00e3o raras, enquanto as bicicletas de carga com motor de cubo est\u00e3o amplamente dispon\u00edveis nessa gama.<\/li>\n\n\n\n<li><strong>Pre\u00e7o baseado na complexidade<\/strong>: Ao contr\u00e1rio do motor de cubo relativamente simples, uma transmiss\u00e3o interm\u00e9dia integra sensores, engrenagens e componentes de transmiss\u00e3o de bin\u00e1rio, o que aumenta os custos.<\/li>\n<\/ul>\n\n\n\n<p><em>Implica\u00e7\u00f5es<\/em>: Para os compradores de frotas, o investimento inicial mais elevado pode constituir um obst\u00e1culo, especialmente se as vantagens de desempenho n\u00e3o forem totalmente utilizadas em trajectos de entrega urbanos e planos.<\/p>\n\n\n\n<figure class=\"wp-block-image size-large\"><img fetchpriority=\"high\" decoding=\"async\" width=\"1024\" height=\"682\" src=\"https:\/\/regencargobikes.com\/wp-content\/uploads\/2025\/05\/WechatIMG955-1024x682.jpg\" alt=\"DJI desafia proposta de tampa de pot\u00eancia do motor para bicicleta el\u00e9trica da UE \ufffc - motor Dji\" class=\"wp-image-1348\" srcset=\"https:\/\/regencargobikes.com\/wp-content\/uploads\/2025\/05\/WechatIMG955-1024x682.jpg 1024w, https:\/\/regencargobikes.com\/wp-content\/uploads\/2025\/05\/WechatIMG955-300x200.jpg 300w, https:\/\/regencargobikes.com\/wp-content\/uploads\/2025\/05\/WechatIMG955-768x511.jpg 768w, https:\/\/regencargobikes.com\/wp-content\/uploads\/2025\/05\/WechatIMG955-18x12.jpg 18w, https:\/\/regencargobikes.com\/wp-content\/uploads\/2025\/05\/WechatIMG955.jpg 1200w\" sizes=\"(max-width: 1024px) 100vw, 1024px\" \/><\/figure>\n\n\n\n<hr class=\"wp-block-separator has-alpha-channel-opacity\"\/>\n\n\n\n<h2 class=\"wp-block-heading\"><strong>2. Desgaste acelerado do sistema de tra\u00e7\u00e3o<\/strong><\/h2>\n\n\n\n<p>Porque o motor conduz a energia atrav\u00e9s do <strong>corrente e cassete<\/strong>aumenta a tens\u00e3o mec\u00e2nica:<\/p>\n\n\n\n<ul class=\"wp-block-list\">\n<li><strong>Desgaste da corrente<\/strong>: As correntes standard desgastam-se muito mais rapidamente com um bin\u00e1rio de acionamento interm\u00e9dio.<\/li>\n\n\n\n<li><strong>Danos na roda dentada e na coroa<\/strong>: A carga cont\u00ednua a uma pot\u00eancia mais elevada (por exemplo, suportar 200W em vez de uma entrada humana natural de 100W) acelera a fadiga dos componentes.<\/li>\n\n\n\n<li><strong>Ciclos de manuten\u00e7\u00e3o<\/strong>: As frotas de distribui\u00e7\u00e3o podem necessitar de substitui\u00e7\u00f5es de correntes e rodas dentadas a cada 1.000 km ou mais cedo, dependendo da carga.<\/li>\n<\/ul>\n\n\n\n<p>Este \u00e9 um dos <strong>custos ocultos<\/strong> de gerir uma frota de bicicletas de carga de tra\u00e7\u00e3o interm\u00e9dia.<\/p>\n\n\n\n<hr class=\"wp-block-separator has-alpha-channel-opacity\"\/>\n\n\n\n<h2 class=\"wp-block-heading\"><strong>3. Manuten\u00e7\u00e3o mais complexa e custos de servi\u00e7o mais elevados<\/strong><\/h2>\n\n\n\n<p>Um sistema de tra\u00e7\u00e3o interm\u00e9dia n\u00e3o \u00e9 apenas um motor; integra uma embraiagem, um veio de transmiss\u00e3o, engrenagens de transmiss\u00e3o e sensores electr\u00f3nicos.<\/p>\n\n\n\n<ul class=\"wp-block-list\">\n<li><strong>Necessidade de repara\u00e7\u00e3o especializada<\/strong>: Ao contr\u00e1rio dos motores de cubo, que muitas vezes se limitam a trocar uma roda, as transmiss\u00f5es interm\u00e9dias requerem t\u00e9cnicos especializados e, por vezes, software propriet\u00e1rio (Bosch, Shimano, Brose).<\/li>\n\n\n\n<li><strong>Risco de inatividade<\/strong>: Para as empresas, tempos de oficina mais longos significam tempo de inatividade operacional.<\/li>\n\n\n\n<li><strong>Custo das pe\u00e7as sobressalentes<\/strong>: As pe\u00e7as exclusivas (por exemplo, engrenagens internas, controladores) s\u00e3o mais caras e dif\u00edceis de obter do que os componentes gen\u00e9ricos do motor de cubo.<\/li>\n<\/ul>\n\n\n\n<p><em>Estudo de caso<\/em>: Um operador log\u00edstico com quem trabalh\u00e1mos referiu que as frotas com tra\u00e7\u00e3o interm\u00e9dia tinham <strong>Custos de m\u00e3o de obra na oficina 2-3 vezes mais elevados<\/strong> em compara\u00e7\u00e3o com as frotas de motores de eixo.<\/p>\n\n\n\n<figure class=\"wp-block-image size-full\"><img decoding=\"async\" width=\"560\" height=\"500\" src=\"https:\/\/regencargobikes.com\/wp-content\/uploads\/2025\/05\/WechatIMG943.jpg\" alt=\"\" class=\"wp-image-1314\" srcset=\"https:\/\/regencargobikes.com\/wp-content\/uploads\/2025\/05\/WechatIMG943.jpg 560w, https:\/\/regencargobikes.com\/wp-content\/uploads\/2025\/05\/WechatIMG943-300x268.jpg 300w, https:\/\/regencargobikes.com\/wp-content\/uploads\/2025\/05\/WechatIMG943-13x12.jpg 13w\" sizes=\"(max-width: 560px) 100vw, 560px\" \/><\/figure>\n\n\n\n<hr class=\"wp-block-separator has-alpha-channel-opacity\"\/>\n\n\n\n<h2 class=\"wp-block-heading\"><strong>4. Ru\u00eddo e vibra\u00e7\u00f5es<\/strong><\/h2>\n\n\n\n<p>Embora ainda relativamente silenciosas, as unidades interm\u00e9dias produzem <strong>ru\u00eddo de engrenagem<\/strong> sob forte bin\u00e1rio ou a subir cargas. Os ciclistas que est\u00e3o habituados ao sil\u00eancio de um motor de cubo de tra\u00e7\u00e3o direta podem, por vezes, achar que isto os distrai.<\/p>\n\n\n\n<hr class=\"wp-block-separator has-alpha-channel-opacity\"\/>\n\n\n\n<h2 class=\"wp-block-heading\"><strong>5. Limita\u00e7\u00f5es de compatibilidade de quadros<\/strong><\/h2>\n\n\n\n<p>As unidades interm\u00e9dias n\u00e3o s\u00e3o universalmente compat\u00edveis:<\/p>\n\n\n\n<ul class=\"wp-block-list\">\n<li><strong>Montagens dedicadas<\/strong>: Os quadros t\u00eam de ser concebidos em fun\u00e7\u00e3o de sistemas de motor espec\u00edficos (por exemplo, Bosch Gen 4, Shimano STEPS), o que limita a flexibilidade.<\/li>\n\n\n\n<li><strong>Reduzido potencial de adapta\u00e7\u00e3o<\/strong>: Ao contr\u00e1rio dos motores de cubo, que podem ser adicionados \u00e0 maioria dos quadros existentes, os motores interm\u00e9dios n\u00e3o podem ser simplesmente aparafusados.<\/li>\n<\/ul>\n\n\n\n<p>Este facto tem impacto <strong>Flexibilidade ODM\/OEM<\/strong>A produ\u00e7\u00e3o pode ser diferente, uma vez que os diferentes ciclos de produ\u00e7\u00e3o podem necessitar de ferramentas de arma\u00e7\u00e3o \u00fanicas.<\/p>\n\n\n\n<hr class=\"wp-block-separator has-alpha-channel-opacity\"\/>\n\n\n\n<h2 class=\"wp-block-heading\"><strong>6. Depend\u00eancia do condutor de uma mudan\u00e7a de velocidade correta<\/strong><\/h2>\n\n\n\n<p>Ao contr\u00e1rio dos motores de cubo que fornecem pot\u00eancia independentemente das engrenagens da transmiss\u00e3o, as transmiss\u00f5es interm\u00e9dias dependem do condutor (ou dos sistemas autom\u00e1ticos) para efetuar as mudan\u00e7as corretamente:<\/p>\n\n\n\n<ul class=\"wp-block-list\">\n<li>Uma m\u00e1 mudan\u00e7a de velocidades sob carga pode causar <strong>saltos ou rupturas da corrente<\/strong>.<\/li>\n\n\n\n<li>Os condutores inexperientes podem encurtar drasticamente a vida \u00fatil da unidade de tra\u00e7\u00e3o.<\/li>\n\n\n\n<li>Alguns sistemas integram sensores de dete\u00e7\u00e3o de desloca\u00e7\u00f5es, mas estes aumentam o custo e a complexidade.<\/li>\n<\/ul>\n\n\n\n<p>Para as frotas de distribui\u00e7\u00e3o de carga, isto pode criar variabilidade, dependendo da forma\u00e7\u00e3o do condutor.<\/p>\n\n\n\n<hr class=\"wp-block-separator has-alpha-channel-opacity\"\/>\n\n\n\n<h2 class=\"wp-block-heading\"><strong>7. Bloqueio do ecossistema propriet\u00e1rio<\/strong><\/h2>\n\n\n\n<p>A maioria dos mid-drives funciona dentro de uma <strong>sistema fechado<\/strong>:<\/p>\n\n\n\n<ul class=\"wp-block-list\">\n<li>As pilhas, os controladores e os ecr\u00e3s s\u00e3o frequentemente espec\u00edficos de cada marca.<\/li>\n\n\n\n<li>Os OEM perdem a liberdade de misturar e combinar componentes.<\/li>\n\n\n\n<li>Risco de manuten\u00e7\u00e3o a longo prazo: se uma marca descontinuar uma linha de motores, o fornecimento de pe\u00e7as torna-se problem\u00e1tico.<\/li>\n<\/ul>\n\n\n\n<p>Os motores de cubo, pelo contr\u00e1rio, s\u00e3o muito mais <strong>aberto e modular<\/strong>.<\/p>\n\n\n\n<hr class=\"wp-block-separator has-alpha-channel-opacity\"\/>\n\n\n\n<h2 class=\"wp-block-heading\"><strong>8. Peso e complexidade do sistema<\/strong><\/h2>\n\n\n\n<p>Embora o peso centralizado seja uma vantagem para o manuseamento, o pr\u00f3prio sistema acrescenta <strong>complexidade de conce\u00e7\u00e3o e integra\u00e7\u00e3o<\/strong>:<\/p>\n\n\n\n<ul class=\"wp-block-list\">\n<li>Mais componentes (embraiagem, transmiss\u00e3o, sensores) significam mais pontos de falha poss\u00edveis.<\/li>\n\n\n\n<li>A integra\u00e7\u00e3o da estrutura e da bateria deve ser cuidadosamente concebida para manter o equil\u00edbrio.<\/li>\n<\/ul>\n\n\n\n<hr class=\"wp-block-separator has-alpha-channel-opacity\"\/>\n\n\n\n<h2 class=\"wp-block-heading\"><strong>9. Efici\u00eancia energ\u00e9tica: Realidade mista vs marketing<\/strong><\/h2>\n\n\n\n<p>O artigo que partilhou destaca um <strong>ponto de efici\u00eancia<\/strong>:<\/p>\n\n\n\n<ul class=\"wp-block-list\">\n<li><strong>Motores de cubo<\/strong>: A efici\u00eancia da convers\u00e3o de energia el\u00e9ctrica em energia cin\u00e9tica \u00e9 tipicamente <strong>70-80%<\/strong>e sofrem de <strong>arrastamento eletromagn\u00e9tico<\/strong> quando n\u00e3o tem pot\u00eancia, o que torna a pedalagem mais dif\u00edcil.<\/li>\n\n\n\n<li><strong>Unidades interm\u00e9dias<\/strong>: A efici\u00eancia pode exceder <strong>80%<\/strong>A bicicleta \u00e9 uma das mais modernas, com designs que se desengatam totalmente quando o motor est\u00e1 desligado, permitindo uma pedalada \"natural\" sem arrastamento adicional.<\/li>\n<\/ul>\n\n\n\n<p>\ud83d\udc49 Embora este seja um <strong>benef\u00edcio<\/strong> na condu\u00e7\u00e3o com ou sem motor, tamb\u00e9m sublinha um inconveniente: as transmiss\u00f5es interm\u00e9dias dependem de mecanismos de embraiagem e de desengate mais complexos, que requerem uma engenharia e uma manuten\u00e7\u00e3o precisas.<\/p>\n\n\n\n<hr class=\"wp-block-separator has-alpha-channel-opacity\"\/>\n\n\n\n<h2 class=\"wp-block-heading\"><strong>10. Valor limitado em terrenos planos<\/strong><\/h2>\n\n\n\n<p>Em ambientes urbanos planos, a pot\u00eancia de subida das transmiss\u00f5es interm\u00e9dias \u00e9 muitas vezes desnecess\u00e1ria:<\/p>\n\n\n\n<ul class=\"wp-block-list\">\n<li>Um motor de cubo pode proporcionar um desempenho di\u00e1rio igual ou melhor nestas condi\u00e7\u00f5es.<\/li>\n\n\n\n<li>O <strong>custo acrescido, desgaste do sistema de transmiss\u00e3o e complexidade<\/strong> nem sempre s\u00e3o compensadas por vantagens significativas no mundo real.<\/li>\n<\/ul>\n\n\n\n<figure class=\"wp-block-image size-full\"><img decoding=\"async\" width=\"900\" height=\"599\" src=\"https:\/\/regencargobikes.com\/wp-content\/uploads\/2025\/03\/pexels-jean-fourche-1046629814-31628826.jpg\" alt=\"um homem e duas crian\u00e7as em uma bicicleta de carga rosa\" class=\"wp-image-834\" srcset=\"https:\/\/regencargobikes.com\/wp-content\/uploads\/2025\/03\/pexels-jean-fourche-1046629814-31628826.jpg 900w, https:\/\/regencargobikes.com\/wp-content\/uploads\/2025\/03\/pexels-jean-fourche-1046629814-31628826-300x200.jpg 300w, https:\/\/regencargobikes.com\/wp-content\/uploads\/2025\/03\/pexels-jean-fourche-1046629814-31628826-768x511.jpg 768w\" sizes=\"(max-width: 900px) 100vw, 900px\" \/><\/figure>\n\n\n\n<hr class=\"wp-block-separator has-alpha-channel-opacity\"\/>\n\n\n\n<h2 class=\"wp-block-heading\"><strong>Compara\u00e7\u00e3o<\/strong><\/h2>\n\n\n\n<figure class=\"wp-block-table\"><table class=\"has-fixed-layout\"><thead><tr><th><strong>Fator<\/strong><\/th><th><strong>Desvantagem do motor de transmiss\u00e3o interm\u00e9dia<\/strong><\/th><th><strong>Vantagem do motor de cubo<\/strong><\/th><\/tr><\/thead><tbody><tr><td>Custo<\/td><td>Caro (poucos modelos abaixo de $2.000)<\/td><td>Acess\u00edvel, amplamente dispon\u00edvel<\/td><\/tr><tr><td>Impacto do sistema de tra\u00e7\u00e3o<\/td><td>Desgaste acelerado da corrente e das rodas dentadas<\/td><td>M\u00ednimo esfor\u00e7o do sistema de tra\u00e7\u00e3o<\/td><\/tr><tr><td>Manuten\u00e7\u00e3o<\/td><td>Complexo, bloqueado por marcas, dispendioso<\/td><td>Simples, troca de rodas com frequ\u00eancia suficiente<\/td><\/tr><tr><td>Efici\u00eancia<\/td><td>&gt;80%, mas depende do sistema de embraiagem\/desengate<\/td><td>70-80%, mas com um design mais simples<\/td><\/tr><tr><td>Ru\u00eddo<\/td><td>Zumbido de engrenagem em carga<\/td><td>Mais silencioso (especialmente o cubo de transmiss\u00e3o direta)<\/td><\/tr><tr><td>Compatibilidade<\/td><td>Estrutura espec\u00edfica, sem adapta\u00e7\u00e3o<\/td><td>Adapta-se a quase todas as rodas\/quadros<\/td><\/tr><tr><td>Mudan\u00e7a de velocidades<\/td><td>Requer habilidade do cavaleiro ou sensores<\/td><td>Independente da desloca\u00e7\u00e3o<\/td><\/tr><tr><td>Ecossistema<\/td><td>Propriedade (Bosch, Shimano, etc.)<\/td><td>Ecossistema de componentes modular e aberto<\/td><\/tr><tr><td>Adequa\u00e7\u00e3o ao caso de utiliza\u00e7\u00e3o<\/td><td>Excelente em ambientes montanhosos e de bin\u00e1rio elevado<\/td><td>Ideal para ambientes urbanos planos e desloca\u00e7\u00f5es pendulares<\/td><\/tr><\/tbody><\/table><\/figure>\n\n\n\n<hr class=\"wp-block-separator has-alpha-channel-opacity\"\/>\n\n\n\n<h2 class=\"wp-block-heading\"><strong>Considera\u00e7\u00f5es finais<\/strong><\/h2>\n\n\n\n<p>De acordo com a nossa experi\u00eancia no Regen, os motores de tra\u00e7\u00e3o interm\u00e9dia s\u00e3o uma <strong>solu\u00e7\u00e3o do engenheiro<\/strong> para colinas, exig\u00eancias de bin\u00e1rio e sensa\u00e7\u00e3o de condu\u00e7\u00e3o natural. No entanto, as contrapartidas-<strong>custo, desgaste da unidade de tra\u00e7\u00e3o, complexidade, bloqueio do ecossistema e requisitos de manuten\u00e7\u00e3o mais elevados<\/strong>-nunca deve ser subestimado.<\/p>\n\n\n\n<p>O artigo que partilhou tamb\u00e9m destaca, corretamente, pormenores como <strong>diferen\u00e7as de efici\u00eancia de convers\u00e3o<\/strong> e <strong>resist\u00eancia ao rolamento quando n\u00e3o alimentado<\/strong>que explicam porque \u00e9 que as unidades interm\u00e9dias s\u00e3o mais suaves quando a bateria fica descarregada. No entanto, esses mesmos pormenores tamb\u00e9m contribuem para a <strong>complexidade mec\u00e2nica<\/strong> e a carga de servi\u00e7o a longo prazo.<\/p>\n\n\n\n<p>Para os gestores de compras e parceiros OEM\/ODM, a decis\u00e3o deve ser sempre equilibrada:<\/p>\n\n\n\n<ul class=\"wp-block-list\">\n<li><strong>Experi\u00eancia do cavaleiro<\/strong> (suavidade, capacidade de subida)<\/li>\n\n\n\n<li><strong>Economia da frota<\/strong> (ciclos de manuten\u00e7\u00e3o, custos de pe\u00e7as sobresselentes)<\/li>\n\n\n\n<li><strong>Ambiente de aplica\u00e7\u00e3o<\/strong> (montanhoso vs plano, carga pesada vs ligeiro)<\/li>\n<\/ul>\n\n\n\n<p>Na Regen, apoiamos ambos <strong>configura\u00e7\u00f5es de motor central e de motor de cubo<\/strong>A solu\u00e7\u00e3o \u00e9 adaptada ao processo e \u00e0 regi\u00e3o do cliente.<\/p>","protected":false},"excerpt":{"rendered":"<p>At Regen, when we talk with partners about motor choice for cargo bikes or e-bikes, the conversation often comes down to mid-drive vs hub drive. Mid-drives are praised for their torque, efficiency, and natural pedalling feel. But just like every engineering solution, they also come with trade-offs. Let\u2019s explore the drawbacks in depth \u2014 combining [&hellip;]<\/p>\n","protected":false},"author":2,"featured_media":1192,"comment_status":"closed","ping_status":"closed","sticky":false,"template":"","format":"standard","meta":{"footnotes":""},"categories":[2],"tags":[],"class_list":["post-1814","post","type-post","status-publish","format-standard","has-post-thumbnail","hentry","category-knowledge"],"_links":{"self":[{"href":"https:\/\/regencargobikes.com\/pt\/wp-json\/wp\/v2\/posts\/1814","targetHints":{"allow":["GET"]}}],"collection":[{"href":"https:\/\/regencargobikes.com\/pt\/wp-json\/wp\/v2\/posts"}],"about":[{"href":"https:\/\/regencargobikes.com\/pt\/wp-json\/wp\/v2\/types\/post"}],"author":[{"embeddable":true,"href":"https:\/\/regencargobikes.com\/pt\/wp-json\/wp\/v2\/users\/2"}],"replies":[{"embeddable":true,"href":"https:\/\/regencargobikes.com\/pt\/wp-json\/wp\/v2\/comments?post=1814"}],"version-history":[{"count":1,"href":"https:\/\/regencargobikes.com\/pt\/wp-json\/wp\/v2\/posts\/1814\/revisions"}],"predecessor-version":[{"id":1815,"href":"https:\/\/regencargobikes.com\/pt\/wp-json\/wp\/v2\/posts\/1814\/revisions\/1815"}],"wp:featuredmedia":[{"embeddable":true,"href":"https:\/\/regencargobikes.com\/pt\/wp-json\/wp\/v2\/media\/1192"}],"wp:attachment":[{"href":"https:\/\/regencargobikes.com\/pt\/wp-json\/wp\/v2\/media?parent=1814"}],"wp:term":[{"taxonomy":"category","embeddable":true,"href":"https:\/\/regencargobikes.com\/pt\/wp-json\/wp\/v2\/categories?post=1814"},{"taxonomy":"post_tag","embeddable":true,"href":"https:\/\/regencargobikes.com\/pt\/wp-json\/wp\/v2\/tags?post=1814"}],"curies":[{"name":"wp","href":"https:\/\/api.w.org\/{rel}","templated":true}]}}