{"id":1912,"date":"2026-05-29T00:37:43","date_gmt":"2026-05-28T16:37:43","guid":{"rendered":"https:\/\/regencargobikes.com\/?p=1912"},"modified":"2026-05-29T00:37:45","modified_gmt":"2026-05-28T16:37:45","slug":"single-speed-vs-multi-speed-gearing-on-e-cargo-bikes","status":"publish","type":"post","link":"https:\/\/regencargobikes.com\/pt\/single-speed-vs-multi-speed-gearing-on-e-cargo-bikes\/","title":{"rendered":"Transmiss\u00e3o de Velocidade \u00danica vs. Multi-Velocidade em Bicicletas de Carga El\u00e9tricas: Pr\u00f3s, Contras e Casos de Uso"},"content":{"rendered":"<p>Carregar compras \u00e9 uma coisa. Carregar duas crian\u00e7as, uma caixa de entregas ou um dia inteiro de carga comercial \u00e9 algo completamente diferente. Em uma e-cargo bike, a rela\u00e7\u00e3o de marchas n\u00e3o \u00e9 apenas sobre conforto ao pedalar. Ela afeta partidas em subidas, efici\u00eancia da bateria, comportamento do motor, desgaste da transmiss\u00e3o e o qu\u00e3o confiante a bike se sente quando carregada.<\/p>\n<p>Na Regen, perguntas sobre marchas geralmente surgem logo ap\u00f3s perguntas sobre motores. Isso faz sentido. Quando um comprador entende a diferen\u00e7a entre um motor central e um motor no cubo, a pr\u00f3xima pergunta pr\u00e1tica \u00e9: quantas marchas eu realmente preciso?<\/p>\n<p>A resposta curta \u00e9 esta:<\/p><div id=\"regen-1654922232\" class=\"regen-test-placement-from-wizard-2878267818 regen-entity-placement\"><script async src=\"https:\/\/pagead2.googlesyndication.com\/pagead\/js\/adsbygoogle.js?client=ca-pub-1076230867169041\"\n     crossorigin=\"anonymous\"><\/script><\/div><div id=\"regen-4186627048\" class=\"regen-test-placement-from-wizard-1604397851 regen-entity-placement\"><script async src=\"https:\/\/pagead2.googlesyndication.com\/pagead\/js\/adsbygoogle.js?client=ca-pub-1076230867169041\"\n     crossorigin=\"anonymous\"><\/script><\/div>\n<ul>\n<li>Uma configura\u00e7\u00e3o verdadeira de marcha \u00fanica pode funcionar para rotas planas e previs\u00edveis, com cargas mais leves e ciclistas que priorizam baixa manuten\u00e7\u00e3o em vez de versatilidade.<\/li>\n<li>Uma configura\u00e7\u00e3o de m\u00faltiplas marchas \u00e9 a melhor escolha para a maioria das e-cargo bikes, especialmente quando a bike carrega cargas vari\u00e1veis, opera em terrenos mistos ou usa um motor central.<\/li>\n<\/ul>\n<p>Se voc\u00ea est\u00e1 escolhendo uma bike familiar, planejando uma frota de entregas ou especificando componentes para uma cargo bike de marca pr\u00f3pria, este guia ajudar\u00e1 voc\u00ea a decidir.<\/p>\n<h2>O Que \u201cMarcha \u00danica\u201d Realmente Significa em uma E-Cargo Bike<\/h2>\n<p>Em uma bicicleta padr\u00e3o, marcha \u00fanica significa uma coroa dianteira, um pinh\u00e3o traseiro e uma rela\u00e7\u00e3o de marchas fixa. N\u00e3o h\u00e1 troca de marchas. A transmiss\u00e3o \u00e9 simples, silenciosa e f\u00e1cil de manter.<\/p>\n<p>Em e-cargo bikes, o termo \u00e0s vezes \u00e9 usado de forma mais ampla. Compradores podem dizer \u201cmarcha \u00fanica\u201d quando querem dizer uma de tr\u00eas coisas:<\/p>\n<ol>\n<li>Uma transmiss\u00e3o verdadeira de uma marcha, sem troca alguma.<\/li>\n<li>Uma bike com motor no cubo que parece menos dependente de troca de marchas porque o motor aciona a roda diretamente.<\/li>\n<li>Uma transmiss\u00e3o de manuten\u00e7\u00e3o muito baixa, geralmente envolvendo correia e marchas internas, onde o ciclista raramente pensa em trocar de marcha.<\/li>\n<\/ol>\n<p>Essa distin\u00e7\u00e3o importa. A maioria das e-cargo bikes s\u00e9rias n\u00e3o s\u00e3o verdadeiras de marcha \u00fanica, porque o uso de carga cria uma faixa mais ampla de demandas de torque do que uma bicicleta urbana normal. Partir do zero com 80-150 kg de carga total, subir rampas ou enfrentar vento contr\u00e1rio se beneficia da faixa de marchas.<\/p>\n<p>Isso \u00e9 especialmente verdadeiro para sistemas de motor central, porque um motor central entrega pot\u00eancia atrav\u00e9s da transmiss\u00e3o e funciona melhor quando combinado com a rela\u00e7\u00e3o de marchas certa.<\/p>\n<p>Para um contexto mais aprofundado sobre motores, veja os guias da Regen sobre <a href=\"https:\/\/regencargobikes.com\/pt\/mid-drive-vs-hub-motor-which-is-better\/\">motor central vs. motor no cubo<\/a> e o <a href=\"https:\/\/regencargobikes.com\/pt\/electric-cargo-bike-motor-power-system-faq\/\">FAQ do sistema de pot\u00eancia do motor para cargo e-bike el\u00e9trica<\/a>.<\/p>\n<h2>Por Que as Marchas Importam Mais em Cargo Bikes do Que em E-Bikes Normais<\/h2>\n<p>Uma e-bike de deslocamento urbano geralmente carrega um ciclista e uma mochila. Uma cargo bike pode carregar crian\u00e7as, ferramentas, pacotes, caixas de comida ou equipamento comercial. Essa massa extra muda tudo.<\/p>\n<p>As marchas influenciam:<\/p>\n<ul>\n<li><strong>Torque de partida:<\/strong> A bike consegue sair suavemente nos sem\u00e1foros quando totalmente carregada?<\/li>\n<li><strong>Capacidade de subida:<\/strong> O ciclista e o motor conseguem manter uma cad\u00eancia confort\u00e1vel em rampas ou colinas?<\/li>\n<li><strong>Efici\u00eancia do motor:<\/strong> O motor est\u00e1 trabalhando em uma faixa de RPM eficiente, ou sobrecarregado sob carga?<\/li>\n<li><strong>Autonomia da bateria:<\/strong> Uma escolha ruim de marcha for\u00e7a o motor a trabalhar mais e drena a bateria mais r\u00e1pido.<\/li>\n<li><strong>Vida \u00fatil dos componentes:<\/strong> Correntes, pinh\u00f5es, correias e catracas desgastam mais r\u00e1pido se as cargas de torque forem altas demais para a rela\u00e7\u00e3o escolhida.<\/li>\n<\/ul>\n<p>Cargo bikes tamb\u00e9m enfrentam mais paradas e partidas do que muitas e-bikes padr\u00e3o. Entregadores podem parar dezenas de vezes por hora. Pais podem precisar reiniciar em inclina\u00e7\u00f5es leves fora de escolas ou pr\u00e9dios de apartamentos. Essa acelera\u00e7\u00e3o repetida em baixa velocidade \u00e9 exatamente onde marchas extras ajudam.<\/p>\n<p>As marchas s\u00e3o apenas uma pe\u00e7a do sistema, \u00e9 claro. Carga \u00fatil, tamanho da roda, escolha de pneus e geometria do quadro tamb\u00e9m afetam o desempenho. O artigo da Regen sobre <a href=\"https:\/\/regencargobikes.com\/pt\/10-key-factors-affecting-cargo-bike-load-capacity\/\">capacidade de carga de cargo bikes<\/a> explica como essas vari\u00e1veis interagem.<\/p>\n<h2>As Vantagens de uma Configura\u00e7\u00e3o de Marcha \u00danica<\/h2>\n<p>Transmiss\u00f5es de marcha \u00fanica ainda t\u00eam pontos fortes reais, e \u00e9 por isso que algumas bicicletas utilit\u00e1rias urbanas continuam a us\u00e1-las.<\/p>\n<h3>Simplicidade mec\u00e2nica<\/h3>\n<p>H\u00e1 menos pe\u00e7as m\u00f3veis: sem trocador, sem c\u00e2mbio traseiro, sem cassete e menos ajustes. Isso significa menos pontos de manuten\u00e7\u00e3o e menos coisas para desalinhar.<\/p>\n<h3>Menor manuten\u00e7\u00e3o<\/h3>\n<p>Uma transmiss\u00e3o simples \u00e9 mais f\u00e1cil de limpar e inspecionar. Para frotas de uso compartilhado ou ciclistas que n\u00e3o querem pensar em t\u00e9cnica de troca de marchas, a simplicidade pode ser atraente.<\/p>\n<h3>Experi\u00eancia de uso mais limpa<\/h3>\n<p>Alguns ciclistas casuais preferem a sensa\u00e7\u00e3o de \u201cs\u00f3 pedalar e ir\u201d. Quando combinada com um motor no cubo em rotas majoritariamente planas, uma marcha \u00fanica pode parecer intuitiva porque o motor mascara algumas das limita\u00e7\u00f5es das marchas.<\/p>\n<h3>Custo inicial mais baixo<\/h3>\n<p>Em geral, menos componentes significam menor custo de pe\u00e7as. Para frotas de n\u00edvel b\u00e1sico ou altamente padronizadas, isso pode importar.<\/p>\n<h3>Boa adequa\u00e7\u00e3o para ciclos de uso muito espec\u00edficos<\/h3>\n<p>Se a rota \u00e9 plana, o peso do ciclista \u00e9 consistente, a carga m\u00e9dia \u00e9 moderada e a bike raramente enfrenta partidas \u00edngremes, uma configura\u00e7\u00e3o de marcha \u00fanica pode ser suficiente.<\/p>\n<p>Exemplos t\u00edpicos:<\/p>\n<ul>\n<li>Bikes utilit\u00e1rias em campi ou locais industriais<\/li>\n<li>Rotas de entrega curtas em cidades planas<\/li>\n<li>Uso familiar leve com dist\u00e2ncias modestas<\/li>\n<\/ul>\n<h2>As Limita\u00e7\u00f5es da Marcha \u00danica em E-Cargo Bikes<\/h2>\n<p>\u00c9 aqui que a realidade espec\u00edfica de carga encontra a ideia.<\/p>\n<h3>Partidas mais dif\u00edceis sob carga pesada<\/h3>\n<p>Uma \u00fanica rela\u00e7\u00e3o de marcha deve ser um compromisso. Se for baixa o suficiente para partidas pesadas, a velocidade de cruzeiro parece girar demais e ineficiente. Se for alta o suficiente para um cruzeiro confort\u00e1vel, as partidas tornam-se inc\u00f4modas quando a bicicleta est\u00e1 carregada.<\/p>\n<h3>M\u00e1 adaptabilidade a colinas e terrenos variados<\/h3>\n<p>Bicicletas de carga s\u00e3o frequentemente usadas exatamente nas condi\u00e7\u00f5es onde os ciclistas precisam de alavancagem mec\u00e2nica: pontes, rampas, ruas de paralelep\u00edpedos, gradientes urbanos mistos e ventos contr\u00e1rios. Uma marcha \u00fanica n\u00e3o consegue se adaptar.<\/p>\n<h3>Efici\u00eancia reduzida para sistemas de motor central<\/h3>\n<p>Motores centrais s\u00e3o projetados para se beneficiar das marchas da bicicleta. Remova essa vantagem e voc\u00ea reduz um dos motivos principais para escolher um motor central em primeiro lugar.<\/p>\n<h3>Maior esfor\u00e7o do ciclista<\/h3>\n<p>Se a cad\u00eancia cai regularmente para n\u00edveis muito baixos, o ciclista empurra com mais for\u00e7a em cada partida e subida. Isso aumenta a fadiga e pode ser especialmente punitivo em uma bicicleta carregada.<\/p>\n<h3>Faixa de uso mais estreita<\/h3>\n<p>Bicicletas de carga s\u00e3o compradas pela versatilidade. Uma transmiss\u00e3o que parece boa na segunda-feira com uma bolsa pode parecer frustrante no s\u00e1bado com duas crian\u00e7as e compras.<\/p>\n<h2>As Vantagens das Marchas M\u00faltiplas<\/h2>\n<p>Para a maioria das aplica\u00e7\u00f5es de carga, sistemas de m\u00faltiplas marchas s\u00e3o o padr\u00e3o pr\u00e1tico.<\/p>\n<h3>Melhores partidas em subidas e controle em baixa velocidade<\/h3>\n<p>Uma marcha mais baixa permite que o ciclista mantenha a cad\u00eancia e reduza o esfor\u00e7o durante as partidas, especialmente quando a caixa est\u00e1 cheia ou a rota inclui subidas.<\/p>\n<h3>Melhor desempenho do motor<\/h3>\n<p>Com uma e-bike de motor central, as marchas permitem que o motor permane\u00e7a em uma zona de opera\u00e7\u00e3o mais eficiente. Isso melhora a escalada, reduz o ac\u00famulo de calor e pode ajudar na autonomia.<\/p>\n<h3>Faixa mais ampla de usos<\/h3>\n<p>Uma bicicleta pode ser usada vazia de manh\u00e3, muito carregada ao meio-dia e com uma cadeira infantil \u00e0 noite. Configura\u00e7\u00f5es de m\u00faltiplas marchas lidam melhor com essas demandas vari\u00e1veis.<\/p>\n<h3>Maior conforto no cruzeiro<\/h3>\n<p>Os ciclistas podem pedalar facilmente em baixa velocidade e ainda manter uma cad\u00eancia confort\u00e1vel em velocidades urbanas mais altas.<\/p>\n<h3>Mais adequado para frotas comerciais<\/h3>\n<p>Para trabalho de entrega e log\u00edstica, a consist\u00eancia importa. Transmiss\u00f5es de m\u00faltiplas marchas ajudam diferentes ciclistas a adaptar a bicicleta \u00e0s condi\u00e7\u00f5es da rota, em vez de for\u00e7ar todos a uma \u00fanica rela\u00e7\u00e3o.<\/p>\n<h2>Cubo de Marchas Interno vs. C\u00e2mbio Externo: As Duas Principais Op\u00e7\u00f5es de M\u00faltiplas Marchas<\/h2>\n<p>Depois de ir al\u00e9m da marcha \u00fanica, a pr\u00f3xima escolha geralmente \u00e9 entre um cubo de marchas interno e um c\u00e2mbio externo.<\/p>\n<h3>Cubo de marchas interno<\/h3>\n<p>Cubos de marchas internos colocam o mecanismo de troca dentro do cubo traseiro. Para uso de carga, eles s\u00e3o populares porque o sistema \u00e9 protegido de sujeira, impactos leves e exposi\u00e7\u00e3o ao clima. O NEXUS INTER-5E da Shimano, orientado para e-bikes, e outros sistemas de cubo interno s\u00e3o projetados especificamente para for\u00e7as de pedalada mais altas no uso de e-bikes. A Shimano tamb\u00e9m observa que cubos de marchas internos podem proporcionar uma vida \u00fatil muito longa quando mantidos corretamente.<\/p>\n<p>Pr\u00f3s:<\/p>\n<ul>\n<li>Visual mais limpo<\/li>\n<li>Menor manuten\u00e7\u00e3o no dia a dia<\/li>\n<li>Melhor prote\u00e7\u00e3o contra clima e sujeira<\/li>\n<li>Frequentemente poss\u00edvel trocar de marcha parado, dependendo do sistema<\/li>\n<li>Atraente para bicicletas familiares e frotas urbanas<\/li>\n<\/ul>\n<p>Contras:<\/p>\n<ul>\n<li>Custo mais alto do que sistemas b\u00e1sicos de c\u00e2mbio<\/li>\n<li>Faixa de marchas mais limitada em alguns modelos<\/li>\n<li>Mais pesado do que configura\u00e7\u00f5es simples de c\u00e2mbio<\/li>\n<\/ul>\n<h3>Sistema de c\u00e2mbio externo<\/h3>\n<p>Uma configura\u00e7\u00e3o de c\u00e2mbio usa um cassete externo e movimento da corrente entre diferentes coroas. \u00c9 comum porque \u00e9 eficiente, relativamente leve e oferece uma boa faixa pelo pre\u00e7o.<\/p>\n<p>Pr\u00f3s:<\/p>\n<ul>\n<li>Boa efici\u00eancia<\/li>\n<li>Ampla faixa de marchas<\/li>\n<li>Menor custo de substitui\u00e7\u00e3o<\/li>\n<li>F\u00e1cil para muitas oficinas de bicicletas fazerem manuten\u00e7\u00e3o<\/li>\n<\/ul>\n<p>Contras:<\/p>\n<ul>\n<li>Mais exposto a sujeira, impactos e desalinhamento<\/li>\n<li>N\u00e3o tolera trocas descuidadas sob carga t\u00e3o bem<\/li>\n<li>Precisa de limpeza e ajuste mais frequentes<\/li>\n<\/ul>\n<p>Se voc\u00ea quer um guia pr\u00e1tico sobre o comportamento do ciclista, o artigo da Regen sobre <a href=\"https:\/\/regencargobikes.com\/pt\/best-practices-for-shifting-gears-on-cargo-e-bikes\/\">melhores pr\u00e1ticas para trocar de marchas em e-bikes de carga<\/a> \u00e9 a pr\u00f3xima leitura certa.<\/p>\n<h2>Marcha \u00danica vs. M\u00faltiplas Marchas: Qual se Adapta a Qual Ciclista?<\/h2>\n<p>Aqui est\u00e1 a estrutura pr\u00e1tica de decis\u00e3o.<\/p>\n<h3>Marcha \u00fanica pode ser suficiente se:<\/h3>\n<ul>\n<li>A sua rota \u00e9 consistentemente plana<\/li>\n<li>A carga m\u00e9dia \u00e9 leve a moderada<\/li>\n<li>Voc\u00ea usa um motor no cubo em vez de um motor central<\/li>\n<li>Voc\u00ea prioriza a simplicidade acima da adaptabilidade<\/li>\n<li>Paradas di\u00e1rias m\u00faltiplas n\u00e3o envolvem rampas \u00edngremes ou rein\u00edcios com carga<\/li>\n<\/ul>\n<h3>Multi-velocidades geralmente \u00e9 a melhor escolha se:<\/h3>\n<ul>\n<li>Voc\u00ea transporta crian\u00e7as ou cargas comerciais pesadas<\/li>\n<li>A sua rota inclui colinas, pontes ou terreno misto<\/li>\n<li>Os pesos do ciclista e da carga variam dia a dia<\/li>\n<li>Voc\u00ea usa um motor central<\/li>\n<li>Voc\u00ea se preocupa com a qualidade de condu\u00e7\u00e3o a longo prazo e a confian\u00e7a do ciclista<\/li>\n<\/ul>\n<p>Em decis\u00f5es reais de compra de bicicletas de carga, \u00e9 por isso que muitos modelos s\u00e9rios para fam\u00edlias e empresas usam cubos internos de 5 velocidades, 8 velocidades ou transmiss\u00f5es multi-velocidades baseadas em c\u00e2mbio, em vez de constru\u00e7\u00f5es verdadeiramente de velocidade \u00fanica.<\/p>\n<h2>E quanto \u00e0s correias?<\/h2>\n<p>As correias \u00e0s vezes s\u00e3o mencionadas na mesma conversa porque atraem ciclistas que querem menos sujeira e menos manuten\u00e7\u00e3o rotineira do que uma corrente. Os sistemas Gates Carbon Drive s\u00e3o amplamente usados em bicicletas urbanas e de carga, mas as correias n\u00e3o s\u00e3o automaticamente de velocidade \u00fanica. Elas s\u00e3o frequentemente combinadas com cubos de engrenagem interna.<\/p>\n<p>Essa combina\u00e7\u00e3o pode ser extremamente atraente para bicicletas de carga premium:<\/p>\n<ul>\n<li>Transmiss\u00e3o limpa e silenciosa<\/li>\n<li>Menor frequ\u00eancia de manuten\u00e7\u00e3o<\/li>\n<li>Forte durabilidade urbana<\/li>\n<li>Melhor experi\u00eancia de uso di\u00e1rio para fam\u00edlias e frotas<\/li>\n<\/ul>\n<p>A desvantagem \u00e9 o custo. Sistemas de correia geralmente fazem mais sentido quando o comprador valoriza baixa manuten\u00e7\u00e3o, limpeza em todas as condi\u00e7\u00f5es clim\u00e1ticas e uma experi\u00eancia de propriedade de alto padr\u00e3o.<\/p>\n<h2>Vis\u00e3o pr\u00e1tica da Regen: Qual configura\u00e7\u00e3o faz mais sentido?<\/h2>\n<p>Na Regen, geralmente vemos tr\u00eas padr\u00f5es sensatos:<\/p>\n<h3>C\u00e2mbio multi-velocidades para valor e flexibilidade<\/h3>\n<p>Esta \u00e9 frequentemente a escolha pragm\u00e1tica para marcas que querem ampla usabilidade e custo competitivo.<\/p>\n<h3>Cubo de engrenagem interna para uso urbano familiar ou de frota<\/h3>\n<p>Isso funciona bem onde a condu\u00e7\u00e3o de parar e arrancar, o uso em todas as condi\u00e7\u00f5es clim\u00e1ticas e a menor manuten\u00e7\u00e3o di\u00e1ria s\u00e3o prioridades altas.<\/p>\n<h3>Velocidade \u00fanica verdadeira apenas para aplica\u00e7\u00f5es estreitas, planas e simplificadas<\/h3>\n<p>Uma bicicleta de carga el\u00e9trica de velocidade \u00fanica real pode funcionar, mas geralmente \u00e9 uma resposta especializada, n\u00e3o a resposta universal.<\/p>\n<p>Isso importa ainda mais em bicicletas de carga dianteiras, onde a carga total e a estabilidade na partida s\u00e3o centrais para a experi\u00eancia de condu\u00e7\u00e3o. Se a bicicleta de carga est\u00e1 sendo projetada para amplo apelo de mercado, a transmiss\u00e3o multi-velocidades \u00e9 quase sempre a especifica\u00e7\u00e3o mais segura.<\/p>\n<h2>Tabela de compara\u00e7\u00e3o r\u00e1pida<\/h2>\n<table>\n<thead>\n<tr>\n<th>Fator<\/th>\n<th>Velocidade \u00fanica<\/th>\n<th>Multi-velocidades<\/th>\n<\/tr>\n<\/thead>\n<tbody>\n<tr>\n<td>Simplicidade<\/td>\n<td>Excelente<\/td>\n<td>Moderado<\/td>\n<\/tr>\n<tr>\n<td>Manuten\u00e7\u00e3o<\/td>\n<td>Baixo<\/td>\n<td>Moderado<\/td>\n<\/tr>\n<tr>\n<td>Subida de ladeiras<\/td>\n<td>Fraca<\/td>\n<td>Forte<\/td>\n<\/tr>\n<tr>\n<td>Partidas com carga pesada<\/td>\n<td>Fraca a razo\u00e1vel<\/td>\n<td>Forte<\/td>\n<\/tr>\n<tr>\n<td>Adaptabilidade<\/td>\n<td>Baixo<\/td>\n<td>Alto<\/td>\n<\/tr>\n<tr>\n<td>Compatibilidade com motor central<\/td>\n<td>Limitado<\/td>\n<td>Excelente<\/td>\n<\/tr>\n<tr>\n<td>Custo<\/td>\n<td>Mais baixo<\/td>\n<td>Mais alto<\/td>\n<\/tr>\n<tr>\n<td>Melhor caso de uso<\/td>\n<td>Rotas planas, previs\u00edveis e de servi\u00e7o leve<\/td>\n<td>Fam\u00edlia, entregas, terreno misto, cargas pesadas ou vari\u00e1veis<\/td>\n<\/tr>\n<\/tbody>\n<\/table>\n<figure class=\"wp-block-image size-full\"><img decoding=\"async\" src=\"https:\/\/regencargobikes.com\/wp-content\/uploads\/2026\/05\/inline-gearing-decision-chart.png\" alt=\"Gr\u00e1fico de decis\u00e3o comparando simplicidade, manuten\u00e7\u00e3o, capacidade de subida e casos de uso para sistemas de transmiss\u00e3o de bicicletas de carga\" \/><\/figure>\n<h2>Veredicto final<\/h2>\n<p>Se a sua bicicleta de carga el\u00e9trica vai circular em ruas planas, transportar cargas previs\u00edveis e priorizar a simplicidade acima de tudo, uma configura\u00e7\u00e3o de velocidade \u00fanica pode ser aceit\u00e1vel.<\/p>\n<p>Mas para a maioria das bicicletas de carga el\u00e9tricas reais, a transmiss\u00e3o multi-velocidades \u00e9 o melhor investimento. Ela d\u00e1 aos ciclistas melhores partidas, melhor subida, melhor controle de cad\u00eancia e melhor compatibilidade com as demandas de torque da condu\u00e7\u00e3o de carga. Quando combinada com um motor central, geralmente \u00e9 a solu\u00e7\u00e3o mais l\u00f3gica e \u00e0 prova de futuro.<\/p>\n<p>Em outras palavras: quanto mais pesado o trabalho e mais variada a rota, mais forte \u00e9 o caso para m\u00faltiplas marchas.<\/p>\n<p>Se voc\u00ea est\u00e1 desenvolvendo uma bicicleta de carga para a sua pr\u00f3pria marca e precisa de ajuda para escolher a transmiss\u00e3o, o motor e a configura\u00e7\u00e3o de carga certos, a Regen pode ajud\u00e1-lo a construir uma configura\u00e7\u00e3o em torno do caso de uso real, em vez de uma ficha t\u00e9cnica gen\u00e9rica.<\/p>\n<h2>CTA<\/h2>\n<p>Procurando uma plataforma de bicicleta de carga com op\u00e7\u00f5es configur\u00e1veis de transmiss\u00e3o, motor e caixa de carga? Explore a abordagem OEM\/ODM da Regen em:<\/p>\n<ul>\n<li><a href=\"https:\/\/regencargobikes.com\/pt\/\">https:\/\/regencargobikes.com\/<\/a><\/li>\n<li><a href=\"https:\/\/regencargobikes.com\/pt\/cargo-bike-functional-configuration-system-customization\/\">https:\/\/regencargobikes.com\/cargo-bike-functional-configuration-system-customization\/<\/a><\/li>\n<\/ul>","protected":false},"excerpt":{"rendered":"<p>Transmiss\u00f5es de velocidade \u00fanica parecem simples e limpas, mas as e-bikes de carga exigem muito mais de uma bicicleta do que um commuter normal. Aqui est\u00e1 como as marchas de velocidade \u00fanica e de m\u00faltiplas velocidades se comparam no uso real de carga, e qual configura\u00e7\u00e3o faz sentido para fam\u00edlias, frotas de entrega e compradores OEM\/ODM.<\/p>","protected":false},"author":2,"featured_media":1910,"comment_status":"closed","ping_status":"closed","sticky":false,"template":"","format":"standard","meta":{"footnotes":""},"categories":[2,30],"tags":[],"class_list":["post-1912","post","type-post","status-publish","format-standard","has-post-thumbnail","hentry","category-knowledge","category-blog"],"_links":{"self":[{"href":"https:\/\/regencargobikes.com\/pt\/wp-json\/wp\/v2\/posts\/1912","targetHints":{"allow":["GET"]}}],"collection":[{"href":"https:\/\/regencargobikes.com\/pt\/wp-json\/wp\/v2\/posts"}],"about":[{"href":"https:\/\/regencargobikes.com\/pt\/wp-json\/wp\/v2\/types\/post"}],"author":[{"embeddable":true,"href":"https:\/\/regencargobikes.com\/pt\/wp-json\/wp\/v2\/users\/2"}],"replies":[{"embeddable":true,"href":"https:\/\/regencargobikes.com\/pt\/wp-json\/wp\/v2\/comments?post=1912"}],"version-history":[{"count":2,"href":"https:\/\/regencargobikes.com\/pt\/wp-json\/wp\/v2\/posts\/1912\/revisions"}],"predecessor-version":[{"id":1921,"href":"https:\/\/regencargobikes.com\/pt\/wp-json\/wp\/v2\/posts\/1912\/revisions\/1921"}],"wp:featuredmedia":[{"embeddable":true,"href":"https:\/\/regencargobikes.com\/pt\/wp-json\/wp\/v2\/media\/1910"}],"wp:attachment":[{"href":"https:\/\/regencargobikes.com\/pt\/wp-json\/wp\/v2\/media?parent=1912"}],"wp:term":[{"taxonomy":"category","embeddable":true,"href":"https:\/\/regencargobikes.com\/pt\/wp-json\/wp\/v2\/categories?post=1912"},{"taxonomy":"post_tag","embeddable":true,"href":"https:\/\/regencargobikes.com\/pt\/wp-json\/wp\/v2\/tags?post=1912"}],"curies":[{"name":"wp","href":"https:\/\/api.w.org\/{rel}","templated":true}]}}