{"id":1950,"date":"2026-06-05T05:34:42","date_gmt":"2026-06-04T21:34:42","guid":{"rendered":"https:\/\/regencargobikes.com\/specialized-turbo-levo-price-cut-2026\/"},"modified":"2026-06-05T05:34:42","modified_gmt":"2026-06-04T21:34:42","slug":"specialized-turbo-levo-price-cut-2026","status":"publish","type":"post","link":"https:\/\/regencargobikes.com\/pt\/specialized-turbo-levo-price-cut-2026\/","title":{"rendered":"Specialized reduz permanentemente os pre\u00e7os da Turbo Levo E-MTB na Am\u00e9rica do Norte"},"content":{"rendered":"<p>A Specialized fez um grande movimento de pre\u00e7os no mercado norte-americano de mountain bikes el\u00e9tricas. No in\u00edcio de maio de 2026, a empresa informou aos revendedores nos Estados Unidos e no Canad\u00e1 que reduziria permanentemente os pre\u00e7os de varejo em grande parte da linha Turbo Levo.<\/p>\n<figure class=\"wp-block-image size-full\"><img decoding=\"async\" src=\"https:\/\/regencargobikes.com\/wp-content\/uploads\/2026\/06\/specialized-levo-brain.jpg\" alt=\"Imagem do produto da mountain bike el\u00e9trica Specialized Turbo Levo usada na cobertura da Bicycle Retailer\"\/><figcaption>Fonte da imagem: Bicycle Retailer and Industry News, usando imagens de produtos da Specialized.<\/figcaption><\/figure>\n<p>O n\u00famero principal \u00e9 grande: alguns modelos agora est\u00e3o at\u00e9 27 por cento mais baratos do que antes. Para ciclistas que vinham observando eMTBs de alta qualidade \u00e0 dist\u00e2ncia, isso n\u00e3o \u00e9 uma liquida\u00e7\u00e3o sazonal. \u00c9 uma nova estrutura de pre\u00e7os.<\/p>\n<p>O significado pr\u00e1tico \u00e9 simples. Mountain bikes el\u00e9tricas premium est\u00e3o entrando em uma fase mais sens\u00edvel a pre\u00e7os, e at\u00e9 marcas estabelecidas est\u00e3o se ajustando a um mercado onde os compradores t\u00eam mais alternativas e expectativas mais fortes em rela\u00e7\u00e3o ao valor.<\/p><div id=\"regen-1690182623\" class=\"regen-test-placement-from-wizard-2878267818 regen-entity-placement\"><script async src=\"https:\/\/pagead2.googlesyndication.com\/pagead\/js\/adsbygoogle.js?client=ca-pub-1076230867169041\"\n     crossorigin=\"anonymous\"><\/script><\/div><div id=\"regen-2831753365\" class=\"regen-test-placement-from-wizard-1604397851 regen-entity-placement\"><script async src=\"https:\/\/pagead2.googlesyndication.com\/pagead\/js\/adsbygoogle.js?client=ca-pub-1076230867169041\"\n     crossorigin=\"anonymous\"><\/script><\/div>\n<h2>O Que Mudou<\/h2>\n<p>De acordo com a Bicycle Retailer and Industry News, a Specialized reduziu os pre\u00e7os de varejo sugeridos nos modelos Turbo Levo na Am\u00e9rica do Norte em 6 a 27 por cento, com os pre\u00e7os de atacado tamb\u00e9m reduzidos.<\/p>\n<p>A maior redu\u00e7\u00e3o, segundo relatos, se aplica ao Levo R S-Works. Seu pre\u00e7o de varejo sugerido caiu de USD 15.650 para USD 11.500, uma redu\u00e7\u00e3o de USD 4.150.<\/p>\n<p>Nem todos os modelos mudaram. Relatos dizem que o Levo 4 LTD e o Levo 4 Comp Carbon n\u00e3o foram inclu\u00eddos no mesmo ajuste de pre\u00e7o.<\/p>\n<p>A mudan\u00e7a se aplica aos Estados Unidos e ao Canad\u00e1. Os pre\u00e7os europeus n\u00e3o foram afetados por esta atualiza\u00e7\u00e3o norte-americana.<\/p>\n<h2>Por Que a Specialized Est\u00e1 Cortando Pre\u00e7os<\/h2>\n<p>A Specialized enquadrou a decis\u00e3o como um ajuste estrutural de pre\u00e7os, em vez de uma promo\u00e7\u00e3o de curto prazo.<\/p>\n<p>A empresa citou melhorias na cadeia de suprimentos e nos custos de produ\u00e7\u00e3o na plataforma Levo, ao mesmo tempo em que reconheceu que o mercado se tornou mais competitivo.<\/p>\n<p>Esse segundo ponto \u00e9 importante. A categoria de eMTB premium tem estado sob press\u00e3o de marcas mais novas que oferecem especifica\u00e7\u00f5es fortes a pre\u00e7os mais baixos. Os compradores agora comparam suspens\u00e3o, pot\u00eancia do motor, capacidade da bateria, software e suporte de servi\u00e7o de forma mais agressiva do que h\u00e1 alguns anos.<\/p>\n<p>Para uma marca tradicional, um corte de pre\u00e7o pode servir a dois prop\u00f3sitos ao mesmo tempo:<\/p>\n<ul>\n<li>reduzir a barreira de entrada para ciclistas que consideram um eMTB de alto desempenho<\/li>\n<li>manter o estoque dos revendedores em movimento sem fazer o produto parecer um item de liquida\u00e7\u00e3o tempor\u00e1ria<\/li>\n<li>defender a posi\u00e7\u00e3o de mercado contra novos concorrentes agressivos<\/li>\n<li>redefinir as expectativas dos compradores antes do pr\u00f3ximo ciclo de produto<\/li>\n<\/ul>\n<h2>Compradores Existentes e Revendedores Recebem Suporte<\/h2>\n<p>A Specialized tamb\u00e9m criou programas de suporte para compradores e revendedores afetados pelo momento da mudan\u00e7a.<\/p>\n<p>Revendedores que compraram estoque afetado entre 1\u00ba de fevereiro e 7 de maio de 2026 podem participar de um programa de cr\u00e9dito de estoque. Consumidores que compraram um Turbo Levo entre 1\u00ba de janeiro e 7 de maio de 2026 tamb\u00e9m podem ser eleg\u00edveis para cr\u00e9dito em novos produtos da Specialized.<\/p>\n<p>Isso \u00e9 importante porque cortes permanentes de pre\u00e7o podem frustrar compradores iniciais e deixar revendedores com estoque comprado a pre\u00e7os antigos. Programas de compensa\u00e7\u00e3o s\u00e3o uma forma de reduzir esse atrito.<\/p>\n<h2>O Que Isso Significa para o Mercado de E-MTB<\/h2>\n<p>O Turbo Levo tem sido h\u00e1 muito tempo uma das plataformas de eMTB premium mais conhecidas. Quando uma marca nesse n\u00edvel reduz pre\u00e7os permanentemente, isso envia um sinal mais amplo ao mercado.<\/p>\n<p>A mensagem prov\u00e1vel \u00e9 que eMTBs premium n\u00e3o podem mais depender apenas da for\u00e7a da marca e de listas de especifica\u00e7\u00f5es altas. Os compradores querem o pacote completo: desempenho, confiabilidade, suporte do revendedor e um pre\u00e7o que pare\u00e7a defens\u00e1vel contra concorrentes mais novos.<\/p>\n<p>Para os ciclistas, o resultado \u00e9 positivo no curto prazo. Um pre\u00e7o mais baixo torna o desempenho de trilha de alta qualidade mais acess\u00edvel. Para os revendedores, a mudan\u00e7a pode ajudar a converter compradores que antes gostavam do Levo, mas n\u00e3o conseguiam justificar o pre\u00e7o antigo.<\/p>\n<p>Para a ind\u00fastria, \u00e9 outro sinal de que o boom das bicicletas el\u00e9tricas est\u00e1 se tornando mais disciplinado. As marcas est\u00e3o sendo pressionadas a alinhar a ambi\u00e7\u00e3o do produto com pre\u00e7os realistas, melhor controle de estoque e valor mais claro.<\/p>\n<h2>Fontes<\/h2>\n<ul>\n<li>Bicycle Retailer and Industry News: <a href=\"https:\/\/www.bicycleretailer.com\/industry-news\/2026\/05\/07\/specialized-unveils-drastic-price-reduction-plan-retailers-turbo-levo\" target=\"_blank\" rel=\"noopener\">Specialized revela plano dr\u00e1stico de redu\u00e7\u00e3o de pre\u00e7os para revendedores do Turbo Levo<\/a><\/li>\n<li>Singletracks: <a href=\"https:\/\/www.singletracks.com\/mtb-gear\/specialized-drops-us-prices-on-turbo-levo-emtbs-in-permanent-shift\/\" target=\"_blank\" rel=\"noopener\">Specialized reduz pre\u00e7os nos EUA dos eMTBs Turbo Levo em mudan\u00e7a permanente<\/a><\/li>\n<\/ul>","protected":false},"excerpt":{"rendered":"<p>A Specialized reduziu permanentemente os pre\u00e7os na Am\u00e9rica do Norte em grande parte de sua linha de mountain bikes el\u00e9tricas Turbo Levo, com alguns modelos reduzidos em at\u00e9 27 por cento. A medida reflete custos de plataforma mais baixos, crescente press\u00e3o de pre\u00e7os na categoria eMTB e um mercado mais competitivo para mountain bikes el\u00e9tricas premium.<\/p>","protected":false},"author":2,"featured_media":1948,"comment_status":"","ping_status":"","sticky":false,"template":"","format":"standard","meta":{"footnotes":""},"categories":[33],"tags":[],"class_list":["post-1950","post","type-post","status-publish","format-standard","has-post-thumbnail","hentry","category-ebike-news"],"_links":{"self":[{"href":"https:\/\/regencargobikes.com\/pt\/wp-json\/wp\/v2\/posts\/1950","targetHints":{"allow":["GET"]}}],"collection":[{"href":"https:\/\/regencargobikes.com\/pt\/wp-json\/wp\/v2\/posts"}],"about":[{"href":"https:\/\/regencargobikes.com\/pt\/wp-json\/wp\/v2\/types\/post"}],"author":[{"embeddable":true,"href":"https:\/\/regencargobikes.com\/pt\/wp-json\/wp\/v2\/users\/2"}],"replies":[{"embeddable":true,"href":"https:\/\/regencargobikes.com\/pt\/wp-json\/wp\/v2\/comments?post=1950"}],"version-history":[{"count":0,"href":"https:\/\/regencargobikes.com\/pt\/wp-json\/wp\/v2\/posts\/1950\/revisions"}],"wp:featuredmedia":[{"embeddable":true,"href":"https:\/\/regencargobikes.com\/pt\/wp-json\/wp\/v2\/media\/1948"}],"wp:attachment":[{"href":"https:\/\/regencargobikes.com\/pt\/wp-json\/wp\/v2\/media?parent=1950"}],"wp:term":[{"taxonomy":"category","embeddable":true,"href":"https:\/\/regencargobikes.com\/pt\/wp-json\/wp\/v2\/categories?post=1950"},{"taxonomy":"post_tag","embeddable":true,"href":"https:\/\/regencargobikes.com\/pt\/wp-json\/wp\/v2\/tags?post=1950"}],"curies":[{"name":"wp","href":"https:\/\/api.w.org\/{rel}","templated":true}]}}